{"id":45725,"date":"2024-06-13T01:25:48","date_gmt":"2024-06-13T01:25:48","guid":{"rendered":"https:\/\/kibrisdakik.com\/index.php\/2024\/06\/13\/maliye-bakani-berova-ile-tc-ticaret-bakani-bolat-protokol-imzaladi\/"},"modified":"2024-06-13T01:25:48","modified_gmt":"2024-06-13T01:25:48","slug":"maliye-bakani-berova-ile-tc-ticaret-bakani-bolat-protokol-imzaladi","status":"publish","type":"post","link":"https:\/\/kibrisdakik.com\/?p=45725","title":{"rendered":"Maliye Bakan\u0131 Berova ile TC Ticaret Bakan\u0131 Bolat protokol imzalad\u0131"},"content":{"rendered":"<p><img decoding=\"async\" src=\"https:\/\/www.kibristurk.com\/images\/haberler\/2024\/06\/maliye-bakani-berova-ile-tc-ticaret-bakani-bolat-protokol-imzaladi-1718201389.webp\" \/><\/p>\n<p style=\"text-align:left\"><span style=\"font-size:16px\"><span style=\"color:#000000\"><span style=\"font-family:Merriweather,serif !important\">Maliye Bakanl\u0131\u011f\u0131\u2019ndan yap\u0131lan yaz\u0131l\u0131 a\u00e7\u0131klamaya g\u00f6re, anla\u015fmaya, Maliye Bakan\u0131 \u00d6zdemir Berova ile T\u00fcrkiye Cumhuriyeti Ticaret Bakan\u0131 \u00d6mer Bolat imza koydu.<\/span><\/span><\/span><\/p>\n<p style=\"text-align:left\"><span style=\"font-size:16px\"><span style=\"color:#000000\"><span style=\"font-family:Merriweather,serif !important\">&nbsp;<\/span><\/span><\/span><\/p>\n<p style=\"text-align:left\"><span style=\"font-size:16px\"><span style=\"color:#000000\"><span style=\"font-family:Merriweather,serif !important\">Anla\u015fmayla, Kuzey K\u0131br\u0131s T\u00fcrk Cumhuriyeti Maliye Bakanl\u0131\u011f\u0131 ile T\u00fcrkiye Cumhuriyeti Ticaret Bakanl\u0131\u011f\u0131 aras\u0131nda, ka\u00e7ak\u00e7\u0131l\u0131kla m\u00fccadele alan\u0131nda i\u015fbirli\u011fi ve tecr\u00fcbe payla\u015f\u0131m\u0131n\u0131n ger\u00e7ekle\u015ftirilmesi, ticaretin g\u00fcvenli\u011finin sa\u011flanmas\u0131 ve tecr\u00fcbe payla\u015f\u0131m\u0131n\u0131n ger\u00e7ekle\u015ftirilmesi amac\u0131yla ikili i\u015f birli\u011fi kapsam\u0131nda T\u00fcrkiye Cumhuriyeti Ticaret Bakanl\u0131\u011f\u0131 taraf\u0131ndan 2 adet mobil X-Ray tarama sistemi hibe edildi. &nbsp;<\/span><\/span><\/span><\/p>\n<p style=\"text-align:left\"><span style=\"font-size:16px\"><span style=\"color:#000000\"><span style=\"font-family:Merriweather,serif !important\">&nbsp;<\/span><\/span><\/span><\/p>\n<p style=\"text-align:left\"><span style=\"font-size:16px\"><span style=\"color:#000000\"><span style=\"font-family:Merriweather,serif !important\">Bug\u00fcn ayr\u0131ca, Maliye Bakan\u0131 \u00d6zdemir Berova ile T\u00fcrkiye Cumhuriyeti Ticaret Bakan\u0131 \u00d6mer Bolat, 15 Haziran 2023 tarihinde y\u00fcr\u00fcrl\u00fc\u011fe giren \u201c2023 Y\u0131l\u0131 T\u00fcrkiye Cumhuriyeti H\u00fck\u00fcmeti ile Kuzey K\u0131br\u0131s T\u00fcrk Cumhuriyeti H\u00fck\u00fcmeti Aras\u0131nda \u0130ktisadi ve Mali \u0130\u015fbirli\u011fi Anla\u015fmas\u0131\u201d ile 3 May\u0131s tarihinde imzalanan \u201cT\u00fcrkiye Cumhuriyeti H\u00fck\u00fcmeti ile Kuzey K\u0131br\u0131s T\u00fcrk Cumhuriyeti H\u00fck\u00fcmeti Aras\u0131nda KKTC Narenciye Sekt\u00f6r\u00fcnde \u0130leri Meyve \u0130\u015fleme, Donmu\u015f ve So\u011fuk Depolama Kapasitesinin Geli\u015ftirilmesi Projesinin Uygulanmas\u0131 Hakk\u0131nda Mutabakat Zapt\u0131\u201d h\u00fck\u00fcmlerine dayan\u0131larak, T\u00fcrkiye Cumhuriyeti H\u00fck\u00fcmeti ile Kuzey K\u0131br\u0131s T\u00fcrk Cumhuriyeti H\u00fck\u00fcmeti aras\u0131nda so\u011fuk ve donmu\u015f muhafaza odalar\u0131 yap\u0131m\u0131, meyve suyu konsantresi \u00fcretim kapasitesinin art\u0131r\u0131lmas\u0131, g\u00fcne\u015f enerji sistemi kurulumu ve yeni \u00fcr\u00fcn \u00fcretimine d\u00f6n\u00fck meyve ileri i\u015fleme yat\u0131r\u0131mlar\u0131n\u0131n ger\u00e7ekle\u015fmesine ili\u015fkin Protokol de imzalad\u0131.<\/span><\/span><\/span><\/p>\n","protected":false},"excerpt":{"rendered":"<p>Maliye Bakanl\u0131\u011f\u0131\u2019ndan yap\u0131lan yaz\u0131l\u0131 a\u00e7\u0131klamaya g\u00f6re, anla\u015fmaya, Maliye Bakan\u0131 \u00d6zdemir Berova ile T\u00fcrkiye Cumhuriyeti Ticaret Bakan\u0131 \u00d6mer Bolat imza koydu. &nbsp; Anla\u015fmayla, Kuzey K\u0131br\u0131s T\u00fcrk Cumhuriyeti Maliye Bakanl\u0131\u011f\u0131 ile T\u00fcrkiye Cumhuriyeti Ticaret Bakanl\u0131\u011f\u0131 aras\u0131nda, ka\u00e7ak\u00e7\u0131l\u0131kla m\u00fccadele alan\u0131nda i\u015fbirli\u011fi ve tecr\u00fcbe payla\u015f\u0131m\u0131n\u0131n ger\u00e7ekle\u015ftirilmesi, ticaretin g\u00fcvenli\u011finin sa\u011flanmas\u0131 ve tecr\u00fcbe payla\u015f\u0131m\u0131n\u0131n ger\u00e7ekle\u015ftirilmesi amac\u0131yla ikili i\u015f birli\u011fi kapsam\u0131nda T\u00fcrkiye<\/p>\n","protected":false},"author":1,"featured_media":45726,"comment_status":"open","ping_status":"open","sticky":false,"template":"","format":"standard","meta":{"footnotes":""},"categories":[85],"tags":[],"class_list":["post-45725","post","type-post","status-publish","format-standard","has-post-thumbnail","hentry","category-spor"],"yoast_head":"<!-- This site is optimized with the Yoast SEO plugin v27.5 - https:\/\/yoast.com\/product\/yoast-seo-wordpress\/ -->\n<title>Maliye Bakan\u0131 Berova ile TC Ticaret Bakan\u0131 Bolat protokol imzalad\u0131 -<\/title>\n<meta name=\"robots\" content=\"index, follow, max-snippet:-1, max-image-preview:large, max-video-preview:-1\" \/>\n<link rel=\"canonical\" href=\"https:\/\/kibrisdakik.com\/?p=45725\" \/>\n<meta property=\"og:locale\" content=\"tr_TR\" \/>\n<meta property=\"og:type\" content=\"article\" \/>\n<meta property=\"og:title\" content=\"Maliye Bakan\u0131 Berova ile TC Ticaret Bakan\u0131 Bolat protokol imzalad\u0131 -\" \/>\n<meta property=\"og:description\" content=\"Maliye Bakanl\u0131\u011f\u0131\u2019ndan yap\u0131lan yaz\u0131l\u0131 a\u00e7\u0131klamaya g\u00f6re, anla\u015fmaya, Maliye Bakan\u0131 \u00d6zdemir Berova ile T\u00fcrkiye Cumhuriyeti Ticaret Bakan\u0131 \u00d6mer Bolat imza koydu. &nbsp; Anla\u015fmayla, Kuzey K\u0131br\u0131s T\u00fcrk Cumhuriyeti Maliye Bakanl\u0131\u011f\u0131 ile T\u00fcrkiye Cumhuriyeti Ticaret Bakanl\u0131\u011f\u0131 aras\u0131nda, ka\u00e7ak\u00e7\u0131l\u0131kla m\u00fccadele alan\u0131nda i\u015fbirli\u011fi ve tecr\u00fcbe payla\u015f\u0131m\u0131n\u0131n ger\u00e7ekle\u015ftirilmesi, ticaretin g\u00fcvenli\u011finin sa\u011flanmas\u0131 ve tecr\u00fcbe payla\u015f\u0131m\u0131n\u0131n ger\u00e7ekle\u015ftirilmesi amac\u0131yla ikili i\u015f birli\u011fi kapsam\u0131nda T\u00fcrkiye\" \/>\n<meta property=\"og:url\" content=\"https:\/\/kibrisdakik.com\/?p=45725\" \/>\n<meta property=\"article:published_time\" content=\"2024-06-13T01:25:48+00:00\" \/>\n<meta property=\"og:image\" content=\"https:\/\/kibrisdakik.com\/wp-content\/uploads\/2024\/06\/maliye-bakani-berova-ile-tc-ticaret-bakani-bolat-protokol-imzaladi-1718201389.webp.webp\" \/>\n\t<meta property=\"og:image:width\" content=\"710\" \/>\n\t<meta property=\"og:image:height\" content=\"370\" \/>\n\t<meta property=\"og:image:type\" content=\"image\/webp\" \/>\n<meta name=\"author\" content=\"admin\" \/>\n<meta name=\"twitter:card\" content=\"summary_large_image\" \/>\n<meta name=\"twitter:label1\" content=\"Yazan:\" \/>\n\t<meta name=\"twitter:data1\" content=\"admin\" \/>\n\t<meta name=\"twitter:label2\" content=\"Tahmini okuma s\u00fcresi\" \/>\n\t<meta name=\"twitter:data2\" content=\"1 dakika\" \/>\n<script type=\"application\/ld+json\" class=\"yoast-schema-graph\">{\"@context\":\"https:\\\/\\\/schema.org\",\"@graph\":[{\"@type\":\"Article\",\"@id\":\"https:\\\/\\\/kibrisdakik.com\\\/?p=45725#article\",\"isPartOf\":{\"@id\":\"https:\\\/\\\/kibrisdakik.com\\\/?p=45725\"},\"author\":{\"name\":\"admin\",\"@id\":\"https:\\\/\\\/kibrisdakik.com\\\/#\\\/schema\\\/person\\\/9cd9d437bbb44f72b73ba127e06d8e79\"},\"headline\":\"Maliye Bakan\u0131 Berova ile TC Ticaret Bakan\u0131 Bolat protokol imzalad\u0131\",\"datePublished\":\"2024-06-13T01:25:48+00:00\",\"mainEntityOfPage\":{\"@id\":\"https:\\\/\\\/kibrisdakik.com\\\/?p=45725\"},\"wordCount\":285,\"commentCount\":0,\"image\":{\"@id\":\"https:\\\/\\\/kibrisdakik.com\\\/?p=45725#primaryimage\"},\"thumbnailUrl\":\"https:\\\/\\\/kibrisdakik.com\\\/wp-content\\\/uploads\\\/2024\\\/06\\\/maliye-bakani-berova-ile-tc-ticaret-bakani-bolat-protokol-imzaladi-1718201389.webp.webp\",\"articleSection\":[\"Spor\"],\"inLanguage\":\"tr\",\"potentialAction\":[{\"@type\":\"CommentAction\",\"name\":\"Comment\",\"target\":[\"https:\\\/\\\/kibrisdakik.com\\\/?p=45725#respond\"]}]},{\"@type\":\"WebPage\",\"@id\":\"https:\\\/\\\/kibrisdakik.com\\\/?p=45725\",\"url\":\"https:\\\/\\\/kibrisdakik.com\\\/?p=45725\",\"name\":\"Maliye Bakan\u0131 Berova ile TC Ticaret Bakan\u0131 Bolat protokol imzalad\u0131 -\",\"isPartOf\":{\"@id\":\"https:\\\/\\\/kibrisdakik.com\\\/#website\"},\"primaryImageOfPage\":{\"@id\":\"https:\\\/\\\/kibrisdakik.com\\\/?p=45725#primaryimage\"},\"image\":{\"@id\":\"https:\\\/\\\/kibrisdakik.com\\\/?p=45725#primaryimage\"},\"thumbnailUrl\":\"https:\\\/\\\/kibrisdakik.com\\\/wp-content\\\/uploads\\\/2024\\\/06\\\/maliye-bakani-berova-ile-tc-ticaret-bakani-bolat-protokol-imzaladi-1718201389.webp.webp\",\"datePublished\":\"2024-06-13T01:25:48+00:00\",\"author\":{\"@id\":\"https:\\\/\\\/kibrisdakik.com\\\/#\\\/schema\\\/person\\\/9cd9d437bbb44f72b73ba127e06d8e79\"},\"breadcrumb\":{\"@id\":\"https:\\\/\\\/kibrisdakik.com\\\/?p=45725#breadcrumb\"},\"inLanguage\":\"tr\",\"potentialAction\":[{\"@type\":\"ReadAction\",\"target\":[\"https:\\\/\\\/kibrisdakik.com\\\/?p=45725\"]}]},{\"@type\":\"ImageObject\",\"inLanguage\":\"tr\",\"@id\":\"https:\\\/\\\/kibrisdakik.com\\\/?p=45725#primaryimage\",\"url\":\"https:\\\/\\\/kibrisdakik.com\\\/wp-content\\\/uploads\\\/2024\\\/06\\\/maliye-bakani-berova-ile-tc-ticaret-bakani-bolat-protokol-imzaladi-1718201389.webp.webp\",\"contentUrl\":\"https:\\\/\\\/kibrisdakik.com\\\/wp-content\\\/uploads\\\/2024\\\/06\\\/maliye-bakani-berova-ile-tc-ticaret-bakani-bolat-protokol-imzaladi-1718201389.webp.webp\",\"width\":710,\"height\":370},{\"@type\":\"BreadcrumbList\",\"@id\":\"https:\\\/\\\/kibrisdakik.com\\\/?p=45725#breadcrumb\",\"itemListElement\":[{\"@type\":\"ListItem\",\"position\":1,\"name\":\"Home\",\"item\":\"https:\\\/\\\/kibrisdakik.com\\\/\"},{\"@type\":\"ListItem\",\"position\":2,\"name\":\"Maliye Bakan\u0131 Berova ile TC Ticaret Bakan\u0131 Bolat protokol imzalad\u0131\"}]},{\"@type\":\"WebSite\",\"@id\":\"https:\\\/\\\/kibrisdakik.com\\\/#website\",\"url\":\"https:\\\/\\\/kibrisdakik.com\\\/\",\"name\":\"\",\"description\":\"Tam vaktinde haber\",\"potentialAction\":[{\"@type\":\"SearchAction\",\"target\":{\"@type\":\"EntryPoint\",\"urlTemplate\":\"https:\\\/\\\/kibrisdakik.com\\\/?s={search_term_string}\"},\"query-input\":{\"@type\":\"PropertyValueSpecification\",\"valueRequired\":true,\"valueName\":\"search_term_string\"}}],\"inLanguage\":\"tr\"},{\"@type\":\"Person\",\"@id\":\"https:\\\/\\\/kibrisdakik.com\\\/#\\\/schema\\\/person\\\/9cd9d437bbb44f72b73ba127e06d8e79\",\"name\":\"admin\",\"image\":{\"@type\":\"ImageObject\",\"inLanguage\":\"tr\",\"@id\":\"https:\\\/\\\/secure.gravatar.com\\\/avatar\\\/ccc17943b9d660506c869530f897617f7cb1c21a4bf30023f252596d83e1f007?s=96&d=mm&r=g\",\"url\":\"https:\\\/\\\/secure.gravatar.com\\\/avatar\\\/ccc17943b9d660506c869530f897617f7cb1c21a4bf30023f252596d83e1f007?s=96&d=mm&r=g\",\"contentUrl\":\"https:\\\/\\\/secure.gravatar.com\\\/avatar\\\/ccc17943b9d660506c869530f897617f7cb1c21a4bf30023f252596d83e1f007?s=96&d=mm&r=g\",\"caption\":\"admin\"},\"sameAs\":[\"https:\\\/\\\/kibrisdakik.com\"],\"url\":\"https:\\\/\\\/kibrisdakik.com\\\/?author=1\"}]}<\/script>\n<!-- \/ Yoast SEO plugin. -->","yoast_head_json":{"title":"Maliye Bakan\u0131 Berova ile TC Ticaret Bakan\u0131 Bolat protokol imzalad\u0131 -","robots":{"index":"index","follow":"follow","max-snippet":"max-snippet:-1","max-image-preview":"max-image-preview:large","max-video-preview":"max-video-preview:-1"},"canonical":"https:\/\/kibrisdakik.com\/?p=45725","og_locale":"tr_TR","og_type":"article","og_title":"Maliye Bakan\u0131 Berova ile TC Ticaret Bakan\u0131 Bolat protokol imzalad\u0131 -","og_description":"Maliye Bakanl\u0131\u011f\u0131\u2019ndan yap\u0131lan yaz\u0131l\u0131 a\u00e7\u0131klamaya g\u00f6re, anla\u015fmaya, Maliye Bakan\u0131 \u00d6zdemir Berova ile T\u00fcrkiye Cumhuriyeti Ticaret Bakan\u0131 \u00d6mer Bolat imza koydu. &nbsp; Anla\u015fmayla, Kuzey K\u0131br\u0131s T\u00fcrk Cumhuriyeti Maliye Bakanl\u0131\u011f\u0131 ile T\u00fcrkiye Cumhuriyeti Ticaret Bakanl\u0131\u011f\u0131 aras\u0131nda, ka\u00e7ak\u00e7\u0131l\u0131kla m\u00fccadele alan\u0131nda i\u015fbirli\u011fi ve tecr\u00fcbe payla\u015f\u0131m\u0131n\u0131n ger\u00e7ekle\u015ftirilmesi, ticaretin g\u00fcvenli\u011finin sa\u011flanmas\u0131 ve tecr\u00fcbe payla\u015f\u0131m\u0131n\u0131n ger\u00e7ekle\u015ftirilmesi amac\u0131yla ikili i\u015f birli\u011fi kapsam\u0131nda T\u00fcrkiye","og_url":"https:\/\/kibrisdakik.com\/?p=45725","article_published_time":"2024-06-13T01:25:48+00:00","og_image":[{"width":710,"height":370,"url":"https:\/\/kibrisdakik.com\/wp-content\/uploads\/2024\/06\/maliye-bakani-berova-ile-tc-ticaret-bakani-bolat-protokol-imzaladi-1718201389.webp.webp","type":"image\/webp"}],"author":"admin","twitter_card":"summary_large_image","twitter_misc":{"Yazan:":"admin","Tahmini okuma s\u00fcresi":"1 dakika"},"schema":{"@context":"https:\/\/schema.org","@graph":[{"@type":"Article","@id":"https:\/\/kibrisdakik.com\/?p=45725#article","isPartOf":{"@id":"https:\/\/kibrisdakik.com\/?p=45725"},"author":{"name":"admin","@id":"https:\/\/kibrisdakik.com\/#\/schema\/person\/9cd9d437bbb44f72b73ba127e06d8e79"},"headline":"Maliye Bakan\u0131 Berova ile TC Ticaret Bakan\u0131 Bolat protokol imzalad\u0131","datePublished":"2024-06-13T01:25:48+00:00","mainEntityOfPage":{"@id":"https:\/\/kibrisdakik.com\/?p=45725"},"wordCount":285,"commentCount":0,"image":{"@id":"https:\/\/kibrisdakik.com\/?p=45725#primaryimage"},"thumbnailUrl":"https:\/\/kibrisdakik.com\/wp-content\/uploads\/2024\/06\/maliye-bakani-berova-ile-tc-ticaret-bakani-bolat-protokol-imzaladi-1718201389.webp.webp","articleSection":["Spor"],"inLanguage":"tr","potentialAction":[{"@type":"CommentAction","name":"Comment","target":["https:\/\/kibrisdakik.com\/?p=45725#respond"]}]},{"@type":"WebPage","@id":"https:\/\/kibrisdakik.com\/?p=45725","url":"https:\/\/kibrisdakik.com\/?p=45725","name":"Maliye Bakan\u0131 Berova ile TC Ticaret Bakan\u0131 Bolat protokol imzalad\u0131 -","isPartOf":{"@id":"https:\/\/kibrisdakik.com\/#website"},"primaryImageOfPage":{"@id":"https:\/\/kibrisdakik.com\/?p=45725#primaryimage"},"image":{"@id":"https:\/\/kibrisdakik.com\/?p=45725#primaryimage"},"thumbnailUrl":"https:\/\/kibrisdakik.com\/wp-content\/uploads\/2024\/06\/maliye-bakani-berova-ile-tc-ticaret-bakani-bolat-protokol-imzaladi-1718201389.webp.webp","datePublished":"2024-06-13T01:25:48+00:00","author":{"@id":"https:\/\/kibrisdakik.com\/#\/schema\/person\/9cd9d437bbb44f72b73ba127e06d8e79"},"breadcrumb":{"@id":"https:\/\/kibrisdakik.com\/?p=45725#breadcrumb"},"inLanguage":"tr","potentialAction":[{"@type":"ReadAction","target":["https:\/\/kibrisdakik.com\/?p=45725"]}]},{"@type":"ImageObject","inLanguage":"tr","@id":"https:\/\/kibrisdakik.com\/?p=45725#primaryimage","url":"https:\/\/kibrisdakik.com\/wp-content\/uploads\/2024\/06\/maliye-bakani-berova-ile-tc-ticaret-bakani-bolat-protokol-imzaladi-1718201389.webp.webp","contentUrl":"https:\/\/kibrisdakik.com\/wp-content\/uploads\/2024\/06\/maliye-bakani-berova-ile-tc-ticaret-bakani-bolat-protokol-imzaladi-1718201389.webp.webp","width":710,"height":370},{"@type":"BreadcrumbList","@id":"https:\/\/kibrisdakik.com\/?p=45725#breadcrumb","itemListElement":[{"@type":"ListItem","position":1,"name":"Home","item":"https:\/\/kibrisdakik.com\/"},{"@type":"ListItem","position":2,"name":"Maliye Bakan\u0131 Berova ile TC Ticaret Bakan\u0131 Bolat protokol imzalad\u0131"}]},{"@type":"WebSite","@id":"https:\/\/kibrisdakik.com\/#website","url":"https:\/\/kibrisdakik.com\/","name":"","description":"Tam vaktinde haber","potentialAction":[{"@type":"SearchAction","target":{"@type":"EntryPoint","urlTemplate":"https:\/\/kibrisdakik.com\/?s={search_term_string}"},"query-input":{"@type":"PropertyValueSpecification","valueRequired":true,"valueName":"search_term_string"}}],"inLanguage":"tr"},{"@type":"Person","@id":"https:\/\/kibrisdakik.com\/#\/schema\/person\/9cd9d437bbb44f72b73ba127e06d8e79","name":"admin","image":{"@type":"ImageObject","inLanguage":"tr","@id":"https:\/\/secure.gravatar.com\/avatar\/ccc17943b9d660506c869530f897617f7cb1c21a4bf30023f252596d83e1f007?s=96&d=mm&r=g","url":"https:\/\/secure.gravatar.com\/avatar\/ccc17943b9d660506c869530f897617f7cb1c21a4bf30023f252596d83e1f007?s=96&d=mm&r=g","contentUrl":"https:\/\/secure.gravatar.com\/avatar\/ccc17943b9d660506c869530f897617f7cb1c21a4bf30023f252596d83e1f007?s=96&d=mm&r=g","caption":"admin"},"sameAs":["https:\/\/kibrisdakik.com"],"url":"https:\/\/kibrisdakik.com\/?author=1"}]}},"_links":{"self":[{"href":"https:\/\/kibrisdakik.com\/index.php?rest_route=\/wp\/v2\/posts\/45725","targetHints":{"allow":["GET"]}}],"collection":[{"href":"https:\/\/kibrisdakik.com\/index.php?rest_route=\/wp\/v2\/posts"}],"about":[{"href":"https:\/\/kibrisdakik.com\/index.php?rest_route=\/wp\/v2\/types\/post"}],"author":[{"embeddable":true,"href":"https:\/\/kibrisdakik.com\/index.php?rest_route=\/wp\/v2\/users\/1"}],"replies":[{"embeddable":true,"href":"https:\/\/kibrisdakik.com\/index.php?rest_route=%2Fwp%2Fv2%2Fcomments&post=45725"}],"version-history":[{"count":0,"href":"https:\/\/kibrisdakik.com\/index.php?rest_route=\/wp\/v2\/posts\/45725\/revisions"}],"wp:featuredmedia":[{"embeddable":true,"href":"https:\/\/kibrisdakik.com\/index.php?rest_route=\/wp\/v2\/media\/45726"}],"wp:attachment":[{"href":"https:\/\/kibrisdakik.com\/index.php?rest_route=%2Fwp%2Fv2%2Fmedia&parent=45725"}],"wp:term":[{"taxonomy":"category","embeddable":true,"href":"https:\/\/kibrisdakik.com\/index.php?rest_route=%2Fwp%2Fv2%2Fcategories&post=45725"},{"taxonomy":"post_tag","embeddable":true,"href":"https:\/\/kibrisdakik.com\/index.php?rest_route=%2Fwp%2Fv2%2Ftags&post=45725"}],"curies":[{"name":"wp","href":"https:\/\/api.w.org\/{rel}","templated":true}]}}