{"id":45765,"date":"2024-06-13T09:38:54","date_gmt":"2024-06-13T09:38:54","guid":{"rendered":"https:\/\/kibrisdakik.com\/index.php\/2024\/06\/13\/1-5-saatte-kktc-turkiye\/"},"modified":"2024-06-13T09:38:54","modified_gmt":"2024-06-13T09:38:54","slug":"1-5-saatte-kktc-turkiye","status":"publish","type":"post","link":"https:\/\/kibrisdakik.com\/?p=45765","title":{"rendered":"1.5 SAATTE KKTC-T\u00dcRK\u0130YE"},"content":{"rendered":"<p><\/p>\n<p>Seferlerin ba\u015flamas\u0131yla, KKTC ile T\u00fcrkiye aras\u0131ndaki deniz yolculu\u011funun s\u00fcresi 1.5 saate kadar d\u00fc\u015f\u00fcr\u00fcld\u00fc.<br \/>\nY\u00fccelen Vakf\u0131 Y\u00f6netim Kurulu Ba\u015fkan\u0131 ANDO ve ANTSO Anamur Deniz Otob\u00fcsleri ve Liman\u0131 Orta\u011f\u0131 Ali Y\u00fccelen, K\u0131br\u0131s T\u00fcrk Haber mikrofonlar\u0131na konu\u015ftu.<\/p>\n<p>\u201cBa\u015flayan seferlerle birlikte KKTC ile T\u00fcrkiye aras\u0131ndaki deniz yolculu\u011fu s\u00fcresi 1.5 saate indi.<\/p>\n<p>&nbsp;Biz bug\u00fcn tam 1 saat 40 dakikada buraya vard\u0131r. Y\u0131llarca kar\u015f\u0131dan kar\u015f\u0131ya bakt\u0131k, art\u0131k Girnelilerin rahatl\u0131kla Anamur\u2019a gidebilecekleri bir deniz arac\u0131 var. Herkesi bekliyoruz. Haftasonu i\u00e7in K\u0131br\u0131s\u2019a gelmek isteyenler de bu deniz arac\u0131n\u0131 rahatl\u0131kla kullanabilirler.<br \/>\nAnamur\u2019da ya\u015fayan \u00e7ok say\u0131da K\u0131br\u0131sl\u0131 var, ayn\u0131 \u015fekilde K\u0131br\u0131s\u2019ta da Anamurlular bulunuyor. Art\u0131k g\u00fcn i\u00e7inde bile gidip hasret kald\u0131klar\u0131 memleketlerini g\u00f6rebilecekler. Anamur, Antalya ve Alanya gibi bir\u00e7ok yere yak\u0131n oldu\u011fu i\u00e7in en do\u011fru yer olarak g\u00f6rd\u00fck ve seferleri Girne-Anamur olarak belirledik.\u201d<\/p>\n<p>Y\u00fccelen Group olarak vakf\u0131n kurulum s\u00fcrecine de de\u011finen Ali Y\u00fccelen, \u015fu a\u00e7\u0131klamalarda bulundu:<\/p>\n<p><img decoding=\"async\" alt=\"\" src=\"https:\/\/www.kibristurk.com\/images\/detay\/Y%C3%9CCELEN.jpg\" style=\"height:800px;width:650px\" \/><\/p>\n<p><strong>&#8220;K\u0131br\u0131s&#8217;a katk\u0131 koymaya devam edece\u011fiz&#8221;<\/strong><\/p>\n<p>\u201cY\u00fccelen Vakf\u0131\u2019n\u0131 ilk kurdu\u011fumuzda, \u00fclkemizin \u00f6zellikle e\u011fitim alan\u0131nda daha nitelikli ve kalifiye insan yeti\u015ftirmesi i\u00e7in neler yapabilece\u011fimizi d\u00fc\u015f\u00fcnd\u00fck. T\u00fcrkiye\u2019de Anamur\u2019da robotik ve yaz\u0131l\u0131m, Ankara\u2019da ise T\u00fcrkiye\u2019nin ilk tasar\u0131m ve teknoloji geli\u015ftirme kurslar\u0131n\u0131 ba\u015flatt\u0131k. \u00c7ocuklar\u0131m\u0131z\u0131n teknolojiden haberdar olmas\u0131n\u0131 sa\u011flad\u0131k. \u015eu anda da K\u0131br\u0131s projelerimiz ba\u015flad\u0131. Girne ve Ma\u011fusa\u2019da projelerimiz var ve K\u0131br\u0131s\u2019a katk\u0131 koymaya devam&nbsp;edece\u011fiz.\u201d<\/p>\n","protected":false},"excerpt":{"rendered":"<p>Seferlerin ba\u015flamas\u0131yla, KKTC ile T\u00fcrkiye aras\u0131ndaki deniz yolculu\u011funun s\u00fcresi 1.5 saate kadar d\u00fc\u015f\u00fcr\u00fcld\u00fc. Y\u00fccelen Vakf\u0131 Y\u00f6netim Kurulu Ba\u015fkan\u0131 ANDO ve ANTSO Anamur Deniz Otob\u00fcsleri ve Liman\u0131 Orta\u011f\u0131 Ali Y\u00fccelen, K\u0131br\u0131s T\u00fcrk Haber mikrofonlar\u0131na konu\u015ftu. \u201cBa\u015flayan seferlerle birlikte KKTC ile T\u00fcrkiye aras\u0131ndaki deniz yolculu\u011fu s\u00fcresi 1.5 saate indi. &nbsp;Biz bug\u00fcn tam 1 saat 40 dakikada buraya<\/p>\n","protected":false},"author":1,"featured_media":45766,"comment_status":"open","ping_status":"open","sticky":false,"template":"","format":"standard","meta":{"footnotes":""},"categories":[85],"tags":[],"class_list":["post-45765","post","type-post","status-publish","format-standard","has-post-thumbnail","hentry","category-spor"],"yoast_head":"<!-- This site is optimized with the Yoast SEO plugin v27.5 - https:\/\/yoast.com\/product\/yoast-seo-wordpress\/ -->\n<title>1.5 SAATTE KKTC-T\u00dcRK\u0130YE -<\/title>\n<meta name=\"robots\" content=\"index, follow, max-snippet:-1, max-image-preview:large, max-video-preview:-1\" \/>\n<link rel=\"canonical\" href=\"https:\/\/kibrisdakik.com\/?p=45765\" \/>\n<meta property=\"og:locale\" content=\"tr_TR\" \/>\n<meta property=\"og:type\" content=\"article\" \/>\n<meta property=\"og:title\" content=\"1.5 SAATTE KKTC-T\u00dcRK\u0130YE -\" \/>\n<meta property=\"og:description\" content=\"Seferlerin ba\u015flamas\u0131yla, KKTC ile T\u00fcrkiye aras\u0131ndaki deniz yolculu\u011funun s\u00fcresi 1.5 saate kadar d\u00fc\u015f\u00fcr\u00fcld\u00fc. Y\u00fccelen Vakf\u0131 Y\u00f6netim Kurulu Ba\u015fkan\u0131 ANDO ve ANTSO Anamur Deniz Otob\u00fcsleri ve Liman\u0131 Orta\u011f\u0131 Ali Y\u00fccelen, K\u0131br\u0131s T\u00fcrk Haber mikrofonlar\u0131na konu\u015ftu. \u201cBa\u015flayan seferlerle birlikte KKTC ile T\u00fcrkiye aras\u0131ndaki deniz yolculu\u011fu s\u00fcresi 1.5 saate indi. &nbsp;Biz bug\u00fcn tam 1 saat 40 dakikada buraya\" \/>\n<meta property=\"og:url\" content=\"https:\/\/kibrisdakik.com\/?p=45765\" \/>\n<meta property=\"article:published_time\" content=\"2024-06-13T09:38:54+00:00\" \/>\n<meta property=\"og:image\" content=\"https:\/\/kibrisdakik.com\/wp-content\/uploads\/2024\/06\/YC39CCELEN-650x420.jpg\" \/>\n\t<meta property=\"og:image:width\" content=\"650\" \/>\n\t<meta property=\"og:image:height\" content=\"800\" \/>\n\t<meta property=\"og:image:type\" content=\"image\/jpeg\" \/>\n<meta name=\"author\" content=\"admin\" \/>\n<meta name=\"twitter:card\" content=\"summary_large_image\" \/>\n<meta name=\"twitter:label1\" content=\"Yazan:\" \/>\n\t<meta name=\"twitter:data1\" content=\"admin\" \/>\n\t<meta name=\"twitter:label2\" content=\"Tahmini okuma s\u00fcresi\" \/>\n\t<meta name=\"twitter:data2\" content=\"1 dakika\" \/>\n<script type=\"application\/ld+json\" class=\"yoast-schema-graph\">{\"@context\":\"https:\\\/\\\/schema.org\",\"@graph\":[{\"@type\":\"Article\",\"@id\":\"https:\\\/\\\/kibrisdakik.com\\\/?p=45765#article\",\"isPartOf\":{\"@id\":\"https:\\\/\\\/kibrisdakik.com\\\/?p=45765\"},\"author\":{\"name\":\"admin\",\"@id\":\"https:\\\/\\\/kibrisdakik.com\\\/#\\\/schema\\\/person\\\/9cd9d437bbb44f72b73ba127e06d8e79\"},\"headline\":\"1.5 SAATTE KKTC-T\u00dcRK\u0130YE\",\"datePublished\":\"2024-06-13T09:38:54+00:00\",\"mainEntityOfPage\":{\"@id\":\"https:\\\/\\\/kibrisdakik.com\\\/?p=45765\"},\"wordCount\":303,\"commentCount\":0,\"image\":{\"@id\":\"https:\\\/\\\/kibrisdakik.com\\\/?p=45765#primaryimage\"},\"thumbnailUrl\":\"https:\\\/\\\/kibrisdakik.com\\\/wp-content\\\/uploads\\\/2024\\\/06\\\/YC39CCELEN-650x420.jpg\",\"articleSection\":[\"Spor\"],\"inLanguage\":\"tr\",\"potentialAction\":[{\"@type\":\"CommentAction\",\"name\":\"Comment\",\"target\":[\"https:\\\/\\\/kibrisdakik.com\\\/?p=45765#respond\"]}]},{\"@type\":\"WebPage\",\"@id\":\"https:\\\/\\\/kibrisdakik.com\\\/?p=45765\",\"url\":\"https:\\\/\\\/kibrisdakik.com\\\/?p=45765\",\"name\":\"1.5 SAATTE KKTC-T\u00dcRK\u0130YE -\",\"isPartOf\":{\"@id\":\"https:\\\/\\\/kibrisdakik.com\\\/#website\"},\"primaryImageOfPage\":{\"@id\":\"https:\\\/\\\/kibrisdakik.com\\\/?p=45765#primaryimage\"},\"image\":{\"@id\":\"https:\\\/\\\/kibrisdakik.com\\\/?p=45765#primaryimage\"},\"thumbnailUrl\":\"https:\\\/\\\/kibrisdakik.com\\\/wp-content\\\/uploads\\\/2024\\\/06\\\/YC39CCELEN-650x420.jpg\",\"datePublished\":\"2024-06-13T09:38:54+00:00\",\"author\":{\"@id\":\"https:\\\/\\\/kibrisdakik.com\\\/#\\\/schema\\\/person\\\/9cd9d437bbb44f72b73ba127e06d8e79\"},\"breadcrumb\":{\"@id\":\"https:\\\/\\\/kibrisdakik.com\\\/?p=45765#breadcrumb\"},\"inLanguage\":\"tr\",\"potentialAction\":[{\"@type\":\"ReadAction\",\"target\":[\"https:\\\/\\\/kibrisdakik.com\\\/?p=45765\"]}]},{\"@type\":\"ImageObject\",\"inLanguage\":\"tr\",\"@id\":\"https:\\\/\\\/kibrisdakik.com\\\/?p=45765#primaryimage\",\"url\":\"https:\\\/\\\/kibrisdakik.com\\\/wp-content\\\/uploads\\\/2024\\\/06\\\/YC39CCELEN-650x420.jpg\",\"contentUrl\":\"https:\\\/\\\/kibrisdakik.com\\\/wp-content\\\/uploads\\\/2024\\\/06\\\/YC39CCELEN-650x420.jpg\",\"width\":650,\"height\":800},{\"@type\":\"BreadcrumbList\",\"@id\":\"https:\\\/\\\/kibrisdakik.com\\\/?p=45765#breadcrumb\",\"itemListElement\":[{\"@type\":\"ListItem\",\"position\":1,\"name\":\"Home\",\"item\":\"https:\\\/\\\/kibrisdakik.com\\\/\"},{\"@type\":\"ListItem\",\"position\":2,\"name\":\"1.5 SAATTE KKTC-T\u00dcRK\u0130YE\"}]},{\"@type\":\"WebSite\",\"@id\":\"https:\\\/\\\/kibrisdakik.com\\\/#website\",\"url\":\"https:\\\/\\\/kibrisdakik.com\\\/\",\"name\":\"\",\"description\":\"Tam vaktinde haber\",\"potentialAction\":[{\"@type\":\"SearchAction\",\"target\":{\"@type\":\"EntryPoint\",\"urlTemplate\":\"https:\\\/\\\/kibrisdakik.com\\\/?s={search_term_string}\"},\"query-input\":{\"@type\":\"PropertyValueSpecification\",\"valueRequired\":true,\"valueName\":\"search_term_string\"}}],\"inLanguage\":\"tr\"},{\"@type\":\"Person\",\"@id\":\"https:\\\/\\\/kibrisdakik.com\\\/#\\\/schema\\\/person\\\/9cd9d437bbb44f72b73ba127e06d8e79\",\"name\":\"admin\",\"image\":{\"@type\":\"ImageObject\",\"inLanguage\":\"tr\",\"@id\":\"https:\\\/\\\/secure.gravatar.com\\\/avatar\\\/ccc17943b9d660506c869530f897617f7cb1c21a4bf30023f252596d83e1f007?s=96&d=mm&r=g\",\"url\":\"https:\\\/\\\/secure.gravatar.com\\\/avatar\\\/ccc17943b9d660506c869530f897617f7cb1c21a4bf30023f252596d83e1f007?s=96&d=mm&r=g\",\"contentUrl\":\"https:\\\/\\\/secure.gravatar.com\\\/avatar\\\/ccc17943b9d660506c869530f897617f7cb1c21a4bf30023f252596d83e1f007?s=96&d=mm&r=g\",\"caption\":\"admin\"},\"sameAs\":[\"https:\\\/\\\/kibrisdakik.com\"],\"url\":\"https:\\\/\\\/kibrisdakik.com\\\/?author=1\"}]}<\/script>\n<!-- \/ Yoast SEO plugin. -->","yoast_head_json":{"title":"1.5 SAATTE KKTC-T\u00dcRK\u0130YE -","robots":{"index":"index","follow":"follow","max-snippet":"max-snippet:-1","max-image-preview":"max-image-preview:large","max-video-preview":"max-video-preview:-1"},"canonical":"https:\/\/kibrisdakik.com\/?p=45765","og_locale":"tr_TR","og_type":"article","og_title":"1.5 SAATTE KKTC-T\u00dcRK\u0130YE -","og_description":"Seferlerin ba\u015flamas\u0131yla, KKTC ile T\u00fcrkiye aras\u0131ndaki deniz yolculu\u011funun s\u00fcresi 1.5 saate kadar d\u00fc\u015f\u00fcr\u00fcld\u00fc. Y\u00fccelen Vakf\u0131 Y\u00f6netim Kurulu Ba\u015fkan\u0131 ANDO ve ANTSO Anamur Deniz Otob\u00fcsleri ve Liman\u0131 Orta\u011f\u0131 Ali Y\u00fccelen, K\u0131br\u0131s T\u00fcrk Haber mikrofonlar\u0131na konu\u015ftu. \u201cBa\u015flayan seferlerle birlikte KKTC ile T\u00fcrkiye aras\u0131ndaki deniz yolculu\u011fu s\u00fcresi 1.5 saate indi. &nbsp;Biz bug\u00fcn tam 1 saat 40 dakikada buraya","og_url":"https:\/\/kibrisdakik.com\/?p=45765","article_published_time":"2024-06-13T09:38:54+00:00","og_image":[{"width":650,"height":800,"url":"https:\/\/kibrisdakik.com\/wp-content\/uploads\/2024\/06\/YC39CCELEN-650x420.jpg","type":"image\/jpeg"}],"author":"admin","twitter_card":"summary_large_image","twitter_misc":{"Yazan:":"admin","Tahmini okuma s\u00fcresi":"1 dakika"},"schema":{"@context":"https:\/\/schema.org","@graph":[{"@type":"Article","@id":"https:\/\/kibrisdakik.com\/?p=45765#article","isPartOf":{"@id":"https:\/\/kibrisdakik.com\/?p=45765"},"author":{"name":"admin","@id":"https:\/\/kibrisdakik.com\/#\/schema\/person\/9cd9d437bbb44f72b73ba127e06d8e79"},"headline":"1.5 SAATTE KKTC-T\u00dcRK\u0130YE","datePublished":"2024-06-13T09:38:54+00:00","mainEntityOfPage":{"@id":"https:\/\/kibrisdakik.com\/?p=45765"},"wordCount":303,"commentCount":0,"image":{"@id":"https:\/\/kibrisdakik.com\/?p=45765#primaryimage"},"thumbnailUrl":"https:\/\/kibrisdakik.com\/wp-content\/uploads\/2024\/06\/YC39CCELEN-650x420.jpg","articleSection":["Spor"],"inLanguage":"tr","potentialAction":[{"@type":"CommentAction","name":"Comment","target":["https:\/\/kibrisdakik.com\/?p=45765#respond"]}]},{"@type":"WebPage","@id":"https:\/\/kibrisdakik.com\/?p=45765","url":"https:\/\/kibrisdakik.com\/?p=45765","name":"1.5 SAATTE KKTC-T\u00dcRK\u0130YE -","isPartOf":{"@id":"https:\/\/kibrisdakik.com\/#website"},"primaryImageOfPage":{"@id":"https:\/\/kibrisdakik.com\/?p=45765#primaryimage"},"image":{"@id":"https:\/\/kibrisdakik.com\/?p=45765#primaryimage"},"thumbnailUrl":"https:\/\/kibrisdakik.com\/wp-content\/uploads\/2024\/06\/YC39CCELEN-650x420.jpg","datePublished":"2024-06-13T09:38:54+00:00","author":{"@id":"https:\/\/kibrisdakik.com\/#\/schema\/person\/9cd9d437bbb44f72b73ba127e06d8e79"},"breadcrumb":{"@id":"https:\/\/kibrisdakik.com\/?p=45765#breadcrumb"},"inLanguage":"tr","potentialAction":[{"@type":"ReadAction","target":["https:\/\/kibrisdakik.com\/?p=45765"]}]},{"@type":"ImageObject","inLanguage":"tr","@id":"https:\/\/kibrisdakik.com\/?p=45765#primaryimage","url":"https:\/\/kibrisdakik.com\/wp-content\/uploads\/2024\/06\/YC39CCELEN-650x420.jpg","contentUrl":"https:\/\/kibrisdakik.com\/wp-content\/uploads\/2024\/06\/YC39CCELEN-650x420.jpg","width":650,"height":800},{"@type":"BreadcrumbList","@id":"https:\/\/kibrisdakik.com\/?p=45765#breadcrumb","itemListElement":[{"@type":"ListItem","position":1,"name":"Home","item":"https:\/\/kibrisdakik.com\/"},{"@type":"ListItem","position":2,"name":"1.5 SAATTE KKTC-T\u00dcRK\u0130YE"}]},{"@type":"WebSite","@id":"https:\/\/kibrisdakik.com\/#website","url":"https:\/\/kibrisdakik.com\/","name":"","description":"Tam vaktinde haber","potentialAction":[{"@type":"SearchAction","target":{"@type":"EntryPoint","urlTemplate":"https:\/\/kibrisdakik.com\/?s={search_term_string}"},"query-input":{"@type":"PropertyValueSpecification","valueRequired":true,"valueName":"search_term_string"}}],"inLanguage":"tr"},{"@type":"Person","@id":"https:\/\/kibrisdakik.com\/#\/schema\/person\/9cd9d437bbb44f72b73ba127e06d8e79","name":"admin","image":{"@type":"ImageObject","inLanguage":"tr","@id":"https:\/\/secure.gravatar.com\/avatar\/ccc17943b9d660506c869530f897617f7cb1c21a4bf30023f252596d83e1f007?s=96&d=mm&r=g","url":"https:\/\/secure.gravatar.com\/avatar\/ccc17943b9d660506c869530f897617f7cb1c21a4bf30023f252596d83e1f007?s=96&d=mm&r=g","contentUrl":"https:\/\/secure.gravatar.com\/avatar\/ccc17943b9d660506c869530f897617f7cb1c21a4bf30023f252596d83e1f007?s=96&d=mm&r=g","caption":"admin"},"sameAs":["https:\/\/kibrisdakik.com"],"url":"https:\/\/kibrisdakik.com\/?author=1"}]}},"_links":{"self":[{"href":"https:\/\/kibrisdakik.com\/index.php?rest_route=\/wp\/v2\/posts\/45765","targetHints":{"allow":["GET"]}}],"collection":[{"href":"https:\/\/kibrisdakik.com\/index.php?rest_route=\/wp\/v2\/posts"}],"about":[{"href":"https:\/\/kibrisdakik.com\/index.php?rest_route=\/wp\/v2\/types\/post"}],"author":[{"embeddable":true,"href":"https:\/\/kibrisdakik.com\/index.php?rest_route=\/wp\/v2\/users\/1"}],"replies":[{"embeddable":true,"href":"https:\/\/kibrisdakik.com\/index.php?rest_route=%2Fwp%2Fv2%2Fcomments&post=45765"}],"version-history":[{"count":0,"href":"https:\/\/kibrisdakik.com\/index.php?rest_route=\/wp\/v2\/posts\/45765\/revisions"}],"wp:featuredmedia":[{"embeddable":true,"href":"https:\/\/kibrisdakik.com\/index.php?rest_route=\/wp\/v2\/media\/45766"}],"wp:attachment":[{"href":"https:\/\/kibrisdakik.com\/index.php?rest_route=%2Fwp%2Fv2%2Fmedia&parent=45765"}],"wp:term":[{"taxonomy":"category","embeddable":true,"href":"https:\/\/kibrisdakik.com\/index.php?rest_route=%2Fwp%2Fv2%2Fcategories&post=45765"},{"taxonomy":"post_tag","embeddable":true,"href":"https:\/\/kibrisdakik.com\/index.php?rest_route=%2Fwp%2Fv2%2Ftags&post=45765"}],"curies":[{"name":"wp","href":"https:\/\/api.w.org\/{rel}","templated":true}]}}