{"id":45795,"date":"2024-06-13T14:00:34","date_gmt":"2024-06-13T14:00:34","guid":{"rendered":"https:\/\/kibrisdakik.com\/index.php\/2024\/06\/13\/milli-egitim-bakani-cavusoglu-trabzonda-resmi-temaslarda-bulunuyor\/"},"modified":"2024-06-13T14:00:34","modified_gmt":"2024-06-13T14:00:34","slug":"milli-egitim-bakani-cavusoglu-trabzonda-resmi-temaslarda-bulunuyor","status":"publish","type":"post","link":"https:\/\/kibrisdakik.com\/?p=45795","title":{"rendered":"Milli E\u011fitim Bakan\u0131 \u00c7avu\u015fo\u011flu Trabzon\u2019da resmi temaslarda bulunuyor"},"content":{"rendered":"<p><\/p>\n<div>\n<div class=\"mariselle-image-container center\">\n                <img loading=\"lazy\" decoding=\"async\" width=\"2560\" height=\"969\" class=\"lazy-image\" alt=\"\" sizes=\"auto, (max-width: 2560px) 100vw, 2560px\" src=\"https:\/\/brtk.net\/wp-content\/uploads\/2024\/06\/13\/TRABZON-BELEDIYE-ZIYARET-1-scaled.jpg?ver=4cf3ce579ec79010ec4b3007eab4e352\" srcset=\"https:\/\/brtk.net\/wp-content\/uploads\/2024\/06\/13\/TRABZON-BELEDIYE-ZIYARET-1-scaled.jpg?ver=4cf3ce579ec79010ec4b3007eab4e352 2560w, https:\/\/brtk.net\/wp-content\/uploads\/2024\/06\/13\/TRABZON-BELEDIYE-ZIYARET-1-300x114.jpg?ver=4cf3ce579ec79010ec4b3007eab4e352 300w, https:\/\/brtk.net\/wp-content\/uploads\/2024\/06\/13\/TRABZON-BELEDIYE-ZIYARET-1-1024x388.jpg?ver=0f5be0e4a8b718e31fc6168dcee5b99a 1024w, https:\/\/brtk.net\/wp-content\/uploads\/2024\/06\/13\/TRABZON-BELEDIYE-ZIYARET-1-768x291.jpg?ver=ddad97c598d4fb661ac949a3318bc7f6 768w, https:\/\/brtk.net\/wp-content\/uploads\/2024\/06\/13\/TRABZON-BELEDIYE-ZIYARET-1-1536x581.jpg?ver=394871f3db8456d9c4fba28b352643b2 1536w, https:\/\/brtk.net\/wp-content\/uploads\/2024\/06\/13\/TRABZON-BELEDIYE-ZIYARET-1-2048x775.jpg?ver=6dd0641a574cd58f8ef2f15ebbc3377b 2048w\"\/>                            <\/div>\n<p>Milli E\u011fitim Bakan\u0131 Naz\u0131m \u00c7avu\u015fo\u011flu, beraberindeki heyet ile birlikte Trabzon\u2019da resmi temaslarda bulunuyor.<br \/>\u00a0<br \/>Bakan \u00c7avu\u015fo\u011flu, Y\u00fcksek \u00d6\u011frenim ve D\u0131\u015fili\u015fkiler Dairesi M\u00fcd\u00fcr\u00fc Beh\u00e7et \u00c7elebi ve Genel Orta\u00f6\u011fretim Dairesi M\u00fcd\u00fcr\u00fc Cengiz Topel Uzun ile birlikte gitti\u011fi Trabzon\u2019da, <a href=\"https:\/\/brtk.net\/\"\/><a href=\"https:\/\/brtk.net\/\"\/><a href=\"https:\/\/brtk.net\/\"\/><a href=\"https:\/\/brtk.net\/\"\/><a href=\"https:\/\/brtk.net\/\"\/><a href=\"https:\/\/brtk.net\/\">KKTC<\/a> Trabzon Konsolosu Erek \u00c7a\u011fatay taraf\u0131ndan kar\u015f\u0131land\u0131.<br \/>\u00a0<br \/>Vali Y\u0131ld\u0131r\u0131m ile g\u00f6r\u00fc\u015ft\u00fc<br \/>Trabzon ziyareti \u00e7er\u00e7evesinde resmi temaslar\u0131na <a href=\"https:\/\/brtk.net\/\"\/><a href=\"https:\/\/brtk.net\/\"\/><a href=\"https:\/\/brtk.net\/\"\/><a href=\"https:\/\/brtk.net\/\"\/><a href=\"https:\/\/brtk.net\/\"\/><a href=\"https:\/\/brtk.net\/\">KKTC<\/a> Trabzon Konsoloslu\u011fu\u2019nu ziyaret ederek ba\u015flayan \u00c7avu\u015fo\u011flu, ard\u0131ndan Trabzon Valili\u011fi\u2019ni ziyaret ederek, Trabzon Valisi Aziz Y\u0131ld\u0131r\u0131m ile g\u00f6r\u00fc\u015ft\u00fc.<br \/>\u00a0<br \/>\u00c7avu\u015fo\u011flu, Vali Y\u0131ld\u0131r\u0131m ile yapt\u0131\u011f\u0131 g\u00f6r\u00fc\u015fmede; <a href=\"https:\/\/brtk.net\/\"\/><a href=\"https:\/\/brtk.net\/\"\/><a href=\"https:\/\/brtk.net\/\"\/><a href=\"https:\/\/brtk.net\/\"\/><a href=\"https:\/\/brtk.net\/\"\/><a href=\"https:\/\/brtk.net\/\">KKTC<\/a> uyruklu \u00f6\u011frencilerin b\u00f6ylesine g\u00fczel bir \u015fehirde, T\u00fcrkiye\u2019nin g\u00fczide \u00fcniversiteleri aras\u0131nda olan Trabzon \u00dcniversitesi\u2019nde ve Karadeniz Teknik \u00dcniversitesi\u2019nde e\u011fitim almalar\u0131na imkan yarat\u0131lmas\u0131 i\u00e7in Trabzonu\u2019nu ziyaret ettiklerini s\u00f6yledi.<br \/>\u00a0<br \/>Trabzon Valisi Aziz Y\u0131ld\u0131r\u0131m ise, Trabzon \u015fehri ile ilgili bilgiler vererek, \u015fehrin g\u00fcvenli ve \u00f6\u011frenci dostu bir \u015fehir oldu\u011funu s\u00f6yledi.<br \/>\u00a0<br \/>Y\u0131ld\u0131r\u0131m, <a href=\"https:\/\/brtk.net\/\"\/><a href=\"https:\/\/brtk.net\/\"\/><a href=\"https:\/\/brtk.net\/\"\/><a href=\"https:\/\/brtk.net\/\"\/><a href=\"https:\/\/brtk.net\/\"\/><a href=\"https:\/\/brtk.net\/\">KKTC<\/a> uyruklu \u00f6\u011frencilerin Trabzon \u015fehrinde \u00f6\u011frenim g\u00f6rme imkanlar\u0131n\u0131n \u00f6n\u00fcn\u00fcn a\u00e7\u0131lmas\u0131ndan, \u00f6\u011frencileri Trabzon\u2019da g\u00f6recek olmaktan ve <a href=\"https:\/\/brtk.net\/\"\/><a href=\"https:\/\/brtk.net\/\"\/><a href=\"https:\/\/brtk.net\/\"\/><a href=\"https:\/\/brtk.net\/\"\/><a href=\"https:\/\/brtk.net\/\"\/><a href=\"https:\/\/brtk.net\/\">KKTC<\/a> Milli E\u011fitim Bakanl\u0131\u011f\u0131 ile yap\u0131lan i\u015f birli\u011finden memnuniyet duyduklar\u0131n\u0131 ifade etti.<br \/>\u00a0<br \/>\u00a0<br \/>Trabzon B\u00fcy\u00fck\u015fehir Belediye Ba\u015fkan\u0131 Gen\u00e7\u2019i ziyaret etti<br \/>Bakan \u00c7avu\u015fo\u011flu beraberindeki heyet ile birlikte Trabzon Valili\u011fi\u2019nden ayr\u0131ld\u0131ktan sonra, Trabzon B\u00fcy\u00fck\u015fehir Belediye Ba\u015fkan\u0131 Ahmet Metin Gen\u00e7\u2019i de makam\u0131nda ziyaret etti.<br \/>\u00a0<br \/>B\u00fcy\u00fck\u015fehir Belediye Ba\u015fkan\u0131 Ahmet Metin Gen\u00e7 g\u00f6r\u00fc\u015fmede yapt\u0131\u011f\u0131 konu\u015fmada, Trabzon\u2019un \u00f6\u011frencilerin g\u00fcnl\u00fck ya\u015fant\u0131lar\u0131n\u0131 keyifli ve konforlu bir \u015fekilde ge\u00e7irebilecekleri bir \u015fehir oldu\u011funu belirterek, gerekli altyap\u0131 \u00e7al\u0131\u015fmalar\u0131n\u0131n yap\u0131ld\u0131\u011f\u0131n\u0131, \u00e7evre d\u00fczenlemeleri ve ye\u015fil alanlarla \u00f6\u011frencilere huzurlu ve g\u00fcvenli bir ortam sunuldu\u011funu, ayr\u0131ca \u00f6\u011frencilerin ula\u015f\u0131m sorunu ya\u015famad\u0131\u011f\u0131n\u0131 ifade etti.<br \/>\u00a0<br \/>Trabzon\u2019un bir \u00f6\u011frenci \u015fehri oldu\u011funa vurgu yapan Gen\u00e7, <a href=\"https:\/\/brtk.net\/\"\/><a href=\"https:\/\/brtk.net\/\"\/><a href=\"https:\/\/brtk.net\/\"\/><a href=\"https:\/\/brtk.net\/\"\/><a href=\"https:\/\/brtk.net\/\"\/><a href=\"https:\/\/brtk.net\/\">KKTC<\/a> Milli E\u011fitim Bakanl\u0131\u011f\u0131 heyetinin Trabzon\u2019a yapt\u0131\u011f\u0131 ziyaretten duydu\u011fu memnuniyeti dile getirdi.<br \/>\u00a0<br \/>Milli birlik ve beraberli\u011fi \u00e7ok \u00f6nemsedi\u011fini belirten Gen\u00e7, <a href=\"https:\/\/brtk.net\/\"\/><a href=\"https:\/\/brtk.net\/\"\/><a href=\"https:\/\/brtk.net\/\"\/><a href=\"https:\/\/brtk.net\/\"\/><a href=\"https:\/\/brtk.net\/\"\/><a href=\"https:\/\/brtk.net\/\">KKTC<\/a>\u2018li \u00f6\u011frencilerin Trabzon\u2019a gelmesinden ve burada e\u011fitim alacak olmalar\u0131ndan mutluluk duydu\u011funu ifade etti.<br \/>\u00a0<br \/>Milli E\u011fitim Bakan\u0131 Naz\u0131m \u00c7avu\u015fo\u011flu ise Trabzona ger\u00e7ekle\u015ftirdikleri ziyareti \u00e7ok \u00f6nemsediklerini belirterek, \u201cBizim hayat\u0131m\u0131z Karadeniz insan\u0131yla ge\u00e7iyor. S\u00f6ylenenlerden de\u011fil, ya\u015fad\u0131klar\u0131m\u0131zdan tan\u0131yoruz Karadeniz insan\u0131n\u0131. Dokusu bizim \u00fclkemizle \u00e7ok uyumlu. \u00d6\u011frencilerimizin bu \u015fehirde e\u011fitim almas\u0131n\u0131 \u00e7ok \u00f6nemsiyorum.\u201d dedi ve Karadeniz\u2019e ve Karadeniz insan\u0131na duydu\u011fu yak\u0131nl\u0131\u011f\u0131 ortaya koydu.<\/p>\n<\/p><\/div>\n<p><script async\n                    defer\n                    crossorigin=\"anonymous\"\n                    src=\"https:\/\/connect.facebook.net\/tr_TR\/sdk.js#xfbml=1&#038;version=v3.3\"\n            ><\/script><\/p>\n","protected":false},"excerpt":{"rendered":"<p>Milli E\u011fitim Bakan\u0131 Naz\u0131m \u00c7avu\u015fo\u011flu, beraberindeki heyet ile birlikte Trabzon\u2019da resmi temaslarda bulunuyor.\u00a0Bakan \u00c7avu\u015fo\u011flu, Y\u00fcksek \u00d6\u011frenim ve D\u0131\u015fili\u015fkiler Dairesi M\u00fcd\u00fcr\u00fc Beh\u00e7et \u00c7elebi ve Genel Orta\u00f6\u011fretim Dairesi M\u00fcd\u00fcr\u00fc Cengiz Topel Uzun ile birlikte gitti\u011fi Trabzon\u2019da, KKTC Trabzon Konsolosu Erek \u00c7a\u011fatay taraf\u0131ndan kar\u015f\u0131land\u0131.\u00a0Vali Y\u0131ld\u0131r\u0131m ile g\u00f6r\u00fc\u015ft\u00fcTrabzon ziyareti \u00e7er\u00e7evesinde resmi temaslar\u0131na KKTC Trabzon Konsoloslu\u011fu\u2019nu ziyaret ederek ba\u015flayan \u00c7avu\u015fo\u011flu,<\/p>\n","protected":false},"author":1,"featured_media":45796,"comment_status":"open","ping_status":"open","sticky":false,"template":"","format":"standard","meta":{"footnotes":""},"categories":[1],"tags":[],"class_list":["post-45795","post","type-post","status-publish","format-standard","has-post-thumbnail","hentry","category-gundem"],"yoast_head":"<!-- This site is optimized with the Yoast SEO plugin v27.4 - https:\/\/yoast.com\/product\/yoast-seo-wordpress\/ -->\n<title>Milli E\u011fitim Bakan\u0131 \u00c7avu\u015fo\u011flu Trabzon\u2019da resmi temaslarda bulunuyor -<\/title>\n<meta name=\"robots\" content=\"index, follow, max-snippet:-1, max-image-preview:large, max-video-preview:-1\" \/>\n<link rel=\"canonical\" href=\"https:\/\/kibrisdakik.com\/?p=45795\" \/>\n<meta property=\"og:locale\" content=\"tr_TR\" \/>\n<meta property=\"og:type\" content=\"article\" \/>\n<meta property=\"og:title\" content=\"Milli E\u011fitim Bakan\u0131 \u00c7avu\u015fo\u011flu Trabzon\u2019da resmi temaslarda bulunuyor -\" \/>\n<meta property=\"og:description\" content=\"Milli E\u011fitim Bakan\u0131 Naz\u0131m \u00c7avu\u015fo\u011flu, beraberindeki heyet ile birlikte Trabzon\u2019da resmi temaslarda bulunuyor.\u00a0Bakan \u00c7avu\u015fo\u011flu, Y\u00fcksek \u00d6\u011frenim ve D\u0131\u015fili\u015fkiler Dairesi M\u00fcd\u00fcr\u00fc Beh\u00e7et \u00c7elebi ve Genel Orta\u00f6\u011fretim Dairesi M\u00fcd\u00fcr\u00fc Cengiz Topel Uzun ile birlikte gitti\u011fi Trabzon\u2019da, KKTC Trabzon Konsolosu Erek \u00c7a\u011fatay taraf\u0131ndan kar\u015f\u0131land\u0131.\u00a0Vali Y\u0131ld\u0131r\u0131m ile g\u00f6r\u00fc\u015ft\u00fcTrabzon ziyareti \u00e7er\u00e7evesinde resmi temaslar\u0131na KKTC Trabzon Konsoloslu\u011fu\u2019nu ziyaret ederek ba\u015flayan \u00c7avu\u015fo\u011flu,\" \/>\n<meta property=\"og:url\" content=\"https:\/\/kibrisdakik.com\/?p=45795\" \/>\n<meta property=\"article:published_time\" content=\"2024-06-13T14:00:34+00:00\" \/>\n<meta property=\"og:image\" content=\"https:\/\/kibrisdakik.com\/wp-content\/uploads\/2024\/06\/TRABZON-BELEDIYE-ZIYARET-1-scaled-740x420.jpg\" \/>\n\t<meta property=\"og:image:width\" content=\"2560\" \/>\n\t<meta property=\"og:image:height\" content=\"969\" \/>\n\t<meta property=\"og:image:type\" content=\"image\/jpeg\" \/>\n<meta name=\"author\" content=\"admin\" \/>\n<meta name=\"twitter:card\" content=\"summary_large_image\" \/>\n<meta name=\"twitter:label1\" content=\"Yazan:\" \/>\n\t<meta name=\"twitter:data1\" content=\"admin\" \/>\n\t<meta name=\"twitter:label2\" content=\"Tahmini okuma s\u00fcresi\" \/>\n\t<meta name=\"twitter:data2\" content=\"2 dakika\" \/>\n<script type=\"application\/ld+json\" class=\"yoast-schema-graph\">{\"@context\":\"https:\\\/\\\/schema.org\",\"@graph\":[{\"@type\":\"Article\",\"@id\":\"https:\\\/\\\/kibrisdakik.com\\\/?p=45795#article\",\"isPartOf\":{\"@id\":\"https:\\\/\\\/kibrisdakik.com\\\/?p=45795\"},\"author\":{\"name\":\"admin\",\"@id\":\"https:\\\/\\\/kibrisdakik.com\\\/#\\\/schema\\\/person\\\/9cd9d437bbb44f72b73ba127e06d8e79\"},\"headline\":\"Milli E\u011fitim Bakan\u0131 \u00c7avu\u015fo\u011flu Trabzon\u2019da resmi temaslarda bulunuyor\",\"datePublished\":\"2024-06-13T14:00:34+00:00\",\"mainEntityOfPage\":{\"@id\":\"https:\\\/\\\/kibrisdakik.com\\\/?p=45795\"},\"wordCount\":486,\"commentCount\":0,\"image\":{\"@id\":\"https:\\\/\\\/kibrisdakik.com\\\/?p=45795#primaryimage\"},\"thumbnailUrl\":\"https:\\\/\\\/kibrisdakik.com\\\/wp-content\\\/uploads\\\/2024\\\/06\\\/TRABZON-BELEDIYE-ZIYARET-1-scaled-740x420.jpg\",\"articleSection\":[\"G\u00fcndem\"],\"inLanguage\":\"tr\",\"potentialAction\":[{\"@type\":\"CommentAction\",\"name\":\"Comment\",\"target\":[\"https:\\\/\\\/kibrisdakik.com\\\/?p=45795#respond\"]}]},{\"@type\":\"WebPage\",\"@id\":\"https:\\\/\\\/kibrisdakik.com\\\/?p=45795\",\"url\":\"https:\\\/\\\/kibrisdakik.com\\\/?p=45795\",\"name\":\"Milli E\u011fitim Bakan\u0131 \u00c7avu\u015fo\u011flu Trabzon\u2019da resmi temaslarda bulunuyor -\",\"isPartOf\":{\"@id\":\"https:\\\/\\\/kibrisdakik.com\\\/#website\"},\"primaryImageOfPage\":{\"@id\":\"https:\\\/\\\/kibrisdakik.com\\\/?p=45795#primaryimage\"},\"image\":{\"@id\":\"https:\\\/\\\/kibrisdakik.com\\\/?p=45795#primaryimage\"},\"thumbnailUrl\":\"https:\\\/\\\/kibrisdakik.com\\\/wp-content\\\/uploads\\\/2024\\\/06\\\/TRABZON-BELEDIYE-ZIYARET-1-scaled-740x420.jpg\",\"datePublished\":\"2024-06-13T14:00:34+00:00\",\"author\":{\"@id\":\"https:\\\/\\\/kibrisdakik.com\\\/#\\\/schema\\\/person\\\/9cd9d437bbb44f72b73ba127e06d8e79\"},\"breadcrumb\":{\"@id\":\"https:\\\/\\\/kibrisdakik.com\\\/?p=45795#breadcrumb\"},\"inLanguage\":\"tr\",\"potentialAction\":[{\"@type\":\"ReadAction\",\"target\":[\"https:\\\/\\\/kibrisdakik.com\\\/?p=45795\"]}]},{\"@type\":\"ImageObject\",\"inLanguage\":\"tr\",\"@id\":\"https:\\\/\\\/kibrisdakik.com\\\/?p=45795#primaryimage\",\"url\":\"https:\\\/\\\/kibrisdakik.com\\\/wp-content\\\/uploads\\\/2024\\\/06\\\/TRABZON-BELEDIYE-ZIYARET-1-scaled-740x420.jpg\",\"contentUrl\":\"https:\\\/\\\/kibrisdakik.com\\\/wp-content\\\/uploads\\\/2024\\\/06\\\/TRABZON-BELEDIYE-ZIYARET-1-scaled-740x420.jpg\",\"width\":2560,\"height\":969},{\"@type\":\"BreadcrumbList\",\"@id\":\"https:\\\/\\\/kibrisdakik.com\\\/?p=45795#breadcrumb\",\"itemListElement\":[{\"@type\":\"ListItem\",\"position\":1,\"name\":\"Home\",\"item\":\"https:\\\/\\\/kibrisdakik.com\\\/\"},{\"@type\":\"ListItem\",\"position\":2,\"name\":\"Milli E\u011fitim Bakan\u0131 \u00c7avu\u015fo\u011flu Trabzon\u2019da resmi temaslarda bulunuyor\"}]},{\"@type\":\"WebSite\",\"@id\":\"https:\\\/\\\/kibrisdakik.com\\\/#website\",\"url\":\"https:\\\/\\\/kibrisdakik.com\\\/\",\"name\":\"\",\"description\":\"Tam vaktinde haber\",\"potentialAction\":[{\"@type\":\"SearchAction\",\"target\":{\"@type\":\"EntryPoint\",\"urlTemplate\":\"https:\\\/\\\/kibrisdakik.com\\\/?s={search_term_string}\"},\"query-input\":{\"@type\":\"PropertyValueSpecification\",\"valueRequired\":true,\"valueName\":\"search_term_string\"}}],\"inLanguage\":\"tr\"},{\"@type\":\"Person\",\"@id\":\"https:\\\/\\\/kibrisdakik.com\\\/#\\\/schema\\\/person\\\/9cd9d437bbb44f72b73ba127e06d8e79\",\"name\":\"admin\",\"image\":{\"@type\":\"ImageObject\",\"inLanguage\":\"tr\",\"@id\":\"https:\\\/\\\/secure.gravatar.com\\\/avatar\\\/ccc17943b9d660506c869530f897617f7cb1c21a4bf30023f252596d83e1f007?s=96&d=mm&r=g\",\"url\":\"https:\\\/\\\/secure.gravatar.com\\\/avatar\\\/ccc17943b9d660506c869530f897617f7cb1c21a4bf30023f252596d83e1f007?s=96&d=mm&r=g\",\"contentUrl\":\"https:\\\/\\\/secure.gravatar.com\\\/avatar\\\/ccc17943b9d660506c869530f897617f7cb1c21a4bf30023f252596d83e1f007?s=96&d=mm&r=g\",\"caption\":\"admin\"},\"sameAs\":[\"https:\\\/\\\/kibrisdakik.com\"],\"url\":\"https:\\\/\\\/kibrisdakik.com\\\/?author=1\"}]}<\/script>\n<!-- \/ Yoast SEO plugin. -->","yoast_head_json":{"title":"Milli E\u011fitim Bakan\u0131 \u00c7avu\u015fo\u011flu Trabzon\u2019da resmi temaslarda bulunuyor -","robots":{"index":"index","follow":"follow","max-snippet":"max-snippet:-1","max-image-preview":"max-image-preview:large","max-video-preview":"max-video-preview:-1"},"canonical":"https:\/\/kibrisdakik.com\/?p=45795","og_locale":"tr_TR","og_type":"article","og_title":"Milli E\u011fitim Bakan\u0131 \u00c7avu\u015fo\u011flu Trabzon\u2019da resmi temaslarda bulunuyor -","og_description":"Milli E\u011fitim Bakan\u0131 Naz\u0131m \u00c7avu\u015fo\u011flu, beraberindeki heyet ile birlikte Trabzon\u2019da resmi temaslarda bulunuyor.\u00a0Bakan \u00c7avu\u015fo\u011flu, Y\u00fcksek \u00d6\u011frenim ve D\u0131\u015fili\u015fkiler Dairesi M\u00fcd\u00fcr\u00fc Beh\u00e7et \u00c7elebi ve Genel Orta\u00f6\u011fretim Dairesi M\u00fcd\u00fcr\u00fc Cengiz Topel Uzun ile birlikte gitti\u011fi Trabzon\u2019da, KKTC Trabzon Konsolosu Erek \u00c7a\u011fatay taraf\u0131ndan kar\u015f\u0131land\u0131.\u00a0Vali Y\u0131ld\u0131r\u0131m ile g\u00f6r\u00fc\u015ft\u00fcTrabzon ziyareti \u00e7er\u00e7evesinde resmi temaslar\u0131na KKTC Trabzon Konsoloslu\u011fu\u2019nu ziyaret ederek ba\u015flayan \u00c7avu\u015fo\u011flu,","og_url":"https:\/\/kibrisdakik.com\/?p=45795","article_published_time":"2024-06-13T14:00:34+00:00","og_image":[{"width":2560,"height":969,"url":"https:\/\/kibrisdakik.com\/wp-content\/uploads\/2024\/06\/TRABZON-BELEDIYE-ZIYARET-1-scaled-740x420.jpg","type":"image\/jpeg"}],"author":"admin","twitter_card":"summary_large_image","twitter_misc":{"Yazan:":"admin","Tahmini okuma s\u00fcresi":"2 dakika"},"schema":{"@context":"https:\/\/schema.org","@graph":[{"@type":"Article","@id":"https:\/\/kibrisdakik.com\/?p=45795#article","isPartOf":{"@id":"https:\/\/kibrisdakik.com\/?p=45795"},"author":{"name":"admin","@id":"https:\/\/kibrisdakik.com\/#\/schema\/person\/9cd9d437bbb44f72b73ba127e06d8e79"},"headline":"Milli E\u011fitim Bakan\u0131 \u00c7avu\u015fo\u011flu Trabzon\u2019da resmi temaslarda bulunuyor","datePublished":"2024-06-13T14:00:34+00:00","mainEntityOfPage":{"@id":"https:\/\/kibrisdakik.com\/?p=45795"},"wordCount":486,"commentCount":0,"image":{"@id":"https:\/\/kibrisdakik.com\/?p=45795#primaryimage"},"thumbnailUrl":"https:\/\/kibrisdakik.com\/wp-content\/uploads\/2024\/06\/TRABZON-BELEDIYE-ZIYARET-1-scaled-740x420.jpg","articleSection":["G\u00fcndem"],"inLanguage":"tr","potentialAction":[{"@type":"CommentAction","name":"Comment","target":["https:\/\/kibrisdakik.com\/?p=45795#respond"]}]},{"@type":"WebPage","@id":"https:\/\/kibrisdakik.com\/?p=45795","url":"https:\/\/kibrisdakik.com\/?p=45795","name":"Milli E\u011fitim Bakan\u0131 \u00c7avu\u015fo\u011flu Trabzon\u2019da resmi temaslarda bulunuyor -","isPartOf":{"@id":"https:\/\/kibrisdakik.com\/#website"},"primaryImageOfPage":{"@id":"https:\/\/kibrisdakik.com\/?p=45795#primaryimage"},"image":{"@id":"https:\/\/kibrisdakik.com\/?p=45795#primaryimage"},"thumbnailUrl":"https:\/\/kibrisdakik.com\/wp-content\/uploads\/2024\/06\/TRABZON-BELEDIYE-ZIYARET-1-scaled-740x420.jpg","datePublished":"2024-06-13T14:00:34+00:00","author":{"@id":"https:\/\/kibrisdakik.com\/#\/schema\/person\/9cd9d437bbb44f72b73ba127e06d8e79"},"breadcrumb":{"@id":"https:\/\/kibrisdakik.com\/?p=45795#breadcrumb"},"inLanguage":"tr","potentialAction":[{"@type":"ReadAction","target":["https:\/\/kibrisdakik.com\/?p=45795"]}]},{"@type":"ImageObject","inLanguage":"tr","@id":"https:\/\/kibrisdakik.com\/?p=45795#primaryimage","url":"https:\/\/kibrisdakik.com\/wp-content\/uploads\/2024\/06\/TRABZON-BELEDIYE-ZIYARET-1-scaled-740x420.jpg","contentUrl":"https:\/\/kibrisdakik.com\/wp-content\/uploads\/2024\/06\/TRABZON-BELEDIYE-ZIYARET-1-scaled-740x420.jpg","width":2560,"height":969},{"@type":"BreadcrumbList","@id":"https:\/\/kibrisdakik.com\/?p=45795#breadcrumb","itemListElement":[{"@type":"ListItem","position":1,"name":"Home","item":"https:\/\/kibrisdakik.com\/"},{"@type":"ListItem","position":2,"name":"Milli E\u011fitim Bakan\u0131 \u00c7avu\u015fo\u011flu Trabzon\u2019da resmi temaslarda bulunuyor"}]},{"@type":"WebSite","@id":"https:\/\/kibrisdakik.com\/#website","url":"https:\/\/kibrisdakik.com\/","name":"","description":"Tam vaktinde haber","potentialAction":[{"@type":"SearchAction","target":{"@type":"EntryPoint","urlTemplate":"https:\/\/kibrisdakik.com\/?s={search_term_string}"},"query-input":{"@type":"PropertyValueSpecification","valueRequired":true,"valueName":"search_term_string"}}],"inLanguage":"tr"},{"@type":"Person","@id":"https:\/\/kibrisdakik.com\/#\/schema\/person\/9cd9d437bbb44f72b73ba127e06d8e79","name":"admin","image":{"@type":"ImageObject","inLanguage":"tr","@id":"https:\/\/secure.gravatar.com\/avatar\/ccc17943b9d660506c869530f897617f7cb1c21a4bf30023f252596d83e1f007?s=96&d=mm&r=g","url":"https:\/\/secure.gravatar.com\/avatar\/ccc17943b9d660506c869530f897617f7cb1c21a4bf30023f252596d83e1f007?s=96&d=mm&r=g","contentUrl":"https:\/\/secure.gravatar.com\/avatar\/ccc17943b9d660506c869530f897617f7cb1c21a4bf30023f252596d83e1f007?s=96&d=mm&r=g","caption":"admin"},"sameAs":["https:\/\/kibrisdakik.com"],"url":"https:\/\/kibrisdakik.com\/?author=1"}]}},"_links":{"self":[{"href":"https:\/\/kibrisdakik.com\/index.php?rest_route=\/wp\/v2\/posts\/45795","targetHints":{"allow":["GET"]}}],"collection":[{"href":"https:\/\/kibrisdakik.com\/index.php?rest_route=\/wp\/v2\/posts"}],"about":[{"href":"https:\/\/kibrisdakik.com\/index.php?rest_route=\/wp\/v2\/types\/post"}],"author":[{"embeddable":true,"href":"https:\/\/kibrisdakik.com\/index.php?rest_route=\/wp\/v2\/users\/1"}],"replies":[{"embeddable":true,"href":"https:\/\/kibrisdakik.com\/index.php?rest_route=%2Fwp%2Fv2%2Fcomments&post=45795"}],"version-history":[{"count":0,"href":"https:\/\/kibrisdakik.com\/index.php?rest_route=\/wp\/v2\/posts\/45795\/revisions"}],"wp:featuredmedia":[{"embeddable":true,"href":"https:\/\/kibrisdakik.com\/index.php?rest_route=\/wp\/v2\/media\/45796"}],"wp:attachment":[{"href":"https:\/\/kibrisdakik.com\/index.php?rest_route=%2Fwp%2Fv2%2Fmedia&parent=45795"}],"wp:term":[{"taxonomy":"category","embeddable":true,"href":"https:\/\/kibrisdakik.com\/index.php?rest_route=%2Fwp%2Fv2%2Fcategories&post=45795"},{"taxonomy":"post_tag","embeddable":true,"href":"https:\/\/kibrisdakik.com\/index.php?rest_route=%2Fwp%2Fv2%2Ftags&post=45795"}],"curies":[{"name":"wp","href":"https:\/\/api.w.org\/{rel}","templated":true}]}}