{"id":45813,"date":"2024-06-13T16:10:00","date_gmt":"2024-06-13T16:10:00","guid":{"rendered":"https:\/\/kibrisdakik.com\/index.php\/2024\/06\/13\/egitim-bakani-cavusoglu-trabzondaki-devlet-universiteleriyle-egitim-alaninda-is-birligi-protokolu-imzaladi\/"},"modified":"2024-06-13T16:10:00","modified_gmt":"2024-06-13T16:10:00","slug":"egitim-bakani-cavusoglu-trabzondaki-devlet-universiteleriyle-egitim-alaninda-is-birligi-protokolu-imzaladi","status":"publish","type":"post","link":"https:\/\/kibrisdakik.com\/?p=45813","title":{"rendered":"E\u011fitim Bakan\u0131 \u00c7avu\u015fo\u011flu, Trabzon&#039;daki devlet \u00fcniversiteleriyle e\u011fitim alan\u0131nda i\u015f birli\u011fi protokol\u00fc imzalad\u0131"},"content":{"rendered":"<p><img decoding=\"async\" src=\"https:\/\/www.kibristurk.com\/images\/haberler\/2024\/06\/egitim-bakani-cavusoglu-trabzondaki-devlet-universiteleriyle-egitim-alaninda-is-birligi-protokolu-imzaladi-1718295143.webp\" \/><\/p>\n<p style=\"text-align:left\"><span style=\"font-size:16px\"><span style=\"color:#000000\"><span style=\"font-family:Merriweather,serif !important\"><span style=\"font-size:16px !important\"><span style=\"font-family:Merriweather,serif !important\"><span style=\"color:#000000 !important\">Milli E\u011fitim Bakan\u0131 Naz\u0131m \u00c7avu\u015fo\u011flu, Y\u00fcksek\u00f6\u011frenim ve D\u0131\u015f ili\u015fkiler Dairesi M\u00fcd\u00fcr\u00fc Beh\u00e7et \u00c7elebi, Genel Orta\u00f6\u011fretim Dairesi M\u00fcd\u00fcr\u00fc Cengiz Topel Uzun ve KKTC Trabzon Konsolosu Erek \u00c7a\u011fatay ile Trabzon&#8217;da resmi temaslarda bulunmaya devam ediyor.<\/span><\/span><\/span><\/span><\/span><\/span><\/p>\n<p style=\"text-align:left\">&nbsp;<\/p>\n<p style=\"text-align:left\"><span style=\"font-size:16px\"><span style=\"color:#000000\"><span style=\"font-family:Merriweather,serif !important\">-Trabzon \u00dcniversitesi<\/span><\/span><\/span><\/p>\n<p style=\"text-align:left\">&nbsp;<\/p>\n<p style=\"text-align:left\"><span style=\"font-size:16px\"><span style=\"color:#000000\"><span style=\"font-family:Merriweather,serif !important\"><span style=\"font-size:16px !important\"><span style=\"font-family:Merriweather,serif !important\"><span style=\"color:#000000 !important\">E\u011fitim Bakanl\u0131\u011f\u0131 Bas\u0131n B\u00fcrosu&#8217;ndan verilen bilgiye g\u00f6re, temaslar\u0131 \u00e7er\u00e7evesinde Bakan \u00c7avu\u015fo\u011flu, Trabzon \u00dcniversitesi Rekt\u00f6r Vekili Prof. Dr. Atilla \u00c7imer ile de g\u00f6r\u00fc\u015ft\u00fc.<\/span><\/span><\/span><\/span><\/span><\/span><\/p>\n<p style=\"text-align:left\">&nbsp;<\/p>\n<p style=\"text-align:left\"><span style=\"font-size:16px\"><span style=\"color:#000000\"><span style=\"font-family:Merriweather,serif !important\">Rekt\u00f6r Vekili \u00c7imer; Trabzon \u015fehrinde \u00f6\u011frencilerin yurt bulma sorunu ya\u015famad\u0131klar\u0131n\u0131, buran\u0131n \u00f6\u011frenciler i\u00e7in g\u00fcvenli bir \u015fehir oldu\u011funu ve KKTC&#8217;li \u00f6\u011frencilerin bu \u015fehirde mutlu olaca\u011f\u0131n\u0131 belirtti.<\/span><\/span><\/span><\/p>\n<p style=\"text-align:left\">&nbsp;<\/p>\n<p style=\"text-align:left\"><span style=\"font-size:16px\"><span style=\"color:#000000\"><span style=\"font-family:Merriweather,serif !important\"><span style=\"font-size:16px !important\"><span style=\"font-family:Merriweather,serif !important\"><span style=\"color:#000000 !important\">\u00c7imer ayr\u0131ca, KKTC Milli E\u011fitim Bakanl\u0131\u011f\u0131\u2019n\u0131n taleplerini mutlulukla kabul ettiklerini ve e\u011fitim alan\u0131nda imzalanan i\u015f birli\u011fi protokol\u00fcn\u00fc di\u011fer akademik konularda da geli\u015ftirmek istediklerini s\u00f6zlerine ekledi.<\/span><\/span><\/span><\/span><\/span><\/span><\/p>\n<p style=\"text-align:left\"><span style=\"font-size:16px\"><span style=\"color:#000000\"><span style=\"font-family:Merriweather,serif !important\"><span style=\"font-size:16px !important\"><span style=\"font-family:Merriweather,serif !important\"><span style=\"color:#000000 !important\">Milli E\u011fitim Bakan\u0131 Naz\u0131m \u00c7avu\u015fo\u011flu ve Trabzon \u00dcniversitesi Rekt\u00f6r Vekili Prof. Dr. Atilla \u00c7imer ger\u00e7ekle\u015ftirdikleri g\u00f6r\u00fc\u015fmenin ard\u0131ndan, e\u011fitim alan\u0131nda i\u015f birli\u011fi protokol\u00fcn\u00fc imzalad\u0131.<\/span><\/span><\/span><\/span><\/span><\/span><\/p>\n<p style=\"text-align:left\">&nbsp;<\/p>\n<p style=\"text-align:left\"><span style=\"font-size:16px\"><span style=\"color:#000000\"><span style=\"font-family:Merriweather,serif !important\"><span style=\"font-size:16px !important\"><span style=\"font-family:Merriweather,serif !important\"><span style=\"color:#000000 !important\">-Karadeniz Teknik \u00dcniversitesi<\/span><\/span><\/span><\/span><\/span><\/span><\/p>\n<p style=\"text-align:left\">&nbsp;<\/p>\n<p style=\"text-align:left\"><span style=\"font-size:16px\"><span style=\"color:#000000\"><span style=\"font-family:Merriweather,serif !important\"><span style=\"font-size:16px !important\"><span style=\"font-family:Merriweather,serif !important\"><span style=\"color:#000000 !important\">Trabzon \u00dcniversitesinden ayr\u0131lan \u00c7avu\u015fo\u011flu, beraberindeki heyet ile Karadeniz Teknik \u00dcniversitesi\u2019ni de ziyaret ederek resmi temaslar\u0131na devam etti.<\/span><\/span><\/span><\/span><\/span><\/span><\/p>\n<p style=\"text-align:left\">&nbsp;<\/p>\n<p style=\"text-align:left\"><span style=\"font-size:16px\"><span style=\"color:#000000\"><span style=\"font-family:Merriweather,serif !important\"><span style=\"font-size:16px !important\"><span style=\"font-family:Merriweather,serif !important\"><span style=\"color:#000000 !important\">Karadeniz Teknik \u00dcniversitesi Rekt\u00f6r\u00fc Prof. Dr. Hamdullah \u00c7uvalc\u0131 taraf\u0131ndan kar\u015f\u0131lanan \u00c7avu\u015fo\u011flu, KKTC Milli E\u011fitim Bakanl\u0131\u011f\u0131 ile Karadeniz Teknik \u00dcniversitesi aras\u0131nda kurulan iyi ili\u015fkiler ile ilgili memnuniyetini dile getirdi. <\/span><\/span><\/span><\/span><\/span><\/span><\/p>\n<p style=\"text-align:left\"><span style=\"font-size:16px\"><span style=\"color:#000000\"><span style=\"font-family:Merriweather,serif !important\"><span style=\"font-size:16px !important\"><span style=\"font-family:Merriweather,serif !important\"><span style=\"color:#000000 !important\">Karadeniz Teknik \u00dcniversitesi ile KKTC Milli E\u011fitim Bakanl\u0131\u011f\u0131 aras\u0131nda e\u011fitim alan\u0131nda i\u015f birli\u011fi protokol\u00fc imzalanmas\u0131yla, KKTC uyruklu \u00f6\u011frencilere \u00f6zel kontenjanlar ayr\u0131lacak.<\/span><\/span><\/span><\/span><\/span><\/span><\/p>\n<p style=\"text-align:left\">&nbsp;<\/p>\n<p style=\"text-align:left\"><span style=\"font-size:16px\"><span style=\"color:#000000\"><span style=\"font-family:Merriweather,serif !important\"><span style=\"font-size:16px !important\"><span style=\"font-family:Merriweather,serif !important\"><span style=\"color:#000000 !important\">-\u00c7uvalc\u0131<\/span><\/span><\/span><\/span><\/span><\/span><\/p>\n<p style=\"text-align:left\">&nbsp;<\/p>\n<p style=\"text-align:left\"><span style=\"font-size:16px\"><span style=\"color:#000000\"><span style=\"font-family:Merriweather,serif !important\"><span style=\"font-size:16px !important\"><span style=\"font-family:Merriweather,serif !important\"><span style=\"color:#000000 !important\">Rekt\u00f6r Prof. Dr. Hamdullah \u00c7uvalc\u0131 t\u00f6rende yapt\u0131\u011f\u0131 konu\u015fmada, her ko\u015fulda KKTC\u2019nin yan\u0131nda olduklar\u0131n\u0131 belirtirken, her zaman yard\u0131ma ve i\u015f birli\u011fine a\u00e7\u0131k olduklar\u0131n\u0131 s\u00f6yledi ve imza konulan bu i\u015f birli\u011fi protokol\u00fcn\u00fcn \u00f6n\u00fcm\u00fczdeki d\u00f6nemlerde di\u011fer akademik konulara da yans\u0131mas\u0131 i\u00e7in gerekli \u00e7al\u0131\u015fmalar\u0131n yap\u0131laca\u011f\u0131 hususuna dikkat \u00e7ekti.<\/span><\/span><\/span><\/span><\/span><\/span><\/p>\n<p style=\"text-align:left\">&nbsp;<\/p>\n<p style=\"text-align:left\"><span style=\"font-size:16px\"><span style=\"color:#000000\"><span style=\"font-family:Merriweather,serif !important\"><span style=\"font-size:16px !important\"><span style=\"font-family:Merriweather,serif !important\"><span style=\"color:#000000 !important\">-\u00c7avu\u015fo\u011flu<\/span><\/span><\/span><\/span><\/span><\/span><\/p>\n<p style=\"text-align:left\">&nbsp;<\/p>\n<p style=\"text-align:left\"><span style=\"font-size:16px\"><span style=\"color:#000000\"><span style=\"font-family:Merriweather,serif !important\"><span style=\"font-size:16px !important\"><span style=\"font-family:Merriweather,serif !important\"><span style=\"color:#000000 !important\">Protokol imza t\u00f6reninde konu\u015fan Milli E\u011fitim Bakan\u0131 Naz\u0131m \u00c7avu\u015fo\u011flu ise KKTC&#8217;li \u00f6\u011frencilerin Karadeniz b\u00f6lgesinin incisi olan ve yemye\u015fil do\u011fas\u0131yla \u00f6n plana \u00e7\u0131kan Trabzon&#8217;da \u00f6\u011frenim g\u00f6recek olmalar\u0131n\u0131n kendilerini mutlu etti\u011fini s\u00f6yledi.<\/span><\/span><\/span><\/span><\/span><\/span><\/p>\n<p style=\"text-align:left\">&nbsp;<\/p>\n<p style=\"text-align:left\"><span style=\"font-size:16px\"><span style=\"color:#000000\"><span style=\"font-family:Merriweather,serif !important\"><span style=\"font-size:16px !important\"><span style=\"font-family:Merriweather,serif !important\"><span style=\"color:#000000 !important\">\u00c7avu\u015fo\u011flu imzalanan protokolle KKTC uyruklu \u00f6\u011frencilerin \u00f6zellikle m\u00fchendislik programlar\u0131yla d\u00fcnya \u00fcniversiteler s\u0131ralamalar\u0131nda \u00f6n plana \u00e7\u0131kan ve Trabzon ilinin \u00e7e\u015fitli b\u00f6lgelerine da\u011f\u0131lm\u0131\u015f olan yerle\u015fkeleri ile dikkat \u00e7eken Karadeniz Teknik \u00dcniversitesi\u2019nde e\u011fitim alma imk\u00e2nlar\u0131n\u0131n \u00f6n\u00fcn\u00fcn a\u00e7\u0131lmas\u0131n\u0131n hem \u00fclke hem de \u00f6\u011frenciler ad\u0131na memnuniyet verici oldu\u011funu belirtti.<\/span><\/span><\/span><\/span><\/span><\/span><\/p>\n<p style=\"text-align:left\">&nbsp;<\/p>\n<p style=\"text-align:left\"><span style=\"font-size:16px\"><span style=\"color:#000000\"><span style=\"font-family:Merriweather,serif !important\"><span style=\"font-size:16px !important\"><span style=\"font-family:Merriweather,serif !important\"><span style=\"color:#000000 !important\">\u00c7avu\u015fo\u011flu konu\u015fmas\u0131n\u0131n sonunda, imzalanan protokollerin KKTC\u2019ye, \u00fcniversitelere ve \u00f6\u011frencilere hay\u0131rl\u0131 olmas\u0131n\u0131 diledi.<\/span><\/span><\/span><\/span><\/span><\/span><\/p>\n<p style=\"text-align:left\">&nbsp;<\/p>\n<p style=\"text-align:left\"><span style=\"font-size:16px\"><span style=\"color:#000000\"><span style=\"font-family:Merriweather,serif !important\"><span style=\"font-size:16px !important\"><span style=\"font-family:Merriweather,serif !important\"><span style=\"color:#000000 !important\">\u0130mzalanan protokollerle Trabzon \u00dcniversitesinde ve Karadeniz Teknik \u00dcniversitesinde \u00f6\u011frenim g\u00f6rmek isteyen KKTC uyruklu \u00f6\u011frencilere, Y\u00fcksek\u00f6\u011fretim Kurulu (Y\u00d6K) taraf\u0131ndan belirlenen yurtd\u0131\u015f\u0131ndan \u00f6\u011frenci kabul kontenjanlar\u0131 kapsam\u0131nda, ilgili \u00fcniversiteler taraf\u0131ndan \u00f6zel kontenjan ayr\u0131lacak ve KKTC uyruklu \u00f6\u011frencilerin, ilgili \u00fcniversitelerin Lisans Programlar\u0131nda \u00f6\u011fretim g\u00f6rmesi i\u00e7in i\u015f birli\u011fi yap\u0131lacak.<\/span><\/span><\/span><\/span><\/span><\/span><\/p>\n<p style=\"text-align:left\">&nbsp;<\/p>\n<p style=\"text-align:left\"><span style=\"font-size:16px\"><span style=\"color:#000000\"><span style=\"font-family:Merriweather,serif !important\"><span style=\"font-size:16px !important\"><span style=\"font-family:Merriweather,serif !important\"><span style=\"color:#000000 !important\">Protokoller kapsam\u0131nda, Milli E\u011fitim Bakanl\u0131\u011f\u0131\u2019na ba\u011fl\u0131 Y\u00fcksek \u00d6\u011frenim ve D\u0131\u015fili\u015fkiler Dairesi taraf\u0131ndan belirlenen kontenjanlara m\u00fcracaat eden \u00f6\u011frencilerin akademik de\u011ferlendirmeleri, yine Y\u00fcksek\u00f6\u011frenim ve D\u0131\u015fili\u015fkiler Dairesi taraf\u0131ndan yap\u0131lacak ve daha sonra, yap\u0131lan akademik de\u011ferlendirme sonu\u00e7lar\u0131 ilgili \u00fcniversitelere bildirilecek.<\/span><\/span><\/span><\/span><\/span><\/span><\/p>\n<p style=\"text-align:left\">&nbsp;<\/p>\n<p style=\"text-align:left\"><span style=\"font-size:16px\"><span style=\"color:#000000\"><span style=\"font-family:Merriweather,serif !important\">\u0130lgili \u00fcniversiteler ise nihai de\u011ferlendirmeyi yap\u0131p, kay\u0131t hakk\u0131 kazanan \u00f6\u011frencilere ve Y\u00fcksek \u00d6\u011frenim ve D\u0131\u015fili\u015fkiler Dairesine gerekli bilgilendirmeleri yapacak.<\/span><\/span><\/span><\/p>\n","protected":false},"excerpt":{"rendered":"<p>Milli E\u011fitim Bakan\u0131 Naz\u0131m \u00c7avu\u015fo\u011flu, Y\u00fcksek\u00f6\u011frenim ve D\u0131\u015f ili\u015fkiler Dairesi M\u00fcd\u00fcr\u00fc Beh\u00e7et \u00c7elebi, Genel Orta\u00f6\u011fretim Dairesi M\u00fcd\u00fcr\u00fc Cengiz Topel Uzun ve KKTC Trabzon Konsolosu Erek \u00c7a\u011fatay ile Trabzon&#8217;da resmi temaslarda bulunmaya devam ediyor. &nbsp; -Trabzon \u00dcniversitesi &nbsp; E\u011fitim Bakanl\u0131\u011f\u0131 Bas\u0131n B\u00fcrosu&#8217;ndan verilen bilgiye g\u00f6re, temaslar\u0131 \u00e7er\u00e7evesinde Bakan \u00c7avu\u015fo\u011flu, Trabzon \u00dcniversitesi Rekt\u00f6r Vekili Prof. Dr. Atilla<\/p>\n","protected":false},"author":1,"featured_media":45814,"comment_status":"open","ping_status":"open","sticky":false,"template":"","format":"standard","meta":{"footnotes":""},"categories":[1],"tags":[],"class_list":["post-45813","post","type-post","status-publish","format-standard","has-post-thumbnail","hentry","category-gundem"],"yoast_head":"<!-- This site is optimized with the Yoast SEO plugin v27.5 - https:\/\/yoast.com\/product\/yoast-seo-wordpress\/ -->\n<title>E\u011fitim Bakan\u0131 \u00c7avu\u015fo\u011flu, Trabzon&#039;daki devlet \u00fcniversiteleriyle e\u011fitim alan\u0131nda i\u015f birli\u011fi protokol\u00fc imzalad\u0131 -<\/title>\n<meta name=\"robots\" content=\"index, follow, max-snippet:-1, max-image-preview:large, max-video-preview:-1\" \/>\n<link rel=\"canonical\" href=\"https:\/\/kibrisdakik.com\/?p=45813\" \/>\n<meta property=\"og:locale\" content=\"tr_TR\" \/>\n<meta property=\"og:type\" content=\"article\" \/>\n<meta property=\"og:title\" content=\"E\u011fitim Bakan\u0131 \u00c7avu\u015fo\u011flu, Trabzon&#039;daki devlet \u00fcniversiteleriyle e\u011fitim alan\u0131nda i\u015f birli\u011fi protokol\u00fc imzalad\u0131 -\" \/>\n<meta property=\"og:description\" content=\"Milli E\u011fitim Bakan\u0131 Naz\u0131m \u00c7avu\u015fo\u011flu, Y\u00fcksek\u00f6\u011frenim ve D\u0131\u015f ili\u015fkiler Dairesi M\u00fcd\u00fcr\u00fc Beh\u00e7et \u00c7elebi, Genel Orta\u00f6\u011fretim Dairesi M\u00fcd\u00fcr\u00fc Cengiz Topel Uzun ve KKTC Trabzon Konsolosu Erek \u00c7a\u011fatay ile Trabzon&#8217;da resmi temaslarda bulunmaya devam ediyor. &nbsp; -Trabzon \u00dcniversitesi &nbsp; E\u011fitim Bakanl\u0131\u011f\u0131 Bas\u0131n B\u00fcrosu&#8217;ndan verilen bilgiye g\u00f6re, temaslar\u0131 \u00e7er\u00e7evesinde Bakan \u00c7avu\u015fo\u011flu, Trabzon \u00dcniversitesi Rekt\u00f6r Vekili Prof. Dr. Atilla\" \/>\n<meta property=\"og:url\" content=\"https:\/\/kibrisdakik.com\/?p=45813\" \/>\n<meta property=\"article:published_time\" content=\"2024-06-13T16:10:00+00:00\" \/>\n<meta property=\"og:image\" content=\"https:\/\/kibrisdakik.com\/wp-content\/uploads\/2024\/06\/egitim-bakani-cavusoglu-trabzondaki-devlet-universiteleriyle-egitim-alaninda-is-birligi-protokolu-imzaladi-1718295143.webp.webp\" \/>\n\t<meta property=\"og:image:width\" content=\"710\" \/>\n\t<meta property=\"og:image:height\" content=\"370\" \/>\n\t<meta property=\"og:image:type\" content=\"image\/webp\" \/>\n<meta name=\"author\" content=\"admin\" \/>\n<meta name=\"twitter:card\" content=\"summary_large_image\" \/>\n<meta name=\"twitter:label1\" content=\"Yazan:\" \/>\n\t<meta name=\"twitter:data1\" content=\"admin\" \/>\n\t<meta name=\"twitter:label2\" content=\"Tahmini okuma s\u00fcresi\" \/>\n\t<meta name=\"twitter:data2\" content=\"3 dakika\" \/>\n<script type=\"application\/ld+json\" class=\"yoast-schema-graph\">{\"@context\":\"https:\\\/\\\/schema.org\",\"@graph\":[{\"@type\":\"Article\",\"@id\":\"https:\\\/\\\/kibrisdakik.com\\\/?p=45813#article\",\"isPartOf\":{\"@id\":\"https:\\\/\\\/kibrisdakik.com\\\/?p=45813\"},\"author\":{\"name\":\"admin\",\"@id\":\"https:\\\/\\\/kibrisdakik.com\\\/#\\\/schema\\\/person\\\/9cd9d437bbb44f72b73ba127e06d8e79\"},\"headline\":\"E\u011fitim Bakan\u0131 \u00c7avu\u015fo\u011flu, Trabzon&#039;daki devlet \u00fcniversiteleriyle e\u011fitim alan\u0131nda i\u015f birli\u011fi protokol\u00fc imzalad\u0131\",\"datePublished\":\"2024-06-13T16:10:00+00:00\",\"mainEntityOfPage\":{\"@id\":\"https:\\\/\\\/kibrisdakik.com\\\/?p=45813\"},\"wordCount\":656,\"commentCount\":0,\"image\":{\"@id\":\"https:\\\/\\\/kibrisdakik.com\\\/?p=45813#primaryimage\"},\"thumbnailUrl\":\"https:\\\/\\\/kibrisdakik.com\\\/wp-content\\\/uploads\\\/2024\\\/06\\\/egitim-bakani-cavusoglu-trabzondaki-devlet-universiteleriyle-egitim-alaninda-is-birligi-protokolu-imzaladi-1718295143.webp.webp\",\"articleSection\":[\"G\u00fcndem\"],\"inLanguage\":\"tr\",\"potentialAction\":[{\"@type\":\"CommentAction\",\"name\":\"Comment\",\"target\":[\"https:\\\/\\\/kibrisdakik.com\\\/?p=45813#respond\"]}]},{\"@type\":\"WebPage\",\"@id\":\"https:\\\/\\\/kibrisdakik.com\\\/?p=45813\",\"url\":\"https:\\\/\\\/kibrisdakik.com\\\/?p=45813\",\"name\":\"E\u011fitim Bakan\u0131 \u00c7avu\u015fo\u011flu, Trabzon&#039;daki devlet \u00fcniversiteleriyle e\u011fitim alan\u0131nda i\u015f birli\u011fi protokol\u00fc imzalad\u0131 -\",\"isPartOf\":{\"@id\":\"https:\\\/\\\/kibrisdakik.com\\\/#website\"},\"primaryImageOfPage\":{\"@id\":\"https:\\\/\\\/kibrisdakik.com\\\/?p=45813#primaryimage\"},\"image\":{\"@id\":\"https:\\\/\\\/kibrisdakik.com\\\/?p=45813#primaryimage\"},\"thumbnailUrl\":\"https:\\\/\\\/kibrisdakik.com\\\/wp-content\\\/uploads\\\/2024\\\/06\\\/egitim-bakani-cavusoglu-trabzondaki-devlet-universiteleriyle-egitim-alaninda-is-birligi-protokolu-imzaladi-1718295143.webp.webp\",\"datePublished\":\"2024-06-13T16:10:00+00:00\",\"author\":{\"@id\":\"https:\\\/\\\/kibrisdakik.com\\\/#\\\/schema\\\/person\\\/9cd9d437bbb44f72b73ba127e06d8e79\"},\"breadcrumb\":{\"@id\":\"https:\\\/\\\/kibrisdakik.com\\\/?p=45813#breadcrumb\"},\"inLanguage\":\"tr\",\"potentialAction\":[{\"@type\":\"ReadAction\",\"target\":[\"https:\\\/\\\/kibrisdakik.com\\\/?p=45813\"]}]},{\"@type\":\"ImageObject\",\"inLanguage\":\"tr\",\"@id\":\"https:\\\/\\\/kibrisdakik.com\\\/?p=45813#primaryimage\",\"url\":\"https:\\\/\\\/kibrisdakik.com\\\/wp-content\\\/uploads\\\/2024\\\/06\\\/egitim-bakani-cavusoglu-trabzondaki-devlet-universiteleriyle-egitim-alaninda-is-birligi-protokolu-imzaladi-1718295143.webp.webp\",\"contentUrl\":\"https:\\\/\\\/kibrisdakik.com\\\/wp-content\\\/uploads\\\/2024\\\/06\\\/egitim-bakani-cavusoglu-trabzondaki-devlet-universiteleriyle-egitim-alaninda-is-birligi-protokolu-imzaladi-1718295143.webp.webp\",\"width\":710,\"height\":370},{\"@type\":\"BreadcrumbList\",\"@id\":\"https:\\\/\\\/kibrisdakik.com\\\/?p=45813#breadcrumb\",\"itemListElement\":[{\"@type\":\"ListItem\",\"position\":1,\"name\":\"Home\",\"item\":\"https:\\\/\\\/kibrisdakik.com\\\/\"},{\"@type\":\"ListItem\",\"position\":2,\"name\":\"E\u011fitim Bakan\u0131 \u00c7avu\u015fo\u011flu, Trabzon&#039;daki devlet \u00fcniversiteleriyle e\u011fitim alan\u0131nda i\u015f birli\u011fi protokol\u00fc imzalad\u0131\"}]},{\"@type\":\"WebSite\",\"@id\":\"https:\\\/\\\/kibrisdakik.com\\\/#website\",\"url\":\"https:\\\/\\\/kibrisdakik.com\\\/\",\"name\":\"\",\"description\":\"Tam vaktinde haber\",\"potentialAction\":[{\"@type\":\"SearchAction\",\"target\":{\"@type\":\"EntryPoint\",\"urlTemplate\":\"https:\\\/\\\/kibrisdakik.com\\\/?s={search_term_string}\"},\"query-input\":{\"@type\":\"PropertyValueSpecification\",\"valueRequired\":true,\"valueName\":\"search_term_string\"}}],\"inLanguage\":\"tr\"},{\"@type\":\"Person\",\"@id\":\"https:\\\/\\\/kibrisdakik.com\\\/#\\\/schema\\\/person\\\/9cd9d437bbb44f72b73ba127e06d8e79\",\"name\":\"admin\",\"image\":{\"@type\":\"ImageObject\",\"inLanguage\":\"tr\",\"@id\":\"https:\\\/\\\/secure.gravatar.com\\\/avatar\\\/ccc17943b9d660506c869530f897617f7cb1c21a4bf30023f252596d83e1f007?s=96&d=mm&r=g\",\"url\":\"https:\\\/\\\/secure.gravatar.com\\\/avatar\\\/ccc17943b9d660506c869530f897617f7cb1c21a4bf30023f252596d83e1f007?s=96&d=mm&r=g\",\"contentUrl\":\"https:\\\/\\\/secure.gravatar.com\\\/avatar\\\/ccc17943b9d660506c869530f897617f7cb1c21a4bf30023f252596d83e1f007?s=96&d=mm&r=g\",\"caption\":\"admin\"},\"sameAs\":[\"https:\\\/\\\/kibrisdakik.com\"],\"url\":\"https:\\\/\\\/kibrisdakik.com\\\/?author=1\"}]}<\/script>\n<!-- \/ Yoast SEO plugin. -->","yoast_head_json":{"title":"E\u011fitim Bakan\u0131 \u00c7avu\u015fo\u011flu, Trabzon&#039;daki devlet \u00fcniversiteleriyle e\u011fitim alan\u0131nda i\u015f birli\u011fi protokol\u00fc imzalad\u0131 -","robots":{"index":"index","follow":"follow","max-snippet":"max-snippet:-1","max-image-preview":"max-image-preview:large","max-video-preview":"max-video-preview:-1"},"canonical":"https:\/\/kibrisdakik.com\/?p=45813","og_locale":"tr_TR","og_type":"article","og_title":"E\u011fitim Bakan\u0131 \u00c7avu\u015fo\u011flu, Trabzon&#039;daki devlet \u00fcniversiteleriyle e\u011fitim alan\u0131nda i\u015f birli\u011fi protokol\u00fc imzalad\u0131 -","og_description":"Milli E\u011fitim Bakan\u0131 Naz\u0131m \u00c7avu\u015fo\u011flu, Y\u00fcksek\u00f6\u011frenim ve D\u0131\u015f ili\u015fkiler Dairesi M\u00fcd\u00fcr\u00fc Beh\u00e7et \u00c7elebi, Genel Orta\u00f6\u011fretim Dairesi M\u00fcd\u00fcr\u00fc Cengiz Topel Uzun ve KKTC Trabzon Konsolosu Erek \u00c7a\u011fatay ile Trabzon&#8217;da resmi temaslarda bulunmaya devam ediyor. &nbsp; -Trabzon \u00dcniversitesi &nbsp; E\u011fitim Bakanl\u0131\u011f\u0131 Bas\u0131n B\u00fcrosu&#8217;ndan verilen bilgiye g\u00f6re, temaslar\u0131 \u00e7er\u00e7evesinde Bakan \u00c7avu\u015fo\u011flu, Trabzon \u00dcniversitesi Rekt\u00f6r Vekili Prof. Dr. Atilla","og_url":"https:\/\/kibrisdakik.com\/?p=45813","article_published_time":"2024-06-13T16:10:00+00:00","og_image":[{"width":710,"height":370,"url":"https:\/\/kibrisdakik.com\/wp-content\/uploads\/2024\/06\/egitim-bakani-cavusoglu-trabzondaki-devlet-universiteleriyle-egitim-alaninda-is-birligi-protokolu-imzaladi-1718295143.webp.webp","type":"image\/webp"}],"author":"admin","twitter_card":"summary_large_image","twitter_misc":{"Yazan:":"admin","Tahmini okuma s\u00fcresi":"3 dakika"},"schema":{"@context":"https:\/\/schema.org","@graph":[{"@type":"Article","@id":"https:\/\/kibrisdakik.com\/?p=45813#article","isPartOf":{"@id":"https:\/\/kibrisdakik.com\/?p=45813"},"author":{"name":"admin","@id":"https:\/\/kibrisdakik.com\/#\/schema\/person\/9cd9d437bbb44f72b73ba127e06d8e79"},"headline":"E\u011fitim Bakan\u0131 \u00c7avu\u015fo\u011flu, Trabzon&#039;daki devlet \u00fcniversiteleriyle e\u011fitim alan\u0131nda i\u015f birli\u011fi protokol\u00fc imzalad\u0131","datePublished":"2024-06-13T16:10:00+00:00","mainEntityOfPage":{"@id":"https:\/\/kibrisdakik.com\/?p=45813"},"wordCount":656,"commentCount":0,"image":{"@id":"https:\/\/kibrisdakik.com\/?p=45813#primaryimage"},"thumbnailUrl":"https:\/\/kibrisdakik.com\/wp-content\/uploads\/2024\/06\/egitim-bakani-cavusoglu-trabzondaki-devlet-universiteleriyle-egitim-alaninda-is-birligi-protokolu-imzaladi-1718295143.webp.webp","articleSection":["G\u00fcndem"],"inLanguage":"tr","potentialAction":[{"@type":"CommentAction","name":"Comment","target":["https:\/\/kibrisdakik.com\/?p=45813#respond"]}]},{"@type":"WebPage","@id":"https:\/\/kibrisdakik.com\/?p=45813","url":"https:\/\/kibrisdakik.com\/?p=45813","name":"E\u011fitim Bakan\u0131 \u00c7avu\u015fo\u011flu, Trabzon&#039;daki devlet \u00fcniversiteleriyle e\u011fitim alan\u0131nda i\u015f birli\u011fi protokol\u00fc imzalad\u0131 -","isPartOf":{"@id":"https:\/\/kibrisdakik.com\/#website"},"primaryImageOfPage":{"@id":"https:\/\/kibrisdakik.com\/?p=45813#primaryimage"},"image":{"@id":"https:\/\/kibrisdakik.com\/?p=45813#primaryimage"},"thumbnailUrl":"https:\/\/kibrisdakik.com\/wp-content\/uploads\/2024\/06\/egitim-bakani-cavusoglu-trabzondaki-devlet-universiteleriyle-egitim-alaninda-is-birligi-protokolu-imzaladi-1718295143.webp.webp","datePublished":"2024-06-13T16:10:00+00:00","author":{"@id":"https:\/\/kibrisdakik.com\/#\/schema\/person\/9cd9d437bbb44f72b73ba127e06d8e79"},"breadcrumb":{"@id":"https:\/\/kibrisdakik.com\/?p=45813#breadcrumb"},"inLanguage":"tr","potentialAction":[{"@type":"ReadAction","target":["https:\/\/kibrisdakik.com\/?p=45813"]}]},{"@type":"ImageObject","inLanguage":"tr","@id":"https:\/\/kibrisdakik.com\/?p=45813#primaryimage","url":"https:\/\/kibrisdakik.com\/wp-content\/uploads\/2024\/06\/egitim-bakani-cavusoglu-trabzondaki-devlet-universiteleriyle-egitim-alaninda-is-birligi-protokolu-imzaladi-1718295143.webp.webp","contentUrl":"https:\/\/kibrisdakik.com\/wp-content\/uploads\/2024\/06\/egitim-bakani-cavusoglu-trabzondaki-devlet-universiteleriyle-egitim-alaninda-is-birligi-protokolu-imzaladi-1718295143.webp.webp","width":710,"height":370},{"@type":"BreadcrumbList","@id":"https:\/\/kibrisdakik.com\/?p=45813#breadcrumb","itemListElement":[{"@type":"ListItem","position":1,"name":"Home","item":"https:\/\/kibrisdakik.com\/"},{"@type":"ListItem","position":2,"name":"E\u011fitim Bakan\u0131 \u00c7avu\u015fo\u011flu, Trabzon&#039;daki devlet \u00fcniversiteleriyle e\u011fitim alan\u0131nda i\u015f birli\u011fi protokol\u00fc imzalad\u0131"}]},{"@type":"WebSite","@id":"https:\/\/kibrisdakik.com\/#website","url":"https:\/\/kibrisdakik.com\/","name":"","description":"Tam vaktinde haber","potentialAction":[{"@type":"SearchAction","target":{"@type":"EntryPoint","urlTemplate":"https:\/\/kibrisdakik.com\/?s={search_term_string}"},"query-input":{"@type":"PropertyValueSpecification","valueRequired":true,"valueName":"search_term_string"}}],"inLanguage":"tr"},{"@type":"Person","@id":"https:\/\/kibrisdakik.com\/#\/schema\/person\/9cd9d437bbb44f72b73ba127e06d8e79","name":"admin","image":{"@type":"ImageObject","inLanguage":"tr","@id":"https:\/\/secure.gravatar.com\/avatar\/ccc17943b9d660506c869530f897617f7cb1c21a4bf30023f252596d83e1f007?s=96&d=mm&r=g","url":"https:\/\/secure.gravatar.com\/avatar\/ccc17943b9d660506c869530f897617f7cb1c21a4bf30023f252596d83e1f007?s=96&d=mm&r=g","contentUrl":"https:\/\/secure.gravatar.com\/avatar\/ccc17943b9d660506c869530f897617f7cb1c21a4bf30023f252596d83e1f007?s=96&d=mm&r=g","caption":"admin"},"sameAs":["https:\/\/kibrisdakik.com"],"url":"https:\/\/kibrisdakik.com\/?author=1"}]}},"_links":{"self":[{"href":"https:\/\/kibrisdakik.com\/index.php?rest_route=\/wp\/v2\/posts\/45813","targetHints":{"allow":["GET"]}}],"collection":[{"href":"https:\/\/kibrisdakik.com\/index.php?rest_route=\/wp\/v2\/posts"}],"about":[{"href":"https:\/\/kibrisdakik.com\/index.php?rest_route=\/wp\/v2\/types\/post"}],"author":[{"embeddable":true,"href":"https:\/\/kibrisdakik.com\/index.php?rest_route=\/wp\/v2\/users\/1"}],"replies":[{"embeddable":true,"href":"https:\/\/kibrisdakik.com\/index.php?rest_route=%2Fwp%2Fv2%2Fcomments&post=45813"}],"version-history":[{"count":0,"href":"https:\/\/kibrisdakik.com\/index.php?rest_route=\/wp\/v2\/posts\/45813\/revisions"}],"wp:featuredmedia":[{"embeddable":true,"href":"https:\/\/kibrisdakik.com\/index.php?rest_route=\/wp\/v2\/media\/45814"}],"wp:attachment":[{"href":"https:\/\/kibrisdakik.com\/index.php?rest_route=%2Fwp%2Fv2%2Fmedia&parent=45813"}],"wp:term":[{"taxonomy":"category","embeddable":true,"href":"https:\/\/kibrisdakik.com\/index.php?rest_route=%2Fwp%2Fv2%2Fcategories&post=45813"},{"taxonomy":"post_tag","embeddable":true,"href":"https:\/\/kibrisdakik.com\/index.php?rest_route=%2Fwp%2Fv2%2Ftags&post=45813"}],"curies":[{"name":"wp","href":"https:\/\/api.w.org\/{rel}","templated":true}]}}