{"id":45835,"date":"2024-06-13T20:09:08","date_gmt":"2024-06-13T20:09:08","guid":{"rendered":"https:\/\/kibrisdakik.com\/index.php\/2024\/06\/13\/cumhurbaskani-ersin-tatar-isparta-temaslarini-tamamlamasinin-ardindan-ulkeye-dondu\/"},"modified":"2024-06-13T20:09:08","modified_gmt":"2024-06-13T20:09:08","slug":"cumhurbaskani-ersin-tatar-isparta-temaslarini-tamamlamasinin-ardindan-ulkeye-dondu","status":"publish","type":"post","link":"https:\/\/kibrisdakik.com\/?p=45835","title":{"rendered":"Cumhurba\u015fkan\u0131 Ersin Tatar, Isparta temaslar\u0131n\u0131 tamamlamas\u0131n\u0131n ard\u0131ndan \u00fclkeye d\u00f6nd\u00fc"},"content":{"rendered":"<p><\/p>\n<div>\n<div class=\"mariselle-image-container center\">\n                <img loading=\"lazy\" decoding=\"async\" width=\"1600\" height=\"1056\" class=\"lazy-image\" alt=\"\" sizes=\"auto, (max-width: 1600px) 100vw, 1600px\" src=\"https:\/\/brtk.net\/wp-content\/uploads\/2024\/06\/13\/20240613_231145.jpg?ver=d15c9c597412c35e7b05e0d1c6356898\" srcset=\"https:\/\/brtk.net\/wp-content\/uploads\/2024\/06\/13\/20240613_231145.jpg?ver=d15c9c597412c35e7b05e0d1c6356898 1600w, https:\/\/brtk.net\/wp-content\/uploads\/2024\/06\/13\/20240613_231145-300x198.jpg?ver=d15c9c597412c35e7b05e0d1c6356898 300w, https:\/\/brtk.net\/wp-content\/uploads\/2024\/06\/13\/20240613_231145-1024x676.jpg?ver=d15c9c597412c35e7b05e0d1c6356898 1024w, https:\/\/brtk.net\/wp-content\/uploads\/2024\/06\/13\/20240613_231145-768x507.jpg?ver=d15c9c597412c35e7b05e0d1c6356898 768w, https:\/\/brtk.net\/wp-content\/uploads\/2024\/06\/13\/20240613_231145-1536x1014.jpg?ver=e43fb88e951ccfda279bb83ddbce1613 1536w\"\/>                            <\/div>\n<p>Cumhurba\u015fkan\u0131 <a href=\"https:\/\/brtk.net\/\" target=\"_blank\" rel=\"noopener\">Ersin <\/a><a href=\"https:\/\/brtk.net\/\"\/><a href=\"https:\/\/brtk.net\/\"\/><a href=\"https:\/\/brtk.net\/\"\/><a href=\"https:\/\/brtk.net\/\"\/><a href=\"https:\/\/brtk.net\/\">Tatar<\/a>, Isparta temaslar\u0131n\u0131 tamamlamas\u0131n\u0131n ard\u0131ndan bu ak\u015fam \u00fclkeye d\u00f6nd\u00fc.<\/p>\n<p>Cumhurba\u015fkan\u0131 <a href=\"https:\/\/brtk.net\/\"\/><a href=\"https:\/\/brtk.net\/\"\/><a href=\"https:\/\/brtk.net\/\"\/><a href=\"https:\/\/brtk.net\/\"\/><a href=\"https:\/\/brtk.net\/\">Tatar<\/a>, Ercan Havaliman\u0131\u2019nda \u00c7al\u0131\u015fma ve Sosyal G\u00fcvenlik Bakan\u0131 Sad\u0131k Gardiyano\u011flu, G\u00fcvenlik Kuvvetleri Komutanl\u0131\u011f\u0131 (GKK) Komutan Yard\u0131mc\u0131s\u0131 Tu\u011fgeneral Kadir Bayrakl\u0131 ve di\u011fer yetkililer taraf\u0131ndan kar\u015f\u0131land\u0131.<\/p>\n<p>Temaslar\u0131 \u00e7er\u00e7evesinde bu sabah Isparta Ticaret ve Sanayi Odas\u0131\u2019n\u0131 (ITSO) ziyaret eden Cumhurba\u015fkan\u0131 <a href=\"https:\/\/brtk.net\/\"\/><a href=\"https:\/\/brtk.net\/\"\/><a href=\"https:\/\/brtk.net\/\"\/><a href=\"https:\/\/brtk.net\/\"\/><a href=\"https:\/\/brtk.net\/\">Tatar<\/a>, S\u00fcleyman Demirel \u00dcniversitesi\u2019nde (SD\u00dc) konferans verdi, kendisine tevdi edilen fahri doktoray\u0131 ald\u0131. <\/p>\n<p>Cumhurba\u015fkan\u0131 <a href=\"https:\/\/brtk.net\/\"\/><a href=\"https:\/\/brtk.net\/\"\/><a href=\"https:\/\/brtk.net\/\"\/><a href=\"https:\/\/brtk.net\/\"\/><a href=\"https:\/\/brtk.net\/\">Tatar<\/a>, \u201cS\u00fcleyman Demirel An\u0131t Mezar\u0131\u201d ile \u201cS\u00fcleyman Demirel Demokrasi ve Kalk\u0131nma M\u00fczesi\u201dne ziyaret ger\u00e7ekle\u015ftirdi.<\/p>\n<p>Cumhurba\u015fkan\u0131 <a href=\"https:\/\/brtk.net\/\"\/><a href=\"https:\/\/brtk.net\/\"\/><a href=\"https:\/\/brtk.net\/\"\/><a href=\"https:\/\/brtk.net\/\"\/><a href=\"https:\/\/brtk.net\/\">Tatar<\/a>, temaslar\u0131 \u00e7er\u00e7evesinde sivil toplum \u00f6rg\u00fctleri, i\u015f insanlar\u0131 ve di\u011fer yetkililerle g\u00f6r\u00fc\u015ft\u00fc.<br \/><a href=\"https:\/\/brtk.net\/\"\/><a href=\"https:\/\/brtk.net\/\"\/><a href=\"https:\/\/brtk.net\/\"\/><a href=\"https:\/\/brtk.net\/\"\/><a href=\"https:\/\/brtk.net\/\">Tatar<\/a>, son olarak S\u00fcleyman Demirel \u00dcniversitesi\u2019nin mezuniyet t\u00f6renine de kat\u0131ld\u0131.<\/p>\n<\/p><\/div>\n<p><script async\n                    defer\n                    crossorigin=\"anonymous\"\n                    src=\"https:\/\/connect.facebook.net\/tr_TR\/sdk.js#xfbml=1&#038;version=v3.3\"\n            ><\/script><\/p>\n","protected":false},"excerpt":{"rendered":"<p>Cumhurba\u015fkan\u0131 Ersin Tatar, Isparta temaslar\u0131n\u0131 tamamlamas\u0131n\u0131n ard\u0131ndan bu ak\u015fam \u00fclkeye d\u00f6nd\u00fc. Cumhurba\u015fkan\u0131 Tatar, Ercan Havaliman\u0131\u2019nda \u00c7al\u0131\u015fma ve Sosyal G\u00fcvenlik Bakan\u0131 Sad\u0131k Gardiyano\u011flu, G\u00fcvenlik Kuvvetleri Komutanl\u0131\u011f\u0131 (GKK) Komutan Yard\u0131mc\u0131s\u0131 Tu\u011fgeneral Kadir Bayrakl\u0131 ve di\u011fer yetkililer taraf\u0131ndan kar\u015f\u0131land\u0131. Temaslar\u0131 \u00e7er\u00e7evesinde bu sabah Isparta Ticaret ve Sanayi Odas\u0131\u2019n\u0131 (ITSO) ziyaret eden Cumhurba\u015fkan\u0131 Tatar, S\u00fcleyman Demirel \u00dcniversitesi\u2019nde (SD\u00dc) konferans<\/p>\n","protected":false},"author":1,"featured_media":45836,"comment_status":"open","ping_status":"open","sticky":false,"template":"","format":"standard","meta":{"footnotes":""},"categories":[1],"tags":[],"class_list":["post-45835","post","type-post","status-publish","format-standard","has-post-thumbnail","hentry","category-gundem"],"yoast_head":"<!-- This site is optimized with the Yoast SEO plugin v27.5 - https:\/\/yoast.com\/product\/yoast-seo-wordpress\/ -->\n<title>Cumhurba\u015fkan\u0131 Ersin Tatar, Isparta temaslar\u0131n\u0131 tamamlamas\u0131n\u0131n ard\u0131ndan \u00fclkeye d\u00f6nd\u00fc -<\/title>\n<meta name=\"robots\" content=\"index, follow, max-snippet:-1, max-image-preview:large, max-video-preview:-1\" \/>\n<link rel=\"canonical\" href=\"https:\/\/kibrisdakik.com\/?p=45835\" \/>\n<meta property=\"og:locale\" content=\"tr_TR\" \/>\n<meta property=\"og:type\" content=\"article\" \/>\n<meta property=\"og:title\" content=\"Cumhurba\u015fkan\u0131 Ersin Tatar, Isparta temaslar\u0131n\u0131 tamamlamas\u0131n\u0131n ard\u0131ndan \u00fclkeye d\u00f6nd\u00fc -\" \/>\n<meta property=\"og:description\" content=\"Cumhurba\u015fkan\u0131 Ersin Tatar, Isparta temaslar\u0131n\u0131 tamamlamas\u0131n\u0131n ard\u0131ndan bu ak\u015fam \u00fclkeye d\u00f6nd\u00fc. Cumhurba\u015fkan\u0131 Tatar, Ercan Havaliman\u0131\u2019nda \u00c7al\u0131\u015fma ve Sosyal G\u00fcvenlik Bakan\u0131 Sad\u0131k Gardiyano\u011flu, G\u00fcvenlik Kuvvetleri Komutanl\u0131\u011f\u0131 (GKK) Komutan Yard\u0131mc\u0131s\u0131 Tu\u011fgeneral Kadir Bayrakl\u0131 ve di\u011fer yetkililer taraf\u0131ndan kar\u015f\u0131land\u0131. Temaslar\u0131 \u00e7er\u00e7evesinde bu sabah Isparta Ticaret ve Sanayi Odas\u0131\u2019n\u0131 (ITSO) ziyaret eden Cumhurba\u015fkan\u0131 Tatar, S\u00fcleyman Demirel \u00dcniversitesi\u2019nde (SD\u00dc) konferans\" \/>\n<meta property=\"og:url\" content=\"https:\/\/kibrisdakik.com\/?p=45835\" \/>\n<meta property=\"article:published_time\" content=\"2024-06-13T20:09:08+00:00\" \/>\n<meta property=\"og:image\" content=\"https:\/\/kibrisdakik.com\/wp-content\/uploads\/2024\/06\/231974665-740x400.jpg\" \/>\n\t<meta property=\"og:image:width\" content=\"805\" \/>\n\t<meta property=\"og:image:height\" content=\"400\" \/>\n\t<meta property=\"og:image:type\" content=\"image\/jpeg\" \/>\n<meta name=\"author\" content=\"admin\" \/>\n<meta name=\"twitter:card\" content=\"summary_large_image\" \/>\n<meta name=\"twitter:label1\" content=\"Yazan:\" \/>\n\t<meta name=\"twitter:data1\" content=\"admin\" \/>\n\t<meta name=\"twitter:label2\" content=\"Tahmini okuma s\u00fcresi\" \/>\n\t<meta name=\"twitter:data2\" content=\"1 dakika\" \/>\n<script type=\"application\/ld+json\" class=\"yoast-schema-graph\">{\"@context\":\"https:\\\/\\\/schema.org\",\"@graph\":[{\"@type\":\"Article\",\"@id\":\"https:\\\/\\\/kibrisdakik.com\\\/?p=45835#article\",\"isPartOf\":{\"@id\":\"https:\\\/\\\/kibrisdakik.com\\\/?p=45835\"},\"author\":{\"name\":\"admin\",\"@id\":\"https:\\\/\\\/kibrisdakik.com\\\/#\\\/schema\\\/person\\\/9cd9d437bbb44f72b73ba127e06d8e79\"},\"headline\":\"Cumhurba\u015fkan\u0131 Ersin Tatar, Isparta temaslar\u0131n\u0131 tamamlamas\u0131n\u0131n ard\u0131ndan \u00fclkeye d\u00f6nd\u00fc\",\"datePublished\":\"2024-06-13T20:09:08+00:00\",\"mainEntityOfPage\":{\"@id\":\"https:\\\/\\\/kibrisdakik.com\\\/?p=45835\"},\"wordCount\":159,\"commentCount\":0,\"image\":{\"@id\":\"https:\\\/\\\/kibrisdakik.com\\\/?p=45835#primaryimage\"},\"thumbnailUrl\":\"https:\\\/\\\/kibrisdakik.com\\\/wp-content\\\/uploads\\\/2024\\\/06\\\/231974665-740x400.jpg\",\"articleSection\":[\"G\u00fcndem\"],\"inLanguage\":\"tr\",\"potentialAction\":[{\"@type\":\"CommentAction\",\"name\":\"Comment\",\"target\":[\"https:\\\/\\\/kibrisdakik.com\\\/?p=45835#respond\"]}]},{\"@type\":\"WebPage\",\"@id\":\"https:\\\/\\\/kibrisdakik.com\\\/?p=45835\",\"url\":\"https:\\\/\\\/kibrisdakik.com\\\/?p=45835\",\"name\":\"Cumhurba\u015fkan\u0131 Ersin Tatar, Isparta temaslar\u0131n\u0131 tamamlamas\u0131n\u0131n ard\u0131ndan \u00fclkeye d\u00f6nd\u00fc -\",\"isPartOf\":{\"@id\":\"https:\\\/\\\/kibrisdakik.com\\\/#website\"},\"primaryImageOfPage\":{\"@id\":\"https:\\\/\\\/kibrisdakik.com\\\/?p=45835#primaryimage\"},\"image\":{\"@id\":\"https:\\\/\\\/kibrisdakik.com\\\/?p=45835#primaryimage\"},\"thumbnailUrl\":\"https:\\\/\\\/kibrisdakik.com\\\/wp-content\\\/uploads\\\/2024\\\/06\\\/231974665-740x400.jpg\",\"datePublished\":\"2024-06-13T20:09:08+00:00\",\"author\":{\"@id\":\"https:\\\/\\\/kibrisdakik.com\\\/#\\\/schema\\\/person\\\/9cd9d437bbb44f72b73ba127e06d8e79\"},\"breadcrumb\":{\"@id\":\"https:\\\/\\\/kibrisdakik.com\\\/?p=45835#breadcrumb\"},\"inLanguage\":\"tr\",\"potentialAction\":[{\"@type\":\"ReadAction\",\"target\":[\"https:\\\/\\\/kibrisdakik.com\\\/?p=45835\"]}]},{\"@type\":\"ImageObject\",\"inLanguage\":\"tr\",\"@id\":\"https:\\\/\\\/kibrisdakik.com\\\/?p=45835#primaryimage\",\"url\":\"https:\\\/\\\/kibrisdakik.com\\\/wp-content\\\/uploads\\\/2024\\\/06\\\/231974665-740x400.jpg\",\"contentUrl\":\"https:\\\/\\\/kibrisdakik.com\\\/wp-content\\\/uploads\\\/2024\\\/06\\\/231974665-740x400.jpg\",\"width\":805,\"height\":400},{\"@type\":\"BreadcrumbList\",\"@id\":\"https:\\\/\\\/kibrisdakik.com\\\/?p=45835#breadcrumb\",\"itemListElement\":[{\"@type\":\"ListItem\",\"position\":1,\"name\":\"Home\",\"item\":\"https:\\\/\\\/kibrisdakik.com\\\/\"},{\"@type\":\"ListItem\",\"position\":2,\"name\":\"Cumhurba\u015fkan\u0131 Ersin Tatar, Isparta temaslar\u0131n\u0131 tamamlamas\u0131n\u0131n ard\u0131ndan \u00fclkeye d\u00f6nd\u00fc\"}]},{\"@type\":\"WebSite\",\"@id\":\"https:\\\/\\\/kibrisdakik.com\\\/#website\",\"url\":\"https:\\\/\\\/kibrisdakik.com\\\/\",\"name\":\"\",\"description\":\"Tam vaktinde haber\",\"potentialAction\":[{\"@type\":\"SearchAction\",\"target\":{\"@type\":\"EntryPoint\",\"urlTemplate\":\"https:\\\/\\\/kibrisdakik.com\\\/?s={search_term_string}\"},\"query-input\":{\"@type\":\"PropertyValueSpecification\",\"valueRequired\":true,\"valueName\":\"search_term_string\"}}],\"inLanguage\":\"tr\"},{\"@type\":\"Person\",\"@id\":\"https:\\\/\\\/kibrisdakik.com\\\/#\\\/schema\\\/person\\\/9cd9d437bbb44f72b73ba127e06d8e79\",\"name\":\"admin\",\"image\":{\"@type\":\"ImageObject\",\"inLanguage\":\"tr\",\"@id\":\"https:\\\/\\\/secure.gravatar.com\\\/avatar\\\/ccc17943b9d660506c869530f897617f7cb1c21a4bf30023f252596d83e1f007?s=96&d=mm&r=g\",\"url\":\"https:\\\/\\\/secure.gravatar.com\\\/avatar\\\/ccc17943b9d660506c869530f897617f7cb1c21a4bf30023f252596d83e1f007?s=96&d=mm&r=g\",\"contentUrl\":\"https:\\\/\\\/secure.gravatar.com\\\/avatar\\\/ccc17943b9d660506c869530f897617f7cb1c21a4bf30023f252596d83e1f007?s=96&d=mm&r=g\",\"caption\":\"admin\"},\"sameAs\":[\"https:\\\/\\\/kibrisdakik.com\"],\"url\":\"https:\\\/\\\/kibrisdakik.com\\\/?author=1\"}]}<\/script>\n<!-- \/ Yoast SEO plugin. -->","yoast_head_json":{"title":"Cumhurba\u015fkan\u0131 Ersin Tatar, Isparta temaslar\u0131n\u0131 tamamlamas\u0131n\u0131n ard\u0131ndan \u00fclkeye d\u00f6nd\u00fc -","robots":{"index":"index","follow":"follow","max-snippet":"max-snippet:-1","max-image-preview":"max-image-preview:large","max-video-preview":"max-video-preview:-1"},"canonical":"https:\/\/kibrisdakik.com\/?p=45835","og_locale":"tr_TR","og_type":"article","og_title":"Cumhurba\u015fkan\u0131 Ersin Tatar, Isparta temaslar\u0131n\u0131 tamamlamas\u0131n\u0131n ard\u0131ndan \u00fclkeye d\u00f6nd\u00fc -","og_description":"Cumhurba\u015fkan\u0131 Ersin Tatar, Isparta temaslar\u0131n\u0131 tamamlamas\u0131n\u0131n ard\u0131ndan bu ak\u015fam \u00fclkeye d\u00f6nd\u00fc. Cumhurba\u015fkan\u0131 Tatar, Ercan Havaliman\u0131\u2019nda \u00c7al\u0131\u015fma ve Sosyal G\u00fcvenlik Bakan\u0131 Sad\u0131k Gardiyano\u011flu, G\u00fcvenlik Kuvvetleri Komutanl\u0131\u011f\u0131 (GKK) Komutan Yard\u0131mc\u0131s\u0131 Tu\u011fgeneral Kadir Bayrakl\u0131 ve di\u011fer yetkililer taraf\u0131ndan kar\u015f\u0131land\u0131. Temaslar\u0131 \u00e7er\u00e7evesinde bu sabah Isparta Ticaret ve Sanayi Odas\u0131\u2019n\u0131 (ITSO) ziyaret eden Cumhurba\u015fkan\u0131 Tatar, S\u00fcleyman Demirel \u00dcniversitesi\u2019nde (SD\u00dc) konferans","og_url":"https:\/\/kibrisdakik.com\/?p=45835","article_published_time":"2024-06-13T20:09:08+00:00","og_image":[{"width":805,"height":400,"url":"https:\/\/kibrisdakik.com\/wp-content\/uploads\/2024\/06\/231974665-740x400.jpg","type":"image\/jpeg"}],"author":"admin","twitter_card":"summary_large_image","twitter_misc":{"Yazan:":"admin","Tahmini okuma s\u00fcresi":"1 dakika"},"schema":{"@context":"https:\/\/schema.org","@graph":[{"@type":"Article","@id":"https:\/\/kibrisdakik.com\/?p=45835#article","isPartOf":{"@id":"https:\/\/kibrisdakik.com\/?p=45835"},"author":{"name":"admin","@id":"https:\/\/kibrisdakik.com\/#\/schema\/person\/9cd9d437bbb44f72b73ba127e06d8e79"},"headline":"Cumhurba\u015fkan\u0131 Ersin Tatar, Isparta temaslar\u0131n\u0131 tamamlamas\u0131n\u0131n ard\u0131ndan \u00fclkeye d\u00f6nd\u00fc","datePublished":"2024-06-13T20:09:08+00:00","mainEntityOfPage":{"@id":"https:\/\/kibrisdakik.com\/?p=45835"},"wordCount":159,"commentCount":0,"image":{"@id":"https:\/\/kibrisdakik.com\/?p=45835#primaryimage"},"thumbnailUrl":"https:\/\/kibrisdakik.com\/wp-content\/uploads\/2024\/06\/231974665-740x400.jpg","articleSection":["G\u00fcndem"],"inLanguage":"tr","potentialAction":[{"@type":"CommentAction","name":"Comment","target":["https:\/\/kibrisdakik.com\/?p=45835#respond"]}]},{"@type":"WebPage","@id":"https:\/\/kibrisdakik.com\/?p=45835","url":"https:\/\/kibrisdakik.com\/?p=45835","name":"Cumhurba\u015fkan\u0131 Ersin Tatar, Isparta temaslar\u0131n\u0131 tamamlamas\u0131n\u0131n ard\u0131ndan \u00fclkeye d\u00f6nd\u00fc -","isPartOf":{"@id":"https:\/\/kibrisdakik.com\/#website"},"primaryImageOfPage":{"@id":"https:\/\/kibrisdakik.com\/?p=45835#primaryimage"},"image":{"@id":"https:\/\/kibrisdakik.com\/?p=45835#primaryimage"},"thumbnailUrl":"https:\/\/kibrisdakik.com\/wp-content\/uploads\/2024\/06\/231974665-740x400.jpg","datePublished":"2024-06-13T20:09:08+00:00","author":{"@id":"https:\/\/kibrisdakik.com\/#\/schema\/person\/9cd9d437bbb44f72b73ba127e06d8e79"},"breadcrumb":{"@id":"https:\/\/kibrisdakik.com\/?p=45835#breadcrumb"},"inLanguage":"tr","potentialAction":[{"@type":"ReadAction","target":["https:\/\/kibrisdakik.com\/?p=45835"]}]},{"@type":"ImageObject","inLanguage":"tr","@id":"https:\/\/kibrisdakik.com\/?p=45835#primaryimage","url":"https:\/\/kibrisdakik.com\/wp-content\/uploads\/2024\/06\/231974665-740x400.jpg","contentUrl":"https:\/\/kibrisdakik.com\/wp-content\/uploads\/2024\/06\/231974665-740x400.jpg","width":805,"height":400},{"@type":"BreadcrumbList","@id":"https:\/\/kibrisdakik.com\/?p=45835#breadcrumb","itemListElement":[{"@type":"ListItem","position":1,"name":"Home","item":"https:\/\/kibrisdakik.com\/"},{"@type":"ListItem","position":2,"name":"Cumhurba\u015fkan\u0131 Ersin Tatar, Isparta temaslar\u0131n\u0131 tamamlamas\u0131n\u0131n ard\u0131ndan \u00fclkeye d\u00f6nd\u00fc"}]},{"@type":"WebSite","@id":"https:\/\/kibrisdakik.com\/#website","url":"https:\/\/kibrisdakik.com\/","name":"","description":"Tam vaktinde haber","potentialAction":[{"@type":"SearchAction","target":{"@type":"EntryPoint","urlTemplate":"https:\/\/kibrisdakik.com\/?s={search_term_string}"},"query-input":{"@type":"PropertyValueSpecification","valueRequired":true,"valueName":"search_term_string"}}],"inLanguage":"tr"},{"@type":"Person","@id":"https:\/\/kibrisdakik.com\/#\/schema\/person\/9cd9d437bbb44f72b73ba127e06d8e79","name":"admin","image":{"@type":"ImageObject","inLanguage":"tr","@id":"https:\/\/secure.gravatar.com\/avatar\/ccc17943b9d660506c869530f897617f7cb1c21a4bf30023f252596d83e1f007?s=96&d=mm&r=g","url":"https:\/\/secure.gravatar.com\/avatar\/ccc17943b9d660506c869530f897617f7cb1c21a4bf30023f252596d83e1f007?s=96&d=mm&r=g","contentUrl":"https:\/\/secure.gravatar.com\/avatar\/ccc17943b9d660506c869530f897617f7cb1c21a4bf30023f252596d83e1f007?s=96&d=mm&r=g","caption":"admin"},"sameAs":["https:\/\/kibrisdakik.com"],"url":"https:\/\/kibrisdakik.com\/?author=1"}]}},"_links":{"self":[{"href":"https:\/\/kibrisdakik.com\/index.php?rest_route=\/wp\/v2\/posts\/45835","targetHints":{"allow":["GET"]}}],"collection":[{"href":"https:\/\/kibrisdakik.com\/index.php?rest_route=\/wp\/v2\/posts"}],"about":[{"href":"https:\/\/kibrisdakik.com\/index.php?rest_route=\/wp\/v2\/types\/post"}],"author":[{"embeddable":true,"href":"https:\/\/kibrisdakik.com\/index.php?rest_route=\/wp\/v2\/users\/1"}],"replies":[{"embeddable":true,"href":"https:\/\/kibrisdakik.com\/index.php?rest_route=%2Fwp%2Fv2%2Fcomments&post=45835"}],"version-history":[{"count":0,"href":"https:\/\/kibrisdakik.com\/index.php?rest_route=\/wp\/v2\/posts\/45835\/revisions"}],"wp:featuredmedia":[{"embeddable":true,"href":"https:\/\/kibrisdakik.com\/index.php?rest_route=\/wp\/v2\/media\/45836"}],"wp:attachment":[{"href":"https:\/\/kibrisdakik.com\/index.php?rest_route=%2Fwp%2Fv2%2Fmedia&parent=45835"}],"wp:term":[{"taxonomy":"category","embeddable":true,"href":"https:\/\/kibrisdakik.com\/index.php?rest_route=%2Fwp%2Fv2%2Fcategories&post=45835"},{"taxonomy":"post_tag","embeddable":true,"href":"https:\/\/kibrisdakik.com\/index.php?rest_route=%2Fwp%2Fv2%2Ftags&post=45835"}],"curies":[{"name":"wp","href":"https:\/\/api.w.org\/{rel}","templated":true}]}}