{"id":45843,"date":"2024-06-13T21:54:18","date_gmt":"2024-06-13T21:54:18","guid":{"rendered":"https:\/\/kibrisdakik.com\/index.php\/2024\/06\/13\/eski-girne-belediyesi-binasi-ve-ramadan-cemil-meydani-kamusal-alan-duzenleme-proje-yarismasi-icin-protokol-imzalandi-2\/"},"modified":"2024-06-13T21:54:18","modified_gmt":"2024-06-13T21:54:18","slug":"eski-girne-belediyesi-binasi-ve-ramadan-cemil-meydani-kamusal-alan-duzenleme-proje-yarismasi-icin-protokol-imzalandi-2","status":"publish","type":"post","link":"https:\/\/kibrisdakik.com\/?p=45843","title":{"rendered":"\u201cEski Girne Belediyesi Binas\u0131 ve Ramadan Cemil Meydan\u0131 Kamusal Alan D\u00fczenleme Proje Yar\u0131\u015fmas\u0131\u201d i\u00e7in protokol imzaland\u0131"},"content":{"rendered":"<p><img decoding=\"async\" src=\"https:\/\/www.kibristurk.com\/images\/haberler\/2024\/06\/eski-girne-belediyesi-binasi-ve-ramadan-cemil-meydani-kamusal-alan-duzenleme-proje-yarismasi-icin-protokol-imzalandi-1718294533.webp\" \/><\/p>\n<p style=\"text-align:left\"><span style=\"font-size:16px\"><span style=\"color:#000000\"><span style=\"font-family:Merriweather,serif !important\">Girne Belediyesi\u2019nden yap\u0131lan a\u00e7\u0131klamaya g\u00f6re, Belediye ile K\u0131br\u0131s T\u00fcrk M\u00fchendis ve Mimar Odalar\u0131 Birli\u011fi (KTMMOB) i\u015f birli\u011findeki yar\u0131\u015fmayla ilgili Girne Belediyesi Meclis Toplant\u0131 Salonu\u2019nda protokol imza t\u00f6reni d\u00fczenlendi. <\/span><\/span><\/span><\/p>\n<p style=\"text-align:left\"><span style=\"font-size:16px\"><span style=\"color:#000000\"><span style=\"font-family:Merriweather,serif !important\">T\u00f6rene, Girne Belediye Ba\u015fkan\u0131 Murat \u015eenkul, KTMMOB Y\u00f6netim Kurulu Ba\u015fkan\u0131 Seran Aysal, eski KTMMOB Y\u00f6netim Kurulu Ba\u015fkan\u0131 Tun\u00e7 Adan\u0131r ile iki kurumun y\u00f6neticileri kat\u0131ld\u0131. <\/span><\/span><\/span><\/p>\n<p style=\"text-align:left\">&nbsp;<\/p>\n<p style=\"text-align:left\"><span style=\"font-size:16px\"><span style=\"color:#000000\"><span style=\"font-family:Merriweather,serif !important\">-\u015eenkul<\/span><\/span><\/span><\/p>\n<p style=\"text-align:left\"><span style=\"font-size:16px\"><span style=\"color:#000000\"><span style=\"font-family:Merriweather,serif !important\">Girne Belediye Ba\u015fkan\u0131 Murat \u015eenkul yapt\u0131\u011f\u0131 a\u00e7\u0131klamada, ismi meydan olan ancak ger\u00e7ekte meydan fonksiyonu g\u00f6remeyen Ramadan Cemil Meydan\u0131\u2019n\u0131n, g\u00fcn\u00fcn ko\u015fullar\u0131na uyarlanmas\u0131 ad\u0131na \u00f6nemli bir ad\u0131m at\u0131ld\u0131\u011f\u0131n\u0131 kaydetti. <\/span><\/span><\/span><\/p>\n<p style=\"text-align:left\"><span style=\"font-size:16px\"><span style=\"color:#000000\"><span style=\"font-family:Merriweather,serif !important\">K\u0131br\u0131s T\u00fcrk M\u00fchendis ve Mimar Odalar\u0131 Birli\u011fi ile i\u015f birli\u011fi karar\u0131 ald\u0131klar\u0131n\u0131n alt\u0131n\u0131 \u00e7izen \u015eenkul, konunun resmiyete kavu\u015ftu\u011fu bug\u00fcn\u00fcn, Girne i\u00e7in de \u00e7ok \u00f6nemli bir g\u00fcn oldu\u011funu ifade etti.<\/span><\/span><\/span><\/p>\n<p style=\"text-align:left\"><span style=\"font-size:16px\"><span style=\"color:#000000\"><span style=\"font-family:Merriweather,serif !important\">Amac\u0131n Girne\u2019ye yak\u0131\u015f\u0131r bir meydan kazanmak oldu\u011funu vurgulayan \u015eenkul, bu anlamda katk\u0131 koyan herkese te\u015fekk\u00fcr etti. <\/span><\/span><\/span><\/p>\n<p style=\"text-align:left\">&nbsp;<\/p>\n<p style=\"text-align:left\"><span style=\"font-size:16px\"><span style=\"color:#000000\"><span style=\"font-family:Merriweather,serif !important\">-Aysal<\/span><\/span><\/span><\/p>\n<p style=\"text-align:left\"><span style=\"font-size:16px\"><span style=\"color:#000000\"><span style=\"font-family:Merriweather,serif !important\">KTMMOB Ba\u015fkan\u0131 Seran Aysal, son d\u00f6nemlerde yar\u0131\u015fmalar arac\u0131l\u0131\u011f\u0131yla bir\u00e7ok \u00f6zel projenin hayat buldu\u011funu belirterek, farkl\u0131 fikirler ve vizyonlar\u0131n bir araya toplanmas\u0131n\u0131n, \u00e7ok olumlu sonu\u00e7lar do\u011furdu\u011funu s\u00f6yledi. <\/span><\/span><\/span><\/p>\n<p style=\"text-align:left\"><span style=\"font-size:16px\"><span style=\"color:#000000\"><span style=\"font-family:Merriweather,serif !important\">Bunun bir kentsel tasar\u0131m yar\u0131\u015fmas\u0131 oldu\u011funu kaydeden Aysal, bu \u00f6nemli vizyonu ortaya koyan, katk\u0131 sa\u011flayan ve sa\u011flayacak olan herkese te\u015fekk\u00fcr etti. <\/span><\/span><\/span><\/p>\n<p style=\"text-align:left\">&nbsp;<\/p>\n<p style=\"text-align:left\"><span style=\"font-size:16px\"><span style=\"color:#000000\"><span style=\"font-family:Merriweather,serif !important\">-Adan\u0131r<\/span><\/span><\/span><\/p>\n<p style=\"text-align:left\"><span style=\"font-size:16px\"><span style=\"color:#000000\"><span style=\"font-family:Merriweather,serif !important\">Eski KTMMOB Ba\u015fkan\u0131 Tun\u00e7 Adan\u0131r ise \u00f6zellikle kamusal alanlarda yap\u0131lacak projelerin yar\u0131\u015fma yoluyla hayat bulmas\u0131n\u0131n, \u00fclke de\u011ferlerine g\u00fcveni ve verilen de\u011feri ortaya koydu\u011funu ifade etti. <\/span><\/span><\/span><\/p>\n<p style=\"text-align:left\"><span style=\"font-size:16px\"><span style=\"color:#000000\"><span style=\"font-family:Merriweather,serif !important\">Bu noktada b\u00f6ylesi bir yar\u0131\u015fma karar\u0131 al\u0131nmas\u0131n\u0131n, \u00f6zellikle Girne i\u00e7in \u00e7ok \u00f6nemli oldu\u011funu belirten Adan\u0131r, herkese te\u015fekk\u00fcr etti.<\/span><\/span><\/span><\/p>\n<p style=\"text-align:left\"><span style=\"font-size:16px\"><span style=\"color:#000000\"><span style=\"font-family:Merriweather,serif !important\">Konu\u015fmalar\u0131n ard\u0131ndan protokol imzaland\u0131.<\/span><\/span><\/span><\/p>\n<p style=\"text-align:left\"><span style=\"font-size:16px\"><span style=\"color:#000000\"><span style=\"font-family:Merriweather,serif !important\">-Yar\u0131\u015fma s\u00fcreci <\/span><\/span><\/span><\/p>\n<p style=\"text-align:left\"><span style=\"font-size:16px\"><span style=\"color:#000000\"><span style=\"font-family:Merriweather,serif !important\">Toplant\u0131da yar\u0131\u015fma s\u00fcreci hakk\u0131nda da bilgi verildi. Buna g\u00f6re s\u00fcre\u00e7 s\u0131ras\u0131 ile j\u00fcri tespiti, yar\u0131\u015fmaya kat\u0131l\u0131m ko\u015fullar\u0131n\u0131n belirlenmesi, yar\u0131\u015fma konusuna ili\u015fkin verilerin ve ihtiya\u00e7 program\u0131n\u0131n haz\u0131rlanmas\u0131, yar\u0131\u015fma takviminin belirlenmesi, \u00f6d\u00fcllerin tespiti, yar\u0131\u015fma giderlerine ve proje hizmetlerine ili\u015fkin \u00f6dene\u011fin bulunmas\u0131, \u015fartname ve eklerinin j\u00fcri taraf\u0131ndan kesinle\u015ftirilerek imzalanmas\u0131, yar\u0131\u015fman\u0131n ilan\u0131, yar\u0131\u015fma de\u011ferlendirmesi ve sonu\u00e7lar\u0131n ilan\u0131ndan olu\u015facak.<\/span><\/span><\/span><\/p>\n","protected":false},"excerpt":{"rendered":"<p>Girne Belediyesi\u2019nden yap\u0131lan a\u00e7\u0131klamaya g\u00f6re, Belediye ile K\u0131br\u0131s T\u00fcrk M\u00fchendis ve Mimar Odalar\u0131 Birli\u011fi (KTMMOB) i\u015f birli\u011findeki yar\u0131\u015fmayla ilgili Girne Belediyesi Meclis Toplant\u0131 Salonu\u2019nda protokol imza t\u00f6reni d\u00fczenlendi. T\u00f6rene, Girne Belediye Ba\u015fkan\u0131 Murat \u015eenkul, KTMMOB Y\u00f6netim Kurulu Ba\u015fkan\u0131 Seran Aysal, eski KTMMOB Y\u00f6netim Kurulu Ba\u015fkan\u0131 Tun\u00e7 Adan\u0131r ile iki kurumun y\u00f6neticileri kat\u0131ld\u0131. &nbsp; -\u015eenkul Girne<\/p>\n","protected":false},"author":1,"featured_media":45844,"comment_status":"open","ping_status":"open","sticky":false,"template":"","format":"standard","meta":{"footnotes":""},"categories":[85],"tags":[],"class_list":["post-45843","post","type-post","status-publish","format-standard","has-post-thumbnail","hentry","category-spor"],"yoast_head":"<!-- This site is optimized with the Yoast SEO plugin v27.4 - https:\/\/yoast.com\/product\/yoast-seo-wordpress\/ -->\n<title>\u201cEski Girne Belediyesi Binas\u0131 ve Ramadan Cemil Meydan\u0131 Kamusal Alan D\u00fczenleme Proje Yar\u0131\u015fmas\u0131\u201d i\u00e7in protokol imzaland\u0131 -<\/title>\n<meta name=\"robots\" content=\"index, follow, max-snippet:-1, max-image-preview:large, max-video-preview:-1\" \/>\n<link rel=\"canonical\" href=\"https:\/\/kibrisdakik.com\/?p=45843\" \/>\n<meta property=\"og:locale\" content=\"tr_TR\" \/>\n<meta property=\"og:type\" content=\"article\" \/>\n<meta property=\"og:title\" content=\"\u201cEski Girne Belediyesi Binas\u0131 ve Ramadan Cemil Meydan\u0131 Kamusal Alan D\u00fczenleme Proje Yar\u0131\u015fmas\u0131\u201d i\u00e7in protokol imzaland\u0131 -\" \/>\n<meta property=\"og:description\" content=\"Girne Belediyesi\u2019nden yap\u0131lan a\u00e7\u0131klamaya g\u00f6re, Belediye ile K\u0131br\u0131s T\u00fcrk M\u00fchendis ve Mimar Odalar\u0131 Birli\u011fi (KTMMOB) i\u015f birli\u011findeki yar\u0131\u015fmayla ilgili Girne Belediyesi Meclis Toplant\u0131 Salonu\u2019nda protokol imza t\u00f6reni d\u00fczenlendi. T\u00f6rene, Girne Belediye Ba\u015fkan\u0131 Murat \u015eenkul, KTMMOB Y\u00f6netim Kurulu Ba\u015fkan\u0131 Seran Aysal, eski KTMMOB Y\u00f6netim Kurulu Ba\u015fkan\u0131 Tun\u00e7 Adan\u0131r ile iki kurumun y\u00f6neticileri kat\u0131ld\u0131. &nbsp; -\u015eenkul Girne\" \/>\n<meta property=\"og:url\" content=\"https:\/\/kibrisdakik.com\/?p=45843\" \/>\n<meta property=\"article:published_time\" content=\"2024-06-13T21:54:18+00:00\" \/>\n<meta property=\"og:image\" content=\"https:\/\/kibrisdakik.com\/wp-content\/uploads\/2024\/06\/eski-girne-belediyesi-binasi-ve-ramadan-cemil-meydani-kamusal-alan-duzenleme-proje-yarismasi-icin-protokol-imzalandi-1718294533.webp.webp\" \/>\n\t<meta property=\"og:image:width\" content=\"710\" \/>\n\t<meta property=\"og:image:height\" content=\"370\" \/>\n\t<meta property=\"og:image:type\" content=\"image\/webp\" \/>\n<meta name=\"author\" content=\"admin\" \/>\n<meta name=\"twitter:card\" content=\"summary_large_image\" \/>\n<meta name=\"twitter:label1\" content=\"Yazan:\" \/>\n\t<meta name=\"twitter:data1\" content=\"admin\" \/>\n\t<meta name=\"twitter:label2\" content=\"Tahmini okuma s\u00fcresi\" \/>\n\t<meta name=\"twitter:data2\" content=\"2 dakika\" \/>\n<script type=\"application\/ld+json\" class=\"yoast-schema-graph\">{\"@context\":\"https:\\\/\\\/schema.org\",\"@graph\":[{\"@type\":\"Article\",\"@id\":\"https:\\\/\\\/kibrisdakik.com\\\/?p=45843#article\",\"isPartOf\":{\"@id\":\"https:\\\/\\\/kibrisdakik.com\\\/?p=45843\"},\"author\":{\"name\":\"admin\",\"@id\":\"https:\\\/\\\/kibrisdakik.com\\\/#\\\/schema\\\/person\\\/9cd9d437bbb44f72b73ba127e06d8e79\"},\"headline\":\"\u201cEski Girne Belediyesi Binas\u0131 ve Ramadan Cemil Meydan\u0131 Kamusal Alan D\u00fczenleme Proje Yar\u0131\u015fmas\u0131\u201d i\u00e7in protokol imzaland\u0131\",\"datePublished\":\"2024-06-13T21:54:18+00:00\",\"mainEntityOfPage\":{\"@id\":\"https:\\\/\\\/kibrisdakik.com\\\/?p=45843\"},\"wordCount\":442,\"commentCount\":0,\"image\":{\"@id\":\"https:\\\/\\\/kibrisdakik.com\\\/?p=45843#primaryimage\"},\"thumbnailUrl\":\"https:\\\/\\\/kibrisdakik.com\\\/wp-content\\\/uploads\\\/2024\\\/06\\\/eski-girne-belediyesi-binasi-ve-ramadan-cemil-meydani-kamusal-alan-duzenleme-proje-yarismasi-icin-protokol-imzalandi-1718294533.webp.webp\",\"articleSection\":[\"Spor\"],\"inLanguage\":\"tr\",\"potentialAction\":[{\"@type\":\"CommentAction\",\"name\":\"Comment\",\"target\":[\"https:\\\/\\\/kibrisdakik.com\\\/?p=45843#respond\"]}]},{\"@type\":\"WebPage\",\"@id\":\"https:\\\/\\\/kibrisdakik.com\\\/?p=45843\",\"url\":\"https:\\\/\\\/kibrisdakik.com\\\/?p=45843\",\"name\":\"\u201cEski Girne Belediyesi Binas\u0131 ve Ramadan Cemil Meydan\u0131 Kamusal Alan D\u00fczenleme Proje Yar\u0131\u015fmas\u0131\u201d i\u00e7in protokol imzaland\u0131 -\",\"isPartOf\":{\"@id\":\"https:\\\/\\\/kibrisdakik.com\\\/#website\"},\"primaryImageOfPage\":{\"@id\":\"https:\\\/\\\/kibrisdakik.com\\\/?p=45843#primaryimage\"},\"image\":{\"@id\":\"https:\\\/\\\/kibrisdakik.com\\\/?p=45843#primaryimage\"},\"thumbnailUrl\":\"https:\\\/\\\/kibrisdakik.com\\\/wp-content\\\/uploads\\\/2024\\\/06\\\/eski-girne-belediyesi-binasi-ve-ramadan-cemil-meydani-kamusal-alan-duzenleme-proje-yarismasi-icin-protokol-imzalandi-1718294533.webp.webp\",\"datePublished\":\"2024-06-13T21:54:18+00:00\",\"author\":{\"@id\":\"https:\\\/\\\/kibrisdakik.com\\\/#\\\/schema\\\/person\\\/9cd9d437bbb44f72b73ba127e06d8e79\"},\"breadcrumb\":{\"@id\":\"https:\\\/\\\/kibrisdakik.com\\\/?p=45843#breadcrumb\"},\"inLanguage\":\"tr\",\"potentialAction\":[{\"@type\":\"ReadAction\",\"target\":[\"https:\\\/\\\/kibrisdakik.com\\\/?p=45843\"]}]},{\"@type\":\"ImageObject\",\"inLanguage\":\"tr\",\"@id\":\"https:\\\/\\\/kibrisdakik.com\\\/?p=45843#primaryimage\",\"url\":\"https:\\\/\\\/kibrisdakik.com\\\/wp-content\\\/uploads\\\/2024\\\/06\\\/eski-girne-belediyesi-binasi-ve-ramadan-cemil-meydani-kamusal-alan-duzenleme-proje-yarismasi-icin-protokol-imzalandi-1718294533.webp.webp\",\"contentUrl\":\"https:\\\/\\\/kibrisdakik.com\\\/wp-content\\\/uploads\\\/2024\\\/06\\\/eski-girne-belediyesi-binasi-ve-ramadan-cemil-meydani-kamusal-alan-duzenleme-proje-yarismasi-icin-protokol-imzalandi-1718294533.webp.webp\",\"width\":710,\"height\":370},{\"@type\":\"BreadcrumbList\",\"@id\":\"https:\\\/\\\/kibrisdakik.com\\\/?p=45843#breadcrumb\",\"itemListElement\":[{\"@type\":\"ListItem\",\"position\":1,\"name\":\"Home\",\"item\":\"https:\\\/\\\/kibrisdakik.com\\\/\"},{\"@type\":\"ListItem\",\"position\":2,\"name\":\"\u201cEski Girne Belediyesi Binas\u0131 ve Ramadan Cemil Meydan\u0131 Kamusal Alan D\u00fczenleme Proje Yar\u0131\u015fmas\u0131\u201d i\u00e7in protokol imzaland\u0131\"}]},{\"@type\":\"WebSite\",\"@id\":\"https:\\\/\\\/kibrisdakik.com\\\/#website\",\"url\":\"https:\\\/\\\/kibrisdakik.com\\\/\",\"name\":\"\",\"description\":\"Tam vaktinde haber\",\"potentialAction\":[{\"@type\":\"SearchAction\",\"target\":{\"@type\":\"EntryPoint\",\"urlTemplate\":\"https:\\\/\\\/kibrisdakik.com\\\/?s={search_term_string}\"},\"query-input\":{\"@type\":\"PropertyValueSpecification\",\"valueRequired\":true,\"valueName\":\"search_term_string\"}}],\"inLanguage\":\"tr\"},{\"@type\":\"Person\",\"@id\":\"https:\\\/\\\/kibrisdakik.com\\\/#\\\/schema\\\/person\\\/9cd9d437bbb44f72b73ba127e06d8e79\",\"name\":\"admin\",\"image\":{\"@type\":\"ImageObject\",\"inLanguage\":\"tr\",\"@id\":\"https:\\\/\\\/secure.gravatar.com\\\/avatar\\\/ccc17943b9d660506c869530f897617f7cb1c21a4bf30023f252596d83e1f007?s=96&d=mm&r=g\",\"url\":\"https:\\\/\\\/secure.gravatar.com\\\/avatar\\\/ccc17943b9d660506c869530f897617f7cb1c21a4bf30023f252596d83e1f007?s=96&d=mm&r=g\",\"contentUrl\":\"https:\\\/\\\/secure.gravatar.com\\\/avatar\\\/ccc17943b9d660506c869530f897617f7cb1c21a4bf30023f252596d83e1f007?s=96&d=mm&r=g\",\"caption\":\"admin\"},\"sameAs\":[\"https:\\\/\\\/kibrisdakik.com\"],\"url\":\"https:\\\/\\\/kibrisdakik.com\\\/?author=1\"}]}<\/script>\n<!-- \/ Yoast SEO plugin. -->","yoast_head_json":{"title":"\u201cEski Girne Belediyesi Binas\u0131 ve Ramadan Cemil Meydan\u0131 Kamusal Alan D\u00fczenleme Proje Yar\u0131\u015fmas\u0131\u201d i\u00e7in protokol imzaland\u0131 -","robots":{"index":"index","follow":"follow","max-snippet":"max-snippet:-1","max-image-preview":"max-image-preview:large","max-video-preview":"max-video-preview:-1"},"canonical":"https:\/\/kibrisdakik.com\/?p=45843","og_locale":"tr_TR","og_type":"article","og_title":"\u201cEski Girne Belediyesi Binas\u0131 ve Ramadan Cemil Meydan\u0131 Kamusal Alan D\u00fczenleme Proje Yar\u0131\u015fmas\u0131\u201d i\u00e7in protokol imzaland\u0131 -","og_description":"Girne Belediyesi\u2019nden yap\u0131lan a\u00e7\u0131klamaya g\u00f6re, Belediye ile K\u0131br\u0131s T\u00fcrk M\u00fchendis ve Mimar Odalar\u0131 Birli\u011fi (KTMMOB) i\u015f birli\u011findeki yar\u0131\u015fmayla ilgili Girne Belediyesi Meclis Toplant\u0131 Salonu\u2019nda protokol imza t\u00f6reni d\u00fczenlendi. T\u00f6rene, Girne Belediye Ba\u015fkan\u0131 Murat \u015eenkul, KTMMOB Y\u00f6netim Kurulu Ba\u015fkan\u0131 Seran Aysal, eski KTMMOB Y\u00f6netim Kurulu Ba\u015fkan\u0131 Tun\u00e7 Adan\u0131r ile iki kurumun y\u00f6neticileri kat\u0131ld\u0131. &nbsp; -\u015eenkul Girne","og_url":"https:\/\/kibrisdakik.com\/?p=45843","article_published_time":"2024-06-13T21:54:18+00:00","og_image":[{"width":710,"height":370,"url":"https:\/\/kibrisdakik.com\/wp-content\/uploads\/2024\/06\/eski-girne-belediyesi-binasi-ve-ramadan-cemil-meydani-kamusal-alan-duzenleme-proje-yarismasi-icin-protokol-imzalandi-1718294533.webp.webp","type":"image\/webp"}],"author":"admin","twitter_card":"summary_large_image","twitter_misc":{"Yazan:":"admin","Tahmini okuma s\u00fcresi":"2 dakika"},"schema":{"@context":"https:\/\/schema.org","@graph":[{"@type":"Article","@id":"https:\/\/kibrisdakik.com\/?p=45843#article","isPartOf":{"@id":"https:\/\/kibrisdakik.com\/?p=45843"},"author":{"name":"admin","@id":"https:\/\/kibrisdakik.com\/#\/schema\/person\/9cd9d437bbb44f72b73ba127e06d8e79"},"headline":"\u201cEski Girne Belediyesi Binas\u0131 ve Ramadan Cemil Meydan\u0131 Kamusal Alan D\u00fczenleme Proje Yar\u0131\u015fmas\u0131\u201d i\u00e7in protokol imzaland\u0131","datePublished":"2024-06-13T21:54:18+00:00","mainEntityOfPage":{"@id":"https:\/\/kibrisdakik.com\/?p=45843"},"wordCount":442,"commentCount":0,"image":{"@id":"https:\/\/kibrisdakik.com\/?p=45843#primaryimage"},"thumbnailUrl":"https:\/\/kibrisdakik.com\/wp-content\/uploads\/2024\/06\/eski-girne-belediyesi-binasi-ve-ramadan-cemil-meydani-kamusal-alan-duzenleme-proje-yarismasi-icin-protokol-imzalandi-1718294533.webp.webp","articleSection":["Spor"],"inLanguage":"tr","potentialAction":[{"@type":"CommentAction","name":"Comment","target":["https:\/\/kibrisdakik.com\/?p=45843#respond"]}]},{"@type":"WebPage","@id":"https:\/\/kibrisdakik.com\/?p=45843","url":"https:\/\/kibrisdakik.com\/?p=45843","name":"\u201cEski Girne Belediyesi Binas\u0131 ve Ramadan Cemil Meydan\u0131 Kamusal Alan D\u00fczenleme Proje Yar\u0131\u015fmas\u0131\u201d i\u00e7in protokol imzaland\u0131 -","isPartOf":{"@id":"https:\/\/kibrisdakik.com\/#website"},"primaryImageOfPage":{"@id":"https:\/\/kibrisdakik.com\/?p=45843#primaryimage"},"image":{"@id":"https:\/\/kibrisdakik.com\/?p=45843#primaryimage"},"thumbnailUrl":"https:\/\/kibrisdakik.com\/wp-content\/uploads\/2024\/06\/eski-girne-belediyesi-binasi-ve-ramadan-cemil-meydani-kamusal-alan-duzenleme-proje-yarismasi-icin-protokol-imzalandi-1718294533.webp.webp","datePublished":"2024-06-13T21:54:18+00:00","author":{"@id":"https:\/\/kibrisdakik.com\/#\/schema\/person\/9cd9d437bbb44f72b73ba127e06d8e79"},"breadcrumb":{"@id":"https:\/\/kibrisdakik.com\/?p=45843#breadcrumb"},"inLanguage":"tr","potentialAction":[{"@type":"ReadAction","target":["https:\/\/kibrisdakik.com\/?p=45843"]}]},{"@type":"ImageObject","inLanguage":"tr","@id":"https:\/\/kibrisdakik.com\/?p=45843#primaryimage","url":"https:\/\/kibrisdakik.com\/wp-content\/uploads\/2024\/06\/eski-girne-belediyesi-binasi-ve-ramadan-cemil-meydani-kamusal-alan-duzenleme-proje-yarismasi-icin-protokol-imzalandi-1718294533.webp.webp","contentUrl":"https:\/\/kibrisdakik.com\/wp-content\/uploads\/2024\/06\/eski-girne-belediyesi-binasi-ve-ramadan-cemil-meydani-kamusal-alan-duzenleme-proje-yarismasi-icin-protokol-imzalandi-1718294533.webp.webp","width":710,"height":370},{"@type":"BreadcrumbList","@id":"https:\/\/kibrisdakik.com\/?p=45843#breadcrumb","itemListElement":[{"@type":"ListItem","position":1,"name":"Home","item":"https:\/\/kibrisdakik.com\/"},{"@type":"ListItem","position":2,"name":"\u201cEski Girne Belediyesi Binas\u0131 ve Ramadan Cemil Meydan\u0131 Kamusal Alan D\u00fczenleme Proje Yar\u0131\u015fmas\u0131\u201d i\u00e7in protokol imzaland\u0131"}]},{"@type":"WebSite","@id":"https:\/\/kibrisdakik.com\/#website","url":"https:\/\/kibrisdakik.com\/","name":"","description":"Tam vaktinde haber","potentialAction":[{"@type":"SearchAction","target":{"@type":"EntryPoint","urlTemplate":"https:\/\/kibrisdakik.com\/?s={search_term_string}"},"query-input":{"@type":"PropertyValueSpecification","valueRequired":true,"valueName":"search_term_string"}}],"inLanguage":"tr"},{"@type":"Person","@id":"https:\/\/kibrisdakik.com\/#\/schema\/person\/9cd9d437bbb44f72b73ba127e06d8e79","name":"admin","image":{"@type":"ImageObject","inLanguage":"tr","@id":"https:\/\/secure.gravatar.com\/avatar\/ccc17943b9d660506c869530f897617f7cb1c21a4bf30023f252596d83e1f007?s=96&d=mm&r=g","url":"https:\/\/secure.gravatar.com\/avatar\/ccc17943b9d660506c869530f897617f7cb1c21a4bf30023f252596d83e1f007?s=96&d=mm&r=g","contentUrl":"https:\/\/secure.gravatar.com\/avatar\/ccc17943b9d660506c869530f897617f7cb1c21a4bf30023f252596d83e1f007?s=96&d=mm&r=g","caption":"admin"},"sameAs":["https:\/\/kibrisdakik.com"],"url":"https:\/\/kibrisdakik.com\/?author=1"}]}},"_links":{"self":[{"href":"https:\/\/kibrisdakik.com\/index.php?rest_route=\/wp\/v2\/posts\/45843","targetHints":{"allow":["GET"]}}],"collection":[{"href":"https:\/\/kibrisdakik.com\/index.php?rest_route=\/wp\/v2\/posts"}],"about":[{"href":"https:\/\/kibrisdakik.com\/index.php?rest_route=\/wp\/v2\/types\/post"}],"author":[{"embeddable":true,"href":"https:\/\/kibrisdakik.com\/index.php?rest_route=\/wp\/v2\/users\/1"}],"replies":[{"embeddable":true,"href":"https:\/\/kibrisdakik.com\/index.php?rest_route=%2Fwp%2Fv2%2Fcomments&post=45843"}],"version-history":[{"count":0,"href":"https:\/\/kibrisdakik.com\/index.php?rest_route=\/wp\/v2\/posts\/45843\/revisions"}],"wp:featuredmedia":[{"embeddable":true,"href":"https:\/\/kibrisdakik.com\/index.php?rest_route=\/wp\/v2\/media\/45844"}],"wp:attachment":[{"href":"https:\/\/kibrisdakik.com\/index.php?rest_route=%2Fwp%2Fv2%2Fmedia&parent=45843"}],"wp:term":[{"taxonomy":"category","embeddable":true,"href":"https:\/\/kibrisdakik.com\/index.php?rest_route=%2Fwp%2Fv2%2Fcategories&post=45843"},{"taxonomy":"post_tag","embeddable":true,"href":"https:\/\/kibrisdakik.com\/index.php?rest_route=%2Fwp%2Fv2%2Ftags&post=45843"}],"curies":[{"name":"wp","href":"https:\/\/api.w.org\/{rel}","templated":true}]}}