{"id":45857,"date":"2024-06-13T23:55:29","date_gmt":"2024-06-13T23:55:29","guid":{"rendered":"https:\/\/kibrisdakik.com\/index.php\/2024\/06\/13\/ctp-genel-baskani-erhurman-isias-otel-davasi-konusunda-aciklama-yapti\/"},"modified":"2024-06-13T23:55:29","modified_gmt":"2024-06-13T23:55:29","slug":"ctp-genel-baskani-erhurman-isias-otel-davasi-konusunda-aciklama-yapti","status":"publish","type":"post","link":"https:\/\/kibrisdakik.com\/?p=45857","title":{"rendered":"CTP Genel Ba\u015fkan\u0131 Erh\u00fcrman \u0130sias Otel davas\u0131 konusunda a\u00e7\u0131klama yapt\u0131"},"content":{"rendered":"<p><img decoding=\"async\" src=\"https:\/\/www.kibristurk.com\/images\/haberler\/2024\/06\/ctp-genel-baskani-erhurman-isias-otel-davasi-konusunda-aciklama-yapti-1718287804.webp\" \/><\/p>\n<p style=\"text-align:left\"><span style=\"font-size:16px\"><span style=\"font-family:Merriweather,serif !important\"><span style=\"color:#000000\"><span style=\"background-color:#ffffff\">Partiden yap\u0131lan a\u00e7\u0131klamaya g\u00f6re, Erh\u00fcrman, Ad\u0131yaman d\u00f6n\u00fc\u015f\u00fc yapt\u0131\u011f\u0131 sosyal medya payla\u015f\u0131m\u0131yla \u201c\u0130sias ortak davam\u0131z!\u201d ifadelerini kulland\u0131.<\/span><\/span><\/span><\/span><\/p>\n<p style=\"text-align:left\"><span style=\"font-size:16px\"><span style=\"font-family:Merriweather,serif !important\"><span style=\"color:#000000\"><span style=\"background-color:#ffffff\">Erh\u00fcrman\u2019\u0131n payla\u015f\u0131m\u0131 \u015f\u00f6yle:<\/span><\/span><\/span><\/span><\/p>\n<p style=\"text-align:left\"><span style=\"font-size:16px\"><span style=\"font-family:Merriweather,serif !important\"><span style=\"color:#000000\"><span style=\"background-color:#ffffff\"><span style=\"font-size:16px !important\"><span style=\"font-family:Merriweather,serif !important\"><span style=\"color:#000000 !important\">\u201cAd\u0131yaman&#8217;dan d\u00f6nd\u00fck.&nbsp;<\/span><\/span><\/span><\/span><\/span><\/span><\/span><\/p>\n<p style=\"text-align:left\"><span style=\"font-size:16px\"><span style=\"font-family:Merriweather,serif !important\"><span style=\"color:#000000\"><span style=\"background-color:#ffffff\"><span style=\"font-size:16px !important\"><span style=\"font-family:Merriweather,serif !important\"><span style=\"color:#000000 !important\">22 Ekim&#8217;e erteleme var. Halen tutuklu bulunanlar\u0131n tutuklulu\u011funun devam\u0131na ili\u015fkin karar var. Beklenen bir bilirki\u015fi raporu var. San\u0131klar\u0131n tahamm\u00fcl\u00fc zorlayan savunmalar\u0131 var. Belediye g\u00f6revlilerinin davas\u0131yla devam etmekte olan davan\u0131n birle\u015ftirilmesi olas\u0131l\u0131\u011f\u0131n\u0131n y\u00fckselmesi var ki \u00f6nemli.<\/span><\/span><\/span><\/span><\/span><\/span><\/span><\/p>\n<p style=\"text-align:left\"><span style=\"font-size:16px\"><span style=\"font-family:Merriweather,serif !important\"><span style=\"color:#000000\"><span style=\"background-color:#ffffff\"><span style=\"font-size:16px !important\"><span style=\"font-family:Merriweather,serif !important\"><span style=\"color:#000000 !important\">Ama en \u00f6nemlisi \u015fu: Ailelerimiz yine dimdik. Yine sab\u0131rl\u0131, metin, sars\u0131lmaz bir dayan\u0131\u015fma i\u00e7inde ve kararl\u0131.<\/span><\/span><\/span><\/span><\/span><\/span><\/span><\/p>\n<p style=\"text-align:left\"><span style=\"font-size:16px\"><span style=\"font-family:Merriweather,serif !important\"><span style=\"color:#000000\"><span style=\"background-color:#ffffff\"><span style=\"font-size:16px !important\"><span style=\"font-family:Merriweather,serif !important\"><span style=\"color:#000000 !important\">Her duru\u015fmada say\u0131lar\u0131 biraz daha artan kaybetti\u011fimiz rehberlerimizin aileleri hepimizi duyguland\u0131racak \u015fekilde &#8220;iyi ki vars\u0131n\u0131z ve birlikte m\u00fccadele ediyoruz&#8221; diyorlar ailelerimize.<\/span><\/span><\/span><\/span><\/span><\/span><\/span><\/p>\n<p style=\"text-align:left\"><span style=\"font-size:16px\"><span style=\"font-family:Merriweather,serif !important\"><span style=\"color:#000000\"><span style=\"background-color:#ffffff\"><span style=\"font-size:16px !important\"><span style=\"font-family:Merriweather,serif !important\"><span style=\"color:#000000 !important\">Hep s\u00f6yledim, yine s\u00f6yl\u00fcyorum. Onlarla ayn\u0131 topraklarda nefes al\u0131p vermekten gurur duyuyorum. \u0130sias ortak davam\u0131z! Adalet i\u00e7in sonuna kadar yanlar\u0131nday\u0131z&#8230; Ayaklar\u0131 nereye basarsa, ayaklar\u0131m\u0131z oraya basacak&#8230; #isiasortakdavam\u0131z\u201d<\/span><\/span><\/span><\/span><\/span><\/span><\/span><\/p>\n","protected":false},"excerpt":{"rendered":"<p>Partiden yap\u0131lan a\u00e7\u0131klamaya g\u00f6re, Erh\u00fcrman, Ad\u0131yaman d\u00f6n\u00fc\u015f\u00fc yapt\u0131\u011f\u0131 sosyal medya payla\u015f\u0131m\u0131yla \u201c\u0130sias ortak davam\u0131z!\u201d ifadelerini kulland\u0131. Erh\u00fcrman\u2019\u0131n payla\u015f\u0131m\u0131 \u015f\u00f6yle: \u201cAd\u0131yaman&#8217;dan d\u00f6nd\u00fck.&nbsp; 22 Ekim&#8217;e erteleme var. Halen tutuklu bulunanlar\u0131n tutuklulu\u011funun devam\u0131na ili\u015fkin karar var. Beklenen bir bilirki\u015fi raporu var. San\u0131klar\u0131n tahamm\u00fcl\u00fc zorlayan savunmalar\u0131 var. Belediye g\u00f6revlilerinin davas\u0131yla devam etmekte olan davan\u0131n birle\u015ftirilmesi olas\u0131l\u0131\u011f\u0131n\u0131n y\u00fckselmesi var ki<\/p>\n","protected":false},"author":1,"featured_media":45858,"comment_status":"open","ping_status":"open","sticky":false,"template":"","format":"standard","meta":{"footnotes":""},"categories":[85],"tags":[],"class_list":["post-45857","post","type-post","status-publish","format-standard","has-post-thumbnail","hentry","category-spor"],"yoast_head":"<!-- This site is optimized with the Yoast SEO plugin v27.5 - https:\/\/yoast.com\/product\/yoast-seo-wordpress\/ -->\n<title>CTP Genel Ba\u015fkan\u0131 Erh\u00fcrman \u0130sias Otel davas\u0131 konusunda a\u00e7\u0131klama yapt\u0131 -<\/title>\n<meta name=\"robots\" content=\"index, follow, max-snippet:-1, max-image-preview:large, max-video-preview:-1\" \/>\n<link rel=\"canonical\" href=\"https:\/\/kibrisdakik.com\/?p=45857\" \/>\n<meta property=\"og:locale\" content=\"tr_TR\" \/>\n<meta property=\"og:type\" content=\"article\" \/>\n<meta property=\"og:title\" content=\"CTP Genel Ba\u015fkan\u0131 Erh\u00fcrman \u0130sias Otel davas\u0131 konusunda a\u00e7\u0131klama yapt\u0131 -\" \/>\n<meta property=\"og:description\" content=\"Partiden yap\u0131lan a\u00e7\u0131klamaya g\u00f6re, Erh\u00fcrman, Ad\u0131yaman d\u00f6n\u00fc\u015f\u00fc yapt\u0131\u011f\u0131 sosyal medya payla\u015f\u0131m\u0131yla \u201c\u0130sias ortak davam\u0131z!\u201d ifadelerini kulland\u0131. Erh\u00fcrman\u2019\u0131n payla\u015f\u0131m\u0131 \u015f\u00f6yle: \u201cAd\u0131yaman&#8217;dan d\u00f6nd\u00fck.&nbsp; 22 Ekim&#8217;e erteleme var. Halen tutuklu bulunanlar\u0131n tutuklulu\u011funun devam\u0131na ili\u015fkin karar var. Beklenen bir bilirki\u015fi raporu var. San\u0131klar\u0131n tahamm\u00fcl\u00fc zorlayan savunmalar\u0131 var. Belediye g\u00f6revlilerinin davas\u0131yla devam etmekte olan davan\u0131n birle\u015ftirilmesi olas\u0131l\u0131\u011f\u0131n\u0131n y\u00fckselmesi var ki\" \/>\n<meta property=\"og:url\" content=\"https:\/\/kibrisdakik.com\/?p=45857\" \/>\n<meta property=\"article:published_time\" content=\"2024-06-13T23:55:29+00:00\" \/>\n<meta property=\"og:image\" content=\"https:\/\/kibrisdakik.com\/wp-content\/uploads\/2024\/06\/ctp-genel-baskani-erhurman-isias-otel-davasi-konusunda-aciklama-yapti-1718287804.webp.webp\" \/>\n\t<meta property=\"og:image:width\" content=\"710\" \/>\n\t<meta property=\"og:image:height\" content=\"370\" \/>\n\t<meta property=\"og:image:type\" content=\"image\/webp\" \/>\n<meta name=\"author\" content=\"admin\" \/>\n<meta name=\"twitter:card\" content=\"summary_large_image\" \/>\n<meta name=\"twitter:label1\" content=\"Yazan:\" \/>\n\t<meta name=\"twitter:data1\" content=\"admin\" \/>\n\t<meta name=\"twitter:label2\" content=\"Tahmini okuma s\u00fcresi\" \/>\n\t<meta name=\"twitter:data2\" content=\"1 dakika\" \/>\n<script type=\"application\/ld+json\" class=\"yoast-schema-graph\">{\"@context\":\"https:\\\/\\\/schema.org\",\"@graph\":[{\"@type\":\"Article\",\"@id\":\"https:\\\/\\\/kibrisdakik.com\\\/?p=45857#article\",\"isPartOf\":{\"@id\":\"https:\\\/\\\/kibrisdakik.com\\\/?p=45857\"},\"author\":{\"name\":\"admin\",\"@id\":\"https:\\\/\\\/kibrisdakik.com\\\/#\\\/schema\\\/person\\\/9cd9d437bbb44f72b73ba127e06d8e79\"},\"headline\":\"CTP Genel Ba\u015fkan\u0131 Erh\u00fcrman \u0130sias Otel davas\u0131 konusunda a\u00e7\u0131klama yapt\u0131\",\"datePublished\":\"2024-06-13T23:55:29+00:00\",\"mainEntityOfPage\":{\"@id\":\"https:\\\/\\\/kibrisdakik.com\\\/?p=45857\"},\"wordCount\":186,\"commentCount\":0,\"image\":{\"@id\":\"https:\\\/\\\/kibrisdakik.com\\\/?p=45857#primaryimage\"},\"thumbnailUrl\":\"https:\\\/\\\/kibrisdakik.com\\\/wp-content\\\/uploads\\\/2024\\\/06\\\/ctp-genel-baskani-erhurman-isias-otel-davasi-konusunda-aciklama-yapti-1718287804.webp.webp\",\"articleSection\":[\"Spor\"],\"inLanguage\":\"tr\",\"potentialAction\":[{\"@type\":\"CommentAction\",\"name\":\"Comment\",\"target\":[\"https:\\\/\\\/kibrisdakik.com\\\/?p=45857#respond\"]}]},{\"@type\":\"WebPage\",\"@id\":\"https:\\\/\\\/kibrisdakik.com\\\/?p=45857\",\"url\":\"https:\\\/\\\/kibrisdakik.com\\\/?p=45857\",\"name\":\"CTP Genel Ba\u015fkan\u0131 Erh\u00fcrman \u0130sias Otel davas\u0131 konusunda a\u00e7\u0131klama yapt\u0131 -\",\"isPartOf\":{\"@id\":\"https:\\\/\\\/kibrisdakik.com\\\/#website\"},\"primaryImageOfPage\":{\"@id\":\"https:\\\/\\\/kibrisdakik.com\\\/?p=45857#primaryimage\"},\"image\":{\"@id\":\"https:\\\/\\\/kibrisdakik.com\\\/?p=45857#primaryimage\"},\"thumbnailUrl\":\"https:\\\/\\\/kibrisdakik.com\\\/wp-content\\\/uploads\\\/2024\\\/06\\\/ctp-genel-baskani-erhurman-isias-otel-davasi-konusunda-aciklama-yapti-1718287804.webp.webp\",\"datePublished\":\"2024-06-13T23:55:29+00:00\",\"author\":{\"@id\":\"https:\\\/\\\/kibrisdakik.com\\\/#\\\/schema\\\/person\\\/9cd9d437bbb44f72b73ba127e06d8e79\"},\"breadcrumb\":{\"@id\":\"https:\\\/\\\/kibrisdakik.com\\\/?p=45857#breadcrumb\"},\"inLanguage\":\"tr\",\"potentialAction\":[{\"@type\":\"ReadAction\",\"target\":[\"https:\\\/\\\/kibrisdakik.com\\\/?p=45857\"]}]},{\"@type\":\"ImageObject\",\"inLanguage\":\"tr\",\"@id\":\"https:\\\/\\\/kibrisdakik.com\\\/?p=45857#primaryimage\",\"url\":\"https:\\\/\\\/kibrisdakik.com\\\/wp-content\\\/uploads\\\/2024\\\/06\\\/ctp-genel-baskani-erhurman-isias-otel-davasi-konusunda-aciklama-yapti-1718287804.webp.webp\",\"contentUrl\":\"https:\\\/\\\/kibrisdakik.com\\\/wp-content\\\/uploads\\\/2024\\\/06\\\/ctp-genel-baskani-erhurman-isias-otel-davasi-konusunda-aciklama-yapti-1718287804.webp.webp\",\"width\":710,\"height\":370},{\"@type\":\"BreadcrumbList\",\"@id\":\"https:\\\/\\\/kibrisdakik.com\\\/?p=45857#breadcrumb\",\"itemListElement\":[{\"@type\":\"ListItem\",\"position\":1,\"name\":\"Home\",\"item\":\"https:\\\/\\\/kibrisdakik.com\\\/\"},{\"@type\":\"ListItem\",\"position\":2,\"name\":\"CTP Genel Ba\u015fkan\u0131 Erh\u00fcrman \u0130sias Otel davas\u0131 konusunda a\u00e7\u0131klama yapt\u0131\"}]},{\"@type\":\"WebSite\",\"@id\":\"https:\\\/\\\/kibrisdakik.com\\\/#website\",\"url\":\"https:\\\/\\\/kibrisdakik.com\\\/\",\"name\":\"\",\"description\":\"Tam vaktinde haber\",\"potentialAction\":[{\"@type\":\"SearchAction\",\"target\":{\"@type\":\"EntryPoint\",\"urlTemplate\":\"https:\\\/\\\/kibrisdakik.com\\\/?s={search_term_string}\"},\"query-input\":{\"@type\":\"PropertyValueSpecification\",\"valueRequired\":true,\"valueName\":\"search_term_string\"}}],\"inLanguage\":\"tr\"},{\"@type\":\"Person\",\"@id\":\"https:\\\/\\\/kibrisdakik.com\\\/#\\\/schema\\\/person\\\/9cd9d437bbb44f72b73ba127e06d8e79\",\"name\":\"admin\",\"image\":{\"@type\":\"ImageObject\",\"inLanguage\":\"tr\",\"@id\":\"https:\\\/\\\/secure.gravatar.com\\\/avatar\\\/ccc17943b9d660506c869530f897617f7cb1c21a4bf30023f252596d83e1f007?s=96&d=mm&r=g\",\"url\":\"https:\\\/\\\/secure.gravatar.com\\\/avatar\\\/ccc17943b9d660506c869530f897617f7cb1c21a4bf30023f252596d83e1f007?s=96&d=mm&r=g\",\"contentUrl\":\"https:\\\/\\\/secure.gravatar.com\\\/avatar\\\/ccc17943b9d660506c869530f897617f7cb1c21a4bf30023f252596d83e1f007?s=96&d=mm&r=g\",\"caption\":\"admin\"},\"sameAs\":[\"https:\\\/\\\/kibrisdakik.com\"],\"url\":\"https:\\\/\\\/kibrisdakik.com\\\/?author=1\"}]}<\/script>\n<!-- \/ Yoast SEO plugin. -->","yoast_head_json":{"title":"CTP Genel Ba\u015fkan\u0131 Erh\u00fcrman \u0130sias Otel davas\u0131 konusunda a\u00e7\u0131klama yapt\u0131 -","robots":{"index":"index","follow":"follow","max-snippet":"max-snippet:-1","max-image-preview":"max-image-preview:large","max-video-preview":"max-video-preview:-1"},"canonical":"https:\/\/kibrisdakik.com\/?p=45857","og_locale":"tr_TR","og_type":"article","og_title":"CTP Genel Ba\u015fkan\u0131 Erh\u00fcrman \u0130sias Otel davas\u0131 konusunda a\u00e7\u0131klama yapt\u0131 -","og_description":"Partiden yap\u0131lan a\u00e7\u0131klamaya g\u00f6re, Erh\u00fcrman, Ad\u0131yaman d\u00f6n\u00fc\u015f\u00fc yapt\u0131\u011f\u0131 sosyal medya payla\u015f\u0131m\u0131yla \u201c\u0130sias ortak davam\u0131z!\u201d ifadelerini kulland\u0131. Erh\u00fcrman\u2019\u0131n payla\u015f\u0131m\u0131 \u015f\u00f6yle: \u201cAd\u0131yaman&#8217;dan d\u00f6nd\u00fck.&nbsp; 22 Ekim&#8217;e erteleme var. Halen tutuklu bulunanlar\u0131n tutuklulu\u011funun devam\u0131na ili\u015fkin karar var. Beklenen bir bilirki\u015fi raporu var. San\u0131klar\u0131n tahamm\u00fcl\u00fc zorlayan savunmalar\u0131 var. Belediye g\u00f6revlilerinin davas\u0131yla devam etmekte olan davan\u0131n birle\u015ftirilmesi olas\u0131l\u0131\u011f\u0131n\u0131n y\u00fckselmesi var ki","og_url":"https:\/\/kibrisdakik.com\/?p=45857","article_published_time":"2024-06-13T23:55:29+00:00","og_image":[{"width":710,"height":370,"url":"https:\/\/kibrisdakik.com\/wp-content\/uploads\/2024\/06\/ctp-genel-baskani-erhurman-isias-otel-davasi-konusunda-aciklama-yapti-1718287804.webp.webp","type":"image\/webp"}],"author":"admin","twitter_card":"summary_large_image","twitter_misc":{"Yazan:":"admin","Tahmini okuma s\u00fcresi":"1 dakika"},"schema":{"@context":"https:\/\/schema.org","@graph":[{"@type":"Article","@id":"https:\/\/kibrisdakik.com\/?p=45857#article","isPartOf":{"@id":"https:\/\/kibrisdakik.com\/?p=45857"},"author":{"name":"admin","@id":"https:\/\/kibrisdakik.com\/#\/schema\/person\/9cd9d437bbb44f72b73ba127e06d8e79"},"headline":"CTP Genel Ba\u015fkan\u0131 Erh\u00fcrman \u0130sias Otel davas\u0131 konusunda a\u00e7\u0131klama yapt\u0131","datePublished":"2024-06-13T23:55:29+00:00","mainEntityOfPage":{"@id":"https:\/\/kibrisdakik.com\/?p=45857"},"wordCount":186,"commentCount":0,"image":{"@id":"https:\/\/kibrisdakik.com\/?p=45857#primaryimage"},"thumbnailUrl":"https:\/\/kibrisdakik.com\/wp-content\/uploads\/2024\/06\/ctp-genel-baskani-erhurman-isias-otel-davasi-konusunda-aciklama-yapti-1718287804.webp.webp","articleSection":["Spor"],"inLanguage":"tr","potentialAction":[{"@type":"CommentAction","name":"Comment","target":["https:\/\/kibrisdakik.com\/?p=45857#respond"]}]},{"@type":"WebPage","@id":"https:\/\/kibrisdakik.com\/?p=45857","url":"https:\/\/kibrisdakik.com\/?p=45857","name":"CTP Genel Ba\u015fkan\u0131 Erh\u00fcrman \u0130sias Otel davas\u0131 konusunda a\u00e7\u0131klama yapt\u0131 -","isPartOf":{"@id":"https:\/\/kibrisdakik.com\/#website"},"primaryImageOfPage":{"@id":"https:\/\/kibrisdakik.com\/?p=45857#primaryimage"},"image":{"@id":"https:\/\/kibrisdakik.com\/?p=45857#primaryimage"},"thumbnailUrl":"https:\/\/kibrisdakik.com\/wp-content\/uploads\/2024\/06\/ctp-genel-baskani-erhurman-isias-otel-davasi-konusunda-aciklama-yapti-1718287804.webp.webp","datePublished":"2024-06-13T23:55:29+00:00","author":{"@id":"https:\/\/kibrisdakik.com\/#\/schema\/person\/9cd9d437bbb44f72b73ba127e06d8e79"},"breadcrumb":{"@id":"https:\/\/kibrisdakik.com\/?p=45857#breadcrumb"},"inLanguage":"tr","potentialAction":[{"@type":"ReadAction","target":["https:\/\/kibrisdakik.com\/?p=45857"]}]},{"@type":"ImageObject","inLanguage":"tr","@id":"https:\/\/kibrisdakik.com\/?p=45857#primaryimage","url":"https:\/\/kibrisdakik.com\/wp-content\/uploads\/2024\/06\/ctp-genel-baskani-erhurman-isias-otel-davasi-konusunda-aciklama-yapti-1718287804.webp.webp","contentUrl":"https:\/\/kibrisdakik.com\/wp-content\/uploads\/2024\/06\/ctp-genel-baskani-erhurman-isias-otel-davasi-konusunda-aciklama-yapti-1718287804.webp.webp","width":710,"height":370},{"@type":"BreadcrumbList","@id":"https:\/\/kibrisdakik.com\/?p=45857#breadcrumb","itemListElement":[{"@type":"ListItem","position":1,"name":"Home","item":"https:\/\/kibrisdakik.com\/"},{"@type":"ListItem","position":2,"name":"CTP Genel Ba\u015fkan\u0131 Erh\u00fcrman \u0130sias Otel davas\u0131 konusunda a\u00e7\u0131klama yapt\u0131"}]},{"@type":"WebSite","@id":"https:\/\/kibrisdakik.com\/#website","url":"https:\/\/kibrisdakik.com\/","name":"","description":"Tam vaktinde haber","potentialAction":[{"@type":"SearchAction","target":{"@type":"EntryPoint","urlTemplate":"https:\/\/kibrisdakik.com\/?s={search_term_string}"},"query-input":{"@type":"PropertyValueSpecification","valueRequired":true,"valueName":"search_term_string"}}],"inLanguage":"tr"},{"@type":"Person","@id":"https:\/\/kibrisdakik.com\/#\/schema\/person\/9cd9d437bbb44f72b73ba127e06d8e79","name":"admin","image":{"@type":"ImageObject","inLanguage":"tr","@id":"https:\/\/secure.gravatar.com\/avatar\/ccc17943b9d660506c869530f897617f7cb1c21a4bf30023f252596d83e1f007?s=96&d=mm&r=g","url":"https:\/\/secure.gravatar.com\/avatar\/ccc17943b9d660506c869530f897617f7cb1c21a4bf30023f252596d83e1f007?s=96&d=mm&r=g","contentUrl":"https:\/\/secure.gravatar.com\/avatar\/ccc17943b9d660506c869530f897617f7cb1c21a4bf30023f252596d83e1f007?s=96&d=mm&r=g","caption":"admin"},"sameAs":["https:\/\/kibrisdakik.com"],"url":"https:\/\/kibrisdakik.com\/?author=1"}]}},"_links":{"self":[{"href":"https:\/\/kibrisdakik.com\/index.php?rest_route=\/wp\/v2\/posts\/45857","targetHints":{"allow":["GET"]}}],"collection":[{"href":"https:\/\/kibrisdakik.com\/index.php?rest_route=\/wp\/v2\/posts"}],"about":[{"href":"https:\/\/kibrisdakik.com\/index.php?rest_route=\/wp\/v2\/types\/post"}],"author":[{"embeddable":true,"href":"https:\/\/kibrisdakik.com\/index.php?rest_route=\/wp\/v2\/users\/1"}],"replies":[{"embeddable":true,"href":"https:\/\/kibrisdakik.com\/index.php?rest_route=%2Fwp%2Fv2%2Fcomments&post=45857"}],"version-history":[{"count":0,"href":"https:\/\/kibrisdakik.com\/index.php?rest_route=\/wp\/v2\/posts\/45857\/revisions"}],"wp:featuredmedia":[{"embeddable":true,"href":"https:\/\/kibrisdakik.com\/index.php?rest_route=\/wp\/v2\/media\/45858"}],"wp:attachment":[{"href":"https:\/\/kibrisdakik.com\/index.php?rest_route=%2Fwp%2Fv2%2Fmedia&parent=45857"}],"wp:term":[{"taxonomy":"category","embeddable":true,"href":"https:\/\/kibrisdakik.com\/index.php?rest_route=%2Fwp%2Fv2%2Fcategories&post=45857"},{"taxonomy":"post_tag","embeddable":true,"href":"https:\/\/kibrisdakik.com\/index.php?rest_route=%2Fwp%2Fv2%2Ftags&post=45857"}],"curies":[{"name":"wp","href":"https:\/\/api.w.org\/{rel}","templated":true}]}}