{"id":4588,"date":"2023-04-04T22:27:50","date_gmt":"2023-04-04T22:27:50","guid":{"rendered":"https:\/\/kibrisdakik.com\/index.php\/2023\/04\/04\/cumhurbaskani-tatar-kib-tek-yetkilileriyle-gorustu-vatandasin-magdur-olmasinin-hicbir-faydasi-olmaz-herkesi-sagduyuya-cagiriyorum\/"},"modified":"2023-04-04T22:27:50","modified_gmt":"2023-04-04T22:27:50","slug":"cumhurbaskani-tatar-kib-tek-yetkilileriyle-gorustu-vatandasin-magdur-olmasinin-hicbir-faydasi-olmaz-herkesi-sagduyuya-cagiriyorum","status":"publish","type":"post","link":"https:\/\/kibrisdakik.com\/?p=4588","title":{"rendered":"Cumhurba\u015fkan\u0131 Tatar, K\u0131b-Tek yetkilileriyle g\u00f6r\u00fc\u015ft\u00fc: Vatanda\u015f\u0131n ma\u011fdur olmas\u0131n\u0131n hi\u00e7bir faydas\u0131 olmaz, herkesi sa\u011fduyuya \u00e7a\u011f\u0131r\u0131yorum"},"content":{"rendered":"<p><\/p>\n<div>\n<div class=\"mariselle-image-container center\">\n                <img width=\"1024\" height=\"682\" class=\"lazy-image\" alt=\"\" decoding=\"async\" loading=\"lazy\" sizes=\"auto, (max-width: 1024px) 100vw, 1024px\" src=\"https:\/\/brtk.net\/wp-content\/uploads\/2023\/04\/04\/tatar-kib-tek-3--1024x682.jpg?ver=5b03d395e1b70b3cdf32952526c137d7\" srcset=\"https:\/\/brtk.net\/wp-content\/uploads\/2023\/04\/04\/tatar-kib-tek-3--1024x682.jpg?ver=8b090fa02ea3143f6b413dee112223b4 1024w, https:\/\/brtk.net\/wp-content\/uploads\/2023\/04\/04\/tatar-kib-tek-3--300x200.jpg?ver=8b090fa02ea3143f6b413dee112223b4 300w, https:\/\/brtk.net\/wp-content\/uploads\/2023\/04\/04\/tatar-kib-tek-3--768x512.jpg?ver=8b090fa02ea3143f6b413dee112223b4 768w, https:\/\/brtk.net\/wp-content\/uploads\/2023\/04\/04\/tatar-kib-tek-3--1536x1023.jpg?ver=26c757da0f9c4d500f2590f60474ad3c 1536w, https:\/\/brtk.net\/wp-content\/uploads\/2023\/04\/04\/tatar-kib-tek-3-.jpg?ver=5b03d395e1b70b3cdf32952526c137d7 1600w\"\/>                            <\/div>\n<p>Cumhurba\u015fkan\u0131 <a href=\"https:\/\/brtk.net\/\" target=\"_blank\" rel=\"noopener\"><a href=\"https:\/\/brtk.net\/\" target=\"_blank\" rel=\"noopener\">Ersin <\/a><a href=\"https:\/\/brtk.net\/\"\/><a href=\"https:\/\/brtk.net\/\"\/><a href=\"https:\/\/brtk.net\/\"\/><a href=\"https:\/\/brtk.net\/\"\/><a href=\"https:\/\/brtk.net\/\">Tatar<\/a>, K\u0131b-Tek Y\u00f6netim Kurulu ve Genel M\u00fcd\u00fcr\u00fc\u2019n\u00fc kabul etti, elektrik kesintileriyle ilgili \u201cVatanda\u015f\u0131n ma\u011fdur olmas\u0131n\u0131n hi\u00e7bir faydas\u0131 olmaz, herkesi sa\u011fduyuya \u00e7a\u011f\u0131r\u0131yorum\u201d dedi.<\/p>\n<p>Cumhurba\u015fkanl\u0131\u011f\u0131\u2019ndan yap\u0131lan a\u00e7\u0131klamaya g\u00f6re, Cumhurba\u015fkan\u0131 <a href=\"https:\/\/brtk.net\/\" target=\"_blank\" rel=\"noopener\"><a href=\"https:\/\/brtk.net\/\" target=\"_blank\" rel=\"noopener\">Ersin <\/a><a href=\"https:\/\/brtk.net\/\"\/><a href=\"https:\/\/brtk.net\/\"\/><a href=\"https:\/\/brtk.net\/\"\/><a href=\"https:\/\/brtk.net\/\"\/><a href=\"https:\/\/brtk.net\/\">Tatar<\/a>, halk\u0131n ma\u011fdur olmamas\u0131n\u0131n esas oldu\u011funu vurgulayarak \u00e7al\u0131\u015fmalar\u0131n hem halk\u0131n hem de kurumun menfaatine de\u011ferlendirilmesi gerekti\u011fini s\u00f6yledi.<\/p>\n<p>-\u201cVatanda\u015f ma\u011fdur\u2026 \u0130n\u015fallah sa\u011fduyu hakim olur\u201d<\/p>\n<p>Cumhurba\u015fkan\u0131 <a href=\"https:\/\/brtk.net\/\"\/><a href=\"https:\/\/brtk.net\/\"\/><a href=\"https:\/\/brtk.net\/\"\/><a href=\"https:\/\/brtk.net\/\"\/><a href=\"https:\/\/brtk.net\/\">Tatar<\/a> bug\u00fcn Cumhurba\u015fkanl\u0131\u011f\u0131\u2019nda KIB-TEK y\u00f6netim kurulu ve genel m\u00fcd\u00fcr\u00fc ile elektrik konusunda ger\u00e7ekle\u015ftirdi\u011fi toplant\u0131 sonras\u0131 yapt\u0131\u011f\u0131 a\u00e7\u0131klamada, \u201cVatanda\u015f \u015fu anda ma\u011fdurdur. Vatanda\u015f\u0131n ma\u011fdur olmas\u0131n\u0131n \u00fclkeye hi\u00e7bir faydas\u0131 yoktur. \u0130n\u015fallah sa\u011fduyu hakim olur\u201d dedi.<\/p>\n<p>Cumhurba\u015fkan\u0131 <a href=\"https:\/\/brtk.net\/\"\/><a href=\"https:\/\/brtk.net\/\"\/><a href=\"https:\/\/brtk.net\/\"\/><a href=\"https:\/\/brtk.net\/\"\/><a href=\"https:\/\/brtk.net\/\">Tatar<\/a>, verilen hizmetin halka en iyi \u015fekilde nas\u0131l verilece\u011fi konusunda h\u00fck\u00fcmetin ve y\u00f6netim kurulunun isti\u015fare etmesi gerekti\u011fini belirterek konuyla ilgili en iyi kararlar\u0131 verirken farkl\u0131 d\u00fc\u015f\u00fcncelerin isti\u015fare yoluyla \u00e7\u00f6z\u00fclebilece\u011fini s\u00f6yledi.<\/p>\n<p>Halk\u0131 ma\u011fdur eden eylemler ve eylemlere b\u00fcy\u00fck tepkinin olmas\u0131ndan dolay\u0131 duydu\u011fu \u00fcz\u00fcnt\u00fcy\u00fc payla\u015fan Cumhurba\u015fkan\u0131, \u201cBenim buradan \u00e7a\u011fr\u0131md\u0131r: En k\u0131sa s\u00fcrede isti\u015fare ile do\u011fru yol bulunsun. H\u00fck\u00fcmet var. Y\u00f6netim Kurulu var. Meclis var. Demokrasi var. T\u00fcm bunlar \u00e7er\u00e7evesinde en do\u011fru kararlar\u0131n al\u0131nmas\u0131 ve hizmetlerin devam\u0131 en b\u00fcy\u00fck temennimizdir\u201d diye konu\u015ftu. <\/p>\n<p>Akaryak\u0131t boyutu ve \u00fclkenin gelece\u011fi d\u00fc\u015f\u00fcn\u00fcld\u00fc\u011f\u00fcnde 40 mil uzakl\u0131ktaki T\u00fcrkiye Cumhuriyeti\u2019nden kablo ile elektrik sa\u011flanmas\u0131n\u0131n, yenilenebilir enerji ile kar\u015f\u0131l\u0131kl\u0131 enterkonnekte olunmas\u0131 projesinin uzun vadedeki \u00f6nemine i\u015faret eden Cumhurba\u015fkan\u0131 <a href=\"https:\/\/brtk.net\/\"\/><a href=\"https:\/\/brtk.net\/\"\/><a href=\"https:\/\/brtk.net\/\"\/><a href=\"https:\/\/brtk.net\/\"\/><a href=\"https:\/\/brtk.net\/\">Tatar<\/a>, daha verimli ve \u00e7a\u011fda\u015f enerjiyle bulu\u015fulabilmesinin ve kablo ile elektrik sa\u011flanmas\u0131n\u0131n \u00f6neminin alt\u0131n\u0131 \u00e7izdi.<\/p>\n<p>T\u00fcrkiye Cumhuriyeti ile isti\u015fare i\u00e7erisinde bu projenin hayata ge\u00e7irilmesi i\u00e7in en \u00fcst d\u00fczeyde bir kararl\u0131l\u0131\u011f\u0131n oldu\u011funu kaydeden Cumhurba\u015fkan\u0131 <a href=\"https:\/\/brtk.net\/\"\/><a href=\"https:\/\/brtk.net\/\"\/><a href=\"https:\/\/brtk.net\/\"\/><a href=\"https:\/\/brtk.net\/\"\/><a href=\"https:\/\/brtk.net\/\">Tatar<\/a>, halk\u0131n ma\u011fdur olmamas\u0131n\u0131n \u00f6nemini vurgulad\u0131.<\/p>\n<\/p><\/div>\n<p><script async\n                    defer\n                    crossorigin=\"anonymous\"\n                    src=\"https:\/\/connect.facebook.net\/tr_TR\/sdk.js#xfbml=1&#038;version=v3.3\"\n            ><\/script><\/p>\n","protected":false},"excerpt":{"rendered":"<p>Cumhurba\u015fkan\u0131 Ersin Tatar, K\u0131b-Tek Y\u00f6netim Kurulu ve Genel M\u00fcd\u00fcr\u00fc\u2019n\u00fc kabul etti, elektrik kesintileriyle ilgili \u201cVatanda\u015f\u0131n ma\u011fdur olmas\u0131n\u0131n hi\u00e7bir faydas\u0131 olmaz, herkesi sa\u011fduyuya \u00e7a\u011f\u0131r\u0131yorum\u201d dedi. Cumhurba\u015fkanl\u0131\u011f\u0131\u2019ndan yap\u0131lan a\u00e7\u0131klamaya g\u00f6re, Cumhurba\u015fkan\u0131 Ersin Tatar, halk\u0131n ma\u011fdur olmamas\u0131n\u0131n esas oldu\u011funu vurgulayarak \u00e7al\u0131\u015fmalar\u0131n hem halk\u0131n hem de kurumun menfaatine de\u011ferlendirilmesi gerekti\u011fini s\u00f6yledi. -\u201cVatanda\u015f ma\u011fdur\u2026 \u0130n\u015fallah sa\u011fduyu hakim olur\u201d Cumhurba\u015fkan\u0131 Tatar<\/p>\n","protected":false},"author":1,"featured_media":4589,"comment_status":"open","ping_status":"open","sticky":false,"template":"","format":"standard","meta":{"footnotes":""},"categories":[1],"tags":[],"class_list":["post-4588","post","type-post","status-publish","format-standard","has-post-thumbnail","hentry","category-gundem"],"yoast_head":"<!-- This site is optimized with the Yoast SEO plugin v27.4 - https:\/\/yoast.com\/product\/yoast-seo-wordpress\/ -->\n<title>Cumhurba\u015fkan\u0131 Tatar, K\u0131b-Tek yetkilileriyle g\u00f6r\u00fc\u015ft\u00fc: Vatanda\u015f\u0131n ma\u011fdur olmas\u0131n\u0131n hi\u00e7bir faydas\u0131 olmaz, herkesi sa\u011fduyuya \u00e7a\u011f\u0131r\u0131yorum -<\/title>\n<meta name=\"robots\" content=\"index, follow, max-snippet:-1, max-image-preview:large, max-video-preview:-1\" \/>\n<link rel=\"canonical\" href=\"https:\/\/kibrisdakik.com\/?p=4588\" \/>\n<meta property=\"og:locale\" content=\"tr_TR\" \/>\n<meta property=\"og:type\" content=\"article\" \/>\n<meta property=\"og:title\" content=\"Cumhurba\u015fkan\u0131 Tatar, K\u0131b-Tek yetkilileriyle g\u00f6r\u00fc\u015ft\u00fc: Vatanda\u015f\u0131n ma\u011fdur olmas\u0131n\u0131n hi\u00e7bir faydas\u0131 olmaz, herkesi sa\u011fduyuya \u00e7a\u011f\u0131r\u0131yorum -\" \/>\n<meta property=\"og:description\" content=\"Cumhurba\u015fkan\u0131 Ersin Tatar, K\u0131b-Tek Y\u00f6netim Kurulu ve Genel M\u00fcd\u00fcr\u00fc\u2019n\u00fc kabul etti, elektrik kesintileriyle ilgili \u201cVatanda\u015f\u0131n ma\u011fdur olmas\u0131n\u0131n hi\u00e7bir faydas\u0131 olmaz, herkesi sa\u011fduyuya \u00e7a\u011f\u0131r\u0131yorum\u201d dedi. Cumhurba\u015fkanl\u0131\u011f\u0131\u2019ndan yap\u0131lan a\u00e7\u0131klamaya g\u00f6re, Cumhurba\u015fkan\u0131 Ersin Tatar, halk\u0131n ma\u011fdur olmamas\u0131n\u0131n esas oldu\u011funu vurgulayarak \u00e7al\u0131\u015fmalar\u0131n hem halk\u0131n hem de kurumun menfaatine de\u011ferlendirilmesi gerekti\u011fini s\u00f6yledi. -\u201cVatanda\u015f ma\u011fdur\u2026 \u0130n\u015fallah sa\u011fduyu hakim olur\u201d Cumhurba\u015fkan\u0131 Tatar\" \/>\n<meta property=\"og:url\" content=\"https:\/\/kibrisdakik.com\/?p=4588\" \/>\n<meta property=\"article:published_time\" content=\"2023-04-04T22:27:50+00:00\" \/>\n<meta property=\"og:image\" content=\"https:\/\/kibrisdakik.com\/wp-content\/uploads\/2023\/04\/tatar-kib-tek-3--740x420.jpg\" \/>\n\t<meta property=\"og:image:width\" content=\"1600\" \/>\n\t<meta property=\"og:image:height\" content=\"1066\" \/>\n\t<meta property=\"og:image:type\" content=\"image\/jpeg\" \/>\n<meta name=\"author\" content=\"admin\" \/>\n<meta name=\"twitter:card\" content=\"summary_large_image\" \/>\n<meta name=\"twitter:label1\" content=\"Yazan:\" \/>\n\t<meta name=\"twitter:data1\" content=\"admin\" \/>\n\t<meta name=\"twitter:label2\" content=\"Tahmini okuma s\u00fcresi\" \/>\n\t<meta name=\"twitter:data2\" content=\"2 dakika\" \/>\n<script type=\"application\/ld+json\" class=\"yoast-schema-graph\">{\"@context\":\"https:\\\/\\\/schema.org\",\"@graph\":[{\"@type\":\"Article\",\"@id\":\"https:\\\/\\\/kibrisdakik.com\\\/?p=4588#article\",\"isPartOf\":{\"@id\":\"https:\\\/\\\/kibrisdakik.com\\\/?p=4588\"},\"author\":{\"name\":\"admin\",\"@id\":\"https:\\\/\\\/kibrisdakik.com\\\/#\\\/schema\\\/person\\\/9cd9d437bbb44f72b73ba127e06d8e79\"},\"headline\":\"Cumhurba\u015fkan\u0131 Tatar, K\u0131b-Tek yetkilileriyle g\u00f6r\u00fc\u015ft\u00fc: Vatanda\u015f\u0131n ma\u011fdur olmas\u0131n\u0131n hi\u00e7bir faydas\u0131 olmaz, herkesi sa\u011fduyuya \u00e7a\u011f\u0131r\u0131yorum\",\"datePublished\":\"2023-04-04T22:27:50+00:00\",\"mainEntityOfPage\":{\"@id\":\"https:\\\/\\\/kibrisdakik.com\\\/?p=4588\"},\"wordCount\":388,\"commentCount\":0,\"image\":{\"@id\":\"https:\\\/\\\/kibrisdakik.com\\\/?p=4588#primaryimage\"},\"thumbnailUrl\":\"https:\\\/\\\/kibrisdakik.com\\\/wp-content\\\/uploads\\\/2023\\\/04\\\/tatar-kib-tek-3--740x420.jpg\",\"articleSection\":[\"G\u00fcndem\"],\"inLanguage\":\"tr\",\"potentialAction\":[{\"@type\":\"CommentAction\",\"name\":\"Comment\",\"target\":[\"https:\\\/\\\/kibrisdakik.com\\\/?p=4588#respond\"]}]},{\"@type\":\"WebPage\",\"@id\":\"https:\\\/\\\/kibrisdakik.com\\\/?p=4588\",\"url\":\"https:\\\/\\\/kibrisdakik.com\\\/?p=4588\",\"name\":\"Cumhurba\u015fkan\u0131 Tatar, K\u0131b-Tek yetkilileriyle g\u00f6r\u00fc\u015ft\u00fc: Vatanda\u015f\u0131n ma\u011fdur olmas\u0131n\u0131n hi\u00e7bir faydas\u0131 olmaz, herkesi sa\u011fduyuya \u00e7a\u011f\u0131r\u0131yorum -\",\"isPartOf\":{\"@id\":\"https:\\\/\\\/kibrisdakik.com\\\/#website\"},\"primaryImageOfPage\":{\"@id\":\"https:\\\/\\\/kibrisdakik.com\\\/?p=4588#primaryimage\"},\"image\":{\"@id\":\"https:\\\/\\\/kibrisdakik.com\\\/?p=4588#primaryimage\"},\"thumbnailUrl\":\"https:\\\/\\\/kibrisdakik.com\\\/wp-content\\\/uploads\\\/2023\\\/04\\\/tatar-kib-tek-3--740x420.jpg\",\"datePublished\":\"2023-04-04T22:27:50+00:00\",\"author\":{\"@id\":\"https:\\\/\\\/kibrisdakik.com\\\/#\\\/schema\\\/person\\\/9cd9d437bbb44f72b73ba127e06d8e79\"},\"breadcrumb\":{\"@id\":\"https:\\\/\\\/kibrisdakik.com\\\/?p=4588#breadcrumb\"},\"inLanguage\":\"tr\",\"potentialAction\":[{\"@type\":\"ReadAction\",\"target\":[\"https:\\\/\\\/kibrisdakik.com\\\/?p=4588\"]}]},{\"@type\":\"ImageObject\",\"inLanguage\":\"tr\",\"@id\":\"https:\\\/\\\/kibrisdakik.com\\\/?p=4588#primaryimage\",\"url\":\"https:\\\/\\\/kibrisdakik.com\\\/wp-content\\\/uploads\\\/2023\\\/04\\\/tatar-kib-tek-3--740x420.jpg\",\"contentUrl\":\"https:\\\/\\\/kibrisdakik.com\\\/wp-content\\\/uploads\\\/2023\\\/04\\\/tatar-kib-tek-3--740x420.jpg\",\"width\":1600,\"height\":1066},{\"@type\":\"BreadcrumbList\",\"@id\":\"https:\\\/\\\/kibrisdakik.com\\\/?p=4588#breadcrumb\",\"itemListElement\":[{\"@type\":\"ListItem\",\"position\":1,\"name\":\"Home\",\"item\":\"https:\\\/\\\/kibrisdakik.com\\\/\"},{\"@type\":\"ListItem\",\"position\":2,\"name\":\"Cumhurba\u015fkan\u0131 Tatar, K\u0131b-Tek yetkilileriyle g\u00f6r\u00fc\u015ft\u00fc: Vatanda\u015f\u0131n ma\u011fdur olmas\u0131n\u0131n hi\u00e7bir faydas\u0131 olmaz, herkesi sa\u011fduyuya \u00e7a\u011f\u0131r\u0131yorum\"}]},{\"@type\":\"WebSite\",\"@id\":\"https:\\\/\\\/kibrisdakik.com\\\/#website\",\"url\":\"https:\\\/\\\/kibrisdakik.com\\\/\",\"name\":\"\",\"description\":\"Tam vaktinde haber\",\"potentialAction\":[{\"@type\":\"SearchAction\",\"target\":{\"@type\":\"EntryPoint\",\"urlTemplate\":\"https:\\\/\\\/kibrisdakik.com\\\/?s={search_term_string}\"},\"query-input\":{\"@type\":\"PropertyValueSpecification\",\"valueRequired\":true,\"valueName\":\"search_term_string\"}}],\"inLanguage\":\"tr\"},{\"@type\":\"Person\",\"@id\":\"https:\\\/\\\/kibrisdakik.com\\\/#\\\/schema\\\/person\\\/9cd9d437bbb44f72b73ba127e06d8e79\",\"name\":\"admin\",\"image\":{\"@type\":\"ImageObject\",\"inLanguage\":\"tr\",\"@id\":\"https:\\\/\\\/secure.gravatar.com\\\/avatar\\\/ccc17943b9d660506c869530f897617f7cb1c21a4bf30023f252596d83e1f007?s=96&d=mm&r=g\",\"url\":\"https:\\\/\\\/secure.gravatar.com\\\/avatar\\\/ccc17943b9d660506c869530f897617f7cb1c21a4bf30023f252596d83e1f007?s=96&d=mm&r=g\",\"contentUrl\":\"https:\\\/\\\/secure.gravatar.com\\\/avatar\\\/ccc17943b9d660506c869530f897617f7cb1c21a4bf30023f252596d83e1f007?s=96&d=mm&r=g\",\"caption\":\"admin\"},\"sameAs\":[\"https:\\\/\\\/kibrisdakik.com\"],\"url\":\"https:\\\/\\\/kibrisdakik.com\\\/?author=1\"}]}<\/script>\n<!-- \/ Yoast SEO plugin. -->","yoast_head_json":{"title":"Cumhurba\u015fkan\u0131 Tatar, K\u0131b-Tek yetkilileriyle g\u00f6r\u00fc\u015ft\u00fc: Vatanda\u015f\u0131n ma\u011fdur olmas\u0131n\u0131n hi\u00e7bir faydas\u0131 olmaz, herkesi sa\u011fduyuya \u00e7a\u011f\u0131r\u0131yorum -","robots":{"index":"index","follow":"follow","max-snippet":"max-snippet:-1","max-image-preview":"max-image-preview:large","max-video-preview":"max-video-preview:-1"},"canonical":"https:\/\/kibrisdakik.com\/?p=4588","og_locale":"tr_TR","og_type":"article","og_title":"Cumhurba\u015fkan\u0131 Tatar, K\u0131b-Tek yetkilileriyle g\u00f6r\u00fc\u015ft\u00fc: Vatanda\u015f\u0131n ma\u011fdur olmas\u0131n\u0131n hi\u00e7bir faydas\u0131 olmaz, herkesi sa\u011fduyuya \u00e7a\u011f\u0131r\u0131yorum -","og_description":"Cumhurba\u015fkan\u0131 Ersin Tatar, K\u0131b-Tek Y\u00f6netim Kurulu ve Genel M\u00fcd\u00fcr\u00fc\u2019n\u00fc kabul etti, elektrik kesintileriyle ilgili \u201cVatanda\u015f\u0131n ma\u011fdur olmas\u0131n\u0131n hi\u00e7bir faydas\u0131 olmaz, herkesi sa\u011fduyuya \u00e7a\u011f\u0131r\u0131yorum\u201d dedi. Cumhurba\u015fkanl\u0131\u011f\u0131\u2019ndan yap\u0131lan a\u00e7\u0131klamaya g\u00f6re, Cumhurba\u015fkan\u0131 Ersin Tatar, halk\u0131n ma\u011fdur olmamas\u0131n\u0131n esas oldu\u011funu vurgulayarak \u00e7al\u0131\u015fmalar\u0131n hem halk\u0131n hem de kurumun menfaatine de\u011ferlendirilmesi gerekti\u011fini s\u00f6yledi. -\u201cVatanda\u015f ma\u011fdur\u2026 \u0130n\u015fallah sa\u011fduyu hakim olur\u201d Cumhurba\u015fkan\u0131 Tatar","og_url":"https:\/\/kibrisdakik.com\/?p=4588","article_published_time":"2023-04-04T22:27:50+00:00","og_image":[{"width":1600,"height":1066,"url":"https:\/\/kibrisdakik.com\/wp-content\/uploads\/2023\/04\/tatar-kib-tek-3--740x420.jpg","type":"image\/jpeg"}],"author":"admin","twitter_card":"summary_large_image","twitter_misc":{"Yazan:":"admin","Tahmini okuma s\u00fcresi":"2 dakika"},"schema":{"@context":"https:\/\/schema.org","@graph":[{"@type":"Article","@id":"https:\/\/kibrisdakik.com\/?p=4588#article","isPartOf":{"@id":"https:\/\/kibrisdakik.com\/?p=4588"},"author":{"name":"admin","@id":"https:\/\/kibrisdakik.com\/#\/schema\/person\/9cd9d437bbb44f72b73ba127e06d8e79"},"headline":"Cumhurba\u015fkan\u0131 Tatar, K\u0131b-Tek yetkilileriyle g\u00f6r\u00fc\u015ft\u00fc: Vatanda\u015f\u0131n ma\u011fdur olmas\u0131n\u0131n hi\u00e7bir faydas\u0131 olmaz, herkesi sa\u011fduyuya \u00e7a\u011f\u0131r\u0131yorum","datePublished":"2023-04-04T22:27:50+00:00","mainEntityOfPage":{"@id":"https:\/\/kibrisdakik.com\/?p=4588"},"wordCount":388,"commentCount":0,"image":{"@id":"https:\/\/kibrisdakik.com\/?p=4588#primaryimage"},"thumbnailUrl":"https:\/\/kibrisdakik.com\/wp-content\/uploads\/2023\/04\/tatar-kib-tek-3--740x420.jpg","articleSection":["G\u00fcndem"],"inLanguage":"tr","potentialAction":[{"@type":"CommentAction","name":"Comment","target":["https:\/\/kibrisdakik.com\/?p=4588#respond"]}]},{"@type":"WebPage","@id":"https:\/\/kibrisdakik.com\/?p=4588","url":"https:\/\/kibrisdakik.com\/?p=4588","name":"Cumhurba\u015fkan\u0131 Tatar, K\u0131b-Tek yetkilileriyle g\u00f6r\u00fc\u015ft\u00fc: Vatanda\u015f\u0131n ma\u011fdur olmas\u0131n\u0131n hi\u00e7bir faydas\u0131 olmaz, herkesi sa\u011fduyuya \u00e7a\u011f\u0131r\u0131yorum -","isPartOf":{"@id":"https:\/\/kibrisdakik.com\/#website"},"primaryImageOfPage":{"@id":"https:\/\/kibrisdakik.com\/?p=4588#primaryimage"},"image":{"@id":"https:\/\/kibrisdakik.com\/?p=4588#primaryimage"},"thumbnailUrl":"https:\/\/kibrisdakik.com\/wp-content\/uploads\/2023\/04\/tatar-kib-tek-3--740x420.jpg","datePublished":"2023-04-04T22:27:50+00:00","author":{"@id":"https:\/\/kibrisdakik.com\/#\/schema\/person\/9cd9d437bbb44f72b73ba127e06d8e79"},"breadcrumb":{"@id":"https:\/\/kibrisdakik.com\/?p=4588#breadcrumb"},"inLanguage":"tr","potentialAction":[{"@type":"ReadAction","target":["https:\/\/kibrisdakik.com\/?p=4588"]}]},{"@type":"ImageObject","inLanguage":"tr","@id":"https:\/\/kibrisdakik.com\/?p=4588#primaryimage","url":"https:\/\/kibrisdakik.com\/wp-content\/uploads\/2023\/04\/tatar-kib-tek-3--740x420.jpg","contentUrl":"https:\/\/kibrisdakik.com\/wp-content\/uploads\/2023\/04\/tatar-kib-tek-3--740x420.jpg","width":1600,"height":1066},{"@type":"BreadcrumbList","@id":"https:\/\/kibrisdakik.com\/?p=4588#breadcrumb","itemListElement":[{"@type":"ListItem","position":1,"name":"Home","item":"https:\/\/kibrisdakik.com\/"},{"@type":"ListItem","position":2,"name":"Cumhurba\u015fkan\u0131 Tatar, K\u0131b-Tek yetkilileriyle g\u00f6r\u00fc\u015ft\u00fc: Vatanda\u015f\u0131n ma\u011fdur olmas\u0131n\u0131n hi\u00e7bir faydas\u0131 olmaz, herkesi sa\u011fduyuya \u00e7a\u011f\u0131r\u0131yorum"}]},{"@type":"WebSite","@id":"https:\/\/kibrisdakik.com\/#website","url":"https:\/\/kibrisdakik.com\/","name":"","description":"Tam vaktinde haber","potentialAction":[{"@type":"SearchAction","target":{"@type":"EntryPoint","urlTemplate":"https:\/\/kibrisdakik.com\/?s={search_term_string}"},"query-input":{"@type":"PropertyValueSpecification","valueRequired":true,"valueName":"search_term_string"}}],"inLanguage":"tr"},{"@type":"Person","@id":"https:\/\/kibrisdakik.com\/#\/schema\/person\/9cd9d437bbb44f72b73ba127e06d8e79","name":"admin","image":{"@type":"ImageObject","inLanguage":"tr","@id":"https:\/\/secure.gravatar.com\/avatar\/ccc17943b9d660506c869530f897617f7cb1c21a4bf30023f252596d83e1f007?s=96&d=mm&r=g","url":"https:\/\/secure.gravatar.com\/avatar\/ccc17943b9d660506c869530f897617f7cb1c21a4bf30023f252596d83e1f007?s=96&d=mm&r=g","contentUrl":"https:\/\/secure.gravatar.com\/avatar\/ccc17943b9d660506c869530f897617f7cb1c21a4bf30023f252596d83e1f007?s=96&d=mm&r=g","caption":"admin"},"sameAs":["https:\/\/kibrisdakik.com"],"url":"https:\/\/kibrisdakik.com\/?author=1"}]}},"_links":{"self":[{"href":"https:\/\/kibrisdakik.com\/index.php?rest_route=\/wp\/v2\/posts\/4588","targetHints":{"allow":["GET"]}}],"collection":[{"href":"https:\/\/kibrisdakik.com\/index.php?rest_route=\/wp\/v2\/posts"}],"about":[{"href":"https:\/\/kibrisdakik.com\/index.php?rest_route=\/wp\/v2\/types\/post"}],"author":[{"embeddable":true,"href":"https:\/\/kibrisdakik.com\/index.php?rest_route=\/wp\/v2\/users\/1"}],"replies":[{"embeddable":true,"href":"https:\/\/kibrisdakik.com\/index.php?rest_route=%2Fwp%2Fv2%2Fcomments&post=4588"}],"version-history":[{"count":0,"href":"https:\/\/kibrisdakik.com\/index.php?rest_route=\/wp\/v2\/posts\/4588\/revisions"}],"wp:featuredmedia":[{"embeddable":true,"href":"https:\/\/kibrisdakik.com\/index.php?rest_route=\/wp\/v2\/media\/4589"}],"wp:attachment":[{"href":"https:\/\/kibrisdakik.com\/index.php?rest_route=%2Fwp%2Fv2%2Fmedia&parent=4588"}],"wp:term":[{"taxonomy":"category","embeddable":true,"href":"https:\/\/kibrisdakik.com\/index.php?rest_route=%2Fwp%2Fv2%2Fcategories&post=4588"},{"taxonomy":"post_tag","embeddable":true,"href":"https:\/\/kibrisdakik.com\/index.php?rest_route=%2Fwp%2Fv2%2Ftags&post=4588"}],"curies":[{"name":"wp","href":"https:\/\/api.w.org\/{rel}","templated":true}]}}