{"id":45932,"date":"2024-06-14T12:29:46","date_gmt":"2024-06-14T12:29:46","guid":{"rendered":"https:\/\/kibrisdakik.com\/index.php\/2024\/06\/14\/hayvan-ureticilerinin-hukumetle-gorusmeleri-suruyor-naimogullari-iyi-niyet-ve-uzlasi-varbazi-taleplerimize-bayram-ertesinde-cevap-verilecek\/"},"modified":"2024-06-14T12:29:46","modified_gmt":"2024-06-14T12:29:46","slug":"hayvan-ureticilerinin-hukumetle-gorusmeleri-suruyor-naimogullari-iyi-niyet-ve-uzlasi-varbazi-taleplerimize-bayram-ertesinde-cevap-verilecek","status":"publish","type":"post","link":"https:\/\/kibrisdakik.com\/?p=45932","title":{"rendered":"Hayvan \u00fcreticilerinin h\u00fck\u00fcmetle g\u00f6r\u00fc\u015fmeleri s\u00fcr\u00fcyor\u2026.Naimo\u011fullar\u0131: \u201c\u0130yi niyet ve uzla\u015f\u0131 var\u2026Baz\u0131 taleplerimize bayram ertesinde cevap verilecek\u201d"},"content":{"rendered":"<p><\/p>\n<div>\n<div class=\"mariselle-image-container center\">\n                <img loading=\"lazy\" decoding=\"async\" width=\"1600\" height=\"1066\" class=\"lazy-image\" alt=\"\" sizes=\"auto, (max-width: 1600px) 100vw, 1600px\" src=\"https:\/\/brtk.net\/wp-content\/uploads\/2024\/06\/14\/hayvancilar-birligi-aciklama-mk-21.jpeg?ver=c716619c0f56f0e506ef100c70bb2b11\" srcset=\"https:\/\/brtk.net\/wp-content\/uploads\/2024\/06\/14\/hayvancilar-birligi-aciklama-mk-21.jpeg?ver=c716619c0f56f0e506ef100c70bb2b11 1600w, https:\/\/brtk.net\/wp-content\/uploads\/2024\/06\/14\/hayvancilar-birligi-aciklama-mk-21-300x200.jpeg?ver=a9ac01ab09e875f20fd661adb1d43bc0 300w, https:\/\/brtk.net\/wp-content\/uploads\/2024\/06\/14\/hayvancilar-birligi-aciklama-mk-21-1024x682.jpeg?ver=a9ac01ab09e875f20fd661adb1d43bc0 1024w, https:\/\/brtk.net\/wp-content\/uploads\/2024\/06\/14\/hayvancilar-birligi-aciklama-mk-21-768x512.jpeg?ver=a9ac01ab09e875f20fd661adb1d43bc0 768w, https:\/\/brtk.net\/wp-content\/uploads\/2024\/06\/14\/hayvancilar-birligi-aciklama-mk-21-1536x1023.jpeg?ver=204885b21e648541b489c31f168ec816 1536w\"\/>                            <\/div>\n<p>Hayvan \u00fcreticilerinin, h\u00fck\u00fcmetin ithal et karar\u0131n\u0131 ve hayvanc\u0131l\u0131k politikalar\u0131n\u0131 protesto etmek i\u00e7in ba\u015flatt\u0131\u011f\u0131 eylem kapsam\u0131nda yetkililerle g\u00f6r\u00fc\u015fmeleri s\u00fcr\u00fcyor.<\/p>\n<p>Baz\u0131 konularda uzla\u015f\u0131 sa\u011flad\u0131\u011f\u0131n\u0131, baz\u0131 konularla ilgili karar\u0131n da Kurban Bayram\u0131 ertesinde verilece\u011fini a\u00e7\u0131klayan Hayvan \u00dcreticileri ve Yeti\u015ftiricileri Birli\u011fi Ba\u015fkan\u0131 Mustafa Naimo\u011fullar\u0131, h\u00fck\u00fcmetle ve Tar\u0131m Bakanl\u0131\u011f\u0131 ile g\u00f6r\u00fc\u015fmelerin olumlu bir hava i\u00e7inde ve iyi niyetle s\u00fcrd\u00fcr\u00fcld\u00fc\u011f\u00fcn\u00fc s\u00f6yledi.<\/p>\n<p>Hayvan \u00fcreticilerinin \u0130sias davas\u0131 nedeniyle ara verdi\u011fi eylem ve bundan sonraki s\u00fcre\u00e7le ilgili T\u00fcrk Ajans\u0131 K\u0131br\u0131s\u2019a (TAK) de\u011ferlendirmede bulunan Naimo\u011fullar\u0131, ge\u00e7ti\u011fimiz sal\u0131 Tar\u0131m Bakan\u0131 H\u00fcseyin \u00c7avu\u015f ve bakanl\u0131k b\u00fcrokratlar\u0131yla yeniden bir araya geldiklerini, \u00e7i\u011f s\u00fct fiyat\u0131nda iyile\u015ftirme, arpaya zam yap\u0131lmamas\u0131 ve ikinci \u00f6demesi yap\u0131lacak do\u011frudan gelir deste\u011fine y\u00fczde 13\u2019l\u00fck art\u0131\u015f taleplerine bayram ertesinde cevap verilece\u011fini ifade etti.<\/p>\n<p>Naimo\u011fullar\u0131, yurt d\u0131\u015f\u0131ndan gelecek kaba yeme destek, s\u00fct \u00fczerinden al\u0131nan destekten stopaj kesilmemesi konular\u0131nda uzla\u015f\u0131ld\u0131\u011f\u0131n\u0131; hayvan \u00fcreticisine s\u0131f\u0131r faizle verilen yem kredisinin bu ay sonuna kadar uzat\u0131lmas\u0131n\u0131n da olumlu geli\u015fmeler oldu\u011funu s\u00f6yledi.<\/p>\n<p>\u0130thal et konusunda Hayvan \u00dcreticileri ve Yeti\u015ftiricileri Birli\u011fi ile isti\u015fare edilmesi konusunda da uzla\u015ft\u0131klar\u0131n\u0131 belirten Naimo\u011fullar\u0131, 42 ton ithal et i\u00e7in anla\u015fma yap\u0131ld\u0131\u011f\u0131n\u0131, 21 tonun \u00fclkeye getirildi\u011fini ancak di\u011fer 21 tonun bir anda de\u011fil zamana yay\u0131larak getirilmesi konusunda da anla\u015fma sa\u011flad\u0131klar\u0131n\u0131 kaydetti.<\/p>\n<p>Naimo\u011fullar\u0131, bu konuda haz\u0131rlanan ancak hen\u00fcz imzalanmayan bir protokol da oldu\u011funu dile getirerek, donmu\u015f dana k\u0131ymas\u0131 ithalinden vazge\u00e7ildi\u011fini s\u00f6yledi.<\/p>\n<p>Hayvan \u00dcreticileri ve Yeti\u015ftiricileri Birli\u011fi, h\u00fck\u00fcmetin ithal et karar\u0131n\u0131 ve hayvanc\u0131l\u0131k politikalar\u0131n\u0131 protesto etmek i\u00e7in ge\u00e7ti\u011fimiz ay Lefko\u015fa\u2019da ara\u00e7l\u0131 eylem d\u00fczenlemi\u015f, Ba\u015fbakanl\u0131k \u00f6n\u00fcnde 10 g\u00fcn s\u00fcren eylem daha sonra Tar\u0131m Bakanl\u0131\u011f\u0131 \u00f6n\u00fcne ta\u015f\u0131nm\u0131\u015ft\u0131.<\/p>\n<\/p><\/div>\n<p><script async\n                    defer\n                    crossorigin=\"anonymous\"\n                    src=\"https:\/\/connect.facebook.net\/tr_TR\/sdk.js#xfbml=1&#038;version=v3.3\"\n            ><\/script><\/p>\n","protected":false},"excerpt":{"rendered":"<p>Hayvan \u00fcreticilerinin, h\u00fck\u00fcmetin ithal et karar\u0131n\u0131 ve hayvanc\u0131l\u0131k politikalar\u0131n\u0131 protesto etmek i\u00e7in ba\u015flatt\u0131\u011f\u0131 eylem kapsam\u0131nda yetkililerle g\u00f6r\u00fc\u015fmeleri s\u00fcr\u00fcyor. Baz\u0131 konularda uzla\u015f\u0131 sa\u011flad\u0131\u011f\u0131n\u0131, baz\u0131 konularla ilgili karar\u0131n da Kurban Bayram\u0131 ertesinde verilece\u011fini a\u00e7\u0131klayan Hayvan \u00dcreticileri ve Yeti\u015ftiricileri Birli\u011fi Ba\u015fkan\u0131 Mustafa Naimo\u011fullar\u0131, h\u00fck\u00fcmetle ve Tar\u0131m Bakanl\u0131\u011f\u0131 ile g\u00f6r\u00fc\u015fmelerin olumlu bir hava i\u00e7inde ve iyi niyetle s\u00fcrd\u00fcr\u00fcld\u00fc\u011f\u00fcn\u00fc s\u00f6yledi.<\/p>\n","protected":false},"author":1,"featured_media":45933,"comment_status":"open","ping_status":"open","sticky":false,"template":"","format":"standard","meta":{"footnotes":""},"categories":[1],"tags":[],"class_list":["post-45932","post","type-post","status-publish","format-standard","has-post-thumbnail","hentry","category-gundem"],"yoast_head":"<!-- This site is optimized with the Yoast SEO plugin v27.4 - https:\/\/yoast.com\/product\/yoast-seo-wordpress\/ -->\n<title>Hayvan \u00fcreticilerinin h\u00fck\u00fcmetle g\u00f6r\u00fc\u015fmeleri s\u00fcr\u00fcyor\u2026.Naimo\u011fullar\u0131: \u201c\u0130yi niyet ve uzla\u015f\u0131 var\u2026Baz\u0131 taleplerimize bayram ertesinde cevap verilecek\u201d -<\/title>\n<meta name=\"robots\" content=\"index, follow, max-snippet:-1, max-image-preview:large, max-video-preview:-1\" \/>\n<link rel=\"canonical\" href=\"https:\/\/kibrisdakik.com\/?p=45932\" \/>\n<meta property=\"og:locale\" content=\"tr_TR\" \/>\n<meta property=\"og:type\" content=\"article\" \/>\n<meta property=\"og:title\" content=\"Hayvan \u00fcreticilerinin h\u00fck\u00fcmetle g\u00f6r\u00fc\u015fmeleri s\u00fcr\u00fcyor\u2026.Naimo\u011fullar\u0131: \u201c\u0130yi niyet ve uzla\u015f\u0131 var\u2026Baz\u0131 taleplerimize bayram ertesinde cevap verilecek\u201d -\" \/>\n<meta property=\"og:description\" content=\"Hayvan \u00fcreticilerinin, h\u00fck\u00fcmetin ithal et karar\u0131n\u0131 ve hayvanc\u0131l\u0131k politikalar\u0131n\u0131 protesto etmek i\u00e7in ba\u015flatt\u0131\u011f\u0131 eylem kapsam\u0131nda yetkililerle g\u00f6r\u00fc\u015fmeleri s\u00fcr\u00fcyor. Baz\u0131 konularda uzla\u015f\u0131 sa\u011flad\u0131\u011f\u0131n\u0131, baz\u0131 konularla ilgili karar\u0131n da Kurban Bayram\u0131 ertesinde verilece\u011fini a\u00e7\u0131klayan Hayvan \u00dcreticileri ve Yeti\u015ftiricileri Birli\u011fi Ba\u015fkan\u0131 Mustafa Naimo\u011fullar\u0131, h\u00fck\u00fcmetle ve Tar\u0131m Bakanl\u0131\u011f\u0131 ile g\u00f6r\u00fc\u015fmelerin olumlu bir hava i\u00e7inde ve iyi niyetle s\u00fcrd\u00fcr\u00fcld\u00fc\u011f\u00fcn\u00fc s\u00f6yledi.\" \/>\n<meta property=\"og:url\" content=\"https:\/\/kibrisdakik.com\/?p=45932\" \/>\n<meta property=\"article:published_time\" content=\"2024-06-14T12:29:46+00:00\" \/>\n<meta property=\"og:image\" content=\"https:\/\/kibrisdakik.com\/wp-content\/uploads\/2024\/06\/hayvancilar-birligi-aciklama-mk-21-740x420.jpeg\" \/>\n\t<meta property=\"og:image:width\" content=\"1600\" \/>\n\t<meta property=\"og:image:height\" content=\"1066\" \/>\n\t<meta property=\"og:image:type\" content=\"image\/jpeg\" \/>\n<meta name=\"author\" content=\"admin\" \/>\n<meta name=\"twitter:card\" content=\"summary_large_image\" \/>\n<meta name=\"twitter:label1\" content=\"Yazan:\" \/>\n\t<meta name=\"twitter:data1\" content=\"admin\" \/>\n\t<meta name=\"twitter:label2\" content=\"Tahmini okuma s\u00fcresi\" \/>\n\t<meta name=\"twitter:data2\" content=\"2 dakika\" \/>\n<script type=\"application\/ld+json\" class=\"yoast-schema-graph\">{\"@context\":\"https:\\\/\\\/schema.org\",\"@graph\":[{\"@type\":\"Article\",\"@id\":\"https:\\\/\\\/kibrisdakik.com\\\/?p=45932#article\",\"isPartOf\":{\"@id\":\"https:\\\/\\\/kibrisdakik.com\\\/?p=45932\"},\"author\":{\"name\":\"admin\",\"@id\":\"https:\\\/\\\/kibrisdakik.com\\\/#\\\/schema\\\/person\\\/9cd9d437bbb44f72b73ba127e06d8e79\"},\"headline\":\"Hayvan \u00fcreticilerinin h\u00fck\u00fcmetle g\u00f6r\u00fc\u015fmeleri s\u00fcr\u00fcyor\u2026.Naimo\u011fullar\u0131: \u201c\u0130yi niyet ve uzla\u015f\u0131 var\u2026Baz\u0131 taleplerimize bayram ertesinde cevap verilecek\u201d\",\"datePublished\":\"2024-06-14T12:29:46+00:00\",\"mainEntityOfPage\":{\"@id\":\"https:\\\/\\\/kibrisdakik.com\\\/?p=45932\"},\"wordCount\":383,\"commentCount\":0,\"image\":{\"@id\":\"https:\\\/\\\/kibrisdakik.com\\\/?p=45932#primaryimage\"},\"thumbnailUrl\":\"https:\\\/\\\/kibrisdakik.com\\\/wp-content\\\/uploads\\\/2024\\\/06\\\/hayvancilar-birligi-aciklama-mk-21-740x420.jpeg\",\"articleSection\":[\"G\u00fcndem\"],\"inLanguage\":\"tr\",\"potentialAction\":[{\"@type\":\"CommentAction\",\"name\":\"Comment\",\"target\":[\"https:\\\/\\\/kibrisdakik.com\\\/?p=45932#respond\"]}]},{\"@type\":\"WebPage\",\"@id\":\"https:\\\/\\\/kibrisdakik.com\\\/?p=45932\",\"url\":\"https:\\\/\\\/kibrisdakik.com\\\/?p=45932\",\"name\":\"Hayvan \u00fcreticilerinin h\u00fck\u00fcmetle g\u00f6r\u00fc\u015fmeleri s\u00fcr\u00fcyor\u2026.Naimo\u011fullar\u0131: \u201c\u0130yi niyet ve uzla\u015f\u0131 var\u2026Baz\u0131 taleplerimize bayram ertesinde cevap verilecek\u201d -\",\"isPartOf\":{\"@id\":\"https:\\\/\\\/kibrisdakik.com\\\/#website\"},\"primaryImageOfPage\":{\"@id\":\"https:\\\/\\\/kibrisdakik.com\\\/?p=45932#primaryimage\"},\"image\":{\"@id\":\"https:\\\/\\\/kibrisdakik.com\\\/?p=45932#primaryimage\"},\"thumbnailUrl\":\"https:\\\/\\\/kibrisdakik.com\\\/wp-content\\\/uploads\\\/2024\\\/06\\\/hayvancilar-birligi-aciklama-mk-21-740x420.jpeg\",\"datePublished\":\"2024-06-14T12:29:46+00:00\",\"author\":{\"@id\":\"https:\\\/\\\/kibrisdakik.com\\\/#\\\/schema\\\/person\\\/9cd9d437bbb44f72b73ba127e06d8e79\"},\"breadcrumb\":{\"@id\":\"https:\\\/\\\/kibrisdakik.com\\\/?p=45932#breadcrumb\"},\"inLanguage\":\"tr\",\"potentialAction\":[{\"@type\":\"ReadAction\",\"target\":[\"https:\\\/\\\/kibrisdakik.com\\\/?p=45932\"]}]},{\"@type\":\"ImageObject\",\"inLanguage\":\"tr\",\"@id\":\"https:\\\/\\\/kibrisdakik.com\\\/?p=45932#primaryimage\",\"url\":\"https:\\\/\\\/kibrisdakik.com\\\/wp-content\\\/uploads\\\/2024\\\/06\\\/hayvancilar-birligi-aciklama-mk-21-740x420.jpeg\",\"contentUrl\":\"https:\\\/\\\/kibrisdakik.com\\\/wp-content\\\/uploads\\\/2024\\\/06\\\/hayvancilar-birligi-aciklama-mk-21-740x420.jpeg\",\"width\":1600,\"height\":1066},{\"@type\":\"BreadcrumbList\",\"@id\":\"https:\\\/\\\/kibrisdakik.com\\\/?p=45932#breadcrumb\",\"itemListElement\":[{\"@type\":\"ListItem\",\"position\":1,\"name\":\"Home\",\"item\":\"https:\\\/\\\/kibrisdakik.com\\\/\"},{\"@type\":\"ListItem\",\"position\":2,\"name\":\"Hayvan \u00fcreticilerinin h\u00fck\u00fcmetle g\u00f6r\u00fc\u015fmeleri s\u00fcr\u00fcyor\u2026.Naimo\u011fullar\u0131: \u201c\u0130yi niyet ve uzla\u015f\u0131 var\u2026Baz\u0131 taleplerimize bayram ertesinde cevap verilecek\u201d\"}]},{\"@type\":\"WebSite\",\"@id\":\"https:\\\/\\\/kibrisdakik.com\\\/#website\",\"url\":\"https:\\\/\\\/kibrisdakik.com\\\/\",\"name\":\"\",\"description\":\"Tam vaktinde haber\",\"potentialAction\":[{\"@type\":\"SearchAction\",\"target\":{\"@type\":\"EntryPoint\",\"urlTemplate\":\"https:\\\/\\\/kibrisdakik.com\\\/?s={search_term_string}\"},\"query-input\":{\"@type\":\"PropertyValueSpecification\",\"valueRequired\":true,\"valueName\":\"search_term_string\"}}],\"inLanguage\":\"tr\"},{\"@type\":\"Person\",\"@id\":\"https:\\\/\\\/kibrisdakik.com\\\/#\\\/schema\\\/person\\\/9cd9d437bbb44f72b73ba127e06d8e79\",\"name\":\"admin\",\"image\":{\"@type\":\"ImageObject\",\"inLanguage\":\"tr\",\"@id\":\"https:\\\/\\\/secure.gravatar.com\\\/avatar\\\/ccc17943b9d660506c869530f897617f7cb1c21a4bf30023f252596d83e1f007?s=96&d=mm&r=g\",\"url\":\"https:\\\/\\\/secure.gravatar.com\\\/avatar\\\/ccc17943b9d660506c869530f897617f7cb1c21a4bf30023f252596d83e1f007?s=96&d=mm&r=g\",\"contentUrl\":\"https:\\\/\\\/secure.gravatar.com\\\/avatar\\\/ccc17943b9d660506c869530f897617f7cb1c21a4bf30023f252596d83e1f007?s=96&d=mm&r=g\",\"caption\":\"admin\"},\"sameAs\":[\"https:\\\/\\\/kibrisdakik.com\"],\"url\":\"https:\\\/\\\/kibrisdakik.com\\\/?author=1\"}]}<\/script>\n<!-- \/ Yoast SEO plugin. -->","yoast_head_json":{"title":"Hayvan \u00fcreticilerinin h\u00fck\u00fcmetle g\u00f6r\u00fc\u015fmeleri s\u00fcr\u00fcyor\u2026.Naimo\u011fullar\u0131: \u201c\u0130yi niyet ve uzla\u015f\u0131 var\u2026Baz\u0131 taleplerimize bayram ertesinde cevap verilecek\u201d -","robots":{"index":"index","follow":"follow","max-snippet":"max-snippet:-1","max-image-preview":"max-image-preview:large","max-video-preview":"max-video-preview:-1"},"canonical":"https:\/\/kibrisdakik.com\/?p=45932","og_locale":"tr_TR","og_type":"article","og_title":"Hayvan \u00fcreticilerinin h\u00fck\u00fcmetle g\u00f6r\u00fc\u015fmeleri s\u00fcr\u00fcyor\u2026.Naimo\u011fullar\u0131: \u201c\u0130yi niyet ve uzla\u015f\u0131 var\u2026Baz\u0131 taleplerimize bayram ertesinde cevap verilecek\u201d -","og_description":"Hayvan \u00fcreticilerinin, h\u00fck\u00fcmetin ithal et karar\u0131n\u0131 ve hayvanc\u0131l\u0131k politikalar\u0131n\u0131 protesto etmek i\u00e7in ba\u015flatt\u0131\u011f\u0131 eylem kapsam\u0131nda yetkililerle g\u00f6r\u00fc\u015fmeleri s\u00fcr\u00fcyor. Baz\u0131 konularda uzla\u015f\u0131 sa\u011flad\u0131\u011f\u0131n\u0131, baz\u0131 konularla ilgili karar\u0131n da Kurban Bayram\u0131 ertesinde verilece\u011fini a\u00e7\u0131klayan Hayvan \u00dcreticileri ve Yeti\u015ftiricileri Birli\u011fi Ba\u015fkan\u0131 Mustafa Naimo\u011fullar\u0131, h\u00fck\u00fcmetle ve Tar\u0131m Bakanl\u0131\u011f\u0131 ile g\u00f6r\u00fc\u015fmelerin olumlu bir hava i\u00e7inde ve iyi niyetle s\u00fcrd\u00fcr\u00fcld\u00fc\u011f\u00fcn\u00fc s\u00f6yledi.","og_url":"https:\/\/kibrisdakik.com\/?p=45932","article_published_time":"2024-06-14T12:29:46+00:00","og_image":[{"width":1600,"height":1066,"url":"https:\/\/kibrisdakik.com\/wp-content\/uploads\/2024\/06\/hayvancilar-birligi-aciklama-mk-21-740x420.jpeg","type":"image\/jpeg"}],"author":"admin","twitter_card":"summary_large_image","twitter_misc":{"Yazan:":"admin","Tahmini okuma s\u00fcresi":"2 dakika"},"schema":{"@context":"https:\/\/schema.org","@graph":[{"@type":"Article","@id":"https:\/\/kibrisdakik.com\/?p=45932#article","isPartOf":{"@id":"https:\/\/kibrisdakik.com\/?p=45932"},"author":{"name":"admin","@id":"https:\/\/kibrisdakik.com\/#\/schema\/person\/9cd9d437bbb44f72b73ba127e06d8e79"},"headline":"Hayvan \u00fcreticilerinin h\u00fck\u00fcmetle g\u00f6r\u00fc\u015fmeleri s\u00fcr\u00fcyor\u2026.Naimo\u011fullar\u0131: \u201c\u0130yi niyet ve uzla\u015f\u0131 var\u2026Baz\u0131 taleplerimize bayram ertesinde cevap verilecek\u201d","datePublished":"2024-06-14T12:29:46+00:00","mainEntityOfPage":{"@id":"https:\/\/kibrisdakik.com\/?p=45932"},"wordCount":383,"commentCount":0,"image":{"@id":"https:\/\/kibrisdakik.com\/?p=45932#primaryimage"},"thumbnailUrl":"https:\/\/kibrisdakik.com\/wp-content\/uploads\/2024\/06\/hayvancilar-birligi-aciklama-mk-21-740x420.jpeg","articleSection":["G\u00fcndem"],"inLanguage":"tr","potentialAction":[{"@type":"CommentAction","name":"Comment","target":["https:\/\/kibrisdakik.com\/?p=45932#respond"]}]},{"@type":"WebPage","@id":"https:\/\/kibrisdakik.com\/?p=45932","url":"https:\/\/kibrisdakik.com\/?p=45932","name":"Hayvan \u00fcreticilerinin h\u00fck\u00fcmetle g\u00f6r\u00fc\u015fmeleri s\u00fcr\u00fcyor\u2026.Naimo\u011fullar\u0131: \u201c\u0130yi niyet ve uzla\u015f\u0131 var\u2026Baz\u0131 taleplerimize bayram ertesinde cevap verilecek\u201d -","isPartOf":{"@id":"https:\/\/kibrisdakik.com\/#website"},"primaryImageOfPage":{"@id":"https:\/\/kibrisdakik.com\/?p=45932#primaryimage"},"image":{"@id":"https:\/\/kibrisdakik.com\/?p=45932#primaryimage"},"thumbnailUrl":"https:\/\/kibrisdakik.com\/wp-content\/uploads\/2024\/06\/hayvancilar-birligi-aciklama-mk-21-740x420.jpeg","datePublished":"2024-06-14T12:29:46+00:00","author":{"@id":"https:\/\/kibrisdakik.com\/#\/schema\/person\/9cd9d437bbb44f72b73ba127e06d8e79"},"breadcrumb":{"@id":"https:\/\/kibrisdakik.com\/?p=45932#breadcrumb"},"inLanguage":"tr","potentialAction":[{"@type":"ReadAction","target":["https:\/\/kibrisdakik.com\/?p=45932"]}]},{"@type":"ImageObject","inLanguage":"tr","@id":"https:\/\/kibrisdakik.com\/?p=45932#primaryimage","url":"https:\/\/kibrisdakik.com\/wp-content\/uploads\/2024\/06\/hayvancilar-birligi-aciklama-mk-21-740x420.jpeg","contentUrl":"https:\/\/kibrisdakik.com\/wp-content\/uploads\/2024\/06\/hayvancilar-birligi-aciklama-mk-21-740x420.jpeg","width":1600,"height":1066},{"@type":"BreadcrumbList","@id":"https:\/\/kibrisdakik.com\/?p=45932#breadcrumb","itemListElement":[{"@type":"ListItem","position":1,"name":"Home","item":"https:\/\/kibrisdakik.com\/"},{"@type":"ListItem","position":2,"name":"Hayvan \u00fcreticilerinin h\u00fck\u00fcmetle g\u00f6r\u00fc\u015fmeleri s\u00fcr\u00fcyor\u2026.Naimo\u011fullar\u0131: \u201c\u0130yi niyet ve uzla\u015f\u0131 var\u2026Baz\u0131 taleplerimize bayram ertesinde cevap verilecek\u201d"}]},{"@type":"WebSite","@id":"https:\/\/kibrisdakik.com\/#website","url":"https:\/\/kibrisdakik.com\/","name":"","description":"Tam vaktinde haber","potentialAction":[{"@type":"SearchAction","target":{"@type":"EntryPoint","urlTemplate":"https:\/\/kibrisdakik.com\/?s={search_term_string}"},"query-input":{"@type":"PropertyValueSpecification","valueRequired":true,"valueName":"search_term_string"}}],"inLanguage":"tr"},{"@type":"Person","@id":"https:\/\/kibrisdakik.com\/#\/schema\/person\/9cd9d437bbb44f72b73ba127e06d8e79","name":"admin","image":{"@type":"ImageObject","inLanguage":"tr","@id":"https:\/\/secure.gravatar.com\/avatar\/ccc17943b9d660506c869530f897617f7cb1c21a4bf30023f252596d83e1f007?s=96&d=mm&r=g","url":"https:\/\/secure.gravatar.com\/avatar\/ccc17943b9d660506c869530f897617f7cb1c21a4bf30023f252596d83e1f007?s=96&d=mm&r=g","contentUrl":"https:\/\/secure.gravatar.com\/avatar\/ccc17943b9d660506c869530f897617f7cb1c21a4bf30023f252596d83e1f007?s=96&d=mm&r=g","caption":"admin"},"sameAs":["https:\/\/kibrisdakik.com"],"url":"https:\/\/kibrisdakik.com\/?author=1"}]}},"_links":{"self":[{"href":"https:\/\/kibrisdakik.com\/index.php?rest_route=\/wp\/v2\/posts\/45932","targetHints":{"allow":["GET"]}}],"collection":[{"href":"https:\/\/kibrisdakik.com\/index.php?rest_route=\/wp\/v2\/posts"}],"about":[{"href":"https:\/\/kibrisdakik.com\/index.php?rest_route=\/wp\/v2\/types\/post"}],"author":[{"embeddable":true,"href":"https:\/\/kibrisdakik.com\/index.php?rest_route=\/wp\/v2\/users\/1"}],"replies":[{"embeddable":true,"href":"https:\/\/kibrisdakik.com\/index.php?rest_route=%2Fwp%2Fv2%2Fcomments&post=45932"}],"version-history":[{"count":0,"href":"https:\/\/kibrisdakik.com\/index.php?rest_route=\/wp\/v2\/posts\/45932\/revisions"}],"wp:featuredmedia":[{"embeddable":true,"href":"https:\/\/kibrisdakik.com\/index.php?rest_route=\/wp\/v2\/media\/45933"}],"wp:attachment":[{"href":"https:\/\/kibrisdakik.com\/index.php?rest_route=%2Fwp%2Fv2%2Fmedia&parent=45932"}],"wp:term":[{"taxonomy":"category","embeddable":true,"href":"https:\/\/kibrisdakik.com\/index.php?rest_route=%2Fwp%2Fv2%2Fcategories&post=45932"},{"taxonomy":"post_tag","embeddable":true,"href":"https:\/\/kibrisdakik.com\/index.php?rest_route=%2Fwp%2Fv2%2Ftags&post=45932"}],"curies":[{"name":"wp","href":"https:\/\/api.w.org\/{rel}","templated":true}]}}