{"id":46006,"date":"2024-06-14T23:27:12","date_gmt":"2024-06-14T23:27:12","guid":{"rendered":"https:\/\/kibrisdakik.com\/index.php\/2024\/06\/14\/karaagacta-yangin-bir-kisi-tutuklandi\/"},"modified":"2024-06-14T23:27:12","modified_gmt":"2024-06-14T23:27:12","slug":"karaagacta-yangin-bir-kisi-tutuklandi","status":"publish","type":"post","link":"https:\/\/kibrisdakik.com\/?p=46006","title":{"rendered":"Karaa\u011fa\u00e7\u2019ta yang\u0131n\u2026 Bir ki\u015fi tutukland\u0131"},"content":{"rendered":"<p><img decoding=\"async\" src=\"https:\/\/www.kibristurk.com\/images\/haberler\/2024\/06\/karaagacta-yangin-bir-kisi-tutuklandi-1718379558.webp\" \/><\/p>\n<p>\u0130hmalkarl\u0131k ve tedbirsizlik y\u00fcz\u00fcnden yang\u0131na sebebiyet verdi\u011fi tespit edilen A.H.T. (E-64) tutukland\u0131.<\/p>\n<p>Polis Bas\u0131n Subayl\u0131\u011f\u0131&#8217;ndan yap\u0131lan a\u00e7\u0131klamaya g\u00f6re, yang\u0131n, b\u00f6lgede bulunan bir in\u015faat alan\u0131 \u00e7evresinde telleme \u00e7al\u0131\u015fmalar\u0131 yapan A.H.T.\u2019nin spiral makineyle demir kesti\u011fi esnada \u00e7\u0131kan k\u0131v\u0131lc\u0131mlar\u0131n kuru otlar\u0131 tutu\u015fturmas\u0131 sonucu meydana geldi\u011fi tespit edildi.<\/p>\n<p>A\u00e7\u0131klamada, ilk yang\u0131n\u0131n saat 13.30 s\u0131ralar\u0131nda, Karaa\u011fa\u00e7 k\u00f6y\u00fcn\u00fcn bat\u0131 k\u0131sm\u0131ndaki arazide meydana geldi\u011fi, yang\u0131n sonucu yakla\u015f\u0131k 15 d\u00f6n\u00fcml\u00fck alan i\u00e7erisindeki zeytin ve harnup a\u011fa\u00e7lar\u0131 ile maki bitki \u00f6rt\u00fcs\u00fc yand\u0131\u011f\u0131 belirtildi.&nbsp;<\/p>\n<p>Polis itfaiye ekiplerinin yan\u0131 s\u0131ra Orman Dairesi ve Sivil Savunma ekipleri ve \u00f6zel bir \u015firkete ait i\u015f ara\u00e7lar\u0131n\u0131n m\u00fcdahalesiyle yang\u0131n\u0131n s\u00f6nd\u00fcr\u00fcld\u00fc\u011f\u00fc bildirilen a\u00e7\u0131klamada, saat 16.00\u2019de ise bir bu\u00e7uk kilometre ileride, alan\u0131n g\u00fcney k\u0131sm\u0131nda ba\u015fka bir yang\u0131n meydana geldi\u011fi ifade edildi.<\/p>\n<p>B\u00f6lgede bulunan ekiplerin zaman\u0131nda m\u00fcdahalesiyle yang\u0131n\u0131n b\u00fcy\u00fcmeden s\u00f6nd\u00fcr\u00fcld\u00fc\u011f\u00fc kaydedilen a\u00e7\u0131klamada, s\u00f6z konusu yang\u0131nda y\u00fcz metrekarelik alan i\u00e7erisindeki \u00e7am fidanlar\u0131 ile maki bitki \u00f6rt\u00fcs\u00fcn\u00fcn yand\u0131\u011f\u0131 belirtildi.<\/p>\n<p>A\u00e7\u0131klamada, her iki yang\u0131n alan\u0131ndaki so\u011futma \u00e7al\u0131\u015fmalar\u0131n\u0131n s\u00fcrd\u00fc\u011f\u00fc, soru\u015fturman\u0131n ise devam etti\u011fi kaydedildi<\/p>\n","protected":false},"excerpt":{"rendered":"<p>\u0130hmalkarl\u0131k ve tedbirsizlik y\u00fcz\u00fcnden yang\u0131na sebebiyet verdi\u011fi tespit edilen A.H.T. (E-64) tutukland\u0131. Polis Bas\u0131n Subayl\u0131\u011f\u0131&#8217;ndan yap\u0131lan a\u00e7\u0131klamaya g\u00f6re, yang\u0131n, b\u00f6lgede bulunan bir in\u015faat alan\u0131 \u00e7evresinde telleme \u00e7al\u0131\u015fmalar\u0131 yapan A.H.T.\u2019nin spiral makineyle demir kesti\u011fi esnada \u00e7\u0131kan k\u0131v\u0131lc\u0131mlar\u0131n kuru otlar\u0131 tutu\u015fturmas\u0131 sonucu meydana geldi\u011fi tespit edildi. A\u00e7\u0131klamada, ilk yang\u0131n\u0131n saat 13.30 s\u0131ralar\u0131nda, Karaa\u011fa\u00e7 k\u00f6y\u00fcn\u00fcn bat\u0131 k\u0131sm\u0131ndaki arazide<\/p>\n","protected":false},"author":1,"featured_media":46007,"comment_status":"open","ping_status":"open","sticky":false,"template":"","format":"standard","meta":{"footnotes":""},"categories":[85],"tags":[],"class_list":["post-46006","post","type-post","status-publish","format-standard","has-post-thumbnail","hentry","category-spor"],"yoast_head":"<!-- This site is optimized with the Yoast SEO plugin v27.4 - https:\/\/yoast.com\/product\/yoast-seo-wordpress\/ -->\n<title>Karaa\u011fa\u00e7\u2019ta yang\u0131n\u2026 Bir ki\u015fi tutukland\u0131 -<\/title>\n<meta name=\"robots\" content=\"index, follow, max-snippet:-1, max-image-preview:large, max-video-preview:-1\" \/>\n<link rel=\"canonical\" href=\"https:\/\/kibrisdakik.com\/?p=46006\" \/>\n<meta property=\"og:locale\" content=\"tr_TR\" \/>\n<meta property=\"og:type\" content=\"article\" \/>\n<meta property=\"og:title\" content=\"Karaa\u011fa\u00e7\u2019ta yang\u0131n\u2026 Bir ki\u015fi tutukland\u0131 -\" \/>\n<meta property=\"og:description\" content=\"\u0130hmalkarl\u0131k ve tedbirsizlik y\u00fcz\u00fcnden yang\u0131na sebebiyet verdi\u011fi tespit edilen A.H.T. (E-64) tutukland\u0131. Polis Bas\u0131n Subayl\u0131\u011f\u0131&#8217;ndan yap\u0131lan a\u00e7\u0131klamaya g\u00f6re, yang\u0131n, b\u00f6lgede bulunan bir in\u015faat alan\u0131 \u00e7evresinde telleme \u00e7al\u0131\u015fmalar\u0131 yapan A.H.T.\u2019nin spiral makineyle demir kesti\u011fi esnada \u00e7\u0131kan k\u0131v\u0131lc\u0131mlar\u0131n kuru otlar\u0131 tutu\u015fturmas\u0131 sonucu meydana geldi\u011fi tespit edildi. A\u00e7\u0131klamada, ilk yang\u0131n\u0131n saat 13.30 s\u0131ralar\u0131nda, Karaa\u011fa\u00e7 k\u00f6y\u00fcn\u00fcn bat\u0131 k\u0131sm\u0131ndaki arazide\" \/>\n<meta property=\"og:url\" content=\"https:\/\/kibrisdakik.com\/?p=46006\" \/>\n<meta property=\"article:published_time\" content=\"2024-06-14T23:27:12+00:00\" \/>\n<meta property=\"og:image\" content=\"https:\/\/kibrisdakik.com\/wp-content\/uploads\/2024\/06\/karaagacta-yangin-bir-kisi-tutuklandi-1718379558.webp.webp\" \/>\n\t<meta property=\"og:image:width\" content=\"710\" \/>\n\t<meta property=\"og:image:height\" content=\"370\" \/>\n\t<meta property=\"og:image:type\" content=\"image\/webp\" \/>\n<meta name=\"author\" content=\"admin\" \/>\n<meta name=\"twitter:card\" content=\"summary_large_image\" \/>\n<meta name=\"twitter:label1\" content=\"Yazan:\" \/>\n\t<meta name=\"twitter:data1\" content=\"admin\" \/>\n\t<meta name=\"twitter:label2\" content=\"Tahmini okuma s\u00fcresi\" \/>\n\t<meta name=\"twitter:data2\" content=\"1 dakika\" \/>\n<script type=\"application\/ld+json\" class=\"yoast-schema-graph\">{\"@context\":\"https:\\\/\\\/schema.org\",\"@graph\":[{\"@type\":\"Article\",\"@id\":\"https:\\\/\\\/kibrisdakik.com\\\/?p=46006#article\",\"isPartOf\":{\"@id\":\"https:\\\/\\\/kibrisdakik.com\\\/?p=46006\"},\"author\":{\"name\":\"admin\",\"@id\":\"https:\\\/\\\/kibrisdakik.com\\\/#\\\/schema\\\/person\\\/9cd9d437bbb44f72b73ba127e06d8e79\"},\"headline\":\"Karaa\u011fa\u00e7\u2019ta yang\u0131n\u2026 Bir ki\u015fi tutukland\u0131\",\"datePublished\":\"2024-06-14T23:27:12+00:00\",\"mainEntityOfPage\":{\"@id\":\"https:\\\/\\\/kibrisdakik.com\\\/?p=46006\"},\"wordCount\":255,\"commentCount\":0,\"image\":{\"@id\":\"https:\\\/\\\/kibrisdakik.com\\\/?p=46006#primaryimage\"},\"thumbnailUrl\":\"https:\\\/\\\/kibrisdakik.com\\\/wp-content\\\/uploads\\\/2024\\\/06\\\/karaagacta-yangin-bir-kisi-tutuklandi-1718379558.webp.webp\",\"articleSection\":[\"Spor\"],\"inLanguage\":\"tr\",\"potentialAction\":[{\"@type\":\"CommentAction\",\"name\":\"Comment\",\"target\":[\"https:\\\/\\\/kibrisdakik.com\\\/?p=46006#respond\"]}]},{\"@type\":\"WebPage\",\"@id\":\"https:\\\/\\\/kibrisdakik.com\\\/?p=46006\",\"url\":\"https:\\\/\\\/kibrisdakik.com\\\/?p=46006\",\"name\":\"Karaa\u011fa\u00e7\u2019ta yang\u0131n\u2026 Bir ki\u015fi tutukland\u0131 -\",\"isPartOf\":{\"@id\":\"https:\\\/\\\/kibrisdakik.com\\\/#website\"},\"primaryImageOfPage\":{\"@id\":\"https:\\\/\\\/kibrisdakik.com\\\/?p=46006#primaryimage\"},\"image\":{\"@id\":\"https:\\\/\\\/kibrisdakik.com\\\/?p=46006#primaryimage\"},\"thumbnailUrl\":\"https:\\\/\\\/kibrisdakik.com\\\/wp-content\\\/uploads\\\/2024\\\/06\\\/karaagacta-yangin-bir-kisi-tutuklandi-1718379558.webp.webp\",\"datePublished\":\"2024-06-14T23:27:12+00:00\",\"author\":{\"@id\":\"https:\\\/\\\/kibrisdakik.com\\\/#\\\/schema\\\/person\\\/9cd9d437bbb44f72b73ba127e06d8e79\"},\"breadcrumb\":{\"@id\":\"https:\\\/\\\/kibrisdakik.com\\\/?p=46006#breadcrumb\"},\"inLanguage\":\"tr\",\"potentialAction\":[{\"@type\":\"ReadAction\",\"target\":[\"https:\\\/\\\/kibrisdakik.com\\\/?p=46006\"]}]},{\"@type\":\"ImageObject\",\"inLanguage\":\"tr\",\"@id\":\"https:\\\/\\\/kibrisdakik.com\\\/?p=46006#primaryimage\",\"url\":\"https:\\\/\\\/kibrisdakik.com\\\/wp-content\\\/uploads\\\/2024\\\/06\\\/karaagacta-yangin-bir-kisi-tutuklandi-1718379558.webp.webp\",\"contentUrl\":\"https:\\\/\\\/kibrisdakik.com\\\/wp-content\\\/uploads\\\/2024\\\/06\\\/karaagacta-yangin-bir-kisi-tutuklandi-1718379558.webp.webp\",\"width\":710,\"height\":370},{\"@type\":\"BreadcrumbList\",\"@id\":\"https:\\\/\\\/kibrisdakik.com\\\/?p=46006#breadcrumb\",\"itemListElement\":[{\"@type\":\"ListItem\",\"position\":1,\"name\":\"Home\",\"item\":\"https:\\\/\\\/kibrisdakik.com\\\/\"},{\"@type\":\"ListItem\",\"position\":2,\"name\":\"Karaa\u011fa\u00e7\u2019ta yang\u0131n\u2026 Bir ki\u015fi tutukland\u0131\"}]},{\"@type\":\"WebSite\",\"@id\":\"https:\\\/\\\/kibrisdakik.com\\\/#website\",\"url\":\"https:\\\/\\\/kibrisdakik.com\\\/\",\"name\":\"\",\"description\":\"Tam vaktinde haber\",\"potentialAction\":[{\"@type\":\"SearchAction\",\"target\":{\"@type\":\"EntryPoint\",\"urlTemplate\":\"https:\\\/\\\/kibrisdakik.com\\\/?s={search_term_string}\"},\"query-input\":{\"@type\":\"PropertyValueSpecification\",\"valueRequired\":true,\"valueName\":\"search_term_string\"}}],\"inLanguage\":\"tr\"},{\"@type\":\"Person\",\"@id\":\"https:\\\/\\\/kibrisdakik.com\\\/#\\\/schema\\\/person\\\/9cd9d437bbb44f72b73ba127e06d8e79\",\"name\":\"admin\",\"image\":{\"@type\":\"ImageObject\",\"inLanguage\":\"tr\",\"@id\":\"https:\\\/\\\/secure.gravatar.com\\\/avatar\\\/ccc17943b9d660506c869530f897617f7cb1c21a4bf30023f252596d83e1f007?s=96&d=mm&r=g\",\"url\":\"https:\\\/\\\/secure.gravatar.com\\\/avatar\\\/ccc17943b9d660506c869530f897617f7cb1c21a4bf30023f252596d83e1f007?s=96&d=mm&r=g\",\"contentUrl\":\"https:\\\/\\\/secure.gravatar.com\\\/avatar\\\/ccc17943b9d660506c869530f897617f7cb1c21a4bf30023f252596d83e1f007?s=96&d=mm&r=g\",\"caption\":\"admin\"},\"sameAs\":[\"https:\\\/\\\/kibrisdakik.com\"],\"url\":\"https:\\\/\\\/kibrisdakik.com\\\/?author=1\"}]}<\/script>\n<!-- \/ Yoast SEO plugin. -->","yoast_head_json":{"title":"Karaa\u011fa\u00e7\u2019ta yang\u0131n\u2026 Bir ki\u015fi tutukland\u0131 -","robots":{"index":"index","follow":"follow","max-snippet":"max-snippet:-1","max-image-preview":"max-image-preview:large","max-video-preview":"max-video-preview:-1"},"canonical":"https:\/\/kibrisdakik.com\/?p=46006","og_locale":"tr_TR","og_type":"article","og_title":"Karaa\u011fa\u00e7\u2019ta yang\u0131n\u2026 Bir ki\u015fi tutukland\u0131 -","og_description":"\u0130hmalkarl\u0131k ve tedbirsizlik y\u00fcz\u00fcnden yang\u0131na sebebiyet verdi\u011fi tespit edilen A.H.T. (E-64) tutukland\u0131. Polis Bas\u0131n Subayl\u0131\u011f\u0131&#8217;ndan yap\u0131lan a\u00e7\u0131klamaya g\u00f6re, yang\u0131n, b\u00f6lgede bulunan bir in\u015faat alan\u0131 \u00e7evresinde telleme \u00e7al\u0131\u015fmalar\u0131 yapan A.H.T.\u2019nin spiral makineyle demir kesti\u011fi esnada \u00e7\u0131kan k\u0131v\u0131lc\u0131mlar\u0131n kuru otlar\u0131 tutu\u015fturmas\u0131 sonucu meydana geldi\u011fi tespit edildi. A\u00e7\u0131klamada, ilk yang\u0131n\u0131n saat 13.30 s\u0131ralar\u0131nda, Karaa\u011fa\u00e7 k\u00f6y\u00fcn\u00fcn bat\u0131 k\u0131sm\u0131ndaki arazide","og_url":"https:\/\/kibrisdakik.com\/?p=46006","article_published_time":"2024-06-14T23:27:12+00:00","og_image":[{"width":710,"height":370,"url":"https:\/\/kibrisdakik.com\/wp-content\/uploads\/2024\/06\/karaagacta-yangin-bir-kisi-tutuklandi-1718379558.webp.webp","type":"image\/webp"}],"author":"admin","twitter_card":"summary_large_image","twitter_misc":{"Yazan:":"admin","Tahmini okuma s\u00fcresi":"1 dakika"},"schema":{"@context":"https:\/\/schema.org","@graph":[{"@type":"Article","@id":"https:\/\/kibrisdakik.com\/?p=46006#article","isPartOf":{"@id":"https:\/\/kibrisdakik.com\/?p=46006"},"author":{"name":"admin","@id":"https:\/\/kibrisdakik.com\/#\/schema\/person\/9cd9d437bbb44f72b73ba127e06d8e79"},"headline":"Karaa\u011fa\u00e7\u2019ta yang\u0131n\u2026 Bir ki\u015fi tutukland\u0131","datePublished":"2024-06-14T23:27:12+00:00","mainEntityOfPage":{"@id":"https:\/\/kibrisdakik.com\/?p=46006"},"wordCount":255,"commentCount":0,"image":{"@id":"https:\/\/kibrisdakik.com\/?p=46006#primaryimage"},"thumbnailUrl":"https:\/\/kibrisdakik.com\/wp-content\/uploads\/2024\/06\/karaagacta-yangin-bir-kisi-tutuklandi-1718379558.webp.webp","articleSection":["Spor"],"inLanguage":"tr","potentialAction":[{"@type":"CommentAction","name":"Comment","target":["https:\/\/kibrisdakik.com\/?p=46006#respond"]}]},{"@type":"WebPage","@id":"https:\/\/kibrisdakik.com\/?p=46006","url":"https:\/\/kibrisdakik.com\/?p=46006","name":"Karaa\u011fa\u00e7\u2019ta yang\u0131n\u2026 Bir ki\u015fi tutukland\u0131 -","isPartOf":{"@id":"https:\/\/kibrisdakik.com\/#website"},"primaryImageOfPage":{"@id":"https:\/\/kibrisdakik.com\/?p=46006#primaryimage"},"image":{"@id":"https:\/\/kibrisdakik.com\/?p=46006#primaryimage"},"thumbnailUrl":"https:\/\/kibrisdakik.com\/wp-content\/uploads\/2024\/06\/karaagacta-yangin-bir-kisi-tutuklandi-1718379558.webp.webp","datePublished":"2024-06-14T23:27:12+00:00","author":{"@id":"https:\/\/kibrisdakik.com\/#\/schema\/person\/9cd9d437bbb44f72b73ba127e06d8e79"},"breadcrumb":{"@id":"https:\/\/kibrisdakik.com\/?p=46006#breadcrumb"},"inLanguage":"tr","potentialAction":[{"@type":"ReadAction","target":["https:\/\/kibrisdakik.com\/?p=46006"]}]},{"@type":"ImageObject","inLanguage":"tr","@id":"https:\/\/kibrisdakik.com\/?p=46006#primaryimage","url":"https:\/\/kibrisdakik.com\/wp-content\/uploads\/2024\/06\/karaagacta-yangin-bir-kisi-tutuklandi-1718379558.webp.webp","contentUrl":"https:\/\/kibrisdakik.com\/wp-content\/uploads\/2024\/06\/karaagacta-yangin-bir-kisi-tutuklandi-1718379558.webp.webp","width":710,"height":370},{"@type":"BreadcrumbList","@id":"https:\/\/kibrisdakik.com\/?p=46006#breadcrumb","itemListElement":[{"@type":"ListItem","position":1,"name":"Home","item":"https:\/\/kibrisdakik.com\/"},{"@type":"ListItem","position":2,"name":"Karaa\u011fa\u00e7\u2019ta yang\u0131n\u2026 Bir ki\u015fi tutukland\u0131"}]},{"@type":"WebSite","@id":"https:\/\/kibrisdakik.com\/#website","url":"https:\/\/kibrisdakik.com\/","name":"","description":"Tam vaktinde haber","potentialAction":[{"@type":"SearchAction","target":{"@type":"EntryPoint","urlTemplate":"https:\/\/kibrisdakik.com\/?s={search_term_string}"},"query-input":{"@type":"PropertyValueSpecification","valueRequired":true,"valueName":"search_term_string"}}],"inLanguage":"tr"},{"@type":"Person","@id":"https:\/\/kibrisdakik.com\/#\/schema\/person\/9cd9d437bbb44f72b73ba127e06d8e79","name":"admin","image":{"@type":"ImageObject","inLanguage":"tr","@id":"https:\/\/secure.gravatar.com\/avatar\/ccc17943b9d660506c869530f897617f7cb1c21a4bf30023f252596d83e1f007?s=96&d=mm&r=g","url":"https:\/\/secure.gravatar.com\/avatar\/ccc17943b9d660506c869530f897617f7cb1c21a4bf30023f252596d83e1f007?s=96&d=mm&r=g","contentUrl":"https:\/\/secure.gravatar.com\/avatar\/ccc17943b9d660506c869530f897617f7cb1c21a4bf30023f252596d83e1f007?s=96&d=mm&r=g","caption":"admin"},"sameAs":["https:\/\/kibrisdakik.com"],"url":"https:\/\/kibrisdakik.com\/?author=1"}]}},"_links":{"self":[{"href":"https:\/\/kibrisdakik.com\/index.php?rest_route=\/wp\/v2\/posts\/46006","targetHints":{"allow":["GET"]}}],"collection":[{"href":"https:\/\/kibrisdakik.com\/index.php?rest_route=\/wp\/v2\/posts"}],"about":[{"href":"https:\/\/kibrisdakik.com\/index.php?rest_route=\/wp\/v2\/types\/post"}],"author":[{"embeddable":true,"href":"https:\/\/kibrisdakik.com\/index.php?rest_route=\/wp\/v2\/users\/1"}],"replies":[{"embeddable":true,"href":"https:\/\/kibrisdakik.com\/index.php?rest_route=%2Fwp%2Fv2%2Fcomments&post=46006"}],"version-history":[{"count":0,"href":"https:\/\/kibrisdakik.com\/index.php?rest_route=\/wp\/v2\/posts\/46006\/revisions"}],"wp:featuredmedia":[{"embeddable":true,"href":"https:\/\/kibrisdakik.com\/index.php?rest_route=\/wp\/v2\/media\/46007"}],"wp:attachment":[{"href":"https:\/\/kibrisdakik.com\/index.php?rest_route=%2Fwp%2Fv2%2Fmedia&parent=46006"}],"wp:term":[{"taxonomy":"category","embeddable":true,"href":"https:\/\/kibrisdakik.com\/index.php?rest_route=%2Fwp%2Fv2%2Fcategories&post=46006"},{"taxonomy":"post_tag","embeddable":true,"href":"https:\/\/kibrisdakik.com\/index.php?rest_route=%2Fwp%2Fv2%2Ftags&post=46006"}],"curies":[{"name":"wp","href":"https:\/\/api.w.org\/{rel}","templated":true}]}}