{"id":46018,"date":"2024-06-14T15:17:00","date_gmt":"2024-06-14T15:17:00","guid":{"rendered":"https:\/\/kibrisdakik.com\/index.php\/2024\/06\/14\/ticaret-odasi-antwerpte-eurochambres-etkinliklerine-katildi-2\/"},"modified":"2024-06-14T15:17:00","modified_gmt":"2024-06-14T15:17:00","slug":"ticaret-odasi-antwerpte-eurochambres-etkinliklerine-katildi-2","status":"publish","type":"post","link":"https:\/\/kibrisdakik.com\/?p=46018","title":{"rendered":"Ticaret Odas\u0131, Antwerp\u2019te Eurochambres etkinliklerine kat\u0131ld\u0131"},"content":{"rendered":"<p><img decoding=\"async\" src=\"https:\/\/www.kibristurk.com\/images\/haberler\/2024\/06\/ticaret-odasi-antwerpte-eurochambres-etkinliklerine-katildi-1718378316.webp\" \/><\/p>\n<p>Ticaret Odas\u0131&#8217;ndan yap\u0131lan a\u00e7\u0131klamaya g\u00f6re, Ticaret Odas\u0131 heyeti, Y\u00f6netim Kurulu \u00fcyesi Oma\u00e7 Cin, Genel Sekreter Aysun \u00d6net \u0130leri, Genel Sekreter Yard\u0131mc\u0131s\u0131 Mustafa Erg\u00fcven ve Br\u00fcksel Temsilcisi Lale \u015eener\u2019den olu\u015ftu.<\/p>\n<p>Avrupa Parlamentosu se\u00e7im sonu\u00e7lar\u0131 ve Avrupa i\u015f d\u00fcnyas\u0131n\u0131n gelecek d\u00f6nemdeki \u00f6ncelikleri g\u00f6r\u00fc\u015f\u00fclen Genel Kurul toplant\u0131s\u0131 sonras\u0131nda K\u0131br\u0131s T\u00fcrk Ticaret Odas\u0131 heyeti, Avrupa Ticaret ve Sanayi Odalar\u0131 Birli\u011fi (Eurochambres) Kongresi\u2019nin a\u00e7\u0131l\u0131\u015f etkinli\u011fine kat\u0131ld\u0131.<\/p>\n<p>Antwerp\u2019te ger\u00e7ekle\u015ftirilen Avrupa Ticaret ve Sanayi Odalar\u0131 Birli\u011fi (Eurochambres) Kongresine kat\u0131lan heyet, 45 \u00fclkenin ticaret odalar\u0131ndan yakla\u015f\u0131k 150 kat\u0131l\u0131mc\u0131n\u0131n i\u015ftirak etti\u011fi etkinlikte di\u011fer Odalar ile \u201cnetworking\u201d f\u0131rsat\u0131 elde etti.<\/p>\n<p>Avrupa i\u015f d\u00fcnyas\u0131n\u0131n g\u00fcndemindeki ye\u015fil ve dijital ge\u00e7i\u015f ve rekabet edebilirlik konular\u0131n\u0131n irdelendi\u011fi Kongre \u00e7er\u00e7evesinde yap\u0131lan paralel at\u00f6lye \u00e7al\u0131\u015fmalar\u0131nda ise ticaret odalar\u0131n\u0131n imaj\u0131n\u0131 g\u00fc\u00e7lendirme, oda \u00fcyelerinin de\u011fi\u015fen ve farkl\u0131la\u015fan beklentilerine odalar\u0131n nas\u0131l kar\u015f\u0131l\u0131k vermeye \u00e7al\u0131\u015ft\u0131\u011f\u0131na ili\u015fkin iyi uygulamalar ele al\u0131nd\u0131.<\/p>\n","protected":false},"excerpt":{"rendered":"<p>Ticaret Odas\u0131&#8217;ndan yap\u0131lan a\u00e7\u0131klamaya g\u00f6re, Ticaret Odas\u0131 heyeti, Y\u00f6netim Kurulu \u00fcyesi Oma\u00e7 Cin, Genel Sekreter Aysun \u00d6net \u0130leri, Genel Sekreter Yard\u0131mc\u0131s\u0131 Mustafa Erg\u00fcven ve Br\u00fcksel Temsilcisi Lale \u015eener\u2019den olu\u015ftu. Avrupa Parlamentosu se\u00e7im sonu\u00e7lar\u0131 ve Avrupa i\u015f d\u00fcnyas\u0131n\u0131n gelecek d\u00f6nemdeki \u00f6ncelikleri g\u00f6r\u00fc\u015f\u00fclen Genel Kurul toplant\u0131s\u0131 sonras\u0131nda K\u0131br\u0131s T\u00fcrk Ticaret Odas\u0131 heyeti, Avrupa Ticaret ve Sanayi Odalar\u0131<\/p>\n","protected":false},"author":1,"featured_media":46019,"comment_status":"open","ping_status":"open","sticky":false,"template":"","format":"standard","meta":{"footnotes":""},"categories":[1],"tags":[],"class_list":["post-46018","post","type-post","status-publish","format-standard","has-post-thumbnail","hentry","category-gundem"],"yoast_head":"<!-- This site is optimized with the Yoast SEO plugin v27.4 - https:\/\/yoast.com\/product\/yoast-seo-wordpress\/ -->\n<title>Ticaret Odas\u0131, Antwerp\u2019te Eurochambres etkinliklerine kat\u0131ld\u0131 -<\/title>\n<meta name=\"robots\" content=\"index, follow, max-snippet:-1, max-image-preview:large, max-video-preview:-1\" \/>\n<link rel=\"canonical\" href=\"https:\/\/kibrisdakik.com\/?p=46018\" \/>\n<meta property=\"og:locale\" content=\"tr_TR\" \/>\n<meta property=\"og:type\" content=\"article\" \/>\n<meta property=\"og:title\" content=\"Ticaret Odas\u0131, Antwerp\u2019te Eurochambres etkinliklerine kat\u0131ld\u0131 -\" \/>\n<meta property=\"og:description\" content=\"Ticaret Odas\u0131&#8217;ndan yap\u0131lan a\u00e7\u0131klamaya g\u00f6re, Ticaret Odas\u0131 heyeti, Y\u00f6netim Kurulu \u00fcyesi Oma\u00e7 Cin, Genel Sekreter Aysun \u00d6net \u0130leri, Genel Sekreter Yard\u0131mc\u0131s\u0131 Mustafa Erg\u00fcven ve Br\u00fcksel Temsilcisi Lale \u015eener\u2019den olu\u015ftu. Avrupa Parlamentosu se\u00e7im sonu\u00e7lar\u0131 ve Avrupa i\u015f d\u00fcnyas\u0131n\u0131n gelecek d\u00f6nemdeki \u00f6ncelikleri g\u00f6r\u00fc\u015f\u00fclen Genel Kurul toplant\u0131s\u0131 sonras\u0131nda K\u0131br\u0131s T\u00fcrk Ticaret Odas\u0131 heyeti, Avrupa Ticaret ve Sanayi Odalar\u0131\" \/>\n<meta property=\"og:url\" content=\"https:\/\/kibrisdakik.com\/?p=46018\" \/>\n<meta property=\"article:published_time\" content=\"2024-06-14T15:17:00+00:00\" \/>\n<meta property=\"og:image\" content=\"https:\/\/kibrisdakik.com\/wp-content\/uploads\/2024\/06\/ticaret-odasi-antwerpte-eurochambres-etkinliklerine-katildi-1718378316.webp.webp\" \/>\n\t<meta property=\"og:image:width\" content=\"710\" \/>\n\t<meta property=\"og:image:height\" content=\"370\" \/>\n\t<meta property=\"og:image:type\" content=\"image\/webp\" \/>\n<meta name=\"author\" content=\"admin\" \/>\n<meta name=\"twitter:card\" content=\"summary_large_image\" \/>\n<meta name=\"twitter:label1\" content=\"Yazan:\" \/>\n\t<meta name=\"twitter:data1\" content=\"admin\" \/>\n\t<meta name=\"twitter:label2\" content=\"Tahmini okuma s\u00fcresi\" \/>\n\t<meta name=\"twitter:data2\" content=\"1 dakika\" \/>\n<script type=\"application\/ld+json\" class=\"yoast-schema-graph\">{\"@context\":\"https:\\\/\\\/schema.org\",\"@graph\":[{\"@type\":\"Article\",\"@id\":\"https:\\\/\\\/kibrisdakik.com\\\/?p=46018#article\",\"isPartOf\":{\"@id\":\"https:\\\/\\\/kibrisdakik.com\\\/?p=46018\"},\"author\":{\"name\":\"admin\",\"@id\":\"https:\\\/\\\/kibrisdakik.com\\\/#\\\/schema\\\/person\\\/9cd9d437bbb44f72b73ba127e06d8e79\"},\"headline\":\"Ticaret Odas\u0131, Antwerp\u2019te Eurochambres etkinliklerine kat\u0131ld\u0131\",\"datePublished\":\"2024-06-14T15:17:00+00:00\",\"mainEntityOfPage\":{\"@id\":\"https:\\\/\\\/kibrisdakik.com\\\/?p=46018\"},\"wordCount\":210,\"commentCount\":0,\"image\":{\"@id\":\"https:\\\/\\\/kibrisdakik.com\\\/?p=46018#primaryimage\"},\"thumbnailUrl\":\"https:\\\/\\\/kibrisdakik.com\\\/wp-content\\\/uploads\\\/2024\\\/06\\\/ticaret-odasi-antwerpte-eurochambres-etkinliklerine-katildi-1718378316.webp.webp\",\"articleSection\":[\"G\u00fcndem\"],\"inLanguage\":\"tr\",\"potentialAction\":[{\"@type\":\"CommentAction\",\"name\":\"Comment\",\"target\":[\"https:\\\/\\\/kibrisdakik.com\\\/?p=46018#respond\"]}]},{\"@type\":\"WebPage\",\"@id\":\"https:\\\/\\\/kibrisdakik.com\\\/?p=46018\",\"url\":\"https:\\\/\\\/kibrisdakik.com\\\/?p=46018\",\"name\":\"Ticaret Odas\u0131, Antwerp\u2019te Eurochambres etkinliklerine kat\u0131ld\u0131 -\",\"isPartOf\":{\"@id\":\"https:\\\/\\\/kibrisdakik.com\\\/#website\"},\"primaryImageOfPage\":{\"@id\":\"https:\\\/\\\/kibrisdakik.com\\\/?p=46018#primaryimage\"},\"image\":{\"@id\":\"https:\\\/\\\/kibrisdakik.com\\\/?p=46018#primaryimage\"},\"thumbnailUrl\":\"https:\\\/\\\/kibrisdakik.com\\\/wp-content\\\/uploads\\\/2024\\\/06\\\/ticaret-odasi-antwerpte-eurochambres-etkinliklerine-katildi-1718378316.webp.webp\",\"datePublished\":\"2024-06-14T15:17:00+00:00\",\"author\":{\"@id\":\"https:\\\/\\\/kibrisdakik.com\\\/#\\\/schema\\\/person\\\/9cd9d437bbb44f72b73ba127e06d8e79\"},\"breadcrumb\":{\"@id\":\"https:\\\/\\\/kibrisdakik.com\\\/?p=46018#breadcrumb\"},\"inLanguage\":\"tr\",\"potentialAction\":[{\"@type\":\"ReadAction\",\"target\":[\"https:\\\/\\\/kibrisdakik.com\\\/?p=46018\"]}]},{\"@type\":\"ImageObject\",\"inLanguage\":\"tr\",\"@id\":\"https:\\\/\\\/kibrisdakik.com\\\/?p=46018#primaryimage\",\"url\":\"https:\\\/\\\/kibrisdakik.com\\\/wp-content\\\/uploads\\\/2024\\\/06\\\/ticaret-odasi-antwerpte-eurochambres-etkinliklerine-katildi-1718378316.webp.webp\",\"contentUrl\":\"https:\\\/\\\/kibrisdakik.com\\\/wp-content\\\/uploads\\\/2024\\\/06\\\/ticaret-odasi-antwerpte-eurochambres-etkinliklerine-katildi-1718378316.webp.webp\",\"width\":710,\"height\":370},{\"@type\":\"BreadcrumbList\",\"@id\":\"https:\\\/\\\/kibrisdakik.com\\\/?p=46018#breadcrumb\",\"itemListElement\":[{\"@type\":\"ListItem\",\"position\":1,\"name\":\"Home\",\"item\":\"https:\\\/\\\/kibrisdakik.com\\\/\"},{\"@type\":\"ListItem\",\"position\":2,\"name\":\"Ticaret Odas\u0131, Antwerp\u2019te Eurochambres etkinliklerine kat\u0131ld\u0131\"}]},{\"@type\":\"WebSite\",\"@id\":\"https:\\\/\\\/kibrisdakik.com\\\/#website\",\"url\":\"https:\\\/\\\/kibrisdakik.com\\\/\",\"name\":\"\",\"description\":\"Tam vaktinde haber\",\"potentialAction\":[{\"@type\":\"SearchAction\",\"target\":{\"@type\":\"EntryPoint\",\"urlTemplate\":\"https:\\\/\\\/kibrisdakik.com\\\/?s={search_term_string}\"},\"query-input\":{\"@type\":\"PropertyValueSpecification\",\"valueRequired\":true,\"valueName\":\"search_term_string\"}}],\"inLanguage\":\"tr\"},{\"@type\":\"Person\",\"@id\":\"https:\\\/\\\/kibrisdakik.com\\\/#\\\/schema\\\/person\\\/9cd9d437bbb44f72b73ba127e06d8e79\",\"name\":\"admin\",\"image\":{\"@type\":\"ImageObject\",\"inLanguage\":\"tr\",\"@id\":\"https:\\\/\\\/secure.gravatar.com\\\/avatar\\\/ccc17943b9d660506c869530f897617f7cb1c21a4bf30023f252596d83e1f007?s=96&d=mm&r=g\",\"url\":\"https:\\\/\\\/secure.gravatar.com\\\/avatar\\\/ccc17943b9d660506c869530f897617f7cb1c21a4bf30023f252596d83e1f007?s=96&d=mm&r=g\",\"contentUrl\":\"https:\\\/\\\/secure.gravatar.com\\\/avatar\\\/ccc17943b9d660506c869530f897617f7cb1c21a4bf30023f252596d83e1f007?s=96&d=mm&r=g\",\"caption\":\"admin\"},\"sameAs\":[\"https:\\\/\\\/kibrisdakik.com\"],\"url\":\"https:\\\/\\\/kibrisdakik.com\\\/?author=1\"}]}<\/script>\n<!-- \/ Yoast SEO plugin. -->","yoast_head_json":{"title":"Ticaret Odas\u0131, Antwerp\u2019te Eurochambres etkinliklerine kat\u0131ld\u0131 -","robots":{"index":"index","follow":"follow","max-snippet":"max-snippet:-1","max-image-preview":"max-image-preview:large","max-video-preview":"max-video-preview:-1"},"canonical":"https:\/\/kibrisdakik.com\/?p=46018","og_locale":"tr_TR","og_type":"article","og_title":"Ticaret Odas\u0131, Antwerp\u2019te Eurochambres etkinliklerine kat\u0131ld\u0131 -","og_description":"Ticaret Odas\u0131&#8217;ndan yap\u0131lan a\u00e7\u0131klamaya g\u00f6re, Ticaret Odas\u0131 heyeti, Y\u00f6netim Kurulu \u00fcyesi Oma\u00e7 Cin, Genel Sekreter Aysun \u00d6net \u0130leri, Genel Sekreter Yard\u0131mc\u0131s\u0131 Mustafa Erg\u00fcven ve Br\u00fcksel Temsilcisi Lale \u015eener\u2019den olu\u015ftu. Avrupa Parlamentosu se\u00e7im sonu\u00e7lar\u0131 ve Avrupa i\u015f d\u00fcnyas\u0131n\u0131n gelecek d\u00f6nemdeki \u00f6ncelikleri g\u00f6r\u00fc\u015f\u00fclen Genel Kurul toplant\u0131s\u0131 sonras\u0131nda K\u0131br\u0131s T\u00fcrk Ticaret Odas\u0131 heyeti, Avrupa Ticaret ve Sanayi Odalar\u0131","og_url":"https:\/\/kibrisdakik.com\/?p=46018","article_published_time":"2024-06-14T15:17:00+00:00","og_image":[{"width":710,"height":370,"url":"https:\/\/kibrisdakik.com\/wp-content\/uploads\/2024\/06\/ticaret-odasi-antwerpte-eurochambres-etkinliklerine-katildi-1718378316.webp.webp","type":"image\/webp"}],"author":"admin","twitter_card":"summary_large_image","twitter_misc":{"Yazan:":"admin","Tahmini okuma s\u00fcresi":"1 dakika"},"schema":{"@context":"https:\/\/schema.org","@graph":[{"@type":"Article","@id":"https:\/\/kibrisdakik.com\/?p=46018#article","isPartOf":{"@id":"https:\/\/kibrisdakik.com\/?p=46018"},"author":{"name":"admin","@id":"https:\/\/kibrisdakik.com\/#\/schema\/person\/9cd9d437bbb44f72b73ba127e06d8e79"},"headline":"Ticaret Odas\u0131, Antwerp\u2019te Eurochambres etkinliklerine kat\u0131ld\u0131","datePublished":"2024-06-14T15:17:00+00:00","mainEntityOfPage":{"@id":"https:\/\/kibrisdakik.com\/?p=46018"},"wordCount":210,"commentCount":0,"image":{"@id":"https:\/\/kibrisdakik.com\/?p=46018#primaryimage"},"thumbnailUrl":"https:\/\/kibrisdakik.com\/wp-content\/uploads\/2024\/06\/ticaret-odasi-antwerpte-eurochambres-etkinliklerine-katildi-1718378316.webp.webp","articleSection":["G\u00fcndem"],"inLanguage":"tr","potentialAction":[{"@type":"CommentAction","name":"Comment","target":["https:\/\/kibrisdakik.com\/?p=46018#respond"]}]},{"@type":"WebPage","@id":"https:\/\/kibrisdakik.com\/?p=46018","url":"https:\/\/kibrisdakik.com\/?p=46018","name":"Ticaret Odas\u0131, Antwerp\u2019te Eurochambres etkinliklerine kat\u0131ld\u0131 -","isPartOf":{"@id":"https:\/\/kibrisdakik.com\/#website"},"primaryImageOfPage":{"@id":"https:\/\/kibrisdakik.com\/?p=46018#primaryimage"},"image":{"@id":"https:\/\/kibrisdakik.com\/?p=46018#primaryimage"},"thumbnailUrl":"https:\/\/kibrisdakik.com\/wp-content\/uploads\/2024\/06\/ticaret-odasi-antwerpte-eurochambres-etkinliklerine-katildi-1718378316.webp.webp","datePublished":"2024-06-14T15:17:00+00:00","author":{"@id":"https:\/\/kibrisdakik.com\/#\/schema\/person\/9cd9d437bbb44f72b73ba127e06d8e79"},"breadcrumb":{"@id":"https:\/\/kibrisdakik.com\/?p=46018#breadcrumb"},"inLanguage":"tr","potentialAction":[{"@type":"ReadAction","target":["https:\/\/kibrisdakik.com\/?p=46018"]}]},{"@type":"ImageObject","inLanguage":"tr","@id":"https:\/\/kibrisdakik.com\/?p=46018#primaryimage","url":"https:\/\/kibrisdakik.com\/wp-content\/uploads\/2024\/06\/ticaret-odasi-antwerpte-eurochambres-etkinliklerine-katildi-1718378316.webp.webp","contentUrl":"https:\/\/kibrisdakik.com\/wp-content\/uploads\/2024\/06\/ticaret-odasi-antwerpte-eurochambres-etkinliklerine-katildi-1718378316.webp.webp","width":710,"height":370},{"@type":"BreadcrumbList","@id":"https:\/\/kibrisdakik.com\/?p=46018#breadcrumb","itemListElement":[{"@type":"ListItem","position":1,"name":"Home","item":"https:\/\/kibrisdakik.com\/"},{"@type":"ListItem","position":2,"name":"Ticaret Odas\u0131, Antwerp\u2019te Eurochambres etkinliklerine kat\u0131ld\u0131"}]},{"@type":"WebSite","@id":"https:\/\/kibrisdakik.com\/#website","url":"https:\/\/kibrisdakik.com\/","name":"","description":"Tam vaktinde haber","potentialAction":[{"@type":"SearchAction","target":{"@type":"EntryPoint","urlTemplate":"https:\/\/kibrisdakik.com\/?s={search_term_string}"},"query-input":{"@type":"PropertyValueSpecification","valueRequired":true,"valueName":"search_term_string"}}],"inLanguage":"tr"},{"@type":"Person","@id":"https:\/\/kibrisdakik.com\/#\/schema\/person\/9cd9d437bbb44f72b73ba127e06d8e79","name":"admin","image":{"@type":"ImageObject","inLanguage":"tr","@id":"https:\/\/secure.gravatar.com\/avatar\/ccc17943b9d660506c869530f897617f7cb1c21a4bf30023f252596d83e1f007?s=96&d=mm&r=g","url":"https:\/\/secure.gravatar.com\/avatar\/ccc17943b9d660506c869530f897617f7cb1c21a4bf30023f252596d83e1f007?s=96&d=mm&r=g","contentUrl":"https:\/\/secure.gravatar.com\/avatar\/ccc17943b9d660506c869530f897617f7cb1c21a4bf30023f252596d83e1f007?s=96&d=mm&r=g","caption":"admin"},"sameAs":["https:\/\/kibrisdakik.com"],"url":"https:\/\/kibrisdakik.com\/?author=1"}]}},"_links":{"self":[{"href":"https:\/\/kibrisdakik.com\/index.php?rest_route=\/wp\/v2\/posts\/46018","targetHints":{"allow":["GET"]}}],"collection":[{"href":"https:\/\/kibrisdakik.com\/index.php?rest_route=\/wp\/v2\/posts"}],"about":[{"href":"https:\/\/kibrisdakik.com\/index.php?rest_route=\/wp\/v2\/types\/post"}],"author":[{"embeddable":true,"href":"https:\/\/kibrisdakik.com\/index.php?rest_route=\/wp\/v2\/users\/1"}],"replies":[{"embeddable":true,"href":"https:\/\/kibrisdakik.com\/index.php?rest_route=%2Fwp%2Fv2%2Fcomments&post=46018"}],"version-history":[{"count":0,"href":"https:\/\/kibrisdakik.com\/index.php?rest_route=\/wp\/v2\/posts\/46018\/revisions"}],"wp:featuredmedia":[{"embeddable":true,"href":"https:\/\/kibrisdakik.com\/index.php?rest_route=\/wp\/v2\/media\/46019"}],"wp:attachment":[{"href":"https:\/\/kibrisdakik.com\/index.php?rest_route=%2Fwp%2Fv2%2Fmedia&parent=46018"}],"wp:term":[{"taxonomy":"category","embeddable":true,"href":"https:\/\/kibrisdakik.com\/index.php?rest_route=%2Fwp%2Fv2%2Fcategories&post=46018"},{"taxonomy":"post_tag","embeddable":true,"href":"https:\/\/kibrisdakik.com\/index.php?rest_route=%2Fwp%2Fv2%2Ftags&post=46018"}],"curies":[{"name":"wp","href":"https:\/\/api.w.org\/{rel}","templated":true}]}}