{"id":46079,"date":"2024-06-15T12:54:56","date_gmt":"2024-06-15T12:54:56","guid":{"rendered":"https:\/\/kibrisdakik.com\/index.php\/2024\/06\/15\/cumhurbaskani-tatar-tmt-mucahidi-gazi-ve-sehit-yakinlarini-ziyaret-etti\/"},"modified":"2024-06-15T12:54:56","modified_gmt":"2024-06-15T12:54:56","slug":"cumhurbaskani-tatar-tmt-mucahidi-gazi-ve-sehit-yakinlarini-ziyaret-etti","status":"publish","type":"post","link":"https:\/\/kibrisdakik.com\/?p=46079","title":{"rendered":"Cumhurba\u015fkan\u0131  Tatar, TMT m\u00fccahidi, gazi ve \u015fehit yak\u0131nlar\u0131n\u0131 ziyaret etti"},"content":{"rendered":"<p><\/p>\n<div>\n<div class=\"mariselle-image-container center\">\n                <img loading=\"lazy\" decoding=\"async\" width=\"969\" height=\"488\" class=\"lazy-image\" alt=\"\" sizes=\"auto, (max-width: 969px) 100vw, 969px\" src=\"https:\/\/brtk.net\/wp-content\/uploads\/2024\/06\/15\/Screenshot_20240615_153307_X.jpg?ver=415ef8340f1a104f1f030daffa4c7d9e\" srcset=\"https:\/\/brtk.net\/wp-content\/uploads\/2024\/06\/15\/Screenshot_20240615_153307_X.jpg?ver=415ef8340f1a104f1f030daffa4c7d9e 969w, https:\/\/brtk.net\/wp-content\/uploads\/2024\/06\/15\/Screenshot_20240615_153307_X-300x151.jpg?ver=415ef8340f1a104f1f030daffa4c7d9e 300w, https:\/\/brtk.net\/wp-content\/uploads\/2024\/06\/15\/Screenshot_20240615_153307_X-768x387.jpg?ver=415ef8340f1a104f1f030daffa4c7d9e 768w\"\/>                            <\/div>\n<p>Cumhurba\u015fkan\u0131 <a href=\"https:\/\/brtk.net\/\" target=\"_blank\" rel=\"noopener\"><a href=\"https:\/\/brtk.net\/\" target=\"_blank\" rel=\"noopener\">Ersin <\/a><a href=\"https:\/\/brtk.net\/\"\/><a href=\"https:\/\/brtk.net\/\">Tatar<\/a>, Kurban Bayram\u0131 vesilesiyle T\u00fcrk Mukavemet Te\u015fkilat\u0131 (TMT) M\u00fccahidi Raif \u015eerifo\u011flu, TBK Gazisi Metin Altun ile Mustafa Kurtulu\u015f ve H\u00fcseyin Kafa isimli \u015fehitlerin yak\u0131nlar\u0131n\u0131 ziyaret etti.<\/p>\n<p>Cumhurba\u015fkan\u0131 <a href=\"https:\/\/brtk.net\/\" target=\"_blank\" rel=\"noopener\"><a href=\"https:\/\/brtk.net\/\" target=\"_blank\" rel=\"noopener\">Ersin <\/a><a href=\"https:\/\/brtk.net\/\"\/><a href=\"https:\/\/brtk.net\/\">Tatar<\/a>, ge\u00e7mi\u015fte \u00e7ok ac\u0131lar \u00e7eken K\u0131br\u0131s T\u00fcrk\u00fc\u2019n\u00fcn verdi\u011fi varolu\u015f m\u00fccadelesi sayesinde bug\u00fcn \u00f6zg\u00fcr ve ba\u011f\u0131ms\u0131z bir \u015fekilde huzur i\u00e7inde ya\u015fand\u0131\u011f\u0131n\u0131 s\u00f6yledi.<\/p>\n<p>\u201c\u015eehitlerimizi ne unuturuz, ne unuttururuz\u201ddiyen Cumhurba\u015fkan\u0131 <a href=\"https:\/\/brtk.net\/\"\/><a href=\"https:\/\/brtk.net\/\">Tatar<\/a>, devlet olarak gazilerin ve \u015fehit yak\u0131nlar\u0131n\u0131n her zaman yan\u0131nda olduklar\u0131n\u0131 ve olmaya devam edeceklerini kaydetti.<\/p>\n<p>\u015eehit aileleri ziyaretten duyduklar\u0131 memnuniyeti ifade ederken, TMT M\u00fccahidi Raif \u015eerifo\u011flu ile TBK Gazisi Metin Altun ger\u00e7ekle\u015ftirilen ziyaretin kendilerini mutlu etti\u011fini dile getirdi.<\/p>\n<\/p><\/div>\n<p><script async\n                    defer\n                    crossorigin=\"anonymous\"\n                    src=\"https:\/\/connect.facebook.net\/tr_TR\/sdk.js#xfbml=1&#038;version=v3.3\"\n            ><\/script><\/p>\n","protected":false},"excerpt":{"rendered":"<p>Cumhurba\u015fkan\u0131 Ersin Tatar, Kurban Bayram\u0131 vesilesiyle T\u00fcrk Mukavemet Te\u015fkilat\u0131 (TMT) M\u00fccahidi Raif \u015eerifo\u011flu, TBK Gazisi Metin Altun ile Mustafa Kurtulu\u015f ve H\u00fcseyin Kafa isimli \u015fehitlerin yak\u0131nlar\u0131n\u0131 ziyaret etti. Cumhurba\u015fkan\u0131 Ersin Tatar, ge\u00e7mi\u015fte \u00e7ok ac\u0131lar \u00e7eken K\u0131br\u0131s T\u00fcrk\u00fc\u2019n\u00fcn verdi\u011fi varolu\u015f m\u00fccadelesi sayesinde bug\u00fcn \u00f6zg\u00fcr ve ba\u011f\u0131ms\u0131z bir \u015fekilde huzur i\u00e7inde ya\u015fand\u0131\u011f\u0131n\u0131 s\u00f6yledi. \u201c\u015eehitlerimizi ne unuturuz, ne<\/p>\n","protected":false},"author":1,"featured_media":46080,"comment_status":"open","ping_status":"open","sticky":false,"template":"","format":"standard","meta":{"footnotes":""},"categories":[1],"tags":[],"class_list":["post-46079","post","type-post","status-publish","format-standard","has-post-thumbnail","hentry","category-gundem"],"yoast_head":"<!-- This site is optimized with the Yoast SEO plugin v27.4 - https:\/\/yoast.com\/product\/yoast-seo-wordpress\/ -->\n<title>Cumhurba\u015fkan\u0131 Tatar, TMT m\u00fccahidi, gazi ve \u015fehit yak\u0131nlar\u0131n\u0131 ziyaret etti -<\/title>\n<meta name=\"robots\" content=\"index, follow, max-snippet:-1, max-image-preview:large, max-video-preview:-1\" \/>\n<link rel=\"canonical\" href=\"https:\/\/kibrisdakik.com\/?p=46079\" \/>\n<meta property=\"og:locale\" content=\"tr_TR\" \/>\n<meta property=\"og:type\" content=\"article\" \/>\n<meta property=\"og:title\" content=\"Cumhurba\u015fkan\u0131 Tatar, TMT m\u00fccahidi, gazi ve \u015fehit yak\u0131nlar\u0131n\u0131 ziyaret etti -\" \/>\n<meta property=\"og:description\" content=\"Cumhurba\u015fkan\u0131 Ersin Tatar, Kurban Bayram\u0131 vesilesiyle T\u00fcrk Mukavemet Te\u015fkilat\u0131 (TMT) M\u00fccahidi Raif \u015eerifo\u011flu, TBK Gazisi Metin Altun ile Mustafa Kurtulu\u015f ve H\u00fcseyin Kafa isimli \u015fehitlerin yak\u0131nlar\u0131n\u0131 ziyaret etti. Cumhurba\u015fkan\u0131 Ersin Tatar, ge\u00e7mi\u015fte \u00e7ok ac\u0131lar \u00e7eken K\u0131br\u0131s T\u00fcrk\u00fc\u2019n\u00fcn verdi\u011fi varolu\u015f m\u00fccadelesi sayesinde bug\u00fcn \u00f6zg\u00fcr ve ba\u011f\u0131ms\u0131z bir \u015fekilde huzur i\u00e7inde ya\u015fand\u0131\u011f\u0131n\u0131 s\u00f6yledi. \u201c\u015eehitlerimizi ne unuturuz, ne\" \/>\n<meta property=\"og:url\" content=\"https:\/\/kibrisdakik.com\/?p=46079\" \/>\n<meta property=\"article:published_time\" content=\"2024-06-15T12:54:56+00:00\" \/>\n<meta property=\"og:image\" content=\"https:\/\/kibrisdakik.com\/wp-content\/uploads\/2024\/06\/Screenshot_20240615_153307_X-740x420.jpg\" \/>\n\t<meta property=\"og:image:width\" content=\"969\" \/>\n\t<meta property=\"og:image:height\" content=\"488\" \/>\n\t<meta property=\"og:image:type\" content=\"image\/jpeg\" \/>\n<meta name=\"author\" content=\"admin\" \/>\n<meta name=\"twitter:card\" content=\"summary_large_image\" \/>\n<meta name=\"twitter:label1\" content=\"Yazan:\" \/>\n\t<meta name=\"twitter:data1\" content=\"admin\" \/>\n\t<meta name=\"twitter:label2\" content=\"Tahmini okuma s\u00fcresi\" \/>\n\t<meta name=\"twitter:data2\" content=\"1 dakika\" \/>\n<script type=\"application\/ld+json\" class=\"yoast-schema-graph\">{\"@context\":\"https:\\\/\\\/schema.org\",\"@graph\":[{\"@type\":\"Article\",\"@id\":\"https:\\\/\\\/kibrisdakik.com\\\/?p=46079#article\",\"isPartOf\":{\"@id\":\"https:\\\/\\\/kibrisdakik.com\\\/?p=46079\"},\"author\":{\"name\":\"admin\",\"@id\":\"https:\\\/\\\/kibrisdakik.com\\\/#\\\/schema\\\/person\\\/9cd9d437bbb44f72b73ba127e06d8e79\"},\"headline\":\"Cumhurba\u015fkan\u0131 Tatar, TMT m\u00fccahidi, gazi ve \u015fehit yak\u0131nlar\u0131n\u0131 ziyaret etti\",\"datePublished\":\"2024-06-15T12:54:56+00:00\",\"mainEntityOfPage\":{\"@id\":\"https:\\\/\\\/kibrisdakik.com\\\/?p=46079\"},\"wordCount\":149,\"commentCount\":0,\"image\":{\"@id\":\"https:\\\/\\\/kibrisdakik.com\\\/?p=46079#primaryimage\"},\"thumbnailUrl\":\"https:\\\/\\\/kibrisdakik.com\\\/wp-content\\\/uploads\\\/2024\\\/06\\\/Screenshot_20240615_153307_X-740x420.jpg\",\"articleSection\":[\"G\u00fcndem\"],\"inLanguage\":\"tr\",\"potentialAction\":[{\"@type\":\"CommentAction\",\"name\":\"Comment\",\"target\":[\"https:\\\/\\\/kibrisdakik.com\\\/?p=46079#respond\"]}]},{\"@type\":\"WebPage\",\"@id\":\"https:\\\/\\\/kibrisdakik.com\\\/?p=46079\",\"url\":\"https:\\\/\\\/kibrisdakik.com\\\/?p=46079\",\"name\":\"Cumhurba\u015fkan\u0131 Tatar, TMT m\u00fccahidi, gazi ve \u015fehit yak\u0131nlar\u0131n\u0131 ziyaret etti -\",\"isPartOf\":{\"@id\":\"https:\\\/\\\/kibrisdakik.com\\\/#website\"},\"primaryImageOfPage\":{\"@id\":\"https:\\\/\\\/kibrisdakik.com\\\/?p=46079#primaryimage\"},\"image\":{\"@id\":\"https:\\\/\\\/kibrisdakik.com\\\/?p=46079#primaryimage\"},\"thumbnailUrl\":\"https:\\\/\\\/kibrisdakik.com\\\/wp-content\\\/uploads\\\/2024\\\/06\\\/Screenshot_20240615_153307_X-740x420.jpg\",\"datePublished\":\"2024-06-15T12:54:56+00:00\",\"author\":{\"@id\":\"https:\\\/\\\/kibrisdakik.com\\\/#\\\/schema\\\/person\\\/9cd9d437bbb44f72b73ba127e06d8e79\"},\"breadcrumb\":{\"@id\":\"https:\\\/\\\/kibrisdakik.com\\\/?p=46079#breadcrumb\"},\"inLanguage\":\"tr\",\"potentialAction\":[{\"@type\":\"ReadAction\",\"target\":[\"https:\\\/\\\/kibrisdakik.com\\\/?p=46079\"]}]},{\"@type\":\"ImageObject\",\"inLanguage\":\"tr\",\"@id\":\"https:\\\/\\\/kibrisdakik.com\\\/?p=46079#primaryimage\",\"url\":\"https:\\\/\\\/kibrisdakik.com\\\/wp-content\\\/uploads\\\/2024\\\/06\\\/Screenshot_20240615_153307_X-740x420.jpg\",\"contentUrl\":\"https:\\\/\\\/kibrisdakik.com\\\/wp-content\\\/uploads\\\/2024\\\/06\\\/Screenshot_20240615_153307_X-740x420.jpg\",\"width\":969,\"height\":488},{\"@type\":\"BreadcrumbList\",\"@id\":\"https:\\\/\\\/kibrisdakik.com\\\/?p=46079#breadcrumb\",\"itemListElement\":[{\"@type\":\"ListItem\",\"position\":1,\"name\":\"Home\",\"item\":\"https:\\\/\\\/kibrisdakik.com\\\/\"},{\"@type\":\"ListItem\",\"position\":2,\"name\":\"Cumhurba\u015fkan\u0131 Tatar, TMT m\u00fccahidi, gazi ve \u015fehit yak\u0131nlar\u0131n\u0131 ziyaret etti\"}]},{\"@type\":\"WebSite\",\"@id\":\"https:\\\/\\\/kibrisdakik.com\\\/#website\",\"url\":\"https:\\\/\\\/kibrisdakik.com\\\/\",\"name\":\"\",\"description\":\"Tam vaktinde haber\",\"potentialAction\":[{\"@type\":\"SearchAction\",\"target\":{\"@type\":\"EntryPoint\",\"urlTemplate\":\"https:\\\/\\\/kibrisdakik.com\\\/?s={search_term_string}\"},\"query-input\":{\"@type\":\"PropertyValueSpecification\",\"valueRequired\":true,\"valueName\":\"search_term_string\"}}],\"inLanguage\":\"tr\"},{\"@type\":\"Person\",\"@id\":\"https:\\\/\\\/kibrisdakik.com\\\/#\\\/schema\\\/person\\\/9cd9d437bbb44f72b73ba127e06d8e79\",\"name\":\"admin\",\"image\":{\"@type\":\"ImageObject\",\"inLanguage\":\"tr\",\"@id\":\"https:\\\/\\\/secure.gravatar.com\\\/avatar\\\/ccc17943b9d660506c869530f897617f7cb1c21a4bf30023f252596d83e1f007?s=96&d=mm&r=g\",\"url\":\"https:\\\/\\\/secure.gravatar.com\\\/avatar\\\/ccc17943b9d660506c869530f897617f7cb1c21a4bf30023f252596d83e1f007?s=96&d=mm&r=g\",\"contentUrl\":\"https:\\\/\\\/secure.gravatar.com\\\/avatar\\\/ccc17943b9d660506c869530f897617f7cb1c21a4bf30023f252596d83e1f007?s=96&d=mm&r=g\",\"caption\":\"admin\"},\"sameAs\":[\"https:\\\/\\\/kibrisdakik.com\"],\"url\":\"https:\\\/\\\/kibrisdakik.com\\\/?author=1\"}]}<\/script>\n<!-- \/ Yoast SEO plugin. -->","yoast_head_json":{"title":"Cumhurba\u015fkan\u0131 Tatar, TMT m\u00fccahidi, gazi ve \u015fehit yak\u0131nlar\u0131n\u0131 ziyaret etti -","robots":{"index":"index","follow":"follow","max-snippet":"max-snippet:-1","max-image-preview":"max-image-preview:large","max-video-preview":"max-video-preview:-1"},"canonical":"https:\/\/kibrisdakik.com\/?p=46079","og_locale":"tr_TR","og_type":"article","og_title":"Cumhurba\u015fkan\u0131 Tatar, TMT m\u00fccahidi, gazi ve \u015fehit yak\u0131nlar\u0131n\u0131 ziyaret etti -","og_description":"Cumhurba\u015fkan\u0131 Ersin Tatar, Kurban Bayram\u0131 vesilesiyle T\u00fcrk Mukavemet Te\u015fkilat\u0131 (TMT) M\u00fccahidi Raif \u015eerifo\u011flu, TBK Gazisi Metin Altun ile Mustafa Kurtulu\u015f ve H\u00fcseyin Kafa isimli \u015fehitlerin yak\u0131nlar\u0131n\u0131 ziyaret etti. Cumhurba\u015fkan\u0131 Ersin Tatar, ge\u00e7mi\u015fte \u00e7ok ac\u0131lar \u00e7eken K\u0131br\u0131s T\u00fcrk\u00fc\u2019n\u00fcn verdi\u011fi varolu\u015f m\u00fccadelesi sayesinde bug\u00fcn \u00f6zg\u00fcr ve ba\u011f\u0131ms\u0131z bir \u015fekilde huzur i\u00e7inde ya\u015fand\u0131\u011f\u0131n\u0131 s\u00f6yledi. \u201c\u015eehitlerimizi ne unuturuz, ne","og_url":"https:\/\/kibrisdakik.com\/?p=46079","article_published_time":"2024-06-15T12:54:56+00:00","og_image":[{"width":969,"height":488,"url":"https:\/\/kibrisdakik.com\/wp-content\/uploads\/2024\/06\/Screenshot_20240615_153307_X-740x420.jpg","type":"image\/jpeg"}],"author":"admin","twitter_card":"summary_large_image","twitter_misc":{"Yazan:":"admin","Tahmini okuma s\u00fcresi":"1 dakika"},"schema":{"@context":"https:\/\/schema.org","@graph":[{"@type":"Article","@id":"https:\/\/kibrisdakik.com\/?p=46079#article","isPartOf":{"@id":"https:\/\/kibrisdakik.com\/?p=46079"},"author":{"name":"admin","@id":"https:\/\/kibrisdakik.com\/#\/schema\/person\/9cd9d437bbb44f72b73ba127e06d8e79"},"headline":"Cumhurba\u015fkan\u0131 Tatar, TMT m\u00fccahidi, gazi ve \u015fehit yak\u0131nlar\u0131n\u0131 ziyaret etti","datePublished":"2024-06-15T12:54:56+00:00","mainEntityOfPage":{"@id":"https:\/\/kibrisdakik.com\/?p=46079"},"wordCount":149,"commentCount":0,"image":{"@id":"https:\/\/kibrisdakik.com\/?p=46079#primaryimage"},"thumbnailUrl":"https:\/\/kibrisdakik.com\/wp-content\/uploads\/2024\/06\/Screenshot_20240615_153307_X-740x420.jpg","articleSection":["G\u00fcndem"],"inLanguage":"tr","potentialAction":[{"@type":"CommentAction","name":"Comment","target":["https:\/\/kibrisdakik.com\/?p=46079#respond"]}]},{"@type":"WebPage","@id":"https:\/\/kibrisdakik.com\/?p=46079","url":"https:\/\/kibrisdakik.com\/?p=46079","name":"Cumhurba\u015fkan\u0131 Tatar, TMT m\u00fccahidi, gazi ve \u015fehit yak\u0131nlar\u0131n\u0131 ziyaret etti -","isPartOf":{"@id":"https:\/\/kibrisdakik.com\/#website"},"primaryImageOfPage":{"@id":"https:\/\/kibrisdakik.com\/?p=46079#primaryimage"},"image":{"@id":"https:\/\/kibrisdakik.com\/?p=46079#primaryimage"},"thumbnailUrl":"https:\/\/kibrisdakik.com\/wp-content\/uploads\/2024\/06\/Screenshot_20240615_153307_X-740x420.jpg","datePublished":"2024-06-15T12:54:56+00:00","author":{"@id":"https:\/\/kibrisdakik.com\/#\/schema\/person\/9cd9d437bbb44f72b73ba127e06d8e79"},"breadcrumb":{"@id":"https:\/\/kibrisdakik.com\/?p=46079#breadcrumb"},"inLanguage":"tr","potentialAction":[{"@type":"ReadAction","target":["https:\/\/kibrisdakik.com\/?p=46079"]}]},{"@type":"ImageObject","inLanguage":"tr","@id":"https:\/\/kibrisdakik.com\/?p=46079#primaryimage","url":"https:\/\/kibrisdakik.com\/wp-content\/uploads\/2024\/06\/Screenshot_20240615_153307_X-740x420.jpg","contentUrl":"https:\/\/kibrisdakik.com\/wp-content\/uploads\/2024\/06\/Screenshot_20240615_153307_X-740x420.jpg","width":969,"height":488},{"@type":"BreadcrumbList","@id":"https:\/\/kibrisdakik.com\/?p=46079#breadcrumb","itemListElement":[{"@type":"ListItem","position":1,"name":"Home","item":"https:\/\/kibrisdakik.com\/"},{"@type":"ListItem","position":2,"name":"Cumhurba\u015fkan\u0131 Tatar, TMT m\u00fccahidi, gazi ve \u015fehit yak\u0131nlar\u0131n\u0131 ziyaret etti"}]},{"@type":"WebSite","@id":"https:\/\/kibrisdakik.com\/#website","url":"https:\/\/kibrisdakik.com\/","name":"","description":"Tam vaktinde haber","potentialAction":[{"@type":"SearchAction","target":{"@type":"EntryPoint","urlTemplate":"https:\/\/kibrisdakik.com\/?s={search_term_string}"},"query-input":{"@type":"PropertyValueSpecification","valueRequired":true,"valueName":"search_term_string"}}],"inLanguage":"tr"},{"@type":"Person","@id":"https:\/\/kibrisdakik.com\/#\/schema\/person\/9cd9d437bbb44f72b73ba127e06d8e79","name":"admin","image":{"@type":"ImageObject","inLanguage":"tr","@id":"https:\/\/secure.gravatar.com\/avatar\/ccc17943b9d660506c869530f897617f7cb1c21a4bf30023f252596d83e1f007?s=96&d=mm&r=g","url":"https:\/\/secure.gravatar.com\/avatar\/ccc17943b9d660506c869530f897617f7cb1c21a4bf30023f252596d83e1f007?s=96&d=mm&r=g","contentUrl":"https:\/\/secure.gravatar.com\/avatar\/ccc17943b9d660506c869530f897617f7cb1c21a4bf30023f252596d83e1f007?s=96&d=mm&r=g","caption":"admin"},"sameAs":["https:\/\/kibrisdakik.com"],"url":"https:\/\/kibrisdakik.com\/?author=1"}]}},"_links":{"self":[{"href":"https:\/\/kibrisdakik.com\/index.php?rest_route=\/wp\/v2\/posts\/46079","targetHints":{"allow":["GET"]}}],"collection":[{"href":"https:\/\/kibrisdakik.com\/index.php?rest_route=\/wp\/v2\/posts"}],"about":[{"href":"https:\/\/kibrisdakik.com\/index.php?rest_route=\/wp\/v2\/types\/post"}],"author":[{"embeddable":true,"href":"https:\/\/kibrisdakik.com\/index.php?rest_route=\/wp\/v2\/users\/1"}],"replies":[{"embeddable":true,"href":"https:\/\/kibrisdakik.com\/index.php?rest_route=%2Fwp%2Fv2%2Fcomments&post=46079"}],"version-history":[{"count":0,"href":"https:\/\/kibrisdakik.com\/index.php?rest_route=\/wp\/v2\/posts\/46079\/revisions"}],"wp:featuredmedia":[{"embeddable":true,"href":"https:\/\/kibrisdakik.com\/index.php?rest_route=\/wp\/v2\/media\/46080"}],"wp:attachment":[{"href":"https:\/\/kibrisdakik.com\/index.php?rest_route=%2Fwp%2Fv2%2Fmedia&parent=46079"}],"wp:term":[{"taxonomy":"category","embeddable":true,"href":"https:\/\/kibrisdakik.com\/index.php?rest_route=%2Fwp%2Fv2%2Fcategories&post=46079"},{"taxonomy":"post_tag","embeddable":true,"href":"https:\/\/kibrisdakik.com\/index.php?rest_route=%2Fwp%2Fv2%2Ftags&post=46079"}],"curies":[{"name":"wp","href":"https:\/\/api.w.org\/{rel}","templated":true}]}}