{"id":46087,"date":"2024-06-15T13:55:54","date_gmt":"2024-06-15T13:55:54","guid":{"rendered":"https:\/\/kibrisdakik.com\/index.php\/2024\/06\/15\/basbakan-ustel-tum-halkin-milletin-ve-islam-aleminin-kurban-bayramini-kutladi-2\/"},"modified":"2024-06-15T13:55:54","modified_gmt":"2024-06-15T13:55:54","slug":"basbakan-ustel-tum-halkin-milletin-ve-islam-aleminin-kurban-bayramini-kutladi-2","status":"publish","type":"post","link":"https:\/\/kibrisdakik.com\/?p=46087","title":{"rendered":"Ba\u015fbakan \u00dcstel, t\u00fcm halk\u0131n, milletin ve \u0130slam aleminin Kurban Bayram\u0131\u2019n\u0131 kutlad\u0131"},"content":{"rendered":"<p><\/p>\n<div>\n<div class=\"mariselle-image-container center\">\n                <img loading=\"lazy\" decoding=\"async\" width=\"1600\" height=\"1066\" class=\"lazy-image\" alt=\"\" sizes=\"auto, (max-width: 1600px) 100vw, 1600px\" src=\"https:\/\/brtk.net\/wp-content\/uploads\/2024\/03\/17\/unal-ustel-34343.jpg?ver=2de9399083706c438a672baf7147c16e\" srcset=\"https:\/\/brtk.net\/wp-content\/uploads\/2024\/03\/17\/unal-ustel-34343.jpg?ver=2de9399083706c438a672baf7147c16e 1600w, https:\/\/brtk.net\/wp-content\/uploads\/2024\/03\/17\/unal-ustel-34343-300x200.jpg?ver=2de9399083706c438a672baf7147c16e 300w, https:\/\/brtk.net\/wp-content\/uploads\/2024\/03\/17\/unal-ustel-34343-1024x682.jpg?ver=b622097b48e4accd67cfa0fc87d5af6f 1024w, https:\/\/brtk.net\/wp-content\/uploads\/2024\/03\/17\/unal-ustel-34343-768x512.jpg?ver=b622097b48e4accd67cfa0fc87d5af6f 768w, https:\/\/brtk.net\/wp-content\/uploads\/2024\/03\/17\/unal-ustel-34343-1536x1023.jpg?ver=85f960b2c3963ccb8614358da966fbc7 1536w\"\/>                            <\/div>\n<p>Ba\u015fbakan \u00dcnal \u00dcstel, halk\u0131n, milletin ve t\u00fcm \u0130slam aleminin Kurban Bayram\u0131\u2019n\u0131 kutlayarak, aziz \u015fehitleri rahmetle, gazileri minnetle and\u0131, Kurban Bayram\u0131\u2019n\u0131n \u00fclke ve millete hay\u0131rlar getirmesini diledi.<\/p>\n<p>K\u0131br\u0131s T\u00fcrk halk\u0131n\u0131n, tarih boyunca ya\u015fad\u0131\u011f\u0131 t\u00fcm zorluk ve s\u0131k\u0131nt\u0131lar\u0131, birlik ve beraberli\u011fini koruyarak a\u015fmay\u0131 ba\u015fard\u0131\u011f\u0131n\u0131 belirten Ba\u015fbakan \u00dcstel, bayramlar\u0131n da bu birlik ve beraberli\u011fi peki\u015ftiren en \u00f6zel vesilelerden oldu\u011funu s\u00f6yledi.<\/p>\n<p>Ba\u015fbakan \u00dcstel, \u201cO y\u00fczden bu bayram\u0131 da birlik ve beraberli\u011fimizi peki\u015ftirmek i\u00e7in kullanacak, i\u00e7inden ge\u00e7mekte oldu\u011fumuz t\u00fcm zorluk ve s\u0131k\u0131nt\u0131lar\u0131 el ele vererek birlikte a\u015faca\u011f\u0131z.\u201d dedi.<\/p>\n<p>Ba\u015fbakan \u00dcnal \u00dcstel, Kurban Bayram\u0131 dolay\u0131s\u0131yla yay\u0131mlad\u0131\u011f\u0131 mesajda, \u0130slam aleminin en \u00f6zel g\u00fcnlerinden biri olan Kurban Bayram\u0131\u2019n\u0131 idrak etmekten duydu\u011fu mutlulu\u011funu dile getirerek, \u201cBu bayramda da Gazze\u2019yi unutmuyor. Unutturmuyoruz. Dualar\u0131m\u0131z ve umutlar\u0131m\u0131z Gazze halk\u0131yla birliktedir.\u201d dedi.<\/p>\n<p>Ba\u015fbakan \u00dcstel mesaj\u0131nda \u201cBizler halk\u0131m\u0131z\u0131n refah\u0131 ve mutlulu\u011fu i\u00e7in \u00e7al\u0131\u015fmaya devam ediyoruz. T\u00fcrkiye Cumhuriyeti\u2019nin b\u00fcy\u00fck deste\u011fi ile d\u00fcnyada hak etti\u011fimiz yeri almak ve \u00fclkemizi gelece\u011fe haz\u0131r hale getirmek i\u00e7in gerekli ad\u0131mlar\u0131 atmay\u0131 s\u00fcrd\u00fcr\u00fcyoruz\u201d ifadelerine yer verdi.<\/p>\n<p>Anavatan T\u00fcrkiye Cumhuriyeti ile imzalanan iktisadi ve mali i\u015fbirli\u011fi protokolleri ile halk\u0131n refah seviyesini korumak, alt yap\u0131 eksikliklerini tamamen  ortadan kald\u0131rmak, ula\u015ft\u0131rma, sa\u011fl\u0131k, e\u011fitim, turizm, tar\u0131m ve enerji gibi konularda geli\u015fmi\u015f d\u00fcnya \u00fclkelerinin seviyesine \u00e7\u0131kmak i\u00e7in \u00e7al\u0131\u015ft\u0131klar\u0131n\u0131 vurgulayan Ba\u015fbakan \u00dcnal \u00dcstel mesaj\u0131nda \u015funlar\u0131 kaydetti:  <\/p>\n<p>\u201cKuzey K\u0131br\u0131s T\u00fcrk Cumhuriyeti\u2019nin \u2018D\u00fcnyayla Kucakla\u015fma\u2019 vizyonu \u00e7er\u00e7evesinde y\u00fcr\u00fctt\u00fc\u011f\u00fcm\u00fcz \u00e7al\u0131\u015fmalarla ilgili olarak bayram arifesinde \u015eu\u015fa\u2019dayd\u0131k.<\/p>\n<p>30 y\u0131l\u0131 a\u015fk\u0131n s\u00fcre d\u00fc\u015fman i\u015fgalinde kalan \u015eu\u015fa, Azerbaycanl\u0131 karde\u015flerimizin kazand\u0131\u011f\u0131 zafer sonras\u0131 azad olmu\u015f ve \u00f6z yurdunun s\u0131n\u0131rlar\u0131 i\u00e7erisine girmi\u015ftir.<\/p>\n<p>\u0130nan\u0131yorum ki, devletimiz de, \u00e7ok yak\u0131n bir gelecekte ait oldu\u011fu d\u00fcnyan\u0131n asil bir \u00fcyesi olarak y\u0131llard\u0131r verilen m\u00fccadeleleri ta\u00e7land\u0131racakt\u0131r.<\/p>\n<p>Kimsenin ku\u015fkusu olmas\u0131n; devletimize olan inan\u00e7 ve \u00fclkemize duydu\u011fumuz sevgiyle, daha g\u00fczel g\u00fcnlere ula\u015fmak i\u00e7in var g\u00fcc\u00fcm\u00fczle \u00e7al\u0131\u015fmaya; birli\u011fimizi g\u00fc\u00e7lendirerek, birbirimize daha da s\u0131k\u0131 sar\u0131larak ve istikrar\u0131m\u0131z\u0131 koruyarak gelece\u011fe do\u011fru yol almaya devam edece\u011fiz.<\/p>\n<p>Bu duygu ve d\u00fc\u015f\u00fcncelerle, halk\u0131m\u0131z\u0131n, milletimizin ve t\u00fcm \u0130slam aleminin Kurban Bayram\u0131\u2019n\u0131 en i\u00e7ten dileklerimle kutluyor; aziz \u015fehitlerimizi rahmetle, gazilerimizi minnetle an\u0131yor, Kurban Bayram\u0131\u2019n\u0131n \u00fclkemize ve milletimize hay\u0131rlar getirmesini diliyorum.\u201d<\/p>\n<\/p><\/div>\n<p><script async\n                    defer\n                    crossorigin=\"anonymous\"\n                    src=\"https:\/\/connect.facebook.net\/tr_TR\/sdk.js#xfbml=1&#038;version=v3.3\"\n            ><\/script><\/p>\n","protected":false},"excerpt":{"rendered":"<p>Ba\u015fbakan \u00dcnal \u00dcstel, halk\u0131n, milletin ve t\u00fcm \u0130slam aleminin Kurban Bayram\u0131\u2019n\u0131 kutlayarak, aziz \u015fehitleri rahmetle, gazileri minnetle and\u0131, Kurban Bayram\u0131\u2019n\u0131n \u00fclke ve millete hay\u0131rlar getirmesini diledi. K\u0131br\u0131s T\u00fcrk halk\u0131n\u0131n, tarih boyunca ya\u015fad\u0131\u011f\u0131 t\u00fcm zorluk ve s\u0131k\u0131nt\u0131lar\u0131, birlik ve beraberli\u011fini koruyarak a\u015fmay\u0131 ba\u015fard\u0131\u011f\u0131n\u0131 belirten Ba\u015fbakan \u00dcstel, bayramlar\u0131n da bu birlik ve beraberli\u011fi peki\u015ftiren en \u00f6zel vesilelerden<\/p>\n","protected":false},"author":1,"featured_media":36997,"comment_status":"open","ping_status":"open","sticky":false,"template":"","format":"standard","meta":{"footnotes":""},"categories":[1],"tags":[],"class_list":["post-46087","post","type-post","status-publish","format-standard","has-post-thumbnail","hentry","category-gundem"],"yoast_head":"<!-- This site is optimized with the Yoast SEO plugin v27.5 - https:\/\/yoast.com\/product\/yoast-seo-wordpress\/ -->\n<title>Ba\u015fbakan \u00dcstel, t\u00fcm halk\u0131n, milletin ve \u0130slam aleminin Kurban Bayram\u0131\u2019n\u0131 kutlad\u0131 -<\/title>\n<meta name=\"robots\" content=\"index, follow, max-snippet:-1, max-image-preview:large, max-video-preview:-1\" \/>\n<link rel=\"canonical\" href=\"https:\/\/kibrisdakik.com\/?p=46087\" \/>\n<meta property=\"og:locale\" content=\"tr_TR\" \/>\n<meta property=\"og:type\" content=\"article\" \/>\n<meta property=\"og:title\" content=\"Ba\u015fbakan \u00dcstel, t\u00fcm halk\u0131n, milletin ve \u0130slam aleminin Kurban Bayram\u0131\u2019n\u0131 kutlad\u0131 -\" \/>\n<meta property=\"og:description\" content=\"Ba\u015fbakan \u00dcnal \u00dcstel, halk\u0131n, milletin ve t\u00fcm \u0130slam aleminin Kurban Bayram\u0131\u2019n\u0131 kutlayarak, aziz \u015fehitleri rahmetle, gazileri minnetle and\u0131, Kurban Bayram\u0131\u2019n\u0131n \u00fclke ve millete hay\u0131rlar getirmesini diledi. K\u0131br\u0131s T\u00fcrk halk\u0131n\u0131n, tarih boyunca ya\u015fad\u0131\u011f\u0131 t\u00fcm zorluk ve s\u0131k\u0131nt\u0131lar\u0131, birlik ve beraberli\u011fini koruyarak a\u015fmay\u0131 ba\u015fard\u0131\u011f\u0131n\u0131 belirten Ba\u015fbakan \u00dcstel, bayramlar\u0131n da bu birlik ve beraberli\u011fi peki\u015ftiren en \u00f6zel vesilelerden\" \/>\n<meta property=\"og:url\" content=\"https:\/\/kibrisdakik.com\/?p=46087\" \/>\n<meta property=\"article:published_time\" content=\"2024-06-15T13:55:54+00:00\" \/>\n<meta property=\"og:image\" content=\"https:\/\/kibrisdakik.com\/wp-content\/uploads\/2024\/04\/unal-ustel-34343-740x420.jpg\" \/>\n\t<meta property=\"og:image:width\" content=\"1600\" \/>\n\t<meta property=\"og:image:height\" content=\"1066\" \/>\n\t<meta property=\"og:image:type\" content=\"image\/jpeg\" \/>\n<meta name=\"author\" content=\"admin\" \/>\n<meta name=\"twitter:card\" content=\"summary_large_image\" \/>\n<meta name=\"twitter:label1\" content=\"Yazan:\" \/>\n\t<meta name=\"twitter:data1\" content=\"admin\" \/>\n\t<meta name=\"twitter:label2\" content=\"Tahmini okuma s\u00fcresi\" \/>\n\t<meta name=\"twitter:data2\" content=\"2 dakika\" \/>\n<script type=\"application\/ld+json\" class=\"yoast-schema-graph\">{\"@context\":\"https:\\\/\\\/schema.org\",\"@graph\":[{\"@type\":\"Article\",\"@id\":\"https:\\\/\\\/kibrisdakik.com\\\/?p=46087#article\",\"isPartOf\":{\"@id\":\"https:\\\/\\\/kibrisdakik.com\\\/?p=46087\"},\"author\":{\"name\":\"admin\",\"@id\":\"https:\\\/\\\/kibrisdakik.com\\\/#\\\/schema\\\/person\\\/9cd9d437bbb44f72b73ba127e06d8e79\"},\"headline\":\"Ba\u015fbakan \u00dcstel, t\u00fcm halk\u0131n, milletin ve \u0130slam aleminin Kurban Bayram\u0131\u2019n\u0131 kutlad\u0131\",\"datePublished\":\"2024-06-15T13:55:54+00:00\",\"mainEntityOfPage\":{\"@id\":\"https:\\\/\\\/kibrisdakik.com\\\/?p=46087\"},\"wordCount\":497,\"commentCount\":0,\"image\":{\"@id\":\"https:\\\/\\\/kibrisdakik.com\\\/?p=46087#primaryimage\"},\"thumbnailUrl\":\"https:\\\/\\\/kibrisdakik.com\\\/wp-content\\\/uploads\\\/2024\\\/04\\\/unal-ustel-34343-740x420.jpg\",\"articleSection\":[\"G\u00fcndem\"],\"inLanguage\":\"tr\",\"potentialAction\":[{\"@type\":\"CommentAction\",\"name\":\"Comment\",\"target\":[\"https:\\\/\\\/kibrisdakik.com\\\/?p=46087#respond\"]}]},{\"@type\":\"WebPage\",\"@id\":\"https:\\\/\\\/kibrisdakik.com\\\/?p=46087\",\"url\":\"https:\\\/\\\/kibrisdakik.com\\\/?p=46087\",\"name\":\"Ba\u015fbakan \u00dcstel, t\u00fcm halk\u0131n, milletin ve \u0130slam aleminin Kurban Bayram\u0131\u2019n\u0131 kutlad\u0131 -\",\"isPartOf\":{\"@id\":\"https:\\\/\\\/kibrisdakik.com\\\/#website\"},\"primaryImageOfPage\":{\"@id\":\"https:\\\/\\\/kibrisdakik.com\\\/?p=46087#primaryimage\"},\"image\":{\"@id\":\"https:\\\/\\\/kibrisdakik.com\\\/?p=46087#primaryimage\"},\"thumbnailUrl\":\"https:\\\/\\\/kibrisdakik.com\\\/wp-content\\\/uploads\\\/2024\\\/04\\\/unal-ustel-34343-740x420.jpg\",\"datePublished\":\"2024-06-15T13:55:54+00:00\",\"author\":{\"@id\":\"https:\\\/\\\/kibrisdakik.com\\\/#\\\/schema\\\/person\\\/9cd9d437bbb44f72b73ba127e06d8e79\"},\"breadcrumb\":{\"@id\":\"https:\\\/\\\/kibrisdakik.com\\\/?p=46087#breadcrumb\"},\"inLanguage\":\"tr\",\"potentialAction\":[{\"@type\":\"ReadAction\",\"target\":[\"https:\\\/\\\/kibrisdakik.com\\\/?p=46087\"]}]},{\"@type\":\"ImageObject\",\"inLanguage\":\"tr\",\"@id\":\"https:\\\/\\\/kibrisdakik.com\\\/?p=46087#primaryimage\",\"url\":\"https:\\\/\\\/kibrisdakik.com\\\/wp-content\\\/uploads\\\/2024\\\/04\\\/unal-ustel-34343-740x420.jpg\",\"contentUrl\":\"https:\\\/\\\/kibrisdakik.com\\\/wp-content\\\/uploads\\\/2024\\\/04\\\/unal-ustel-34343-740x420.jpg\",\"width\":1600,\"height\":1066},{\"@type\":\"BreadcrumbList\",\"@id\":\"https:\\\/\\\/kibrisdakik.com\\\/?p=46087#breadcrumb\",\"itemListElement\":[{\"@type\":\"ListItem\",\"position\":1,\"name\":\"Home\",\"item\":\"https:\\\/\\\/kibrisdakik.com\\\/\"},{\"@type\":\"ListItem\",\"position\":2,\"name\":\"Ba\u015fbakan \u00dcstel, t\u00fcm halk\u0131n, milletin ve \u0130slam aleminin Kurban Bayram\u0131\u2019n\u0131 kutlad\u0131\"}]},{\"@type\":\"WebSite\",\"@id\":\"https:\\\/\\\/kibrisdakik.com\\\/#website\",\"url\":\"https:\\\/\\\/kibrisdakik.com\\\/\",\"name\":\"\",\"description\":\"Tam vaktinde haber\",\"potentialAction\":[{\"@type\":\"SearchAction\",\"target\":{\"@type\":\"EntryPoint\",\"urlTemplate\":\"https:\\\/\\\/kibrisdakik.com\\\/?s={search_term_string}\"},\"query-input\":{\"@type\":\"PropertyValueSpecification\",\"valueRequired\":true,\"valueName\":\"search_term_string\"}}],\"inLanguage\":\"tr\"},{\"@type\":\"Person\",\"@id\":\"https:\\\/\\\/kibrisdakik.com\\\/#\\\/schema\\\/person\\\/9cd9d437bbb44f72b73ba127e06d8e79\",\"name\":\"admin\",\"image\":{\"@type\":\"ImageObject\",\"inLanguage\":\"tr\",\"@id\":\"https:\\\/\\\/secure.gravatar.com\\\/avatar\\\/ccc17943b9d660506c869530f897617f7cb1c21a4bf30023f252596d83e1f007?s=96&d=mm&r=g\",\"url\":\"https:\\\/\\\/secure.gravatar.com\\\/avatar\\\/ccc17943b9d660506c869530f897617f7cb1c21a4bf30023f252596d83e1f007?s=96&d=mm&r=g\",\"contentUrl\":\"https:\\\/\\\/secure.gravatar.com\\\/avatar\\\/ccc17943b9d660506c869530f897617f7cb1c21a4bf30023f252596d83e1f007?s=96&d=mm&r=g\",\"caption\":\"admin\"},\"sameAs\":[\"https:\\\/\\\/kibrisdakik.com\"],\"url\":\"https:\\\/\\\/kibrisdakik.com\\\/?author=1\"}]}<\/script>\n<!-- \/ Yoast SEO plugin. -->","yoast_head_json":{"title":"Ba\u015fbakan \u00dcstel, t\u00fcm halk\u0131n, milletin ve \u0130slam aleminin Kurban Bayram\u0131\u2019n\u0131 kutlad\u0131 -","robots":{"index":"index","follow":"follow","max-snippet":"max-snippet:-1","max-image-preview":"max-image-preview:large","max-video-preview":"max-video-preview:-1"},"canonical":"https:\/\/kibrisdakik.com\/?p=46087","og_locale":"tr_TR","og_type":"article","og_title":"Ba\u015fbakan \u00dcstel, t\u00fcm halk\u0131n, milletin ve \u0130slam aleminin Kurban Bayram\u0131\u2019n\u0131 kutlad\u0131 -","og_description":"Ba\u015fbakan \u00dcnal \u00dcstel, halk\u0131n, milletin ve t\u00fcm \u0130slam aleminin Kurban Bayram\u0131\u2019n\u0131 kutlayarak, aziz \u015fehitleri rahmetle, gazileri minnetle and\u0131, Kurban Bayram\u0131\u2019n\u0131n \u00fclke ve millete hay\u0131rlar getirmesini diledi. K\u0131br\u0131s T\u00fcrk halk\u0131n\u0131n, tarih boyunca ya\u015fad\u0131\u011f\u0131 t\u00fcm zorluk ve s\u0131k\u0131nt\u0131lar\u0131, birlik ve beraberli\u011fini koruyarak a\u015fmay\u0131 ba\u015fard\u0131\u011f\u0131n\u0131 belirten Ba\u015fbakan \u00dcstel, bayramlar\u0131n da bu birlik ve beraberli\u011fi peki\u015ftiren en \u00f6zel vesilelerden","og_url":"https:\/\/kibrisdakik.com\/?p=46087","article_published_time":"2024-06-15T13:55:54+00:00","og_image":[{"width":1600,"height":1066,"url":"https:\/\/kibrisdakik.com\/wp-content\/uploads\/2024\/04\/unal-ustel-34343-740x420.jpg","type":"image\/jpeg"}],"author":"admin","twitter_card":"summary_large_image","twitter_misc":{"Yazan:":"admin","Tahmini okuma s\u00fcresi":"2 dakika"},"schema":{"@context":"https:\/\/schema.org","@graph":[{"@type":"Article","@id":"https:\/\/kibrisdakik.com\/?p=46087#article","isPartOf":{"@id":"https:\/\/kibrisdakik.com\/?p=46087"},"author":{"name":"admin","@id":"https:\/\/kibrisdakik.com\/#\/schema\/person\/9cd9d437bbb44f72b73ba127e06d8e79"},"headline":"Ba\u015fbakan \u00dcstel, t\u00fcm halk\u0131n, milletin ve \u0130slam aleminin Kurban Bayram\u0131\u2019n\u0131 kutlad\u0131","datePublished":"2024-06-15T13:55:54+00:00","mainEntityOfPage":{"@id":"https:\/\/kibrisdakik.com\/?p=46087"},"wordCount":497,"commentCount":0,"image":{"@id":"https:\/\/kibrisdakik.com\/?p=46087#primaryimage"},"thumbnailUrl":"https:\/\/kibrisdakik.com\/wp-content\/uploads\/2024\/04\/unal-ustel-34343-740x420.jpg","articleSection":["G\u00fcndem"],"inLanguage":"tr","potentialAction":[{"@type":"CommentAction","name":"Comment","target":["https:\/\/kibrisdakik.com\/?p=46087#respond"]}]},{"@type":"WebPage","@id":"https:\/\/kibrisdakik.com\/?p=46087","url":"https:\/\/kibrisdakik.com\/?p=46087","name":"Ba\u015fbakan \u00dcstel, t\u00fcm halk\u0131n, milletin ve \u0130slam aleminin Kurban Bayram\u0131\u2019n\u0131 kutlad\u0131 -","isPartOf":{"@id":"https:\/\/kibrisdakik.com\/#website"},"primaryImageOfPage":{"@id":"https:\/\/kibrisdakik.com\/?p=46087#primaryimage"},"image":{"@id":"https:\/\/kibrisdakik.com\/?p=46087#primaryimage"},"thumbnailUrl":"https:\/\/kibrisdakik.com\/wp-content\/uploads\/2024\/04\/unal-ustel-34343-740x420.jpg","datePublished":"2024-06-15T13:55:54+00:00","author":{"@id":"https:\/\/kibrisdakik.com\/#\/schema\/person\/9cd9d437bbb44f72b73ba127e06d8e79"},"breadcrumb":{"@id":"https:\/\/kibrisdakik.com\/?p=46087#breadcrumb"},"inLanguage":"tr","potentialAction":[{"@type":"ReadAction","target":["https:\/\/kibrisdakik.com\/?p=46087"]}]},{"@type":"ImageObject","inLanguage":"tr","@id":"https:\/\/kibrisdakik.com\/?p=46087#primaryimage","url":"https:\/\/kibrisdakik.com\/wp-content\/uploads\/2024\/04\/unal-ustel-34343-740x420.jpg","contentUrl":"https:\/\/kibrisdakik.com\/wp-content\/uploads\/2024\/04\/unal-ustel-34343-740x420.jpg","width":1600,"height":1066},{"@type":"BreadcrumbList","@id":"https:\/\/kibrisdakik.com\/?p=46087#breadcrumb","itemListElement":[{"@type":"ListItem","position":1,"name":"Home","item":"https:\/\/kibrisdakik.com\/"},{"@type":"ListItem","position":2,"name":"Ba\u015fbakan \u00dcstel, t\u00fcm halk\u0131n, milletin ve \u0130slam aleminin Kurban Bayram\u0131\u2019n\u0131 kutlad\u0131"}]},{"@type":"WebSite","@id":"https:\/\/kibrisdakik.com\/#website","url":"https:\/\/kibrisdakik.com\/","name":"","description":"Tam vaktinde haber","potentialAction":[{"@type":"SearchAction","target":{"@type":"EntryPoint","urlTemplate":"https:\/\/kibrisdakik.com\/?s={search_term_string}"},"query-input":{"@type":"PropertyValueSpecification","valueRequired":true,"valueName":"search_term_string"}}],"inLanguage":"tr"},{"@type":"Person","@id":"https:\/\/kibrisdakik.com\/#\/schema\/person\/9cd9d437bbb44f72b73ba127e06d8e79","name":"admin","image":{"@type":"ImageObject","inLanguage":"tr","@id":"https:\/\/secure.gravatar.com\/avatar\/ccc17943b9d660506c869530f897617f7cb1c21a4bf30023f252596d83e1f007?s=96&d=mm&r=g","url":"https:\/\/secure.gravatar.com\/avatar\/ccc17943b9d660506c869530f897617f7cb1c21a4bf30023f252596d83e1f007?s=96&d=mm&r=g","contentUrl":"https:\/\/secure.gravatar.com\/avatar\/ccc17943b9d660506c869530f897617f7cb1c21a4bf30023f252596d83e1f007?s=96&d=mm&r=g","caption":"admin"},"sameAs":["https:\/\/kibrisdakik.com"],"url":"https:\/\/kibrisdakik.com\/?author=1"}]}},"_links":{"self":[{"href":"https:\/\/kibrisdakik.com\/index.php?rest_route=\/wp\/v2\/posts\/46087","targetHints":{"allow":["GET"]}}],"collection":[{"href":"https:\/\/kibrisdakik.com\/index.php?rest_route=\/wp\/v2\/posts"}],"about":[{"href":"https:\/\/kibrisdakik.com\/index.php?rest_route=\/wp\/v2\/types\/post"}],"author":[{"embeddable":true,"href":"https:\/\/kibrisdakik.com\/index.php?rest_route=\/wp\/v2\/users\/1"}],"replies":[{"embeddable":true,"href":"https:\/\/kibrisdakik.com\/index.php?rest_route=%2Fwp%2Fv2%2Fcomments&post=46087"}],"version-history":[{"count":0,"href":"https:\/\/kibrisdakik.com\/index.php?rest_route=\/wp\/v2\/posts\/46087\/revisions"}],"wp:featuredmedia":[{"embeddable":true,"href":"https:\/\/kibrisdakik.com\/index.php?rest_route=\/wp\/v2\/media\/36997"}],"wp:attachment":[{"href":"https:\/\/kibrisdakik.com\/index.php?rest_route=%2Fwp%2Fv2%2Fmedia&parent=46087"}],"wp:term":[{"taxonomy":"category","embeddable":true,"href":"https:\/\/kibrisdakik.com\/index.php?rest_route=%2Fwp%2Fv2%2Fcategories&post=46087"},{"taxonomy":"post_tag","embeddable":true,"href":"https:\/\/kibrisdakik.com\/index.php?rest_route=%2Fwp%2Fv2%2Ftags&post=46087"}],"curies":[{"name":"wp","href":"https:\/\/api.w.org\/{rel}","templated":true}]}}