{"id":4610,"date":"2023-04-05T10:43:03","date_gmt":"2023-04-05T10:43:03","guid":{"rendered":"https:\/\/kibrisdakik.com\/index.php\/2023\/04\/05\/meclis-komitesi-heyeti-adiyamanda-isias-otel-enkazi-onune-siyah-celenk-birakti\/"},"modified":"2023-04-05T10:43:03","modified_gmt":"2023-04-05T10:43:03","slug":"meclis-komitesi-heyeti-adiyamanda-isias-otel-enkazi-onune-siyah-celenk-birakti","status":"publish","type":"post","link":"https:\/\/kibrisdakik.com\/?p=4610","title":{"rendered":"Meclis Komitesi heyeti Ad\u0131yaman\u2019da \u0130sias Otel enkaz\u0131 \u00f6n\u00fcne siyah \u00e7elenk b\u0131rakt\u0131"},"content":{"rendered":"<p><\/p>\n<div>\n<div class=\"mariselle-image-container center\">\n                <img width=\"1600\" height=\"1066\" class=\"lazy-image\" alt=\"\" decoding=\"async\" loading=\"lazy\" sizes=\"auto, (max-width: 1600px) 100vw, 1600px\" src=\"https:\/\/brtk.net\/wp-content\/uploads\/2023\/04\/05\/IMG-20230405-WA0022.jpg?ver=f19c285e8fa78546944cc5d01fc2b661\" srcset=\"https:\/\/brtk.net\/wp-content\/uploads\/2023\/04\/05\/IMG-20230405-WA0022.jpg?ver=f19c285e8fa78546944cc5d01fc2b661 1600w, https:\/\/brtk.net\/wp-content\/uploads\/2023\/04\/05\/IMG-20230405-WA0022-300x200.jpg?ver=fb25d0bf95a698eed38535216f8d2cf2 300w, https:\/\/brtk.net\/wp-content\/uploads\/2023\/04\/05\/IMG-20230405-WA0022-1024x682.jpg?ver=fb25d0bf95a698eed38535216f8d2cf2 1024w, https:\/\/brtk.net\/wp-content\/uploads\/2023\/04\/05\/IMG-20230405-WA0022-768x512.jpg?ver=fb25d0bf95a698eed38535216f8d2cf2 768w, https:\/\/brtk.net\/wp-content\/uploads\/2023\/04\/05\/IMG-20230405-WA0022-1536x1023.jpg?ver=b002a88ab320d681833d411fa74e5a7b 1536w\"\/>                            <\/div>\n<p> Depremle \u0130lgili Hukuki ve Adli S\u00fcrecin \u0130zlenmesine \u0130li\u015fkin Olu\u015fturulan Ge\u00e7ici ve \u00d6zel Komite Ba\u015fkan\u0131, <a href=\"https:\/\/brtk.net\/\"\/><a href=\"https:\/\/brtk.net\/\"\/><a href=\"https:\/\/brtk.net\/\">UBP<\/a> Milletvekili O\u011fuzhan Hasipo\u011flu, \u0130sias Otel dosyas\u0131nda s\u00fcrecin usul\u00fcne uygun olarak ilerledi\u011fini g\u00f6rmekten memnun olduklar\u0131n\u0131 belirterek, \u201cTek amac\u0131m\u0131z adaletin tecelli etti\u011fini g\u00f6rmek\u2026 Su\u00e7lular\u0131n en a\u011f\u0131r cezay\u0131 almas\u0131n\u0131 talep edece\u011fiz\u201d dedi.<\/p>\n<p>T\u00fcrkiye Cumhuriyeti\u2019nin (TC) adaletine, yarg\u0131s\u0131na g\u00fcvendiklerini vurgulayan Hasipo\u011flu, dosyayla ilgili \u015fu an 5 tutuklu oldu\u011funu, soru\u015fturman\u0131n geni\u015fletilmesine devam edildi\u011fini kaydetti.<\/p>\n<p>Cumhuriyet Meclisi Depremle \u0130lgili Hukuki ve Adli S\u00fcrecin \u0130zlenmesine \u0130li\u015fkin Olu\u015fturulan Ge\u00e7ici ve \u00d6zel Komite, Ankara temaslar\u0131n\u0131 tamamlayarak, bu sabah Ad\u0131yaman\u2019a ge\u00e7ti.<\/p>\n<p><a href=\"https:\/\/brtk.net\/\"\/><a href=\"https:\/\/brtk.net\/\"\/><a href=\"https:\/\/brtk.net\/\">UBP<\/a> Gazima\u011fusa Milletvekili O\u011fuzhan Hasipo\u011flu ba\u015fkanl\u0131\u011f\u0131ndaki heyet 6 \u015eubat\u2019ta meydana gelen depremde, Gazima\u011fusa TMK ekibinin hayat\u0131n\u0131 kaybetti\u011fi Ad\u0131yaman\u2019daki \u0130sias Otel enkaz\u0131n\u0131n bulundu\u011fu b\u00f6lgeye siyah \u00e7elenk b\u0131rakarak, burada bas\u0131na a\u00e7\u0131klama yapt\u0131.<\/p>\n<div class=\"mariselle-image-container center\">\n                <img width=\"1600\" height=\"1066\" class=\"lazy-image\" alt=\"\" decoding=\"async\" loading=\"lazy\" sizes=\"auto, (max-width: 1600px) 100vw, 1600px\" src=\"https:\/\/brtk.net\/wp-content\/uploads\/2023\/04\/05\/IMG-20230405-WA0028.jpg?ver=6ddded83902a83ddfaccd5587c9888da\" srcset=\"https:\/\/brtk.net\/wp-content\/uploads\/2023\/04\/05\/IMG-20230405-WA0028.jpg?ver=6ddded83902a83ddfaccd5587c9888da 1600w, https:\/\/brtk.net\/wp-content\/uploads\/2023\/04\/05\/IMG-20230405-WA0028-300x200.jpg?ver=6ddded83902a83ddfaccd5587c9888da 300w, https:\/\/brtk.net\/wp-content\/uploads\/2023\/04\/05\/IMG-20230405-WA0028-1024x682.jpg?ver=6ddded83902a83ddfaccd5587c9888da 1024w, https:\/\/brtk.net\/wp-content\/uploads\/2023\/04\/05\/IMG-20230405-WA0028-768x512.jpg?ver=6ddded83902a83ddfaccd5587c9888da 768w, https:\/\/brtk.net\/wp-content\/uploads\/2023\/04\/05\/IMG-20230405-WA0028-1536x1023.jpg?ver=f540e4d3f60e2bd6754a8d69f9bec650 1536w\"\/>                            <\/div>\n<p>\nO\u011fuzhan Hasipo\u011flu burada yapt\u0131\u011f\u0131 a\u00e7\u0131klamada, T\u00fcrkiye Cumhuriyeti\u2019nde meydana gelen depremle ilgili ba\u015flat\u0131lan adli s\u00fcrecin izlenmesi amac\u0131yla olu\u015fturulan komitenin 8 milletvekili ile Ad\u0131yaman\u2019da oldu\u011funu ifade etti.<\/p>\n<p>\u201cBu b\u00fcy\u00fck bir ac\u0131\u2026 T\u00fcrk milletinin ba\u015f\u0131 sa\u011f olsun\u201d diyen Hasipo\u011flu, hayatlar\u0131n\u0131 kaybedenlere Allah\u2019tan rahmet, yaral\u0131lara acil \u015fifalar diledi.<\/p>\n<p>\u201cAnavatan T\u00fcrkiye Cumhuriyeti\u2019nin ac\u0131s\u0131 bizim de ac\u0131m\u0131zd\u0131r. Hayat\u0131m\u0131z devam etti\u011fi m\u00fcddet\u00e7e bu ac\u0131y\u0131 sizlerle payla\u015fmaya devam edece\u011fiz\u201d vurgusu yapan Hasipo\u011flu, depremin ilk g\u00fcn\u00fcnden itibaren Ad\u0131yaman\u2019a u\u00e7ak g\u00f6nderildi\u011fini, gerekli giri\u015fimlerin yap\u0131ld\u0131\u011f\u0131n\u0131 kaydetti. O\u011fuzhan Hasipo\u011flu, <a href=\"https:\/\/brtk.net\/\"\/><a href=\"https:\/\/brtk.net\/\"\/><a href=\"https:\/\/brtk.net\/\"\/><a href=\"https:\/\/brtk.net\/\"\/><a href=\"https:\/\/brtk.net\/\"\/><a href=\"https:\/\/brtk.net\/\">KKTC<\/a> olarak Ad\u0131yaman \u00f6zelinde ve depremden etkilenen 11 ile katk\u0131 koymaya \u00e7al\u0131\u015ft\u0131klar\u0131n\u0131 s\u00f6yledi.<\/p>\n<p>Komitenin \u00f6zel bir g\u00f6revi oldu\u011funu dile getiren Hasipo\u011flu, \u0130sias davas\u0131 olarak bilinen soru\u015fturmada 35 <a href=\"https:\/\/brtk.net\/\"\/><a href=\"https:\/\/brtk.net\/\"\/><a href=\"https:\/\/brtk.net\/\"\/><a href=\"https:\/\/brtk.net\/\"\/><a href=\"https:\/\/brtk.net\/\"\/><a href=\"https:\/\/brtk.net\/\">KKTC<\/a> vatanda\u015f\u0131n\u0131n hayat\u0131n\u0131 kaybetti\u011fi \u0130sias Otel\u2019le ilgili s\u00fcrecin devam etti\u011fini belirtti. Hasipo\u011flu, Gazima\u011fusa TMK \u00f6\u011frencileri, \u00f6\u011fretmenleri ve ailelerinin hayatlar\u0131n\u0131 kaybetti\u011fini ifade ederek, \u201cBu ac\u0131y\u0131 unutmam\u0131z m\u00fcmk\u00fcn de\u011fildir\u201d dedi.<\/p>\n<p>Bununla ilgili bir soru\u015fturma ba\u015flat\u0131ld\u0131\u011f\u0131na i\u015faret eden Hasipo\u011flu, bug\u00fcn Ad\u0131yaman Valisi ve Cumhuriyet Ba\u015fsavc\u0131l\u0131\u011f\u0131 ile g\u00f6r\u00fc\u015fmeler yapt\u0131klar\u0131n\u0131 ve soru\u015fturma dosyas\u0131 ile ilgili gerekli bilgileri ald\u0131klar\u0131n\u0131 s\u00f6yledi.<\/p>\n<p>\u00c7ok fazla dosya olmas\u0131na kar\u015f\u0131n \u00f6zel olarak \u0130sias dosyas\u0131na savc\u0131l\u0131k makam\u0131 taraf\u0131ndan ilgi ve alaka oldu\u011funu vurgulayan Hasipo\u011flu, dosyayla ilgili t\u00fcm raporlara eri\u015fildi\u011fini ve enkaz kalkmadan numunelerin al\u0131nd\u0131\u011f\u0131n\u0131 belirterek, numunelerin inceleme i\u00e7in \u0130stanbul Teknik \u00dcniversitesi\u2019ne g\u00f6nderildi\u011fini kaydetti.<\/p>\n<p>-\u201c\u015eu anda 5 tutuklu var\u2026 Soru\u015fturman\u0131n geni\u015fletilmesine devam ediliyor\u201d<\/p>\n<p>\u015eu an dosyada 5 tutuklu oldu\u011funu ifade eden Hasipo\u011flu, daha fazla tutuklunun olabilece\u011fine dair soru\u015fturman\u0131n geni\u015fletilmesine devam edildi\u011fini s\u00f6yledi. T\u00fcrkiye Cumhuriyeti\u2019nin adaletine, yarg\u0131s\u0131na g\u00fcvendiklerini vurgulayan Hasipo\u011flu, <a href=\"https:\/\/brtk.net\/\"\/><a href=\"https:\/\/brtk.net\/\"\/><a href=\"https:\/\/brtk.net\/\"\/><a href=\"https:\/\/brtk.net\/\"\/><a href=\"https:\/\/brtk.net\/\"\/><a href=\"https:\/\/brtk.net\/\">KKTC<\/a> vatanda\u015flar\u0131n\u0131n, dosyan\u0131n s\u00fcreciyle ilgili haber bekledi\u011fini belirtti. S\u00fcrecin usul\u00fcne uygun olarak ilerledi\u011fini g\u00f6rmekten memnun olduklar\u0131n\u0131n alt\u0131n\u0131 \u00e7izen O\u011fuzhan Hasipo\u011flu, tek ama\u00e7lar\u0131n\u0131n adaletin tecelli etti\u011fini g\u00f6rmek oldu\u011funu ve bunun ailelerin de beklentisi oldu\u011funu vurgulad\u0131.<\/p>\n<p>S\u00fcreci takip edeceklerini dile getiren Hasipo\u011flu, \u201cG\u00fcn\u00fcn sonunda su\u00e7lular\u0131n en a\u011f\u0131r cezay\u0131 almas\u0131n\u0131 talep edece\u011fiz\u201d dedi.<\/p>\n<p>-\u201c\u0130sias davas\u0131 sadece <a href=\"https:\/\/brtk.net\/\"\/><a href=\"https:\/\/brtk.net\/\"\/><a href=\"https:\/\/brtk.net\/\"\/><a href=\"https:\/\/brtk.net\/\"\/><a href=\"https:\/\/brtk.net\/\"\/><a href=\"https:\/\/brtk.net\/\">KKTC<\/a>\u2019nin davas\u0131 de\u011fildir. TC\u2019nin de davas\u0131d\u0131r\u201d<\/p>\n<p>Depremin de\u011fil hatal\u0131 binalar\u0131n, kolon \u00e7alan, kolon kesen, malzemeden \u00e7alan m\u00fcteahhitlerin ve bina sahiplerinin \u00f6ld\u00fcrd\u00fc\u011f\u00fcn\u00fc vurgulayan Hasipo\u011flu, bunun \u00f6n\u00fcne herkesin ge\u00e7mesi gerekti\u011fini kaydetti. Davalar\u0131n cayd\u0131r\u0131c\u0131l\u0131k anlam\u0131nda \u00f6zel \u00f6neme sahip oldu\u011funu dile getiren Hasipo\u011flu, \u201c\u0130sias davas\u0131 sadece <a href=\"https:\/\/brtk.net\/\"\/><a href=\"https:\/\/brtk.net\/\"\/><a href=\"https:\/\/brtk.net\/\"\/><a href=\"https:\/\/brtk.net\/\"\/><a href=\"https:\/\/brtk.net\/\"\/><a href=\"https:\/\/brtk.net\/\">KKTC<\/a>\u2019nin davas\u0131 de\u011fildir. TC\u2019nin de davas\u0131d\u0131r\u201d diye konu\u015ftu. <\/p>\n<p>Bu davan\u0131n sonucunun kendileri i\u00e7in \u00e7ok \u00f6nemli oldu\u011funu belirten Hasipo\u011flu, heyeti kabul eden ve bilgi aktaran T\u00fcrkiye Cumhuriyeti yetkililerine te\u015fekk\u00fcr ederek, \u201cS\u00fcrecin milletim ad\u0131na takip\u00e7isi olaca\u011f\u0131z\u201d dedi.<\/p>\n<div class=\"mariselle-image-container center\">\n                <img width=\"1600\" height=\"1066\" class=\"lazy-image\" alt=\"\" decoding=\"async\" loading=\"lazy\" sizes=\"auto, (max-width: 1600px) 100vw, 1600px\" src=\"https:\/\/brtk.net\/wp-content\/uploads\/2023\/04\/05\/IMG-20230405-WA0023.jpg?ver=acf85af93f37ac1ebd3806f5d9158b02\" srcset=\"https:\/\/brtk.net\/wp-content\/uploads\/2023\/04\/05\/IMG-20230405-WA0023.jpg?ver=acf85af93f37ac1ebd3806f5d9158b02 1600w, https:\/\/brtk.net\/wp-content\/uploads\/2023\/04\/05\/IMG-20230405-WA0023-300x200.jpg?ver=acf85af93f37ac1ebd3806f5d9158b02 300w, https:\/\/brtk.net\/wp-content\/uploads\/2023\/04\/05\/IMG-20230405-WA0023-1024x682.jpg?ver=17db9b24004c37f98fa4bcc49b6d4da2 1024w, https:\/\/brtk.net\/wp-content\/uploads\/2023\/04\/05\/IMG-20230405-WA0023-768x512.jpg?ver=17db9b24004c37f98fa4bcc49b6d4da2 768w, https:\/\/brtk.net\/wp-content\/uploads\/2023\/04\/05\/IMG-20230405-WA0023-1536x1023.jpg?ver=17db9b24004c37f98fa4bcc49b6d4da2 1536w\"\/>                            <\/div>\n<p>\nMeclis Ba\u015fkan Yard\u0131mc\u0131s\u0131 ve Komite \u00dcyesi Fazilet \u00d6zdenefe de, <a href=\"https:\/\/brtk.net\/\"\/><a href=\"https:\/\/brtk.net\/\"\/><a href=\"https:\/\/brtk.net\/\"\/><a href=\"https:\/\/brtk.net\/\"\/><a href=\"https:\/\/brtk.net\/\"\/><a href=\"https:\/\/brtk.net\/\">KKTC<\/a> Cumhuriyet Meclisi\u2019nde temsil edilen siyasi partiler olarak bu konuya partiler \u00fcst\u00fc bir noktada yakla\u015ft\u0131klar\u0131n\u0131 belirtti.<\/p>\n<p>D\u00fcn TBMM\u2019deki temaslar\u0131n ard\u0131ndan bug\u00fcn Ad\u0131yaman Valili\u011fi ve Ba\u015fsavc\u0131l\u0131k\u2019ta temaslar yapt\u0131klar\u0131n\u0131 dile getiren \u00d6zdenefe, s\u00fcre\u00e7le ilgili kendilerine verilen bilgilerden dolay\u0131 te\u015fekk\u00fcrlerini sundu.<\/p>\n<p>Ad\u0131yaman \u00f6zelinde ve T\u00fcrkiye Cumhuriyeti genelinde depremde hayat\u0131n\u0131 kaybedenler i\u00e7in taziye ve ba\u015fsa\u011fl\u0131\u011f\u0131 dileklerini ifade eden Fazilet \u00d6zdenefe, davalar\u0131n takibi ve adaletin tecellisinin \u00e7ok \u00f6nemli oldu\u011funu vurgulad\u0131.<\/p>\n<p>-\u201cAilelerin g\u00f6zleri, kulaklar\u0131 ve s\u00f6zleri olmak ad\u0131na Ad\u0131yaman\u2019day\u0131z\u201d<\/p>\n<p>Adalette kuvvetler ayr\u0131l\u0131\u011f\u0131 oldu\u011funa, m\u00fcdahale edilmesinin s\u00f6z konusu olmad\u0131\u011f\u0131na i\u015faret eden \u00d6zdenefe, vekiller olarak s\u00fcre\u00e7le ilgili ailelerin ve yak\u0131nlar\u0131n\u0131n, g\u00f6zleri, kulaklar\u0131 ve s\u00f6zleri olmak ad\u0131na Ad\u0131yaman\u2019da olduklar\u0131n\u0131 dile getirdi. \u00d6zdenefe, misafirperverlikleri nedeniyle ilgili makamlara te\u015fekk\u00fcrlerini de sunarak, \u201cAc\u0131m\u0131z b\u00fcy\u00fck. Hepimizin ba\u015f\u0131 sa\u011f olsun\u201d dedi.<\/p>\n<p>Meclis Komite heyetinde; Meclis Ba\u015fkan Yard\u0131mc\u0131s\u0131 ve Komite \u00dcyesi <a href=\"https:\/\/brtk.net\/\">CTP<\/a> Girne Milletvekili Fazilet \u00d6zdenefe, Komite Ba\u015fkan Yard\u0131mc\u0131s\u0131 <a href=\"https:\/\/brtk.net\/\">CTP<\/a> Girne Milletvekili Ongun Talat, Komite \u00fcyeleri <a href=\"https:\/\/brtk.net\/\"\/><a href=\"https:\/\/brtk.net\/\"\/><a href=\"https:\/\/brtk.net\/\">UBP<\/a> \u0130skele Milletvekili Yasemi \u00d6zt\u00fcrk,  <a href=\"https:\/\/brtk.net\/\"\/><a href=\"https:\/\/brtk.net\/\"\/><a href=\"https:\/\/brtk.net\/\">UBP<\/a> Lefko\u015fa Milletvekili Sad\u0131k Gardiyano\u011flu, DP Girne Milletvekili Serhat Akp\u0131nar, YDP Lefko\u015fa Milletvekili Talip Atalay ve Ba\u011f\u0131ms\u0131z Gazima\u011fusa Milletvekili Ay\u015feg\u00fcl Baybars yer al\u0131rken, heyete <a href=\"https:\/\/brtk.net\/\"\/><a href=\"https:\/\/brtk.net\/\"\/><a href=\"https:\/\/brtk.net\/\"\/><a href=\"https:\/\/brtk.net\/\"\/><a href=\"https:\/\/brtk.net\/\"\/><a href=\"https:\/\/brtk.net\/\">KKTC<\/a> Gaziantep Ba\u015fkonsolosu Fatma Demirel de e\u015flik etti.<\/p>\n<p>Heyetin, Ad\u0131yaman\u2019da baz\u0131 temaslarda da bulunmas\u0131 bekleniyor.<\/p>\n<div class=\"mariselle-image-container center\">\n                <img width=\"1600\" height=\"1066\" class=\"lazy-image\" alt=\"\" decoding=\"async\" loading=\"lazy\" sizes=\"auto, (max-width: 1600px) 100vw, 1600px\" src=\"https:\/\/brtk.net\/wp-content\/uploads\/2023\/04\/05\/IMG-20230405-WA0027.jpg?ver=80f4d15b52ec62cfe700cc5aae30da00\" srcset=\"https:\/\/brtk.net\/wp-content\/uploads\/2023\/04\/05\/IMG-20230405-WA0027.jpg?ver=80f4d15b52ec62cfe700cc5aae30da00 1600w, https:\/\/brtk.net\/wp-content\/uploads\/2023\/04\/05\/IMG-20230405-WA0027-300x200.jpg?ver=80f4d15b52ec62cfe700cc5aae30da00 300w, https:\/\/brtk.net\/wp-content\/uploads\/2023\/04\/05\/IMG-20230405-WA0027-1024x682.jpg?ver=80f4d15b52ec62cfe700cc5aae30da00 1024w, https:\/\/brtk.net\/wp-content\/uploads\/2023\/04\/05\/IMG-20230405-WA0027-768x512.jpg?ver=946cdc89299cb95e95dacd0bebdf078b 768w, https:\/\/brtk.net\/wp-content\/uploads\/2023\/04\/05\/IMG-20230405-WA0027-1536x1023.jpg?ver=946cdc89299cb95e95dacd0bebdf078b 1536w\"\/>                            <\/div>\n<\/p><\/div>\n<p><script async\n                    defer\n                    crossorigin=\"anonymous\"\n                    src=\"https:\/\/connect.facebook.net\/tr_TR\/sdk.js#xfbml=1&#038;version=v3.3\"\n            ><\/script><\/p>\n","protected":false},"excerpt":{"rendered":"<p>Depremle \u0130lgili Hukuki ve Adli S\u00fcrecin \u0130zlenmesine \u0130li\u015fkin Olu\u015fturulan Ge\u00e7ici ve \u00d6zel Komite Ba\u015fkan\u0131, UBP Milletvekili O\u011fuzhan Hasipo\u011flu, \u0130sias Otel dosyas\u0131nda s\u00fcrecin usul\u00fcne uygun olarak ilerledi\u011fini g\u00f6rmekten memnun olduklar\u0131n\u0131 belirterek, \u201cTek amac\u0131m\u0131z adaletin tecelli etti\u011fini g\u00f6rmek\u2026 Su\u00e7lular\u0131n en a\u011f\u0131r cezay\u0131 almas\u0131n\u0131 talep edece\u011fiz\u201d dedi. T\u00fcrkiye Cumhuriyeti\u2019nin (TC) adaletine, yarg\u0131s\u0131na g\u00fcvendiklerini vurgulayan Hasipo\u011flu, dosyayla ilgili \u015fu<\/p>\n","protected":false},"author":1,"featured_media":4611,"comment_status":"open","ping_status":"open","sticky":false,"template":"","format":"standard","meta":{"footnotes":""},"categories":[1],"tags":[],"class_list":["post-4610","post","type-post","status-publish","format-standard","has-post-thumbnail","hentry","category-gundem"],"yoast_head":"<!-- This site is optimized with the Yoast SEO plugin v27.5 - https:\/\/yoast.com\/product\/yoast-seo-wordpress\/ -->\n<title>Meclis Komitesi heyeti Ad\u0131yaman\u2019da \u0130sias Otel enkaz\u0131 \u00f6n\u00fcne siyah \u00e7elenk b\u0131rakt\u0131 -<\/title>\n<meta name=\"robots\" content=\"index, follow, max-snippet:-1, max-image-preview:large, max-video-preview:-1\" \/>\n<link rel=\"canonical\" href=\"https:\/\/kibrisdakik.com\/?p=4610\" \/>\n<meta property=\"og:locale\" content=\"tr_TR\" \/>\n<meta property=\"og:type\" content=\"article\" \/>\n<meta property=\"og:title\" content=\"Meclis Komitesi heyeti Ad\u0131yaman\u2019da \u0130sias Otel enkaz\u0131 \u00f6n\u00fcne siyah \u00e7elenk b\u0131rakt\u0131 -\" \/>\n<meta property=\"og:description\" content=\"Depremle \u0130lgili Hukuki ve Adli S\u00fcrecin \u0130zlenmesine \u0130li\u015fkin Olu\u015fturulan Ge\u00e7ici ve \u00d6zel Komite Ba\u015fkan\u0131, UBP Milletvekili O\u011fuzhan Hasipo\u011flu, \u0130sias Otel dosyas\u0131nda s\u00fcrecin usul\u00fcne uygun olarak ilerledi\u011fini g\u00f6rmekten memnun olduklar\u0131n\u0131 belirterek, \u201cTek amac\u0131m\u0131z adaletin tecelli etti\u011fini g\u00f6rmek\u2026 Su\u00e7lular\u0131n en a\u011f\u0131r cezay\u0131 almas\u0131n\u0131 talep edece\u011fiz\u201d dedi. T\u00fcrkiye Cumhuriyeti\u2019nin (TC) adaletine, yarg\u0131s\u0131na g\u00fcvendiklerini vurgulayan Hasipo\u011flu, dosyayla ilgili \u015fu\" \/>\n<meta property=\"og:url\" content=\"https:\/\/kibrisdakik.com\/?p=4610\" \/>\n<meta property=\"article:published_time\" content=\"2023-04-05T10:43:03+00:00\" \/>\n<meta property=\"og:image\" content=\"https:\/\/kibrisdakik.com\/wp-content\/uploads\/2023\/04\/IMG-20230405-WA0022-740x420.jpg\" \/>\n\t<meta property=\"og:image:width\" content=\"1600\" \/>\n\t<meta property=\"og:image:height\" content=\"1066\" \/>\n\t<meta property=\"og:image:type\" content=\"image\/jpeg\" \/>\n<meta name=\"author\" content=\"admin\" \/>\n<meta name=\"twitter:card\" content=\"summary_large_image\" \/>\n<meta name=\"twitter:label1\" content=\"Yazan:\" \/>\n\t<meta name=\"twitter:data1\" content=\"admin\" \/>\n\t<meta name=\"twitter:label2\" content=\"Tahmini okuma s\u00fcresi\" \/>\n\t<meta name=\"twitter:data2\" content=\"5 dakika\" \/>\n<script type=\"application\/ld+json\" class=\"yoast-schema-graph\">{\"@context\":\"https:\\\/\\\/schema.org\",\"@graph\":[{\"@type\":\"Article\",\"@id\":\"https:\\\/\\\/kibrisdakik.com\\\/?p=4610#article\",\"isPartOf\":{\"@id\":\"https:\\\/\\\/kibrisdakik.com\\\/?p=4610\"},\"author\":{\"name\":\"admin\",\"@id\":\"https:\\\/\\\/kibrisdakik.com\\\/#\\\/schema\\\/person\\\/9cd9d437bbb44f72b73ba127e06d8e79\"},\"headline\":\"Meclis Komitesi heyeti Ad\u0131yaman\u2019da \u0130sias Otel enkaz\u0131 \u00f6n\u00fcne siyah \u00e7elenk b\u0131rakt\u0131\",\"datePublished\":\"2023-04-05T10:43:03+00:00\",\"mainEntityOfPage\":{\"@id\":\"https:\\\/\\\/kibrisdakik.com\\\/?p=4610\"},\"wordCount\":1017,\"commentCount\":0,\"image\":{\"@id\":\"https:\\\/\\\/kibrisdakik.com\\\/?p=4610#primaryimage\"},\"thumbnailUrl\":\"https:\\\/\\\/kibrisdakik.com\\\/wp-content\\\/uploads\\\/2023\\\/04\\\/IMG-20230405-WA0022-740x420.jpg\",\"articleSection\":[\"G\u00fcndem\"],\"inLanguage\":\"tr\",\"potentialAction\":[{\"@type\":\"CommentAction\",\"name\":\"Comment\",\"target\":[\"https:\\\/\\\/kibrisdakik.com\\\/?p=4610#respond\"]}]},{\"@type\":\"WebPage\",\"@id\":\"https:\\\/\\\/kibrisdakik.com\\\/?p=4610\",\"url\":\"https:\\\/\\\/kibrisdakik.com\\\/?p=4610\",\"name\":\"Meclis Komitesi heyeti Ad\u0131yaman\u2019da \u0130sias Otel enkaz\u0131 \u00f6n\u00fcne siyah \u00e7elenk b\u0131rakt\u0131 -\",\"isPartOf\":{\"@id\":\"https:\\\/\\\/kibrisdakik.com\\\/#website\"},\"primaryImageOfPage\":{\"@id\":\"https:\\\/\\\/kibrisdakik.com\\\/?p=4610#primaryimage\"},\"image\":{\"@id\":\"https:\\\/\\\/kibrisdakik.com\\\/?p=4610#primaryimage\"},\"thumbnailUrl\":\"https:\\\/\\\/kibrisdakik.com\\\/wp-content\\\/uploads\\\/2023\\\/04\\\/IMG-20230405-WA0022-740x420.jpg\",\"datePublished\":\"2023-04-05T10:43:03+00:00\",\"author\":{\"@id\":\"https:\\\/\\\/kibrisdakik.com\\\/#\\\/schema\\\/person\\\/9cd9d437bbb44f72b73ba127e06d8e79\"},\"breadcrumb\":{\"@id\":\"https:\\\/\\\/kibrisdakik.com\\\/?p=4610#breadcrumb\"},\"inLanguage\":\"tr\",\"potentialAction\":[{\"@type\":\"ReadAction\",\"target\":[\"https:\\\/\\\/kibrisdakik.com\\\/?p=4610\"]}]},{\"@type\":\"ImageObject\",\"inLanguage\":\"tr\",\"@id\":\"https:\\\/\\\/kibrisdakik.com\\\/?p=4610#primaryimage\",\"url\":\"https:\\\/\\\/kibrisdakik.com\\\/wp-content\\\/uploads\\\/2023\\\/04\\\/IMG-20230405-WA0022-740x420.jpg\",\"contentUrl\":\"https:\\\/\\\/kibrisdakik.com\\\/wp-content\\\/uploads\\\/2023\\\/04\\\/IMG-20230405-WA0022-740x420.jpg\",\"width\":1600,\"height\":1066},{\"@type\":\"BreadcrumbList\",\"@id\":\"https:\\\/\\\/kibrisdakik.com\\\/?p=4610#breadcrumb\",\"itemListElement\":[{\"@type\":\"ListItem\",\"position\":1,\"name\":\"Home\",\"item\":\"https:\\\/\\\/kibrisdakik.com\\\/\"},{\"@type\":\"ListItem\",\"position\":2,\"name\":\"Meclis Komitesi heyeti Ad\u0131yaman\u2019da \u0130sias Otel enkaz\u0131 \u00f6n\u00fcne siyah \u00e7elenk b\u0131rakt\u0131\"}]},{\"@type\":\"WebSite\",\"@id\":\"https:\\\/\\\/kibrisdakik.com\\\/#website\",\"url\":\"https:\\\/\\\/kibrisdakik.com\\\/\",\"name\":\"\",\"description\":\"Tam vaktinde haber\",\"potentialAction\":[{\"@type\":\"SearchAction\",\"target\":{\"@type\":\"EntryPoint\",\"urlTemplate\":\"https:\\\/\\\/kibrisdakik.com\\\/?s={search_term_string}\"},\"query-input\":{\"@type\":\"PropertyValueSpecification\",\"valueRequired\":true,\"valueName\":\"search_term_string\"}}],\"inLanguage\":\"tr\"},{\"@type\":\"Person\",\"@id\":\"https:\\\/\\\/kibrisdakik.com\\\/#\\\/schema\\\/person\\\/9cd9d437bbb44f72b73ba127e06d8e79\",\"name\":\"admin\",\"image\":{\"@type\":\"ImageObject\",\"inLanguage\":\"tr\",\"@id\":\"https:\\\/\\\/secure.gravatar.com\\\/avatar\\\/ccc17943b9d660506c869530f897617f7cb1c21a4bf30023f252596d83e1f007?s=96&d=mm&r=g\",\"url\":\"https:\\\/\\\/secure.gravatar.com\\\/avatar\\\/ccc17943b9d660506c869530f897617f7cb1c21a4bf30023f252596d83e1f007?s=96&d=mm&r=g\",\"contentUrl\":\"https:\\\/\\\/secure.gravatar.com\\\/avatar\\\/ccc17943b9d660506c869530f897617f7cb1c21a4bf30023f252596d83e1f007?s=96&d=mm&r=g\",\"caption\":\"admin\"},\"sameAs\":[\"https:\\\/\\\/kibrisdakik.com\"],\"url\":\"https:\\\/\\\/kibrisdakik.com\\\/?author=1\"}]}<\/script>\n<!-- \/ Yoast SEO plugin. -->","yoast_head_json":{"title":"Meclis Komitesi heyeti Ad\u0131yaman\u2019da \u0130sias Otel enkaz\u0131 \u00f6n\u00fcne siyah \u00e7elenk b\u0131rakt\u0131 -","robots":{"index":"index","follow":"follow","max-snippet":"max-snippet:-1","max-image-preview":"max-image-preview:large","max-video-preview":"max-video-preview:-1"},"canonical":"https:\/\/kibrisdakik.com\/?p=4610","og_locale":"tr_TR","og_type":"article","og_title":"Meclis Komitesi heyeti Ad\u0131yaman\u2019da \u0130sias Otel enkaz\u0131 \u00f6n\u00fcne siyah \u00e7elenk b\u0131rakt\u0131 -","og_description":"Depremle \u0130lgili Hukuki ve Adli S\u00fcrecin \u0130zlenmesine \u0130li\u015fkin Olu\u015fturulan Ge\u00e7ici ve \u00d6zel Komite Ba\u015fkan\u0131, UBP Milletvekili O\u011fuzhan Hasipo\u011flu, \u0130sias Otel dosyas\u0131nda s\u00fcrecin usul\u00fcne uygun olarak ilerledi\u011fini g\u00f6rmekten memnun olduklar\u0131n\u0131 belirterek, \u201cTek amac\u0131m\u0131z adaletin tecelli etti\u011fini g\u00f6rmek\u2026 Su\u00e7lular\u0131n en a\u011f\u0131r cezay\u0131 almas\u0131n\u0131 talep edece\u011fiz\u201d dedi. T\u00fcrkiye Cumhuriyeti\u2019nin (TC) adaletine, yarg\u0131s\u0131na g\u00fcvendiklerini vurgulayan Hasipo\u011flu, dosyayla ilgili \u015fu","og_url":"https:\/\/kibrisdakik.com\/?p=4610","article_published_time":"2023-04-05T10:43:03+00:00","og_image":[{"width":1600,"height":1066,"url":"https:\/\/kibrisdakik.com\/wp-content\/uploads\/2023\/04\/IMG-20230405-WA0022-740x420.jpg","type":"image\/jpeg"}],"author":"admin","twitter_card":"summary_large_image","twitter_misc":{"Yazan:":"admin","Tahmini okuma s\u00fcresi":"5 dakika"},"schema":{"@context":"https:\/\/schema.org","@graph":[{"@type":"Article","@id":"https:\/\/kibrisdakik.com\/?p=4610#article","isPartOf":{"@id":"https:\/\/kibrisdakik.com\/?p=4610"},"author":{"name":"admin","@id":"https:\/\/kibrisdakik.com\/#\/schema\/person\/9cd9d437bbb44f72b73ba127e06d8e79"},"headline":"Meclis Komitesi heyeti Ad\u0131yaman\u2019da \u0130sias Otel enkaz\u0131 \u00f6n\u00fcne siyah \u00e7elenk b\u0131rakt\u0131","datePublished":"2023-04-05T10:43:03+00:00","mainEntityOfPage":{"@id":"https:\/\/kibrisdakik.com\/?p=4610"},"wordCount":1017,"commentCount":0,"image":{"@id":"https:\/\/kibrisdakik.com\/?p=4610#primaryimage"},"thumbnailUrl":"https:\/\/kibrisdakik.com\/wp-content\/uploads\/2023\/04\/IMG-20230405-WA0022-740x420.jpg","articleSection":["G\u00fcndem"],"inLanguage":"tr","potentialAction":[{"@type":"CommentAction","name":"Comment","target":["https:\/\/kibrisdakik.com\/?p=4610#respond"]}]},{"@type":"WebPage","@id":"https:\/\/kibrisdakik.com\/?p=4610","url":"https:\/\/kibrisdakik.com\/?p=4610","name":"Meclis Komitesi heyeti Ad\u0131yaman\u2019da \u0130sias Otel enkaz\u0131 \u00f6n\u00fcne siyah \u00e7elenk b\u0131rakt\u0131 -","isPartOf":{"@id":"https:\/\/kibrisdakik.com\/#website"},"primaryImageOfPage":{"@id":"https:\/\/kibrisdakik.com\/?p=4610#primaryimage"},"image":{"@id":"https:\/\/kibrisdakik.com\/?p=4610#primaryimage"},"thumbnailUrl":"https:\/\/kibrisdakik.com\/wp-content\/uploads\/2023\/04\/IMG-20230405-WA0022-740x420.jpg","datePublished":"2023-04-05T10:43:03+00:00","author":{"@id":"https:\/\/kibrisdakik.com\/#\/schema\/person\/9cd9d437bbb44f72b73ba127e06d8e79"},"breadcrumb":{"@id":"https:\/\/kibrisdakik.com\/?p=4610#breadcrumb"},"inLanguage":"tr","potentialAction":[{"@type":"ReadAction","target":["https:\/\/kibrisdakik.com\/?p=4610"]}]},{"@type":"ImageObject","inLanguage":"tr","@id":"https:\/\/kibrisdakik.com\/?p=4610#primaryimage","url":"https:\/\/kibrisdakik.com\/wp-content\/uploads\/2023\/04\/IMG-20230405-WA0022-740x420.jpg","contentUrl":"https:\/\/kibrisdakik.com\/wp-content\/uploads\/2023\/04\/IMG-20230405-WA0022-740x420.jpg","width":1600,"height":1066},{"@type":"BreadcrumbList","@id":"https:\/\/kibrisdakik.com\/?p=4610#breadcrumb","itemListElement":[{"@type":"ListItem","position":1,"name":"Home","item":"https:\/\/kibrisdakik.com\/"},{"@type":"ListItem","position":2,"name":"Meclis Komitesi heyeti Ad\u0131yaman\u2019da \u0130sias Otel enkaz\u0131 \u00f6n\u00fcne siyah \u00e7elenk b\u0131rakt\u0131"}]},{"@type":"WebSite","@id":"https:\/\/kibrisdakik.com\/#website","url":"https:\/\/kibrisdakik.com\/","name":"","description":"Tam vaktinde haber","potentialAction":[{"@type":"SearchAction","target":{"@type":"EntryPoint","urlTemplate":"https:\/\/kibrisdakik.com\/?s={search_term_string}"},"query-input":{"@type":"PropertyValueSpecification","valueRequired":true,"valueName":"search_term_string"}}],"inLanguage":"tr"},{"@type":"Person","@id":"https:\/\/kibrisdakik.com\/#\/schema\/person\/9cd9d437bbb44f72b73ba127e06d8e79","name":"admin","image":{"@type":"ImageObject","inLanguage":"tr","@id":"https:\/\/secure.gravatar.com\/avatar\/ccc17943b9d660506c869530f897617f7cb1c21a4bf30023f252596d83e1f007?s=96&d=mm&r=g","url":"https:\/\/secure.gravatar.com\/avatar\/ccc17943b9d660506c869530f897617f7cb1c21a4bf30023f252596d83e1f007?s=96&d=mm&r=g","contentUrl":"https:\/\/secure.gravatar.com\/avatar\/ccc17943b9d660506c869530f897617f7cb1c21a4bf30023f252596d83e1f007?s=96&d=mm&r=g","caption":"admin"},"sameAs":["https:\/\/kibrisdakik.com"],"url":"https:\/\/kibrisdakik.com\/?author=1"}]}},"_links":{"self":[{"href":"https:\/\/kibrisdakik.com\/index.php?rest_route=\/wp\/v2\/posts\/4610","targetHints":{"allow":["GET"]}}],"collection":[{"href":"https:\/\/kibrisdakik.com\/index.php?rest_route=\/wp\/v2\/posts"}],"about":[{"href":"https:\/\/kibrisdakik.com\/index.php?rest_route=\/wp\/v2\/types\/post"}],"author":[{"embeddable":true,"href":"https:\/\/kibrisdakik.com\/index.php?rest_route=\/wp\/v2\/users\/1"}],"replies":[{"embeddable":true,"href":"https:\/\/kibrisdakik.com\/index.php?rest_route=%2Fwp%2Fv2%2Fcomments&post=4610"}],"version-history":[{"count":0,"href":"https:\/\/kibrisdakik.com\/index.php?rest_route=\/wp\/v2\/posts\/4610\/revisions"}],"wp:featuredmedia":[{"embeddable":true,"href":"https:\/\/kibrisdakik.com\/index.php?rest_route=\/wp\/v2\/media\/4611"}],"wp:attachment":[{"href":"https:\/\/kibrisdakik.com\/index.php?rest_route=%2Fwp%2Fv2%2Fmedia&parent=4610"}],"wp:term":[{"taxonomy":"category","embeddable":true,"href":"https:\/\/kibrisdakik.com\/index.php?rest_route=%2Fwp%2Fv2%2Fcategories&post=4610"},{"taxonomy":"post_tag","embeddable":true,"href":"https:\/\/kibrisdakik.com\/index.php?rest_route=%2Fwp%2Fv2%2Ftags&post=4610"}],"curies":[{"name":"wp","href":"https:\/\/api.w.org\/{rel}","templated":true}]}}