{"id":46299,"date":"2024-06-17T13:49:05","date_gmt":"2024-06-17T13:49:05","guid":{"rendered":"https:\/\/kibrisdakik.com\/index.php\/2024\/06\/17\/ustel-halkimizin-alim-gucunu-korumak-icin-kararli-adimlar-atmaya-devam-edecegiz\/"},"modified":"2024-06-17T13:49:05","modified_gmt":"2024-06-17T13:49:05","slug":"ustel-halkimizin-alim-gucunu-korumak-icin-kararli-adimlar-atmaya-devam-edecegiz","status":"publish","type":"post","link":"https:\/\/kibrisdakik.com\/?p=46299","title":{"rendered":"\u00dcstel ; \u201cHalk\u0131m\u0131z\u0131n al\u0131m g\u00fcc\u00fcn\u00fc korumak i\u00e7in kararl\u0131 ad\u0131mlar atmaya devam edece\u011fiz\u201d"},"content":{"rendered":"<p><\/p>\n<p style=\"text-align:left\"><span style=\"font-size:16px\"><span style=\"font-family:Merriweather,serif !important\"><span style=\"color:#000000\"><span style=\"background-color:#ffffff\">Ulusal Birlik Partisi (UBP) Genel Ba\u015fkan\u0131 ve Ba\u015fbakan \u00dcnal \u00dcstel, Gazima\u011fusa ile \u0130skele\u2019de partililer ve halkla bayramla\u015ft\u0131. \u00dcstel, h\u00fck\u00fcmet olarak halk\u0131n al\u0131m g\u00fcc\u00fcn\u00fc korumak i\u00e7in kararl\u0131 ad\u0131mlar atmaya devam edeceklerini vurgulad\u0131.<\/span><\/span><\/span><\/span><\/p>\n<p style=\"text-align:left\"><span style=\"font-size:16px\"><span style=\"font-family:Merriweather,serif !important\"><span style=\"color:#000000\"><span style=\"background-color:#ffffff\"><img decoding=\"async\" alt=\"\" src=\"https:\/\/www.kibristurk.com\/images\/detay\/6(1).png\" style=\"height:370px;width:710px\" \/><\/span><\/span><\/span><\/span><\/p>\n<p style=\"text-align:left\"><span style=\"font-size:16px\"><span style=\"font-family:Merriweather,serif !important\"><span style=\"color:#000000\"><span style=\"background-color:#ffffff\"><span style=\"font-size:16px !important\"><span style=\"font-family:Merriweather,serif !important\"><span style=\"color:#000000 !important\">UBP Bas\u0131n B\u00fcrosundan verilen bilgiye g\u00f6re, Gazima\u011fusa daha sonra da \u0130skele \u0130l\u00e7e Binas\u0131nda yer alan bayramla\u015fmada, \u00dcnal \u00dcstel&#8217;e e\u015fi Zerrin \u00dcstel, UBP Genel Sekreteri O\u011fuzhan Hasipo\u011flu, \u0130\u00e7i\u015fleri Bakan\u0131 Dursun O\u011fuz, Milli E\u011fitim Bakan\u0131 Naz\u0131m \u00c7avu\u015fo\u011flu, Sa\u011fl\u0131k Bakan\u0131 Hakan Din\u00e7y\u00fcrek, \u00c7al\u0131\u015fma ve Sosyal G\u00fcvenlik Bakan\u0131 Sad\u0131k Gardiyano\u011flu, Tar\u0131m ve Do\u011fal Kaynaklar Bakan\u0131 H\u00fcseyin \u00c7avu\u015f, UBP Gazima\u011fusa \u0130l\u00e7e Ba\u015fkan\u0131 Nahit \u00d6nc\u00fc ve milletvekilleri e\u015flik etti.<\/span><\/span><\/span><\/span><\/span><\/span><\/span><\/p>\n<p style=\"text-align:left\"><span style=\"font-size:16px\"><span style=\"font-family:Merriweather,serif !important\"><span style=\"color:#000000\"><span style=\"background-color:#ffffff\"><span style=\"font-size:16px !important\"><span style=\"font-family:Merriweather,serif !important\"><span style=\"color:#000000 !important\">UBP Genel Ba\u015fkan\u0131 ve Ba\u015fbakan \u00dcnal \u00dcstel, bayramla\u015fmaya kat\u0131lan ve kendilerine g\u00f6sterilen ilgiye te\u015fekk\u00fcr etti. UBP\u2019nin birlik ve b\u00fct\u00fcnl\u00fc\u011f\u00fcn\u00fcn, g\u00f6n\u00fcl birli\u011finin her etkinlikte ortaya konulmas\u0131n\u0131n, kendilerine g\u00fc\u00e7 katt\u0131\u011f\u0131n\u0131 vurgulayan \u00dcstel, yakalad\u0131klar\u0131 istikrar\u0131 s\u00fcrd\u00fcreceklerini s\u00f6yledi.<\/span><\/span><\/span><\/span><\/span><\/span><\/span><\/p>\n<p style=\"text-align:left\"><span style=\"font-size:16px\"><span style=\"font-family:Merriweather,serif !important\"><span style=\"color:#000000\"><span style=\"background-color:#ffffff\"><span style=\"font-size:16px !important\"><span style=\"font-family:Merriweather,serif !important\"><span style=\"color:#000000 !important\">Gerek b\u00f6lgesel ziyaretlerde, gerekse de sosyal medyada, hemen her kesimin ithal et karar\u0131n\u0131 takdir ettiklerini s\u00f6ylemesinden b\u00fcy\u00fck mutluluk duyduklar\u0131n\u0131 ifade eden \u00dcstel, \u015f\u00f6yle konu\u015ftu:<\/span><\/span><\/span><\/span><\/span><\/span><\/span><\/p>\n<p style=\"text-align:left\"><span style=\"font-size:16px\"><span style=\"font-family:Merriweather,serif !important\"><span style=\"color:#000000\"><span style=\"background-color:#ffffff\"><span style=\"font-size:16px !important\"><span style=\"font-family:Merriweather,serif !important\"><span style=\"color:#000000 !important\">\u201cYerel y\u00f6netim reformunda oldu\u011fu gibi ithal et karar\u0131yla da daha uygulamaya girmeden pek \u00e7ok ele\u015ftiri gelmi\u015fti. Biz kararl\u0131 durduk reformu ger\u00e7ekle\u015ftirdik. \u015eimdi halk\u0131m\u0131z\u0131n al\u0131m g\u00fcc\u00fcn\u00fc ayakta tutmak i\u00e7in ithal et karar\u0131n\u0131 ald\u0131k. Sonu\u00e7ta, halk\u0131m\u0131z kaliteli ve daha ucuz et imkan\u0131na eri\u015fmi\u015f oldu. Herkesin memnuniyetini g\u00f6r\u00fcyoruz. Partimizden, halk\u0131m\u0131zdan ald\u0131\u011f\u0131m\u0131z g\u00fc\u00e7le, istikrar ve kararl\u0131l\u0131kla yolumuza devam edece\u011fiz. Halk\u0131m\u0131z\u0131n al\u0131m g\u00fcc\u00fcn\u00fc korumak ad\u0131na gerekli ad\u0131mlar\u0131 atmaya devam edece\u011fiz.\u201d<\/span><\/span><\/span><\/span><\/span><\/span><\/span><\/p>\n","protected":false},"excerpt":{"rendered":"<p>Ulusal Birlik Partisi (UBP) Genel Ba\u015fkan\u0131 ve Ba\u015fbakan \u00dcnal \u00dcstel, Gazima\u011fusa ile \u0130skele\u2019de partililer ve halkla bayramla\u015ft\u0131. \u00dcstel, h\u00fck\u00fcmet olarak halk\u0131n al\u0131m g\u00fcc\u00fcn\u00fc korumak i\u00e7in kararl\u0131 ad\u0131mlar atmaya devam edeceklerini vurgulad\u0131. UBP Bas\u0131n B\u00fcrosundan verilen bilgiye g\u00f6re, Gazima\u011fusa daha sonra da \u0130skele \u0130l\u00e7e Binas\u0131nda yer alan bayramla\u015fmada, \u00dcnal \u00dcstel&#8217;e e\u015fi Zerrin \u00dcstel, UBP Genel Sekreteri<\/p>\n","protected":false},"author":1,"featured_media":46300,"comment_status":"open","ping_status":"open","sticky":false,"template":"","format":"standard","meta":{"footnotes":""},"categories":[79],"tags":[],"class_list":["post-46299","post","type-post","status-publish","format-standard","has-post-thumbnail","hentry","category-ekonomi"],"yoast_head":"<!-- This site is optimized with the Yoast SEO plugin v27.4 - https:\/\/yoast.com\/product\/yoast-seo-wordpress\/ -->\n<title>\u00dcstel ; \u201cHalk\u0131m\u0131z\u0131n al\u0131m g\u00fcc\u00fcn\u00fc korumak i\u00e7in kararl\u0131 ad\u0131mlar atmaya devam edece\u011fiz\u201d -<\/title>\n<meta name=\"robots\" content=\"index, follow, max-snippet:-1, max-image-preview:large, max-video-preview:-1\" \/>\n<link rel=\"canonical\" href=\"https:\/\/kibrisdakik.com\/?p=46299\" \/>\n<meta property=\"og:locale\" content=\"tr_TR\" \/>\n<meta property=\"og:type\" content=\"article\" \/>\n<meta property=\"og:title\" content=\"\u00dcstel ; \u201cHalk\u0131m\u0131z\u0131n al\u0131m g\u00fcc\u00fcn\u00fc korumak i\u00e7in kararl\u0131 ad\u0131mlar atmaya devam edece\u011fiz\u201d -\" \/>\n<meta property=\"og:description\" content=\"Ulusal Birlik Partisi (UBP) Genel Ba\u015fkan\u0131 ve Ba\u015fbakan \u00dcnal \u00dcstel, Gazima\u011fusa ile \u0130skele\u2019de partililer ve halkla bayramla\u015ft\u0131. \u00dcstel, h\u00fck\u00fcmet olarak halk\u0131n al\u0131m g\u00fcc\u00fcn\u00fc korumak i\u00e7in kararl\u0131 ad\u0131mlar atmaya devam edeceklerini vurgulad\u0131. UBP Bas\u0131n B\u00fcrosundan verilen bilgiye g\u00f6re, Gazima\u011fusa daha sonra da \u0130skele \u0130l\u00e7e Binas\u0131nda yer alan bayramla\u015fmada, \u00dcnal \u00dcstel&#8217;e e\u015fi Zerrin \u00dcstel, UBP Genel Sekreteri\" \/>\n<meta property=\"og:url\" content=\"https:\/\/kibrisdakik.com\/?p=46299\" \/>\n<meta property=\"article:published_time\" content=\"2024-06-17T13:49:05+00:00\" \/>\n<meta property=\"og:image\" content=\"https:\/\/kibrisdakik.com\/wp-content\/uploads\/2024\/06\/61.png\" \/>\n\t<meta property=\"og:image:width\" content=\"710\" \/>\n\t<meta property=\"og:image:height\" content=\"370\" \/>\n\t<meta property=\"og:image:type\" content=\"image\/png\" \/>\n<meta name=\"author\" content=\"admin\" \/>\n<meta name=\"twitter:card\" content=\"summary_large_image\" \/>\n<meta name=\"twitter:label1\" content=\"Yazan:\" \/>\n\t<meta name=\"twitter:data1\" content=\"admin\" \/>\n\t<meta name=\"twitter:label2\" content=\"Tahmini okuma s\u00fcresi\" \/>\n\t<meta name=\"twitter:data2\" content=\"2 dakika\" \/>\n<script type=\"application\/ld+json\" class=\"yoast-schema-graph\">{\"@context\":\"https:\\\/\\\/schema.org\",\"@graph\":[{\"@type\":\"Article\",\"@id\":\"https:\\\/\\\/kibrisdakik.com\\\/?p=46299#article\",\"isPartOf\":{\"@id\":\"https:\\\/\\\/kibrisdakik.com\\\/?p=46299\"},\"author\":{\"name\":\"admin\",\"@id\":\"https:\\\/\\\/kibrisdakik.com\\\/#\\\/schema\\\/person\\\/9cd9d437bbb44f72b73ba127e06d8e79\"},\"headline\":\"\u00dcstel ; \u201cHalk\u0131m\u0131z\u0131n al\u0131m g\u00fcc\u00fcn\u00fc korumak i\u00e7in kararl\u0131 ad\u0131mlar atmaya devam edece\u011fiz\u201d\",\"datePublished\":\"2024-06-17T13:49:05+00:00\",\"mainEntityOfPage\":{\"@id\":\"https:\\\/\\\/kibrisdakik.com\\\/?p=46299\"},\"wordCount\":350,\"commentCount\":0,\"image\":{\"@id\":\"https:\\\/\\\/kibrisdakik.com\\\/?p=46299#primaryimage\"},\"thumbnailUrl\":\"https:\\\/\\\/kibrisdakik.com\\\/wp-content\\\/uploads\\\/2024\\\/06\\\/61.png\",\"articleSection\":[\"Ekonomi\"],\"inLanguage\":\"tr\",\"potentialAction\":[{\"@type\":\"CommentAction\",\"name\":\"Comment\",\"target\":[\"https:\\\/\\\/kibrisdakik.com\\\/?p=46299#respond\"]}]},{\"@type\":\"WebPage\",\"@id\":\"https:\\\/\\\/kibrisdakik.com\\\/?p=46299\",\"url\":\"https:\\\/\\\/kibrisdakik.com\\\/?p=46299\",\"name\":\"\u00dcstel ; \u201cHalk\u0131m\u0131z\u0131n al\u0131m g\u00fcc\u00fcn\u00fc korumak i\u00e7in kararl\u0131 ad\u0131mlar atmaya devam edece\u011fiz\u201d -\",\"isPartOf\":{\"@id\":\"https:\\\/\\\/kibrisdakik.com\\\/#website\"},\"primaryImageOfPage\":{\"@id\":\"https:\\\/\\\/kibrisdakik.com\\\/?p=46299#primaryimage\"},\"image\":{\"@id\":\"https:\\\/\\\/kibrisdakik.com\\\/?p=46299#primaryimage\"},\"thumbnailUrl\":\"https:\\\/\\\/kibrisdakik.com\\\/wp-content\\\/uploads\\\/2024\\\/06\\\/61.png\",\"datePublished\":\"2024-06-17T13:49:05+00:00\",\"author\":{\"@id\":\"https:\\\/\\\/kibrisdakik.com\\\/#\\\/schema\\\/person\\\/9cd9d437bbb44f72b73ba127e06d8e79\"},\"breadcrumb\":{\"@id\":\"https:\\\/\\\/kibrisdakik.com\\\/?p=46299#breadcrumb\"},\"inLanguage\":\"tr\",\"potentialAction\":[{\"@type\":\"ReadAction\",\"target\":[\"https:\\\/\\\/kibrisdakik.com\\\/?p=46299\"]}]},{\"@type\":\"ImageObject\",\"inLanguage\":\"tr\",\"@id\":\"https:\\\/\\\/kibrisdakik.com\\\/?p=46299#primaryimage\",\"url\":\"https:\\\/\\\/kibrisdakik.com\\\/wp-content\\\/uploads\\\/2024\\\/06\\\/61.png\",\"contentUrl\":\"https:\\\/\\\/kibrisdakik.com\\\/wp-content\\\/uploads\\\/2024\\\/06\\\/61.png\",\"width\":710,\"height\":370},{\"@type\":\"BreadcrumbList\",\"@id\":\"https:\\\/\\\/kibrisdakik.com\\\/?p=46299#breadcrumb\",\"itemListElement\":[{\"@type\":\"ListItem\",\"position\":1,\"name\":\"Home\",\"item\":\"https:\\\/\\\/kibrisdakik.com\\\/\"},{\"@type\":\"ListItem\",\"position\":2,\"name\":\"\u00dcstel ; \u201cHalk\u0131m\u0131z\u0131n al\u0131m g\u00fcc\u00fcn\u00fc korumak i\u00e7in kararl\u0131 ad\u0131mlar atmaya devam edece\u011fiz\u201d\"}]},{\"@type\":\"WebSite\",\"@id\":\"https:\\\/\\\/kibrisdakik.com\\\/#website\",\"url\":\"https:\\\/\\\/kibrisdakik.com\\\/\",\"name\":\"\",\"description\":\"Tam vaktinde haber\",\"potentialAction\":[{\"@type\":\"SearchAction\",\"target\":{\"@type\":\"EntryPoint\",\"urlTemplate\":\"https:\\\/\\\/kibrisdakik.com\\\/?s={search_term_string}\"},\"query-input\":{\"@type\":\"PropertyValueSpecification\",\"valueRequired\":true,\"valueName\":\"search_term_string\"}}],\"inLanguage\":\"tr\"},{\"@type\":\"Person\",\"@id\":\"https:\\\/\\\/kibrisdakik.com\\\/#\\\/schema\\\/person\\\/9cd9d437bbb44f72b73ba127e06d8e79\",\"name\":\"admin\",\"image\":{\"@type\":\"ImageObject\",\"inLanguage\":\"tr\",\"@id\":\"https:\\\/\\\/secure.gravatar.com\\\/avatar\\\/ccc17943b9d660506c869530f897617f7cb1c21a4bf30023f252596d83e1f007?s=96&d=mm&r=g\",\"url\":\"https:\\\/\\\/secure.gravatar.com\\\/avatar\\\/ccc17943b9d660506c869530f897617f7cb1c21a4bf30023f252596d83e1f007?s=96&d=mm&r=g\",\"contentUrl\":\"https:\\\/\\\/secure.gravatar.com\\\/avatar\\\/ccc17943b9d660506c869530f897617f7cb1c21a4bf30023f252596d83e1f007?s=96&d=mm&r=g\",\"caption\":\"admin\"},\"sameAs\":[\"https:\\\/\\\/kibrisdakik.com\"],\"url\":\"https:\\\/\\\/kibrisdakik.com\\\/?author=1\"}]}<\/script>\n<!-- \/ Yoast SEO plugin. -->","yoast_head_json":{"title":"\u00dcstel ; \u201cHalk\u0131m\u0131z\u0131n al\u0131m g\u00fcc\u00fcn\u00fc korumak i\u00e7in kararl\u0131 ad\u0131mlar atmaya devam edece\u011fiz\u201d -","robots":{"index":"index","follow":"follow","max-snippet":"max-snippet:-1","max-image-preview":"max-image-preview:large","max-video-preview":"max-video-preview:-1"},"canonical":"https:\/\/kibrisdakik.com\/?p=46299","og_locale":"tr_TR","og_type":"article","og_title":"\u00dcstel ; \u201cHalk\u0131m\u0131z\u0131n al\u0131m g\u00fcc\u00fcn\u00fc korumak i\u00e7in kararl\u0131 ad\u0131mlar atmaya devam edece\u011fiz\u201d -","og_description":"Ulusal Birlik Partisi (UBP) Genel Ba\u015fkan\u0131 ve Ba\u015fbakan \u00dcnal \u00dcstel, Gazima\u011fusa ile \u0130skele\u2019de partililer ve halkla bayramla\u015ft\u0131. \u00dcstel, h\u00fck\u00fcmet olarak halk\u0131n al\u0131m g\u00fcc\u00fcn\u00fc korumak i\u00e7in kararl\u0131 ad\u0131mlar atmaya devam edeceklerini vurgulad\u0131. UBP Bas\u0131n B\u00fcrosundan verilen bilgiye g\u00f6re, Gazima\u011fusa daha sonra da \u0130skele \u0130l\u00e7e Binas\u0131nda yer alan bayramla\u015fmada, \u00dcnal \u00dcstel&#8217;e e\u015fi Zerrin \u00dcstel, UBP Genel Sekreteri","og_url":"https:\/\/kibrisdakik.com\/?p=46299","article_published_time":"2024-06-17T13:49:05+00:00","og_image":[{"width":710,"height":370,"url":"https:\/\/kibrisdakik.com\/wp-content\/uploads\/2024\/06\/61.png","type":"image\/png"}],"author":"admin","twitter_card":"summary_large_image","twitter_misc":{"Yazan:":"admin","Tahmini okuma s\u00fcresi":"2 dakika"},"schema":{"@context":"https:\/\/schema.org","@graph":[{"@type":"Article","@id":"https:\/\/kibrisdakik.com\/?p=46299#article","isPartOf":{"@id":"https:\/\/kibrisdakik.com\/?p=46299"},"author":{"name":"admin","@id":"https:\/\/kibrisdakik.com\/#\/schema\/person\/9cd9d437bbb44f72b73ba127e06d8e79"},"headline":"\u00dcstel ; \u201cHalk\u0131m\u0131z\u0131n al\u0131m g\u00fcc\u00fcn\u00fc korumak i\u00e7in kararl\u0131 ad\u0131mlar atmaya devam edece\u011fiz\u201d","datePublished":"2024-06-17T13:49:05+00:00","mainEntityOfPage":{"@id":"https:\/\/kibrisdakik.com\/?p=46299"},"wordCount":350,"commentCount":0,"image":{"@id":"https:\/\/kibrisdakik.com\/?p=46299#primaryimage"},"thumbnailUrl":"https:\/\/kibrisdakik.com\/wp-content\/uploads\/2024\/06\/61.png","articleSection":["Ekonomi"],"inLanguage":"tr","potentialAction":[{"@type":"CommentAction","name":"Comment","target":["https:\/\/kibrisdakik.com\/?p=46299#respond"]}]},{"@type":"WebPage","@id":"https:\/\/kibrisdakik.com\/?p=46299","url":"https:\/\/kibrisdakik.com\/?p=46299","name":"\u00dcstel ; \u201cHalk\u0131m\u0131z\u0131n al\u0131m g\u00fcc\u00fcn\u00fc korumak i\u00e7in kararl\u0131 ad\u0131mlar atmaya devam edece\u011fiz\u201d -","isPartOf":{"@id":"https:\/\/kibrisdakik.com\/#website"},"primaryImageOfPage":{"@id":"https:\/\/kibrisdakik.com\/?p=46299#primaryimage"},"image":{"@id":"https:\/\/kibrisdakik.com\/?p=46299#primaryimage"},"thumbnailUrl":"https:\/\/kibrisdakik.com\/wp-content\/uploads\/2024\/06\/61.png","datePublished":"2024-06-17T13:49:05+00:00","author":{"@id":"https:\/\/kibrisdakik.com\/#\/schema\/person\/9cd9d437bbb44f72b73ba127e06d8e79"},"breadcrumb":{"@id":"https:\/\/kibrisdakik.com\/?p=46299#breadcrumb"},"inLanguage":"tr","potentialAction":[{"@type":"ReadAction","target":["https:\/\/kibrisdakik.com\/?p=46299"]}]},{"@type":"ImageObject","inLanguage":"tr","@id":"https:\/\/kibrisdakik.com\/?p=46299#primaryimage","url":"https:\/\/kibrisdakik.com\/wp-content\/uploads\/2024\/06\/61.png","contentUrl":"https:\/\/kibrisdakik.com\/wp-content\/uploads\/2024\/06\/61.png","width":710,"height":370},{"@type":"BreadcrumbList","@id":"https:\/\/kibrisdakik.com\/?p=46299#breadcrumb","itemListElement":[{"@type":"ListItem","position":1,"name":"Home","item":"https:\/\/kibrisdakik.com\/"},{"@type":"ListItem","position":2,"name":"\u00dcstel ; \u201cHalk\u0131m\u0131z\u0131n al\u0131m g\u00fcc\u00fcn\u00fc korumak i\u00e7in kararl\u0131 ad\u0131mlar atmaya devam edece\u011fiz\u201d"}]},{"@type":"WebSite","@id":"https:\/\/kibrisdakik.com\/#website","url":"https:\/\/kibrisdakik.com\/","name":"","description":"Tam vaktinde haber","potentialAction":[{"@type":"SearchAction","target":{"@type":"EntryPoint","urlTemplate":"https:\/\/kibrisdakik.com\/?s={search_term_string}"},"query-input":{"@type":"PropertyValueSpecification","valueRequired":true,"valueName":"search_term_string"}}],"inLanguage":"tr"},{"@type":"Person","@id":"https:\/\/kibrisdakik.com\/#\/schema\/person\/9cd9d437bbb44f72b73ba127e06d8e79","name":"admin","image":{"@type":"ImageObject","inLanguage":"tr","@id":"https:\/\/secure.gravatar.com\/avatar\/ccc17943b9d660506c869530f897617f7cb1c21a4bf30023f252596d83e1f007?s=96&d=mm&r=g","url":"https:\/\/secure.gravatar.com\/avatar\/ccc17943b9d660506c869530f897617f7cb1c21a4bf30023f252596d83e1f007?s=96&d=mm&r=g","contentUrl":"https:\/\/secure.gravatar.com\/avatar\/ccc17943b9d660506c869530f897617f7cb1c21a4bf30023f252596d83e1f007?s=96&d=mm&r=g","caption":"admin"},"sameAs":["https:\/\/kibrisdakik.com"],"url":"https:\/\/kibrisdakik.com\/?author=1"}]}},"_links":{"self":[{"href":"https:\/\/kibrisdakik.com\/index.php?rest_route=\/wp\/v2\/posts\/46299","targetHints":{"allow":["GET"]}}],"collection":[{"href":"https:\/\/kibrisdakik.com\/index.php?rest_route=\/wp\/v2\/posts"}],"about":[{"href":"https:\/\/kibrisdakik.com\/index.php?rest_route=\/wp\/v2\/types\/post"}],"author":[{"embeddable":true,"href":"https:\/\/kibrisdakik.com\/index.php?rest_route=\/wp\/v2\/users\/1"}],"replies":[{"embeddable":true,"href":"https:\/\/kibrisdakik.com\/index.php?rest_route=%2Fwp%2Fv2%2Fcomments&post=46299"}],"version-history":[{"count":0,"href":"https:\/\/kibrisdakik.com\/index.php?rest_route=\/wp\/v2\/posts\/46299\/revisions"}],"wp:featuredmedia":[{"embeddable":true,"href":"https:\/\/kibrisdakik.com\/index.php?rest_route=\/wp\/v2\/media\/46300"}],"wp:attachment":[{"href":"https:\/\/kibrisdakik.com\/index.php?rest_route=%2Fwp%2Fv2%2Fmedia&parent=46299"}],"wp:term":[{"taxonomy":"category","embeddable":true,"href":"https:\/\/kibrisdakik.com\/index.php?rest_route=%2Fwp%2Fv2%2Fcategories&post=46299"},{"taxonomy":"post_tag","embeddable":true,"href":"https:\/\/kibrisdakik.com\/index.php?rest_route=%2Fwp%2Fv2%2Ftags&post=46299"}],"curies":[{"name":"wp","href":"https:\/\/api.w.org\/{rel}","templated":true}]}}