{"id":46378,"date":"2024-06-18T09:14:48","date_gmt":"2024-06-18T09:14:48","guid":{"rendered":"https:\/\/kibrisdakik.com\/index.php\/2024\/06\/18\/ustel-20-temmuzu-gorkemli-etkinliklerle-kutlayacagiz-2\/"},"modified":"2024-06-18T09:14:48","modified_gmt":"2024-06-18T09:14:48","slug":"ustel-20-temmuzu-gorkemli-etkinliklerle-kutlayacagiz-2","status":"publish","type":"post","link":"https:\/\/kibrisdakik.com\/?p=46378","title":{"rendered":"\u00dcstel: \u201c20 Temmuz\u2019u g\u00f6rkemli etkinliklerle kutlayaca\u011f\u0131z\u201d"},"content":{"rendered":"<p><\/p>\n<div>\n<div class=\"mariselle-image-container center\">\n                <img loading=\"lazy\" decoding=\"async\" width=\"2000\" height=\"1126\" class=\"lazy-image\" alt=\"\" sizes=\"auto, (max-width: 2000px) 100vw, 2000px\" src=\"https:\/\/brtk.net\/wp-content\/uploads\/2024\/06\/17\/img-20240617-wa0003.jpg?ver=ac5d9dadf844fbec241c1bb621353725\" srcset=\"https:\/\/brtk.net\/wp-content\/uploads\/2024\/06\/17\/img-20240617-wa0003.jpg?ver=ac5d9dadf844fbec241c1bb621353725 2000w, https:\/\/brtk.net\/wp-content\/uploads\/2024\/06\/17\/img-20240617-wa0003-300x169.jpg?ver=b471ccc779ab782308c30609d9aed8b5 300w, https:\/\/brtk.net\/wp-content\/uploads\/2024\/06\/17\/img-20240617-wa0003-1024x577.jpg?ver=b471ccc779ab782308c30609d9aed8b5 1024w, https:\/\/brtk.net\/wp-content\/uploads\/2024\/06\/17\/img-20240617-wa0003-768x432.jpg?ver=b471ccc779ab782308c30609d9aed8b5 768w, https:\/\/brtk.net\/wp-content\/uploads\/2024\/06\/17\/img-20240617-wa0003-1536x865.jpg?ver=ea2c419a7b0214ae98d197f51d27cd58 1536w\"\/>                            <\/div>\n<p>\nBa\u015fbakan \u00dcnal \u00dcstel, bayram ziyaretleri kapsam\u0131nda, T\u00fcrk Bar\u0131\u015f Kuvvetleri Gaziler Derne\u011fi Gazima\u011fusa \u015eubesi\u2019ni ziyaret etti.<\/p>\n<p>Ziyarette Ba\u015fbakan \u00dcnal \u00dcstel\u2019in e\u015fi Zerrin \u00dcstel, Meclis Ba\u015fkan\u0131 Zorlu T\u00f6re, <a href=\"https:\/\/brtk.net\/\">UBP<\/a> Genel Sekreteri O\u011fuzhan Hasipo\u011flu, \u0130\u00e7i\u015fleri Bakan\u0131 Dursun O\u011fuz, Milli E\u011fitim Bakan\u0131 Naz\u0131m \u00c7avu\u015fo\u011flu, Sa\u011fl\u0131k Bakan\u0131 Hakan Din\u00e7y\u00fcrek, \u00c7al\u0131\u015fma ve Sosyal G\u00fcvenlik Bakan\u0131 Sad\u0131k Gardiyano\u011flu, Tar\u0131m ve Do\u011fal Kaynaklar Bakan\u0131 H\u00fcseyin \u00c7avu\u015f ve baz\u0131 milletvekilleri de yer ald\u0131.<\/p>\n<p>Ba\u015fbakanl\u0131ktan yap\u0131lan a\u00e7\u0131klamaya g\u00f6re, Ba\u015fbakan \u00dcstel, ziyarette, gazilerin bayram\u0131n\u0131 kutlarken, \u015fehitleri de rahmetle and\u0131.<\/p>\n<p>20 Temmuz Mutlu Bar\u0131\u015f Harekat\u0131\u2019n\u0131n 50. y\u0131l\u0131n\u0131 g\u00f6rkemli t\u00f6renler ve etkinlikle kutlamaya haz\u0131rland\u0131klar\u0131n\u0131 belirten \u00dcstel, \u201cGe\u00e7mi\u015fimizi unutmayacak, \u015fehitlerimize, gazilerimize vefay\u0131 asla unutmayaca\u011f\u0131z. <a href=\"https:\/\/brtk.net\/\">KKTC<\/a> devleti, \u015fehitlerimizin ve gazilerimizin kan\u0131yla sulanarak kurulmu\u015ftur. Bizler devletimizi ya\u015fatmaya, d\u00fcnya ile kucakla\u015fmas\u0131n\u0131 sa\u011flamak i\u00e7in canla ba\u015fla \u00e7al\u0131\u015fmaya  devam edece\u011fiz\u201d dedi.<\/p>\n<p>T\u00fcrk Bar\u0131\u015f Kuvvetleri Gaziler Derne\u011fi<\/p>\n<p>Ba\u015fkan\u0131 Nusrettin Yuca ise Ba\u015fbakan \u00dcnal \u00dcstel\u2019e kendilerine  verdi\u011fi destekten dolay\u0131 te\u015fekk\u00fcrlerini sundu. <\/p>\n<p>Yuca, \u201cGazilerimiz, bu vatan i\u00e7in canlar\u0131n\u0131 ortaya koymu\u015f ve b\u00fcy\u00fck fedakarl\u0131klarda bulunmu\u015f kahramanlard\u0131r. Onlara g\u00f6stermi\u015f oldu\u011funuz ilgi ve alaka i\u00e7in bir kez daha te\u015fekk\u00fcr ederiz\u201d ifadelerini kulland\u0131.<\/p>\n<\/p><\/div>\n<p><script async\n                    defer\n                    crossorigin=\"anonymous\"\n                    src=\"https:\/\/connect.facebook.net\/tr_TR\/sdk.js#xfbml=1&#038;version=v3.3\"\n            ><\/script><\/p>\n","protected":false},"excerpt":{"rendered":"<p>Ba\u015fbakan \u00dcnal \u00dcstel, bayram ziyaretleri kapsam\u0131nda, T\u00fcrk Bar\u0131\u015f Kuvvetleri Gaziler Derne\u011fi Gazima\u011fusa \u015eubesi\u2019ni ziyaret etti. Ziyarette Ba\u015fbakan \u00dcnal \u00dcstel\u2019in e\u015fi Zerrin \u00dcstel, Meclis Ba\u015fkan\u0131 Zorlu T\u00f6re, UBP Genel Sekreteri O\u011fuzhan Hasipo\u011flu, \u0130\u00e7i\u015fleri Bakan\u0131 Dursun O\u011fuz, Milli E\u011fitim Bakan\u0131 Naz\u0131m \u00c7avu\u015fo\u011flu, Sa\u011fl\u0131k Bakan\u0131 Hakan Din\u00e7y\u00fcrek, \u00c7al\u0131\u015fma ve Sosyal G\u00fcvenlik Bakan\u0131 Sad\u0131k Gardiyano\u011flu, Tar\u0131m ve Do\u011fal Kaynaklar<\/p>\n","protected":false},"author":1,"featured_media":46379,"comment_status":"open","ping_status":"open","sticky":false,"template":"","format":"standard","meta":{"footnotes":""},"categories":[1],"tags":[],"class_list":["post-46378","post","type-post","status-publish","format-standard","has-post-thumbnail","hentry","category-gundem"],"yoast_head":"<!-- This site is optimized with the Yoast SEO plugin v27.5 - https:\/\/yoast.com\/product\/yoast-seo-wordpress\/ -->\n<title>\u00dcstel: \u201c20 Temmuz\u2019u g\u00f6rkemli etkinliklerle kutlayaca\u011f\u0131z\u201d -<\/title>\n<meta name=\"robots\" content=\"index, follow, max-snippet:-1, max-image-preview:large, max-video-preview:-1\" \/>\n<link rel=\"canonical\" href=\"https:\/\/kibrisdakik.com\/?p=46378\" \/>\n<meta property=\"og:locale\" content=\"tr_TR\" \/>\n<meta property=\"og:type\" content=\"article\" \/>\n<meta property=\"og:title\" content=\"\u00dcstel: \u201c20 Temmuz\u2019u g\u00f6rkemli etkinliklerle kutlayaca\u011f\u0131z\u201d -\" \/>\n<meta property=\"og:description\" content=\"Ba\u015fbakan \u00dcnal \u00dcstel, bayram ziyaretleri kapsam\u0131nda, T\u00fcrk Bar\u0131\u015f Kuvvetleri Gaziler Derne\u011fi Gazima\u011fusa \u015eubesi\u2019ni ziyaret etti. Ziyarette Ba\u015fbakan \u00dcnal \u00dcstel\u2019in e\u015fi Zerrin \u00dcstel, Meclis Ba\u015fkan\u0131 Zorlu T\u00f6re, UBP Genel Sekreteri O\u011fuzhan Hasipo\u011flu, \u0130\u00e7i\u015fleri Bakan\u0131 Dursun O\u011fuz, Milli E\u011fitim Bakan\u0131 Naz\u0131m \u00c7avu\u015fo\u011flu, Sa\u011fl\u0131k Bakan\u0131 Hakan Din\u00e7y\u00fcrek, \u00c7al\u0131\u015fma ve Sosyal G\u00fcvenlik Bakan\u0131 Sad\u0131k Gardiyano\u011flu, Tar\u0131m ve Do\u011fal Kaynaklar\" \/>\n<meta property=\"og:url\" content=\"https:\/\/kibrisdakik.com\/?p=46378\" \/>\n<meta property=\"article:published_time\" content=\"2024-06-18T09:14:48+00:00\" \/>\n<meta property=\"og:image\" content=\"https:\/\/kibrisdakik.com\/wp-content\/uploads\/2024\/06\/img-20240617-wa0003-740x420.jpg\" \/>\n\t<meta property=\"og:image:width\" content=\"2000\" \/>\n\t<meta property=\"og:image:height\" content=\"1126\" \/>\n\t<meta property=\"og:image:type\" content=\"image\/jpeg\" \/>\n<meta name=\"author\" content=\"admin\" \/>\n<meta name=\"twitter:card\" content=\"summary_large_image\" \/>\n<meta name=\"twitter:label1\" content=\"Yazan:\" \/>\n\t<meta name=\"twitter:data1\" content=\"admin\" \/>\n\t<meta name=\"twitter:label2\" content=\"Tahmini okuma s\u00fcresi\" \/>\n\t<meta name=\"twitter:data2\" content=\"1 dakika\" \/>\n<script type=\"application\/ld+json\" class=\"yoast-schema-graph\">{\"@context\":\"https:\\\/\\\/schema.org\",\"@graph\":[{\"@type\":\"Article\",\"@id\":\"https:\\\/\\\/kibrisdakik.com\\\/?p=46378#article\",\"isPartOf\":{\"@id\":\"https:\\\/\\\/kibrisdakik.com\\\/?p=46378\"},\"author\":{\"name\":\"admin\",\"@id\":\"https:\\\/\\\/kibrisdakik.com\\\/#\\\/schema\\\/person\\\/9cd9d437bbb44f72b73ba127e06d8e79\"},\"headline\":\"\u00dcstel: \u201c20 Temmuz\u2019u g\u00f6rkemli etkinliklerle kutlayaca\u011f\u0131z\u201d\",\"datePublished\":\"2024-06-18T09:14:48+00:00\",\"mainEntityOfPage\":{\"@id\":\"https:\\\/\\\/kibrisdakik.com\\\/?p=46378\"},\"wordCount\":252,\"commentCount\":0,\"image\":{\"@id\":\"https:\\\/\\\/kibrisdakik.com\\\/?p=46378#primaryimage\"},\"thumbnailUrl\":\"https:\\\/\\\/kibrisdakik.com\\\/wp-content\\\/uploads\\\/2024\\\/06\\\/img-20240617-wa0003-740x420.jpg\",\"articleSection\":[\"G\u00fcndem\"],\"inLanguage\":\"tr\",\"potentialAction\":[{\"@type\":\"CommentAction\",\"name\":\"Comment\",\"target\":[\"https:\\\/\\\/kibrisdakik.com\\\/?p=46378#respond\"]}]},{\"@type\":\"WebPage\",\"@id\":\"https:\\\/\\\/kibrisdakik.com\\\/?p=46378\",\"url\":\"https:\\\/\\\/kibrisdakik.com\\\/?p=46378\",\"name\":\"\u00dcstel: \u201c20 Temmuz\u2019u g\u00f6rkemli etkinliklerle kutlayaca\u011f\u0131z\u201d -\",\"isPartOf\":{\"@id\":\"https:\\\/\\\/kibrisdakik.com\\\/#website\"},\"primaryImageOfPage\":{\"@id\":\"https:\\\/\\\/kibrisdakik.com\\\/?p=46378#primaryimage\"},\"image\":{\"@id\":\"https:\\\/\\\/kibrisdakik.com\\\/?p=46378#primaryimage\"},\"thumbnailUrl\":\"https:\\\/\\\/kibrisdakik.com\\\/wp-content\\\/uploads\\\/2024\\\/06\\\/img-20240617-wa0003-740x420.jpg\",\"datePublished\":\"2024-06-18T09:14:48+00:00\",\"author\":{\"@id\":\"https:\\\/\\\/kibrisdakik.com\\\/#\\\/schema\\\/person\\\/9cd9d437bbb44f72b73ba127e06d8e79\"},\"breadcrumb\":{\"@id\":\"https:\\\/\\\/kibrisdakik.com\\\/?p=46378#breadcrumb\"},\"inLanguage\":\"tr\",\"potentialAction\":[{\"@type\":\"ReadAction\",\"target\":[\"https:\\\/\\\/kibrisdakik.com\\\/?p=46378\"]}]},{\"@type\":\"ImageObject\",\"inLanguage\":\"tr\",\"@id\":\"https:\\\/\\\/kibrisdakik.com\\\/?p=46378#primaryimage\",\"url\":\"https:\\\/\\\/kibrisdakik.com\\\/wp-content\\\/uploads\\\/2024\\\/06\\\/img-20240617-wa0003-740x420.jpg\",\"contentUrl\":\"https:\\\/\\\/kibrisdakik.com\\\/wp-content\\\/uploads\\\/2024\\\/06\\\/img-20240617-wa0003-740x420.jpg\",\"width\":2000,\"height\":1126},{\"@type\":\"BreadcrumbList\",\"@id\":\"https:\\\/\\\/kibrisdakik.com\\\/?p=46378#breadcrumb\",\"itemListElement\":[{\"@type\":\"ListItem\",\"position\":1,\"name\":\"Home\",\"item\":\"https:\\\/\\\/kibrisdakik.com\\\/\"},{\"@type\":\"ListItem\",\"position\":2,\"name\":\"\u00dcstel: \u201c20 Temmuz\u2019u g\u00f6rkemli etkinliklerle kutlayaca\u011f\u0131z\u201d\"}]},{\"@type\":\"WebSite\",\"@id\":\"https:\\\/\\\/kibrisdakik.com\\\/#website\",\"url\":\"https:\\\/\\\/kibrisdakik.com\\\/\",\"name\":\"\",\"description\":\"Tam vaktinde haber\",\"potentialAction\":[{\"@type\":\"SearchAction\",\"target\":{\"@type\":\"EntryPoint\",\"urlTemplate\":\"https:\\\/\\\/kibrisdakik.com\\\/?s={search_term_string}\"},\"query-input\":{\"@type\":\"PropertyValueSpecification\",\"valueRequired\":true,\"valueName\":\"search_term_string\"}}],\"inLanguage\":\"tr\"},{\"@type\":\"Person\",\"@id\":\"https:\\\/\\\/kibrisdakik.com\\\/#\\\/schema\\\/person\\\/9cd9d437bbb44f72b73ba127e06d8e79\",\"name\":\"admin\",\"image\":{\"@type\":\"ImageObject\",\"inLanguage\":\"tr\",\"@id\":\"https:\\\/\\\/secure.gravatar.com\\\/avatar\\\/ccc17943b9d660506c869530f897617f7cb1c21a4bf30023f252596d83e1f007?s=96&d=mm&r=g\",\"url\":\"https:\\\/\\\/secure.gravatar.com\\\/avatar\\\/ccc17943b9d660506c869530f897617f7cb1c21a4bf30023f252596d83e1f007?s=96&d=mm&r=g\",\"contentUrl\":\"https:\\\/\\\/secure.gravatar.com\\\/avatar\\\/ccc17943b9d660506c869530f897617f7cb1c21a4bf30023f252596d83e1f007?s=96&d=mm&r=g\",\"caption\":\"admin\"},\"sameAs\":[\"https:\\\/\\\/kibrisdakik.com\"],\"url\":\"https:\\\/\\\/kibrisdakik.com\\\/?author=1\"}]}<\/script>\n<!-- \/ Yoast SEO plugin. -->","yoast_head_json":{"title":"\u00dcstel: \u201c20 Temmuz\u2019u g\u00f6rkemli etkinliklerle kutlayaca\u011f\u0131z\u201d -","robots":{"index":"index","follow":"follow","max-snippet":"max-snippet:-1","max-image-preview":"max-image-preview:large","max-video-preview":"max-video-preview:-1"},"canonical":"https:\/\/kibrisdakik.com\/?p=46378","og_locale":"tr_TR","og_type":"article","og_title":"\u00dcstel: \u201c20 Temmuz\u2019u g\u00f6rkemli etkinliklerle kutlayaca\u011f\u0131z\u201d -","og_description":"Ba\u015fbakan \u00dcnal \u00dcstel, bayram ziyaretleri kapsam\u0131nda, T\u00fcrk Bar\u0131\u015f Kuvvetleri Gaziler Derne\u011fi Gazima\u011fusa \u015eubesi\u2019ni ziyaret etti. Ziyarette Ba\u015fbakan \u00dcnal \u00dcstel\u2019in e\u015fi Zerrin \u00dcstel, Meclis Ba\u015fkan\u0131 Zorlu T\u00f6re, UBP Genel Sekreteri O\u011fuzhan Hasipo\u011flu, \u0130\u00e7i\u015fleri Bakan\u0131 Dursun O\u011fuz, Milli E\u011fitim Bakan\u0131 Naz\u0131m \u00c7avu\u015fo\u011flu, Sa\u011fl\u0131k Bakan\u0131 Hakan Din\u00e7y\u00fcrek, \u00c7al\u0131\u015fma ve Sosyal G\u00fcvenlik Bakan\u0131 Sad\u0131k Gardiyano\u011flu, Tar\u0131m ve Do\u011fal Kaynaklar","og_url":"https:\/\/kibrisdakik.com\/?p=46378","article_published_time":"2024-06-18T09:14:48+00:00","og_image":[{"width":2000,"height":1126,"url":"https:\/\/kibrisdakik.com\/wp-content\/uploads\/2024\/06\/img-20240617-wa0003-740x420.jpg","type":"image\/jpeg"}],"author":"admin","twitter_card":"summary_large_image","twitter_misc":{"Yazan:":"admin","Tahmini okuma s\u00fcresi":"1 dakika"},"schema":{"@context":"https:\/\/schema.org","@graph":[{"@type":"Article","@id":"https:\/\/kibrisdakik.com\/?p=46378#article","isPartOf":{"@id":"https:\/\/kibrisdakik.com\/?p=46378"},"author":{"name":"admin","@id":"https:\/\/kibrisdakik.com\/#\/schema\/person\/9cd9d437bbb44f72b73ba127e06d8e79"},"headline":"\u00dcstel: \u201c20 Temmuz\u2019u g\u00f6rkemli etkinliklerle kutlayaca\u011f\u0131z\u201d","datePublished":"2024-06-18T09:14:48+00:00","mainEntityOfPage":{"@id":"https:\/\/kibrisdakik.com\/?p=46378"},"wordCount":252,"commentCount":0,"image":{"@id":"https:\/\/kibrisdakik.com\/?p=46378#primaryimage"},"thumbnailUrl":"https:\/\/kibrisdakik.com\/wp-content\/uploads\/2024\/06\/img-20240617-wa0003-740x420.jpg","articleSection":["G\u00fcndem"],"inLanguage":"tr","potentialAction":[{"@type":"CommentAction","name":"Comment","target":["https:\/\/kibrisdakik.com\/?p=46378#respond"]}]},{"@type":"WebPage","@id":"https:\/\/kibrisdakik.com\/?p=46378","url":"https:\/\/kibrisdakik.com\/?p=46378","name":"\u00dcstel: \u201c20 Temmuz\u2019u g\u00f6rkemli etkinliklerle kutlayaca\u011f\u0131z\u201d -","isPartOf":{"@id":"https:\/\/kibrisdakik.com\/#website"},"primaryImageOfPage":{"@id":"https:\/\/kibrisdakik.com\/?p=46378#primaryimage"},"image":{"@id":"https:\/\/kibrisdakik.com\/?p=46378#primaryimage"},"thumbnailUrl":"https:\/\/kibrisdakik.com\/wp-content\/uploads\/2024\/06\/img-20240617-wa0003-740x420.jpg","datePublished":"2024-06-18T09:14:48+00:00","author":{"@id":"https:\/\/kibrisdakik.com\/#\/schema\/person\/9cd9d437bbb44f72b73ba127e06d8e79"},"breadcrumb":{"@id":"https:\/\/kibrisdakik.com\/?p=46378#breadcrumb"},"inLanguage":"tr","potentialAction":[{"@type":"ReadAction","target":["https:\/\/kibrisdakik.com\/?p=46378"]}]},{"@type":"ImageObject","inLanguage":"tr","@id":"https:\/\/kibrisdakik.com\/?p=46378#primaryimage","url":"https:\/\/kibrisdakik.com\/wp-content\/uploads\/2024\/06\/img-20240617-wa0003-740x420.jpg","contentUrl":"https:\/\/kibrisdakik.com\/wp-content\/uploads\/2024\/06\/img-20240617-wa0003-740x420.jpg","width":2000,"height":1126},{"@type":"BreadcrumbList","@id":"https:\/\/kibrisdakik.com\/?p=46378#breadcrumb","itemListElement":[{"@type":"ListItem","position":1,"name":"Home","item":"https:\/\/kibrisdakik.com\/"},{"@type":"ListItem","position":2,"name":"\u00dcstel: \u201c20 Temmuz\u2019u g\u00f6rkemli etkinliklerle kutlayaca\u011f\u0131z\u201d"}]},{"@type":"WebSite","@id":"https:\/\/kibrisdakik.com\/#website","url":"https:\/\/kibrisdakik.com\/","name":"","description":"Tam vaktinde haber","potentialAction":[{"@type":"SearchAction","target":{"@type":"EntryPoint","urlTemplate":"https:\/\/kibrisdakik.com\/?s={search_term_string}"},"query-input":{"@type":"PropertyValueSpecification","valueRequired":true,"valueName":"search_term_string"}}],"inLanguage":"tr"},{"@type":"Person","@id":"https:\/\/kibrisdakik.com\/#\/schema\/person\/9cd9d437bbb44f72b73ba127e06d8e79","name":"admin","image":{"@type":"ImageObject","inLanguage":"tr","@id":"https:\/\/secure.gravatar.com\/avatar\/ccc17943b9d660506c869530f897617f7cb1c21a4bf30023f252596d83e1f007?s=96&d=mm&r=g","url":"https:\/\/secure.gravatar.com\/avatar\/ccc17943b9d660506c869530f897617f7cb1c21a4bf30023f252596d83e1f007?s=96&d=mm&r=g","contentUrl":"https:\/\/secure.gravatar.com\/avatar\/ccc17943b9d660506c869530f897617f7cb1c21a4bf30023f252596d83e1f007?s=96&d=mm&r=g","caption":"admin"},"sameAs":["https:\/\/kibrisdakik.com"],"url":"https:\/\/kibrisdakik.com\/?author=1"}]}},"_links":{"self":[{"href":"https:\/\/kibrisdakik.com\/index.php?rest_route=\/wp\/v2\/posts\/46378","targetHints":{"allow":["GET"]}}],"collection":[{"href":"https:\/\/kibrisdakik.com\/index.php?rest_route=\/wp\/v2\/posts"}],"about":[{"href":"https:\/\/kibrisdakik.com\/index.php?rest_route=\/wp\/v2\/types\/post"}],"author":[{"embeddable":true,"href":"https:\/\/kibrisdakik.com\/index.php?rest_route=\/wp\/v2\/users\/1"}],"replies":[{"embeddable":true,"href":"https:\/\/kibrisdakik.com\/index.php?rest_route=%2Fwp%2Fv2%2Fcomments&post=46378"}],"version-history":[{"count":0,"href":"https:\/\/kibrisdakik.com\/index.php?rest_route=\/wp\/v2\/posts\/46378\/revisions"}],"wp:featuredmedia":[{"embeddable":true,"href":"https:\/\/kibrisdakik.com\/index.php?rest_route=\/wp\/v2\/media\/46379"}],"wp:attachment":[{"href":"https:\/\/kibrisdakik.com\/index.php?rest_route=%2Fwp%2Fv2%2Fmedia&parent=46378"}],"wp:term":[{"taxonomy":"category","embeddable":true,"href":"https:\/\/kibrisdakik.com\/index.php?rest_route=%2Fwp%2Fv2%2Fcategories&post=46378"},{"taxonomy":"post_tag","embeddable":true,"href":"https:\/\/kibrisdakik.com\/index.php?rest_route=%2Fwp%2Fv2%2Ftags&post=46378"}],"curies":[{"name":"wp","href":"https:\/\/api.w.org\/{rel}","templated":true}]}}