{"id":4641,"date":"2023-04-05T17:53:13","date_gmt":"2023-04-05T17:53:13","guid":{"rendered":"https:\/\/kibrisdakik.com\/index.php\/2023\/04\/05\/kktc-azerbaycandan-daha-fazla-turist-agirlamak-istiyor\/"},"modified":"2023-04-05T17:53:13","modified_gmt":"2023-04-05T17:53:13","slug":"kktc-azerbaycandan-daha-fazla-turist-agirlamak-istiyor","status":"publish","type":"post","link":"https:\/\/kibrisdakik.com\/?p=4641","title":{"rendered":"KKTC, Azerbaycan\u2019dan daha fazla turist a\u011f\u0131rlamak istiyor"},"content":{"rendered":"<p><\/p>\n<div>\n<div class=\"mariselle-image-container center\">\n                <img width=\"1857\" height=\"740\" class=\"lazy-image\" alt=\"\" decoding=\"async\" loading=\"lazy\" sizes=\"auto, (max-width: 1857px) 100vw, 1857px\" src=\"https:\/\/brtk.net\/wp-content\/uploads\/2023\/04\/05\/serhat-aktunc.jpg?ver=7bcc06362c234f2fc51e74464bc54be9\" srcset=\"https:\/\/brtk.net\/wp-content\/uploads\/2023\/04\/05\/serhat-aktunc.jpg?ver=7bcc06362c234f2fc51e74464bc54be9 1857w, https:\/\/brtk.net\/wp-content\/uploads\/2023\/04\/05\/serhat-aktunc-300x120.jpg?ver=7bcc06362c234f2fc51e74464bc54be9 300w, https:\/\/brtk.net\/wp-content\/uploads\/2023\/04\/05\/serhat-aktunc-1024x408.jpg?ver=7bcc06362c234f2fc51e74464bc54be9 1024w, https:\/\/brtk.net\/wp-content\/uploads\/2023\/04\/05\/serhat-aktunc-768x306.jpg?ver=b2e20e1666507d37a312ca6819f4a768 768w, https:\/\/brtk.net\/wp-content\/uploads\/2023\/04\/05\/serhat-aktunc-1536x612.jpg?ver=b2e20e1666507d37a312ca6819f4a768 1536w\"\/>                            <\/div>\n<p> Turizm ve \u00c7evre Bakanl\u0131\u011f\u0131 M\u00fcste\u015far\u0131 Serhan Aktun\u00e7, 2022\u2019de <a href=\"https:\/\/brtk.net\/\"\/><a href=\"https:\/\/brtk.net\/\"\/><a href=\"https:\/\/brtk.net\/\"\/><a href=\"https:\/\/brtk.net\/\"\/><a href=\"https:\/\/brtk.net\/\"\/><a href=\"https:\/\/brtk.net\/\"\/><a href=\"https:\/\/brtk.net\/\"\/><a href=\"https:\/\/brtk.net\/\"\/><a href=\"https:\/\/brtk.net\/\">KKTC<\/a>\u2018ye Azerbaycan\u2019dan 5 bin turist geldi\u011fini belirterek, \u201cBu rakam\u0131n aram\u0131zdaki g\u00f6n\u00fcl ba\u011f\u0131na, \u2018\u00fc\u00e7 devlet, tek millet\u2019 mant\u0131\u011f\u0131na uygun olmad\u0131\u011f\u0131n\u0131 d\u00fc\u015f\u00fcn\u00fcyorum.\u201d dedi.<\/p>\n<p> 19. Uluslararas\u0131 Turizm ve Seyahat Fuar\u0131\u2019na (A\u0130TF 2023) kat\u0131lmak i\u00e7in geldi\u011fi Azerbaycan\u2019da bas\u0131n toplant\u0131s\u0131 d\u00fczenleyen Aktun\u00e7, iki \u00fclke ili\u015fkilerinin daha yukar\u0131 \u00e7ekilmesinin, \u00f6zellikle Azerbaycan halk\u0131n\u0131n <a href=\"https:\/\/brtk.net\/\"\/><a href=\"https:\/\/brtk.net\/\"\/><a href=\"https:\/\/brtk.net\/\"\/><a href=\"https:\/\/brtk.net\/\"\/><a href=\"https:\/\/brtk.net\/\"\/><a href=\"https:\/\/brtk.net\/\"\/><a href=\"https:\/\/brtk.net\/\"\/><a href=\"https:\/\/brtk.net\/\"\/><a href=\"https:\/\/brtk.net\/\">KKTC<\/a>\u2018yi daha fazla destekler hale gelmesinin kendilerini i\u00e7in \u00e7ok \u00f6nemli oldu\u011funu anlatt\u0131.<\/p>\n<p>Aktun\u00e7, \u201c2022\u2019de <a href=\"https:\/\/brtk.net\/\"\/><a href=\"https:\/\/brtk.net\/\"\/><a href=\"https:\/\/brtk.net\/\"\/><a href=\"https:\/\/brtk.net\/\"\/><a href=\"https:\/\/brtk.net\/\"\/><a href=\"https:\/\/brtk.net\/\"\/><a href=\"https:\/\/brtk.net\/\"\/><a href=\"https:\/\/brtk.net\/\"\/><a href=\"https:\/\/brtk.net\/\">KKTC<\/a>\u2018yi Azerbaycan\u2019dan 5 bin ki\u015fi ziyaret etti. Bu rakam\u0131n aram\u0131zdaki g\u00f6n\u00fcl ba\u011f\u0131na, \u2018\u00fc\u00e7 devlet, tek millet\u2019 mant\u0131\u011f\u0131na uygun olmad\u0131\u011f\u0131n\u0131 d\u00fc\u015f\u00fcn\u00fcyorum. O y\u00fczden cumhurba\u015fkanlar\u0131m\u0131z\u0131n da arkas\u0131nda durmas\u0131yla bu b\u00fcy\u00fck y\u00fcr\u00fcy\u00fc\u015f\u00fcn tekrardan ba\u015flamas\u0131 gerekiyor.\u201d dedi.<\/p>\n<p>Azerbaycan halk\u0131n\u0131n <a href=\"https:\/\/brtk.net\/\"\/><a href=\"https:\/\/brtk.net\/\"\/><a href=\"https:\/\/brtk.net\/\"\/><a href=\"https:\/\/brtk.net\/\"\/><a href=\"https:\/\/brtk.net\/\"\/><a href=\"https:\/\/brtk.net\/\"\/><a href=\"https:\/\/brtk.net\/\"\/><a href=\"https:\/\/brtk.net\/\"\/><a href=\"https:\/\/brtk.net\/\">KKTC<\/a> hakk\u0131nda bilgi sahibi oldu\u011funu vurgulayan Aktun\u00e7, \u201cHalklar\u0131n birbirine bu kadar g\u00f6n\u00fclden ba\u011fl\u0131 oldu\u011fu bir ortamda art\u0131k bizim ili\u015fkilerimizi ekonomik olarak da siyasi olarak da bir \u00fcst seviyeye \u00e7\u0131karmam\u0131z gerekiyor. 2023\u2019\u00fcn yeni bir hedef ve arzuyla, <a href=\"https:\/\/brtk.net\/\"\/><a href=\"https:\/\/brtk.net\/\"\/><a href=\"https:\/\/brtk.net\/\"\/><a href=\"https:\/\/brtk.net\/\"\/><a href=\"https:\/\/brtk.net\/\"\/><a href=\"https:\/\/brtk.net\/\"\/><a href=\"https:\/\/brtk.net\/\"\/><a href=\"https:\/\/brtk.net\/\"\/><a href=\"https:\/\/brtk.net\/\">KKTC<\/a> ile Azerbaycan aras\u0131nda hem turizm hem siyaset hem de ekonomik ili\u015fkiler a\u00e7\u0131s\u0131ndan yeni bir ba\u015flang\u0131\u00e7 y\u0131l\u0131 olmas\u0131n\u0131 diliyorum.\u201d de\u011ferlendirmesini yapt\u0131.<\/p>\n<p>Serhan Aktun\u00e7, <a href=\"https:\/\/brtk.net\/\"\/><a href=\"https:\/\/brtk.net\/\"\/><a href=\"https:\/\/brtk.net\/\"\/><a href=\"https:\/\/brtk.net\/\"\/><a href=\"https:\/\/brtk.net\/\"\/><a href=\"https:\/\/brtk.net\/\"\/><a href=\"https:\/\/brtk.net\/\"\/><a href=\"https:\/\/brtk.net\/\"\/><a href=\"https:\/\/brtk.net\/\">KKTC<\/a>\u2018nin olduk\u00e7a geni\u015f bir \u00fcr\u00fcn \u00e7e\u015fitlili\u011fine sahip oldu\u011funu hat\u0131rlatarak, \u015f\u00f6yle devam etti:<\/p>\n<p>\u201c<a href=\"https:\/\/brtk.net\/\"\/><a href=\"https:\/\/brtk.net\/\"\/><a href=\"https:\/\/brtk.net\/\"\/><a href=\"https:\/\/brtk.net\/\"\/><a href=\"https:\/\/brtk.net\/\"\/><a href=\"https:\/\/brtk.net\/\"\/><a href=\"https:\/\/brtk.net\/\"\/><a href=\"https:\/\/brtk.net\/\"\/><a href=\"https:\/\/brtk.net\/\">KKTC<\/a>\u2018de her kesime hitap edecek \u00fcr\u00fcnlerimiz var. \u00c7ok l\u00fcks otellerimiz de var, daha d\u00fc\u015f\u00fck b\u00fct\u00e7eli butik otellerimiz de var. Yeni bir havaliman\u0131 da kuruldu. \u00c7ar\u015famba g\u00fcnleri Bak\u00fc\u2019ye u\u00e7u\u015flar da olacak. 19 Nisan\u2019da Azerbaycan\u2019dan <a href=\"https:\/\/brtk.net\/\"\/><a href=\"https:\/\/brtk.net\/\"\/><a href=\"https:\/\/brtk.net\/\"\/><a href=\"https:\/\/brtk.net\/\"\/><a href=\"https:\/\/brtk.net\/\"\/><a href=\"https:\/\/brtk.net\/\"\/><a href=\"https:\/\/brtk.net\/\"\/><a href=\"https:\/\/brtk.net\/\"\/><a href=\"https:\/\/brtk.net\/\">KKTC<\/a>\u2018ye T\u00fcrkiye \u00fczerinden ekstra u\u00e7ak seferleri ba\u015flayacak ve fiyatlar\u0131 da daha makul olacak.\u201d<\/p>\n<p>Azerbaycan\u2019la <a href=\"https:\/\/brtk.net\/\"\/><a href=\"https:\/\/brtk.net\/\"\/><a href=\"https:\/\/brtk.net\/\"\/><a href=\"https:\/\/brtk.net\/\"\/><a href=\"https:\/\/brtk.net\/\"\/><a href=\"https:\/\/brtk.net\/\"\/><a href=\"https:\/\/brtk.net\/\"\/><a href=\"https:\/\/brtk.net\/\"\/><a href=\"https:\/\/brtk.net\/\">KKTC<\/a> aras\u0131nda e\u011fitim alan\u0131ndaki i\u015fbirliklerinde de eksikliklerin oldu\u011funu s\u00f6yleyen Aktun\u00e7, s\u00f6zlerini, \u201c<a href=\"https:\/\/brtk.net\/\"\/><a href=\"https:\/\/brtk.net\/\"\/><a href=\"https:\/\/brtk.net\/\"\/><a href=\"https:\/\/brtk.net\/\"\/><a href=\"https:\/\/brtk.net\/\"\/><a href=\"https:\/\/brtk.net\/\"\/><a href=\"https:\/\/brtk.net\/\"\/><a href=\"https:\/\/brtk.net\/\"\/><a href=\"https:\/\/brtk.net\/\">KKTC<\/a>\u2018de okuyan 200\u2019e yak\u0131n Azerbaycanl\u0131 \u00f6\u011frencimiz var. Bu say\u0131n\u0131n da yukar\u0131ya \u00e7\u0131kmas\u0131 gerekiyor.\u201d diye tamamlad\u0131.<\/p>\n<\/p><\/div>\n<p><script async\n                    defer\n                    crossorigin=\"anonymous\"\n                    src=\"https:\/\/connect.facebook.net\/tr_TR\/sdk.js#xfbml=1&#038;version=v3.3\"\n            ><\/script><\/p>\n","protected":false},"excerpt":{"rendered":"<p>Turizm ve \u00c7evre Bakanl\u0131\u011f\u0131 M\u00fcste\u015far\u0131 Serhan Aktun\u00e7, 2022\u2019de KKTC\u2018ye Azerbaycan\u2019dan 5 bin turist geldi\u011fini belirterek, \u201cBu rakam\u0131n aram\u0131zdaki g\u00f6n\u00fcl ba\u011f\u0131na, \u2018\u00fc\u00e7 devlet, tek millet\u2019 mant\u0131\u011f\u0131na uygun olmad\u0131\u011f\u0131n\u0131 d\u00fc\u015f\u00fcn\u00fcyorum.\u201d dedi. 19. Uluslararas\u0131 Turizm ve Seyahat Fuar\u0131\u2019na (A\u0130TF 2023) kat\u0131lmak i\u00e7in geldi\u011fi Azerbaycan\u2019da bas\u0131n toplant\u0131s\u0131 d\u00fczenleyen Aktun\u00e7, iki \u00fclke ili\u015fkilerinin daha yukar\u0131 \u00e7ekilmesinin, \u00f6zellikle Azerbaycan halk\u0131n\u0131n KKTC\u2018yi<\/p>\n","protected":false},"author":1,"featured_media":4642,"comment_status":"open","ping_status":"open","sticky":false,"template":"","format":"standard","meta":{"footnotes":""},"categories":[1],"tags":[],"class_list":["post-4641","post","type-post","status-publish","format-standard","has-post-thumbnail","hentry","category-gundem"],"yoast_head":"<!-- This site is optimized with the Yoast SEO plugin v27.4 - https:\/\/yoast.com\/product\/yoast-seo-wordpress\/ -->\n<title>KKTC, Azerbaycan\u2019dan daha fazla turist a\u011f\u0131rlamak istiyor -<\/title>\n<meta name=\"robots\" content=\"index, follow, max-snippet:-1, max-image-preview:large, max-video-preview:-1\" \/>\n<link rel=\"canonical\" href=\"https:\/\/kibrisdakik.com\/?p=4641\" \/>\n<meta property=\"og:locale\" content=\"tr_TR\" \/>\n<meta property=\"og:type\" content=\"article\" \/>\n<meta property=\"og:title\" content=\"KKTC, Azerbaycan\u2019dan daha fazla turist a\u011f\u0131rlamak istiyor -\" \/>\n<meta property=\"og:description\" content=\"Turizm ve \u00c7evre Bakanl\u0131\u011f\u0131 M\u00fcste\u015far\u0131 Serhan Aktun\u00e7, 2022\u2019de KKTC\u2018ye Azerbaycan\u2019dan 5 bin turist geldi\u011fini belirterek, \u201cBu rakam\u0131n aram\u0131zdaki g\u00f6n\u00fcl ba\u011f\u0131na, \u2018\u00fc\u00e7 devlet, tek millet\u2019 mant\u0131\u011f\u0131na uygun olmad\u0131\u011f\u0131n\u0131 d\u00fc\u015f\u00fcn\u00fcyorum.\u201d dedi. 19. Uluslararas\u0131 Turizm ve Seyahat Fuar\u0131\u2019na (A\u0130TF 2023) kat\u0131lmak i\u00e7in geldi\u011fi Azerbaycan\u2019da bas\u0131n toplant\u0131s\u0131 d\u00fczenleyen Aktun\u00e7, iki \u00fclke ili\u015fkilerinin daha yukar\u0131 \u00e7ekilmesinin, \u00f6zellikle Azerbaycan halk\u0131n\u0131n KKTC\u2018yi\" \/>\n<meta property=\"og:url\" content=\"https:\/\/kibrisdakik.com\/?p=4641\" \/>\n<meta property=\"article:published_time\" content=\"2023-04-05T17:53:13+00:00\" \/>\n<meta property=\"og:image\" content=\"https:\/\/kibrisdakik.com\/wp-content\/uploads\/2023\/04\/serhat-aktunc-740x420.jpg\" \/>\n\t<meta property=\"og:image:width\" content=\"1857\" \/>\n\t<meta property=\"og:image:height\" content=\"740\" \/>\n\t<meta property=\"og:image:type\" content=\"image\/jpeg\" \/>\n<meta name=\"author\" content=\"admin\" \/>\n<meta name=\"twitter:card\" content=\"summary_large_image\" \/>\n<meta name=\"twitter:label1\" content=\"Yazan:\" \/>\n\t<meta name=\"twitter:data1\" content=\"admin\" \/>\n\t<meta name=\"twitter:label2\" content=\"Tahmini okuma s\u00fcresi\" \/>\n\t<meta name=\"twitter:data2\" content=\"2 dakika\" \/>\n<script type=\"application\/ld+json\" class=\"yoast-schema-graph\">{\"@context\":\"https:\\\/\\\/schema.org\",\"@graph\":[{\"@type\":\"Article\",\"@id\":\"https:\\\/\\\/kibrisdakik.com\\\/?p=4641#article\",\"isPartOf\":{\"@id\":\"https:\\\/\\\/kibrisdakik.com\\\/?p=4641\"},\"author\":{\"name\":\"admin\",\"@id\":\"https:\\\/\\\/kibrisdakik.com\\\/#\\\/schema\\\/person\\\/9cd9d437bbb44f72b73ba127e06d8e79\"},\"headline\":\"KKTC, Azerbaycan\u2019dan daha fazla turist a\u011f\u0131rlamak istiyor\",\"datePublished\":\"2023-04-05T17:53:13+00:00\",\"mainEntityOfPage\":{\"@id\":\"https:\\\/\\\/kibrisdakik.com\\\/?p=4641\"},\"wordCount\":360,\"commentCount\":0,\"image\":{\"@id\":\"https:\\\/\\\/kibrisdakik.com\\\/?p=4641#primaryimage\"},\"thumbnailUrl\":\"https:\\\/\\\/kibrisdakik.com\\\/wp-content\\\/uploads\\\/2023\\\/04\\\/serhat-aktunc-740x420.jpg\",\"articleSection\":[\"G\u00fcndem\"],\"inLanguage\":\"tr\",\"potentialAction\":[{\"@type\":\"CommentAction\",\"name\":\"Comment\",\"target\":[\"https:\\\/\\\/kibrisdakik.com\\\/?p=4641#respond\"]}]},{\"@type\":\"WebPage\",\"@id\":\"https:\\\/\\\/kibrisdakik.com\\\/?p=4641\",\"url\":\"https:\\\/\\\/kibrisdakik.com\\\/?p=4641\",\"name\":\"KKTC, Azerbaycan\u2019dan daha fazla turist a\u011f\u0131rlamak istiyor -\",\"isPartOf\":{\"@id\":\"https:\\\/\\\/kibrisdakik.com\\\/#website\"},\"primaryImageOfPage\":{\"@id\":\"https:\\\/\\\/kibrisdakik.com\\\/?p=4641#primaryimage\"},\"image\":{\"@id\":\"https:\\\/\\\/kibrisdakik.com\\\/?p=4641#primaryimage\"},\"thumbnailUrl\":\"https:\\\/\\\/kibrisdakik.com\\\/wp-content\\\/uploads\\\/2023\\\/04\\\/serhat-aktunc-740x420.jpg\",\"datePublished\":\"2023-04-05T17:53:13+00:00\",\"author\":{\"@id\":\"https:\\\/\\\/kibrisdakik.com\\\/#\\\/schema\\\/person\\\/9cd9d437bbb44f72b73ba127e06d8e79\"},\"breadcrumb\":{\"@id\":\"https:\\\/\\\/kibrisdakik.com\\\/?p=4641#breadcrumb\"},\"inLanguage\":\"tr\",\"potentialAction\":[{\"@type\":\"ReadAction\",\"target\":[\"https:\\\/\\\/kibrisdakik.com\\\/?p=4641\"]}]},{\"@type\":\"ImageObject\",\"inLanguage\":\"tr\",\"@id\":\"https:\\\/\\\/kibrisdakik.com\\\/?p=4641#primaryimage\",\"url\":\"https:\\\/\\\/kibrisdakik.com\\\/wp-content\\\/uploads\\\/2023\\\/04\\\/serhat-aktunc-740x420.jpg\",\"contentUrl\":\"https:\\\/\\\/kibrisdakik.com\\\/wp-content\\\/uploads\\\/2023\\\/04\\\/serhat-aktunc-740x420.jpg\",\"width\":1857,\"height\":740},{\"@type\":\"BreadcrumbList\",\"@id\":\"https:\\\/\\\/kibrisdakik.com\\\/?p=4641#breadcrumb\",\"itemListElement\":[{\"@type\":\"ListItem\",\"position\":1,\"name\":\"Home\",\"item\":\"https:\\\/\\\/kibrisdakik.com\\\/\"},{\"@type\":\"ListItem\",\"position\":2,\"name\":\"KKTC, Azerbaycan\u2019dan daha fazla turist a\u011f\u0131rlamak istiyor\"}]},{\"@type\":\"WebSite\",\"@id\":\"https:\\\/\\\/kibrisdakik.com\\\/#website\",\"url\":\"https:\\\/\\\/kibrisdakik.com\\\/\",\"name\":\"\",\"description\":\"Tam vaktinde haber\",\"potentialAction\":[{\"@type\":\"SearchAction\",\"target\":{\"@type\":\"EntryPoint\",\"urlTemplate\":\"https:\\\/\\\/kibrisdakik.com\\\/?s={search_term_string}\"},\"query-input\":{\"@type\":\"PropertyValueSpecification\",\"valueRequired\":true,\"valueName\":\"search_term_string\"}}],\"inLanguage\":\"tr\"},{\"@type\":\"Person\",\"@id\":\"https:\\\/\\\/kibrisdakik.com\\\/#\\\/schema\\\/person\\\/9cd9d437bbb44f72b73ba127e06d8e79\",\"name\":\"admin\",\"image\":{\"@type\":\"ImageObject\",\"inLanguage\":\"tr\",\"@id\":\"https:\\\/\\\/secure.gravatar.com\\\/avatar\\\/ccc17943b9d660506c869530f897617f7cb1c21a4bf30023f252596d83e1f007?s=96&d=mm&r=g\",\"url\":\"https:\\\/\\\/secure.gravatar.com\\\/avatar\\\/ccc17943b9d660506c869530f897617f7cb1c21a4bf30023f252596d83e1f007?s=96&d=mm&r=g\",\"contentUrl\":\"https:\\\/\\\/secure.gravatar.com\\\/avatar\\\/ccc17943b9d660506c869530f897617f7cb1c21a4bf30023f252596d83e1f007?s=96&d=mm&r=g\",\"caption\":\"admin\"},\"sameAs\":[\"https:\\\/\\\/kibrisdakik.com\"],\"url\":\"https:\\\/\\\/kibrisdakik.com\\\/?author=1\"}]}<\/script>\n<!-- \/ Yoast SEO plugin. -->","yoast_head_json":{"title":"KKTC, Azerbaycan\u2019dan daha fazla turist a\u011f\u0131rlamak istiyor -","robots":{"index":"index","follow":"follow","max-snippet":"max-snippet:-1","max-image-preview":"max-image-preview:large","max-video-preview":"max-video-preview:-1"},"canonical":"https:\/\/kibrisdakik.com\/?p=4641","og_locale":"tr_TR","og_type":"article","og_title":"KKTC, Azerbaycan\u2019dan daha fazla turist a\u011f\u0131rlamak istiyor -","og_description":"Turizm ve \u00c7evre Bakanl\u0131\u011f\u0131 M\u00fcste\u015far\u0131 Serhan Aktun\u00e7, 2022\u2019de KKTC\u2018ye Azerbaycan\u2019dan 5 bin turist geldi\u011fini belirterek, \u201cBu rakam\u0131n aram\u0131zdaki g\u00f6n\u00fcl ba\u011f\u0131na, \u2018\u00fc\u00e7 devlet, tek millet\u2019 mant\u0131\u011f\u0131na uygun olmad\u0131\u011f\u0131n\u0131 d\u00fc\u015f\u00fcn\u00fcyorum.\u201d dedi. 19. Uluslararas\u0131 Turizm ve Seyahat Fuar\u0131\u2019na (A\u0130TF 2023) kat\u0131lmak i\u00e7in geldi\u011fi Azerbaycan\u2019da bas\u0131n toplant\u0131s\u0131 d\u00fczenleyen Aktun\u00e7, iki \u00fclke ili\u015fkilerinin daha yukar\u0131 \u00e7ekilmesinin, \u00f6zellikle Azerbaycan halk\u0131n\u0131n KKTC\u2018yi","og_url":"https:\/\/kibrisdakik.com\/?p=4641","article_published_time":"2023-04-05T17:53:13+00:00","og_image":[{"width":1857,"height":740,"url":"https:\/\/kibrisdakik.com\/wp-content\/uploads\/2023\/04\/serhat-aktunc-740x420.jpg","type":"image\/jpeg"}],"author":"admin","twitter_card":"summary_large_image","twitter_misc":{"Yazan:":"admin","Tahmini okuma s\u00fcresi":"2 dakika"},"schema":{"@context":"https:\/\/schema.org","@graph":[{"@type":"Article","@id":"https:\/\/kibrisdakik.com\/?p=4641#article","isPartOf":{"@id":"https:\/\/kibrisdakik.com\/?p=4641"},"author":{"name":"admin","@id":"https:\/\/kibrisdakik.com\/#\/schema\/person\/9cd9d437bbb44f72b73ba127e06d8e79"},"headline":"KKTC, Azerbaycan\u2019dan daha fazla turist a\u011f\u0131rlamak istiyor","datePublished":"2023-04-05T17:53:13+00:00","mainEntityOfPage":{"@id":"https:\/\/kibrisdakik.com\/?p=4641"},"wordCount":360,"commentCount":0,"image":{"@id":"https:\/\/kibrisdakik.com\/?p=4641#primaryimage"},"thumbnailUrl":"https:\/\/kibrisdakik.com\/wp-content\/uploads\/2023\/04\/serhat-aktunc-740x420.jpg","articleSection":["G\u00fcndem"],"inLanguage":"tr","potentialAction":[{"@type":"CommentAction","name":"Comment","target":["https:\/\/kibrisdakik.com\/?p=4641#respond"]}]},{"@type":"WebPage","@id":"https:\/\/kibrisdakik.com\/?p=4641","url":"https:\/\/kibrisdakik.com\/?p=4641","name":"KKTC, Azerbaycan\u2019dan daha fazla turist a\u011f\u0131rlamak istiyor -","isPartOf":{"@id":"https:\/\/kibrisdakik.com\/#website"},"primaryImageOfPage":{"@id":"https:\/\/kibrisdakik.com\/?p=4641#primaryimage"},"image":{"@id":"https:\/\/kibrisdakik.com\/?p=4641#primaryimage"},"thumbnailUrl":"https:\/\/kibrisdakik.com\/wp-content\/uploads\/2023\/04\/serhat-aktunc-740x420.jpg","datePublished":"2023-04-05T17:53:13+00:00","author":{"@id":"https:\/\/kibrisdakik.com\/#\/schema\/person\/9cd9d437bbb44f72b73ba127e06d8e79"},"breadcrumb":{"@id":"https:\/\/kibrisdakik.com\/?p=4641#breadcrumb"},"inLanguage":"tr","potentialAction":[{"@type":"ReadAction","target":["https:\/\/kibrisdakik.com\/?p=4641"]}]},{"@type":"ImageObject","inLanguage":"tr","@id":"https:\/\/kibrisdakik.com\/?p=4641#primaryimage","url":"https:\/\/kibrisdakik.com\/wp-content\/uploads\/2023\/04\/serhat-aktunc-740x420.jpg","contentUrl":"https:\/\/kibrisdakik.com\/wp-content\/uploads\/2023\/04\/serhat-aktunc-740x420.jpg","width":1857,"height":740},{"@type":"BreadcrumbList","@id":"https:\/\/kibrisdakik.com\/?p=4641#breadcrumb","itemListElement":[{"@type":"ListItem","position":1,"name":"Home","item":"https:\/\/kibrisdakik.com\/"},{"@type":"ListItem","position":2,"name":"KKTC, Azerbaycan\u2019dan daha fazla turist a\u011f\u0131rlamak istiyor"}]},{"@type":"WebSite","@id":"https:\/\/kibrisdakik.com\/#website","url":"https:\/\/kibrisdakik.com\/","name":"","description":"Tam vaktinde haber","potentialAction":[{"@type":"SearchAction","target":{"@type":"EntryPoint","urlTemplate":"https:\/\/kibrisdakik.com\/?s={search_term_string}"},"query-input":{"@type":"PropertyValueSpecification","valueRequired":true,"valueName":"search_term_string"}}],"inLanguage":"tr"},{"@type":"Person","@id":"https:\/\/kibrisdakik.com\/#\/schema\/person\/9cd9d437bbb44f72b73ba127e06d8e79","name":"admin","image":{"@type":"ImageObject","inLanguage":"tr","@id":"https:\/\/secure.gravatar.com\/avatar\/ccc17943b9d660506c869530f897617f7cb1c21a4bf30023f252596d83e1f007?s=96&d=mm&r=g","url":"https:\/\/secure.gravatar.com\/avatar\/ccc17943b9d660506c869530f897617f7cb1c21a4bf30023f252596d83e1f007?s=96&d=mm&r=g","contentUrl":"https:\/\/secure.gravatar.com\/avatar\/ccc17943b9d660506c869530f897617f7cb1c21a4bf30023f252596d83e1f007?s=96&d=mm&r=g","caption":"admin"},"sameAs":["https:\/\/kibrisdakik.com"],"url":"https:\/\/kibrisdakik.com\/?author=1"}]}},"_links":{"self":[{"href":"https:\/\/kibrisdakik.com\/index.php?rest_route=\/wp\/v2\/posts\/4641","targetHints":{"allow":["GET"]}}],"collection":[{"href":"https:\/\/kibrisdakik.com\/index.php?rest_route=\/wp\/v2\/posts"}],"about":[{"href":"https:\/\/kibrisdakik.com\/index.php?rest_route=\/wp\/v2\/types\/post"}],"author":[{"embeddable":true,"href":"https:\/\/kibrisdakik.com\/index.php?rest_route=\/wp\/v2\/users\/1"}],"replies":[{"embeddable":true,"href":"https:\/\/kibrisdakik.com\/index.php?rest_route=%2Fwp%2Fv2%2Fcomments&post=4641"}],"version-history":[{"count":0,"href":"https:\/\/kibrisdakik.com\/index.php?rest_route=\/wp\/v2\/posts\/4641\/revisions"}],"wp:featuredmedia":[{"embeddable":true,"href":"https:\/\/kibrisdakik.com\/index.php?rest_route=\/wp\/v2\/media\/4642"}],"wp:attachment":[{"href":"https:\/\/kibrisdakik.com\/index.php?rest_route=%2Fwp%2Fv2%2Fmedia&parent=4641"}],"wp:term":[{"taxonomy":"category","embeddable":true,"href":"https:\/\/kibrisdakik.com\/index.php?rest_route=%2Fwp%2Fv2%2Fcategories&post=4641"},{"taxonomy":"post_tag","embeddable":true,"href":"https:\/\/kibrisdakik.com\/index.php?rest_route=%2Fwp%2Fv2%2Ftags&post=4641"}],"curies":[{"name":"wp","href":"https:\/\/api.w.org\/{rel}","templated":true}]}}