{"id":46422,"date":"2024-06-18T16:21:47","date_gmt":"2024-06-18T16:21:47","guid":{"rendered":"https:\/\/kibrisdakik.com\/index.php\/2024\/06\/18\/brtk-muduru-ozkurt-ve-bay-sen-zekeriya-vuralin-vefati-nedeniyle-taziye-mesaji-yayimladi\/"},"modified":"2024-06-18T16:21:47","modified_gmt":"2024-06-18T16:21:47","slug":"brtk-muduru-ozkurt-ve-bay-sen-zekeriya-vuralin-vefati-nedeniyle-taziye-mesaji-yayimladi","status":"publish","type":"post","link":"https:\/\/kibrisdakik.com\/?p=46422","title":{"rendered":"BRTK M\u00fcd\u00fcr\u00fc \u00d6zkurt ve Bay-Sen, Zekeriya Vural\u2019\u0131n vefat\u0131 nedeniyle taziye mesaj\u0131 yay\u0131mlad\u0131"},"content":{"rendered":"<p><\/p>\n<div>\n<div class=\"mariselle-image-container center\">\n                <img loading=\"lazy\" decoding=\"async\" width=\"1080\" height=\"587\" class=\"lazy-image\" alt=\"\" sizes=\"auto, (max-width: 1080px) 100vw, 1080px\" src=\"https:\/\/brtk.net\/wp-content\/uploads\/2024\/06\/18\/zt-333.jpg?ver=8c709de12cb8eab0d2eb0da9da7db949\" srcset=\"https:\/\/brtk.net\/wp-content\/uploads\/2024\/06\/18\/zt-333.jpg?ver=8c709de12cb8eab0d2eb0da9da7db949 1080w, https:\/\/brtk.net\/wp-content\/uploads\/2024\/06\/18\/zt-333-300x163.jpg?ver=8c709de12cb8eab0d2eb0da9da7db949 300w, https:\/\/brtk.net\/wp-content\/uploads\/2024\/06\/18\/zt-333-1024x557.jpg?ver=33efbf696fe0724991c98f296e6979d3 1024w, https:\/\/brtk.net\/wp-content\/uploads\/2024\/06\/18\/zt-333-768x417.jpg?ver=33efbf696fe0724991c98f296e6979d3 768w\"\/>                            <\/div>\n<p>Bayrak Radyo Televizyon Kurumu (<a href=\"https:\/\/brtk.net\/\">BRT<\/a>K) \u00e7al\u0131\u015fanlar\u0131ndan Zekeriya Vural vefat etti.<\/p>\n<p>59 ya\u015f\u0131nda hayata g\u00f6zlerini yuman Zekeriya Vural rahats\u0131zl\u0131\u011f\u0131 nedeniyle bir s\u00fcredir T\u00fcrkiye\u2019de tedavi g\u00f6r\u00fcyordu. <\/p>\n<p>Vural\u2019\u0131n cenazesi Hatay Reyhanl\u0131\u2019da topra\u011fa verildi.<\/p>\n<p>1997 y\u0131l\u0131nda <a href=\"https:\/\/brtk.net\/\">BRT<\/a>\u2019de \u00e7al\u0131\u015fmaya ba\u015flayan Zekeriya Vural santral operat\u00f6r\u00fc olarak g\u00f6rev yap\u0131yordu.<\/p>\n<div class=\"mariselle-image-container center\">\n                <img loading=\"lazy\" decoding=\"async\" width=\"930\" height=\"410\" class=\"lazy-image\" alt=\"\" sizes=\"auto, (max-width: 930px) 100vw, 930px\" src=\"https:\/\/brtk.net\/wp-content\/uploads\/2023\/01\/27\/meryem-ozkurt1.webp?ver=0a8ed13c04fc0ccbc2222db63e9396bd\" srcset=\"https:\/\/brtk.net\/wp-content\/uploads\/2023\/01\/27\/meryem-ozkurt1.webp?ver=0a8ed13c04fc0ccbc2222db63e9396bd 930w, https:\/\/brtk.net\/wp-content\/uploads\/2023\/01\/27\/meryem-ozkurt1-300x132.webp?ver=4fee6354a2d6fa012885a4768a6d7cfd 300w, https:\/\/brtk.net\/wp-content\/uploads\/2023\/01\/27\/meryem-ozkurt1-768x339.webp?ver=4fee6354a2d6fa012885a4768a6d7cfd 768w\"\/>                            <\/div>\n<p>Bayrak Radyo Televizyon Kurumu M\u00fcd\u00fcr\u00fc Meryem \u00d6zkurt, mesaj yay\u0131mlayarak Vural\u2019\u0131n vefat\u0131ndan duydu\u011fu \u00fcz\u00fcnt\u00fcy\u00fc dile getirdi. <\/p>\n<p>\u00d6zkurt, Vural\u2019\u0131n ailesi ve sevenlerine ba\u015fsa\u011fl\u0131\u011f\u0131 diledi. <\/p>\n<div class=\"mariselle-image-container center\">\n                <img loading=\"lazy\" decoding=\"async\" width=\"971\" height=\"551\" class=\"lazy-image\" alt=\"\" sizes=\"auto, (max-width: 971px) 100vw, 971px\" src=\"https:\/\/brtk.net\/wp-content\/uploads\/2023\/03\/07\/baysen_son_5899d944.jpg?ver=53bbc06d3cb3e4a90c8934cab2415ec9\" srcset=\"https:\/\/brtk.net\/wp-content\/uploads\/2023\/03\/07\/baysen_son_5899d944.jpg?ver=53bbc06d3cb3e4a90c8934cab2415ec9 971w, https:\/\/brtk.net\/wp-content\/uploads\/2023\/03\/07\/baysen_son_5899d944-300x170.jpg?ver=53bbc06d3cb3e4a90c8934cab2415ec9 300w, https:\/\/brtk.net\/wp-content\/uploads\/2023\/03\/07\/baysen_son_5899d944-768x436.jpg?ver=53bbc06d3cb3e4a90c8934cab2415ec9 768w\"\/>                            <\/div>\n<p>Bayrak Radyo Televizyon Kurumu \u00c7al\u0131\u015fanlar\u0131 Sendikas\u0131 da Zekeriya Vural\u2019\u0131n vefat\u0131 dolay\u0131s\u0131yla mesaj yay\u0131mlad\u0131.<\/p>\n<p>Mesajda, \u201cMesai arkada\u015f\u0131m\u0131z, \u00fcyemiz Zekeriya Vural\u2019\u0131 kaybetmenin \u00fcz\u00fcnt\u00fcs\u00fcn\u00fc ya\u015f\u0131yoruz. Kendisine Allahtan rahmet ailesine ba\u015fsa\u011fl\u0131\u011f\u0131 diliyoruz\u201d denildi.<\/p>\n<\/p><\/div>\n<p><script async\n                    defer\n                    crossorigin=\"anonymous\"\n                    src=\"https:\/\/connect.facebook.net\/tr_TR\/sdk.js#xfbml=1&#038;version=v3.3\"\n            ><\/script><\/p>\n","protected":false},"excerpt":{"rendered":"<p>Bayrak Radyo Televizyon Kurumu (BRTK) \u00e7al\u0131\u015fanlar\u0131ndan Zekeriya Vural vefat etti. 59 ya\u015f\u0131nda hayata g\u00f6zlerini yuman Zekeriya Vural rahats\u0131zl\u0131\u011f\u0131 nedeniyle bir s\u00fcredir T\u00fcrkiye\u2019de tedavi g\u00f6r\u00fcyordu. Vural\u2019\u0131n cenazesi Hatay Reyhanl\u0131\u2019da topra\u011fa verildi. 1997 y\u0131l\u0131nda BRT\u2019de \u00e7al\u0131\u015fmaya ba\u015flayan Zekeriya Vural santral operat\u00f6r\u00fc olarak g\u00f6rev yap\u0131yordu. Bayrak Radyo Televizyon Kurumu M\u00fcd\u00fcr\u00fc Meryem \u00d6zkurt, mesaj yay\u0131mlayarak Vural\u2019\u0131n vefat\u0131ndan duydu\u011fu \u00fcz\u00fcnt\u00fcy\u00fc<\/p>\n","protected":false},"author":1,"featured_media":46423,"comment_status":"open","ping_status":"open","sticky":false,"template":"","format":"standard","meta":{"footnotes":""},"categories":[1],"tags":[],"class_list":["post-46422","post","type-post","status-publish","format-standard","has-post-thumbnail","hentry","category-gundem"],"yoast_head":"<!-- This site is optimized with the Yoast SEO plugin v27.4 - https:\/\/yoast.com\/product\/yoast-seo-wordpress\/ -->\n<title>BRTK M\u00fcd\u00fcr\u00fc \u00d6zkurt ve Bay-Sen, Zekeriya Vural\u2019\u0131n vefat\u0131 nedeniyle taziye mesaj\u0131 yay\u0131mlad\u0131 -<\/title>\n<meta name=\"robots\" content=\"index, follow, max-snippet:-1, max-image-preview:large, max-video-preview:-1\" \/>\n<link rel=\"canonical\" href=\"https:\/\/kibrisdakik.com\/?p=46422\" \/>\n<meta property=\"og:locale\" content=\"tr_TR\" \/>\n<meta property=\"og:type\" content=\"article\" \/>\n<meta property=\"og:title\" content=\"BRTK M\u00fcd\u00fcr\u00fc \u00d6zkurt ve Bay-Sen, Zekeriya Vural\u2019\u0131n vefat\u0131 nedeniyle taziye mesaj\u0131 yay\u0131mlad\u0131 -\" \/>\n<meta property=\"og:description\" content=\"Bayrak Radyo Televizyon Kurumu (BRTK) \u00e7al\u0131\u015fanlar\u0131ndan Zekeriya Vural vefat etti. 59 ya\u015f\u0131nda hayata g\u00f6zlerini yuman Zekeriya Vural rahats\u0131zl\u0131\u011f\u0131 nedeniyle bir s\u00fcredir T\u00fcrkiye\u2019de tedavi g\u00f6r\u00fcyordu. Vural\u2019\u0131n cenazesi Hatay Reyhanl\u0131\u2019da topra\u011fa verildi. 1997 y\u0131l\u0131nda BRT\u2019de \u00e7al\u0131\u015fmaya ba\u015flayan Zekeriya Vural santral operat\u00f6r\u00fc olarak g\u00f6rev yap\u0131yordu. Bayrak Radyo Televizyon Kurumu M\u00fcd\u00fcr\u00fc Meryem \u00d6zkurt, mesaj yay\u0131mlayarak Vural\u2019\u0131n vefat\u0131ndan duydu\u011fu \u00fcz\u00fcnt\u00fcy\u00fc\" \/>\n<meta property=\"og:url\" content=\"https:\/\/kibrisdakik.com\/?p=46422\" \/>\n<meta property=\"article:published_time\" content=\"2024-06-18T16:21:47+00:00\" \/>\n<meta property=\"og:image\" content=\"https:\/\/kibrisdakik.com\/wp-content\/uploads\/2024\/06\/zt-333-740x420.jpg\" \/>\n\t<meta property=\"og:image:width\" content=\"1080\" \/>\n\t<meta property=\"og:image:height\" content=\"587\" \/>\n\t<meta property=\"og:image:type\" content=\"image\/jpeg\" \/>\n<meta name=\"author\" content=\"admin\" \/>\n<meta name=\"twitter:card\" content=\"summary_large_image\" \/>\n<meta name=\"twitter:label1\" content=\"Yazan:\" \/>\n\t<meta name=\"twitter:data1\" content=\"admin\" \/>\n\t<meta name=\"twitter:label2\" content=\"Tahmini okuma s\u00fcresi\" \/>\n\t<meta name=\"twitter:data2\" content=\"1 dakika\" \/>\n<script type=\"application\/ld+json\" class=\"yoast-schema-graph\">{\"@context\":\"https:\\\/\\\/schema.org\",\"@graph\":[{\"@type\":\"Article\",\"@id\":\"https:\\\/\\\/kibrisdakik.com\\\/?p=46422#article\",\"isPartOf\":{\"@id\":\"https:\\\/\\\/kibrisdakik.com\\\/?p=46422\"},\"author\":{\"name\":\"admin\",\"@id\":\"https:\\\/\\\/kibrisdakik.com\\\/#\\\/schema\\\/person\\\/9cd9d437bbb44f72b73ba127e06d8e79\"},\"headline\":\"BRTK M\u00fcd\u00fcr\u00fc \u00d6zkurt ve Bay-Sen, Zekeriya Vural\u2019\u0131n vefat\u0131 nedeniyle taziye mesaj\u0131 yay\u0131mlad\u0131\",\"datePublished\":\"2024-06-18T16:21:47+00:00\",\"mainEntityOfPage\":{\"@id\":\"https:\\\/\\\/kibrisdakik.com\\\/?p=46422\"},\"wordCount\":152,\"commentCount\":0,\"image\":{\"@id\":\"https:\\\/\\\/kibrisdakik.com\\\/?p=46422#primaryimage\"},\"thumbnailUrl\":\"https:\\\/\\\/kibrisdakik.com\\\/wp-content\\\/uploads\\\/2024\\\/06\\\/zt-333-740x420.jpg\",\"articleSection\":[\"G\u00fcndem\"],\"inLanguage\":\"tr\",\"potentialAction\":[{\"@type\":\"CommentAction\",\"name\":\"Comment\",\"target\":[\"https:\\\/\\\/kibrisdakik.com\\\/?p=46422#respond\"]}]},{\"@type\":\"WebPage\",\"@id\":\"https:\\\/\\\/kibrisdakik.com\\\/?p=46422\",\"url\":\"https:\\\/\\\/kibrisdakik.com\\\/?p=46422\",\"name\":\"BRTK M\u00fcd\u00fcr\u00fc \u00d6zkurt ve Bay-Sen, Zekeriya Vural\u2019\u0131n vefat\u0131 nedeniyle taziye mesaj\u0131 yay\u0131mlad\u0131 -\",\"isPartOf\":{\"@id\":\"https:\\\/\\\/kibrisdakik.com\\\/#website\"},\"primaryImageOfPage\":{\"@id\":\"https:\\\/\\\/kibrisdakik.com\\\/?p=46422#primaryimage\"},\"image\":{\"@id\":\"https:\\\/\\\/kibrisdakik.com\\\/?p=46422#primaryimage\"},\"thumbnailUrl\":\"https:\\\/\\\/kibrisdakik.com\\\/wp-content\\\/uploads\\\/2024\\\/06\\\/zt-333-740x420.jpg\",\"datePublished\":\"2024-06-18T16:21:47+00:00\",\"author\":{\"@id\":\"https:\\\/\\\/kibrisdakik.com\\\/#\\\/schema\\\/person\\\/9cd9d437bbb44f72b73ba127e06d8e79\"},\"breadcrumb\":{\"@id\":\"https:\\\/\\\/kibrisdakik.com\\\/?p=46422#breadcrumb\"},\"inLanguage\":\"tr\",\"potentialAction\":[{\"@type\":\"ReadAction\",\"target\":[\"https:\\\/\\\/kibrisdakik.com\\\/?p=46422\"]}]},{\"@type\":\"ImageObject\",\"inLanguage\":\"tr\",\"@id\":\"https:\\\/\\\/kibrisdakik.com\\\/?p=46422#primaryimage\",\"url\":\"https:\\\/\\\/kibrisdakik.com\\\/wp-content\\\/uploads\\\/2024\\\/06\\\/zt-333-740x420.jpg\",\"contentUrl\":\"https:\\\/\\\/kibrisdakik.com\\\/wp-content\\\/uploads\\\/2024\\\/06\\\/zt-333-740x420.jpg\",\"width\":1080,\"height\":587},{\"@type\":\"BreadcrumbList\",\"@id\":\"https:\\\/\\\/kibrisdakik.com\\\/?p=46422#breadcrumb\",\"itemListElement\":[{\"@type\":\"ListItem\",\"position\":1,\"name\":\"Home\",\"item\":\"https:\\\/\\\/kibrisdakik.com\\\/\"},{\"@type\":\"ListItem\",\"position\":2,\"name\":\"BRTK M\u00fcd\u00fcr\u00fc \u00d6zkurt ve Bay-Sen, Zekeriya Vural\u2019\u0131n vefat\u0131 nedeniyle taziye mesaj\u0131 yay\u0131mlad\u0131\"}]},{\"@type\":\"WebSite\",\"@id\":\"https:\\\/\\\/kibrisdakik.com\\\/#website\",\"url\":\"https:\\\/\\\/kibrisdakik.com\\\/\",\"name\":\"\",\"description\":\"Tam vaktinde haber\",\"potentialAction\":[{\"@type\":\"SearchAction\",\"target\":{\"@type\":\"EntryPoint\",\"urlTemplate\":\"https:\\\/\\\/kibrisdakik.com\\\/?s={search_term_string}\"},\"query-input\":{\"@type\":\"PropertyValueSpecification\",\"valueRequired\":true,\"valueName\":\"search_term_string\"}}],\"inLanguage\":\"tr\"},{\"@type\":\"Person\",\"@id\":\"https:\\\/\\\/kibrisdakik.com\\\/#\\\/schema\\\/person\\\/9cd9d437bbb44f72b73ba127e06d8e79\",\"name\":\"admin\",\"image\":{\"@type\":\"ImageObject\",\"inLanguage\":\"tr\",\"@id\":\"https:\\\/\\\/secure.gravatar.com\\\/avatar\\\/ccc17943b9d660506c869530f897617f7cb1c21a4bf30023f252596d83e1f007?s=96&d=mm&r=g\",\"url\":\"https:\\\/\\\/secure.gravatar.com\\\/avatar\\\/ccc17943b9d660506c869530f897617f7cb1c21a4bf30023f252596d83e1f007?s=96&d=mm&r=g\",\"contentUrl\":\"https:\\\/\\\/secure.gravatar.com\\\/avatar\\\/ccc17943b9d660506c869530f897617f7cb1c21a4bf30023f252596d83e1f007?s=96&d=mm&r=g\",\"caption\":\"admin\"},\"sameAs\":[\"https:\\\/\\\/kibrisdakik.com\"],\"url\":\"https:\\\/\\\/kibrisdakik.com\\\/?author=1\"}]}<\/script>\n<!-- \/ Yoast SEO plugin. -->","yoast_head_json":{"title":"BRTK M\u00fcd\u00fcr\u00fc \u00d6zkurt ve Bay-Sen, Zekeriya Vural\u2019\u0131n vefat\u0131 nedeniyle taziye mesaj\u0131 yay\u0131mlad\u0131 -","robots":{"index":"index","follow":"follow","max-snippet":"max-snippet:-1","max-image-preview":"max-image-preview:large","max-video-preview":"max-video-preview:-1"},"canonical":"https:\/\/kibrisdakik.com\/?p=46422","og_locale":"tr_TR","og_type":"article","og_title":"BRTK M\u00fcd\u00fcr\u00fc \u00d6zkurt ve Bay-Sen, Zekeriya Vural\u2019\u0131n vefat\u0131 nedeniyle taziye mesaj\u0131 yay\u0131mlad\u0131 -","og_description":"Bayrak Radyo Televizyon Kurumu (BRTK) \u00e7al\u0131\u015fanlar\u0131ndan Zekeriya Vural vefat etti. 59 ya\u015f\u0131nda hayata g\u00f6zlerini yuman Zekeriya Vural rahats\u0131zl\u0131\u011f\u0131 nedeniyle bir s\u00fcredir T\u00fcrkiye\u2019de tedavi g\u00f6r\u00fcyordu. Vural\u2019\u0131n cenazesi Hatay Reyhanl\u0131\u2019da topra\u011fa verildi. 1997 y\u0131l\u0131nda BRT\u2019de \u00e7al\u0131\u015fmaya ba\u015flayan Zekeriya Vural santral operat\u00f6r\u00fc olarak g\u00f6rev yap\u0131yordu. Bayrak Radyo Televizyon Kurumu M\u00fcd\u00fcr\u00fc Meryem \u00d6zkurt, mesaj yay\u0131mlayarak Vural\u2019\u0131n vefat\u0131ndan duydu\u011fu \u00fcz\u00fcnt\u00fcy\u00fc","og_url":"https:\/\/kibrisdakik.com\/?p=46422","article_published_time":"2024-06-18T16:21:47+00:00","og_image":[{"width":1080,"height":587,"url":"https:\/\/kibrisdakik.com\/wp-content\/uploads\/2024\/06\/zt-333-740x420.jpg","type":"image\/jpeg"}],"author":"admin","twitter_card":"summary_large_image","twitter_misc":{"Yazan:":"admin","Tahmini okuma s\u00fcresi":"1 dakika"},"schema":{"@context":"https:\/\/schema.org","@graph":[{"@type":"Article","@id":"https:\/\/kibrisdakik.com\/?p=46422#article","isPartOf":{"@id":"https:\/\/kibrisdakik.com\/?p=46422"},"author":{"name":"admin","@id":"https:\/\/kibrisdakik.com\/#\/schema\/person\/9cd9d437bbb44f72b73ba127e06d8e79"},"headline":"BRTK M\u00fcd\u00fcr\u00fc \u00d6zkurt ve Bay-Sen, Zekeriya Vural\u2019\u0131n vefat\u0131 nedeniyle taziye mesaj\u0131 yay\u0131mlad\u0131","datePublished":"2024-06-18T16:21:47+00:00","mainEntityOfPage":{"@id":"https:\/\/kibrisdakik.com\/?p=46422"},"wordCount":152,"commentCount":0,"image":{"@id":"https:\/\/kibrisdakik.com\/?p=46422#primaryimage"},"thumbnailUrl":"https:\/\/kibrisdakik.com\/wp-content\/uploads\/2024\/06\/zt-333-740x420.jpg","articleSection":["G\u00fcndem"],"inLanguage":"tr","potentialAction":[{"@type":"CommentAction","name":"Comment","target":["https:\/\/kibrisdakik.com\/?p=46422#respond"]}]},{"@type":"WebPage","@id":"https:\/\/kibrisdakik.com\/?p=46422","url":"https:\/\/kibrisdakik.com\/?p=46422","name":"BRTK M\u00fcd\u00fcr\u00fc \u00d6zkurt ve Bay-Sen, Zekeriya Vural\u2019\u0131n vefat\u0131 nedeniyle taziye mesaj\u0131 yay\u0131mlad\u0131 -","isPartOf":{"@id":"https:\/\/kibrisdakik.com\/#website"},"primaryImageOfPage":{"@id":"https:\/\/kibrisdakik.com\/?p=46422#primaryimage"},"image":{"@id":"https:\/\/kibrisdakik.com\/?p=46422#primaryimage"},"thumbnailUrl":"https:\/\/kibrisdakik.com\/wp-content\/uploads\/2024\/06\/zt-333-740x420.jpg","datePublished":"2024-06-18T16:21:47+00:00","author":{"@id":"https:\/\/kibrisdakik.com\/#\/schema\/person\/9cd9d437bbb44f72b73ba127e06d8e79"},"breadcrumb":{"@id":"https:\/\/kibrisdakik.com\/?p=46422#breadcrumb"},"inLanguage":"tr","potentialAction":[{"@type":"ReadAction","target":["https:\/\/kibrisdakik.com\/?p=46422"]}]},{"@type":"ImageObject","inLanguage":"tr","@id":"https:\/\/kibrisdakik.com\/?p=46422#primaryimage","url":"https:\/\/kibrisdakik.com\/wp-content\/uploads\/2024\/06\/zt-333-740x420.jpg","contentUrl":"https:\/\/kibrisdakik.com\/wp-content\/uploads\/2024\/06\/zt-333-740x420.jpg","width":1080,"height":587},{"@type":"BreadcrumbList","@id":"https:\/\/kibrisdakik.com\/?p=46422#breadcrumb","itemListElement":[{"@type":"ListItem","position":1,"name":"Home","item":"https:\/\/kibrisdakik.com\/"},{"@type":"ListItem","position":2,"name":"BRTK M\u00fcd\u00fcr\u00fc \u00d6zkurt ve Bay-Sen, Zekeriya Vural\u2019\u0131n vefat\u0131 nedeniyle taziye mesaj\u0131 yay\u0131mlad\u0131"}]},{"@type":"WebSite","@id":"https:\/\/kibrisdakik.com\/#website","url":"https:\/\/kibrisdakik.com\/","name":"","description":"Tam vaktinde haber","potentialAction":[{"@type":"SearchAction","target":{"@type":"EntryPoint","urlTemplate":"https:\/\/kibrisdakik.com\/?s={search_term_string}"},"query-input":{"@type":"PropertyValueSpecification","valueRequired":true,"valueName":"search_term_string"}}],"inLanguage":"tr"},{"@type":"Person","@id":"https:\/\/kibrisdakik.com\/#\/schema\/person\/9cd9d437bbb44f72b73ba127e06d8e79","name":"admin","image":{"@type":"ImageObject","inLanguage":"tr","@id":"https:\/\/secure.gravatar.com\/avatar\/ccc17943b9d660506c869530f897617f7cb1c21a4bf30023f252596d83e1f007?s=96&d=mm&r=g","url":"https:\/\/secure.gravatar.com\/avatar\/ccc17943b9d660506c869530f897617f7cb1c21a4bf30023f252596d83e1f007?s=96&d=mm&r=g","contentUrl":"https:\/\/secure.gravatar.com\/avatar\/ccc17943b9d660506c869530f897617f7cb1c21a4bf30023f252596d83e1f007?s=96&d=mm&r=g","caption":"admin"},"sameAs":["https:\/\/kibrisdakik.com"],"url":"https:\/\/kibrisdakik.com\/?author=1"}]}},"_links":{"self":[{"href":"https:\/\/kibrisdakik.com\/index.php?rest_route=\/wp\/v2\/posts\/46422","targetHints":{"allow":["GET"]}}],"collection":[{"href":"https:\/\/kibrisdakik.com\/index.php?rest_route=\/wp\/v2\/posts"}],"about":[{"href":"https:\/\/kibrisdakik.com\/index.php?rest_route=\/wp\/v2\/types\/post"}],"author":[{"embeddable":true,"href":"https:\/\/kibrisdakik.com\/index.php?rest_route=\/wp\/v2\/users\/1"}],"replies":[{"embeddable":true,"href":"https:\/\/kibrisdakik.com\/index.php?rest_route=%2Fwp%2Fv2%2Fcomments&post=46422"}],"version-history":[{"count":0,"href":"https:\/\/kibrisdakik.com\/index.php?rest_route=\/wp\/v2\/posts\/46422\/revisions"}],"wp:featuredmedia":[{"embeddable":true,"href":"https:\/\/kibrisdakik.com\/index.php?rest_route=\/wp\/v2\/media\/46423"}],"wp:attachment":[{"href":"https:\/\/kibrisdakik.com\/index.php?rest_route=%2Fwp%2Fv2%2Fmedia&parent=46422"}],"wp:term":[{"taxonomy":"category","embeddable":true,"href":"https:\/\/kibrisdakik.com\/index.php?rest_route=%2Fwp%2Fv2%2Fcategories&post=46422"},{"taxonomy":"post_tag","embeddable":true,"href":"https:\/\/kibrisdakik.com\/index.php?rest_route=%2Fwp%2Fv2%2Ftags&post=46422"}],"curies":[{"name":"wp","href":"https:\/\/api.w.org\/{rel}","templated":true}]}}