{"id":46434,"date":"2024-06-18T19:18:49","date_gmt":"2024-06-18T19:18:49","guid":{"rendered":"https:\/\/kibrisdakik.com\/index.php\/2024\/06\/18\/almanyada-cifte-bayram-turkiye-euro-2024e-galibiyetle-basladi\/"},"modified":"2024-06-18T19:18:49","modified_gmt":"2024-06-18T19:18:49","slug":"almanyada-cifte-bayram-turkiye-euro-2024e-galibiyetle-basladi","status":"publish","type":"post","link":"https:\/\/kibrisdakik.com\/?p=46434","title":{"rendered":"Almanya&#039;da \u00e7ifte bayram: T\u00fcrkiye, EURO 2024&#039;e galibiyetle ba\u015flad\u0131"},"content":{"rendered":"<p><img decoding=\"async\" src=\"https:\/\/www.kibristurk.com\/images\/haberler\/2024\/06\/almanyada-cifte-bayram-turkiye-euro-2024e-galibiyetle-basladi-1718737457.webp\" \/><\/p>\n<p>A Milli Tak\u0131m, EURO 2024&nbsp;F Grubu ilk ma\u00e7\u0131nda G\u00fcrcistan ile kar\u015f\u0131 kar\u015f\u0131ya geldi.<\/p>\n<p>Ay-y\u0131ld\u0131zl\u0131lar Mert M\u00fcld\u00fcr&#8217;\u00fcn ceza sahas\u0131 d\u0131\u015f\u0131ndan 26. dakikada kaydetti\u011fi golle 1-0 \u00f6ne ge\u00e7ti. G\u00fcrcistan ise 32. dakikada Mikautadze&#8217;nin gol\u00fcyle skora denge sa\u011flad\u0131.<\/p>\n<p>Arda G\u00fcler, 62. dakikada kaydetti\u011fi golle T\u00fcrkiye yeniden \u00f6ne ge\u00e7ti ve 90+7. dakikada Kerem Akt\u00fcrko\u011flu&#8217;nun gol\u00fcyle sahadan 3-1 galip ayr\u0131ld\u0131.<\/p>\n<p>Milli tak\u0131m EURO 2024&#8217;e galibiyetle ba\u015flayarak 3 puan\u0131 hanesine yazd\u0131rd\u0131.<\/p>\n<p><strong>RONALDO&#8217;YU GER\u0130DE BIRAKTI<\/strong><\/p>\n<p>M\u00fccadelenin 62. dakikas\u0131nda rakip kaleye jeneriklik bir gol kaydeden Arda G\u00fcler, (19 ya\u015f 114 g\u00fcn) Cristiano Ronaldo&#8217;yu (2004; 19 ya\u015f 128 g\u00fcn) geride b\u0131rakarak Avrupa \u015eampiyonas\u0131 tarihinde \u00e7\u0131kt\u0131\u011f\u0131 ilk ma\u00e7ta gol atan en gen\u00e7 oyuncu oldu.<\/p>\n<p><strong>EN FAZLA \u0130SABETL\u0130 PAS<\/strong><\/p>\n<p>A Milli Tak\u0131m, G\u00fcrcistan kar\u015f\u0131s\u0131nda ilk yar\u0131da yapt\u0131\u011f\u0131 303 isabetli pas ile Avrupa \u015eampiyonas\u0131 tarihinde en fazla isabetli pas yapt\u0131\u011f\u0131 ilk yar\u0131y\u0131 oynad\u0131.<\/p>\n<p>&nbsp;<\/p>\n<p><strong>ZEK\u0130 \u00c7EL\u0130K R\u0130SKE ED\u0130LMED\u0130<\/strong><\/p>\n<p>Teknik direkt\u00f6r Vincenzo Montella, sa\u011f bek Zeki \u00c7elik&#8217;i riske etmeyerek yedek soyundurdu. \u0130talyan \u00e7al\u0131\u015ft\u0131r\u0131c\u0131, sa\u011f bekte Zeki \u00c7elik yerine Mert M\u00fcld\u00fcr&#8217;e g\u00f6rev verdi. Montella, d\u00fcn d\u00fczenlenen bas\u0131n toplant\u0131s\u0131nda milli oyuncuyu riske etmek istemedi\u011fini belirterek &#8220;Tamamen toparlanmas\u0131n\u0131 bekleyece\u011fim&#8221; a\u00e7\u0131klamas\u0131n\u0131 yapm\u0131\u015ft\u0131.<\/p>\n<p><strong>FERD\u0130 KADIO\u011eLU \u0130LK 11&#8217;DE<\/strong><\/p>\n<p>Milli futbolcu Ferdi Kad\u0131o\u011flu, ya\u015fad\u0131\u011f\u0131 sakatl\u0131\u011f\u0131 atlatarak 11&#8217;de yer ald\u0131. 24 ya\u015f\u0131ndaki sol bek, haz\u0131rl\u0131k ma\u00e7lar\u0131nda ilk 11&#8217;deki yerini alamam\u0131\u015ft\u0131. Teknik direkt\u00f6r Vincenzo Montella, \u0130talya ve Polonya haz\u0131rl\u0131k ma\u00e7lar\u0131nda Ay-y\u0131ld\u0131zl\u0131 futbolcuyu riske etmemi\u015f yerine Mert M\u00fcld\u00fcr&#8217;\u00fc g\u00f6revlendirmi\u015fti.<\/p>\n<p><strong>ARDA G\u00dcLER SA\u011e KANATTA<\/strong><\/p>\n<p>Ay-y\u0131ld\u0131zl\u0131 futbolcu Arda G\u00fcler, G\u00fcrcistan kar\u015f\u0131s\u0131nda ilk 11&#8217;de ba\u015flad\u0131. Milli futbolcu, Vincenzo Montella taraf\u0131ndan sa\u011f kanatta g\u00f6revlendirildi.<\/p>\n<p>\u0130spanyol devi Real Madrid formas\u0131yla teknik direkt\u00f6r Carlo Ancelotti taraf\u0131ndan sezonun son haftalar\u0131nda sa\u011f kanatta \u015fans bulan 19 ya\u015f\u0131ndaki futbolcu, milli forma ile de ayn\u0131 b\u00f6lgede kendine yer buldu.<\/p>\n<p><strong>\u0130SPANYOL BASININDAN ARDA G\u00dcLER&#8217;E \u00d6VG\u00dc<\/strong><br \/>\n&nbsp;<br \/>\n\u0130spanya&#8217;n\u0131n spor gazeteleri internet sayfalar\u0131nda Arda G\u00fcler&#8217;i man\u015fetlerine ta\u015f\u0131d\u0131.<\/p>\n<p>Marca &#8220;T\u00fcrk kutsal\u0131 Arda G\u00fcler&#8221;, As, &#8220;Usta i\u015fi Arda G\u00fcler&#8221;, El Pais &#8220;T\u00fcrkiye G\u00fcrcistan&#8217;\u0131 Arda G\u00fcler&#8217;in m\u00fckemmel gol\u00fcyle 3-1 yeniyor&#8221;, El Mundo &#8220;G\u00fcler&#8217;in ustal\u0131\u011f\u0131 T\u00fcrkiye&#8217;ye zorlu G\u00fcrcistan&#8217;a kar\u015f\u0131 zafer kazand\u0131rd\u0131&#8221; ve Mundo Deportivo &#8220;Aman Allah\u0131m Arda G\u00fcler ne bi\u00e7im bir gol icat etti&#8221; ifadelerini ba\u015fl\u0131\u011f\u0131na \u00e7\u0131kard\u0131.<\/p>\n<p>Real Madrid&#8217;de sakatl\u0131k ve tak\u0131m i\u00e7indeki rekabetten dolay\u0131 bu sezon az s\u00fcre alan Arda G\u00fcler&#8217;i T\u00fcrkiye Milli Tak\u0131m\u0131 formas\u0131yla izlemek i\u00e7in b\u00fcy\u00fck bir beklenti oldu\u011funu vurgulayan Marca, \u015fu yorumu yapt\u0131:<\/p>\n<p>&#8220;Gen\u00e7 T\u00fcrk incisi, kendini hakl\u0131 \u00e7\u0131karmak ve d\u00fcnyaya gelece\u011fin y\u0131ld\u0131zlar\u0131ndan biri oldu\u011funu g\u00f6stermek i\u00e7in iyi bir f\u0131rsat yakalad\u0131. Ve hayal k\u0131r\u0131kl\u0131\u011f\u0131na u\u011fratmad\u0131. Harika bir futbol oynamad\u0131 ama ma\u00e7\u0131n sonucunu belirleyen \u015futu att\u0131. G\u00fcler&#8217;in pek \u00e7ok \u00f6zelli\u011fi var ama hepsinden \u00f6nemlisi nefis, ayr\u0131cal\u0131kl\u0131 bir sol ayak. Topu istedi\u011fi yere koyma becerisine sahip.&#8221;<\/p>\n<p>&nbsp;<\/p>\n<p>Marca, &#8220;Montella&#8217;n\u0131n futbolcular\u0131, T\u00fcrkiye&#8217;nin Avrupa \u015eampiyonas\u0131&#8217;na zaferle ba\u015flamas\u0131n\u0131 sa\u011flamay\u0131 ba\u015fard\u0131.&#8221; diye yazd\u0131.<\/p>\n<p>As gazetesi de &#8220;Real Madridli futbolcu, muhte\u015fem bir sol vuru\u015fla T\u00fcrkiye&#8217;ye galibiyeti ya\u015fatt\u0131.&#8221; de\u011ferlendirmesini yapt\u0131.<\/p>\n<p>Haberde &#8220;Arda G\u00fcler, Avrupa \u015eampiyonas\u0131&#8217;nda \u015f\u0131k bir g\u00f6r\u00fcn\u00fcm sergiledi. Bir ba\u015fyap\u0131ta imza att\u0131 ve yaln\u0131zca en iyilere ayr\u0131lm\u0131\u015f bir de\u011fere ula\u015ft\u0131. T\u00fcrkiye e\u015fsiz bir yetene\u011fe sahip. Sihirbaz Arda G\u00fcler, tak\u0131m\u0131n\u0131n G\u00fcrcistan kar\u015f\u0131s\u0131nda ald\u0131\u011f\u0131 galibiyetin efendisi ve ustas\u0131yd\u0131.&#8221; yorumu yap\u0131ld\u0131.<\/p>\n<p>&#8220;Real Madrid&#8217;in 19 ya\u015f\u0131ndaki yetenekli futbolcusu, Avrupa \u015eampiyonas\u0131&#8217;nda daha iyi bir \u00e7\u0131k\u0131\u015f yapamazd\u0131.&#8221; ifadelerini kullanan Mundo Deportivo da &#8220;Arda, saatte 118 km h\u0131zla att\u0131\u011f\u0131 f\u00fczeyle T\u00fcrkiye&#8217;yi G\u00fcrcistan&#8217;a kar\u015f\u0131 2-1 \u00f6ne ge\u00e7irdi.&#8221; ifadelerine yer verdi.<\/p>\n<p>El Mundo gazetesi de &#8220;Turnuvalarda baz\u0131 y\u0131ld\u0131z futbolcular var ki en az Avrupa \u015eampiyonas\u0131 kadar \u00f6nemli. Bunlardan \u00e7ok fazla yok ama buna sahip olan tak\u0131mlardaki bu futbolcular sihirleriyle trib\u00fcnde ac\u0131 \u00e7eken taraftarlar\u0131n\u0131 rahatlatma yetene\u011fine sahip. Arda G\u00fcler de bu oyunculardan biri ve belki de Ancelotti&#8217;nin onu bu kadar \u00f6vmesinin nedeni de bu. Arda, bug\u00fcn tak\u0131m\u0131n\u0131n kazanmas\u0131na yard\u0131mc\u0131 olmada belirleyici olmay\u0131 ba\u015fard\u0131.&#8221; de\u011ferlendirmesini yapt\u0131.<\/p>\n<p>&nbsp;<\/p>\n<p><strong>BAKAN OSMAN A\u015eKIN BAK, KAR\u015eILA\u015eMAYI TR\u0130B\u00dcNDE \u0130ZLED\u0130<\/strong><\/p>\n<p>A Milli Tak\u0131m&#8217;\u0131n G\u00fcrcistan ile oynad\u0131\u011f\u0131 kar\u015f\u0131la\u015fmay\u0131 Gen\u00e7lik ve Spor Bakan\u0131 Osman A\u015fk\u0131n Bak da trib\u00fcnden izledi.<\/p>\n<p>Bakan Bak, m\u00fccadeleyi UEFA Ba\u015fkan\u0131 Aleksander Ceferin, T\u00fcrkiye Futbol Federasyonu (TFF) Ba\u015fkan\u0131 Mehmet B\u00fcy\u00fckek\u015fi, A Milli Tak\u0131mlar Sorumlusu Hamit Alt\u0131ntop ve TFF Y\u00f6netim Kurulu \u00fcyeleri ile birlikte takip etti.<\/p>\n<p><strong>BVB STADYUMU KIRMIZI-BEYAZA B\u00dcR\u00dcND\u00dc<\/strong><\/p>\n<p>T\u00fcrkiye ile G\u00fcrcistan aras\u0131nda oynanan kar\u015f\u0131la\u015fma i\u00e7in trib\u00fcnler tamamen doldu.<\/p>\n<p>BVB Dortmund Stadyumu&#8217;nun b\u00fcy\u00fck b\u00f6l\u00fcm\u00fcnde T\u00fcrk taraftarlar yer ald\u0131.<\/p>\n<p>Ay-y\u0131ld\u0131zl\u0131 forma ve bayraklarla trib\u00fcnde yer alan taraftarlar, milli tak\u0131ma b\u00fcy\u00fck destek verdi.<\/p>\n","protected":false},"excerpt":{"rendered":"<p>A Milli Tak\u0131m, EURO 2024&nbsp;F Grubu ilk ma\u00e7\u0131nda G\u00fcrcistan ile kar\u015f\u0131 kar\u015f\u0131ya geldi. Ay-y\u0131ld\u0131zl\u0131lar Mert M\u00fcld\u00fcr&#8217;\u00fcn ceza sahas\u0131 d\u0131\u015f\u0131ndan 26. dakikada kaydetti\u011fi golle 1-0 \u00f6ne ge\u00e7ti. G\u00fcrcistan ise 32. dakikada Mikautadze&#8217;nin gol\u00fcyle skora denge sa\u011flad\u0131. Arda G\u00fcler, 62. dakikada kaydetti\u011fi golle T\u00fcrkiye yeniden \u00f6ne ge\u00e7ti ve 90+7. dakikada Kerem Akt\u00fcrko\u011flu&#8217;nun gol\u00fcyle sahadan 3-1 galip ayr\u0131ld\u0131.<\/p>\n","protected":false},"author":1,"featured_media":46435,"comment_status":"open","ping_status":"open","sticky":false,"template":"","format":"standard","meta":{"footnotes":""},"categories":[79],"tags":[],"class_list":["post-46434","post","type-post","status-publish","format-standard","has-post-thumbnail","hentry","category-ekonomi"],"yoast_head":"<!-- This site is optimized with the Yoast SEO plugin v27.4 - https:\/\/yoast.com\/product\/yoast-seo-wordpress\/ -->\n<title>Almanya&#039;da \u00e7ifte bayram: T\u00fcrkiye, EURO 2024&#039;e galibiyetle ba\u015flad\u0131 -<\/title>\n<meta name=\"robots\" content=\"index, follow, max-snippet:-1, max-image-preview:large, max-video-preview:-1\" \/>\n<link rel=\"canonical\" href=\"https:\/\/kibrisdakik.com\/?p=46434\" \/>\n<meta property=\"og:locale\" content=\"tr_TR\" \/>\n<meta property=\"og:type\" content=\"article\" \/>\n<meta property=\"og:title\" content=\"Almanya&#039;da \u00e7ifte bayram: T\u00fcrkiye, EURO 2024&#039;e galibiyetle ba\u015flad\u0131 -\" \/>\n<meta property=\"og:description\" content=\"A Milli Tak\u0131m, EURO 2024&nbsp;F Grubu ilk ma\u00e7\u0131nda G\u00fcrcistan ile kar\u015f\u0131 kar\u015f\u0131ya geldi. Ay-y\u0131ld\u0131zl\u0131lar Mert M\u00fcld\u00fcr&#8217;\u00fcn ceza sahas\u0131 d\u0131\u015f\u0131ndan 26. dakikada kaydetti\u011fi golle 1-0 \u00f6ne ge\u00e7ti. G\u00fcrcistan ise 32. dakikada Mikautadze&#8217;nin gol\u00fcyle skora denge sa\u011flad\u0131. Arda G\u00fcler, 62. dakikada kaydetti\u011fi golle T\u00fcrkiye yeniden \u00f6ne ge\u00e7ti ve 90+7. dakikada Kerem Akt\u00fcrko\u011flu&#8217;nun gol\u00fcyle sahadan 3-1 galip ayr\u0131ld\u0131.\" \/>\n<meta property=\"og:url\" content=\"https:\/\/kibrisdakik.com\/?p=46434\" \/>\n<meta property=\"article:published_time\" content=\"2024-06-18T19:18:49+00:00\" \/>\n<meta property=\"og:image\" content=\"https:\/\/kibrisdakik.com\/wp-content\/uploads\/2024\/06\/almanyada-cifte-bayram-turkiye-euro-2024e-galibiyetle-basladi-1718737457.webp.webp\" \/>\n\t<meta property=\"og:image:width\" content=\"710\" \/>\n\t<meta property=\"og:image:height\" content=\"370\" \/>\n\t<meta property=\"og:image:type\" content=\"image\/webp\" \/>\n<meta name=\"author\" content=\"admin\" \/>\n<meta name=\"twitter:card\" content=\"summary_large_image\" \/>\n<meta name=\"twitter:label1\" content=\"Yazan:\" \/>\n\t<meta name=\"twitter:data1\" content=\"admin\" \/>\n\t<meta name=\"twitter:label2\" content=\"Tahmini okuma s\u00fcresi\" \/>\n\t<meta name=\"twitter:data2\" content=\"5 dakika\" \/>\n<script type=\"application\/ld+json\" class=\"yoast-schema-graph\">{\"@context\":\"https:\\\/\\\/schema.org\",\"@graph\":[{\"@type\":\"Article\",\"@id\":\"https:\\\/\\\/kibrisdakik.com\\\/?p=46434#article\",\"isPartOf\":{\"@id\":\"https:\\\/\\\/kibrisdakik.com\\\/?p=46434\"},\"author\":{\"name\":\"admin\",\"@id\":\"https:\\\/\\\/kibrisdakik.com\\\/#\\\/schema\\\/person\\\/9cd9d437bbb44f72b73ba127e06d8e79\"},\"headline\":\"Almanya&#039;da \u00e7ifte bayram: T\u00fcrkiye, EURO 2024&#039;e galibiyetle ba\u015flad\u0131\",\"datePublished\":\"2024-06-18T19:18:49+00:00\",\"mainEntityOfPage\":{\"@id\":\"https:\\\/\\\/kibrisdakik.com\\\/?p=46434\"},\"wordCount\":915,\"commentCount\":0,\"image\":{\"@id\":\"https:\\\/\\\/kibrisdakik.com\\\/?p=46434#primaryimage\"},\"thumbnailUrl\":\"https:\\\/\\\/kibrisdakik.com\\\/wp-content\\\/uploads\\\/2024\\\/06\\\/almanyada-cifte-bayram-turkiye-euro-2024e-galibiyetle-basladi-1718737457.webp.webp\",\"articleSection\":[\"Ekonomi\"],\"inLanguage\":\"tr\",\"potentialAction\":[{\"@type\":\"CommentAction\",\"name\":\"Comment\",\"target\":[\"https:\\\/\\\/kibrisdakik.com\\\/?p=46434#respond\"]}]},{\"@type\":\"WebPage\",\"@id\":\"https:\\\/\\\/kibrisdakik.com\\\/?p=46434\",\"url\":\"https:\\\/\\\/kibrisdakik.com\\\/?p=46434\",\"name\":\"Almanya&#039;da \u00e7ifte bayram: T\u00fcrkiye, EURO 2024&#039;e galibiyetle ba\u015flad\u0131 -\",\"isPartOf\":{\"@id\":\"https:\\\/\\\/kibrisdakik.com\\\/#website\"},\"primaryImageOfPage\":{\"@id\":\"https:\\\/\\\/kibrisdakik.com\\\/?p=46434#primaryimage\"},\"image\":{\"@id\":\"https:\\\/\\\/kibrisdakik.com\\\/?p=46434#primaryimage\"},\"thumbnailUrl\":\"https:\\\/\\\/kibrisdakik.com\\\/wp-content\\\/uploads\\\/2024\\\/06\\\/almanyada-cifte-bayram-turkiye-euro-2024e-galibiyetle-basladi-1718737457.webp.webp\",\"datePublished\":\"2024-06-18T19:18:49+00:00\",\"author\":{\"@id\":\"https:\\\/\\\/kibrisdakik.com\\\/#\\\/schema\\\/person\\\/9cd9d437bbb44f72b73ba127e06d8e79\"},\"breadcrumb\":{\"@id\":\"https:\\\/\\\/kibrisdakik.com\\\/?p=46434#breadcrumb\"},\"inLanguage\":\"tr\",\"potentialAction\":[{\"@type\":\"ReadAction\",\"target\":[\"https:\\\/\\\/kibrisdakik.com\\\/?p=46434\"]}]},{\"@type\":\"ImageObject\",\"inLanguage\":\"tr\",\"@id\":\"https:\\\/\\\/kibrisdakik.com\\\/?p=46434#primaryimage\",\"url\":\"https:\\\/\\\/kibrisdakik.com\\\/wp-content\\\/uploads\\\/2024\\\/06\\\/almanyada-cifte-bayram-turkiye-euro-2024e-galibiyetle-basladi-1718737457.webp.webp\",\"contentUrl\":\"https:\\\/\\\/kibrisdakik.com\\\/wp-content\\\/uploads\\\/2024\\\/06\\\/almanyada-cifte-bayram-turkiye-euro-2024e-galibiyetle-basladi-1718737457.webp.webp\",\"width\":710,\"height\":370},{\"@type\":\"BreadcrumbList\",\"@id\":\"https:\\\/\\\/kibrisdakik.com\\\/?p=46434#breadcrumb\",\"itemListElement\":[{\"@type\":\"ListItem\",\"position\":1,\"name\":\"Home\",\"item\":\"https:\\\/\\\/kibrisdakik.com\\\/\"},{\"@type\":\"ListItem\",\"position\":2,\"name\":\"Almanya&#039;da \u00e7ifte bayram: T\u00fcrkiye, EURO 2024&#039;e galibiyetle ba\u015flad\u0131\"}]},{\"@type\":\"WebSite\",\"@id\":\"https:\\\/\\\/kibrisdakik.com\\\/#website\",\"url\":\"https:\\\/\\\/kibrisdakik.com\\\/\",\"name\":\"\",\"description\":\"Tam vaktinde haber\",\"potentialAction\":[{\"@type\":\"SearchAction\",\"target\":{\"@type\":\"EntryPoint\",\"urlTemplate\":\"https:\\\/\\\/kibrisdakik.com\\\/?s={search_term_string}\"},\"query-input\":{\"@type\":\"PropertyValueSpecification\",\"valueRequired\":true,\"valueName\":\"search_term_string\"}}],\"inLanguage\":\"tr\"},{\"@type\":\"Person\",\"@id\":\"https:\\\/\\\/kibrisdakik.com\\\/#\\\/schema\\\/person\\\/9cd9d437bbb44f72b73ba127e06d8e79\",\"name\":\"admin\",\"image\":{\"@type\":\"ImageObject\",\"inLanguage\":\"tr\",\"@id\":\"https:\\\/\\\/secure.gravatar.com\\\/avatar\\\/ccc17943b9d660506c869530f897617f7cb1c21a4bf30023f252596d83e1f007?s=96&d=mm&r=g\",\"url\":\"https:\\\/\\\/secure.gravatar.com\\\/avatar\\\/ccc17943b9d660506c869530f897617f7cb1c21a4bf30023f252596d83e1f007?s=96&d=mm&r=g\",\"contentUrl\":\"https:\\\/\\\/secure.gravatar.com\\\/avatar\\\/ccc17943b9d660506c869530f897617f7cb1c21a4bf30023f252596d83e1f007?s=96&d=mm&r=g\",\"caption\":\"admin\"},\"sameAs\":[\"https:\\\/\\\/kibrisdakik.com\"],\"url\":\"https:\\\/\\\/kibrisdakik.com\\\/?author=1\"}]}<\/script>\n<!-- \/ Yoast SEO plugin. -->","yoast_head_json":{"title":"Almanya&#039;da \u00e7ifte bayram: T\u00fcrkiye, EURO 2024&#039;e galibiyetle ba\u015flad\u0131 -","robots":{"index":"index","follow":"follow","max-snippet":"max-snippet:-1","max-image-preview":"max-image-preview:large","max-video-preview":"max-video-preview:-1"},"canonical":"https:\/\/kibrisdakik.com\/?p=46434","og_locale":"tr_TR","og_type":"article","og_title":"Almanya&#039;da \u00e7ifte bayram: T\u00fcrkiye, EURO 2024&#039;e galibiyetle ba\u015flad\u0131 -","og_description":"A Milli Tak\u0131m, EURO 2024&nbsp;F Grubu ilk ma\u00e7\u0131nda G\u00fcrcistan ile kar\u015f\u0131 kar\u015f\u0131ya geldi. Ay-y\u0131ld\u0131zl\u0131lar Mert M\u00fcld\u00fcr&#8217;\u00fcn ceza sahas\u0131 d\u0131\u015f\u0131ndan 26. dakikada kaydetti\u011fi golle 1-0 \u00f6ne ge\u00e7ti. G\u00fcrcistan ise 32. dakikada Mikautadze&#8217;nin gol\u00fcyle skora denge sa\u011flad\u0131. Arda G\u00fcler, 62. dakikada kaydetti\u011fi golle T\u00fcrkiye yeniden \u00f6ne ge\u00e7ti ve 90+7. dakikada Kerem Akt\u00fcrko\u011flu&#8217;nun gol\u00fcyle sahadan 3-1 galip ayr\u0131ld\u0131.","og_url":"https:\/\/kibrisdakik.com\/?p=46434","article_published_time":"2024-06-18T19:18:49+00:00","og_image":[{"width":710,"height":370,"url":"https:\/\/kibrisdakik.com\/wp-content\/uploads\/2024\/06\/almanyada-cifte-bayram-turkiye-euro-2024e-galibiyetle-basladi-1718737457.webp.webp","type":"image\/webp"}],"author":"admin","twitter_card":"summary_large_image","twitter_misc":{"Yazan:":"admin","Tahmini okuma s\u00fcresi":"5 dakika"},"schema":{"@context":"https:\/\/schema.org","@graph":[{"@type":"Article","@id":"https:\/\/kibrisdakik.com\/?p=46434#article","isPartOf":{"@id":"https:\/\/kibrisdakik.com\/?p=46434"},"author":{"name":"admin","@id":"https:\/\/kibrisdakik.com\/#\/schema\/person\/9cd9d437bbb44f72b73ba127e06d8e79"},"headline":"Almanya&#039;da \u00e7ifte bayram: T\u00fcrkiye, EURO 2024&#039;e galibiyetle ba\u015flad\u0131","datePublished":"2024-06-18T19:18:49+00:00","mainEntityOfPage":{"@id":"https:\/\/kibrisdakik.com\/?p=46434"},"wordCount":915,"commentCount":0,"image":{"@id":"https:\/\/kibrisdakik.com\/?p=46434#primaryimage"},"thumbnailUrl":"https:\/\/kibrisdakik.com\/wp-content\/uploads\/2024\/06\/almanyada-cifte-bayram-turkiye-euro-2024e-galibiyetle-basladi-1718737457.webp.webp","articleSection":["Ekonomi"],"inLanguage":"tr","potentialAction":[{"@type":"CommentAction","name":"Comment","target":["https:\/\/kibrisdakik.com\/?p=46434#respond"]}]},{"@type":"WebPage","@id":"https:\/\/kibrisdakik.com\/?p=46434","url":"https:\/\/kibrisdakik.com\/?p=46434","name":"Almanya&#039;da \u00e7ifte bayram: T\u00fcrkiye, EURO 2024&#039;e galibiyetle ba\u015flad\u0131 -","isPartOf":{"@id":"https:\/\/kibrisdakik.com\/#website"},"primaryImageOfPage":{"@id":"https:\/\/kibrisdakik.com\/?p=46434#primaryimage"},"image":{"@id":"https:\/\/kibrisdakik.com\/?p=46434#primaryimage"},"thumbnailUrl":"https:\/\/kibrisdakik.com\/wp-content\/uploads\/2024\/06\/almanyada-cifte-bayram-turkiye-euro-2024e-galibiyetle-basladi-1718737457.webp.webp","datePublished":"2024-06-18T19:18:49+00:00","author":{"@id":"https:\/\/kibrisdakik.com\/#\/schema\/person\/9cd9d437bbb44f72b73ba127e06d8e79"},"breadcrumb":{"@id":"https:\/\/kibrisdakik.com\/?p=46434#breadcrumb"},"inLanguage":"tr","potentialAction":[{"@type":"ReadAction","target":["https:\/\/kibrisdakik.com\/?p=46434"]}]},{"@type":"ImageObject","inLanguage":"tr","@id":"https:\/\/kibrisdakik.com\/?p=46434#primaryimage","url":"https:\/\/kibrisdakik.com\/wp-content\/uploads\/2024\/06\/almanyada-cifte-bayram-turkiye-euro-2024e-galibiyetle-basladi-1718737457.webp.webp","contentUrl":"https:\/\/kibrisdakik.com\/wp-content\/uploads\/2024\/06\/almanyada-cifte-bayram-turkiye-euro-2024e-galibiyetle-basladi-1718737457.webp.webp","width":710,"height":370},{"@type":"BreadcrumbList","@id":"https:\/\/kibrisdakik.com\/?p=46434#breadcrumb","itemListElement":[{"@type":"ListItem","position":1,"name":"Home","item":"https:\/\/kibrisdakik.com\/"},{"@type":"ListItem","position":2,"name":"Almanya&#039;da \u00e7ifte bayram: T\u00fcrkiye, EURO 2024&#039;e galibiyetle ba\u015flad\u0131"}]},{"@type":"WebSite","@id":"https:\/\/kibrisdakik.com\/#website","url":"https:\/\/kibrisdakik.com\/","name":"","description":"Tam vaktinde haber","potentialAction":[{"@type":"SearchAction","target":{"@type":"EntryPoint","urlTemplate":"https:\/\/kibrisdakik.com\/?s={search_term_string}"},"query-input":{"@type":"PropertyValueSpecification","valueRequired":true,"valueName":"search_term_string"}}],"inLanguage":"tr"},{"@type":"Person","@id":"https:\/\/kibrisdakik.com\/#\/schema\/person\/9cd9d437bbb44f72b73ba127e06d8e79","name":"admin","image":{"@type":"ImageObject","inLanguage":"tr","@id":"https:\/\/secure.gravatar.com\/avatar\/ccc17943b9d660506c869530f897617f7cb1c21a4bf30023f252596d83e1f007?s=96&d=mm&r=g","url":"https:\/\/secure.gravatar.com\/avatar\/ccc17943b9d660506c869530f897617f7cb1c21a4bf30023f252596d83e1f007?s=96&d=mm&r=g","contentUrl":"https:\/\/secure.gravatar.com\/avatar\/ccc17943b9d660506c869530f897617f7cb1c21a4bf30023f252596d83e1f007?s=96&d=mm&r=g","caption":"admin"},"sameAs":["https:\/\/kibrisdakik.com"],"url":"https:\/\/kibrisdakik.com\/?author=1"}]}},"_links":{"self":[{"href":"https:\/\/kibrisdakik.com\/index.php?rest_route=\/wp\/v2\/posts\/46434","targetHints":{"allow":["GET"]}}],"collection":[{"href":"https:\/\/kibrisdakik.com\/index.php?rest_route=\/wp\/v2\/posts"}],"about":[{"href":"https:\/\/kibrisdakik.com\/index.php?rest_route=\/wp\/v2\/types\/post"}],"author":[{"embeddable":true,"href":"https:\/\/kibrisdakik.com\/index.php?rest_route=\/wp\/v2\/users\/1"}],"replies":[{"embeddable":true,"href":"https:\/\/kibrisdakik.com\/index.php?rest_route=%2Fwp%2Fv2%2Fcomments&post=46434"}],"version-history":[{"count":0,"href":"https:\/\/kibrisdakik.com\/index.php?rest_route=\/wp\/v2\/posts\/46434\/revisions"}],"wp:featuredmedia":[{"embeddable":true,"href":"https:\/\/kibrisdakik.com\/index.php?rest_route=\/wp\/v2\/media\/46435"}],"wp:attachment":[{"href":"https:\/\/kibrisdakik.com\/index.php?rest_route=%2Fwp%2Fv2%2Fmedia&parent=46434"}],"wp:term":[{"taxonomy":"category","embeddable":true,"href":"https:\/\/kibrisdakik.com\/index.php?rest_route=%2Fwp%2Fv2%2Fcategories&post=46434"},{"taxonomy":"post_tag","embeddable":true,"href":"https:\/\/kibrisdakik.com\/index.php?rest_route=%2Fwp%2Fv2%2Ftags&post=46434"}],"curies":[{"name":"wp","href":"https:\/\/api.w.org\/{rel}","templated":true}]}}