{"id":46446,"date":"2024-06-19T06:36:13","date_gmt":"2024-06-19T06:36:13","guid":{"rendered":"https:\/\/kibrisdakik.com\/index.php\/2024\/06\/19\/bugun-kurban-bayraminin-son-gunu\/"},"modified":"2024-06-19T06:36:13","modified_gmt":"2024-06-19T06:36:13","slug":"bugun-kurban-bayraminin-son-gunu","status":"publish","type":"post","link":"https:\/\/kibrisdakik.com\/?p=46446","title":{"rendered":"Bug\u00fcn Kurban Bayram\u0131\u2019n\u0131n son g\u00fcn\u00fc"},"content":{"rendered":"<p><\/p>\n<div>\n<div class=\"mariselle-image-container center\">\n                <img loading=\"lazy\" decoding=\"async\" width=\"900\" height=\"418\" class=\"lazy-image\" alt=\"\" sizes=\"auto, (max-width: 900px) 100vw, 900px\" src=\"https:\/\/brtk.net\/wp-content\/uploads\/2023\/06\/27\/kurban-333333.jpg?ver=76d0ddaa1d49a705eb751bfe9026f12c\" srcset=\"https:\/\/brtk.net\/wp-content\/uploads\/2023\/06\/27\/kurban-333333.jpg?ver=76d0ddaa1d49a705eb751bfe9026f12c 900w, https:\/\/brtk.net\/wp-content\/uploads\/2023\/06\/27\/kurban-333333-300x139.jpg?ver=76d0ddaa1d49a705eb751bfe9026f12c 300w, https:\/\/brtk.net\/wp-content\/uploads\/2023\/06\/27\/kurban-333333-768x357.jpg?ver=76d0ddaa1d49a705eb751bfe9026f12c 768w\"\/>                            <\/div>\n<p>Bug\u00fcn Kurban Bayram\u0131\u2019n\u0131n son g\u00fcn\u00fc\u2026 <\/p>\n<p>\tBayram\u0131n son g\u00fcn\u00fcnde de vatanda\u015flar aile ve yak\u0131nlar\u0131na bayram ziyaretlerini s\u00fcrd\u00fcr\u00fcyor.<\/p>\n<p>\tPolis Genel M\u00fcd\u00fcrl\u00fc\u011f\u00fc, bayram boyunca 24 saat kesintisiz halk\u0131n hizmetinde  olacak\u2026<\/p>\n<p> \tPolis Genel M\u00fcd\u00fcrl\u00fc\u011f\u00fc, vatanda\u015flara, alkoll\u00fc ve s\u00fcratli ara\u00e7 kullanmamas\u0131 uyar\u0131s\u0131 yapt\u0131. Polis a\u00e7\u0131klamas\u0131nda, \u201cTrafikte \u00f6nceli\u011finiz, s\u00fcrat yapmak de\u011fil, gidece\u011finiz yere sa\u011fl\u0131kl\u0131 varmak ve sevdiklerinizle kucakla\u015fmak olsun\u201d denildi..<\/p>\n<p>\tPolis a\u00e7\u0131klamas\u0131nda, \u015fikayet ve yard\u0131m taleplerini de\u011ferlendirmek \u00fczere bayram tatili s\u00fcresince, \u201c155 Polis \u0130mdat, 199 \u0130tfaiye, 156 Narkotik\u201d ve di\u011fer telefon hatlar\u0131 ile kesintisiz olarak 24 saat halk\u0131n hizmetinde olunaca\u011f\u0131 belirtildi.<\/p>\n<p> \tBelediyeler de, her bayram oldu\u011fu gibi bu bayram da hizmetlerin aral\u0131ks\u0131z s\u00fcrd\u00fcr\u00fclebilmesi i\u00e7in tedbirlerini ald\u0131.<\/p>\n<p> \tErcan Havaliman\u0131, Kurban Bayram\u0131 ve sonras\u0131n\u0131 kapsayan 10 g\u00fcnl\u00fck s\u00fcrede \u00f6zel u\u00e7aklar hari\u00e7, tarifeli, charter ve ek seferler de dahil olmak \u00fczere 878 u\u00e7a\u011fa ve giri\u015f-\u00e7\u0131k\u0131\u015f yapan binlerce yolcuya hizmet verecek<\/p>\n<\/p><\/div>\n<p><script async\n                    defer\n                    crossorigin=\"anonymous\"\n                    src=\"https:\/\/connect.facebook.net\/tr_TR\/sdk.js#xfbml=1&#038;version=v3.3\"\n            ><\/script><\/p>\n","protected":false},"excerpt":{"rendered":"<p>Bug\u00fcn Kurban Bayram\u0131\u2019n\u0131n son g\u00fcn\u00fc\u2026 Bayram\u0131n son g\u00fcn\u00fcnde de vatanda\u015flar aile ve yak\u0131nlar\u0131na bayram ziyaretlerini s\u00fcrd\u00fcr\u00fcyor. Polis Genel M\u00fcd\u00fcrl\u00fc\u011f\u00fc, bayram boyunca 24 saat kesintisiz halk\u0131n hizmetinde olacak\u2026 Polis Genel M\u00fcd\u00fcrl\u00fc\u011f\u00fc, vatanda\u015flara, alkoll\u00fc ve s\u00fcratli ara\u00e7 kullanmamas\u0131 uyar\u0131s\u0131 yapt\u0131. Polis a\u00e7\u0131klamas\u0131nda, \u201cTrafikte \u00f6nceli\u011finiz, s\u00fcrat yapmak de\u011fil, gidece\u011finiz yere sa\u011fl\u0131kl\u0131 varmak ve sevdiklerinizle kucakla\u015fmak olsun\u201d denildi.. Polis<\/p>\n","protected":false},"author":1,"featured_media":9562,"comment_status":"open","ping_status":"open","sticky":false,"template":"","format":"standard","meta":{"footnotes":""},"categories":[1],"tags":[],"class_list":["post-46446","post","type-post","status-publish","format-standard","has-post-thumbnail","hentry","category-gundem"],"yoast_head":"<!-- This site is optimized with the Yoast SEO plugin v27.5 - https:\/\/yoast.com\/product\/yoast-seo-wordpress\/ -->\n<title>Bug\u00fcn Kurban Bayram\u0131\u2019n\u0131n son g\u00fcn\u00fc -<\/title>\n<meta name=\"robots\" content=\"index, follow, max-snippet:-1, max-image-preview:large, max-video-preview:-1\" \/>\n<link rel=\"canonical\" href=\"https:\/\/kibrisdakik.com\/?p=46446\" \/>\n<meta property=\"og:locale\" content=\"tr_TR\" \/>\n<meta property=\"og:type\" content=\"article\" \/>\n<meta property=\"og:title\" content=\"Bug\u00fcn Kurban Bayram\u0131\u2019n\u0131n son g\u00fcn\u00fc -\" \/>\n<meta property=\"og:description\" content=\"Bug\u00fcn Kurban Bayram\u0131\u2019n\u0131n son g\u00fcn\u00fc\u2026 Bayram\u0131n son g\u00fcn\u00fcnde de vatanda\u015flar aile ve yak\u0131nlar\u0131na bayram ziyaretlerini s\u00fcrd\u00fcr\u00fcyor. Polis Genel M\u00fcd\u00fcrl\u00fc\u011f\u00fc, bayram boyunca 24 saat kesintisiz halk\u0131n hizmetinde olacak\u2026 Polis Genel M\u00fcd\u00fcrl\u00fc\u011f\u00fc, vatanda\u015flara, alkoll\u00fc ve s\u00fcratli ara\u00e7 kullanmamas\u0131 uyar\u0131s\u0131 yapt\u0131. Polis a\u00e7\u0131klamas\u0131nda, \u201cTrafikte \u00f6nceli\u011finiz, s\u00fcrat yapmak de\u011fil, gidece\u011finiz yere sa\u011fl\u0131kl\u0131 varmak ve sevdiklerinizle kucakla\u015fmak olsun\u201d denildi.. Polis\" \/>\n<meta property=\"og:url\" content=\"https:\/\/kibrisdakik.com\/?p=46446\" \/>\n<meta property=\"article:published_time\" content=\"2024-06-19T06:36:13+00:00\" \/>\n<meta property=\"og:image\" content=\"https:\/\/kibrisdakik.com\/wp-content\/uploads\/2023\/06\/kurban-333333-740x418.jpg\" \/>\n\t<meta property=\"og:image:width\" content=\"900\" \/>\n\t<meta property=\"og:image:height\" content=\"418\" \/>\n\t<meta property=\"og:image:type\" content=\"image\/jpeg\" \/>\n<meta name=\"author\" content=\"admin\" \/>\n<meta name=\"twitter:card\" content=\"summary_large_image\" \/>\n<meta name=\"twitter:label1\" content=\"Yazan:\" \/>\n\t<meta name=\"twitter:data1\" content=\"admin\" \/>\n\t<meta name=\"twitter:label2\" content=\"Tahmini okuma s\u00fcresi\" \/>\n\t<meta name=\"twitter:data2\" content=\"1 dakika\" \/>\n<script type=\"application\/ld+json\" class=\"yoast-schema-graph\">{\"@context\":\"https:\\\/\\\/schema.org\",\"@graph\":[{\"@type\":\"Article\",\"@id\":\"https:\\\/\\\/kibrisdakik.com\\\/?p=46446#article\",\"isPartOf\":{\"@id\":\"https:\\\/\\\/kibrisdakik.com\\\/?p=46446\"},\"author\":{\"name\":\"admin\",\"@id\":\"https:\\\/\\\/kibrisdakik.com\\\/#\\\/schema\\\/person\\\/9cd9d437bbb44f72b73ba127e06d8e79\"},\"headline\":\"Bug\u00fcn Kurban Bayram\u0131\u2019n\u0131n son g\u00fcn\u00fc\",\"datePublished\":\"2024-06-19T06:36:13+00:00\",\"mainEntityOfPage\":{\"@id\":\"https:\\\/\\\/kibrisdakik.com\\\/?p=46446\"},\"wordCount\":186,\"commentCount\":0,\"image\":{\"@id\":\"https:\\\/\\\/kibrisdakik.com\\\/?p=46446#primaryimage\"},\"thumbnailUrl\":\"https:\\\/\\\/kibrisdakik.com\\\/wp-content\\\/uploads\\\/2023\\\/06\\\/kurban-333333-740x418.jpg\",\"articleSection\":[\"G\u00fcndem\"],\"inLanguage\":\"tr\",\"potentialAction\":[{\"@type\":\"CommentAction\",\"name\":\"Comment\",\"target\":[\"https:\\\/\\\/kibrisdakik.com\\\/?p=46446#respond\"]}]},{\"@type\":\"WebPage\",\"@id\":\"https:\\\/\\\/kibrisdakik.com\\\/?p=46446\",\"url\":\"https:\\\/\\\/kibrisdakik.com\\\/?p=46446\",\"name\":\"Bug\u00fcn Kurban Bayram\u0131\u2019n\u0131n son g\u00fcn\u00fc -\",\"isPartOf\":{\"@id\":\"https:\\\/\\\/kibrisdakik.com\\\/#website\"},\"primaryImageOfPage\":{\"@id\":\"https:\\\/\\\/kibrisdakik.com\\\/?p=46446#primaryimage\"},\"image\":{\"@id\":\"https:\\\/\\\/kibrisdakik.com\\\/?p=46446#primaryimage\"},\"thumbnailUrl\":\"https:\\\/\\\/kibrisdakik.com\\\/wp-content\\\/uploads\\\/2023\\\/06\\\/kurban-333333-740x418.jpg\",\"datePublished\":\"2024-06-19T06:36:13+00:00\",\"author\":{\"@id\":\"https:\\\/\\\/kibrisdakik.com\\\/#\\\/schema\\\/person\\\/9cd9d437bbb44f72b73ba127e06d8e79\"},\"breadcrumb\":{\"@id\":\"https:\\\/\\\/kibrisdakik.com\\\/?p=46446#breadcrumb\"},\"inLanguage\":\"tr\",\"potentialAction\":[{\"@type\":\"ReadAction\",\"target\":[\"https:\\\/\\\/kibrisdakik.com\\\/?p=46446\"]}]},{\"@type\":\"ImageObject\",\"inLanguage\":\"tr\",\"@id\":\"https:\\\/\\\/kibrisdakik.com\\\/?p=46446#primaryimage\",\"url\":\"https:\\\/\\\/kibrisdakik.com\\\/wp-content\\\/uploads\\\/2023\\\/06\\\/kurban-333333-740x418.jpg\",\"contentUrl\":\"https:\\\/\\\/kibrisdakik.com\\\/wp-content\\\/uploads\\\/2023\\\/06\\\/kurban-333333-740x418.jpg\",\"width\":900,\"height\":418},{\"@type\":\"BreadcrumbList\",\"@id\":\"https:\\\/\\\/kibrisdakik.com\\\/?p=46446#breadcrumb\",\"itemListElement\":[{\"@type\":\"ListItem\",\"position\":1,\"name\":\"Home\",\"item\":\"https:\\\/\\\/kibrisdakik.com\\\/\"},{\"@type\":\"ListItem\",\"position\":2,\"name\":\"Bug\u00fcn Kurban Bayram\u0131\u2019n\u0131n son g\u00fcn\u00fc\"}]},{\"@type\":\"WebSite\",\"@id\":\"https:\\\/\\\/kibrisdakik.com\\\/#website\",\"url\":\"https:\\\/\\\/kibrisdakik.com\\\/\",\"name\":\"\",\"description\":\"Tam vaktinde haber\",\"potentialAction\":[{\"@type\":\"SearchAction\",\"target\":{\"@type\":\"EntryPoint\",\"urlTemplate\":\"https:\\\/\\\/kibrisdakik.com\\\/?s={search_term_string}\"},\"query-input\":{\"@type\":\"PropertyValueSpecification\",\"valueRequired\":true,\"valueName\":\"search_term_string\"}}],\"inLanguage\":\"tr\"},{\"@type\":\"Person\",\"@id\":\"https:\\\/\\\/kibrisdakik.com\\\/#\\\/schema\\\/person\\\/9cd9d437bbb44f72b73ba127e06d8e79\",\"name\":\"admin\",\"image\":{\"@type\":\"ImageObject\",\"inLanguage\":\"tr\",\"@id\":\"https:\\\/\\\/secure.gravatar.com\\\/avatar\\\/ccc17943b9d660506c869530f897617f7cb1c21a4bf30023f252596d83e1f007?s=96&d=mm&r=g\",\"url\":\"https:\\\/\\\/secure.gravatar.com\\\/avatar\\\/ccc17943b9d660506c869530f897617f7cb1c21a4bf30023f252596d83e1f007?s=96&d=mm&r=g\",\"contentUrl\":\"https:\\\/\\\/secure.gravatar.com\\\/avatar\\\/ccc17943b9d660506c869530f897617f7cb1c21a4bf30023f252596d83e1f007?s=96&d=mm&r=g\",\"caption\":\"admin\"},\"sameAs\":[\"https:\\\/\\\/kibrisdakik.com\"],\"url\":\"https:\\\/\\\/kibrisdakik.com\\\/?author=1\"}]}<\/script>\n<!-- \/ Yoast SEO plugin. -->","yoast_head_json":{"title":"Bug\u00fcn Kurban Bayram\u0131\u2019n\u0131n son g\u00fcn\u00fc -","robots":{"index":"index","follow":"follow","max-snippet":"max-snippet:-1","max-image-preview":"max-image-preview:large","max-video-preview":"max-video-preview:-1"},"canonical":"https:\/\/kibrisdakik.com\/?p=46446","og_locale":"tr_TR","og_type":"article","og_title":"Bug\u00fcn Kurban Bayram\u0131\u2019n\u0131n son g\u00fcn\u00fc -","og_description":"Bug\u00fcn Kurban Bayram\u0131\u2019n\u0131n son g\u00fcn\u00fc\u2026 Bayram\u0131n son g\u00fcn\u00fcnde de vatanda\u015flar aile ve yak\u0131nlar\u0131na bayram ziyaretlerini s\u00fcrd\u00fcr\u00fcyor. Polis Genel M\u00fcd\u00fcrl\u00fc\u011f\u00fc, bayram boyunca 24 saat kesintisiz halk\u0131n hizmetinde olacak\u2026 Polis Genel M\u00fcd\u00fcrl\u00fc\u011f\u00fc, vatanda\u015flara, alkoll\u00fc ve s\u00fcratli ara\u00e7 kullanmamas\u0131 uyar\u0131s\u0131 yapt\u0131. Polis a\u00e7\u0131klamas\u0131nda, \u201cTrafikte \u00f6nceli\u011finiz, s\u00fcrat yapmak de\u011fil, gidece\u011finiz yere sa\u011fl\u0131kl\u0131 varmak ve sevdiklerinizle kucakla\u015fmak olsun\u201d denildi.. Polis","og_url":"https:\/\/kibrisdakik.com\/?p=46446","article_published_time":"2024-06-19T06:36:13+00:00","og_image":[{"width":900,"height":418,"url":"https:\/\/kibrisdakik.com\/wp-content\/uploads\/2023\/06\/kurban-333333-740x418.jpg","type":"image\/jpeg"}],"author":"admin","twitter_card":"summary_large_image","twitter_misc":{"Yazan:":"admin","Tahmini okuma s\u00fcresi":"1 dakika"},"schema":{"@context":"https:\/\/schema.org","@graph":[{"@type":"Article","@id":"https:\/\/kibrisdakik.com\/?p=46446#article","isPartOf":{"@id":"https:\/\/kibrisdakik.com\/?p=46446"},"author":{"name":"admin","@id":"https:\/\/kibrisdakik.com\/#\/schema\/person\/9cd9d437bbb44f72b73ba127e06d8e79"},"headline":"Bug\u00fcn Kurban Bayram\u0131\u2019n\u0131n son g\u00fcn\u00fc","datePublished":"2024-06-19T06:36:13+00:00","mainEntityOfPage":{"@id":"https:\/\/kibrisdakik.com\/?p=46446"},"wordCount":186,"commentCount":0,"image":{"@id":"https:\/\/kibrisdakik.com\/?p=46446#primaryimage"},"thumbnailUrl":"https:\/\/kibrisdakik.com\/wp-content\/uploads\/2023\/06\/kurban-333333-740x418.jpg","articleSection":["G\u00fcndem"],"inLanguage":"tr","potentialAction":[{"@type":"CommentAction","name":"Comment","target":["https:\/\/kibrisdakik.com\/?p=46446#respond"]}]},{"@type":"WebPage","@id":"https:\/\/kibrisdakik.com\/?p=46446","url":"https:\/\/kibrisdakik.com\/?p=46446","name":"Bug\u00fcn Kurban Bayram\u0131\u2019n\u0131n son g\u00fcn\u00fc -","isPartOf":{"@id":"https:\/\/kibrisdakik.com\/#website"},"primaryImageOfPage":{"@id":"https:\/\/kibrisdakik.com\/?p=46446#primaryimage"},"image":{"@id":"https:\/\/kibrisdakik.com\/?p=46446#primaryimage"},"thumbnailUrl":"https:\/\/kibrisdakik.com\/wp-content\/uploads\/2023\/06\/kurban-333333-740x418.jpg","datePublished":"2024-06-19T06:36:13+00:00","author":{"@id":"https:\/\/kibrisdakik.com\/#\/schema\/person\/9cd9d437bbb44f72b73ba127e06d8e79"},"breadcrumb":{"@id":"https:\/\/kibrisdakik.com\/?p=46446#breadcrumb"},"inLanguage":"tr","potentialAction":[{"@type":"ReadAction","target":["https:\/\/kibrisdakik.com\/?p=46446"]}]},{"@type":"ImageObject","inLanguage":"tr","@id":"https:\/\/kibrisdakik.com\/?p=46446#primaryimage","url":"https:\/\/kibrisdakik.com\/wp-content\/uploads\/2023\/06\/kurban-333333-740x418.jpg","contentUrl":"https:\/\/kibrisdakik.com\/wp-content\/uploads\/2023\/06\/kurban-333333-740x418.jpg","width":900,"height":418},{"@type":"BreadcrumbList","@id":"https:\/\/kibrisdakik.com\/?p=46446#breadcrumb","itemListElement":[{"@type":"ListItem","position":1,"name":"Home","item":"https:\/\/kibrisdakik.com\/"},{"@type":"ListItem","position":2,"name":"Bug\u00fcn Kurban Bayram\u0131\u2019n\u0131n son g\u00fcn\u00fc"}]},{"@type":"WebSite","@id":"https:\/\/kibrisdakik.com\/#website","url":"https:\/\/kibrisdakik.com\/","name":"","description":"Tam vaktinde haber","potentialAction":[{"@type":"SearchAction","target":{"@type":"EntryPoint","urlTemplate":"https:\/\/kibrisdakik.com\/?s={search_term_string}"},"query-input":{"@type":"PropertyValueSpecification","valueRequired":true,"valueName":"search_term_string"}}],"inLanguage":"tr"},{"@type":"Person","@id":"https:\/\/kibrisdakik.com\/#\/schema\/person\/9cd9d437bbb44f72b73ba127e06d8e79","name":"admin","image":{"@type":"ImageObject","inLanguage":"tr","@id":"https:\/\/secure.gravatar.com\/avatar\/ccc17943b9d660506c869530f897617f7cb1c21a4bf30023f252596d83e1f007?s=96&d=mm&r=g","url":"https:\/\/secure.gravatar.com\/avatar\/ccc17943b9d660506c869530f897617f7cb1c21a4bf30023f252596d83e1f007?s=96&d=mm&r=g","contentUrl":"https:\/\/secure.gravatar.com\/avatar\/ccc17943b9d660506c869530f897617f7cb1c21a4bf30023f252596d83e1f007?s=96&d=mm&r=g","caption":"admin"},"sameAs":["https:\/\/kibrisdakik.com"],"url":"https:\/\/kibrisdakik.com\/?author=1"}]}},"_links":{"self":[{"href":"https:\/\/kibrisdakik.com\/index.php?rest_route=\/wp\/v2\/posts\/46446","targetHints":{"allow":["GET"]}}],"collection":[{"href":"https:\/\/kibrisdakik.com\/index.php?rest_route=\/wp\/v2\/posts"}],"about":[{"href":"https:\/\/kibrisdakik.com\/index.php?rest_route=\/wp\/v2\/types\/post"}],"author":[{"embeddable":true,"href":"https:\/\/kibrisdakik.com\/index.php?rest_route=\/wp\/v2\/users\/1"}],"replies":[{"embeddable":true,"href":"https:\/\/kibrisdakik.com\/index.php?rest_route=%2Fwp%2Fv2%2Fcomments&post=46446"}],"version-history":[{"count":0,"href":"https:\/\/kibrisdakik.com\/index.php?rest_route=\/wp\/v2\/posts\/46446\/revisions"}],"wp:featuredmedia":[{"embeddable":true,"href":"https:\/\/kibrisdakik.com\/index.php?rest_route=\/wp\/v2\/media\/9562"}],"wp:attachment":[{"href":"https:\/\/kibrisdakik.com\/index.php?rest_route=%2Fwp%2Fv2%2Fmedia&parent=46446"}],"wp:term":[{"taxonomy":"category","embeddable":true,"href":"https:\/\/kibrisdakik.com\/index.php?rest_route=%2Fwp%2Fv2%2Fcategories&post=46446"},{"taxonomy":"post_tag","embeddable":true,"href":"https:\/\/kibrisdakik.com\/index.php?rest_route=%2Fwp%2Fv2%2Ftags&post=46446"}],"curies":[{"name":"wp","href":"https:\/\/api.w.org\/{rel}","templated":true}]}}