{"id":46499,"date":"2024-06-19T14:44:55","date_gmt":"2024-06-19T14:44:55","guid":{"rendered":"https:\/\/kibrisdakik.com\/index.php\/2024\/06\/19\/brtk-muduru-ozkurt-hasan-civisillinin-vefati-nedeniyle-taziye-mesaji-yayimlad\/"},"modified":"2024-06-19T14:44:55","modified_gmt":"2024-06-19T14:44:55","slug":"brtk-muduru-ozkurt-hasan-civisillinin-vefati-nedeniyle-taziye-mesaji-yayimlad","status":"publish","type":"post","link":"https:\/\/kibrisdakik.com\/?p=46499","title":{"rendered":"BRTK M\u00fcd\u00fcr\u00fc \u00d6zkurt, Hasan Civisilli\u2019nin vefat\u0131 nedeniyle taziye mesaj\u0131 yay\u0131mlad"},"content":{"rendered":"<p><\/p>\n<div>\n<div class=\"mariselle-image-container center\">\n                <img loading=\"lazy\" decoding=\"async\" width=\"414\" height=\"414\" class=\"lazy-image\" alt=\"\" sizes=\"auto, (max-width: 414px) 100vw, 414px\" src=\"https:\/\/brtk.net\/wp-content\/uploads\/2024\/06\/19\/hasan-civisilli-32.jpg?ver=a658b3d29c311e8ab4fdf9eeb9d875fb\" srcset=\"https:\/\/brtk.net\/wp-content\/uploads\/2024\/06\/19\/hasan-civisilli-32.jpg?ver=a658b3d29c311e8ab4fdf9eeb9d875fb 414w, https:\/\/brtk.net\/wp-content\/uploads\/2024\/06\/19\/hasan-civisilli-32-300x300.jpg?ver=1175f36a3740117bd75f765c3d596766 300w, https:\/\/brtk.net\/wp-content\/uploads\/2024\/06\/19\/hasan-civisilli-32-150x150.jpg?ver=1175f36a3740117bd75f765c3d596766 150w\"\/>                            <\/div>\n<p>\t Bayrak Radyo Televizyon Kurumu\u2019na uzun y\u0131llar hizmet veren Hasan Civisilli vefat etti.<\/p>\n<p> \tHasan Civisilli, ge\u00e7irdi\u011fi ani rahats\u0131zl\u0131k sonucunda 64 ya\u015f\u0131nda hayata g\u00f6zlerini yumdu.<\/p>\n<p> \tCivisilli\u2019nin vefat\u0131 ba\u015fta ailesi olmak \u00fczere sevenlerini yasa bo\u011fdu.<\/p>\n<p> \tMerhumun cenazesi yar\u0131n \u0130skele\u2019de k\u0131l\u0131nacak \u00f6\u011fle namaz\u0131na m\u00fcteakip cenaze namaz\u0131 sonras\u0131nda \u0130skele Kabristanl\u0131\u011f\u0131\u2019na defnedilecek.<\/p>\n<p> \tBayrak Radyo Televizyon Kurumu M\u00fcd\u00fcr\u00fc Meryem \u00d6zkurt, yay\u0131mlad\u0131\u011f\u0131 mesajda, Hasan Civisilli\u2019nin vefat\u0131ndan duydu\u011fu \u00fcz\u00fcnt\u00fcy\u00fc dile getirdi. <\/p>\n<p> \t\u00d6zkurt, Civisilli\u2019nin ailesi ve sevenlerine ba\u015fsa\u011fl\u0131\u011f\u0131 diledi.<\/p>\n<\/p><\/div>\n<p><script async\n                    defer\n                    crossorigin=\"anonymous\"\n                    src=\"https:\/\/connect.facebook.net\/tr_TR\/sdk.js#xfbml=1&#038;version=v3.3\"\n            ><\/script><\/p>\n","protected":false},"excerpt":{"rendered":"<p>Bayrak Radyo Televizyon Kurumu\u2019na uzun y\u0131llar hizmet veren Hasan Civisilli vefat etti. Hasan Civisilli, ge\u00e7irdi\u011fi ani rahats\u0131zl\u0131k sonucunda 64 ya\u015f\u0131nda hayata g\u00f6zlerini yumdu. Civisilli\u2019nin vefat\u0131 ba\u015fta ailesi olmak \u00fczere sevenlerini yasa bo\u011fdu. Merhumun cenazesi yar\u0131n \u0130skele\u2019de k\u0131l\u0131nacak \u00f6\u011fle namaz\u0131na m\u00fcteakip cenaze namaz\u0131 sonras\u0131nda \u0130skele Kabristanl\u0131\u011f\u0131\u2019na defnedilecek. Bayrak Radyo Televizyon Kurumu M\u00fcd\u00fcr\u00fc Meryem \u00d6zkurt, yay\u0131mlad\u0131\u011f\u0131 mesajda,<\/p>\n","protected":false},"author":1,"featured_media":46500,"comment_status":"open","ping_status":"open","sticky":false,"template":"","format":"standard","meta":{"footnotes":""},"categories":[1],"tags":[],"class_list":["post-46499","post","type-post","status-publish","format-standard","has-post-thumbnail","hentry","category-gundem"],"yoast_head":"<!-- This site is optimized with the Yoast SEO plugin v27.5 - https:\/\/yoast.com\/product\/yoast-seo-wordpress\/ -->\n<title>BRTK M\u00fcd\u00fcr\u00fc \u00d6zkurt, Hasan Civisilli\u2019nin vefat\u0131 nedeniyle taziye mesaj\u0131 yay\u0131mlad -<\/title>\n<meta name=\"robots\" content=\"index, follow, max-snippet:-1, max-image-preview:large, max-video-preview:-1\" \/>\n<link rel=\"canonical\" href=\"https:\/\/kibrisdakik.com\/?p=46499\" \/>\n<meta property=\"og:locale\" content=\"tr_TR\" \/>\n<meta property=\"og:type\" content=\"article\" \/>\n<meta property=\"og:title\" content=\"BRTK M\u00fcd\u00fcr\u00fc \u00d6zkurt, Hasan Civisilli\u2019nin vefat\u0131 nedeniyle taziye mesaj\u0131 yay\u0131mlad -\" \/>\n<meta property=\"og:description\" content=\"Bayrak Radyo Televizyon Kurumu\u2019na uzun y\u0131llar hizmet veren Hasan Civisilli vefat etti. Hasan Civisilli, ge\u00e7irdi\u011fi ani rahats\u0131zl\u0131k sonucunda 64 ya\u015f\u0131nda hayata g\u00f6zlerini yumdu. Civisilli\u2019nin vefat\u0131 ba\u015fta ailesi olmak \u00fczere sevenlerini yasa bo\u011fdu. Merhumun cenazesi yar\u0131n \u0130skele\u2019de k\u0131l\u0131nacak \u00f6\u011fle namaz\u0131na m\u00fcteakip cenaze namaz\u0131 sonras\u0131nda \u0130skele Kabristanl\u0131\u011f\u0131\u2019na defnedilecek. Bayrak Radyo Televizyon Kurumu M\u00fcd\u00fcr\u00fc Meryem \u00d6zkurt, yay\u0131mlad\u0131\u011f\u0131 mesajda,\" \/>\n<meta property=\"og:url\" content=\"https:\/\/kibrisdakik.com\/?p=46499\" \/>\n<meta property=\"article:published_time\" content=\"2024-06-19T14:44:55+00:00\" \/>\n<meta property=\"og:image\" content=\"https:\/\/kibrisdakik.com\/wp-content\/uploads\/2024\/06\/hasan-civisilli-32.jpg\" \/>\n\t<meta property=\"og:image:width\" content=\"414\" \/>\n\t<meta property=\"og:image:height\" content=\"414\" \/>\n\t<meta property=\"og:image:type\" content=\"image\/jpeg\" \/>\n<meta name=\"author\" content=\"admin\" \/>\n<meta name=\"twitter:card\" content=\"summary_large_image\" \/>\n<meta name=\"twitter:label1\" content=\"Yazan:\" \/>\n\t<meta name=\"twitter:data1\" content=\"admin\" \/>\n<script type=\"application\/ld+json\" class=\"yoast-schema-graph\">{\"@context\":\"https:\\\/\\\/schema.org\",\"@graph\":[{\"@type\":\"Article\",\"@id\":\"https:\\\/\\\/kibrisdakik.com\\\/?p=46499#article\",\"isPartOf\":{\"@id\":\"https:\\\/\\\/kibrisdakik.com\\\/?p=46499\"},\"author\":{\"name\":\"admin\",\"@id\":\"https:\\\/\\\/kibrisdakik.com\\\/#\\\/schema\\\/person\\\/9cd9d437bbb44f72b73ba127e06d8e79\"},\"headline\":\"BRTK M\u00fcd\u00fcr\u00fc \u00d6zkurt, Hasan Civisilli\u2019nin vefat\u0131 nedeniyle taziye mesaj\u0131 yay\u0131mlad\",\"datePublished\":\"2024-06-19T14:44:55+00:00\",\"mainEntityOfPage\":{\"@id\":\"https:\\\/\\\/kibrisdakik.com\\\/?p=46499\"},\"wordCount\":112,\"commentCount\":0,\"image\":{\"@id\":\"https:\\\/\\\/kibrisdakik.com\\\/?p=46499#primaryimage\"},\"thumbnailUrl\":\"https:\\\/\\\/kibrisdakik.com\\\/wp-content\\\/uploads\\\/2024\\\/06\\\/hasan-civisilli-32.jpg\",\"articleSection\":[\"G\u00fcndem\"],\"inLanguage\":\"tr\",\"potentialAction\":[{\"@type\":\"CommentAction\",\"name\":\"Comment\",\"target\":[\"https:\\\/\\\/kibrisdakik.com\\\/?p=46499#respond\"]}]},{\"@type\":\"WebPage\",\"@id\":\"https:\\\/\\\/kibrisdakik.com\\\/?p=46499\",\"url\":\"https:\\\/\\\/kibrisdakik.com\\\/?p=46499\",\"name\":\"BRTK M\u00fcd\u00fcr\u00fc \u00d6zkurt, Hasan Civisilli\u2019nin vefat\u0131 nedeniyle taziye mesaj\u0131 yay\u0131mlad -\",\"isPartOf\":{\"@id\":\"https:\\\/\\\/kibrisdakik.com\\\/#website\"},\"primaryImageOfPage\":{\"@id\":\"https:\\\/\\\/kibrisdakik.com\\\/?p=46499#primaryimage\"},\"image\":{\"@id\":\"https:\\\/\\\/kibrisdakik.com\\\/?p=46499#primaryimage\"},\"thumbnailUrl\":\"https:\\\/\\\/kibrisdakik.com\\\/wp-content\\\/uploads\\\/2024\\\/06\\\/hasan-civisilli-32.jpg\",\"datePublished\":\"2024-06-19T14:44:55+00:00\",\"author\":{\"@id\":\"https:\\\/\\\/kibrisdakik.com\\\/#\\\/schema\\\/person\\\/9cd9d437bbb44f72b73ba127e06d8e79\"},\"breadcrumb\":{\"@id\":\"https:\\\/\\\/kibrisdakik.com\\\/?p=46499#breadcrumb\"},\"inLanguage\":\"tr\",\"potentialAction\":[{\"@type\":\"ReadAction\",\"target\":[\"https:\\\/\\\/kibrisdakik.com\\\/?p=46499\"]}]},{\"@type\":\"ImageObject\",\"inLanguage\":\"tr\",\"@id\":\"https:\\\/\\\/kibrisdakik.com\\\/?p=46499#primaryimage\",\"url\":\"https:\\\/\\\/kibrisdakik.com\\\/wp-content\\\/uploads\\\/2024\\\/06\\\/hasan-civisilli-32.jpg\",\"contentUrl\":\"https:\\\/\\\/kibrisdakik.com\\\/wp-content\\\/uploads\\\/2024\\\/06\\\/hasan-civisilli-32.jpg\",\"width\":414,\"height\":414},{\"@type\":\"BreadcrumbList\",\"@id\":\"https:\\\/\\\/kibrisdakik.com\\\/?p=46499#breadcrumb\",\"itemListElement\":[{\"@type\":\"ListItem\",\"position\":1,\"name\":\"Home\",\"item\":\"https:\\\/\\\/kibrisdakik.com\\\/\"},{\"@type\":\"ListItem\",\"position\":2,\"name\":\"BRTK M\u00fcd\u00fcr\u00fc \u00d6zkurt, Hasan Civisilli\u2019nin vefat\u0131 nedeniyle taziye mesaj\u0131 yay\u0131mlad\"}]},{\"@type\":\"WebSite\",\"@id\":\"https:\\\/\\\/kibrisdakik.com\\\/#website\",\"url\":\"https:\\\/\\\/kibrisdakik.com\\\/\",\"name\":\"\",\"description\":\"Tam vaktinde haber\",\"potentialAction\":[{\"@type\":\"SearchAction\",\"target\":{\"@type\":\"EntryPoint\",\"urlTemplate\":\"https:\\\/\\\/kibrisdakik.com\\\/?s={search_term_string}\"},\"query-input\":{\"@type\":\"PropertyValueSpecification\",\"valueRequired\":true,\"valueName\":\"search_term_string\"}}],\"inLanguage\":\"tr\"},{\"@type\":\"Person\",\"@id\":\"https:\\\/\\\/kibrisdakik.com\\\/#\\\/schema\\\/person\\\/9cd9d437bbb44f72b73ba127e06d8e79\",\"name\":\"admin\",\"image\":{\"@type\":\"ImageObject\",\"inLanguage\":\"tr\",\"@id\":\"https:\\\/\\\/secure.gravatar.com\\\/avatar\\\/ccc17943b9d660506c869530f897617f7cb1c21a4bf30023f252596d83e1f007?s=96&d=mm&r=g\",\"url\":\"https:\\\/\\\/secure.gravatar.com\\\/avatar\\\/ccc17943b9d660506c869530f897617f7cb1c21a4bf30023f252596d83e1f007?s=96&d=mm&r=g\",\"contentUrl\":\"https:\\\/\\\/secure.gravatar.com\\\/avatar\\\/ccc17943b9d660506c869530f897617f7cb1c21a4bf30023f252596d83e1f007?s=96&d=mm&r=g\",\"caption\":\"admin\"},\"sameAs\":[\"https:\\\/\\\/kibrisdakik.com\"],\"url\":\"https:\\\/\\\/kibrisdakik.com\\\/?author=1\"}]}<\/script>\n<!-- \/ Yoast SEO plugin. -->","yoast_head_json":{"title":"BRTK M\u00fcd\u00fcr\u00fc \u00d6zkurt, Hasan Civisilli\u2019nin vefat\u0131 nedeniyle taziye mesaj\u0131 yay\u0131mlad -","robots":{"index":"index","follow":"follow","max-snippet":"max-snippet:-1","max-image-preview":"max-image-preview:large","max-video-preview":"max-video-preview:-1"},"canonical":"https:\/\/kibrisdakik.com\/?p=46499","og_locale":"tr_TR","og_type":"article","og_title":"BRTK M\u00fcd\u00fcr\u00fc \u00d6zkurt, Hasan Civisilli\u2019nin vefat\u0131 nedeniyle taziye mesaj\u0131 yay\u0131mlad -","og_description":"Bayrak Radyo Televizyon Kurumu\u2019na uzun y\u0131llar hizmet veren Hasan Civisilli vefat etti. Hasan Civisilli, ge\u00e7irdi\u011fi ani rahats\u0131zl\u0131k sonucunda 64 ya\u015f\u0131nda hayata g\u00f6zlerini yumdu. Civisilli\u2019nin vefat\u0131 ba\u015fta ailesi olmak \u00fczere sevenlerini yasa bo\u011fdu. Merhumun cenazesi yar\u0131n \u0130skele\u2019de k\u0131l\u0131nacak \u00f6\u011fle namaz\u0131na m\u00fcteakip cenaze namaz\u0131 sonras\u0131nda \u0130skele Kabristanl\u0131\u011f\u0131\u2019na defnedilecek. Bayrak Radyo Televizyon Kurumu M\u00fcd\u00fcr\u00fc Meryem \u00d6zkurt, yay\u0131mlad\u0131\u011f\u0131 mesajda,","og_url":"https:\/\/kibrisdakik.com\/?p=46499","article_published_time":"2024-06-19T14:44:55+00:00","og_image":[{"width":414,"height":414,"url":"https:\/\/kibrisdakik.com\/wp-content\/uploads\/2024\/06\/hasan-civisilli-32.jpg","type":"image\/jpeg"}],"author":"admin","twitter_card":"summary_large_image","twitter_misc":{"Yazan:":"admin"},"schema":{"@context":"https:\/\/schema.org","@graph":[{"@type":"Article","@id":"https:\/\/kibrisdakik.com\/?p=46499#article","isPartOf":{"@id":"https:\/\/kibrisdakik.com\/?p=46499"},"author":{"name":"admin","@id":"https:\/\/kibrisdakik.com\/#\/schema\/person\/9cd9d437bbb44f72b73ba127e06d8e79"},"headline":"BRTK M\u00fcd\u00fcr\u00fc \u00d6zkurt, Hasan Civisilli\u2019nin vefat\u0131 nedeniyle taziye mesaj\u0131 yay\u0131mlad","datePublished":"2024-06-19T14:44:55+00:00","mainEntityOfPage":{"@id":"https:\/\/kibrisdakik.com\/?p=46499"},"wordCount":112,"commentCount":0,"image":{"@id":"https:\/\/kibrisdakik.com\/?p=46499#primaryimage"},"thumbnailUrl":"https:\/\/kibrisdakik.com\/wp-content\/uploads\/2024\/06\/hasan-civisilli-32.jpg","articleSection":["G\u00fcndem"],"inLanguage":"tr","potentialAction":[{"@type":"CommentAction","name":"Comment","target":["https:\/\/kibrisdakik.com\/?p=46499#respond"]}]},{"@type":"WebPage","@id":"https:\/\/kibrisdakik.com\/?p=46499","url":"https:\/\/kibrisdakik.com\/?p=46499","name":"BRTK M\u00fcd\u00fcr\u00fc \u00d6zkurt, Hasan Civisilli\u2019nin vefat\u0131 nedeniyle taziye mesaj\u0131 yay\u0131mlad -","isPartOf":{"@id":"https:\/\/kibrisdakik.com\/#website"},"primaryImageOfPage":{"@id":"https:\/\/kibrisdakik.com\/?p=46499#primaryimage"},"image":{"@id":"https:\/\/kibrisdakik.com\/?p=46499#primaryimage"},"thumbnailUrl":"https:\/\/kibrisdakik.com\/wp-content\/uploads\/2024\/06\/hasan-civisilli-32.jpg","datePublished":"2024-06-19T14:44:55+00:00","author":{"@id":"https:\/\/kibrisdakik.com\/#\/schema\/person\/9cd9d437bbb44f72b73ba127e06d8e79"},"breadcrumb":{"@id":"https:\/\/kibrisdakik.com\/?p=46499#breadcrumb"},"inLanguage":"tr","potentialAction":[{"@type":"ReadAction","target":["https:\/\/kibrisdakik.com\/?p=46499"]}]},{"@type":"ImageObject","inLanguage":"tr","@id":"https:\/\/kibrisdakik.com\/?p=46499#primaryimage","url":"https:\/\/kibrisdakik.com\/wp-content\/uploads\/2024\/06\/hasan-civisilli-32.jpg","contentUrl":"https:\/\/kibrisdakik.com\/wp-content\/uploads\/2024\/06\/hasan-civisilli-32.jpg","width":414,"height":414},{"@type":"BreadcrumbList","@id":"https:\/\/kibrisdakik.com\/?p=46499#breadcrumb","itemListElement":[{"@type":"ListItem","position":1,"name":"Home","item":"https:\/\/kibrisdakik.com\/"},{"@type":"ListItem","position":2,"name":"BRTK M\u00fcd\u00fcr\u00fc \u00d6zkurt, Hasan Civisilli\u2019nin vefat\u0131 nedeniyle taziye mesaj\u0131 yay\u0131mlad"}]},{"@type":"WebSite","@id":"https:\/\/kibrisdakik.com\/#website","url":"https:\/\/kibrisdakik.com\/","name":"","description":"Tam vaktinde haber","potentialAction":[{"@type":"SearchAction","target":{"@type":"EntryPoint","urlTemplate":"https:\/\/kibrisdakik.com\/?s={search_term_string}"},"query-input":{"@type":"PropertyValueSpecification","valueRequired":true,"valueName":"search_term_string"}}],"inLanguage":"tr"},{"@type":"Person","@id":"https:\/\/kibrisdakik.com\/#\/schema\/person\/9cd9d437bbb44f72b73ba127e06d8e79","name":"admin","image":{"@type":"ImageObject","inLanguage":"tr","@id":"https:\/\/secure.gravatar.com\/avatar\/ccc17943b9d660506c869530f897617f7cb1c21a4bf30023f252596d83e1f007?s=96&d=mm&r=g","url":"https:\/\/secure.gravatar.com\/avatar\/ccc17943b9d660506c869530f897617f7cb1c21a4bf30023f252596d83e1f007?s=96&d=mm&r=g","contentUrl":"https:\/\/secure.gravatar.com\/avatar\/ccc17943b9d660506c869530f897617f7cb1c21a4bf30023f252596d83e1f007?s=96&d=mm&r=g","caption":"admin"},"sameAs":["https:\/\/kibrisdakik.com"],"url":"https:\/\/kibrisdakik.com\/?author=1"}]}},"_links":{"self":[{"href":"https:\/\/kibrisdakik.com\/index.php?rest_route=\/wp\/v2\/posts\/46499","targetHints":{"allow":["GET"]}}],"collection":[{"href":"https:\/\/kibrisdakik.com\/index.php?rest_route=\/wp\/v2\/posts"}],"about":[{"href":"https:\/\/kibrisdakik.com\/index.php?rest_route=\/wp\/v2\/types\/post"}],"author":[{"embeddable":true,"href":"https:\/\/kibrisdakik.com\/index.php?rest_route=\/wp\/v2\/users\/1"}],"replies":[{"embeddable":true,"href":"https:\/\/kibrisdakik.com\/index.php?rest_route=%2Fwp%2Fv2%2Fcomments&post=46499"}],"version-history":[{"count":0,"href":"https:\/\/kibrisdakik.com\/index.php?rest_route=\/wp\/v2\/posts\/46499\/revisions"}],"wp:featuredmedia":[{"embeddable":true,"href":"https:\/\/kibrisdakik.com\/index.php?rest_route=\/wp\/v2\/media\/46500"}],"wp:attachment":[{"href":"https:\/\/kibrisdakik.com\/index.php?rest_route=%2Fwp%2Fv2%2Fmedia&parent=46499"}],"wp:term":[{"taxonomy":"category","embeddable":true,"href":"https:\/\/kibrisdakik.com\/index.php?rest_route=%2Fwp%2Fv2%2Fcategories&post=46499"},{"taxonomy":"post_tag","embeddable":true,"href":"https:\/\/kibrisdakik.com\/index.php?rest_route=%2Fwp%2Fv2%2Ftags&post=46499"}],"curies":[{"name":"wp","href":"https:\/\/api.w.org\/{rel}","templated":true}]}}