{"id":46549,"date":"2024-06-20T07:02:04","date_gmt":"2024-06-20T07:02:04","guid":{"rendered":"https:\/\/kibrisdakik.com\/index.php\/2024\/06\/20\/cumhurbaskani-tatarsehitlerimizi-ne-unuturuz-ne-unuttururuz\/"},"modified":"2024-06-20T07:02:04","modified_gmt":"2024-06-20T07:02:04","slug":"cumhurbaskani-tatarsehitlerimizi-ne-unuturuz-ne-unuttururuz","status":"publish","type":"post","link":"https:\/\/kibrisdakik.com\/?p=46549","title":{"rendered":"Cumhurba\u015fkan\u0131 Tatar:\u015eehitlerimizi ne unuturuz, ne unuttururuz"},"content":{"rendered":"<p><\/p>\n<div>\n<div class=\"mariselle-image-container center\">\n                <img loading=\"lazy\" decoding=\"async\" width=\"2048\" height=\"927\" class=\"lazy-image\" alt=\"\" sizes=\"auto, (max-width: 2048px) 100vw, 2048px\" src=\"https:\/\/brtk.net\/wp-content\/uploads\/2024\/06\/20\/64654.jpg?ver=662c5e56ab0fc4c94d0b623c6c5db7f4\" srcset=\"https:\/\/brtk.net\/wp-content\/uploads\/2024\/06\/20\/64654.jpg?ver=662c5e56ab0fc4c94d0b623c6c5db7f4 2048w, https:\/\/brtk.net\/wp-content\/uploads\/2024\/06\/20\/64654-300x136.jpg?ver=af6e61faea3a488cbc0552f2712b895d 300w, https:\/\/brtk.net\/wp-content\/uploads\/2024\/06\/20\/64654-1024x464.jpg?ver=af6e61faea3a488cbc0552f2712b895d 1024w, https:\/\/brtk.net\/wp-content\/uploads\/2024\/06\/20\/64654-768x348.jpg?ver=af6e61faea3a488cbc0552f2712b895d 768w, https:\/\/brtk.net\/wp-content\/uploads\/2024\/06\/20\/64654-1536x695.jpg?ver=af09fa56c9ccd016a318f4b4946e5e61 1536w\"\/>                            <\/div>\n<p>\u00a0<\/p>\n<p>\u00a0<\/p>\n<p>Cumhurba\u015fkan\u0131 <a href=\"https:\/\/brtk.net\/\" target=\"_blank\" rel=\"noopener\">Ersin <\/a><a href=\"https:\/\/brtk.net\/\"\/><a href=\"https:\/\/brtk.net\/\"\/><a href=\"https:\/\/brtk.net\/\"\/><a href=\"https:\/\/brtk.net\/\"\/><a href=\"https:\/\/brtk.net\/\">Tatar<\/a>, devlet olarak gazilerin ve \u015fehit yak\u0131nlar\u0131n\u0131n her zaman yan\u0131nda olduklar\u0131n\u0131 ve olmaya devam edeceklerini belirterek, \u201c\u015eehitlerimizi ne unuturuz, ne unuttururuz\u201d dedi.<\/p>\n<p>Cumhurba\u015fkanl\u0131\u011f\u0131ndan yap\u0131lan a\u00e7\u0131klamaya g\u00f6re <a href=\"https:\/\/brtk.net\/\"\/><a href=\"https:\/\/brtk.net\/\"\/><a href=\"https:\/\/brtk.net\/\"\/><a href=\"https:\/\/brtk.net\/\"\/><a href=\"https:\/\/brtk.net\/\">Tatar<\/a>, Kurban Bayram\u0131 vesilesiyle T\u00fcrk Mukavemet Te\u015fkilat\u0131 (TMT) M\u00fccahidi ve TMT M\u00fccahitler Derne\u011fi \u0130skele \u015eubesi Ba\u015fkan\u0131 Ali Abdurrahmano\u011flu, TBK Gazisi ve emekli polis m\u00fcd\u00fcr\u00fc Kadir Kay\u0131k\u00e7\u0131 ile Mehmet Salih \u015eakir, Ayd\u0131n Ahmet ve Bekir Ahmet isimli \u015fehitlerin yak\u0131nlar\u0131n\u0131 ziyaret etti.<\/p>\n<p>Cumhurba\u015fkan\u0131 <a href=\"https:\/\/brtk.net\/\"\/><a href=\"https:\/\/brtk.net\/\"\/><a href=\"https:\/\/brtk.net\/\"\/><a href=\"https:\/\/brtk.net\/\"\/><a href=\"https:\/\/brtk.net\/\">Tatar<\/a> ziyaretlerde yapt\u0131\u011f\u0131 konu\u015fmada, devlet olarak gazilerin ve \u015fehit yak\u0131nlar\u0131n\u0131n her zaman yan\u0131nda olduklar\u0131n\u0131 ve olmaya devam edeceklerini s\u00f6yledi.<\/p>\n<p>\u201c\u015eehitlerimizi ne unuturuz, ne unuttururuz\u201d diyen Cumhurba\u015fkan\u0131 <a href=\"https:\/\/brtk.net\/\"\/><a href=\"https:\/\/brtk.net\/\"\/><a href=\"https:\/\/brtk.net\/\"\/><a href=\"https:\/\/brtk.net\/\"\/><a href=\"https:\/\/brtk.net\/\">Tatar<\/a>, Ayd\u0131n Ahmet ve Bekir Ahmet isimli iki \u015fehidin karde\u015f oldu\u011funu ifade etti.<\/p>\n<p>\u015eehitlere ve hayatta olmayan gazilere Allah\u2019tan rahmet dileyen Cumhurba\u015fkan\u0131 <a href=\"https:\/\/brtk.net\/\"\/><a href=\"https:\/\/brtk.net\/\"\/><a href=\"https:\/\/brtk.net\/\"\/><a href=\"https:\/\/brtk.net\/\"\/><a href=\"https:\/\/brtk.net\/\">Tatar<\/a>, TMT m\u00fccahitleri, m\u00fccahideleri ve gazilere \u015f\u00fckranlar\u0131n\u0131 sundu.<\/p>\n<p>Ge\u00e7mi\u015fte \u00e7ok ac\u0131lar \u00e7eken K\u0131br\u0131s T\u00fcrk\u00fc\u2019n\u00fcn verdi\u011fi varolu\u015f m\u00fccadelesi sayesinde \u00f6zg\u00fcrl\u00fc\u011f\u00fcne ve ba\u011f\u0131ms\u0131zl\u0131\u011f\u0131na kavu\u015ftu\u011funu anlatan Cumhurba\u015fkan\u0131 <a href=\"https:\/\/brtk.net\/\"\/><a href=\"https:\/\/brtk.net\/\"\/><a href=\"https:\/\/brtk.net\/\"\/><a href=\"https:\/\/brtk.net\/\"\/><a href=\"https:\/\/brtk.net\/\">Tatar<\/a>, Kuzey K\u0131br\u0131s T\u00fcrk Cumhuriyeti\u2019nde bar\u0131\u015f, huzur ve g\u00fcven i\u00e7inde ya\u015fand\u0131\u011f\u0131n\u0131 vurgulad\u0131.<\/p>\n<p>\u015eehit aileleri de, Cumhurba\u015fkan\u0131\u2019n\u0131n ziyaretinden memnuniyet duyduklar\u0131n\u0131 ifade etti. TMT m\u00fccahidi Ali Abdurrahmano\u011flu ile TBK Gazisi Kadir Kay\u0131k\u00e7\u0131 da, ziyaretin kendilerini mutlu etti\u011fini belirtti.<\/p>\n<\/p><\/div>\n<p><script async\n                    defer\n                    crossorigin=\"anonymous\"\n                    src=\"https:\/\/connect.facebook.net\/tr_TR\/sdk.js#xfbml=1&#038;version=v3.3\"\n            ><\/script><\/p>\n","protected":false},"excerpt":{"rendered":"<p>\u00a0 \u00a0 Cumhurba\u015fkan\u0131 Ersin Tatar, devlet olarak gazilerin ve \u015fehit yak\u0131nlar\u0131n\u0131n her zaman yan\u0131nda olduklar\u0131n\u0131 ve olmaya devam edeceklerini belirterek, \u201c\u015eehitlerimizi ne unuturuz, ne unuttururuz\u201d dedi. Cumhurba\u015fkanl\u0131\u011f\u0131ndan yap\u0131lan a\u00e7\u0131klamaya g\u00f6re Tatar, Kurban Bayram\u0131 vesilesiyle T\u00fcrk Mukavemet Te\u015fkilat\u0131 (TMT) M\u00fccahidi ve TMT M\u00fccahitler Derne\u011fi \u0130skele \u015eubesi Ba\u015fkan\u0131 Ali Abdurrahmano\u011flu, TBK Gazisi ve emekli polis m\u00fcd\u00fcr\u00fc Kadir<\/p>\n","protected":false},"author":1,"featured_media":46550,"comment_status":"open","ping_status":"open","sticky":false,"template":"","format":"standard","meta":{"footnotes":""},"categories":[1],"tags":[],"class_list":["post-46549","post","type-post","status-publish","format-standard","has-post-thumbnail","hentry","category-gundem"],"yoast_head":"<!-- This site is optimized with the Yoast SEO plugin v27.5 - https:\/\/yoast.com\/product\/yoast-seo-wordpress\/ -->\n<title>Cumhurba\u015fkan\u0131 Tatar:\u015eehitlerimizi ne unuturuz, ne unuttururuz -<\/title>\n<meta name=\"robots\" content=\"index, follow, max-snippet:-1, max-image-preview:large, max-video-preview:-1\" \/>\n<link rel=\"canonical\" href=\"https:\/\/kibrisdakik.com\/?p=46549\" \/>\n<meta property=\"og:locale\" content=\"tr_TR\" \/>\n<meta property=\"og:type\" content=\"article\" \/>\n<meta property=\"og:title\" content=\"Cumhurba\u015fkan\u0131 Tatar:\u015eehitlerimizi ne unuturuz, ne unuttururuz -\" \/>\n<meta property=\"og:description\" content=\"\u00a0 \u00a0 Cumhurba\u015fkan\u0131 Ersin Tatar, devlet olarak gazilerin ve \u015fehit yak\u0131nlar\u0131n\u0131n her zaman yan\u0131nda olduklar\u0131n\u0131 ve olmaya devam edeceklerini belirterek, \u201c\u015eehitlerimizi ne unuturuz, ne unuttururuz\u201d dedi. Cumhurba\u015fkanl\u0131\u011f\u0131ndan yap\u0131lan a\u00e7\u0131klamaya g\u00f6re Tatar, Kurban Bayram\u0131 vesilesiyle T\u00fcrk Mukavemet Te\u015fkilat\u0131 (TMT) M\u00fccahidi ve TMT M\u00fccahitler Derne\u011fi \u0130skele \u015eubesi Ba\u015fkan\u0131 Ali Abdurrahmano\u011flu, TBK Gazisi ve emekli polis m\u00fcd\u00fcr\u00fc Kadir\" \/>\n<meta property=\"og:url\" content=\"https:\/\/kibrisdakik.com\/?p=46549\" \/>\n<meta property=\"article:published_time\" content=\"2024-06-20T07:02:04+00:00\" \/>\n<meta property=\"og:image\" content=\"https:\/\/kibrisdakik.com\/wp-content\/uploads\/2024\/06\/64654-740x420.jpg\" \/>\n\t<meta property=\"og:image:width\" content=\"2048\" \/>\n\t<meta property=\"og:image:height\" content=\"927\" \/>\n\t<meta property=\"og:image:type\" content=\"image\/jpeg\" \/>\n<meta name=\"author\" content=\"admin\" \/>\n<meta name=\"twitter:card\" content=\"summary_large_image\" \/>\n<meta name=\"twitter:label1\" content=\"Yazan:\" \/>\n\t<meta name=\"twitter:data1\" content=\"admin\" \/>\n\t<meta name=\"twitter:label2\" content=\"Tahmini okuma s\u00fcresi\" \/>\n\t<meta name=\"twitter:data2\" content=\"1 dakika\" \/>\n<script type=\"application\/ld+json\" class=\"yoast-schema-graph\">{\"@context\":\"https:\\\/\\\/schema.org\",\"@graph\":[{\"@type\":\"Article\",\"@id\":\"https:\\\/\\\/kibrisdakik.com\\\/?p=46549#article\",\"isPartOf\":{\"@id\":\"https:\\\/\\\/kibrisdakik.com\\\/?p=46549\"},\"author\":{\"name\":\"admin\",\"@id\":\"https:\\\/\\\/kibrisdakik.com\\\/#\\\/schema\\\/person\\\/9cd9d437bbb44f72b73ba127e06d8e79\"},\"headline\":\"Cumhurba\u015fkan\u0131 Tatar:\u015eehitlerimizi ne unuturuz, ne unuttururuz\",\"datePublished\":\"2024-06-20T07:02:04+00:00\",\"mainEntityOfPage\":{\"@id\":\"https:\\\/\\\/kibrisdakik.com\\\/?p=46549\"},\"wordCount\":259,\"commentCount\":0,\"image\":{\"@id\":\"https:\\\/\\\/kibrisdakik.com\\\/?p=46549#primaryimage\"},\"thumbnailUrl\":\"https:\\\/\\\/kibrisdakik.com\\\/wp-content\\\/uploads\\\/2024\\\/06\\\/64654-740x420.jpg\",\"articleSection\":[\"G\u00fcndem\"],\"inLanguage\":\"tr\",\"potentialAction\":[{\"@type\":\"CommentAction\",\"name\":\"Comment\",\"target\":[\"https:\\\/\\\/kibrisdakik.com\\\/?p=46549#respond\"]}]},{\"@type\":\"WebPage\",\"@id\":\"https:\\\/\\\/kibrisdakik.com\\\/?p=46549\",\"url\":\"https:\\\/\\\/kibrisdakik.com\\\/?p=46549\",\"name\":\"Cumhurba\u015fkan\u0131 Tatar:\u015eehitlerimizi ne unuturuz, ne unuttururuz -\",\"isPartOf\":{\"@id\":\"https:\\\/\\\/kibrisdakik.com\\\/#website\"},\"primaryImageOfPage\":{\"@id\":\"https:\\\/\\\/kibrisdakik.com\\\/?p=46549#primaryimage\"},\"image\":{\"@id\":\"https:\\\/\\\/kibrisdakik.com\\\/?p=46549#primaryimage\"},\"thumbnailUrl\":\"https:\\\/\\\/kibrisdakik.com\\\/wp-content\\\/uploads\\\/2024\\\/06\\\/64654-740x420.jpg\",\"datePublished\":\"2024-06-20T07:02:04+00:00\",\"author\":{\"@id\":\"https:\\\/\\\/kibrisdakik.com\\\/#\\\/schema\\\/person\\\/9cd9d437bbb44f72b73ba127e06d8e79\"},\"breadcrumb\":{\"@id\":\"https:\\\/\\\/kibrisdakik.com\\\/?p=46549#breadcrumb\"},\"inLanguage\":\"tr\",\"potentialAction\":[{\"@type\":\"ReadAction\",\"target\":[\"https:\\\/\\\/kibrisdakik.com\\\/?p=46549\"]}]},{\"@type\":\"ImageObject\",\"inLanguage\":\"tr\",\"@id\":\"https:\\\/\\\/kibrisdakik.com\\\/?p=46549#primaryimage\",\"url\":\"https:\\\/\\\/kibrisdakik.com\\\/wp-content\\\/uploads\\\/2024\\\/06\\\/64654-740x420.jpg\",\"contentUrl\":\"https:\\\/\\\/kibrisdakik.com\\\/wp-content\\\/uploads\\\/2024\\\/06\\\/64654-740x420.jpg\",\"width\":2048,\"height\":927},{\"@type\":\"BreadcrumbList\",\"@id\":\"https:\\\/\\\/kibrisdakik.com\\\/?p=46549#breadcrumb\",\"itemListElement\":[{\"@type\":\"ListItem\",\"position\":1,\"name\":\"Home\",\"item\":\"https:\\\/\\\/kibrisdakik.com\\\/\"},{\"@type\":\"ListItem\",\"position\":2,\"name\":\"Cumhurba\u015fkan\u0131 Tatar:\u015eehitlerimizi ne unuturuz, ne unuttururuz\"}]},{\"@type\":\"WebSite\",\"@id\":\"https:\\\/\\\/kibrisdakik.com\\\/#website\",\"url\":\"https:\\\/\\\/kibrisdakik.com\\\/\",\"name\":\"\",\"description\":\"Tam vaktinde haber\",\"potentialAction\":[{\"@type\":\"SearchAction\",\"target\":{\"@type\":\"EntryPoint\",\"urlTemplate\":\"https:\\\/\\\/kibrisdakik.com\\\/?s={search_term_string}\"},\"query-input\":{\"@type\":\"PropertyValueSpecification\",\"valueRequired\":true,\"valueName\":\"search_term_string\"}}],\"inLanguage\":\"tr\"},{\"@type\":\"Person\",\"@id\":\"https:\\\/\\\/kibrisdakik.com\\\/#\\\/schema\\\/person\\\/9cd9d437bbb44f72b73ba127e06d8e79\",\"name\":\"admin\",\"image\":{\"@type\":\"ImageObject\",\"inLanguage\":\"tr\",\"@id\":\"https:\\\/\\\/secure.gravatar.com\\\/avatar\\\/ccc17943b9d660506c869530f897617f7cb1c21a4bf30023f252596d83e1f007?s=96&d=mm&r=g\",\"url\":\"https:\\\/\\\/secure.gravatar.com\\\/avatar\\\/ccc17943b9d660506c869530f897617f7cb1c21a4bf30023f252596d83e1f007?s=96&d=mm&r=g\",\"contentUrl\":\"https:\\\/\\\/secure.gravatar.com\\\/avatar\\\/ccc17943b9d660506c869530f897617f7cb1c21a4bf30023f252596d83e1f007?s=96&d=mm&r=g\",\"caption\":\"admin\"},\"sameAs\":[\"https:\\\/\\\/kibrisdakik.com\"],\"url\":\"https:\\\/\\\/kibrisdakik.com\\\/?author=1\"}]}<\/script>\n<!-- \/ Yoast SEO plugin. -->","yoast_head_json":{"title":"Cumhurba\u015fkan\u0131 Tatar:\u015eehitlerimizi ne unuturuz, ne unuttururuz -","robots":{"index":"index","follow":"follow","max-snippet":"max-snippet:-1","max-image-preview":"max-image-preview:large","max-video-preview":"max-video-preview:-1"},"canonical":"https:\/\/kibrisdakik.com\/?p=46549","og_locale":"tr_TR","og_type":"article","og_title":"Cumhurba\u015fkan\u0131 Tatar:\u015eehitlerimizi ne unuturuz, ne unuttururuz -","og_description":"\u00a0 \u00a0 Cumhurba\u015fkan\u0131 Ersin Tatar, devlet olarak gazilerin ve \u015fehit yak\u0131nlar\u0131n\u0131n her zaman yan\u0131nda olduklar\u0131n\u0131 ve olmaya devam edeceklerini belirterek, \u201c\u015eehitlerimizi ne unuturuz, ne unuttururuz\u201d dedi. Cumhurba\u015fkanl\u0131\u011f\u0131ndan yap\u0131lan a\u00e7\u0131klamaya g\u00f6re Tatar, Kurban Bayram\u0131 vesilesiyle T\u00fcrk Mukavemet Te\u015fkilat\u0131 (TMT) M\u00fccahidi ve TMT M\u00fccahitler Derne\u011fi \u0130skele \u015eubesi Ba\u015fkan\u0131 Ali Abdurrahmano\u011flu, TBK Gazisi ve emekli polis m\u00fcd\u00fcr\u00fc Kadir","og_url":"https:\/\/kibrisdakik.com\/?p=46549","article_published_time":"2024-06-20T07:02:04+00:00","og_image":[{"width":2048,"height":927,"url":"https:\/\/kibrisdakik.com\/wp-content\/uploads\/2024\/06\/64654-740x420.jpg","type":"image\/jpeg"}],"author":"admin","twitter_card":"summary_large_image","twitter_misc":{"Yazan:":"admin","Tahmini okuma s\u00fcresi":"1 dakika"},"schema":{"@context":"https:\/\/schema.org","@graph":[{"@type":"Article","@id":"https:\/\/kibrisdakik.com\/?p=46549#article","isPartOf":{"@id":"https:\/\/kibrisdakik.com\/?p=46549"},"author":{"name":"admin","@id":"https:\/\/kibrisdakik.com\/#\/schema\/person\/9cd9d437bbb44f72b73ba127e06d8e79"},"headline":"Cumhurba\u015fkan\u0131 Tatar:\u015eehitlerimizi ne unuturuz, ne unuttururuz","datePublished":"2024-06-20T07:02:04+00:00","mainEntityOfPage":{"@id":"https:\/\/kibrisdakik.com\/?p=46549"},"wordCount":259,"commentCount":0,"image":{"@id":"https:\/\/kibrisdakik.com\/?p=46549#primaryimage"},"thumbnailUrl":"https:\/\/kibrisdakik.com\/wp-content\/uploads\/2024\/06\/64654-740x420.jpg","articleSection":["G\u00fcndem"],"inLanguage":"tr","potentialAction":[{"@type":"CommentAction","name":"Comment","target":["https:\/\/kibrisdakik.com\/?p=46549#respond"]}]},{"@type":"WebPage","@id":"https:\/\/kibrisdakik.com\/?p=46549","url":"https:\/\/kibrisdakik.com\/?p=46549","name":"Cumhurba\u015fkan\u0131 Tatar:\u015eehitlerimizi ne unuturuz, ne unuttururuz -","isPartOf":{"@id":"https:\/\/kibrisdakik.com\/#website"},"primaryImageOfPage":{"@id":"https:\/\/kibrisdakik.com\/?p=46549#primaryimage"},"image":{"@id":"https:\/\/kibrisdakik.com\/?p=46549#primaryimage"},"thumbnailUrl":"https:\/\/kibrisdakik.com\/wp-content\/uploads\/2024\/06\/64654-740x420.jpg","datePublished":"2024-06-20T07:02:04+00:00","author":{"@id":"https:\/\/kibrisdakik.com\/#\/schema\/person\/9cd9d437bbb44f72b73ba127e06d8e79"},"breadcrumb":{"@id":"https:\/\/kibrisdakik.com\/?p=46549#breadcrumb"},"inLanguage":"tr","potentialAction":[{"@type":"ReadAction","target":["https:\/\/kibrisdakik.com\/?p=46549"]}]},{"@type":"ImageObject","inLanguage":"tr","@id":"https:\/\/kibrisdakik.com\/?p=46549#primaryimage","url":"https:\/\/kibrisdakik.com\/wp-content\/uploads\/2024\/06\/64654-740x420.jpg","contentUrl":"https:\/\/kibrisdakik.com\/wp-content\/uploads\/2024\/06\/64654-740x420.jpg","width":2048,"height":927},{"@type":"BreadcrumbList","@id":"https:\/\/kibrisdakik.com\/?p=46549#breadcrumb","itemListElement":[{"@type":"ListItem","position":1,"name":"Home","item":"https:\/\/kibrisdakik.com\/"},{"@type":"ListItem","position":2,"name":"Cumhurba\u015fkan\u0131 Tatar:\u015eehitlerimizi ne unuturuz, ne unuttururuz"}]},{"@type":"WebSite","@id":"https:\/\/kibrisdakik.com\/#website","url":"https:\/\/kibrisdakik.com\/","name":"","description":"Tam vaktinde haber","potentialAction":[{"@type":"SearchAction","target":{"@type":"EntryPoint","urlTemplate":"https:\/\/kibrisdakik.com\/?s={search_term_string}"},"query-input":{"@type":"PropertyValueSpecification","valueRequired":true,"valueName":"search_term_string"}}],"inLanguage":"tr"},{"@type":"Person","@id":"https:\/\/kibrisdakik.com\/#\/schema\/person\/9cd9d437bbb44f72b73ba127e06d8e79","name":"admin","image":{"@type":"ImageObject","inLanguage":"tr","@id":"https:\/\/secure.gravatar.com\/avatar\/ccc17943b9d660506c869530f897617f7cb1c21a4bf30023f252596d83e1f007?s=96&d=mm&r=g","url":"https:\/\/secure.gravatar.com\/avatar\/ccc17943b9d660506c869530f897617f7cb1c21a4bf30023f252596d83e1f007?s=96&d=mm&r=g","contentUrl":"https:\/\/secure.gravatar.com\/avatar\/ccc17943b9d660506c869530f897617f7cb1c21a4bf30023f252596d83e1f007?s=96&d=mm&r=g","caption":"admin"},"sameAs":["https:\/\/kibrisdakik.com"],"url":"https:\/\/kibrisdakik.com\/?author=1"}]}},"_links":{"self":[{"href":"https:\/\/kibrisdakik.com\/index.php?rest_route=\/wp\/v2\/posts\/46549","targetHints":{"allow":["GET"]}}],"collection":[{"href":"https:\/\/kibrisdakik.com\/index.php?rest_route=\/wp\/v2\/posts"}],"about":[{"href":"https:\/\/kibrisdakik.com\/index.php?rest_route=\/wp\/v2\/types\/post"}],"author":[{"embeddable":true,"href":"https:\/\/kibrisdakik.com\/index.php?rest_route=\/wp\/v2\/users\/1"}],"replies":[{"embeddable":true,"href":"https:\/\/kibrisdakik.com\/index.php?rest_route=%2Fwp%2Fv2%2Fcomments&post=46549"}],"version-history":[{"count":0,"href":"https:\/\/kibrisdakik.com\/index.php?rest_route=\/wp\/v2\/posts\/46549\/revisions"}],"wp:featuredmedia":[{"embeddable":true,"href":"https:\/\/kibrisdakik.com\/index.php?rest_route=\/wp\/v2\/media\/46550"}],"wp:attachment":[{"href":"https:\/\/kibrisdakik.com\/index.php?rest_route=%2Fwp%2Fv2%2Fmedia&parent=46549"}],"wp:term":[{"taxonomy":"category","embeddable":true,"href":"https:\/\/kibrisdakik.com\/index.php?rest_route=%2Fwp%2Fv2%2Fcategories&post=46549"},{"taxonomy":"post_tag","embeddable":true,"href":"https:\/\/kibrisdakik.com\/index.php?rest_route=%2Fwp%2Fv2%2Ftags&post=46549"}],"curies":[{"name":"wp","href":"https:\/\/api.w.org\/{rel}","templated":true}]}}