{"id":4657,"date":"2023-04-06T08:17:29","date_gmt":"2023-04-06T08:17:29","guid":{"rendered":"https:\/\/kibrisdakik.com\/index.php\/2023\/04\/06\/seyir-halindeki-arac-ates-aldi\/"},"modified":"2023-04-06T08:17:29","modified_gmt":"2023-04-06T08:17:29","slug":"seyir-halindeki-arac-ates-aldi","status":"publish","type":"post","link":"https:\/\/kibrisdakik.com\/?p=4657","title":{"rendered":"Seyir halindeki ara\u00e7 ate\u015f ald\u0131"},"content":{"rendered":"<p><\/p>\n<div>\n<div class=\"mariselle-image-container none\">\n                <img width=\"899\" height=\"1599\" class=\"lazy-image\" alt=\"\" decoding=\"async\" loading=\"lazy\" sizes=\"auto, (max-width: 899px) 100vw, 899px\" src=\"https:\/\/brtk.net\/wp-content\/uploads\/2023\/04\/06\/arac-yangini-4.jpeg?ver=3f9135718ff0fdb7afef8b9880dd701f\" srcset=\"https:\/\/brtk.net\/wp-content\/uploads\/2023\/04\/06\/arac-yangini-4.jpeg?ver=3f9135718ff0fdb7afef8b9880dd701f 899w, https:\/\/brtk.net\/wp-content\/uploads\/2023\/04\/06\/arac-yangini-4-169x300.jpeg?ver=f7ca8e735177115d616c07d9abe61423 169w, https:\/\/brtk.net\/wp-content\/uploads\/2023\/04\/06\/arac-yangini-4-576x1024.jpeg?ver=f7ca8e735177115d616c07d9abe61423 576w, https:\/\/brtk.net\/wp-content\/uploads\/2023\/04\/06\/arac-yangini-4-768x1366.jpeg?ver=f7ca8e735177115d616c07d9abe61423 768w, https:\/\/brtk.net\/wp-content\/uploads\/2023\/04\/06\/arac-yangini-4-864x1536.jpeg?ver=0dd811af531b70472b9d8d7a97e1ef97 864w\"\/>                            <\/div>\n<p style=\"font-weight: 300;\">\u0130skele \u2013 Ercan yolunda seyir halindeki Hafize Melisa Erol kullan\u0131m\u0131ndaki salon ara\u00e7ta yang\u0131n \u00e7\u0131kt\u0131. \u0130tfaiye ekiplerinin m\u00fcdahalesine ra\u011fmen ara\u00e7 tamamen yand\u0131.<\/p>\n<p style=\"font-weight: 300;\">Polisten yap\u0131lan a\u00e7\u0131klamaya g\u00f6re, \u00c7ukurova yak\u0131nlar\u0131nda meydana gelen yang\u0131n\u0131n, motor b\u00f6l\u00fcm\u00fcndeki elektrik aksamlar\u0131n\u0131n k\u0131sa devre yapmas\u0131 sonucu meydana geldi\u011fi tahmin ediliyor.<\/p>\n<p>TAK\/<a href=\"https:\/\/brtk.net\/\">BRT<\/a><\/p>\n<\/p><\/div>\n<p><script async\n                    defer\n                    crossorigin=\"anonymous\"\n                    src=\"https:\/\/connect.facebook.net\/tr_TR\/sdk.js#xfbml=1&#038;version=v3.3\"\n            ><\/script><\/p>\n","protected":false},"excerpt":{"rendered":"<p>\u0130skele \u2013 Ercan yolunda seyir halindeki Hafize Melisa Erol kullan\u0131m\u0131ndaki salon ara\u00e7ta yang\u0131n \u00e7\u0131kt\u0131. \u0130tfaiye ekiplerinin m\u00fcdahalesine ra\u011fmen ara\u00e7 tamamen yand\u0131. Polisten yap\u0131lan a\u00e7\u0131klamaya g\u00f6re, \u00c7ukurova yak\u0131nlar\u0131nda meydana gelen yang\u0131n\u0131n, motor b\u00f6l\u00fcm\u00fcndeki elektrik aksamlar\u0131n\u0131n k\u0131sa devre yapmas\u0131 sonucu meydana geldi\u011fi tahmin ediliyor. TAK\/BRT<\/p>\n","protected":false},"author":1,"featured_media":4658,"comment_status":"open","ping_status":"open","sticky":false,"template":"","format":"standard","meta":{"footnotes":""},"categories":[1],"tags":[],"class_list":["post-4657","post","type-post","status-publish","format-standard","has-post-thumbnail","hentry","category-gundem"],"yoast_head":"<!-- This site is optimized with the Yoast SEO plugin v27.4 - https:\/\/yoast.com\/product\/yoast-seo-wordpress\/ -->\n<title>Seyir halindeki ara\u00e7 ate\u015f ald\u0131 -<\/title>\n<meta name=\"robots\" content=\"index, follow, max-snippet:-1, max-image-preview:large, max-video-preview:-1\" \/>\n<link rel=\"canonical\" href=\"https:\/\/kibrisdakik.com\/?p=4657\" \/>\n<meta property=\"og:locale\" content=\"tr_TR\" \/>\n<meta property=\"og:type\" content=\"article\" \/>\n<meta property=\"og:title\" content=\"Seyir halindeki ara\u00e7 ate\u015f ald\u0131 -\" \/>\n<meta property=\"og:description\" content=\"\u0130skele \u2013 Ercan yolunda seyir halindeki Hafize Melisa Erol kullan\u0131m\u0131ndaki salon ara\u00e7ta yang\u0131n \u00e7\u0131kt\u0131. \u0130tfaiye ekiplerinin m\u00fcdahalesine ra\u011fmen ara\u00e7 tamamen yand\u0131. Polisten yap\u0131lan a\u00e7\u0131klamaya g\u00f6re, \u00c7ukurova yak\u0131nlar\u0131nda meydana gelen yang\u0131n\u0131n, motor b\u00f6l\u00fcm\u00fcndeki elektrik aksamlar\u0131n\u0131n k\u0131sa devre yapmas\u0131 sonucu meydana geldi\u011fi tahmin ediliyor. TAK\/BRT\" \/>\n<meta property=\"og:url\" content=\"https:\/\/kibrisdakik.com\/?p=4657\" \/>\n<meta property=\"article:published_time\" content=\"2023-04-06T08:17:29+00:00\" \/>\n<meta property=\"og:image\" content=\"https:\/\/kibrisdakik.com\/wp-content\/uploads\/2023\/04\/arac-yangini-4-740x420.jpeg\" \/>\n\t<meta property=\"og:image:width\" content=\"899\" \/>\n\t<meta property=\"og:image:height\" content=\"1599\" \/>\n\t<meta property=\"og:image:type\" content=\"image\/jpeg\" \/>\n<meta name=\"author\" content=\"admin\" \/>\n<meta name=\"twitter:card\" content=\"summary_large_image\" \/>\n<meta name=\"twitter:label1\" content=\"Yazan:\" \/>\n\t<meta name=\"twitter:data1\" content=\"admin\" \/>\n<script type=\"application\/ld+json\" class=\"yoast-schema-graph\">{\"@context\":\"https:\\\/\\\/schema.org\",\"@graph\":[{\"@type\":\"Article\",\"@id\":\"https:\\\/\\\/kibrisdakik.com\\\/?p=4657#article\",\"isPartOf\":{\"@id\":\"https:\\\/\\\/kibrisdakik.com\\\/?p=4657\"},\"author\":{\"name\":\"admin\",\"@id\":\"https:\\\/\\\/kibrisdakik.com\\\/#\\\/schema\\\/person\\\/9cd9d437bbb44f72b73ba127e06d8e79\"},\"headline\":\"Seyir halindeki ara\u00e7 ate\u015f ald\u0131\",\"datePublished\":\"2023-04-06T08:17:29+00:00\",\"mainEntityOfPage\":{\"@id\":\"https:\\\/\\\/kibrisdakik.com\\\/?p=4657\"},\"wordCount\":68,\"commentCount\":0,\"image\":{\"@id\":\"https:\\\/\\\/kibrisdakik.com\\\/?p=4657#primaryimage\"},\"thumbnailUrl\":\"https:\\\/\\\/kibrisdakik.com\\\/wp-content\\\/uploads\\\/2023\\\/04\\\/arac-yangini-4-740x420.jpeg\",\"articleSection\":[\"G\u00fcndem\"],\"inLanguage\":\"tr\",\"potentialAction\":[{\"@type\":\"CommentAction\",\"name\":\"Comment\",\"target\":[\"https:\\\/\\\/kibrisdakik.com\\\/?p=4657#respond\"]}]},{\"@type\":\"WebPage\",\"@id\":\"https:\\\/\\\/kibrisdakik.com\\\/?p=4657\",\"url\":\"https:\\\/\\\/kibrisdakik.com\\\/?p=4657\",\"name\":\"Seyir halindeki ara\u00e7 ate\u015f ald\u0131 -\",\"isPartOf\":{\"@id\":\"https:\\\/\\\/kibrisdakik.com\\\/#website\"},\"primaryImageOfPage\":{\"@id\":\"https:\\\/\\\/kibrisdakik.com\\\/?p=4657#primaryimage\"},\"image\":{\"@id\":\"https:\\\/\\\/kibrisdakik.com\\\/?p=4657#primaryimage\"},\"thumbnailUrl\":\"https:\\\/\\\/kibrisdakik.com\\\/wp-content\\\/uploads\\\/2023\\\/04\\\/arac-yangini-4-740x420.jpeg\",\"datePublished\":\"2023-04-06T08:17:29+00:00\",\"author\":{\"@id\":\"https:\\\/\\\/kibrisdakik.com\\\/#\\\/schema\\\/person\\\/9cd9d437bbb44f72b73ba127e06d8e79\"},\"breadcrumb\":{\"@id\":\"https:\\\/\\\/kibrisdakik.com\\\/?p=4657#breadcrumb\"},\"inLanguage\":\"tr\",\"potentialAction\":[{\"@type\":\"ReadAction\",\"target\":[\"https:\\\/\\\/kibrisdakik.com\\\/?p=4657\"]}]},{\"@type\":\"ImageObject\",\"inLanguage\":\"tr\",\"@id\":\"https:\\\/\\\/kibrisdakik.com\\\/?p=4657#primaryimage\",\"url\":\"https:\\\/\\\/kibrisdakik.com\\\/wp-content\\\/uploads\\\/2023\\\/04\\\/arac-yangini-4-740x420.jpeg\",\"contentUrl\":\"https:\\\/\\\/kibrisdakik.com\\\/wp-content\\\/uploads\\\/2023\\\/04\\\/arac-yangini-4-740x420.jpeg\",\"width\":899,\"height\":1599},{\"@type\":\"BreadcrumbList\",\"@id\":\"https:\\\/\\\/kibrisdakik.com\\\/?p=4657#breadcrumb\",\"itemListElement\":[{\"@type\":\"ListItem\",\"position\":1,\"name\":\"Home\",\"item\":\"https:\\\/\\\/kibrisdakik.com\\\/\"},{\"@type\":\"ListItem\",\"position\":2,\"name\":\"Seyir halindeki ara\u00e7 ate\u015f ald\u0131\"}]},{\"@type\":\"WebSite\",\"@id\":\"https:\\\/\\\/kibrisdakik.com\\\/#website\",\"url\":\"https:\\\/\\\/kibrisdakik.com\\\/\",\"name\":\"\",\"description\":\"Tam vaktinde haber\",\"potentialAction\":[{\"@type\":\"SearchAction\",\"target\":{\"@type\":\"EntryPoint\",\"urlTemplate\":\"https:\\\/\\\/kibrisdakik.com\\\/?s={search_term_string}\"},\"query-input\":{\"@type\":\"PropertyValueSpecification\",\"valueRequired\":true,\"valueName\":\"search_term_string\"}}],\"inLanguage\":\"tr\"},{\"@type\":\"Person\",\"@id\":\"https:\\\/\\\/kibrisdakik.com\\\/#\\\/schema\\\/person\\\/9cd9d437bbb44f72b73ba127e06d8e79\",\"name\":\"admin\",\"image\":{\"@type\":\"ImageObject\",\"inLanguage\":\"tr\",\"@id\":\"https:\\\/\\\/secure.gravatar.com\\\/avatar\\\/ccc17943b9d660506c869530f897617f7cb1c21a4bf30023f252596d83e1f007?s=96&d=mm&r=g\",\"url\":\"https:\\\/\\\/secure.gravatar.com\\\/avatar\\\/ccc17943b9d660506c869530f897617f7cb1c21a4bf30023f252596d83e1f007?s=96&d=mm&r=g\",\"contentUrl\":\"https:\\\/\\\/secure.gravatar.com\\\/avatar\\\/ccc17943b9d660506c869530f897617f7cb1c21a4bf30023f252596d83e1f007?s=96&d=mm&r=g\",\"caption\":\"admin\"},\"sameAs\":[\"https:\\\/\\\/kibrisdakik.com\"],\"url\":\"https:\\\/\\\/kibrisdakik.com\\\/?author=1\"}]}<\/script>\n<!-- \/ Yoast SEO plugin. -->","yoast_head_json":{"title":"Seyir halindeki ara\u00e7 ate\u015f ald\u0131 -","robots":{"index":"index","follow":"follow","max-snippet":"max-snippet:-1","max-image-preview":"max-image-preview:large","max-video-preview":"max-video-preview:-1"},"canonical":"https:\/\/kibrisdakik.com\/?p=4657","og_locale":"tr_TR","og_type":"article","og_title":"Seyir halindeki ara\u00e7 ate\u015f ald\u0131 -","og_description":"\u0130skele \u2013 Ercan yolunda seyir halindeki Hafize Melisa Erol kullan\u0131m\u0131ndaki salon ara\u00e7ta yang\u0131n \u00e7\u0131kt\u0131. \u0130tfaiye ekiplerinin m\u00fcdahalesine ra\u011fmen ara\u00e7 tamamen yand\u0131. Polisten yap\u0131lan a\u00e7\u0131klamaya g\u00f6re, \u00c7ukurova yak\u0131nlar\u0131nda meydana gelen yang\u0131n\u0131n, motor b\u00f6l\u00fcm\u00fcndeki elektrik aksamlar\u0131n\u0131n k\u0131sa devre yapmas\u0131 sonucu meydana geldi\u011fi tahmin ediliyor. TAK\/BRT","og_url":"https:\/\/kibrisdakik.com\/?p=4657","article_published_time":"2023-04-06T08:17:29+00:00","og_image":[{"width":899,"height":1599,"url":"https:\/\/kibrisdakik.com\/wp-content\/uploads\/2023\/04\/arac-yangini-4-740x420.jpeg","type":"image\/jpeg"}],"author":"admin","twitter_card":"summary_large_image","twitter_misc":{"Yazan:":"admin"},"schema":{"@context":"https:\/\/schema.org","@graph":[{"@type":"Article","@id":"https:\/\/kibrisdakik.com\/?p=4657#article","isPartOf":{"@id":"https:\/\/kibrisdakik.com\/?p=4657"},"author":{"name":"admin","@id":"https:\/\/kibrisdakik.com\/#\/schema\/person\/9cd9d437bbb44f72b73ba127e06d8e79"},"headline":"Seyir halindeki ara\u00e7 ate\u015f ald\u0131","datePublished":"2023-04-06T08:17:29+00:00","mainEntityOfPage":{"@id":"https:\/\/kibrisdakik.com\/?p=4657"},"wordCount":68,"commentCount":0,"image":{"@id":"https:\/\/kibrisdakik.com\/?p=4657#primaryimage"},"thumbnailUrl":"https:\/\/kibrisdakik.com\/wp-content\/uploads\/2023\/04\/arac-yangini-4-740x420.jpeg","articleSection":["G\u00fcndem"],"inLanguage":"tr","potentialAction":[{"@type":"CommentAction","name":"Comment","target":["https:\/\/kibrisdakik.com\/?p=4657#respond"]}]},{"@type":"WebPage","@id":"https:\/\/kibrisdakik.com\/?p=4657","url":"https:\/\/kibrisdakik.com\/?p=4657","name":"Seyir halindeki ara\u00e7 ate\u015f ald\u0131 -","isPartOf":{"@id":"https:\/\/kibrisdakik.com\/#website"},"primaryImageOfPage":{"@id":"https:\/\/kibrisdakik.com\/?p=4657#primaryimage"},"image":{"@id":"https:\/\/kibrisdakik.com\/?p=4657#primaryimage"},"thumbnailUrl":"https:\/\/kibrisdakik.com\/wp-content\/uploads\/2023\/04\/arac-yangini-4-740x420.jpeg","datePublished":"2023-04-06T08:17:29+00:00","author":{"@id":"https:\/\/kibrisdakik.com\/#\/schema\/person\/9cd9d437bbb44f72b73ba127e06d8e79"},"breadcrumb":{"@id":"https:\/\/kibrisdakik.com\/?p=4657#breadcrumb"},"inLanguage":"tr","potentialAction":[{"@type":"ReadAction","target":["https:\/\/kibrisdakik.com\/?p=4657"]}]},{"@type":"ImageObject","inLanguage":"tr","@id":"https:\/\/kibrisdakik.com\/?p=4657#primaryimage","url":"https:\/\/kibrisdakik.com\/wp-content\/uploads\/2023\/04\/arac-yangini-4-740x420.jpeg","contentUrl":"https:\/\/kibrisdakik.com\/wp-content\/uploads\/2023\/04\/arac-yangini-4-740x420.jpeg","width":899,"height":1599},{"@type":"BreadcrumbList","@id":"https:\/\/kibrisdakik.com\/?p=4657#breadcrumb","itemListElement":[{"@type":"ListItem","position":1,"name":"Home","item":"https:\/\/kibrisdakik.com\/"},{"@type":"ListItem","position":2,"name":"Seyir halindeki ara\u00e7 ate\u015f ald\u0131"}]},{"@type":"WebSite","@id":"https:\/\/kibrisdakik.com\/#website","url":"https:\/\/kibrisdakik.com\/","name":"","description":"Tam vaktinde haber","potentialAction":[{"@type":"SearchAction","target":{"@type":"EntryPoint","urlTemplate":"https:\/\/kibrisdakik.com\/?s={search_term_string}"},"query-input":{"@type":"PropertyValueSpecification","valueRequired":true,"valueName":"search_term_string"}}],"inLanguage":"tr"},{"@type":"Person","@id":"https:\/\/kibrisdakik.com\/#\/schema\/person\/9cd9d437bbb44f72b73ba127e06d8e79","name":"admin","image":{"@type":"ImageObject","inLanguage":"tr","@id":"https:\/\/secure.gravatar.com\/avatar\/ccc17943b9d660506c869530f897617f7cb1c21a4bf30023f252596d83e1f007?s=96&d=mm&r=g","url":"https:\/\/secure.gravatar.com\/avatar\/ccc17943b9d660506c869530f897617f7cb1c21a4bf30023f252596d83e1f007?s=96&d=mm&r=g","contentUrl":"https:\/\/secure.gravatar.com\/avatar\/ccc17943b9d660506c869530f897617f7cb1c21a4bf30023f252596d83e1f007?s=96&d=mm&r=g","caption":"admin"},"sameAs":["https:\/\/kibrisdakik.com"],"url":"https:\/\/kibrisdakik.com\/?author=1"}]}},"_links":{"self":[{"href":"https:\/\/kibrisdakik.com\/index.php?rest_route=\/wp\/v2\/posts\/4657","targetHints":{"allow":["GET"]}}],"collection":[{"href":"https:\/\/kibrisdakik.com\/index.php?rest_route=\/wp\/v2\/posts"}],"about":[{"href":"https:\/\/kibrisdakik.com\/index.php?rest_route=\/wp\/v2\/types\/post"}],"author":[{"embeddable":true,"href":"https:\/\/kibrisdakik.com\/index.php?rest_route=\/wp\/v2\/users\/1"}],"replies":[{"embeddable":true,"href":"https:\/\/kibrisdakik.com\/index.php?rest_route=%2Fwp%2Fv2%2Fcomments&post=4657"}],"version-history":[{"count":0,"href":"https:\/\/kibrisdakik.com\/index.php?rest_route=\/wp\/v2\/posts\/4657\/revisions"}],"wp:featuredmedia":[{"embeddable":true,"href":"https:\/\/kibrisdakik.com\/index.php?rest_route=\/wp\/v2\/media\/4658"}],"wp:attachment":[{"href":"https:\/\/kibrisdakik.com\/index.php?rest_route=%2Fwp%2Fv2%2Fmedia&parent=4657"}],"wp:term":[{"taxonomy":"category","embeddable":true,"href":"https:\/\/kibrisdakik.com\/index.php?rest_route=%2Fwp%2Fv2%2Fcategories&post=4657"},{"taxonomy":"post_tag","embeddable":true,"href":"https:\/\/kibrisdakik.com\/index.php?rest_route=%2Fwp%2Fv2%2Ftags&post=4657"}],"curies":[{"name":"wp","href":"https:\/\/api.w.org\/{rel}","templated":true}]}}