{"id":46618,"date":"2024-06-20T16:32:50","date_gmt":"2024-06-20T16:32:50","guid":{"rendered":"https:\/\/kibrisdakik.com\/index.php\/2024\/06\/20\/polisiye-olaylar-gunun-ilk-saatlerinde-2-trafik-kazasi-meydana-geldi-alkollu-surucu-tutuklandi-2\/"},"modified":"2024-06-20T16:32:50","modified_gmt":"2024-06-20T16:32:50","slug":"polisiye-olaylar-gunun-ilk-saatlerinde-2-trafik-kazasi-meydana-geldi-alkollu-surucu-tutuklandi-2","status":"publish","type":"post","link":"https:\/\/kibrisdakik.com\/?p=46618","title":{"rendered":"Polisiye olaylar\u2026 G\u00fcn\u00fcn ilk saatlerinde 2 trafik kazas\u0131 meydana geldi, alkoll\u00fc s\u00fcr\u00fcc\u00fc tutukland\u0131"},"content":{"rendered":"<p><\/p>\n<div>\n<div class=\"mariselle-image-container center\">\n                <img loading=\"lazy\" decoding=\"async\" width=\"407\" height=\"413\" class=\"lazy-image\" alt=\"\" sizes=\"auto, (max-width: 407px) 100vw, 407px\" src=\"https:\/\/brtk.net\/wp-content\/uploads\/2024\/06\/20\/polis-logo-son70-1.jpg?ver=871a5cfd9a314f74251c010ea516496e\" srcset=\"https:\/\/brtk.net\/wp-content\/uploads\/2024\/06\/20\/polis-logo-son70-1.jpg?ver=871a5cfd9a314f74251c010ea516496e 407w, https:\/\/brtk.net\/wp-content\/uploads\/2024\/06\/20\/polis-logo-son70-1-296x300.jpg?ver=d7abc2b4ff0f23fb2cc294e7da8c9761 296w\"\/>                            <\/div>\n<p>G\u00fcn\u00fcn ilk saatlerinde \u00c7ay\u0131rova-Bafra ana yolunda ve Gazima\u011fusa\u2019da iki ayr\u0131 trafik kazas\u0131 meydana geldi. Dikkatsizlik sonucu kaza yapan s\u00fcr\u00fcc\u00fc yaralan\u0131rken, alkol etkisinde kaza yapan 22 ya\u015f\u0131ndaki s\u00fcr\u00fcc\u00fc tutukland\u0131. <\/p>\n<p>Polis Bas\u0131n Subayl\u0131\u011f\u0131ndan yap\u0131lan a\u00e7\u0131klamaya g\u00f6re, saat 00.30 s\u0131ralar\u0131nda \u00c7ay\u0131rova-Bafra ana yolunun 1\u2019inci kilometresinde meydana gelen kazada, NF 804 plakal\u0131 salon ara\u00e7 s\u00fcr\u00fcc\u00fcs\u00fc 22 ya\u015f\u0131ndaki Narin Sevim yaraland\u0131. <\/p>\n<p>Kaza, Sevim\u2019in Bafra\u2019ya do\u011fru seyretti\u011fi s\u0131rada Palmiye Restoran \u00f6nlerinde, dikkatsizli\u011fi sonucu direksiyon hakimiyetini kaybederek, yolun sa\u011f\u0131ndan \u00e7\u0131kmas\u0131 ve yakla\u015f\u0131k 1 metre derinli\u011findeki toprak zemine \u00e7arp\u0131p iki takla att\u0131ktan sonra arac\u0131n tekerlekleri \u00fczerinde durmas\u0131yla meydana geldi.<\/p>\n<p>Sevim, kald\u0131r\u0131ld\u0131\u011f\u0131 Gazima\u011fusa Devlet Hastanesi\u2019nde bel kemi\u011finde k\u0131r\u0131k te\u015fhisi nedeniyle tedavi ard\u0131ndan g\u00f6zetim alt\u0131na al\u0131nd\u0131.<\/p>\n<p>Gazima\u011fusa\u2019da \u0130smet \u0130n\u00f6n\u00fc Bulvar\u0131 \u00fczerinde saat 03.30 s\u0131ralar\u0131nda meydana gelen kazada ise 265 miligram alkol tesiri alt\u0131nda oldu\u011fu tespit edilen MP 565 plakal\u0131 salon ara\u00e7 s\u00fcr\u00fcc\u00fcs\u00fc \u00c7a\u011fla G\u00fclery\u00fcz (K-22) tutukland\u0131. Kazada yaralanan olmad\u0131.<\/p>\n<p>Kaza, G\u00fclery\u00fcz\u2019\u00fcn kuzey istikametine do\u011fru seyretti\u011fi s\u0131rada Gloria Jeans Cafe \u00f6nleride, dikkatsizli\u011fi sonucu direksiyon hakimiyetini kaybederek yolun solunda park halinde bulunan  KA 028 plakal\u0131 salon arac\u0131n arka k\u0131sm\u0131na \u00e7arpmas\u0131yla meydana geldi.<\/p>\n<p>Polis, her iki kazaya ili\u015fkin soru\u015fturman\u0131n devam etti\u011fini bildirdi. <\/p>\n<p>\u2013 Lefke\u2019de park halindeki ara\u00e7ta yang\u0131n \u00e7\u0131kt\u0131 <\/p>\n<p>\u00d6te yandan Lefke\u2019de \u0130brahim Pa\u015fa Caddesi\u2019nde park halindeki ara\u00e7ta yang\u0131n \u00e7\u0131kt\u0131.<\/p>\n<p>Polis Bas\u0131n Subayl\u0131\u011f\u0131\u2019ndan yap\u0131lan a\u00e7\u0131klamaya g\u00f6re, bug\u00fcn saat 01.30 s\u0131ralar\u0131nda Sheraz Khan\u2019\u0131n kullan\u0131m\u0131ndaki JG 393 plakal\u0131 salon ara\u00e7taki yang\u0131n, motor b\u00f6l\u00fcm\u00fcndeki elektrik aksamlar\u0131n\u0131n k\u0131sa devre yapmas\u0131 sonucu meydana geldi.<\/p>\n<p>\u0130tfaiye ekipleri taraf\u0131ndan s\u00f6nd\u00fcr\u00fclen yang\u0131nda,  arac\u0131n makine b\u00f6l\u00fcm\u00fc ile \u00f6n k\u0131sm\u0131, sa\u011f ve sol \u00f6n kap\u0131lar, \u00f6n g\u00f6\u011f\u00fcs, \u00f6n koltuklar ve i\u00e7 d\u00f6\u015femesi yand\u0131. <\/p>\n<p>Soru\u015fturma devam ediyor.<\/p>\n<p>\u2013 \u00dclkede izinsiz ikamet eden 12 ki\u015fi tutukland\u0131<\/p>\n<p>\u00dclke genelinde d\u00fcn polis ekipleri taraf\u0131ndan yap\u0131lan denetimlerde, \u00fclkede ikamet izinsiz olarak ikamet eden 12 ki\u015fi tespit edildi.<\/p>\n<p>Polis Bas\u0131n Subayl\u0131\u011f\u0131\u2019ndan yap\u0131lan a\u00e7\u0131klamaya g\u00f6re, tespit edilen ki\u015filer tutuklanarak, aleyhlerinde yasal i\u015flem ba\u015flat\u0131ld\u0131; konuya ili\u015fkin soru\u015fturma devam ediyor.<\/p>\n<\/p><\/div>\n<p><script async\n                    defer\n                    crossorigin=\"anonymous\"\n                    src=\"https:\/\/connect.facebook.net\/tr_TR\/sdk.js#xfbml=1&#038;version=v3.3\"\n            ><\/script><\/p>\n","protected":false},"excerpt":{"rendered":"<p>G\u00fcn\u00fcn ilk saatlerinde \u00c7ay\u0131rova-Bafra ana yolunda ve Gazima\u011fusa\u2019da iki ayr\u0131 trafik kazas\u0131 meydana geldi. Dikkatsizlik sonucu kaza yapan s\u00fcr\u00fcc\u00fc yaralan\u0131rken, alkol etkisinde kaza yapan 22 ya\u015f\u0131ndaki s\u00fcr\u00fcc\u00fc tutukland\u0131. Polis Bas\u0131n Subayl\u0131\u011f\u0131ndan yap\u0131lan a\u00e7\u0131klamaya g\u00f6re, saat 00.30 s\u0131ralar\u0131nda \u00c7ay\u0131rova-Bafra ana yolunun 1\u2019inci kilometresinde meydana gelen kazada, NF 804 plakal\u0131 salon ara\u00e7 s\u00fcr\u00fcc\u00fcs\u00fc 22 ya\u015f\u0131ndaki Narin Sevim<\/p>\n","protected":false},"author":1,"featured_media":14771,"comment_status":"open","ping_status":"open","sticky":false,"template":"","format":"standard","meta":{"footnotes":""},"categories":[1],"tags":[],"class_list":["post-46618","post","type-post","status-publish","format-standard","has-post-thumbnail","hentry","category-gundem"],"yoast_head":"<!-- This site is optimized with the Yoast SEO plugin v27.4 - https:\/\/yoast.com\/product\/yoast-seo-wordpress\/ -->\n<title>Polisiye olaylar\u2026 G\u00fcn\u00fcn ilk saatlerinde 2 trafik kazas\u0131 meydana geldi, alkoll\u00fc s\u00fcr\u00fcc\u00fc tutukland\u0131 -<\/title>\n<meta name=\"robots\" content=\"index, follow, max-snippet:-1, max-image-preview:large, max-video-preview:-1\" \/>\n<link rel=\"canonical\" href=\"https:\/\/kibrisdakik.com\/?p=46618\" \/>\n<meta property=\"og:locale\" content=\"tr_TR\" \/>\n<meta property=\"og:type\" content=\"article\" \/>\n<meta property=\"og:title\" content=\"Polisiye olaylar\u2026 G\u00fcn\u00fcn ilk saatlerinde 2 trafik kazas\u0131 meydana geldi, alkoll\u00fc s\u00fcr\u00fcc\u00fc tutukland\u0131 -\" \/>\n<meta property=\"og:description\" content=\"G\u00fcn\u00fcn ilk saatlerinde \u00c7ay\u0131rova-Bafra ana yolunda ve Gazima\u011fusa\u2019da iki ayr\u0131 trafik kazas\u0131 meydana geldi. Dikkatsizlik sonucu kaza yapan s\u00fcr\u00fcc\u00fc yaralan\u0131rken, alkol etkisinde kaza yapan 22 ya\u015f\u0131ndaki s\u00fcr\u00fcc\u00fc tutukland\u0131. Polis Bas\u0131n Subayl\u0131\u011f\u0131ndan yap\u0131lan a\u00e7\u0131klamaya g\u00f6re, saat 00.30 s\u0131ralar\u0131nda \u00c7ay\u0131rova-Bafra ana yolunun 1\u2019inci kilometresinde meydana gelen kazada, NF 804 plakal\u0131 salon ara\u00e7 s\u00fcr\u00fcc\u00fcs\u00fc 22 ya\u015f\u0131ndaki Narin Sevim\" \/>\n<meta property=\"og:url\" content=\"https:\/\/kibrisdakik.com\/?p=46618\" \/>\n<meta property=\"article:published_time\" content=\"2024-06-20T16:32:50+00:00\" \/>\n<meta property=\"og:image\" content=\"https:\/\/kibrisdakik.com\/wp-content\/uploads\/2023\/09\/renkli-polis.jpg\" \/>\n\t<meta property=\"og:image:width\" content=\"512\" \/>\n\t<meta property=\"og:image:height\" content=\"237\" \/>\n\t<meta property=\"og:image:type\" content=\"image\/jpeg\" \/>\n<meta name=\"author\" content=\"admin\" \/>\n<meta name=\"twitter:card\" content=\"summary_large_image\" \/>\n<meta name=\"twitter:label1\" content=\"Yazan:\" \/>\n\t<meta name=\"twitter:data1\" content=\"admin\" \/>\n\t<meta name=\"twitter:label2\" content=\"Tahmini okuma s\u00fcresi\" \/>\n\t<meta name=\"twitter:data2\" content=\"2 dakika\" \/>\n<script type=\"application\/ld+json\" class=\"yoast-schema-graph\">{\"@context\":\"https:\\\/\\\/schema.org\",\"@graph\":[{\"@type\":\"Article\",\"@id\":\"https:\\\/\\\/kibrisdakik.com\\\/?p=46618#article\",\"isPartOf\":{\"@id\":\"https:\\\/\\\/kibrisdakik.com\\\/?p=46618\"},\"author\":{\"name\":\"admin\",\"@id\":\"https:\\\/\\\/kibrisdakik.com\\\/#\\\/schema\\\/person\\\/9cd9d437bbb44f72b73ba127e06d8e79\"},\"headline\":\"Polisiye olaylar\u2026 G\u00fcn\u00fcn ilk saatlerinde 2 trafik kazas\u0131 meydana geldi, alkoll\u00fc s\u00fcr\u00fcc\u00fc tutukland\u0131\",\"datePublished\":\"2024-06-20T16:32:50+00:00\",\"mainEntityOfPage\":{\"@id\":\"https:\\\/\\\/kibrisdakik.com\\\/?p=46618\"},\"wordCount\":431,\"commentCount\":0,\"image\":{\"@id\":\"https:\\\/\\\/kibrisdakik.com\\\/?p=46618#primaryimage\"},\"thumbnailUrl\":\"https:\\\/\\\/kibrisdakik.com\\\/wp-content\\\/uploads\\\/2023\\\/09\\\/renkli-polis.jpg\",\"articleSection\":[\"G\u00fcndem\"],\"inLanguage\":\"tr\",\"potentialAction\":[{\"@type\":\"CommentAction\",\"name\":\"Comment\",\"target\":[\"https:\\\/\\\/kibrisdakik.com\\\/?p=46618#respond\"]}]},{\"@type\":\"WebPage\",\"@id\":\"https:\\\/\\\/kibrisdakik.com\\\/?p=46618\",\"url\":\"https:\\\/\\\/kibrisdakik.com\\\/?p=46618\",\"name\":\"Polisiye olaylar\u2026 G\u00fcn\u00fcn ilk saatlerinde 2 trafik kazas\u0131 meydana geldi, alkoll\u00fc s\u00fcr\u00fcc\u00fc tutukland\u0131 -\",\"isPartOf\":{\"@id\":\"https:\\\/\\\/kibrisdakik.com\\\/#website\"},\"primaryImageOfPage\":{\"@id\":\"https:\\\/\\\/kibrisdakik.com\\\/?p=46618#primaryimage\"},\"image\":{\"@id\":\"https:\\\/\\\/kibrisdakik.com\\\/?p=46618#primaryimage\"},\"thumbnailUrl\":\"https:\\\/\\\/kibrisdakik.com\\\/wp-content\\\/uploads\\\/2023\\\/09\\\/renkli-polis.jpg\",\"datePublished\":\"2024-06-20T16:32:50+00:00\",\"author\":{\"@id\":\"https:\\\/\\\/kibrisdakik.com\\\/#\\\/schema\\\/person\\\/9cd9d437bbb44f72b73ba127e06d8e79\"},\"breadcrumb\":{\"@id\":\"https:\\\/\\\/kibrisdakik.com\\\/?p=46618#breadcrumb\"},\"inLanguage\":\"tr\",\"potentialAction\":[{\"@type\":\"ReadAction\",\"target\":[\"https:\\\/\\\/kibrisdakik.com\\\/?p=46618\"]}]},{\"@type\":\"ImageObject\",\"inLanguage\":\"tr\",\"@id\":\"https:\\\/\\\/kibrisdakik.com\\\/?p=46618#primaryimage\",\"url\":\"https:\\\/\\\/kibrisdakik.com\\\/wp-content\\\/uploads\\\/2023\\\/09\\\/renkli-polis.jpg\",\"contentUrl\":\"https:\\\/\\\/kibrisdakik.com\\\/wp-content\\\/uploads\\\/2023\\\/09\\\/renkli-polis.jpg\",\"width\":512,\"height\":237},{\"@type\":\"BreadcrumbList\",\"@id\":\"https:\\\/\\\/kibrisdakik.com\\\/?p=46618#breadcrumb\",\"itemListElement\":[{\"@type\":\"ListItem\",\"position\":1,\"name\":\"Home\",\"item\":\"https:\\\/\\\/kibrisdakik.com\\\/\"},{\"@type\":\"ListItem\",\"position\":2,\"name\":\"Polisiye olaylar\u2026 G\u00fcn\u00fcn ilk saatlerinde 2 trafik kazas\u0131 meydana geldi, alkoll\u00fc s\u00fcr\u00fcc\u00fc tutukland\u0131\"}]},{\"@type\":\"WebSite\",\"@id\":\"https:\\\/\\\/kibrisdakik.com\\\/#website\",\"url\":\"https:\\\/\\\/kibrisdakik.com\\\/\",\"name\":\"\",\"description\":\"Tam vaktinde haber\",\"potentialAction\":[{\"@type\":\"SearchAction\",\"target\":{\"@type\":\"EntryPoint\",\"urlTemplate\":\"https:\\\/\\\/kibrisdakik.com\\\/?s={search_term_string}\"},\"query-input\":{\"@type\":\"PropertyValueSpecification\",\"valueRequired\":true,\"valueName\":\"search_term_string\"}}],\"inLanguage\":\"tr\"},{\"@type\":\"Person\",\"@id\":\"https:\\\/\\\/kibrisdakik.com\\\/#\\\/schema\\\/person\\\/9cd9d437bbb44f72b73ba127e06d8e79\",\"name\":\"admin\",\"image\":{\"@type\":\"ImageObject\",\"inLanguage\":\"tr\",\"@id\":\"https:\\\/\\\/secure.gravatar.com\\\/avatar\\\/ccc17943b9d660506c869530f897617f7cb1c21a4bf30023f252596d83e1f007?s=96&d=mm&r=g\",\"url\":\"https:\\\/\\\/secure.gravatar.com\\\/avatar\\\/ccc17943b9d660506c869530f897617f7cb1c21a4bf30023f252596d83e1f007?s=96&d=mm&r=g\",\"contentUrl\":\"https:\\\/\\\/secure.gravatar.com\\\/avatar\\\/ccc17943b9d660506c869530f897617f7cb1c21a4bf30023f252596d83e1f007?s=96&d=mm&r=g\",\"caption\":\"admin\"},\"sameAs\":[\"https:\\\/\\\/kibrisdakik.com\"],\"url\":\"https:\\\/\\\/kibrisdakik.com\\\/?author=1\"}]}<\/script>\n<!-- \/ Yoast SEO plugin. -->","yoast_head_json":{"title":"Polisiye olaylar\u2026 G\u00fcn\u00fcn ilk saatlerinde 2 trafik kazas\u0131 meydana geldi, alkoll\u00fc s\u00fcr\u00fcc\u00fc tutukland\u0131 -","robots":{"index":"index","follow":"follow","max-snippet":"max-snippet:-1","max-image-preview":"max-image-preview:large","max-video-preview":"max-video-preview:-1"},"canonical":"https:\/\/kibrisdakik.com\/?p=46618","og_locale":"tr_TR","og_type":"article","og_title":"Polisiye olaylar\u2026 G\u00fcn\u00fcn ilk saatlerinde 2 trafik kazas\u0131 meydana geldi, alkoll\u00fc s\u00fcr\u00fcc\u00fc tutukland\u0131 -","og_description":"G\u00fcn\u00fcn ilk saatlerinde \u00c7ay\u0131rova-Bafra ana yolunda ve Gazima\u011fusa\u2019da iki ayr\u0131 trafik kazas\u0131 meydana geldi. Dikkatsizlik sonucu kaza yapan s\u00fcr\u00fcc\u00fc yaralan\u0131rken, alkol etkisinde kaza yapan 22 ya\u015f\u0131ndaki s\u00fcr\u00fcc\u00fc tutukland\u0131. Polis Bas\u0131n Subayl\u0131\u011f\u0131ndan yap\u0131lan a\u00e7\u0131klamaya g\u00f6re, saat 00.30 s\u0131ralar\u0131nda \u00c7ay\u0131rova-Bafra ana yolunun 1\u2019inci kilometresinde meydana gelen kazada, NF 804 plakal\u0131 salon ara\u00e7 s\u00fcr\u00fcc\u00fcs\u00fc 22 ya\u015f\u0131ndaki Narin Sevim","og_url":"https:\/\/kibrisdakik.com\/?p=46618","article_published_time":"2024-06-20T16:32:50+00:00","og_image":[{"width":512,"height":237,"url":"https:\/\/kibrisdakik.com\/wp-content\/uploads\/2023\/09\/renkli-polis.jpg","type":"image\/jpeg"}],"author":"admin","twitter_card":"summary_large_image","twitter_misc":{"Yazan:":"admin","Tahmini okuma s\u00fcresi":"2 dakika"},"schema":{"@context":"https:\/\/schema.org","@graph":[{"@type":"Article","@id":"https:\/\/kibrisdakik.com\/?p=46618#article","isPartOf":{"@id":"https:\/\/kibrisdakik.com\/?p=46618"},"author":{"name":"admin","@id":"https:\/\/kibrisdakik.com\/#\/schema\/person\/9cd9d437bbb44f72b73ba127e06d8e79"},"headline":"Polisiye olaylar\u2026 G\u00fcn\u00fcn ilk saatlerinde 2 trafik kazas\u0131 meydana geldi, alkoll\u00fc s\u00fcr\u00fcc\u00fc tutukland\u0131","datePublished":"2024-06-20T16:32:50+00:00","mainEntityOfPage":{"@id":"https:\/\/kibrisdakik.com\/?p=46618"},"wordCount":431,"commentCount":0,"image":{"@id":"https:\/\/kibrisdakik.com\/?p=46618#primaryimage"},"thumbnailUrl":"https:\/\/kibrisdakik.com\/wp-content\/uploads\/2023\/09\/renkli-polis.jpg","articleSection":["G\u00fcndem"],"inLanguage":"tr","potentialAction":[{"@type":"CommentAction","name":"Comment","target":["https:\/\/kibrisdakik.com\/?p=46618#respond"]}]},{"@type":"WebPage","@id":"https:\/\/kibrisdakik.com\/?p=46618","url":"https:\/\/kibrisdakik.com\/?p=46618","name":"Polisiye olaylar\u2026 G\u00fcn\u00fcn ilk saatlerinde 2 trafik kazas\u0131 meydana geldi, alkoll\u00fc s\u00fcr\u00fcc\u00fc tutukland\u0131 -","isPartOf":{"@id":"https:\/\/kibrisdakik.com\/#website"},"primaryImageOfPage":{"@id":"https:\/\/kibrisdakik.com\/?p=46618#primaryimage"},"image":{"@id":"https:\/\/kibrisdakik.com\/?p=46618#primaryimage"},"thumbnailUrl":"https:\/\/kibrisdakik.com\/wp-content\/uploads\/2023\/09\/renkli-polis.jpg","datePublished":"2024-06-20T16:32:50+00:00","author":{"@id":"https:\/\/kibrisdakik.com\/#\/schema\/person\/9cd9d437bbb44f72b73ba127e06d8e79"},"breadcrumb":{"@id":"https:\/\/kibrisdakik.com\/?p=46618#breadcrumb"},"inLanguage":"tr","potentialAction":[{"@type":"ReadAction","target":["https:\/\/kibrisdakik.com\/?p=46618"]}]},{"@type":"ImageObject","inLanguage":"tr","@id":"https:\/\/kibrisdakik.com\/?p=46618#primaryimage","url":"https:\/\/kibrisdakik.com\/wp-content\/uploads\/2023\/09\/renkli-polis.jpg","contentUrl":"https:\/\/kibrisdakik.com\/wp-content\/uploads\/2023\/09\/renkli-polis.jpg","width":512,"height":237},{"@type":"BreadcrumbList","@id":"https:\/\/kibrisdakik.com\/?p=46618#breadcrumb","itemListElement":[{"@type":"ListItem","position":1,"name":"Home","item":"https:\/\/kibrisdakik.com\/"},{"@type":"ListItem","position":2,"name":"Polisiye olaylar\u2026 G\u00fcn\u00fcn ilk saatlerinde 2 trafik kazas\u0131 meydana geldi, alkoll\u00fc s\u00fcr\u00fcc\u00fc tutukland\u0131"}]},{"@type":"WebSite","@id":"https:\/\/kibrisdakik.com\/#website","url":"https:\/\/kibrisdakik.com\/","name":"","description":"Tam vaktinde haber","potentialAction":[{"@type":"SearchAction","target":{"@type":"EntryPoint","urlTemplate":"https:\/\/kibrisdakik.com\/?s={search_term_string}"},"query-input":{"@type":"PropertyValueSpecification","valueRequired":true,"valueName":"search_term_string"}}],"inLanguage":"tr"},{"@type":"Person","@id":"https:\/\/kibrisdakik.com\/#\/schema\/person\/9cd9d437bbb44f72b73ba127e06d8e79","name":"admin","image":{"@type":"ImageObject","inLanguage":"tr","@id":"https:\/\/secure.gravatar.com\/avatar\/ccc17943b9d660506c869530f897617f7cb1c21a4bf30023f252596d83e1f007?s=96&d=mm&r=g","url":"https:\/\/secure.gravatar.com\/avatar\/ccc17943b9d660506c869530f897617f7cb1c21a4bf30023f252596d83e1f007?s=96&d=mm&r=g","contentUrl":"https:\/\/secure.gravatar.com\/avatar\/ccc17943b9d660506c869530f897617f7cb1c21a4bf30023f252596d83e1f007?s=96&d=mm&r=g","caption":"admin"},"sameAs":["https:\/\/kibrisdakik.com"],"url":"https:\/\/kibrisdakik.com\/?author=1"}]}},"_links":{"self":[{"href":"https:\/\/kibrisdakik.com\/index.php?rest_route=\/wp\/v2\/posts\/46618","targetHints":{"allow":["GET"]}}],"collection":[{"href":"https:\/\/kibrisdakik.com\/index.php?rest_route=\/wp\/v2\/posts"}],"about":[{"href":"https:\/\/kibrisdakik.com\/index.php?rest_route=\/wp\/v2\/types\/post"}],"author":[{"embeddable":true,"href":"https:\/\/kibrisdakik.com\/index.php?rest_route=\/wp\/v2\/users\/1"}],"replies":[{"embeddable":true,"href":"https:\/\/kibrisdakik.com\/index.php?rest_route=%2Fwp%2Fv2%2Fcomments&post=46618"}],"version-history":[{"count":0,"href":"https:\/\/kibrisdakik.com\/index.php?rest_route=\/wp\/v2\/posts\/46618\/revisions"}],"wp:featuredmedia":[{"embeddable":true,"href":"https:\/\/kibrisdakik.com\/index.php?rest_route=\/wp\/v2\/media\/14771"}],"wp:attachment":[{"href":"https:\/\/kibrisdakik.com\/index.php?rest_route=%2Fwp%2Fv2%2Fmedia&parent=46618"}],"wp:term":[{"taxonomy":"category","embeddable":true,"href":"https:\/\/kibrisdakik.com\/index.php?rest_route=%2Fwp%2Fv2%2Fcategories&post=46618"},{"taxonomy":"post_tag","embeddable":true,"href":"https:\/\/kibrisdakik.com\/index.php?rest_route=%2Fwp%2Fv2%2Ftags&post=46618"}],"curies":[{"name":"wp","href":"https:\/\/api.w.org\/{rel}","templated":true}]}}