{"id":46619,"date":"2024-06-20T16:59:53","date_gmt":"2024-06-20T16:59:53","guid":{"rendered":"https:\/\/kibrisdakik.com\/index.php\/2024\/06\/20\/fatih-terimin-yeni-adresini-duyurdular\/"},"modified":"2024-06-20T16:59:53","modified_gmt":"2024-06-20T16:59:53","slug":"fatih-terimin-yeni-adresini-duyurdular","status":"publish","type":"post","link":"https:\/\/kibrisdakik.com\/?p=46619","title":{"rendered":"Fatih Terim&#039;in yeni adresini duyurdular!"},"content":{"rendered":"<p><\/p>\n<p>Panathinaikos maceras\u0131nda \u015fampiyonluk beklentisinin uza\u011f\u0131nda kalan Fatih Terim ligin bitimine bir ka\u00e7 ma\u00e7 kala Yunan ekibiyle yollar\u0131n\u0131 ay\u0131rm\u0131\u015ft\u0131.<\/p>\n<h3>PRENS\u0130P ANLA\u015eMASINA VARDI<\/h3>\n<p>Sabah&#8217;ta yer alan habere g\u00f6re; Panathinaikos&#8217;tan ayr\u0131ld\u0131ktan sonra tak\u0131m \u00e7al\u0131\u015ft\u0131r\u0131p \u00e7al\u0131\u015ft\u0131rmayaca\u011f\u0131 merak konusu olan 71 ya\u015f\u0131ndaki teknik adam, yeni sezon i\u00e7in yurt d\u0131\u015f\u0131ndan bir kul\u00fcple prensip anla\u015fmas\u0131na vard\u0131.<\/p>\n<p><img decoding=\"async\" alt=\"Fatih Terim'in yeni adresini duyurdular! 'Anla\u015fma sa\u011fland\u0131' - 1. Resim\" src=\"https:\/\/i.tgrthaber.com\/images\/haberler\/24-06\/20\/fatih-terimin-yeni-adresini-duyurdular-anlasma-saglandi-1718896845703_1.jpg\" title=\"Fatih Terim'in yeni adresini duyurdular! 'Anla\u015fma sa\u011fland\u0131'\" \/><\/p>\n<h3>FAT\u0130H TER\u0130M SUUD\u0130 ARAB\u0130STAN YOLCUSU<\/h3>\n<p>Suudi Arabistanl\u0131 bir gazeteci, sosyal medyadan yapt\u0131\u011f\u0131 payla\u015f\u0131mla Fatih Terim&#8217;in Al-Taawon ile g\u00f6r\u00fc\u015ft\u00fc\u011f\u00fcn\u00fc a\u00e7\u0131klad\u0131.<\/p>\n<p>71 ya\u015f\u0131ndaki Terim&#8217;in 2 y\u0131ll\u0131k anla\u015fma teklif eden Al Taawon&#8217;un ile prensip anla\u015fmas\u0131na vard\u0131\u011f\u0131 kaydedildi.<\/p>\n<h3>YUNAN\u0130STAN&#8217;DA 26 MA\u00c7TA 14 GAL\u0130B\u0130YET ALDI<\/h3>\n<p>Panathinaikos&#8217;un ba\u015f\u0131nda 26 ma\u00e7a \u00e7\u0131kan Terim, 14 galibiyet, 6 beraberlik, 6 yenilgi g\u00f6rm\u00fc\u015ft\u00fc.<\/p>\n","protected":false},"excerpt":{"rendered":"<p>Panathinaikos maceras\u0131nda \u015fampiyonluk beklentisinin uza\u011f\u0131nda kalan Fatih Terim ligin bitimine bir ka\u00e7 ma\u00e7 kala Yunan ekibiyle yollar\u0131n\u0131 ay\u0131rm\u0131\u015ft\u0131. PRENS\u0130P ANLA\u015eMASINA VARDI Sabah&#8217;ta yer alan habere g\u00f6re; Panathinaikos&#8217;tan ayr\u0131ld\u0131ktan sonra tak\u0131m \u00e7al\u0131\u015ft\u0131r\u0131p \u00e7al\u0131\u015ft\u0131rmayaca\u011f\u0131 merak konusu olan 71 ya\u015f\u0131ndaki teknik adam, yeni sezon i\u00e7in yurt d\u0131\u015f\u0131ndan bir kul\u00fcple prensip anla\u015fmas\u0131na vard\u0131. FAT\u0130H TER\u0130M SUUD\u0130 ARAB\u0130STAN YOLCUSU Suudi<\/p>\n","protected":false},"author":1,"featured_media":46620,"comment_status":"open","ping_status":"open","sticky":false,"template":"","format":"standard","meta":{"footnotes":""},"categories":[85],"tags":[],"class_list":["post-46619","post","type-post","status-publish","format-standard","has-post-thumbnail","hentry","category-spor"],"yoast_head":"<!-- This site is optimized with the Yoast SEO plugin v27.5 - https:\/\/yoast.com\/product\/yoast-seo-wordpress\/ -->\n<title>Fatih Terim&#039;in yeni adresini duyurdular! -<\/title>\n<meta name=\"robots\" content=\"index, follow, max-snippet:-1, max-image-preview:large, max-video-preview:-1\" \/>\n<link rel=\"canonical\" href=\"https:\/\/kibrisdakik.com\/?p=46619\" \/>\n<meta property=\"og:locale\" content=\"tr_TR\" \/>\n<meta property=\"og:type\" content=\"article\" \/>\n<meta property=\"og:title\" content=\"Fatih Terim&#039;in yeni adresini duyurdular! -\" \/>\n<meta property=\"og:description\" content=\"Panathinaikos maceras\u0131nda \u015fampiyonluk beklentisinin uza\u011f\u0131nda kalan Fatih Terim ligin bitimine bir ka\u00e7 ma\u00e7 kala Yunan ekibiyle yollar\u0131n\u0131 ay\u0131rm\u0131\u015ft\u0131. PRENS\u0130P ANLA\u015eMASINA VARDI Sabah&#8217;ta yer alan habere g\u00f6re; Panathinaikos&#8217;tan ayr\u0131ld\u0131ktan sonra tak\u0131m \u00e7al\u0131\u015ft\u0131r\u0131p \u00e7al\u0131\u015ft\u0131rmayaca\u011f\u0131 merak konusu olan 71 ya\u015f\u0131ndaki teknik adam, yeni sezon i\u00e7in yurt d\u0131\u015f\u0131ndan bir kul\u00fcple prensip anla\u015fmas\u0131na vard\u0131. FAT\u0130H TER\u0130M SUUD\u0130 ARAB\u0130STAN YOLCUSU Suudi\" \/>\n<meta property=\"og:url\" content=\"https:\/\/kibrisdakik.com\/?p=46619\" \/>\n<meta property=\"article:published_time\" content=\"2024-06-20T16:59:53+00:00\" \/>\n<meta property=\"og:image\" content=\"https:\/\/kibrisdakik.com\/wp-content\/uploads\/2024\/06\/fatih-terimin-yeni-adresini-duyurdular-anlasma-saglandi-1718896845703_1-740x420.jpg\" \/>\n\t<meta property=\"og:image:width\" content=\"1280\" \/>\n\t<meta property=\"og:image:height\" content=\"828\" \/>\n\t<meta property=\"og:image:type\" content=\"image\/jpeg\" \/>\n<meta name=\"author\" content=\"admin\" \/>\n<meta name=\"twitter:card\" content=\"summary_large_image\" \/>\n<meta name=\"twitter:label1\" content=\"Yazan:\" \/>\n\t<meta name=\"twitter:data1\" content=\"admin\" \/>\n\t<meta name=\"twitter:label2\" content=\"Tahmini okuma s\u00fcresi\" \/>\n\t<meta name=\"twitter:data2\" content=\"1 dakika\" \/>\n<script type=\"application\/ld+json\" class=\"yoast-schema-graph\">{\"@context\":\"https:\\\/\\\/schema.org\",\"@graph\":[{\"@type\":\"Article\",\"@id\":\"https:\\\/\\\/kibrisdakik.com\\\/?p=46619#article\",\"isPartOf\":{\"@id\":\"https:\\\/\\\/kibrisdakik.com\\\/?p=46619\"},\"author\":{\"name\":\"admin\",\"@id\":\"https:\\\/\\\/kibrisdakik.com\\\/#\\\/schema\\\/person\\\/9cd9d437bbb44f72b73ba127e06d8e79\"},\"headline\":\"Fatih Terim&#039;in yeni adresini duyurdular!\",\"datePublished\":\"2024-06-20T16:59:53+00:00\",\"mainEntityOfPage\":{\"@id\":\"https:\\\/\\\/kibrisdakik.com\\\/?p=46619\"},\"wordCount\":143,\"commentCount\":0,\"image\":{\"@id\":\"https:\\\/\\\/kibrisdakik.com\\\/?p=46619#primaryimage\"},\"thumbnailUrl\":\"https:\\\/\\\/kibrisdakik.com\\\/wp-content\\\/uploads\\\/2024\\\/06\\\/fatih-terimin-yeni-adresini-duyurdular-anlasma-saglandi-1718896845703_1-740x420.jpg\",\"articleSection\":[\"Spor\"],\"inLanguage\":\"tr\",\"potentialAction\":[{\"@type\":\"CommentAction\",\"name\":\"Comment\",\"target\":[\"https:\\\/\\\/kibrisdakik.com\\\/?p=46619#respond\"]}]},{\"@type\":\"WebPage\",\"@id\":\"https:\\\/\\\/kibrisdakik.com\\\/?p=46619\",\"url\":\"https:\\\/\\\/kibrisdakik.com\\\/?p=46619\",\"name\":\"Fatih Terim&#039;in yeni adresini duyurdular! -\",\"isPartOf\":{\"@id\":\"https:\\\/\\\/kibrisdakik.com\\\/#website\"},\"primaryImageOfPage\":{\"@id\":\"https:\\\/\\\/kibrisdakik.com\\\/?p=46619#primaryimage\"},\"image\":{\"@id\":\"https:\\\/\\\/kibrisdakik.com\\\/?p=46619#primaryimage\"},\"thumbnailUrl\":\"https:\\\/\\\/kibrisdakik.com\\\/wp-content\\\/uploads\\\/2024\\\/06\\\/fatih-terimin-yeni-adresini-duyurdular-anlasma-saglandi-1718896845703_1-740x420.jpg\",\"datePublished\":\"2024-06-20T16:59:53+00:00\",\"author\":{\"@id\":\"https:\\\/\\\/kibrisdakik.com\\\/#\\\/schema\\\/person\\\/9cd9d437bbb44f72b73ba127e06d8e79\"},\"breadcrumb\":{\"@id\":\"https:\\\/\\\/kibrisdakik.com\\\/?p=46619#breadcrumb\"},\"inLanguage\":\"tr\",\"potentialAction\":[{\"@type\":\"ReadAction\",\"target\":[\"https:\\\/\\\/kibrisdakik.com\\\/?p=46619\"]}]},{\"@type\":\"ImageObject\",\"inLanguage\":\"tr\",\"@id\":\"https:\\\/\\\/kibrisdakik.com\\\/?p=46619#primaryimage\",\"url\":\"https:\\\/\\\/kibrisdakik.com\\\/wp-content\\\/uploads\\\/2024\\\/06\\\/fatih-terimin-yeni-adresini-duyurdular-anlasma-saglandi-1718896845703_1-740x420.jpg\",\"contentUrl\":\"https:\\\/\\\/kibrisdakik.com\\\/wp-content\\\/uploads\\\/2024\\\/06\\\/fatih-terimin-yeni-adresini-duyurdular-anlasma-saglandi-1718896845703_1-740x420.jpg\",\"width\":1280,\"height\":828},{\"@type\":\"BreadcrumbList\",\"@id\":\"https:\\\/\\\/kibrisdakik.com\\\/?p=46619#breadcrumb\",\"itemListElement\":[{\"@type\":\"ListItem\",\"position\":1,\"name\":\"Home\",\"item\":\"https:\\\/\\\/kibrisdakik.com\\\/\"},{\"@type\":\"ListItem\",\"position\":2,\"name\":\"Fatih Terim&#039;in yeni adresini duyurdular!\"}]},{\"@type\":\"WebSite\",\"@id\":\"https:\\\/\\\/kibrisdakik.com\\\/#website\",\"url\":\"https:\\\/\\\/kibrisdakik.com\\\/\",\"name\":\"\",\"description\":\"Tam vaktinde haber\",\"potentialAction\":[{\"@type\":\"SearchAction\",\"target\":{\"@type\":\"EntryPoint\",\"urlTemplate\":\"https:\\\/\\\/kibrisdakik.com\\\/?s={search_term_string}\"},\"query-input\":{\"@type\":\"PropertyValueSpecification\",\"valueRequired\":true,\"valueName\":\"search_term_string\"}}],\"inLanguage\":\"tr\"},{\"@type\":\"Person\",\"@id\":\"https:\\\/\\\/kibrisdakik.com\\\/#\\\/schema\\\/person\\\/9cd9d437bbb44f72b73ba127e06d8e79\",\"name\":\"admin\",\"image\":{\"@type\":\"ImageObject\",\"inLanguage\":\"tr\",\"@id\":\"https:\\\/\\\/secure.gravatar.com\\\/avatar\\\/ccc17943b9d660506c869530f897617f7cb1c21a4bf30023f252596d83e1f007?s=96&d=mm&r=g\",\"url\":\"https:\\\/\\\/secure.gravatar.com\\\/avatar\\\/ccc17943b9d660506c869530f897617f7cb1c21a4bf30023f252596d83e1f007?s=96&d=mm&r=g\",\"contentUrl\":\"https:\\\/\\\/secure.gravatar.com\\\/avatar\\\/ccc17943b9d660506c869530f897617f7cb1c21a4bf30023f252596d83e1f007?s=96&d=mm&r=g\",\"caption\":\"admin\"},\"sameAs\":[\"https:\\\/\\\/kibrisdakik.com\"],\"url\":\"https:\\\/\\\/kibrisdakik.com\\\/?author=1\"}]}<\/script>\n<!-- \/ Yoast SEO plugin. -->","yoast_head_json":{"title":"Fatih Terim&#039;in yeni adresini duyurdular! -","robots":{"index":"index","follow":"follow","max-snippet":"max-snippet:-1","max-image-preview":"max-image-preview:large","max-video-preview":"max-video-preview:-1"},"canonical":"https:\/\/kibrisdakik.com\/?p=46619","og_locale":"tr_TR","og_type":"article","og_title":"Fatih Terim&#039;in yeni adresini duyurdular! -","og_description":"Panathinaikos maceras\u0131nda \u015fampiyonluk beklentisinin uza\u011f\u0131nda kalan Fatih Terim ligin bitimine bir ka\u00e7 ma\u00e7 kala Yunan ekibiyle yollar\u0131n\u0131 ay\u0131rm\u0131\u015ft\u0131. PRENS\u0130P ANLA\u015eMASINA VARDI Sabah&#8217;ta yer alan habere g\u00f6re; Panathinaikos&#8217;tan ayr\u0131ld\u0131ktan sonra tak\u0131m \u00e7al\u0131\u015ft\u0131r\u0131p \u00e7al\u0131\u015ft\u0131rmayaca\u011f\u0131 merak konusu olan 71 ya\u015f\u0131ndaki teknik adam, yeni sezon i\u00e7in yurt d\u0131\u015f\u0131ndan bir kul\u00fcple prensip anla\u015fmas\u0131na vard\u0131. FAT\u0130H TER\u0130M SUUD\u0130 ARAB\u0130STAN YOLCUSU Suudi","og_url":"https:\/\/kibrisdakik.com\/?p=46619","article_published_time":"2024-06-20T16:59:53+00:00","og_image":[{"width":1280,"height":828,"url":"https:\/\/kibrisdakik.com\/wp-content\/uploads\/2024\/06\/fatih-terimin-yeni-adresini-duyurdular-anlasma-saglandi-1718896845703_1-740x420.jpg","type":"image\/jpeg"}],"author":"admin","twitter_card":"summary_large_image","twitter_misc":{"Yazan:":"admin","Tahmini okuma s\u00fcresi":"1 dakika"},"schema":{"@context":"https:\/\/schema.org","@graph":[{"@type":"Article","@id":"https:\/\/kibrisdakik.com\/?p=46619#article","isPartOf":{"@id":"https:\/\/kibrisdakik.com\/?p=46619"},"author":{"name":"admin","@id":"https:\/\/kibrisdakik.com\/#\/schema\/person\/9cd9d437bbb44f72b73ba127e06d8e79"},"headline":"Fatih Terim&#039;in yeni adresini duyurdular!","datePublished":"2024-06-20T16:59:53+00:00","mainEntityOfPage":{"@id":"https:\/\/kibrisdakik.com\/?p=46619"},"wordCount":143,"commentCount":0,"image":{"@id":"https:\/\/kibrisdakik.com\/?p=46619#primaryimage"},"thumbnailUrl":"https:\/\/kibrisdakik.com\/wp-content\/uploads\/2024\/06\/fatih-terimin-yeni-adresini-duyurdular-anlasma-saglandi-1718896845703_1-740x420.jpg","articleSection":["Spor"],"inLanguage":"tr","potentialAction":[{"@type":"CommentAction","name":"Comment","target":["https:\/\/kibrisdakik.com\/?p=46619#respond"]}]},{"@type":"WebPage","@id":"https:\/\/kibrisdakik.com\/?p=46619","url":"https:\/\/kibrisdakik.com\/?p=46619","name":"Fatih Terim&#039;in yeni adresini duyurdular! -","isPartOf":{"@id":"https:\/\/kibrisdakik.com\/#website"},"primaryImageOfPage":{"@id":"https:\/\/kibrisdakik.com\/?p=46619#primaryimage"},"image":{"@id":"https:\/\/kibrisdakik.com\/?p=46619#primaryimage"},"thumbnailUrl":"https:\/\/kibrisdakik.com\/wp-content\/uploads\/2024\/06\/fatih-terimin-yeni-adresini-duyurdular-anlasma-saglandi-1718896845703_1-740x420.jpg","datePublished":"2024-06-20T16:59:53+00:00","author":{"@id":"https:\/\/kibrisdakik.com\/#\/schema\/person\/9cd9d437bbb44f72b73ba127e06d8e79"},"breadcrumb":{"@id":"https:\/\/kibrisdakik.com\/?p=46619#breadcrumb"},"inLanguage":"tr","potentialAction":[{"@type":"ReadAction","target":["https:\/\/kibrisdakik.com\/?p=46619"]}]},{"@type":"ImageObject","inLanguage":"tr","@id":"https:\/\/kibrisdakik.com\/?p=46619#primaryimage","url":"https:\/\/kibrisdakik.com\/wp-content\/uploads\/2024\/06\/fatih-terimin-yeni-adresini-duyurdular-anlasma-saglandi-1718896845703_1-740x420.jpg","contentUrl":"https:\/\/kibrisdakik.com\/wp-content\/uploads\/2024\/06\/fatih-terimin-yeni-adresini-duyurdular-anlasma-saglandi-1718896845703_1-740x420.jpg","width":1280,"height":828},{"@type":"BreadcrumbList","@id":"https:\/\/kibrisdakik.com\/?p=46619#breadcrumb","itemListElement":[{"@type":"ListItem","position":1,"name":"Home","item":"https:\/\/kibrisdakik.com\/"},{"@type":"ListItem","position":2,"name":"Fatih Terim&#039;in yeni adresini duyurdular!"}]},{"@type":"WebSite","@id":"https:\/\/kibrisdakik.com\/#website","url":"https:\/\/kibrisdakik.com\/","name":"","description":"Tam vaktinde haber","potentialAction":[{"@type":"SearchAction","target":{"@type":"EntryPoint","urlTemplate":"https:\/\/kibrisdakik.com\/?s={search_term_string}"},"query-input":{"@type":"PropertyValueSpecification","valueRequired":true,"valueName":"search_term_string"}}],"inLanguage":"tr"},{"@type":"Person","@id":"https:\/\/kibrisdakik.com\/#\/schema\/person\/9cd9d437bbb44f72b73ba127e06d8e79","name":"admin","image":{"@type":"ImageObject","inLanguage":"tr","@id":"https:\/\/secure.gravatar.com\/avatar\/ccc17943b9d660506c869530f897617f7cb1c21a4bf30023f252596d83e1f007?s=96&d=mm&r=g","url":"https:\/\/secure.gravatar.com\/avatar\/ccc17943b9d660506c869530f897617f7cb1c21a4bf30023f252596d83e1f007?s=96&d=mm&r=g","contentUrl":"https:\/\/secure.gravatar.com\/avatar\/ccc17943b9d660506c869530f897617f7cb1c21a4bf30023f252596d83e1f007?s=96&d=mm&r=g","caption":"admin"},"sameAs":["https:\/\/kibrisdakik.com"],"url":"https:\/\/kibrisdakik.com\/?author=1"}]}},"_links":{"self":[{"href":"https:\/\/kibrisdakik.com\/index.php?rest_route=\/wp\/v2\/posts\/46619","targetHints":{"allow":["GET"]}}],"collection":[{"href":"https:\/\/kibrisdakik.com\/index.php?rest_route=\/wp\/v2\/posts"}],"about":[{"href":"https:\/\/kibrisdakik.com\/index.php?rest_route=\/wp\/v2\/types\/post"}],"author":[{"embeddable":true,"href":"https:\/\/kibrisdakik.com\/index.php?rest_route=\/wp\/v2\/users\/1"}],"replies":[{"embeddable":true,"href":"https:\/\/kibrisdakik.com\/index.php?rest_route=%2Fwp%2Fv2%2Fcomments&post=46619"}],"version-history":[{"count":0,"href":"https:\/\/kibrisdakik.com\/index.php?rest_route=\/wp\/v2\/posts\/46619\/revisions"}],"wp:featuredmedia":[{"embeddable":true,"href":"https:\/\/kibrisdakik.com\/index.php?rest_route=\/wp\/v2\/media\/46620"}],"wp:attachment":[{"href":"https:\/\/kibrisdakik.com\/index.php?rest_route=%2Fwp%2Fv2%2Fmedia&parent=46619"}],"wp:term":[{"taxonomy":"category","embeddable":true,"href":"https:\/\/kibrisdakik.com\/index.php?rest_route=%2Fwp%2Fv2%2Fcategories&post=46619"},{"taxonomy":"post_tag","embeddable":true,"href":"https:\/\/kibrisdakik.com\/index.php?rest_route=%2Fwp%2Fv2%2Ftags&post=46619"}],"curies":[{"name":"wp","href":"https:\/\/api.w.org\/{rel}","templated":true}]}}