{"id":46701,"date":"2024-06-21T08:31:01","date_gmt":"2024-06-21T08:31:01","guid":{"rendered":"https:\/\/kibrisdakik.com\/index.php\/2024\/06\/21\/46-guzelyurt-portakal-festivali-24-haziranda-basliyor\/"},"modified":"2024-06-21T08:31:01","modified_gmt":"2024-06-21T08:31:01","slug":"46-guzelyurt-portakal-festivali-24-haziranda-basliyor","status":"publish","type":"post","link":"https:\/\/kibrisdakik.com\/?p=46701","title":{"rendered":"46. G\u00fczelyurt Portakal Festivali 24 Haziran\u2019da ba\u015fl\u0131yor"},"content":{"rendered":"<p><\/p>\n<div>\n<div class=\"mariselle-image-container center\">\n                <img loading=\"lazy\" decoding=\"async\" width=\"597\" height=\"432\" class=\"lazy-image\" alt=\"\" sizes=\"auto, (max-width: 597px) 100vw, 597px\" src=\"https:\/\/brtk.net\/wp-content\/uploads\/2024\/06\/21\/46-portokal.jpeg?ver=77a2b326139c4554654b3cd6cae50414\" srcset=\"https:\/\/brtk.net\/wp-content\/uploads\/2024\/06\/21\/46-portokal.jpeg?ver=77a2b326139c4554654b3cd6cae50414 597w, https:\/\/brtk.net\/wp-content\/uploads\/2024\/06\/21\/46-portokal-300x217.jpeg?ver=77a2b326139c4554654b3cd6cae50414 300w\"\/>                            <\/div>\n<p> 46. G\u00fczelyurt Portakal Festivali 24 Haziran\u2019da ba\u015fl\u0131yor.<\/p>\n<p>Bu y\u0131l 24-30 Haziran tarihleri aras\u0131nda ger\u00e7ekle\u015ftirilecek 46. G\u00fczelyurt Portakal Festivali\u2019nin a\u00e7\u0131l\u0131\u015f\u0131, 24 Haziran Pazartesi g\u00fcn\u00fc saat 18.30\u2019da kortejle yap\u0131lacak.<\/p>\n<p>G\u00fczelyurt Belediyesi\u2019nden yap\u0131lan a\u00e7\u0131klamaya g\u00f6re, bir hafta s\u00fcrecek festivalde, T\u00fcrkiye ve yerel sanat\u00e7\u0131lar\u0131n konserleri, \u00e7ocuk \u015fenli\u011fi ve bir\u00e7ok etkinlik yer alacak. Festival s\u00fcresince ger\u00e7ekle\u015ftirilecek t\u00fcm etkinlikler \u00fccretsiz olacak.<\/p>\n<div class=\"mariselle-image-container center\">\n                <img loading=\"lazy\" decoding=\"async\" width=\"1280\" height=\"720\" class=\"lazy-image\" alt=\"\" sizes=\"auto, (max-width: 1280px) 100vw, 1280px\" src=\"https:\/\/brtk.net\/wp-content\/uploads\/2024\/06\/21\/46-Guzelyurt-Portakal-Festivali-a.webp?ver=930eeeae8d4e8ca96fc8ae58725d8fd4\" srcset=\"https:\/\/brtk.net\/wp-content\/uploads\/2024\/06\/21\/46-Guzelyurt-Portakal-Festivali-a.webp?ver=930eeeae8d4e8ca96fc8ae58725d8fd4 1280w, https:\/\/brtk.net\/wp-content\/uploads\/2024\/06\/21\/46-Guzelyurt-Portakal-Festivali-a-300x169.webp?ver=06d105036679298989884c172bae31be 300w, https:\/\/brtk.net\/wp-content\/uploads\/2024\/06\/21\/46-Guzelyurt-Portakal-Festivali-a-1024x576.webp?ver=06d105036679298989884c172bae31be 1024w, https:\/\/brtk.net\/wp-content\/uploads\/2024\/06\/21\/46-Guzelyurt-Portakal-Festivali-a-768x432.webp?ver=06d105036679298989884c172bae31be 768w\"\/>                            <\/div>\n<p>\nG\u00fczelyurt Kurtulu\u015f \u0130lkokulu \u00f6n\u00fcnden 18.30\u2019da ba\u015flayacak korteje, yurti\u00e7i ve yurtd\u0131\u015f\u0131ndan davetli ekipler, okullar, k\u00fclt\u00fcr ve sanat dernekleri, kurum, kurulu\u015flar, sivil toplum \u00f6rg\u00fctleri, spor kul\u00fcpleri ve animat\u00f6r ekipler kat\u0131lacak.<\/p>\n<p>Kortej s\u00fcresince ve kent merkezinde, G\u00fczelyurt Kapal\u0131 \u00c7ar\u015f\u0131 \u00f6n\u00fcnde g\u00f6steriler yer alacak. 46. G\u00fczelyurt Portakal Festivali kapsam\u0131ndaki etkinlikler gece boyunca Festival Park\u0131\u2019nda devam edecek.<\/p>\n<p><strong>-A\u00e7\u0131l\u0131\u015f<\/strong><\/p>\n<p>46. G\u00fczelyurt Portakal Festivali\u2019nin a\u00e7\u0131l\u0131\u015f gecesi saat 20.30\u2019da ise, Amfi Tiyatro\u2019da dans g\u00f6sterileri ve Samida m\u00fczik grubunun konseri yer alacak.<\/p>\n<p>Ayn\u0131 gece K\u0131br\u0131s k\u00fclt\u00fcr\u00fcn\u00fc \u015fark\u0131lara ta\u015f\u0131yan Grup Otantik saat 22.30\u2019da Festival Park meydan\u0131nda konser verecek.<\/p>\n<p>Bir\u00e7ok etkinli\u011fe ev sahipli\u011fi yapacak 46. G\u00fczelyurt Portakal Festivali\u2019nde; Samida, Melis Fis, S\u00fcmer Ezg\u00fc, Ekin Uzunlar, Irmak Ar\u0131c\u0131, yerel sanat\u00e7\u0131 ve m\u00fczik gruplar\u0131 konserler verecek, ayr\u0131ca yiyecek ve i\u00e7ecek stantlar\u0131n\u0131n \u00fccretsiz olaca\u011f\u0131 \u00e7ocuk \u015fenli\u011fi ve tavla turnuvas\u0131 da yer alacak.<\/p>\n<\/p><\/div>\n<p><script async\n                    defer\n                    crossorigin=\"anonymous\"\n                    src=\"https:\/\/connect.facebook.net\/tr_TR\/sdk.js#xfbml=1&#038;version=v3.3\"\n            ><\/script><\/p>\n","protected":false},"excerpt":{"rendered":"<p>46. G\u00fczelyurt Portakal Festivali 24 Haziran\u2019da ba\u015fl\u0131yor. Bu y\u0131l 24-30 Haziran tarihleri aras\u0131nda ger\u00e7ekle\u015ftirilecek 46. G\u00fczelyurt Portakal Festivali\u2019nin a\u00e7\u0131l\u0131\u015f\u0131, 24 Haziran Pazartesi g\u00fcn\u00fc saat 18.30\u2019da kortejle yap\u0131lacak. G\u00fczelyurt Belediyesi\u2019nden yap\u0131lan a\u00e7\u0131klamaya g\u00f6re, bir hafta s\u00fcrecek festivalde, T\u00fcrkiye ve yerel sanat\u00e7\u0131lar\u0131n konserleri, \u00e7ocuk \u015fenli\u011fi ve bir\u00e7ok etkinlik yer alacak. Festival s\u00fcresince ger\u00e7ekle\u015ftirilecek t\u00fcm etkinlikler \u00fccretsiz olacak.<\/p>\n","protected":false},"author":1,"featured_media":46702,"comment_status":"open","ping_status":"open","sticky":false,"template":"","format":"standard","meta":{"footnotes":""},"categories":[1],"tags":[],"class_list":["post-46701","post","type-post","status-publish","format-standard","has-post-thumbnail","hentry","category-gundem"],"yoast_head":"<!-- This site is optimized with the Yoast SEO plugin v27.4 - https:\/\/yoast.com\/product\/yoast-seo-wordpress\/ -->\n<title>46. G\u00fczelyurt Portakal Festivali 24 Haziran\u2019da ba\u015fl\u0131yor -<\/title>\n<meta name=\"robots\" content=\"index, follow, max-snippet:-1, max-image-preview:large, max-video-preview:-1\" \/>\n<link rel=\"canonical\" href=\"https:\/\/kibrisdakik.com\/?p=46701\" \/>\n<meta property=\"og:locale\" content=\"tr_TR\" \/>\n<meta property=\"og:type\" content=\"article\" \/>\n<meta property=\"og:title\" content=\"46. G\u00fczelyurt Portakal Festivali 24 Haziran\u2019da ba\u015fl\u0131yor -\" \/>\n<meta property=\"og:description\" content=\"46. G\u00fczelyurt Portakal Festivali 24 Haziran\u2019da ba\u015fl\u0131yor. Bu y\u0131l 24-30 Haziran tarihleri aras\u0131nda ger\u00e7ekle\u015ftirilecek 46. G\u00fczelyurt Portakal Festivali\u2019nin a\u00e7\u0131l\u0131\u015f\u0131, 24 Haziran Pazartesi g\u00fcn\u00fc saat 18.30\u2019da kortejle yap\u0131lacak. G\u00fczelyurt Belediyesi\u2019nden yap\u0131lan a\u00e7\u0131klamaya g\u00f6re, bir hafta s\u00fcrecek festivalde, T\u00fcrkiye ve yerel sanat\u00e7\u0131lar\u0131n konserleri, \u00e7ocuk \u015fenli\u011fi ve bir\u00e7ok etkinlik yer alacak. Festival s\u00fcresince ger\u00e7ekle\u015ftirilecek t\u00fcm etkinlikler \u00fccretsiz olacak.\" \/>\n<meta property=\"og:url\" content=\"https:\/\/kibrisdakik.com\/?p=46701\" \/>\n<meta property=\"article:published_time\" content=\"2024-06-21T08:31:01+00:00\" \/>\n<meta property=\"og:image\" content=\"https:\/\/kibrisdakik.com\/wp-content\/uploads\/2024\/06\/46-Guzelyurt-Portakal-Festivali-a.webp-740x420.webp\" \/>\n\t<meta property=\"og:image:width\" content=\"1280\" \/>\n\t<meta property=\"og:image:height\" content=\"720\" \/>\n\t<meta property=\"og:image:type\" content=\"image\/webp\" \/>\n<meta name=\"author\" content=\"admin\" \/>\n<meta name=\"twitter:card\" content=\"summary_large_image\" \/>\n<meta name=\"twitter:label1\" content=\"Yazan:\" \/>\n\t<meta name=\"twitter:data1\" content=\"admin\" \/>\n\t<meta name=\"twitter:label2\" content=\"Tahmini okuma s\u00fcresi\" \/>\n\t<meta name=\"twitter:data2\" content=\"1 dakika\" \/>\n<script type=\"application\/ld+json\" class=\"yoast-schema-graph\">{\"@context\":\"https:\\\/\\\/schema.org\",\"@graph\":[{\"@type\":\"Article\",\"@id\":\"https:\\\/\\\/kibrisdakik.com\\\/?p=46701#article\",\"isPartOf\":{\"@id\":\"https:\\\/\\\/kibrisdakik.com\\\/?p=46701\"},\"author\":{\"name\":\"admin\",\"@id\":\"https:\\\/\\\/kibrisdakik.com\\\/#\\\/schema\\\/person\\\/9cd9d437bbb44f72b73ba127e06d8e79\"},\"headline\":\"46. G\u00fczelyurt Portakal Festivali 24 Haziran\u2019da ba\u015fl\u0131yor\",\"datePublished\":\"2024-06-21T08:31:01+00:00\",\"mainEntityOfPage\":{\"@id\":\"https:\\\/\\\/kibrisdakik.com\\\/?p=46701\"},\"wordCount\":260,\"commentCount\":0,\"image\":{\"@id\":\"https:\\\/\\\/kibrisdakik.com\\\/?p=46701#primaryimage\"},\"thumbnailUrl\":\"https:\\\/\\\/kibrisdakik.com\\\/wp-content\\\/uploads\\\/2024\\\/06\\\/46-Guzelyurt-Portakal-Festivali-a.webp-740x420.webp\",\"articleSection\":[\"G\u00fcndem\"],\"inLanguage\":\"tr\",\"potentialAction\":[{\"@type\":\"CommentAction\",\"name\":\"Comment\",\"target\":[\"https:\\\/\\\/kibrisdakik.com\\\/?p=46701#respond\"]}]},{\"@type\":\"WebPage\",\"@id\":\"https:\\\/\\\/kibrisdakik.com\\\/?p=46701\",\"url\":\"https:\\\/\\\/kibrisdakik.com\\\/?p=46701\",\"name\":\"46. G\u00fczelyurt Portakal Festivali 24 Haziran\u2019da ba\u015fl\u0131yor -\",\"isPartOf\":{\"@id\":\"https:\\\/\\\/kibrisdakik.com\\\/#website\"},\"primaryImageOfPage\":{\"@id\":\"https:\\\/\\\/kibrisdakik.com\\\/?p=46701#primaryimage\"},\"image\":{\"@id\":\"https:\\\/\\\/kibrisdakik.com\\\/?p=46701#primaryimage\"},\"thumbnailUrl\":\"https:\\\/\\\/kibrisdakik.com\\\/wp-content\\\/uploads\\\/2024\\\/06\\\/46-Guzelyurt-Portakal-Festivali-a.webp-740x420.webp\",\"datePublished\":\"2024-06-21T08:31:01+00:00\",\"author\":{\"@id\":\"https:\\\/\\\/kibrisdakik.com\\\/#\\\/schema\\\/person\\\/9cd9d437bbb44f72b73ba127e06d8e79\"},\"breadcrumb\":{\"@id\":\"https:\\\/\\\/kibrisdakik.com\\\/?p=46701#breadcrumb\"},\"inLanguage\":\"tr\",\"potentialAction\":[{\"@type\":\"ReadAction\",\"target\":[\"https:\\\/\\\/kibrisdakik.com\\\/?p=46701\"]}]},{\"@type\":\"ImageObject\",\"inLanguage\":\"tr\",\"@id\":\"https:\\\/\\\/kibrisdakik.com\\\/?p=46701#primaryimage\",\"url\":\"https:\\\/\\\/kibrisdakik.com\\\/wp-content\\\/uploads\\\/2024\\\/06\\\/46-Guzelyurt-Portakal-Festivali-a.webp-740x420.webp\",\"contentUrl\":\"https:\\\/\\\/kibrisdakik.com\\\/wp-content\\\/uploads\\\/2024\\\/06\\\/46-Guzelyurt-Portakal-Festivali-a.webp-740x420.webp\",\"width\":1280,\"height\":720},{\"@type\":\"BreadcrumbList\",\"@id\":\"https:\\\/\\\/kibrisdakik.com\\\/?p=46701#breadcrumb\",\"itemListElement\":[{\"@type\":\"ListItem\",\"position\":1,\"name\":\"Home\",\"item\":\"https:\\\/\\\/kibrisdakik.com\\\/\"},{\"@type\":\"ListItem\",\"position\":2,\"name\":\"46. G\u00fczelyurt Portakal Festivali 24 Haziran\u2019da ba\u015fl\u0131yor\"}]},{\"@type\":\"WebSite\",\"@id\":\"https:\\\/\\\/kibrisdakik.com\\\/#website\",\"url\":\"https:\\\/\\\/kibrisdakik.com\\\/\",\"name\":\"\",\"description\":\"Tam vaktinde haber\",\"potentialAction\":[{\"@type\":\"SearchAction\",\"target\":{\"@type\":\"EntryPoint\",\"urlTemplate\":\"https:\\\/\\\/kibrisdakik.com\\\/?s={search_term_string}\"},\"query-input\":{\"@type\":\"PropertyValueSpecification\",\"valueRequired\":true,\"valueName\":\"search_term_string\"}}],\"inLanguage\":\"tr\"},{\"@type\":\"Person\",\"@id\":\"https:\\\/\\\/kibrisdakik.com\\\/#\\\/schema\\\/person\\\/9cd9d437bbb44f72b73ba127e06d8e79\",\"name\":\"admin\",\"image\":{\"@type\":\"ImageObject\",\"inLanguage\":\"tr\",\"@id\":\"https:\\\/\\\/secure.gravatar.com\\\/avatar\\\/ccc17943b9d660506c869530f897617f7cb1c21a4bf30023f252596d83e1f007?s=96&d=mm&r=g\",\"url\":\"https:\\\/\\\/secure.gravatar.com\\\/avatar\\\/ccc17943b9d660506c869530f897617f7cb1c21a4bf30023f252596d83e1f007?s=96&d=mm&r=g\",\"contentUrl\":\"https:\\\/\\\/secure.gravatar.com\\\/avatar\\\/ccc17943b9d660506c869530f897617f7cb1c21a4bf30023f252596d83e1f007?s=96&d=mm&r=g\",\"caption\":\"admin\"},\"sameAs\":[\"https:\\\/\\\/kibrisdakik.com\"],\"url\":\"https:\\\/\\\/kibrisdakik.com\\\/?author=1\"}]}<\/script>\n<!-- \/ Yoast SEO plugin. -->","yoast_head_json":{"title":"46. G\u00fczelyurt Portakal Festivali 24 Haziran\u2019da ba\u015fl\u0131yor -","robots":{"index":"index","follow":"follow","max-snippet":"max-snippet:-1","max-image-preview":"max-image-preview:large","max-video-preview":"max-video-preview:-1"},"canonical":"https:\/\/kibrisdakik.com\/?p=46701","og_locale":"tr_TR","og_type":"article","og_title":"46. G\u00fczelyurt Portakal Festivali 24 Haziran\u2019da ba\u015fl\u0131yor -","og_description":"46. G\u00fczelyurt Portakal Festivali 24 Haziran\u2019da ba\u015fl\u0131yor. Bu y\u0131l 24-30 Haziran tarihleri aras\u0131nda ger\u00e7ekle\u015ftirilecek 46. G\u00fczelyurt Portakal Festivali\u2019nin a\u00e7\u0131l\u0131\u015f\u0131, 24 Haziran Pazartesi g\u00fcn\u00fc saat 18.30\u2019da kortejle yap\u0131lacak. G\u00fczelyurt Belediyesi\u2019nden yap\u0131lan a\u00e7\u0131klamaya g\u00f6re, bir hafta s\u00fcrecek festivalde, T\u00fcrkiye ve yerel sanat\u00e7\u0131lar\u0131n konserleri, \u00e7ocuk \u015fenli\u011fi ve bir\u00e7ok etkinlik yer alacak. Festival s\u00fcresince ger\u00e7ekle\u015ftirilecek t\u00fcm etkinlikler \u00fccretsiz olacak.","og_url":"https:\/\/kibrisdakik.com\/?p=46701","article_published_time":"2024-06-21T08:31:01+00:00","og_image":[{"width":1280,"height":720,"url":"https:\/\/kibrisdakik.com\/wp-content\/uploads\/2024\/06\/46-Guzelyurt-Portakal-Festivali-a.webp-740x420.webp","type":"image\/webp"}],"author":"admin","twitter_card":"summary_large_image","twitter_misc":{"Yazan:":"admin","Tahmini okuma s\u00fcresi":"1 dakika"},"schema":{"@context":"https:\/\/schema.org","@graph":[{"@type":"Article","@id":"https:\/\/kibrisdakik.com\/?p=46701#article","isPartOf":{"@id":"https:\/\/kibrisdakik.com\/?p=46701"},"author":{"name":"admin","@id":"https:\/\/kibrisdakik.com\/#\/schema\/person\/9cd9d437bbb44f72b73ba127e06d8e79"},"headline":"46. G\u00fczelyurt Portakal Festivali 24 Haziran\u2019da ba\u015fl\u0131yor","datePublished":"2024-06-21T08:31:01+00:00","mainEntityOfPage":{"@id":"https:\/\/kibrisdakik.com\/?p=46701"},"wordCount":260,"commentCount":0,"image":{"@id":"https:\/\/kibrisdakik.com\/?p=46701#primaryimage"},"thumbnailUrl":"https:\/\/kibrisdakik.com\/wp-content\/uploads\/2024\/06\/46-Guzelyurt-Portakal-Festivali-a.webp-740x420.webp","articleSection":["G\u00fcndem"],"inLanguage":"tr","potentialAction":[{"@type":"CommentAction","name":"Comment","target":["https:\/\/kibrisdakik.com\/?p=46701#respond"]}]},{"@type":"WebPage","@id":"https:\/\/kibrisdakik.com\/?p=46701","url":"https:\/\/kibrisdakik.com\/?p=46701","name":"46. G\u00fczelyurt Portakal Festivali 24 Haziran\u2019da ba\u015fl\u0131yor -","isPartOf":{"@id":"https:\/\/kibrisdakik.com\/#website"},"primaryImageOfPage":{"@id":"https:\/\/kibrisdakik.com\/?p=46701#primaryimage"},"image":{"@id":"https:\/\/kibrisdakik.com\/?p=46701#primaryimage"},"thumbnailUrl":"https:\/\/kibrisdakik.com\/wp-content\/uploads\/2024\/06\/46-Guzelyurt-Portakal-Festivali-a.webp-740x420.webp","datePublished":"2024-06-21T08:31:01+00:00","author":{"@id":"https:\/\/kibrisdakik.com\/#\/schema\/person\/9cd9d437bbb44f72b73ba127e06d8e79"},"breadcrumb":{"@id":"https:\/\/kibrisdakik.com\/?p=46701#breadcrumb"},"inLanguage":"tr","potentialAction":[{"@type":"ReadAction","target":["https:\/\/kibrisdakik.com\/?p=46701"]}]},{"@type":"ImageObject","inLanguage":"tr","@id":"https:\/\/kibrisdakik.com\/?p=46701#primaryimage","url":"https:\/\/kibrisdakik.com\/wp-content\/uploads\/2024\/06\/46-Guzelyurt-Portakal-Festivali-a.webp-740x420.webp","contentUrl":"https:\/\/kibrisdakik.com\/wp-content\/uploads\/2024\/06\/46-Guzelyurt-Portakal-Festivali-a.webp-740x420.webp","width":1280,"height":720},{"@type":"BreadcrumbList","@id":"https:\/\/kibrisdakik.com\/?p=46701#breadcrumb","itemListElement":[{"@type":"ListItem","position":1,"name":"Home","item":"https:\/\/kibrisdakik.com\/"},{"@type":"ListItem","position":2,"name":"46. G\u00fczelyurt Portakal Festivali 24 Haziran\u2019da ba\u015fl\u0131yor"}]},{"@type":"WebSite","@id":"https:\/\/kibrisdakik.com\/#website","url":"https:\/\/kibrisdakik.com\/","name":"","description":"Tam vaktinde haber","potentialAction":[{"@type":"SearchAction","target":{"@type":"EntryPoint","urlTemplate":"https:\/\/kibrisdakik.com\/?s={search_term_string}"},"query-input":{"@type":"PropertyValueSpecification","valueRequired":true,"valueName":"search_term_string"}}],"inLanguage":"tr"},{"@type":"Person","@id":"https:\/\/kibrisdakik.com\/#\/schema\/person\/9cd9d437bbb44f72b73ba127e06d8e79","name":"admin","image":{"@type":"ImageObject","inLanguage":"tr","@id":"https:\/\/secure.gravatar.com\/avatar\/ccc17943b9d660506c869530f897617f7cb1c21a4bf30023f252596d83e1f007?s=96&d=mm&r=g","url":"https:\/\/secure.gravatar.com\/avatar\/ccc17943b9d660506c869530f897617f7cb1c21a4bf30023f252596d83e1f007?s=96&d=mm&r=g","contentUrl":"https:\/\/secure.gravatar.com\/avatar\/ccc17943b9d660506c869530f897617f7cb1c21a4bf30023f252596d83e1f007?s=96&d=mm&r=g","caption":"admin"},"sameAs":["https:\/\/kibrisdakik.com"],"url":"https:\/\/kibrisdakik.com\/?author=1"}]}},"_links":{"self":[{"href":"https:\/\/kibrisdakik.com\/index.php?rest_route=\/wp\/v2\/posts\/46701","targetHints":{"allow":["GET"]}}],"collection":[{"href":"https:\/\/kibrisdakik.com\/index.php?rest_route=\/wp\/v2\/posts"}],"about":[{"href":"https:\/\/kibrisdakik.com\/index.php?rest_route=\/wp\/v2\/types\/post"}],"author":[{"embeddable":true,"href":"https:\/\/kibrisdakik.com\/index.php?rest_route=\/wp\/v2\/users\/1"}],"replies":[{"embeddable":true,"href":"https:\/\/kibrisdakik.com\/index.php?rest_route=%2Fwp%2Fv2%2Fcomments&post=46701"}],"version-history":[{"count":0,"href":"https:\/\/kibrisdakik.com\/index.php?rest_route=\/wp\/v2\/posts\/46701\/revisions"}],"wp:featuredmedia":[{"embeddable":true,"href":"https:\/\/kibrisdakik.com\/index.php?rest_route=\/wp\/v2\/media\/46702"}],"wp:attachment":[{"href":"https:\/\/kibrisdakik.com\/index.php?rest_route=%2Fwp%2Fv2%2Fmedia&parent=46701"}],"wp:term":[{"taxonomy":"category","embeddable":true,"href":"https:\/\/kibrisdakik.com\/index.php?rest_route=%2Fwp%2Fv2%2Fcategories&post=46701"},{"taxonomy":"post_tag","embeddable":true,"href":"https:\/\/kibrisdakik.com\/index.php?rest_route=%2Fwp%2Fv2%2Ftags&post=46701"}],"curies":[{"name":"wp","href":"https:\/\/api.w.org\/{rel}","templated":true}]}}