{"id":46717,"date":"2024-06-21T11:19:22","date_gmt":"2024-06-21T11:19:22","guid":{"rendered":"https:\/\/kibrisdakik.com\/index.php\/2024\/06\/21\/bbc-uydu-goruntuleri-kuzey-korenin-guney-sinirina-duvar-benzeri-yapi-insa-ettigini-gosteriyor\/"},"modified":"2024-06-21T11:19:22","modified_gmt":"2024-06-21T11:19:22","slug":"bbc-uydu-goruntuleri-kuzey-korenin-guney-sinirina-duvar-benzeri-yapi-insa-ettigini-gosteriyor","status":"publish","type":"post","link":"https:\/\/kibrisdakik.com\/?p=46717","title":{"rendered":"BBC: Uydu g\u00f6r\u00fcnt\u00fcleri Kuzey Kore&#039;nin G\u00fcney s\u0131n\u0131r\u0131na duvar benzeri yap\u0131 in\u015fa etti\u011fini g\u00f6steriyor"},"content":{"rendered":"<p><img decoding=\"async\" src=\"https:\/\/www.kibristurk.com\/images\/haberler\/2024\/06\/bbc-uydu-goruntuleri-kuzey-korenin-guney-sinirina-duvar-benzeri-yapi-insa-ettigini-gosteriyor-1718967802.webp\" \/><\/p>\n<p style=\"text-align:left\"><span style=\"font-size:16px\"><span style=\"background-color:#ffffff\"><span style=\"font-family:Merriweather,serif !important\"><span style=\"color:#000000\">Analiz edilen uydu g\u00f6r\u00fcnt\u00fcleri, Kuzey Kore&#8217;nin kontrol etti\u011fi askerden ar\u0131nd\u0131r\u0131lm\u0131\u015f b\u00f6lgedeki arazinin temizlendi\u011fini g\u00f6steriyor.<\/span><\/span><\/span><\/span><\/p>\n<p style=\"text-align:left\"><span style=\"font-size:16px\"><span style=\"background-color:#ffffff\"><span style=\"font-family:Merriweather,serif !important\"><span style=\"color:#000000\">S\u0131n\u0131r\u0131n 7 kilometrelik b\u00f6l\u00fcm\u00fcne ait y\u00fcksek \u00e7\u00f6z\u00fcn\u00fcrl\u00fckl\u00fc uydu g\u00f6r\u00fcnt\u00fclerinde Kuzey Kore&#8217;nin bu b\u00f6lgeye yak\u0131n k\u0131s\u0131mlara duvar benzeri yap\u0131lar in\u015fa etti\u011fi g\u00f6r\u00fcl\u00fcyor.<\/span><\/span><\/span><\/span><\/p>\n<p style=\"text-align:left\"><span style=\"font-size:16px\"><span style=\"background-color:#ffffff\"><span style=\"font-family:Merriweather,serif !important\"><span style=\"color:#000000\">B\u00f6lgede daha \u00f6nce y\u00fcksek \u00e7\u00f6z\u00fcn\u00fcrl\u00fckl\u00fc kay\u0131tlar\u0131n bulunmamas\u0131 nedeniyle in\u015faat\u0131n tam ne zaman ba\u015flad\u0131\u011f\u0131 bilinmiyor, Kas\u0131m 2023&#8217;te \u00e7ekilen g\u00f6r\u00fcnt\u00fcde de bu yap\u0131lar g\u00f6r\u00fclm\u00fcyor.<\/span><\/span><\/span><\/span><\/p>\n<p style=\"text-align:left\">&nbsp;<\/p>\n<p style=\"text-align:left\"><span style=\"font-size:16px\"><span style=\"background-color:#ffffff\"><span style=\"font-family:Merriweather,serif !important\"><span style=\"color:#000000\">&#8211; &#8220;\u0130lk kez bir yeri di\u011ferinden ay\u0131rma anlam\u0131nda bir bariyer in\u015fa ediyorlar&#8221;<\/span><\/span><\/span><\/span><\/p>\n<p style=\"text-align:left\"><span style=\"font-size:16px\"><span style=\"background-color:#ffffff\"><span style=\"font-family:Merriweather,serif !important\"><span style=\"color:#000000\">G\u00fcney Kore&#8217;nin ba\u015fkenti Seul merkezli Asan Politika \u00c7al\u0131\u015fmalar\u0131 Enstit\u00fcs\u00fcnden askeri ve savunma uzman\u0131 Dr. Uk Yang, uydu g\u00f6r\u00fcnt\u00fclerine ili\u015fkin BBC&#8217;ye de\u011ferlendirmelerde bulundu.<\/span><\/span><\/span><\/span><\/p>\n<p style=\"text-align:left\"><span style=\"font-size:16px\"><span style=\"background-color:#ffffff\"><span style=\"font-family:Merriweather,serif !important\"><span style=\"color:#000000\">Uk, &#8220;Ki\u015fisel de\u011ferlendirmeme g\u00f6re ilk kez bir yeri di\u011ferinden ay\u0131rma anlam\u0131nda bir bariyer in\u015fa ediyorlar. 1990&#8217;larda Kuzey Kore, sava\u015f \u00e7\u0131kmas\u0131 halinde tanklar\u0131n ilerlemesini engellemek i\u00e7in tanksavar duvarlar\u0131 in\u015fa etmi\u015fti ancak son zamanlarda Kuzey Kore 2-3 metre y\u00fcksekli\u011finde duvarlar \u00f6r\u00fcyor ve bunlar tanksavar duvarlar\u0131na benzemiyor.&#8221; diye konu\u015ftu.<\/span><\/span><\/span><\/span><\/p>\n<p style=\"text-align:left\"><span style=\"font-size:16px\"><span style=\"background-color:#ffffff\"><span style=\"font-family:Merriweather,serif !important\"><span style=\"color:#000000\">Stratejik ve Uluslararas\u0131 \u00c7al\u0131\u015fmalar Merkezi&#8217;nin Asya ve Kore&#8217;den Sorumlu K\u0131demli Ba\u015fkan Yard\u0131mc\u0131s\u0131 Prof. Victor Cha ise &#8220;Askerden ar\u0131nd\u0131r\u0131lm\u0131\u015f b\u00f6lgede \u00f6nceden isti\u015fare edilmeden yap\u0131 in\u015fa etmek al\u0131\u015f\u0131lmad\u0131k bir durumdur ve ate\u015fkesin ihlal edilmesi anlam\u0131na gelebilir.&#8221; de\u011ferlendirmesini yapt\u0131.<\/span><\/span><\/span><\/span><\/p>\n<p style=\"text-align:left\"><span style=\"font-size:16px\"><span style=\"background-color:#ffffff\"><span style=\"font-family:Merriweather,serif !important\"><span style=\"color:#000000\">Kings College London Avrupa ve Uluslararas\u0131 \u00c7al\u0131\u015fmalar B\u00f6l\u00fcm Ba\u015fkan\u0131 Dr. Ramon Paheco Pardo, &#8220;Kuzey Kore&#8217;nin G\u00fcney&#8217;den gelecek bir sald\u0131r\u0131y\u0131 engellemek i\u00e7in daha fazla bariyere ihtiyac\u0131 yok ama Kuzey bu s\u0131n\u0131r bariyerlerini dikerek yeniden birle\u015fme istemedi\u011finin mesaj\u0131n\u0131 veriyor.&#8221; g\u00f6r\u00fc\u015f\u00fcn\u00fc payla\u015ft\u0131.<\/span><\/span><\/span><\/span><\/p>\n","protected":false},"excerpt":{"rendered":"<p>Analiz edilen uydu g\u00f6r\u00fcnt\u00fcleri, Kuzey Kore&#8217;nin kontrol etti\u011fi askerden ar\u0131nd\u0131r\u0131lm\u0131\u015f b\u00f6lgedeki arazinin temizlendi\u011fini g\u00f6steriyor. S\u0131n\u0131r\u0131n 7 kilometrelik b\u00f6l\u00fcm\u00fcne ait y\u00fcksek \u00e7\u00f6z\u00fcn\u00fcrl\u00fckl\u00fc uydu g\u00f6r\u00fcnt\u00fclerinde Kuzey Kore&#8217;nin bu b\u00f6lgeye yak\u0131n k\u0131s\u0131mlara duvar benzeri yap\u0131lar in\u015fa etti\u011fi g\u00f6r\u00fcl\u00fcyor. B\u00f6lgede daha \u00f6nce y\u00fcksek \u00e7\u00f6z\u00fcn\u00fcrl\u00fckl\u00fc kay\u0131tlar\u0131n bulunmamas\u0131 nedeniyle in\u015faat\u0131n tam ne zaman ba\u015flad\u0131\u011f\u0131 bilinmiyor, Kas\u0131m 2023&#8217;te \u00e7ekilen g\u00f6r\u00fcnt\u00fcde de bu<\/p>\n","protected":false},"author":1,"featured_media":46718,"comment_status":"open","ping_status":"open","sticky":false,"template":"","format":"standard","meta":{"footnotes":""},"categories":[85],"tags":[],"class_list":["post-46717","post","type-post","status-publish","format-standard","has-post-thumbnail","hentry","category-spor"],"yoast_head":"<!-- This site is optimized with the Yoast SEO plugin v27.4 - https:\/\/yoast.com\/product\/yoast-seo-wordpress\/ -->\n<title>BBC: Uydu g\u00f6r\u00fcnt\u00fcleri Kuzey Kore&#039;nin G\u00fcney s\u0131n\u0131r\u0131na duvar benzeri yap\u0131 in\u015fa etti\u011fini g\u00f6steriyor -<\/title>\n<meta name=\"robots\" content=\"index, follow, max-snippet:-1, max-image-preview:large, max-video-preview:-1\" \/>\n<link rel=\"canonical\" href=\"https:\/\/kibrisdakik.com\/?p=46717\" \/>\n<meta property=\"og:locale\" content=\"tr_TR\" \/>\n<meta property=\"og:type\" content=\"article\" \/>\n<meta property=\"og:title\" content=\"BBC: Uydu g\u00f6r\u00fcnt\u00fcleri Kuzey Kore&#039;nin G\u00fcney s\u0131n\u0131r\u0131na duvar benzeri yap\u0131 in\u015fa etti\u011fini g\u00f6steriyor -\" \/>\n<meta property=\"og:description\" content=\"Analiz edilen uydu g\u00f6r\u00fcnt\u00fcleri, Kuzey Kore&#8217;nin kontrol etti\u011fi askerden ar\u0131nd\u0131r\u0131lm\u0131\u015f b\u00f6lgedeki arazinin temizlendi\u011fini g\u00f6steriyor. S\u0131n\u0131r\u0131n 7 kilometrelik b\u00f6l\u00fcm\u00fcne ait y\u00fcksek \u00e7\u00f6z\u00fcn\u00fcrl\u00fckl\u00fc uydu g\u00f6r\u00fcnt\u00fclerinde Kuzey Kore&#8217;nin bu b\u00f6lgeye yak\u0131n k\u0131s\u0131mlara duvar benzeri yap\u0131lar in\u015fa etti\u011fi g\u00f6r\u00fcl\u00fcyor. B\u00f6lgede daha \u00f6nce y\u00fcksek \u00e7\u00f6z\u00fcn\u00fcrl\u00fckl\u00fc kay\u0131tlar\u0131n bulunmamas\u0131 nedeniyle in\u015faat\u0131n tam ne zaman ba\u015flad\u0131\u011f\u0131 bilinmiyor, Kas\u0131m 2023&#8217;te \u00e7ekilen g\u00f6r\u00fcnt\u00fcde de bu\" \/>\n<meta property=\"og:url\" content=\"https:\/\/kibrisdakik.com\/?p=46717\" \/>\n<meta property=\"article:published_time\" content=\"2024-06-21T11:19:22+00:00\" \/>\n<meta property=\"og:image\" content=\"https:\/\/kibrisdakik.com\/wp-content\/uploads\/2024\/06\/bbc-uydu-goruntuleri-kuzey-korenin-guney-sinirina-duvar-benzeri-yapi-insa-ettigini-gosteriyor-1718967802.webp.webp\" \/>\n\t<meta property=\"og:image:width\" content=\"710\" \/>\n\t<meta property=\"og:image:height\" content=\"370\" \/>\n\t<meta property=\"og:image:type\" content=\"image\/webp\" \/>\n<meta name=\"author\" content=\"admin\" \/>\n<meta name=\"twitter:card\" content=\"summary_large_image\" \/>\n<meta name=\"twitter:label1\" content=\"Yazan:\" \/>\n\t<meta name=\"twitter:data1\" content=\"admin\" \/>\n\t<meta name=\"twitter:label2\" content=\"Tahmini okuma s\u00fcresi\" \/>\n\t<meta name=\"twitter:data2\" content=\"2 dakika\" \/>\n<script type=\"application\/ld+json\" class=\"yoast-schema-graph\">{\"@context\":\"https:\\\/\\\/schema.org\",\"@graph\":[{\"@type\":\"Article\",\"@id\":\"https:\\\/\\\/kibrisdakik.com\\\/?p=46717#article\",\"isPartOf\":{\"@id\":\"https:\\\/\\\/kibrisdakik.com\\\/?p=46717\"},\"author\":{\"name\":\"admin\",\"@id\":\"https:\\\/\\\/kibrisdakik.com\\\/#\\\/schema\\\/person\\\/9cd9d437bbb44f72b73ba127e06d8e79\"},\"headline\":\"BBC: Uydu g\u00f6r\u00fcnt\u00fcleri Kuzey Kore&#039;nin G\u00fcney s\u0131n\u0131r\u0131na duvar benzeri yap\u0131 in\u015fa etti\u011fini g\u00f6steriyor\",\"datePublished\":\"2024-06-21T11:19:22+00:00\",\"mainEntityOfPage\":{\"@id\":\"https:\\\/\\\/kibrisdakik.com\\\/?p=46717\"},\"wordCount\":349,\"commentCount\":0,\"image\":{\"@id\":\"https:\\\/\\\/kibrisdakik.com\\\/?p=46717#primaryimage\"},\"thumbnailUrl\":\"https:\\\/\\\/kibrisdakik.com\\\/wp-content\\\/uploads\\\/2024\\\/06\\\/bbc-uydu-goruntuleri-kuzey-korenin-guney-sinirina-duvar-benzeri-yapi-insa-ettigini-gosteriyor-1718967802.webp.webp\",\"articleSection\":[\"Spor\"],\"inLanguage\":\"tr\",\"potentialAction\":[{\"@type\":\"CommentAction\",\"name\":\"Comment\",\"target\":[\"https:\\\/\\\/kibrisdakik.com\\\/?p=46717#respond\"]}]},{\"@type\":\"WebPage\",\"@id\":\"https:\\\/\\\/kibrisdakik.com\\\/?p=46717\",\"url\":\"https:\\\/\\\/kibrisdakik.com\\\/?p=46717\",\"name\":\"BBC: Uydu g\u00f6r\u00fcnt\u00fcleri Kuzey Kore&#039;nin G\u00fcney s\u0131n\u0131r\u0131na duvar benzeri yap\u0131 in\u015fa etti\u011fini g\u00f6steriyor -\",\"isPartOf\":{\"@id\":\"https:\\\/\\\/kibrisdakik.com\\\/#website\"},\"primaryImageOfPage\":{\"@id\":\"https:\\\/\\\/kibrisdakik.com\\\/?p=46717#primaryimage\"},\"image\":{\"@id\":\"https:\\\/\\\/kibrisdakik.com\\\/?p=46717#primaryimage\"},\"thumbnailUrl\":\"https:\\\/\\\/kibrisdakik.com\\\/wp-content\\\/uploads\\\/2024\\\/06\\\/bbc-uydu-goruntuleri-kuzey-korenin-guney-sinirina-duvar-benzeri-yapi-insa-ettigini-gosteriyor-1718967802.webp.webp\",\"datePublished\":\"2024-06-21T11:19:22+00:00\",\"author\":{\"@id\":\"https:\\\/\\\/kibrisdakik.com\\\/#\\\/schema\\\/person\\\/9cd9d437bbb44f72b73ba127e06d8e79\"},\"breadcrumb\":{\"@id\":\"https:\\\/\\\/kibrisdakik.com\\\/?p=46717#breadcrumb\"},\"inLanguage\":\"tr\",\"potentialAction\":[{\"@type\":\"ReadAction\",\"target\":[\"https:\\\/\\\/kibrisdakik.com\\\/?p=46717\"]}]},{\"@type\":\"ImageObject\",\"inLanguage\":\"tr\",\"@id\":\"https:\\\/\\\/kibrisdakik.com\\\/?p=46717#primaryimage\",\"url\":\"https:\\\/\\\/kibrisdakik.com\\\/wp-content\\\/uploads\\\/2024\\\/06\\\/bbc-uydu-goruntuleri-kuzey-korenin-guney-sinirina-duvar-benzeri-yapi-insa-ettigini-gosteriyor-1718967802.webp.webp\",\"contentUrl\":\"https:\\\/\\\/kibrisdakik.com\\\/wp-content\\\/uploads\\\/2024\\\/06\\\/bbc-uydu-goruntuleri-kuzey-korenin-guney-sinirina-duvar-benzeri-yapi-insa-ettigini-gosteriyor-1718967802.webp.webp\",\"width\":710,\"height\":370},{\"@type\":\"BreadcrumbList\",\"@id\":\"https:\\\/\\\/kibrisdakik.com\\\/?p=46717#breadcrumb\",\"itemListElement\":[{\"@type\":\"ListItem\",\"position\":1,\"name\":\"Home\",\"item\":\"https:\\\/\\\/kibrisdakik.com\\\/\"},{\"@type\":\"ListItem\",\"position\":2,\"name\":\"BBC: Uydu g\u00f6r\u00fcnt\u00fcleri Kuzey Kore&#039;nin G\u00fcney s\u0131n\u0131r\u0131na duvar benzeri yap\u0131 in\u015fa etti\u011fini g\u00f6steriyor\"}]},{\"@type\":\"WebSite\",\"@id\":\"https:\\\/\\\/kibrisdakik.com\\\/#website\",\"url\":\"https:\\\/\\\/kibrisdakik.com\\\/\",\"name\":\"\",\"description\":\"Tam vaktinde haber\",\"potentialAction\":[{\"@type\":\"SearchAction\",\"target\":{\"@type\":\"EntryPoint\",\"urlTemplate\":\"https:\\\/\\\/kibrisdakik.com\\\/?s={search_term_string}\"},\"query-input\":{\"@type\":\"PropertyValueSpecification\",\"valueRequired\":true,\"valueName\":\"search_term_string\"}}],\"inLanguage\":\"tr\"},{\"@type\":\"Person\",\"@id\":\"https:\\\/\\\/kibrisdakik.com\\\/#\\\/schema\\\/person\\\/9cd9d437bbb44f72b73ba127e06d8e79\",\"name\":\"admin\",\"image\":{\"@type\":\"ImageObject\",\"inLanguage\":\"tr\",\"@id\":\"https:\\\/\\\/secure.gravatar.com\\\/avatar\\\/ccc17943b9d660506c869530f897617f7cb1c21a4bf30023f252596d83e1f007?s=96&d=mm&r=g\",\"url\":\"https:\\\/\\\/secure.gravatar.com\\\/avatar\\\/ccc17943b9d660506c869530f897617f7cb1c21a4bf30023f252596d83e1f007?s=96&d=mm&r=g\",\"contentUrl\":\"https:\\\/\\\/secure.gravatar.com\\\/avatar\\\/ccc17943b9d660506c869530f897617f7cb1c21a4bf30023f252596d83e1f007?s=96&d=mm&r=g\",\"caption\":\"admin\"},\"sameAs\":[\"https:\\\/\\\/kibrisdakik.com\"],\"url\":\"https:\\\/\\\/kibrisdakik.com\\\/?author=1\"}]}<\/script>\n<!-- \/ Yoast SEO plugin. -->","yoast_head_json":{"title":"BBC: Uydu g\u00f6r\u00fcnt\u00fcleri Kuzey Kore&#039;nin G\u00fcney s\u0131n\u0131r\u0131na duvar benzeri yap\u0131 in\u015fa etti\u011fini g\u00f6steriyor -","robots":{"index":"index","follow":"follow","max-snippet":"max-snippet:-1","max-image-preview":"max-image-preview:large","max-video-preview":"max-video-preview:-1"},"canonical":"https:\/\/kibrisdakik.com\/?p=46717","og_locale":"tr_TR","og_type":"article","og_title":"BBC: Uydu g\u00f6r\u00fcnt\u00fcleri Kuzey Kore&#039;nin G\u00fcney s\u0131n\u0131r\u0131na duvar benzeri yap\u0131 in\u015fa etti\u011fini g\u00f6steriyor -","og_description":"Analiz edilen uydu g\u00f6r\u00fcnt\u00fcleri, Kuzey Kore&#8217;nin kontrol etti\u011fi askerden ar\u0131nd\u0131r\u0131lm\u0131\u015f b\u00f6lgedeki arazinin temizlendi\u011fini g\u00f6steriyor. S\u0131n\u0131r\u0131n 7 kilometrelik b\u00f6l\u00fcm\u00fcne ait y\u00fcksek \u00e7\u00f6z\u00fcn\u00fcrl\u00fckl\u00fc uydu g\u00f6r\u00fcnt\u00fclerinde Kuzey Kore&#8217;nin bu b\u00f6lgeye yak\u0131n k\u0131s\u0131mlara duvar benzeri yap\u0131lar in\u015fa etti\u011fi g\u00f6r\u00fcl\u00fcyor. B\u00f6lgede daha \u00f6nce y\u00fcksek \u00e7\u00f6z\u00fcn\u00fcrl\u00fckl\u00fc kay\u0131tlar\u0131n bulunmamas\u0131 nedeniyle in\u015faat\u0131n tam ne zaman ba\u015flad\u0131\u011f\u0131 bilinmiyor, Kas\u0131m 2023&#8217;te \u00e7ekilen g\u00f6r\u00fcnt\u00fcde de bu","og_url":"https:\/\/kibrisdakik.com\/?p=46717","article_published_time":"2024-06-21T11:19:22+00:00","og_image":[{"width":710,"height":370,"url":"https:\/\/kibrisdakik.com\/wp-content\/uploads\/2024\/06\/bbc-uydu-goruntuleri-kuzey-korenin-guney-sinirina-duvar-benzeri-yapi-insa-ettigini-gosteriyor-1718967802.webp.webp","type":"image\/webp"}],"author":"admin","twitter_card":"summary_large_image","twitter_misc":{"Yazan:":"admin","Tahmini okuma s\u00fcresi":"2 dakika"},"schema":{"@context":"https:\/\/schema.org","@graph":[{"@type":"Article","@id":"https:\/\/kibrisdakik.com\/?p=46717#article","isPartOf":{"@id":"https:\/\/kibrisdakik.com\/?p=46717"},"author":{"name":"admin","@id":"https:\/\/kibrisdakik.com\/#\/schema\/person\/9cd9d437bbb44f72b73ba127e06d8e79"},"headline":"BBC: Uydu g\u00f6r\u00fcnt\u00fcleri Kuzey Kore&#039;nin G\u00fcney s\u0131n\u0131r\u0131na duvar benzeri yap\u0131 in\u015fa etti\u011fini g\u00f6steriyor","datePublished":"2024-06-21T11:19:22+00:00","mainEntityOfPage":{"@id":"https:\/\/kibrisdakik.com\/?p=46717"},"wordCount":349,"commentCount":0,"image":{"@id":"https:\/\/kibrisdakik.com\/?p=46717#primaryimage"},"thumbnailUrl":"https:\/\/kibrisdakik.com\/wp-content\/uploads\/2024\/06\/bbc-uydu-goruntuleri-kuzey-korenin-guney-sinirina-duvar-benzeri-yapi-insa-ettigini-gosteriyor-1718967802.webp.webp","articleSection":["Spor"],"inLanguage":"tr","potentialAction":[{"@type":"CommentAction","name":"Comment","target":["https:\/\/kibrisdakik.com\/?p=46717#respond"]}]},{"@type":"WebPage","@id":"https:\/\/kibrisdakik.com\/?p=46717","url":"https:\/\/kibrisdakik.com\/?p=46717","name":"BBC: Uydu g\u00f6r\u00fcnt\u00fcleri Kuzey Kore&#039;nin G\u00fcney s\u0131n\u0131r\u0131na duvar benzeri yap\u0131 in\u015fa etti\u011fini g\u00f6steriyor -","isPartOf":{"@id":"https:\/\/kibrisdakik.com\/#website"},"primaryImageOfPage":{"@id":"https:\/\/kibrisdakik.com\/?p=46717#primaryimage"},"image":{"@id":"https:\/\/kibrisdakik.com\/?p=46717#primaryimage"},"thumbnailUrl":"https:\/\/kibrisdakik.com\/wp-content\/uploads\/2024\/06\/bbc-uydu-goruntuleri-kuzey-korenin-guney-sinirina-duvar-benzeri-yapi-insa-ettigini-gosteriyor-1718967802.webp.webp","datePublished":"2024-06-21T11:19:22+00:00","author":{"@id":"https:\/\/kibrisdakik.com\/#\/schema\/person\/9cd9d437bbb44f72b73ba127e06d8e79"},"breadcrumb":{"@id":"https:\/\/kibrisdakik.com\/?p=46717#breadcrumb"},"inLanguage":"tr","potentialAction":[{"@type":"ReadAction","target":["https:\/\/kibrisdakik.com\/?p=46717"]}]},{"@type":"ImageObject","inLanguage":"tr","@id":"https:\/\/kibrisdakik.com\/?p=46717#primaryimage","url":"https:\/\/kibrisdakik.com\/wp-content\/uploads\/2024\/06\/bbc-uydu-goruntuleri-kuzey-korenin-guney-sinirina-duvar-benzeri-yapi-insa-ettigini-gosteriyor-1718967802.webp.webp","contentUrl":"https:\/\/kibrisdakik.com\/wp-content\/uploads\/2024\/06\/bbc-uydu-goruntuleri-kuzey-korenin-guney-sinirina-duvar-benzeri-yapi-insa-ettigini-gosteriyor-1718967802.webp.webp","width":710,"height":370},{"@type":"BreadcrumbList","@id":"https:\/\/kibrisdakik.com\/?p=46717#breadcrumb","itemListElement":[{"@type":"ListItem","position":1,"name":"Home","item":"https:\/\/kibrisdakik.com\/"},{"@type":"ListItem","position":2,"name":"BBC: Uydu g\u00f6r\u00fcnt\u00fcleri Kuzey Kore&#039;nin G\u00fcney s\u0131n\u0131r\u0131na duvar benzeri yap\u0131 in\u015fa etti\u011fini g\u00f6steriyor"}]},{"@type":"WebSite","@id":"https:\/\/kibrisdakik.com\/#website","url":"https:\/\/kibrisdakik.com\/","name":"","description":"Tam vaktinde haber","potentialAction":[{"@type":"SearchAction","target":{"@type":"EntryPoint","urlTemplate":"https:\/\/kibrisdakik.com\/?s={search_term_string}"},"query-input":{"@type":"PropertyValueSpecification","valueRequired":true,"valueName":"search_term_string"}}],"inLanguage":"tr"},{"@type":"Person","@id":"https:\/\/kibrisdakik.com\/#\/schema\/person\/9cd9d437bbb44f72b73ba127e06d8e79","name":"admin","image":{"@type":"ImageObject","inLanguage":"tr","@id":"https:\/\/secure.gravatar.com\/avatar\/ccc17943b9d660506c869530f897617f7cb1c21a4bf30023f252596d83e1f007?s=96&d=mm&r=g","url":"https:\/\/secure.gravatar.com\/avatar\/ccc17943b9d660506c869530f897617f7cb1c21a4bf30023f252596d83e1f007?s=96&d=mm&r=g","contentUrl":"https:\/\/secure.gravatar.com\/avatar\/ccc17943b9d660506c869530f897617f7cb1c21a4bf30023f252596d83e1f007?s=96&d=mm&r=g","caption":"admin"},"sameAs":["https:\/\/kibrisdakik.com"],"url":"https:\/\/kibrisdakik.com\/?author=1"}]}},"_links":{"self":[{"href":"https:\/\/kibrisdakik.com\/index.php?rest_route=\/wp\/v2\/posts\/46717","targetHints":{"allow":["GET"]}}],"collection":[{"href":"https:\/\/kibrisdakik.com\/index.php?rest_route=\/wp\/v2\/posts"}],"about":[{"href":"https:\/\/kibrisdakik.com\/index.php?rest_route=\/wp\/v2\/types\/post"}],"author":[{"embeddable":true,"href":"https:\/\/kibrisdakik.com\/index.php?rest_route=\/wp\/v2\/users\/1"}],"replies":[{"embeddable":true,"href":"https:\/\/kibrisdakik.com\/index.php?rest_route=%2Fwp%2Fv2%2Fcomments&post=46717"}],"version-history":[{"count":0,"href":"https:\/\/kibrisdakik.com\/index.php?rest_route=\/wp\/v2\/posts\/46717\/revisions"}],"wp:featuredmedia":[{"embeddable":true,"href":"https:\/\/kibrisdakik.com\/index.php?rest_route=\/wp\/v2\/media\/46718"}],"wp:attachment":[{"href":"https:\/\/kibrisdakik.com\/index.php?rest_route=%2Fwp%2Fv2%2Fmedia&parent=46717"}],"wp:term":[{"taxonomy":"category","embeddable":true,"href":"https:\/\/kibrisdakik.com\/index.php?rest_route=%2Fwp%2Fv2%2Fcategories&post=46717"},{"taxonomy":"post_tag","embeddable":true,"href":"https:\/\/kibrisdakik.com\/index.php?rest_route=%2Fwp%2Fv2%2Ftags&post=46717"}],"curies":[{"name":"wp","href":"https:\/\/api.w.org\/{rel}","templated":true}]}}