{"id":46773,"date":"2024-06-21T16:21:00","date_gmt":"2024-06-21T16:21:00","guid":{"rendered":"https:\/\/kibrisdakik.com\/index.php\/2024\/06\/21\/lefke-sivil-toplum-orgutleri-platformu-trafik-kazalarina-dikkat-cekmek-icin-yarin-eylem-yapacak\/"},"modified":"2024-06-21T16:21:00","modified_gmt":"2024-06-21T16:21:00","slug":"lefke-sivil-toplum-orgutleri-platformu-trafik-kazalarina-dikkat-cekmek-icin-yarin-eylem-yapacak","status":"publish","type":"post","link":"https:\/\/kibrisdakik.com\/?p=46773","title":{"rendered":"Lefke Sivil Toplum \u00d6rg\u00fctleri Platformu, trafik kazalar\u0131na dikkat \u00e7ekmek i\u00e7in yar\u0131n eylem yapacak"},"content":{"rendered":"<p><img decoding=\"async\" src=\"https:\/\/www.kibristurk.com\/images\/haberler\/2024\/06\/lefke-sivil-toplum-orgutleri-platformu-trafik-kazalarina-dikkat-cekmek-icin-yarin-eylem-yapacak-1718986984.webp\" \/><\/p>\n<p style=\"text-align:left\"><span style=\"font-size:16px\"><span style=\"font-family:Merriweather,serif !important\"><span style=\"color:#000000\"><span style=\"background-color:#ffffff\">Platformdan yap\u0131lan yaz\u0131l\u0131 a\u00e7\u0131klamada, \u201c\u00dclkemizde ve b\u00f6lgemizde giderek artan \u00f6l\u00fcml\u00fc trafik kazalar\u0131na dikkat \u00e7ekmek, bu konuda h\u00fck\u00fcmetin, Karayollar\u0131 Dairesi\u2019nin ve yerel y\u00f6netimlerin \u00fczerlerine d\u00fc\u015fen sorumluluklar\u0131 al\u0131p gere\u011fini yapmalar\u0131 i\u00e7in eylem yap\u0131lacak.\u201d ifadelerine yer verildi.<\/span><\/span><\/span><\/span><\/p>\n<p style=\"text-align:left\"><span style=\"font-size:16px\"><span style=\"font-family:Merriweather,serif !important\"><span style=\"color:#000000\"><span style=\"background-color:#ffffff\">A\u00e7\u0131klamada, Lefke Sivil Toplum \u00d6rg\u00fctleri olarak \u00fclke genelinde yollar\u0131n yap\u0131m\u0131ndaki hatalar\u0131n d\u00fczeltilmesi, eksik olan trafik ikaz ve uyar\u0131 levhalar\u0131n\u0131n tamamlanmas\u0131 ve vatanda\u015flar\u0131n da yaya olarak can g\u00fcvenliklerinin sa\u011flanmas\u0131 i\u00e7in gerekenin yap\u0131lmas\u0131n\u0131n talep edilece\u011fi kaydedildi.<\/span><\/span><\/span><\/span><\/p>\n<p style=\"text-align:left\"><span style=\"font-size:16px\"><span style=\"font-family:Merriweather,serif !important\"><span style=\"color:#000000\"><span style=\"background-color:#ffffff\">A\u00e7\u0131klamada, \u201cVatanda\u015flar\u0131m\u0131z\u0131 yar\u0131n saat 17.30&#8217;da Gemikona\u011f\u0131 Ecevit Caddesi\u2019nde (G\u00fcmr\u00fck Binalar\u0131 yan\u0131nda) yapaca\u011f\u0131m\u0131z eyleme kat\u0131l\u0131p destek vermeye davet ediyoruz.\u201d denildi.<\/span><\/span><\/span><\/span><\/p>\n","protected":false},"excerpt":{"rendered":"<p>Platformdan yap\u0131lan yaz\u0131l\u0131 a\u00e7\u0131klamada, \u201c\u00dclkemizde ve b\u00f6lgemizde giderek artan \u00f6l\u00fcml\u00fc trafik kazalar\u0131na dikkat \u00e7ekmek, bu konuda h\u00fck\u00fcmetin, Karayollar\u0131 Dairesi\u2019nin ve yerel y\u00f6netimlerin \u00fczerlerine d\u00fc\u015fen sorumluluklar\u0131 al\u0131p gere\u011fini yapmalar\u0131 i\u00e7in eylem yap\u0131lacak.\u201d ifadelerine yer verildi. A\u00e7\u0131klamada, Lefke Sivil Toplum \u00d6rg\u00fctleri olarak \u00fclke genelinde yollar\u0131n yap\u0131m\u0131ndaki hatalar\u0131n d\u00fczeltilmesi, eksik olan trafik ikaz ve uyar\u0131 levhalar\u0131n\u0131n tamamlanmas\u0131 ve<\/p>\n","protected":false},"author":1,"featured_media":46774,"comment_status":"open","ping_status":"open","sticky":false,"template":"","format":"standard","meta":{"footnotes":""},"categories":[1],"tags":[],"class_list":["post-46773","post","type-post","status-publish","format-standard","has-post-thumbnail","hentry","category-gundem"],"yoast_head":"<!-- This site is optimized with the Yoast SEO plugin v27.4 - https:\/\/yoast.com\/product\/yoast-seo-wordpress\/ -->\n<title>Lefke Sivil Toplum \u00d6rg\u00fctleri Platformu, trafik kazalar\u0131na dikkat \u00e7ekmek i\u00e7in yar\u0131n eylem yapacak -<\/title>\n<meta name=\"robots\" content=\"index, follow, max-snippet:-1, max-image-preview:large, max-video-preview:-1\" \/>\n<link rel=\"canonical\" href=\"https:\/\/kibrisdakik.com\/?p=46773\" \/>\n<meta property=\"og:locale\" content=\"tr_TR\" \/>\n<meta property=\"og:type\" content=\"article\" \/>\n<meta property=\"og:title\" content=\"Lefke Sivil Toplum \u00d6rg\u00fctleri Platformu, trafik kazalar\u0131na dikkat \u00e7ekmek i\u00e7in yar\u0131n eylem yapacak -\" \/>\n<meta property=\"og:description\" content=\"Platformdan yap\u0131lan yaz\u0131l\u0131 a\u00e7\u0131klamada, \u201c\u00dclkemizde ve b\u00f6lgemizde giderek artan \u00f6l\u00fcml\u00fc trafik kazalar\u0131na dikkat \u00e7ekmek, bu konuda h\u00fck\u00fcmetin, Karayollar\u0131 Dairesi\u2019nin ve yerel y\u00f6netimlerin \u00fczerlerine d\u00fc\u015fen sorumluluklar\u0131 al\u0131p gere\u011fini yapmalar\u0131 i\u00e7in eylem yap\u0131lacak.\u201d ifadelerine yer verildi. A\u00e7\u0131klamada, Lefke Sivil Toplum \u00d6rg\u00fctleri olarak \u00fclke genelinde yollar\u0131n yap\u0131m\u0131ndaki hatalar\u0131n d\u00fczeltilmesi, eksik olan trafik ikaz ve uyar\u0131 levhalar\u0131n\u0131n tamamlanmas\u0131 ve\" \/>\n<meta property=\"og:url\" content=\"https:\/\/kibrisdakik.com\/?p=46773\" \/>\n<meta property=\"article:published_time\" content=\"2024-06-21T16:21:00+00:00\" \/>\n<meta property=\"og:image\" content=\"https:\/\/kibrisdakik.com\/wp-content\/uploads\/2024\/06\/lefke-sivil-toplum-orgutleri-platformu-trafik-kazalarina-dikkat-cekmek-icin-yarin-eylem-yapacak-1718986984.webp.webp\" \/>\n\t<meta property=\"og:image:width\" content=\"710\" \/>\n\t<meta property=\"og:image:height\" content=\"370\" \/>\n\t<meta property=\"og:image:type\" content=\"image\/webp\" \/>\n<meta name=\"author\" content=\"admin\" \/>\n<meta name=\"twitter:card\" content=\"summary_large_image\" \/>\n<meta name=\"twitter:label1\" content=\"Yazan:\" \/>\n\t<meta name=\"twitter:data1\" content=\"admin\" \/>\n\t<meta name=\"twitter:label2\" content=\"Tahmini okuma s\u00fcresi\" \/>\n\t<meta name=\"twitter:data2\" content=\"1 dakika\" \/>\n<script type=\"application\/ld+json\" class=\"yoast-schema-graph\">{\"@context\":\"https:\\\/\\\/schema.org\",\"@graph\":[{\"@type\":\"Article\",\"@id\":\"https:\\\/\\\/kibrisdakik.com\\\/?p=46773#article\",\"isPartOf\":{\"@id\":\"https:\\\/\\\/kibrisdakik.com\\\/?p=46773\"},\"author\":{\"name\":\"admin\",\"@id\":\"https:\\\/\\\/kibrisdakik.com\\\/#\\\/schema\\\/person\\\/9cd9d437bbb44f72b73ba127e06d8e79\"},\"headline\":\"Lefke Sivil Toplum \u00d6rg\u00fctleri Platformu, trafik kazalar\u0131na dikkat \u00e7ekmek i\u00e7in yar\u0131n eylem yapacak\",\"datePublished\":\"2024-06-21T16:21:00+00:00\",\"mainEntityOfPage\":{\"@id\":\"https:\\\/\\\/kibrisdakik.com\\\/?p=46773\"},\"wordCount\":150,\"commentCount\":0,\"image\":{\"@id\":\"https:\\\/\\\/kibrisdakik.com\\\/?p=46773#primaryimage\"},\"thumbnailUrl\":\"https:\\\/\\\/kibrisdakik.com\\\/wp-content\\\/uploads\\\/2024\\\/06\\\/lefke-sivil-toplum-orgutleri-platformu-trafik-kazalarina-dikkat-cekmek-icin-yarin-eylem-yapacak-1718986984.webp.webp\",\"articleSection\":[\"G\u00fcndem\"],\"inLanguage\":\"tr\",\"potentialAction\":[{\"@type\":\"CommentAction\",\"name\":\"Comment\",\"target\":[\"https:\\\/\\\/kibrisdakik.com\\\/?p=46773#respond\"]}]},{\"@type\":\"WebPage\",\"@id\":\"https:\\\/\\\/kibrisdakik.com\\\/?p=46773\",\"url\":\"https:\\\/\\\/kibrisdakik.com\\\/?p=46773\",\"name\":\"Lefke Sivil Toplum \u00d6rg\u00fctleri Platformu, trafik kazalar\u0131na dikkat \u00e7ekmek i\u00e7in yar\u0131n eylem yapacak -\",\"isPartOf\":{\"@id\":\"https:\\\/\\\/kibrisdakik.com\\\/#website\"},\"primaryImageOfPage\":{\"@id\":\"https:\\\/\\\/kibrisdakik.com\\\/?p=46773#primaryimage\"},\"image\":{\"@id\":\"https:\\\/\\\/kibrisdakik.com\\\/?p=46773#primaryimage\"},\"thumbnailUrl\":\"https:\\\/\\\/kibrisdakik.com\\\/wp-content\\\/uploads\\\/2024\\\/06\\\/lefke-sivil-toplum-orgutleri-platformu-trafik-kazalarina-dikkat-cekmek-icin-yarin-eylem-yapacak-1718986984.webp.webp\",\"datePublished\":\"2024-06-21T16:21:00+00:00\",\"author\":{\"@id\":\"https:\\\/\\\/kibrisdakik.com\\\/#\\\/schema\\\/person\\\/9cd9d437bbb44f72b73ba127e06d8e79\"},\"breadcrumb\":{\"@id\":\"https:\\\/\\\/kibrisdakik.com\\\/?p=46773#breadcrumb\"},\"inLanguage\":\"tr\",\"potentialAction\":[{\"@type\":\"ReadAction\",\"target\":[\"https:\\\/\\\/kibrisdakik.com\\\/?p=46773\"]}]},{\"@type\":\"ImageObject\",\"inLanguage\":\"tr\",\"@id\":\"https:\\\/\\\/kibrisdakik.com\\\/?p=46773#primaryimage\",\"url\":\"https:\\\/\\\/kibrisdakik.com\\\/wp-content\\\/uploads\\\/2024\\\/06\\\/lefke-sivil-toplum-orgutleri-platformu-trafik-kazalarina-dikkat-cekmek-icin-yarin-eylem-yapacak-1718986984.webp.webp\",\"contentUrl\":\"https:\\\/\\\/kibrisdakik.com\\\/wp-content\\\/uploads\\\/2024\\\/06\\\/lefke-sivil-toplum-orgutleri-platformu-trafik-kazalarina-dikkat-cekmek-icin-yarin-eylem-yapacak-1718986984.webp.webp\",\"width\":710,\"height\":370},{\"@type\":\"BreadcrumbList\",\"@id\":\"https:\\\/\\\/kibrisdakik.com\\\/?p=46773#breadcrumb\",\"itemListElement\":[{\"@type\":\"ListItem\",\"position\":1,\"name\":\"Home\",\"item\":\"https:\\\/\\\/kibrisdakik.com\\\/\"},{\"@type\":\"ListItem\",\"position\":2,\"name\":\"Lefke Sivil Toplum \u00d6rg\u00fctleri Platformu, trafik kazalar\u0131na dikkat \u00e7ekmek i\u00e7in yar\u0131n eylem yapacak\"}]},{\"@type\":\"WebSite\",\"@id\":\"https:\\\/\\\/kibrisdakik.com\\\/#website\",\"url\":\"https:\\\/\\\/kibrisdakik.com\\\/\",\"name\":\"\",\"description\":\"Tam vaktinde haber\",\"potentialAction\":[{\"@type\":\"SearchAction\",\"target\":{\"@type\":\"EntryPoint\",\"urlTemplate\":\"https:\\\/\\\/kibrisdakik.com\\\/?s={search_term_string}\"},\"query-input\":{\"@type\":\"PropertyValueSpecification\",\"valueRequired\":true,\"valueName\":\"search_term_string\"}}],\"inLanguage\":\"tr\"},{\"@type\":\"Person\",\"@id\":\"https:\\\/\\\/kibrisdakik.com\\\/#\\\/schema\\\/person\\\/9cd9d437bbb44f72b73ba127e06d8e79\",\"name\":\"admin\",\"image\":{\"@type\":\"ImageObject\",\"inLanguage\":\"tr\",\"@id\":\"https:\\\/\\\/secure.gravatar.com\\\/avatar\\\/ccc17943b9d660506c869530f897617f7cb1c21a4bf30023f252596d83e1f007?s=96&d=mm&r=g\",\"url\":\"https:\\\/\\\/secure.gravatar.com\\\/avatar\\\/ccc17943b9d660506c869530f897617f7cb1c21a4bf30023f252596d83e1f007?s=96&d=mm&r=g\",\"contentUrl\":\"https:\\\/\\\/secure.gravatar.com\\\/avatar\\\/ccc17943b9d660506c869530f897617f7cb1c21a4bf30023f252596d83e1f007?s=96&d=mm&r=g\",\"caption\":\"admin\"},\"sameAs\":[\"https:\\\/\\\/kibrisdakik.com\"],\"url\":\"https:\\\/\\\/kibrisdakik.com\\\/?author=1\"}]}<\/script>\n<!-- \/ Yoast SEO plugin. -->","yoast_head_json":{"title":"Lefke Sivil Toplum \u00d6rg\u00fctleri Platformu, trafik kazalar\u0131na dikkat \u00e7ekmek i\u00e7in yar\u0131n eylem yapacak -","robots":{"index":"index","follow":"follow","max-snippet":"max-snippet:-1","max-image-preview":"max-image-preview:large","max-video-preview":"max-video-preview:-1"},"canonical":"https:\/\/kibrisdakik.com\/?p=46773","og_locale":"tr_TR","og_type":"article","og_title":"Lefke Sivil Toplum \u00d6rg\u00fctleri Platformu, trafik kazalar\u0131na dikkat \u00e7ekmek i\u00e7in yar\u0131n eylem yapacak -","og_description":"Platformdan yap\u0131lan yaz\u0131l\u0131 a\u00e7\u0131klamada, \u201c\u00dclkemizde ve b\u00f6lgemizde giderek artan \u00f6l\u00fcml\u00fc trafik kazalar\u0131na dikkat \u00e7ekmek, bu konuda h\u00fck\u00fcmetin, Karayollar\u0131 Dairesi\u2019nin ve yerel y\u00f6netimlerin \u00fczerlerine d\u00fc\u015fen sorumluluklar\u0131 al\u0131p gere\u011fini yapmalar\u0131 i\u00e7in eylem yap\u0131lacak.\u201d ifadelerine yer verildi. A\u00e7\u0131klamada, Lefke Sivil Toplum \u00d6rg\u00fctleri olarak \u00fclke genelinde yollar\u0131n yap\u0131m\u0131ndaki hatalar\u0131n d\u00fczeltilmesi, eksik olan trafik ikaz ve uyar\u0131 levhalar\u0131n\u0131n tamamlanmas\u0131 ve","og_url":"https:\/\/kibrisdakik.com\/?p=46773","article_published_time":"2024-06-21T16:21:00+00:00","og_image":[{"width":710,"height":370,"url":"https:\/\/kibrisdakik.com\/wp-content\/uploads\/2024\/06\/lefke-sivil-toplum-orgutleri-platformu-trafik-kazalarina-dikkat-cekmek-icin-yarin-eylem-yapacak-1718986984.webp.webp","type":"image\/webp"}],"author":"admin","twitter_card":"summary_large_image","twitter_misc":{"Yazan:":"admin","Tahmini okuma s\u00fcresi":"1 dakika"},"schema":{"@context":"https:\/\/schema.org","@graph":[{"@type":"Article","@id":"https:\/\/kibrisdakik.com\/?p=46773#article","isPartOf":{"@id":"https:\/\/kibrisdakik.com\/?p=46773"},"author":{"name":"admin","@id":"https:\/\/kibrisdakik.com\/#\/schema\/person\/9cd9d437bbb44f72b73ba127e06d8e79"},"headline":"Lefke Sivil Toplum \u00d6rg\u00fctleri Platformu, trafik kazalar\u0131na dikkat \u00e7ekmek i\u00e7in yar\u0131n eylem yapacak","datePublished":"2024-06-21T16:21:00+00:00","mainEntityOfPage":{"@id":"https:\/\/kibrisdakik.com\/?p=46773"},"wordCount":150,"commentCount":0,"image":{"@id":"https:\/\/kibrisdakik.com\/?p=46773#primaryimage"},"thumbnailUrl":"https:\/\/kibrisdakik.com\/wp-content\/uploads\/2024\/06\/lefke-sivil-toplum-orgutleri-platformu-trafik-kazalarina-dikkat-cekmek-icin-yarin-eylem-yapacak-1718986984.webp.webp","articleSection":["G\u00fcndem"],"inLanguage":"tr","potentialAction":[{"@type":"CommentAction","name":"Comment","target":["https:\/\/kibrisdakik.com\/?p=46773#respond"]}]},{"@type":"WebPage","@id":"https:\/\/kibrisdakik.com\/?p=46773","url":"https:\/\/kibrisdakik.com\/?p=46773","name":"Lefke Sivil Toplum \u00d6rg\u00fctleri Platformu, trafik kazalar\u0131na dikkat \u00e7ekmek i\u00e7in yar\u0131n eylem yapacak -","isPartOf":{"@id":"https:\/\/kibrisdakik.com\/#website"},"primaryImageOfPage":{"@id":"https:\/\/kibrisdakik.com\/?p=46773#primaryimage"},"image":{"@id":"https:\/\/kibrisdakik.com\/?p=46773#primaryimage"},"thumbnailUrl":"https:\/\/kibrisdakik.com\/wp-content\/uploads\/2024\/06\/lefke-sivil-toplum-orgutleri-platformu-trafik-kazalarina-dikkat-cekmek-icin-yarin-eylem-yapacak-1718986984.webp.webp","datePublished":"2024-06-21T16:21:00+00:00","author":{"@id":"https:\/\/kibrisdakik.com\/#\/schema\/person\/9cd9d437bbb44f72b73ba127e06d8e79"},"breadcrumb":{"@id":"https:\/\/kibrisdakik.com\/?p=46773#breadcrumb"},"inLanguage":"tr","potentialAction":[{"@type":"ReadAction","target":["https:\/\/kibrisdakik.com\/?p=46773"]}]},{"@type":"ImageObject","inLanguage":"tr","@id":"https:\/\/kibrisdakik.com\/?p=46773#primaryimage","url":"https:\/\/kibrisdakik.com\/wp-content\/uploads\/2024\/06\/lefke-sivil-toplum-orgutleri-platformu-trafik-kazalarina-dikkat-cekmek-icin-yarin-eylem-yapacak-1718986984.webp.webp","contentUrl":"https:\/\/kibrisdakik.com\/wp-content\/uploads\/2024\/06\/lefke-sivil-toplum-orgutleri-platformu-trafik-kazalarina-dikkat-cekmek-icin-yarin-eylem-yapacak-1718986984.webp.webp","width":710,"height":370},{"@type":"BreadcrumbList","@id":"https:\/\/kibrisdakik.com\/?p=46773#breadcrumb","itemListElement":[{"@type":"ListItem","position":1,"name":"Home","item":"https:\/\/kibrisdakik.com\/"},{"@type":"ListItem","position":2,"name":"Lefke Sivil Toplum \u00d6rg\u00fctleri Platformu, trafik kazalar\u0131na dikkat \u00e7ekmek i\u00e7in yar\u0131n eylem yapacak"}]},{"@type":"WebSite","@id":"https:\/\/kibrisdakik.com\/#website","url":"https:\/\/kibrisdakik.com\/","name":"","description":"Tam vaktinde haber","potentialAction":[{"@type":"SearchAction","target":{"@type":"EntryPoint","urlTemplate":"https:\/\/kibrisdakik.com\/?s={search_term_string}"},"query-input":{"@type":"PropertyValueSpecification","valueRequired":true,"valueName":"search_term_string"}}],"inLanguage":"tr"},{"@type":"Person","@id":"https:\/\/kibrisdakik.com\/#\/schema\/person\/9cd9d437bbb44f72b73ba127e06d8e79","name":"admin","image":{"@type":"ImageObject","inLanguage":"tr","@id":"https:\/\/secure.gravatar.com\/avatar\/ccc17943b9d660506c869530f897617f7cb1c21a4bf30023f252596d83e1f007?s=96&d=mm&r=g","url":"https:\/\/secure.gravatar.com\/avatar\/ccc17943b9d660506c869530f897617f7cb1c21a4bf30023f252596d83e1f007?s=96&d=mm&r=g","contentUrl":"https:\/\/secure.gravatar.com\/avatar\/ccc17943b9d660506c869530f897617f7cb1c21a4bf30023f252596d83e1f007?s=96&d=mm&r=g","caption":"admin"},"sameAs":["https:\/\/kibrisdakik.com"],"url":"https:\/\/kibrisdakik.com\/?author=1"}]}},"_links":{"self":[{"href":"https:\/\/kibrisdakik.com\/index.php?rest_route=\/wp\/v2\/posts\/46773","targetHints":{"allow":["GET"]}}],"collection":[{"href":"https:\/\/kibrisdakik.com\/index.php?rest_route=\/wp\/v2\/posts"}],"about":[{"href":"https:\/\/kibrisdakik.com\/index.php?rest_route=\/wp\/v2\/types\/post"}],"author":[{"embeddable":true,"href":"https:\/\/kibrisdakik.com\/index.php?rest_route=\/wp\/v2\/users\/1"}],"replies":[{"embeddable":true,"href":"https:\/\/kibrisdakik.com\/index.php?rest_route=%2Fwp%2Fv2%2Fcomments&post=46773"}],"version-history":[{"count":0,"href":"https:\/\/kibrisdakik.com\/index.php?rest_route=\/wp\/v2\/posts\/46773\/revisions"}],"wp:featuredmedia":[{"embeddable":true,"href":"https:\/\/kibrisdakik.com\/index.php?rest_route=\/wp\/v2\/media\/46774"}],"wp:attachment":[{"href":"https:\/\/kibrisdakik.com\/index.php?rest_route=%2Fwp%2Fv2%2Fmedia&parent=46773"}],"wp:term":[{"taxonomy":"category","embeddable":true,"href":"https:\/\/kibrisdakik.com\/index.php?rest_route=%2Fwp%2Fv2%2Fcategories&post=46773"},{"taxonomy":"post_tag","embeddable":true,"href":"https:\/\/kibrisdakik.com\/index.php?rest_route=%2Fwp%2Fv2%2Ftags&post=46773"}],"curies":[{"name":"wp","href":"https:\/\/api.w.org\/{rel}","templated":true}]}}