{"id":46819,"date":"2024-06-22T03:44:54","date_gmt":"2024-06-22T03:44:54","guid":{"rendered":"https:\/\/kibrisdakik.com\/index.php\/2024\/06\/22\/meclis-hukuk-komitesi-iki-tasari-bir-karar-onerisini-gorustu-2\/"},"modified":"2024-06-22T03:44:54","modified_gmt":"2024-06-22T03:44:54","slug":"meclis-hukuk-komitesi-iki-tasari-bir-karar-onerisini-gorustu-2","status":"publish","type":"post","link":"https:\/\/kibrisdakik.com\/?p=46819","title":{"rendered":"Meclis Hukuk Komitesi iki tasar\u0131, bir karar \u00f6nerisini g\u00f6r\u00fc\u015ft\u00fc"},"content":{"rendered":"<p><img decoding=\"async\" src=\"https:\/\/www.kibristurk.com\/images\/haberler\/2024\/06\/meclis-hukuk-komitesi-iki-tasari-bir-karar-onerisini-gorustu-1718973621.webp\" \/><\/p>\n<p style=\"text-align:left\"><span style=\"font-size:16px\"><span style=\"font-family:Merriweather,serif !important\"><span style=\"color:#000000\"><span style=\"background-color:#ffffff\">Meclis\u2019ten yap\u0131lan a\u00e7\u0131klamaya g\u00f6re, Hukuk, Siyasi \u0130\u015fler ve D\u0131\u015fili\u015fkiler Komitesi, ilk \u00f6nce, \u201cCumhuriyet Meclisi \u0130\u00e7t\u00fcz\u00fc\u011f\u00fc (De\u011fi\u015fiklik) Karar \u00d6nerisi\u201dni ele alarak oy birli\u011fi ile onaylad\u0131 ve Genel Kurul g\u00fcndemine sevk etti.<\/span><\/span><\/span><\/span><\/p>\n<p style=\"text-align:left\"><span style=\"font-size:16px\"><span style=\"font-family:Merriweather,serif !important\"><span style=\"color:#000000\"><span style=\"background-color:#ffffff\">Komite, daha sonra \u201cCeza (De\u011fi\u015fiklik) Yasa Tasar\u0131s\u0131\u201dn\u0131 ele alarak, tasar\u0131n\u0131n ikinci g\u00f6r\u00fc\u015fmesini tamamlad\u0131 ancak s\u00f6z konusu yasa tasar\u0131s\u0131n\u0131n ivedili\u011fi bulunmad\u0131\u011f\u0131ndan \u00fc\u00e7\u00fcnc\u00fc g\u00f6r\u00fc\u015fmesi bir sonraki toplant\u0131ya b\u0131rakt\u0131.<\/span><\/span><\/span><\/span><\/p>\n<p style=\"text-align:left\"><span style=\"font-size:16px\"><span style=\"font-family:Merriweather,serif !important\"><span style=\"color:#000000\"><span style=\"background-color:#ffffff\">Hukuk, Siyasi \u0130\u015fler ve D\u0131\u015fili\u015fkiler Komitesi, bug\u00fcnk\u00fc toplant\u0131s\u0131nda son olarak, \u201cYol G\u00fcvenli\u011fi (De\u011fi\u015fiklik) Yasa Tasar\u0131s\u0131\u201dn\u0131 da ele ald\u0131. Genel g\u00f6r\u00fc\u015fmesi yap\u0131lan tasar\u0131, gelecek toplant\u0131da da g\u00fcndemde olacak.<\/span><\/span><\/span><\/span><\/p>\n<p style=\"text-align:left\"><span style=\"font-size:16px\"><span style=\"font-family:Merriweather,serif !important\"><span style=\"color:#000000\"><span style=\"background-color:#ffffff\">Komitenin toplant\u0131s\u0131na davetli olarak Ba\u015fbakanl\u0131k, Bay\u0131nd\u0131rl\u0131k ve Ula\u015ft\u0131rma Bakanl\u0131\u011f\u0131, Ba\u015fsavc\u0131l\u0131k ve Polis Genel M\u00fcd\u00fcrl\u00fc\u011f\u00fc\u2019nden yetkililer kat\u0131larak konu ile ilgili g\u00f6r\u00fc\u015flerini sundu.<\/span><\/span><\/span><\/span><\/p>\n<p style=\"text-align:left\"><span style=\"font-size:16px\"><span style=\"font-family:Merriweather,serif !important\"><span style=\"color:#000000\"><span style=\"background-color:#ffffff\">Komite Ba\u015fkan\u0131 UBP Milletvekili Yasemi \u00d6zt\u00fcrk ba\u015fkanl\u0131\u011f\u0131ndaki toplant\u0131ya, Komite Ba\u015fkan Vekili CTP Milletvekili Ongun Talat, Komite \u00dcyesi UBP Milletvekili F\u0131rt\u0131na Karanfil ve CTP Milletvekili \u00dcr\u00fcn Solyal\u0131 kat\u0131ld\u0131.<\/span><\/span><\/span><\/span><\/p>\n<p style=\"text-align:left\"><span style=\"font-size:16px\"><span style=\"font-family:Merriweather,serif !important\"><span style=\"color:#000000\"><span style=\"background-color:#ffffff\">Komite toplant\u0131s\u0131nda ayr\u0131ca CTP Milletvekili Devrim Bar\u00e7\u0131n da haz\u0131r bulundu.<\/span><\/span><\/span><\/span><\/p>\n","protected":false},"excerpt":{"rendered":"<p>Meclis\u2019ten yap\u0131lan a\u00e7\u0131klamaya g\u00f6re, Hukuk, Siyasi \u0130\u015fler ve D\u0131\u015fili\u015fkiler Komitesi, ilk \u00f6nce, \u201cCumhuriyet Meclisi \u0130\u00e7t\u00fcz\u00fc\u011f\u00fc (De\u011fi\u015fiklik) Karar \u00d6nerisi\u201dni ele alarak oy birli\u011fi ile onaylad\u0131 ve Genel Kurul g\u00fcndemine sevk etti. Komite, daha sonra \u201cCeza (De\u011fi\u015fiklik) Yasa Tasar\u0131s\u0131\u201dn\u0131 ele alarak, tasar\u0131n\u0131n ikinci g\u00f6r\u00fc\u015fmesini tamamlad\u0131 ancak s\u00f6z konusu yasa tasar\u0131s\u0131n\u0131n ivedili\u011fi bulunmad\u0131\u011f\u0131ndan \u00fc\u00e7\u00fcnc\u00fc g\u00f6r\u00fc\u015fmesi bir sonraki toplant\u0131ya<\/p>\n","protected":false},"author":1,"featured_media":46820,"comment_status":"open","ping_status":"open","sticky":false,"template":"","format":"standard","meta":{"footnotes":""},"categories":[79],"tags":[],"class_list":["post-46819","post","type-post","status-publish","format-standard","has-post-thumbnail","hentry","category-ekonomi"],"yoast_head":"<!-- This site is optimized with the Yoast SEO plugin v28.4 - https:\/\/yoast.com\/product\/yoast-seo-wordpress\/ -->\n<title>Meclis Hukuk Komitesi iki tasar\u0131, bir karar \u00f6nerisini g\u00f6r\u00fc\u015ft\u00fc -<\/title>\n<meta name=\"robots\" content=\"index, follow, max-snippet:-1, max-image-preview:large, max-video-preview:-1\" \/>\n<link rel=\"canonical\" href=\"https:\/\/kibrisdakik.com\/?p=46819\" \/>\n<meta property=\"og:locale\" content=\"tr_TR\" \/>\n<meta property=\"og:type\" content=\"article\" \/>\n<meta property=\"og:title\" content=\"Meclis Hukuk Komitesi iki tasar\u0131, bir karar \u00f6nerisini g\u00f6r\u00fc\u015ft\u00fc -\" \/>\n<meta property=\"og:description\" content=\"Meclis\u2019ten yap\u0131lan a\u00e7\u0131klamaya g\u00f6re, Hukuk, Siyasi \u0130\u015fler ve D\u0131\u015fili\u015fkiler Komitesi, ilk \u00f6nce, \u201cCumhuriyet Meclisi \u0130\u00e7t\u00fcz\u00fc\u011f\u00fc (De\u011fi\u015fiklik) Karar \u00d6nerisi\u201dni ele alarak oy birli\u011fi ile onaylad\u0131 ve Genel Kurul g\u00fcndemine sevk etti. Komite, daha sonra \u201cCeza (De\u011fi\u015fiklik) Yasa Tasar\u0131s\u0131\u201dn\u0131 ele alarak, tasar\u0131n\u0131n ikinci g\u00f6r\u00fc\u015fmesini tamamlad\u0131 ancak s\u00f6z konusu yasa tasar\u0131s\u0131n\u0131n ivedili\u011fi bulunmad\u0131\u011f\u0131ndan \u00fc\u00e7\u00fcnc\u00fc g\u00f6r\u00fc\u015fmesi bir sonraki toplant\u0131ya\" \/>\n<meta property=\"og:url\" content=\"https:\/\/kibrisdakik.com\/?p=46819\" \/>\n<meta property=\"article:published_time\" content=\"2024-06-22T03:44:54+00:00\" \/>\n<meta property=\"og:image\" content=\"https:\/\/kibrisdakik.com\/wp-content\/uploads\/2024\/06\/meclis-hukuk-komitesi-iki-tasari-bir-karar-onerisini-gorustu-1718973621.webp.webp\" \/>\n\t<meta property=\"og:image:width\" content=\"710\" \/>\n\t<meta property=\"og:image:height\" content=\"370\" \/>\n\t<meta property=\"og:image:type\" content=\"image\/webp\" \/>\n<meta name=\"author\" content=\"admin\" \/>\n<meta name=\"twitter:card\" content=\"summary_large_image\" \/>\n<meta name=\"twitter:label1\" content=\"Yazan:\" \/>\n\t<meta name=\"twitter:data1\" content=\"admin\" \/>\n\t<meta name=\"twitter:label2\" content=\"Tahmini okuma s\u00fcresi\" \/>\n\t<meta name=\"twitter:data2\" content=\"1 dakika\" \/>\n<script type=\"application\/ld+json\" class=\"yoast-schema-graph\">{\"@context\":\"https:\\\/\\\/schema.org\",\"@graph\":[{\"@type\":\"Article\",\"@id\":\"https:\\\/\\\/kibrisdakik.com\\\/?p=46819#article\",\"isPartOf\":{\"@id\":\"https:\\\/\\\/kibrisdakik.com\\\/?p=46819\"},\"author\":{\"name\":\"admin\",\"@id\":\"https:\\\/\\\/kibrisdakik.com\\\/#\\\/schema\\\/person\\\/9cd9d437bbb44f72b73ba127e06d8e79\"},\"headline\":\"Meclis Hukuk Komitesi iki tasar\u0131, bir karar \u00f6nerisini g\u00f6r\u00fc\u015ft\u00fc\",\"datePublished\":\"2024-06-22T03:44:54+00:00\",\"mainEntityOfPage\":{\"@id\":\"https:\\\/\\\/kibrisdakik.com\\\/?p=46819\"},\"wordCount\":231,\"commentCount\":0,\"publisher\":{\"@id\":\"https:\\\/\\\/kibrisdakik.com\\\/#organization\"},\"image\":{\"@id\":\"https:\\\/\\\/kibrisdakik.com\\\/?p=46819#primaryimage\"},\"thumbnailUrl\":\"https:\\\/\\\/kibrisdakik.com\\\/wp-content\\\/uploads\\\/2024\\\/06\\\/meclis-hukuk-komitesi-iki-tasari-bir-karar-onerisini-gorustu-1718973621.webp.webp\",\"articleSection\":[\"Ekonomi\"],\"inLanguage\":\"tr\",\"potentialAction\":[{\"@type\":\"CommentAction\",\"name\":\"Comment\",\"target\":[\"https:\\\/\\\/kibrisdakik.com\\\/?p=46819#respond\"]}]},{\"@type\":\"WebPage\",\"@id\":\"https:\\\/\\\/kibrisdakik.com\\\/?p=46819\",\"url\":\"https:\\\/\\\/kibrisdakik.com\\\/?p=46819\",\"name\":\"Meclis Hukuk Komitesi iki tasar\u0131, bir karar \u00f6nerisini g\u00f6r\u00fc\u015ft\u00fc -\",\"isPartOf\":{\"@id\":\"https:\\\/\\\/kibrisdakik.com\\\/#website\"},\"primaryImageOfPage\":{\"@id\":\"https:\\\/\\\/kibrisdakik.com\\\/?p=46819#primaryimage\"},\"image\":{\"@id\":\"https:\\\/\\\/kibrisdakik.com\\\/?p=46819#primaryimage\"},\"thumbnailUrl\":\"https:\\\/\\\/kibrisdakik.com\\\/wp-content\\\/uploads\\\/2024\\\/06\\\/meclis-hukuk-komitesi-iki-tasari-bir-karar-onerisini-gorustu-1718973621.webp.webp\",\"datePublished\":\"2024-06-22T03:44:54+00:00\",\"breadcrumb\":{\"@id\":\"https:\\\/\\\/kibrisdakik.com\\\/?p=46819#breadcrumb\"},\"inLanguage\":\"tr\",\"potentialAction\":[{\"@type\":\"ReadAction\",\"target\":[\"https:\\\/\\\/kibrisdakik.com\\\/?p=46819\"]}]},{\"@type\":\"ImageObject\",\"inLanguage\":\"tr\",\"@id\":\"https:\\\/\\\/kibrisdakik.com\\\/?p=46819#primaryimage\",\"url\":\"https:\\\/\\\/kibrisdakik.com\\\/wp-content\\\/uploads\\\/2024\\\/06\\\/meclis-hukuk-komitesi-iki-tasari-bir-karar-onerisini-gorustu-1718973621.webp.webp\",\"contentUrl\":\"https:\\\/\\\/kibrisdakik.com\\\/wp-content\\\/uploads\\\/2024\\\/06\\\/meclis-hukuk-komitesi-iki-tasari-bir-karar-onerisini-gorustu-1718973621.webp.webp\",\"width\":710,\"height\":370},{\"@type\":\"BreadcrumbList\",\"@id\":\"https:\\\/\\\/kibrisdakik.com\\\/?p=46819#breadcrumb\",\"itemListElement\":[{\"@type\":\"ListItem\",\"position\":1,\"name\":\"Home\",\"item\":\"https:\\\/\\\/kibrisdakik.com\\\/\"},{\"@type\":\"ListItem\",\"position\":2,\"name\":\"Meclis Hukuk Komitesi iki tasar\u0131, bir karar \u00f6nerisini g\u00f6r\u00fc\u015ft\u00fc\"}]},{\"@type\":\"WebSite\",\"@id\":\"https:\\\/\\\/kibrisdakik.com\\\/#website\",\"url\":\"https:\\\/\\\/kibrisdakik.com\\\/\",\"name\":\"K\u0131br\u0131s Dakik\",\"description\":\"Tam vaktinde haber\",\"publisher\":{\"@id\":\"https:\\\/\\\/kibrisdakik.com\\\/#organization\"},\"potentialAction\":[{\"@type\":\"SearchAction\",\"target\":{\"@type\":\"EntryPoint\",\"urlTemplate\":\"https:\\\/\\\/kibrisdakik.com\\\/?s={search_term_string}\"},\"query-input\":{\"@type\":\"PropertyValueSpecification\",\"valueRequired\":true,\"valueName\":\"search_term_string\"}}],\"inLanguage\":\"tr\"},{\"@type\":\"Organization\",\"@id\":\"https:\\\/\\\/kibrisdakik.com\\\/#organization\",\"name\":\"K\u0131br\u0131s Dakik\",\"url\":\"https:\\\/\\\/kibrisdakik.com\\\/\",\"logo\":{\"@type\":\"ImageObject\",\"inLanguage\":\"tr\",\"@id\":\"https:\\\/\\\/kibrisdakik.com\\\/#\\\/schema\\\/logo\\\/image\\\/\",\"url\":\"https:\\\/\\\/kibrisdakik.com\\\/wp-content\\\/uploads\\\/2025\\\/10\\\/cropped-WhatsApp-Image-2025-10-02-at-12.58.31.jpeg\",\"contentUrl\":\"https:\\\/\\\/kibrisdakik.com\\\/wp-content\\\/uploads\\\/2025\\\/10\\\/cropped-WhatsApp-Image-2025-10-02-at-12.58.31.jpeg\",\"width\":1237,\"height\":190,\"caption\":\"K\u0131br\u0131s Dakik\"},\"image\":{\"@id\":\"https:\\\/\\\/kibrisdakik.com\\\/#\\\/schema\\\/logo\\\/image\\\/\"}},{\"@type\":\"Person\",\"@id\":\"https:\\\/\\\/kibrisdakik.com\\\/#\\\/schema\\\/person\\\/9cd9d437bbb44f72b73ba127e06d8e79\",\"name\":\"admin\",\"image\":{\"@type\":\"ImageObject\",\"inLanguage\":\"tr\",\"@id\":\"https:\\\/\\\/secure.gravatar.com\\\/avatar\\\/ccc17943b9d660506c869530f897617f7cb1c21a4bf30023f252596d83e1f007?s=96&d=mm&r=g\",\"url\":\"https:\\\/\\\/secure.gravatar.com\\\/avatar\\\/ccc17943b9d660506c869530f897617f7cb1c21a4bf30023f252596d83e1f007?s=96&d=mm&r=g\",\"contentUrl\":\"https:\\\/\\\/secure.gravatar.com\\\/avatar\\\/ccc17943b9d660506c869530f897617f7cb1c21a4bf30023f252596d83e1f007?s=96&d=mm&r=g\",\"caption\":\"admin\"},\"sameAs\":[\"https:\\\/\\\/kibrisdakik.com\"],\"url\":\"https:\\\/\\\/kibrisdakik.com\\\/?author=1\"}]}<\/script>\n<!-- \/ Yoast SEO plugin. -->","yoast_head_json":{"title":"Meclis Hukuk Komitesi iki tasar\u0131, bir karar \u00f6nerisini g\u00f6r\u00fc\u015ft\u00fc -","robots":{"index":"index","follow":"follow","max-snippet":"max-snippet:-1","max-image-preview":"max-image-preview:large","max-video-preview":"max-video-preview:-1"},"canonical":"https:\/\/kibrisdakik.com\/?p=46819","og_locale":"tr_TR","og_type":"article","og_title":"Meclis Hukuk Komitesi iki tasar\u0131, bir karar \u00f6nerisini g\u00f6r\u00fc\u015ft\u00fc -","og_description":"Meclis\u2019ten yap\u0131lan a\u00e7\u0131klamaya g\u00f6re, Hukuk, Siyasi \u0130\u015fler ve D\u0131\u015fili\u015fkiler Komitesi, ilk \u00f6nce, \u201cCumhuriyet Meclisi \u0130\u00e7t\u00fcz\u00fc\u011f\u00fc (De\u011fi\u015fiklik) Karar \u00d6nerisi\u201dni ele alarak oy birli\u011fi ile onaylad\u0131 ve Genel Kurul g\u00fcndemine sevk etti. Komite, daha sonra \u201cCeza (De\u011fi\u015fiklik) Yasa Tasar\u0131s\u0131\u201dn\u0131 ele alarak, tasar\u0131n\u0131n ikinci g\u00f6r\u00fc\u015fmesini tamamlad\u0131 ancak s\u00f6z konusu yasa tasar\u0131s\u0131n\u0131n ivedili\u011fi bulunmad\u0131\u011f\u0131ndan \u00fc\u00e7\u00fcnc\u00fc g\u00f6r\u00fc\u015fmesi bir sonraki toplant\u0131ya","og_url":"https:\/\/kibrisdakik.com\/?p=46819","article_published_time":"2024-06-22T03:44:54+00:00","og_image":[{"width":710,"height":370,"url":"https:\/\/kibrisdakik.com\/wp-content\/uploads\/2024\/06\/meclis-hukuk-komitesi-iki-tasari-bir-karar-onerisini-gorustu-1718973621.webp.webp","type":"image\/webp"}],"author":"admin","twitter_card":"summary_large_image","twitter_misc":{"Yazan:":"admin","Tahmini okuma s\u00fcresi":"1 dakika"},"schema":{"@context":"https:\/\/schema.org","@graph":[{"@type":"Article","@id":"https:\/\/kibrisdakik.com\/?p=46819#article","isPartOf":{"@id":"https:\/\/kibrisdakik.com\/?p=46819"},"author":{"name":"admin","@id":"https:\/\/kibrisdakik.com\/#\/schema\/person\/9cd9d437bbb44f72b73ba127e06d8e79"},"headline":"Meclis Hukuk Komitesi iki tasar\u0131, bir karar \u00f6nerisini g\u00f6r\u00fc\u015ft\u00fc","datePublished":"2024-06-22T03:44:54+00:00","mainEntityOfPage":{"@id":"https:\/\/kibrisdakik.com\/?p=46819"},"wordCount":231,"commentCount":0,"publisher":{"@id":"https:\/\/kibrisdakik.com\/#organization"},"image":{"@id":"https:\/\/kibrisdakik.com\/?p=46819#primaryimage"},"thumbnailUrl":"https:\/\/kibrisdakik.com\/wp-content\/uploads\/2024\/06\/meclis-hukuk-komitesi-iki-tasari-bir-karar-onerisini-gorustu-1718973621.webp.webp","articleSection":["Ekonomi"],"inLanguage":"tr","potentialAction":[{"@type":"CommentAction","name":"Comment","target":["https:\/\/kibrisdakik.com\/?p=46819#respond"]}]},{"@type":"WebPage","@id":"https:\/\/kibrisdakik.com\/?p=46819","url":"https:\/\/kibrisdakik.com\/?p=46819","name":"Meclis Hukuk Komitesi iki tasar\u0131, bir karar \u00f6nerisini g\u00f6r\u00fc\u015ft\u00fc -","isPartOf":{"@id":"https:\/\/kibrisdakik.com\/#website"},"primaryImageOfPage":{"@id":"https:\/\/kibrisdakik.com\/?p=46819#primaryimage"},"image":{"@id":"https:\/\/kibrisdakik.com\/?p=46819#primaryimage"},"thumbnailUrl":"https:\/\/kibrisdakik.com\/wp-content\/uploads\/2024\/06\/meclis-hukuk-komitesi-iki-tasari-bir-karar-onerisini-gorustu-1718973621.webp.webp","datePublished":"2024-06-22T03:44:54+00:00","breadcrumb":{"@id":"https:\/\/kibrisdakik.com\/?p=46819#breadcrumb"},"inLanguage":"tr","potentialAction":[{"@type":"ReadAction","target":["https:\/\/kibrisdakik.com\/?p=46819"]}]},{"@type":"ImageObject","inLanguage":"tr","@id":"https:\/\/kibrisdakik.com\/?p=46819#primaryimage","url":"https:\/\/kibrisdakik.com\/wp-content\/uploads\/2024\/06\/meclis-hukuk-komitesi-iki-tasari-bir-karar-onerisini-gorustu-1718973621.webp.webp","contentUrl":"https:\/\/kibrisdakik.com\/wp-content\/uploads\/2024\/06\/meclis-hukuk-komitesi-iki-tasari-bir-karar-onerisini-gorustu-1718973621.webp.webp","width":710,"height":370},{"@type":"BreadcrumbList","@id":"https:\/\/kibrisdakik.com\/?p=46819#breadcrumb","itemListElement":[{"@type":"ListItem","position":1,"name":"Home","item":"https:\/\/kibrisdakik.com\/"},{"@type":"ListItem","position":2,"name":"Meclis Hukuk Komitesi iki tasar\u0131, bir karar \u00f6nerisini g\u00f6r\u00fc\u015ft\u00fc"}]},{"@type":"WebSite","@id":"https:\/\/kibrisdakik.com\/#website","url":"https:\/\/kibrisdakik.com\/","name":"K\u0131br\u0131s Dakik","description":"Tam vaktinde haber","publisher":{"@id":"https:\/\/kibrisdakik.com\/#organization"},"potentialAction":[{"@type":"SearchAction","target":{"@type":"EntryPoint","urlTemplate":"https:\/\/kibrisdakik.com\/?s={search_term_string}"},"query-input":{"@type":"PropertyValueSpecification","valueRequired":true,"valueName":"search_term_string"}}],"inLanguage":"tr"},{"@type":"Organization","@id":"https:\/\/kibrisdakik.com\/#organization","name":"K\u0131br\u0131s Dakik","url":"https:\/\/kibrisdakik.com\/","logo":{"@type":"ImageObject","inLanguage":"tr","@id":"https:\/\/kibrisdakik.com\/#\/schema\/logo\/image\/","url":"https:\/\/kibrisdakik.com\/wp-content\/uploads\/2025\/10\/cropped-WhatsApp-Image-2025-10-02-at-12.58.31.jpeg","contentUrl":"https:\/\/kibrisdakik.com\/wp-content\/uploads\/2025\/10\/cropped-WhatsApp-Image-2025-10-02-at-12.58.31.jpeg","width":1237,"height":190,"caption":"K\u0131br\u0131s Dakik"},"image":{"@id":"https:\/\/kibrisdakik.com\/#\/schema\/logo\/image\/"}},{"@type":"Person","@id":"https:\/\/kibrisdakik.com\/#\/schema\/person\/9cd9d437bbb44f72b73ba127e06d8e79","name":"admin","image":{"@type":"ImageObject","inLanguage":"tr","@id":"https:\/\/secure.gravatar.com\/avatar\/ccc17943b9d660506c869530f897617f7cb1c21a4bf30023f252596d83e1f007?s=96&d=mm&r=g","url":"https:\/\/secure.gravatar.com\/avatar\/ccc17943b9d660506c869530f897617f7cb1c21a4bf30023f252596d83e1f007?s=96&d=mm&r=g","contentUrl":"https:\/\/secure.gravatar.com\/avatar\/ccc17943b9d660506c869530f897617f7cb1c21a4bf30023f252596d83e1f007?s=96&d=mm&r=g","caption":"admin"},"sameAs":["https:\/\/kibrisdakik.com"],"url":"https:\/\/kibrisdakik.com\/?author=1"}]}},"_links":{"self":[{"href":"https:\/\/kibrisdakik.com\/index.php?rest_route=\/wp\/v2\/posts\/46819","targetHints":{"allow":["GET"]}}],"collection":[{"href":"https:\/\/kibrisdakik.com\/index.php?rest_route=\/wp\/v2\/posts"}],"about":[{"href":"https:\/\/kibrisdakik.com\/index.php?rest_route=\/wp\/v2\/types\/post"}],"author":[{"embeddable":true,"href":"https:\/\/kibrisdakik.com\/index.php?rest_route=\/wp\/v2\/users\/1"}],"replies":[{"embeddable":true,"href":"https:\/\/kibrisdakik.com\/index.php?rest_route=%2Fwp%2Fv2%2Fcomments&post=46819"}],"version-history":[{"count":0,"href":"https:\/\/kibrisdakik.com\/index.php?rest_route=\/wp\/v2\/posts\/46819\/revisions"}],"wp:featuredmedia":[{"embeddable":true,"href":"https:\/\/kibrisdakik.com\/index.php?rest_route=\/wp\/v2\/media\/46820"}],"wp:attachment":[{"href":"https:\/\/kibrisdakik.com\/index.php?rest_route=%2Fwp%2Fv2%2Fmedia&parent=46819"}],"wp:term":[{"taxonomy":"category","embeddable":true,"href":"https:\/\/kibrisdakik.com\/index.php?rest_route=%2Fwp%2Fv2%2Fcategories&post=46819"},{"taxonomy":"post_tag","embeddable":true,"href":"https:\/\/kibrisdakik.com\/index.php?rest_route=%2Fwp%2Fv2%2Ftags&post=46819"}],"curies":[{"name":"wp","href":"https:\/\/api.w.org\/{rel}","templated":true}]}}