{"id":46837,"date":"2024-06-22T07:18:14","date_gmt":"2024-06-22T07:18:14","guid":{"rendered":"https:\/\/kibrisdakik.com\/?p=46837"},"modified":"2024-06-22T07:18:14","modified_gmt":"2024-06-22T07:18:14","slug":"kuresel-gazeteciler-konseyi-kanada-da","status":"publish","type":"post","link":"https:\/\/kibrisdakik.com\/?p=46837","title":{"rendered":"K\u00fcresel Gazeteciler Konseyi Kanada&#8217; da"},"content":{"rendered":"<p>K\u00fcresel Gazeteciler Konseyi\u2019nden Kanada\u2019da \u00f6nemli temaslar<\/p>\n<p>K\u00fcresel Gazeteciler Konseyi Genel Ba\u015fkan\u0131 Mehmet Ali Dim, Kanada\u2019da ger\u00e7ekle\u015ftirdi\u011fi temaslar \u00e7er\u00e7evesinde T\u00fcrkiye\u2019nin Vancouver Ba\u015fkonsolosu Emrah Kurt ve Toronto Ba\u015fkonsolosu Can Yolda\u015f\u2019\u0131 ziyaret etti. K\u00fcresel Gazeteciler Konseyi, yurt i\u00e7i ve yurt d\u0131\u015f\u0131ndaki etkili temaslar\u0131na devam ediyor.<\/p>\n<p>150 bine yak\u0131n T\u00fcrk vatanda\u015f\u0131n\u0131n ikamet etti\u011fi Kanada\u2019y\u0131 ziyaret eden K\u00fcresel Gazeteciler Konseyi Genel Ba\u015fkan\u0131 Mehmet Ali Dim, T\u00fcrkiye\u2019nin Vancouver Ba\u015fkonsolosu Emrah Kurt ve Toronto Ba\u015fkonsolosu Can Yolda\u015f\u2019\u0131 makam\u0131nda ziyaret etti. G\u00f6r\u00fc\u015fmelerde, K\u00fcresel Gazeteciler Konseyi\u2019nin y\u00fcr\u00fctt\u00fc\u011f\u00fc kamu diplomasisi faliyetleri ve T\u00fcrkiye-Kanada ili\u015fkileri ele al\u0131nd\u0131.<\/p>\n<p>\u0130lk ziyaret Toronto Ba\u015fkonsolosu Yolda\u015f\u2019a<\/p>\n<p>\u0130lk olarak Toronto Ba\u015fkonsolosu Can Yolda\u015f\u2019\u0131 ziyaret eden Dim, g\u00f6r\u00fc\u015fmenin ard\u0131ndan yapt\u0131\u011f\u0131 a\u00e7\u0131klamada \u201cSay\u0131n Yolda\u015f ile verimli bir sohbet ger\u00e7ekle\u015ftirdik. Nazik kabul\u00fc i\u00e7in te\u015fekk\u00fcr ediyorum\u201d ifadelerini kulland\u0131.<\/p>\n<p>\u0130kinci ziyaret Vancouver Ba\u015fkonsolosu Kurt\u2019a<\/p>\n<p>Yolda\u015f\u2019\u0131n ard\u0131ndan Vancouver Ba\u015fkonsolosu Emrah Kurt ile bir araya gelen Dim, ziyaretine ili\u015fkin sosyal medya hesab\u0131ndan yapt\u0131\u011f\u0131 a\u00e7\u0131klamada, \u201c\u00dclkemizin Vancouver Ba\u015fkonsolosu Say\u0131n H.Emrah Kurt\u2019u ziyaretimizde T\u00fcrkiye\u2019den gelenlerin durumu, e\u011fitim ve i\u015f imkanlar\u0131\/imkans\u0131zl\u0131klar\u0131 ile K\u00fcresel Gazeteciler Konseyi\u2019nin kamu diplomasisi faaliyetlerimiz \u00fczerine verimli bir sohbet ger\u00e7ekle\u015ftirdik. Say\u0131n Kurt\u2019a \u00e7ok te\u015fekk\u00fcr ederim.\u201d ifadelerine yer verdi.<\/p>\n","protected":false},"excerpt":{"rendered":"<p>K\u00fcresel Gazeteciler Konseyi\u2019nden Kanada\u2019da \u00f6nemli temaslar K\u00fcresel Gazeteciler Konseyi Genel Ba\u015fkan\u0131 Mehmet Ali Dim, Kanada\u2019da ger\u00e7ekle\u015ftirdi\u011fi temaslar \u00e7er\u00e7evesinde T\u00fcrkiye\u2019nin Vancouver Ba\u015fkonsolosu Emrah Kurt ve Toronto Ba\u015fkonsolosu Can Yolda\u015f\u2019\u0131 ziyaret etti. K\u00fcresel Gazeteciler Konseyi, yurt i\u00e7i ve yurt d\u0131\u015f\u0131ndaki etkili temaslar\u0131na devam ediyor. 150 bine yak\u0131n T\u00fcrk vatanda\u015f\u0131n\u0131n ikamet etti\u011fi Kanada\u2019y\u0131 ziyaret eden K\u00fcresel Gazeteciler Konseyi<\/p>\n","protected":false},"author":1,"featured_media":46838,"comment_status":"open","ping_status":"open","sticky":false,"template":"","format":"standard","meta":{"footnotes":""},"categories":[1],"tags":[171],"class_list":["post-46837","post","type-post","status-publish","format-standard","has-post-thumbnail","hentry","category-gundem","tag-kuresel-gazeteciler-konseyinden"],"yoast_head":"<!-- This site is optimized with the Yoast SEO plugin v27.5 - https:\/\/yoast.com\/product\/yoast-seo-wordpress\/ -->\n<title>K\u00fcresel Gazeteciler Konseyi Kanada&#039; da -<\/title>\n<meta name=\"robots\" content=\"index, follow, max-snippet:-1, max-image-preview:large, max-video-preview:-1\" \/>\n<link rel=\"canonical\" href=\"https:\/\/kibrisdakik.com\/?p=46837\" \/>\n<meta property=\"og:locale\" content=\"tr_TR\" \/>\n<meta property=\"og:type\" content=\"article\" \/>\n<meta property=\"og:title\" content=\"K\u00fcresel Gazeteciler Konseyi Kanada&#039; da -\" \/>\n<meta property=\"og:description\" content=\"K\u00fcresel Gazeteciler Konseyi\u2019nden Kanada\u2019da \u00f6nemli temaslar K\u00fcresel Gazeteciler Konseyi Genel Ba\u015fkan\u0131 Mehmet Ali Dim, Kanada\u2019da ger\u00e7ekle\u015ftirdi\u011fi temaslar \u00e7er\u00e7evesinde T\u00fcrkiye\u2019nin Vancouver Ba\u015fkonsolosu Emrah Kurt ve Toronto Ba\u015fkonsolosu Can Yolda\u015f\u2019\u0131 ziyaret etti. K\u00fcresel Gazeteciler Konseyi, yurt i\u00e7i ve yurt d\u0131\u015f\u0131ndaki etkili temaslar\u0131na devam ediyor. 150 bine yak\u0131n T\u00fcrk vatanda\u015f\u0131n\u0131n ikamet etti\u011fi Kanada\u2019y\u0131 ziyaret eden K\u00fcresel Gazeteciler Konseyi\" \/>\n<meta property=\"og:url\" content=\"https:\/\/kibrisdakik.com\/?p=46837\" \/>\n<meta property=\"article:published_time\" content=\"2024-06-22T07:18:14+00:00\" \/>\n<meta property=\"og:image\" content=\"https:\/\/kibrisdakik.com\/wp-content\/uploads\/2024\/06\/IMG-20240622-WA0001-740x420.jpg\" \/>\n\t<meta property=\"og:image:width\" content=\"1175\" \/>\n\t<meta property=\"og:image:height\" content=\"613\" \/>\n\t<meta property=\"og:image:type\" content=\"image\/jpeg\" \/>\n<meta name=\"author\" content=\"admin\" \/>\n<meta name=\"twitter:card\" content=\"summary_large_image\" \/>\n<meta name=\"twitter:label1\" content=\"Yazan:\" \/>\n\t<meta name=\"twitter:data1\" content=\"admin\" \/>\n\t<meta name=\"twitter:label2\" content=\"Tahmini okuma s\u00fcresi\" \/>\n\t<meta name=\"twitter:data2\" content=\"2 dakika\" \/>\n<script type=\"application\/ld+json\" class=\"yoast-schema-graph\">{\"@context\":\"https:\\\/\\\/schema.org\",\"@graph\":[{\"@type\":\"Article\",\"@id\":\"https:\\\/\\\/kibrisdakik.com\\\/?p=46837#article\",\"isPartOf\":{\"@id\":\"https:\\\/\\\/kibrisdakik.com\\\/?p=46837\"},\"author\":{\"name\":\"admin\",\"@id\":\"https:\\\/\\\/kibrisdakik.com\\\/#\\\/schema\\\/person\\\/9cd9d437bbb44f72b73ba127e06d8e79\"},\"headline\":\"K\u00fcresel Gazeteciler Konseyi Kanada&#8217; da\",\"datePublished\":\"2024-06-22T07:18:14+00:00\",\"mainEntityOfPage\":{\"@id\":\"https:\\\/\\\/kibrisdakik.com\\\/?p=46837\"},\"wordCount\":259,\"commentCount\":0,\"image\":{\"@id\":\"https:\\\/\\\/kibrisdakik.com\\\/?p=46837#primaryimage\"},\"thumbnailUrl\":\"https:\\\/\\\/kibrisdakik.com\\\/wp-content\\\/uploads\\\/2024\\\/06\\\/IMG-20240622-WA0001-740x420.jpg\",\"keywords\":[\"K\u00fcresel Gazeteciler Konseyi\u2019nden\"],\"articleSection\":[\"G\u00fcndem\"],\"inLanguage\":\"tr\",\"potentialAction\":[{\"@type\":\"CommentAction\",\"name\":\"Comment\",\"target\":[\"https:\\\/\\\/kibrisdakik.com\\\/?p=46837#respond\"]}]},{\"@type\":\"WebPage\",\"@id\":\"https:\\\/\\\/kibrisdakik.com\\\/?p=46837\",\"url\":\"https:\\\/\\\/kibrisdakik.com\\\/?p=46837\",\"name\":\"K\u00fcresel Gazeteciler Konseyi Kanada' da -\",\"isPartOf\":{\"@id\":\"https:\\\/\\\/kibrisdakik.com\\\/#website\"},\"primaryImageOfPage\":{\"@id\":\"https:\\\/\\\/kibrisdakik.com\\\/?p=46837#primaryimage\"},\"image\":{\"@id\":\"https:\\\/\\\/kibrisdakik.com\\\/?p=46837#primaryimage\"},\"thumbnailUrl\":\"https:\\\/\\\/kibrisdakik.com\\\/wp-content\\\/uploads\\\/2024\\\/06\\\/IMG-20240622-WA0001-740x420.jpg\",\"datePublished\":\"2024-06-22T07:18:14+00:00\",\"author\":{\"@id\":\"https:\\\/\\\/kibrisdakik.com\\\/#\\\/schema\\\/person\\\/9cd9d437bbb44f72b73ba127e06d8e79\"},\"breadcrumb\":{\"@id\":\"https:\\\/\\\/kibrisdakik.com\\\/?p=46837#breadcrumb\"},\"inLanguage\":\"tr\",\"potentialAction\":[{\"@type\":\"ReadAction\",\"target\":[\"https:\\\/\\\/kibrisdakik.com\\\/?p=46837\"]}]},{\"@type\":\"ImageObject\",\"inLanguage\":\"tr\",\"@id\":\"https:\\\/\\\/kibrisdakik.com\\\/?p=46837#primaryimage\",\"url\":\"https:\\\/\\\/kibrisdakik.com\\\/wp-content\\\/uploads\\\/2024\\\/06\\\/IMG-20240622-WA0001-740x420.jpg\",\"contentUrl\":\"https:\\\/\\\/kibrisdakik.com\\\/wp-content\\\/uploads\\\/2024\\\/06\\\/IMG-20240622-WA0001-740x420.jpg\",\"width\":1175,\"height\":613},{\"@type\":\"BreadcrumbList\",\"@id\":\"https:\\\/\\\/kibrisdakik.com\\\/?p=46837#breadcrumb\",\"itemListElement\":[{\"@type\":\"ListItem\",\"position\":1,\"name\":\"Home\",\"item\":\"https:\\\/\\\/kibrisdakik.com\\\/\"},{\"@type\":\"ListItem\",\"position\":2,\"name\":\"K\u00fcresel Gazeteciler Konseyi Kanada&#8217; da\"}]},{\"@type\":\"WebSite\",\"@id\":\"https:\\\/\\\/kibrisdakik.com\\\/#website\",\"url\":\"https:\\\/\\\/kibrisdakik.com\\\/\",\"name\":\"\",\"description\":\"Tam vaktinde haber\",\"potentialAction\":[{\"@type\":\"SearchAction\",\"target\":{\"@type\":\"EntryPoint\",\"urlTemplate\":\"https:\\\/\\\/kibrisdakik.com\\\/?s={search_term_string}\"},\"query-input\":{\"@type\":\"PropertyValueSpecification\",\"valueRequired\":true,\"valueName\":\"search_term_string\"}}],\"inLanguage\":\"tr\"},{\"@type\":\"Person\",\"@id\":\"https:\\\/\\\/kibrisdakik.com\\\/#\\\/schema\\\/person\\\/9cd9d437bbb44f72b73ba127e06d8e79\",\"name\":\"admin\",\"image\":{\"@type\":\"ImageObject\",\"inLanguage\":\"tr\",\"@id\":\"https:\\\/\\\/secure.gravatar.com\\\/avatar\\\/ccc17943b9d660506c869530f897617f7cb1c21a4bf30023f252596d83e1f007?s=96&d=mm&r=g\",\"url\":\"https:\\\/\\\/secure.gravatar.com\\\/avatar\\\/ccc17943b9d660506c869530f897617f7cb1c21a4bf30023f252596d83e1f007?s=96&d=mm&r=g\",\"contentUrl\":\"https:\\\/\\\/secure.gravatar.com\\\/avatar\\\/ccc17943b9d660506c869530f897617f7cb1c21a4bf30023f252596d83e1f007?s=96&d=mm&r=g\",\"caption\":\"admin\"},\"sameAs\":[\"https:\\\/\\\/kibrisdakik.com\"],\"url\":\"https:\\\/\\\/kibrisdakik.com\\\/?author=1\"}]}<\/script>\n<!-- \/ Yoast SEO plugin. -->","yoast_head_json":{"title":"K\u00fcresel Gazeteciler Konseyi Kanada' da -","robots":{"index":"index","follow":"follow","max-snippet":"max-snippet:-1","max-image-preview":"max-image-preview:large","max-video-preview":"max-video-preview:-1"},"canonical":"https:\/\/kibrisdakik.com\/?p=46837","og_locale":"tr_TR","og_type":"article","og_title":"K\u00fcresel Gazeteciler Konseyi Kanada' da -","og_description":"K\u00fcresel Gazeteciler Konseyi\u2019nden Kanada\u2019da \u00f6nemli temaslar K\u00fcresel Gazeteciler Konseyi Genel Ba\u015fkan\u0131 Mehmet Ali Dim, Kanada\u2019da ger\u00e7ekle\u015ftirdi\u011fi temaslar \u00e7er\u00e7evesinde T\u00fcrkiye\u2019nin Vancouver Ba\u015fkonsolosu Emrah Kurt ve Toronto Ba\u015fkonsolosu Can Yolda\u015f\u2019\u0131 ziyaret etti. K\u00fcresel Gazeteciler Konseyi, yurt i\u00e7i ve yurt d\u0131\u015f\u0131ndaki etkili temaslar\u0131na devam ediyor. 150 bine yak\u0131n T\u00fcrk vatanda\u015f\u0131n\u0131n ikamet etti\u011fi Kanada\u2019y\u0131 ziyaret eden K\u00fcresel Gazeteciler Konseyi","og_url":"https:\/\/kibrisdakik.com\/?p=46837","article_published_time":"2024-06-22T07:18:14+00:00","og_image":[{"width":1175,"height":613,"url":"https:\/\/kibrisdakik.com\/wp-content\/uploads\/2024\/06\/IMG-20240622-WA0001-740x420.jpg","type":"image\/jpeg"}],"author":"admin","twitter_card":"summary_large_image","twitter_misc":{"Yazan:":"admin","Tahmini okuma s\u00fcresi":"2 dakika"},"schema":{"@context":"https:\/\/schema.org","@graph":[{"@type":"Article","@id":"https:\/\/kibrisdakik.com\/?p=46837#article","isPartOf":{"@id":"https:\/\/kibrisdakik.com\/?p=46837"},"author":{"name":"admin","@id":"https:\/\/kibrisdakik.com\/#\/schema\/person\/9cd9d437bbb44f72b73ba127e06d8e79"},"headline":"K\u00fcresel Gazeteciler Konseyi Kanada&#8217; da","datePublished":"2024-06-22T07:18:14+00:00","mainEntityOfPage":{"@id":"https:\/\/kibrisdakik.com\/?p=46837"},"wordCount":259,"commentCount":0,"image":{"@id":"https:\/\/kibrisdakik.com\/?p=46837#primaryimage"},"thumbnailUrl":"https:\/\/kibrisdakik.com\/wp-content\/uploads\/2024\/06\/IMG-20240622-WA0001-740x420.jpg","keywords":["K\u00fcresel Gazeteciler Konseyi\u2019nden"],"articleSection":["G\u00fcndem"],"inLanguage":"tr","potentialAction":[{"@type":"CommentAction","name":"Comment","target":["https:\/\/kibrisdakik.com\/?p=46837#respond"]}]},{"@type":"WebPage","@id":"https:\/\/kibrisdakik.com\/?p=46837","url":"https:\/\/kibrisdakik.com\/?p=46837","name":"K\u00fcresel Gazeteciler Konseyi Kanada' da -","isPartOf":{"@id":"https:\/\/kibrisdakik.com\/#website"},"primaryImageOfPage":{"@id":"https:\/\/kibrisdakik.com\/?p=46837#primaryimage"},"image":{"@id":"https:\/\/kibrisdakik.com\/?p=46837#primaryimage"},"thumbnailUrl":"https:\/\/kibrisdakik.com\/wp-content\/uploads\/2024\/06\/IMG-20240622-WA0001-740x420.jpg","datePublished":"2024-06-22T07:18:14+00:00","author":{"@id":"https:\/\/kibrisdakik.com\/#\/schema\/person\/9cd9d437bbb44f72b73ba127e06d8e79"},"breadcrumb":{"@id":"https:\/\/kibrisdakik.com\/?p=46837#breadcrumb"},"inLanguage":"tr","potentialAction":[{"@type":"ReadAction","target":["https:\/\/kibrisdakik.com\/?p=46837"]}]},{"@type":"ImageObject","inLanguage":"tr","@id":"https:\/\/kibrisdakik.com\/?p=46837#primaryimage","url":"https:\/\/kibrisdakik.com\/wp-content\/uploads\/2024\/06\/IMG-20240622-WA0001-740x420.jpg","contentUrl":"https:\/\/kibrisdakik.com\/wp-content\/uploads\/2024\/06\/IMG-20240622-WA0001-740x420.jpg","width":1175,"height":613},{"@type":"BreadcrumbList","@id":"https:\/\/kibrisdakik.com\/?p=46837#breadcrumb","itemListElement":[{"@type":"ListItem","position":1,"name":"Home","item":"https:\/\/kibrisdakik.com\/"},{"@type":"ListItem","position":2,"name":"K\u00fcresel Gazeteciler Konseyi Kanada&#8217; da"}]},{"@type":"WebSite","@id":"https:\/\/kibrisdakik.com\/#website","url":"https:\/\/kibrisdakik.com\/","name":"","description":"Tam vaktinde haber","potentialAction":[{"@type":"SearchAction","target":{"@type":"EntryPoint","urlTemplate":"https:\/\/kibrisdakik.com\/?s={search_term_string}"},"query-input":{"@type":"PropertyValueSpecification","valueRequired":true,"valueName":"search_term_string"}}],"inLanguage":"tr"},{"@type":"Person","@id":"https:\/\/kibrisdakik.com\/#\/schema\/person\/9cd9d437bbb44f72b73ba127e06d8e79","name":"admin","image":{"@type":"ImageObject","inLanguage":"tr","@id":"https:\/\/secure.gravatar.com\/avatar\/ccc17943b9d660506c869530f897617f7cb1c21a4bf30023f252596d83e1f007?s=96&d=mm&r=g","url":"https:\/\/secure.gravatar.com\/avatar\/ccc17943b9d660506c869530f897617f7cb1c21a4bf30023f252596d83e1f007?s=96&d=mm&r=g","contentUrl":"https:\/\/secure.gravatar.com\/avatar\/ccc17943b9d660506c869530f897617f7cb1c21a4bf30023f252596d83e1f007?s=96&d=mm&r=g","caption":"admin"},"sameAs":["https:\/\/kibrisdakik.com"],"url":"https:\/\/kibrisdakik.com\/?author=1"}]}},"_links":{"self":[{"href":"https:\/\/kibrisdakik.com\/index.php?rest_route=\/wp\/v2\/posts\/46837","targetHints":{"allow":["GET"]}}],"collection":[{"href":"https:\/\/kibrisdakik.com\/index.php?rest_route=\/wp\/v2\/posts"}],"about":[{"href":"https:\/\/kibrisdakik.com\/index.php?rest_route=\/wp\/v2\/types\/post"}],"author":[{"embeddable":true,"href":"https:\/\/kibrisdakik.com\/index.php?rest_route=\/wp\/v2\/users\/1"}],"replies":[{"embeddable":true,"href":"https:\/\/kibrisdakik.com\/index.php?rest_route=%2Fwp%2Fv2%2Fcomments&post=46837"}],"version-history":[{"count":1,"href":"https:\/\/kibrisdakik.com\/index.php?rest_route=\/wp\/v2\/posts\/46837\/revisions"}],"predecessor-version":[{"id":46839,"href":"https:\/\/kibrisdakik.com\/index.php?rest_route=\/wp\/v2\/posts\/46837\/revisions\/46839"}],"wp:featuredmedia":[{"embeddable":true,"href":"https:\/\/kibrisdakik.com\/index.php?rest_route=\/wp\/v2\/media\/46838"}],"wp:attachment":[{"href":"https:\/\/kibrisdakik.com\/index.php?rest_route=%2Fwp%2Fv2%2Fmedia&parent=46837"}],"wp:term":[{"taxonomy":"category","embeddable":true,"href":"https:\/\/kibrisdakik.com\/index.php?rest_route=%2Fwp%2Fv2%2Fcategories&post=46837"},{"taxonomy":"post_tag","embeddable":true,"href":"https:\/\/kibrisdakik.com\/index.php?rest_route=%2Fwp%2Fv2%2Ftags&post=46837"}],"curies":[{"name":"wp","href":"https:\/\/api.w.org\/{rel}","templated":true}]}}