{"id":46928,"date":"2024-06-22T20:10:50","date_gmt":"2024-06-22T20:10:50","guid":{"rendered":"https:\/\/kibrisdakik.com\/index.php\/2024\/06\/22\/erhurman-sinir-kapisinda-mulkiyetle-ilgili-yapilan-tutuklamalari-degerlendirdi\/"},"modified":"2024-06-22T20:10:50","modified_gmt":"2024-06-22T20:10:50","slug":"erhurman-sinir-kapisinda-mulkiyetle-ilgili-yapilan-tutuklamalari-degerlendirdi","status":"publish","type":"post","link":"https:\/\/kibrisdakik.com\/?p=46928","title":{"rendered":"Erh\u00fcrman, s\u0131n\u0131r kap\u0131s\u0131nda m\u00fclkiyetle ilgili yap\u0131lan tutuklamalar\u0131 de\u011ferlendirdi"},"content":{"rendered":"<p><\/p>\n<div>\n<div class=\"mariselle-image-container center\">\n                <img loading=\"lazy\" decoding=\"async\" width=\"2480\" height=\"1656\" class=\"lazy-image\" alt=\"\" sizes=\"auto, (max-width: 2480px) 100vw, 2480px\" src=\"https:\/\/brtk.net\/wp-content\/uploads\/2024\/03\/14\/erhurman-232.jpg?ver=b04cb553999e29ca8436a8ceddba5ead\" srcset=\"https:\/\/brtk.net\/wp-content\/uploads\/2024\/03\/14\/erhurman-232.jpg?ver=b04cb553999e29ca8436a8ceddba5ead 2480w, https:\/\/brtk.net\/wp-content\/uploads\/2024\/03\/14\/erhurman-232-300x200.jpg?ver=f0dec2bb28652488e13c0a6bf5ec1f7b 300w, https:\/\/brtk.net\/wp-content\/uploads\/2024\/03\/14\/erhurman-232-1024x684.jpg?ver=f0dec2bb28652488e13c0a6bf5ec1f7b 1024w, https:\/\/brtk.net\/wp-content\/uploads\/2024\/03\/14\/erhurman-232-768x513.jpg?ver=e7fcddda99ff3a1570b46df99433270b 768w, https:\/\/brtk.net\/wp-content\/uploads\/2024\/03\/14\/erhurman-232-1536x1026.jpg?ver=03c6efe86d053c9bff42ee2ef06a3b2a 1536w, https:\/\/brtk.net\/wp-content\/uploads\/2024\/03\/14\/erhurman-232-2048x1368.jpg?ver=472ca7bacbb7206ae4efef06004f1330 2048w\"\/>                            <\/div>\n<p>Ana muhalefet Cumhuriyet\u00e7i T\u00fcrk Partisi Genel Ba\u015fkan\u0131 Tufan Erh\u00fcrman, son g\u00fcnlerde s\u0131n\u0131r kap\u0131s\u0131nda m\u00fclkiyetle ilgili yap\u0131lan tutuklamalara i\u015faret ederek<br \/>\u201cBelli ki G\u00fcney K\u0131br\u0131s Rum Y\u00f6netimi yine \u201cemsal davalar\u201d yaratarak, hukuku ve m\u00fclkiyet sorununu siyasi ama\u00e7lara y\u00f6nelik ara\u00e7lara d\u00f6n\u00fc\u015ft\u00fcrme karar\u0131 verdi\u201d dedi.<\/p>\n<p>Erh\u00fcrman, \u201cGe\u00e7 kal\u0131nmadan, konu ciddiyetle ele al\u0131nmal\u0131\u201d diye ekledi.<\/p>\n<p>Ana muhalefet Cumhuriyet\u00e7i T\u00fcrk Partisi Genel Ba\u015fkan\u0131 Tufan Erh\u00fcrman, s\u0131n\u0131r kap\u0131s\u0131nda son g\u00fcnlerde m\u00fclkiyetle ilgili G\u00fcney K\u0131br\u0131s makamlar\u0131nca yap\u0131lan tutuklamalara ili\u015fkin de\u011ferlendirmede bulundu.<\/p>\n<p>Erh\u00fcrman, sosyal medya hesab\u0131ndan yapt\u0131\u011f\u0131 payla\u015f\u0131mda, son ya\u015fananlar\u0131n daha \u00f6nce \u201cOrams\u201d ve \u201cHurma\u201d gibi davalarda g\u00f6r\u00fcld\u00fc\u011f\u00fcn\u00fc belirtti.<\/p>\n<p>K\u0131sa bir s\u00fcre \u00f6nce in\u015faat sekt\u00f6r\u00fcnde faaliyet g\u00f6steren bir i\u015f insan\u0131 ile ilgili ba\u015flat\u0131lan yarg\u0131sal i\u015flemlerin yeni muhatab\u0131n\u0131n, Kuzey K\u0131br\u0131s T\u00fcrk Cumhuriyeti\u2019nde ta\u015f\u0131nmaz mal edinen bir Alman yurtta\u015f\u0131 oldu\u011funa dikkati \u00e7eken Erh\u00fcrman \u201cBelli ki G\u00fcney K\u0131br\u0131s Rum Y\u00f6netimi yine \u201cemsal davalar\u201d yaratarak, hukuku ve m\u00fclkiyet sorununu siyasi ama\u00e7lara y\u00f6nelik ara\u00e7lara d\u00f6n\u00fc\u015ft\u00fcrme karar\u0131 verdi\u201d de\u011ferlendirmesinde bulundu.<\/p>\n<p>\u201cZaman\u0131nda uyard\u0131\u011f\u0131m\u0131zda, \u201cbu i\u015fler i\u00e7eride de, d\u0131\u015far\u0131da da ba\u015f\u0131m\u0131za i\u015f a\u00e7acak, in\u015faat sekt\u00f6r\u00fcn\u00fcn s\u00fcrd\u00fcr\u00fclebilirli\u011fi de olumsuz etkilenecek\u201d dedi\u011fimizde, \u201cy\u00fcr\u00fcy\u00fcn da gorkmay\u0131n\u201d denilmi\u015fti\u201d diyen Erh\u00fcrman \u015funlar\u0131 kaydetti;<\/p>\n<p>\u201cKe\u015fke bizim sesimizin duyulmas\u0131n\u0131n engellenmesi sorunu halletse! Halletmeyecek! Ge\u00e7 kal\u0131nm\u0131\u015f olsa da, bu konunun ciddiyetle ele al\u0131nmas\u0131 ve \u00e7al\u0131\u015f\u0131lmas\u0131 gerekiyor. Ama her \u015feyden \u00f6nce zaman\u0131nda uyar\u0131lar\u0131m\u0131za kulak t\u0131kayanlar\u0131n hi\u00e7 olmazsa bu noktadan sonra i\u015fin ciddiyetinin fark\u0131na varmas\u0131 laz\u0131m!<\/p>\n<\/p><\/div>\n<p><script async\n                    defer\n                    crossorigin=\"anonymous\"\n                    src=\"https:\/\/connect.facebook.net\/tr_TR\/sdk.js#xfbml=1&#038;version=v3.3\"\n            ><\/script><\/p>\n","protected":false},"excerpt":{"rendered":"<p>Ana muhalefet Cumhuriyet\u00e7i T\u00fcrk Partisi Genel Ba\u015fkan\u0131 Tufan Erh\u00fcrman, son g\u00fcnlerde s\u0131n\u0131r kap\u0131s\u0131nda m\u00fclkiyetle ilgili yap\u0131lan tutuklamalara i\u015faret ederek\u201cBelli ki G\u00fcney K\u0131br\u0131s Rum Y\u00f6netimi yine \u201cemsal davalar\u201d yaratarak, hukuku ve m\u00fclkiyet sorununu siyasi ama\u00e7lara y\u00f6nelik ara\u00e7lara d\u00f6n\u00fc\u015ft\u00fcrme karar\u0131 verdi\u201d dedi. Erh\u00fcrman, \u201cGe\u00e7 kal\u0131nmadan, konu ciddiyetle ele al\u0131nmal\u0131\u201d diye ekledi. Ana muhalefet Cumhuriyet\u00e7i T\u00fcrk Partisi Genel<\/p>\n","protected":false},"author":1,"featured_media":46929,"comment_status":"open","ping_status":"open","sticky":false,"template":"","format":"standard","meta":{"footnotes":""},"categories":[1],"tags":[],"class_list":["post-46928","post","type-post","status-publish","format-standard","has-post-thumbnail","hentry","category-gundem"],"yoast_head":"<!-- This site is optimized with the Yoast SEO plugin v27.5 - https:\/\/yoast.com\/product\/yoast-seo-wordpress\/ -->\n<title>Erh\u00fcrman, s\u0131n\u0131r kap\u0131s\u0131nda m\u00fclkiyetle ilgili yap\u0131lan tutuklamalar\u0131 de\u011ferlendirdi -<\/title>\n<meta name=\"robots\" content=\"index, follow, max-snippet:-1, max-image-preview:large, max-video-preview:-1\" \/>\n<link rel=\"canonical\" href=\"https:\/\/kibrisdakik.com\/?p=46928\" \/>\n<meta property=\"og:locale\" content=\"tr_TR\" \/>\n<meta property=\"og:type\" content=\"article\" \/>\n<meta property=\"og:title\" content=\"Erh\u00fcrman, s\u0131n\u0131r kap\u0131s\u0131nda m\u00fclkiyetle ilgili yap\u0131lan tutuklamalar\u0131 de\u011ferlendirdi -\" \/>\n<meta property=\"og:description\" content=\"Ana muhalefet Cumhuriyet\u00e7i T\u00fcrk Partisi Genel Ba\u015fkan\u0131 Tufan Erh\u00fcrman, son g\u00fcnlerde s\u0131n\u0131r kap\u0131s\u0131nda m\u00fclkiyetle ilgili yap\u0131lan tutuklamalara i\u015faret ederek\u201cBelli ki G\u00fcney K\u0131br\u0131s Rum Y\u00f6netimi yine \u201cemsal davalar\u201d yaratarak, hukuku ve m\u00fclkiyet sorununu siyasi ama\u00e7lara y\u00f6nelik ara\u00e7lara d\u00f6n\u00fc\u015ft\u00fcrme karar\u0131 verdi\u201d dedi. Erh\u00fcrman, \u201cGe\u00e7 kal\u0131nmadan, konu ciddiyetle ele al\u0131nmal\u0131\u201d diye ekledi. Ana muhalefet Cumhuriyet\u00e7i T\u00fcrk Partisi Genel\" \/>\n<meta property=\"og:url\" content=\"https:\/\/kibrisdakik.com\/?p=46928\" \/>\n<meta property=\"article:published_time\" content=\"2024-06-22T20:10:50+00:00\" \/>\n<meta property=\"og:image\" content=\"https:\/\/kibrisdakik.com\/wp-content\/uploads\/2024\/06\/erhurman-232-740x420.jpg\" \/>\n\t<meta property=\"og:image:width\" content=\"2480\" \/>\n\t<meta property=\"og:image:height\" content=\"1656\" \/>\n\t<meta property=\"og:image:type\" content=\"image\/jpeg\" \/>\n<meta name=\"author\" content=\"admin\" \/>\n<meta name=\"twitter:card\" content=\"summary_large_image\" \/>\n<meta name=\"twitter:label1\" content=\"Yazan:\" \/>\n\t<meta name=\"twitter:data1\" content=\"admin\" \/>\n\t<meta name=\"twitter:label2\" content=\"Tahmini okuma s\u00fcresi\" \/>\n\t<meta name=\"twitter:data2\" content=\"2 dakika\" \/>\n<script type=\"application\/ld+json\" class=\"yoast-schema-graph\">{\"@context\":\"https:\\\/\\\/schema.org\",\"@graph\":[{\"@type\":\"Article\",\"@id\":\"https:\\\/\\\/kibrisdakik.com\\\/?p=46928#article\",\"isPartOf\":{\"@id\":\"https:\\\/\\\/kibrisdakik.com\\\/?p=46928\"},\"author\":{\"name\":\"admin\",\"@id\":\"https:\\\/\\\/kibrisdakik.com\\\/#\\\/schema\\\/person\\\/9cd9d437bbb44f72b73ba127e06d8e79\"},\"headline\":\"Erh\u00fcrman, s\u0131n\u0131r kap\u0131s\u0131nda m\u00fclkiyetle ilgili yap\u0131lan tutuklamalar\u0131 de\u011ferlendirdi\",\"datePublished\":\"2024-06-22T20:10:50+00:00\",\"mainEntityOfPage\":{\"@id\":\"https:\\\/\\\/kibrisdakik.com\\\/?p=46928\"},\"wordCount\":347,\"commentCount\":0,\"image\":{\"@id\":\"https:\\\/\\\/kibrisdakik.com\\\/?p=46928#primaryimage\"},\"thumbnailUrl\":\"https:\\\/\\\/kibrisdakik.com\\\/wp-content\\\/uploads\\\/2024\\\/06\\\/erhurman-232-740x420.jpg\",\"articleSection\":[\"G\u00fcndem\"],\"inLanguage\":\"tr\",\"potentialAction\":[{\"@type\":\"CommentAction\",\"name\":\"Comment\",\"target\":[\"https:\\\/\\\/kibrisdakik.com\\\/?p=46928#respond\"]}]},{\"@type\":\"WebPage\",\"@id\":\"https:\\\/\\\/kibrisdakik.com\\\/?p=46928\",\"url\":\"https:\\\/\\\/kibrisdakik.com\\\/?p=46928\",\"name\":\"Erh\u00fcrman, s\u0131n\u0131r kap\u0131s\u0131nda m\u00fclkiyetle ilgili yap\u0131lan tutuklamalar\u0131 de\u011ferlendirdi -\",\"isPartOf\":{\"@id\":\"https:\\\/\\\/kibrisdakik.com\\\/#website\"},\"primaryImageOfPage\":{\"@id\":\"https:\\\/\\\/kibrisdakik.com\\\/?p=46928#primaryimage\"},\"image\":{\"@id\":\"https:\\\/\\\/kibrisdakik.com\\\/?p=46928#primaryimage\"},\"thumbnailUrl\":\"https:\\\/\\\/kibrisdakik.com\\\/wp-content\\\/uploads\\\/2024\\\/06\\\/erhurman-232-740x420.jpg\",\"datePublished\":\"2024-06-22T20:10:50+00:00\",\"author\":{\"@id\":\"https:\\\/\\\/kibrisdakik.com\\\/#\\\/schema\\\/person\\\/9cd9d437bbb44f72b73ba127e06d8e79\"},\"breadcrumb\":{\"@id\":\"https:\\\/\\\/kibrisdakik.com\\\/?p=46928#breadcrumb\"},\"inLanguage\":\"tr\",\"potentialAction\":[{\"@type\":\"ReadAction\",\"target\":[\"https:\\\/\\\/kibrisdakik.com\\\/?p=46928\"]}]},{\"@type\":\"ImageObject\",\"inLanguage\":\"tr\",\"@id\":\"https:\\\/\\\/kibrisdakik.com\\\/?p=46928#primaryimage\",\"url\":\"https:\\\/\\\/kibrisdakik.com\\\/wp-content\\\/uploads\\\/2024\\\/06\\\/erhurman-232-740x420.jpg\",\"contentUrl\":\"https:\\\/\\\/kibrisdakik.com\\\/wp-content\\\/uploads\\\/2024\\\/06\\\/erhurman-232-740x420.jpg\",\"width\":2480,\"height\":1656},{\"@type\":\"BreadcrumbList\",\"@id\":\"https:\\\/\\\/kibrisdakik.com\\\/?p=46928#breadcrumb\",\"itemListElement\":[{\"@type\":\"ListItem\",\"position\":1,\"name\":\"Home\",\"item\":\"https:\\\/\\\/kibrisdakik.com\\\/\"},{\"@type\":\"ListItem\",\"position\":2,\"name\":\"Erh\u00fcrman, s\u0131n\u0131r kap\u0131s\u0131nda m\u00fclkiyetle ilgili yap\u0131lan tutuklamalar\u0131 de\u011ferlendirdi\"}]},{\"@type\":\"WebSite\",\"@id\":\"https:\\\/\\\/kibrisdakik.com\\\/#website\",\"url\":\"https:\\\/\\\/kibrisdakik.com\\\/\",\"name\":\"\",\"description\":\"Tam vaktinde haber\",\"potentialAction\":[{\"@type\":\"SearchAction\",\"target\":{\"@type\":\"EntryPoint\",\"urlTemplate\":\"https:\\\/\\\/kibrisdakik.com\\\/?s={search_term_string}\"},\"query-input\":{\"@type\":\"PropertyValueSpecification\",\"valueRequired\":true,\"valueName\":\"search_term_string\"}}],\"inLanguage\":\"tr\"},{\"@type\":\"Person\",\"@id\":\"https:\\\/\\\/kibrisdakik.com\\\/#\\\/schema\\\/person\\\/9cd9d437bbb44f72b73ba127e06d8e79\",\"name\":\"admin\",\"image\":{\"@type\":\"ImageObject\",\"inLanguage\":\"tr\",\"@id\":\"https:\\\/\\\/secure.gravatar.com\\\/avatar\\\/ccc17943b9d660506c869530f897617f7cb1c21a4bf30023f252596d83e1f007?s=96&d=mm&r=g\",\"url\":\"https:\\\/\\\/secure.gravatar.com\\\/avatar\\\/ccc17943b9d660506c869530f897617f7cb1c21a4bf30023f252596d83e1f007?s=96&d=mm&r=g\",\"contentUrl\":\"https:\\\/\\\/secure.gravatar.com\\\/avatar\\\/ccc17943b9d660506c869530f897617f7cb1c21a4bf30023f252596d83e1f007?s=96&d=mm&r=g\",\"caption\":\"admin\"},\"sameAs\":[\"https:\\\/\\\/kibrisdakik.com\"],\"url\":\"https:\\\/\\\/kibrisdakik.com\\\/?author=1\"}]}<\/script>\n<!-- \/ Yoast SEO plugin. -->","yoast_head_json":{"title":"Erh\u00fcrman, s\u0131n\u0131r kap\u0131s\u0131nda m\u00fclkiyetle ilgili yap\u0131lan tutuklamalar\u0131 de\u011ferlendirdi -","robots":{"index":"index","follow":"follow","max-snippet":"max-snippet:-1","max-image-preview":"max-image-preview:large","max-video-preview":"max-video-preview:-1"},"canonical":"https:\/\/kibrisdakik.com\/?p=46928","og_locale":"tr_TR","og_type":"article","og_title":"Erh\u00fcrman, s\u0131n\u0131r kap\u0131s\u0131nda m\u00fclkiyetle ilgili yap\u0131lan tutuklamalar\u0131 de\u011ferlendirdi -","og_description":"Ana muhalefet Cumhuriyet\u00e7i T\u00fcrk Partisi Genel Ba\u015fkan\u0131 Tufan Erh\u00fcrman, son g\u00fcnlerde s\u0131n\u0131r kap\u0131s\u0131nda m\u00fclkiyetle ilgili yap\u0131lan tutuklamalara i\u015faret ederek\u201cBelli ki G\u00fcney K\u0131br\u0131s Rum Y\u00f6netimi yine \u201cemsal davalar\u201d yaratarak, hukuku ve m\u00fclkiyet sorununu siyasi ama\u00e7lara y\u00f6nelik ara\u00e7lara d\u00f6n\u00fc\u015ft\u00fcrme karar\u0131 verdi\u201d dedi. Erh\u00fcrman, \u201cGe\u00e7 kal\u0131nmadan, konu ciddiyetle ele al\u0131nmal\u0131\u201d diye ekledi. Ana muhalefet Cumhuriyet\u00e7i T\u00fcrk Partisi Genel","og_url":"https:\/\/kibrisdakik.com\/?p=46928","article_published_time":"2024-06-22T20:10:50+00:00","og_image":[{"width":2480,"height":1656,"url":"https:\/\/kibrisdakik.com\/wp-content\/uploads\/2024\/06\/erhurman-232-740x420.jpg","type":"image\/jpeg"}],"author":"admin","twitter_card":"summary_large_image","twitter_misc":{"Yazan:":"admin","Tahmini okuma s\u00fcresi":"2 dakika"},"schema":{"@context":"https:\/\/schema.org","@graph":[{"@type":"Article","@id":"https:\/\/kibrisdakik.com\/?p=46928#article","isPartOf":{"@id":"https:\/\/kibrisdakik.com\/?p=46928"},"author":{"name":"admin","@id":"https:\/\/kibrisdakik.com\/#\/schema\/person\/9cd9d437bbb44f72b73ba127e06d8e79"},"headline":"Erh\u00fcrman, s\u0131n\u0131r kap\u0131s\u0131nda m\u00fclkiyetle ilgili yap\u0131lan tutuklamalar\u0131 de\u011ferlendirdi","datePublished":"2024-06-22T20:10:50+00:00","mainEntityOfPage":{"@id":"https:\/\/kibrisdakik.com\/?p=46928"},"wordCount":347,"commentCount":0,"image":{"@id":"https:\/\/kibrisdakik.com\/?p=46928#primaryimage"},"thumbnailUrl":"https:\/\/kibrisdakik.com\/wp-content\/uploads\/2024\/06\/erhurman-232-740x420.jpg","articleSection":["G\u00fcndem"],"inLanguage":"tr","potentialAction":[{"@type":"CommentAction","name":"Comment","target":["https:\/\/kibrisdakik.com\/?p=46928#respond"]}]},{"@type":"WebPage","@id":"https:\/\/kibrisdakik.com\/?p=46928","url":"https:\/\/kibrisdakik.com\/?p=46928","name":"Erh\u00fcrman, s\u0131n\u0131r kap\u0131s\u0131nda m\u00fclkiyetle ilgili yap\u0131lan tutuklamalar\u0131 de\u011ferlendirdi -","isPartOf":{"@id":"https:\/\/kibrisdakik.com\/#website"},"primaryImageOfPage":{"@id":"https:\/\/kibrisdakik.com\/?p=46928#primaryimage"},"image":{"@id":"https:\/\/kibrisdakik.com\/?p=46928#primaryimage"},"thumbnailUrl":"https:\/\/kibrisdakik.com\/wp-content\/uploads\/2024\/06\/erhurman-232-740x420.jpg","datePublished":"2024-06-22T20:10:50+00:00","author":{"@id":"https:\/\/kibrisdakik.com\/#\/schema\/person\/9cd9d437bbb44f72b73ba127e06d8e79"},"breadcrumb":{"@id":"https:\/\/kibrisdakik.com\/?p=46928#breadcrumb"},"inLanguage":"tr","potentialAction":[{"@type":"ReadAction","target":["https:\/\/kibrisdakik.com\/?p=46928"]}]},{"@type":"ImageObject","inLanguage":"tr","@id":"https:\/\/kibrisdakik.com\/?p=46928#primaryimage","url":"https:\/\/kibrisdakik.com\/wp-content\/uploads\/2024\/06\/erhurman-232-740x420.jpg","contentUrl":"https:\/\/kibrisdakik.com\/wp-content\/uploads\/2024\/06\/erhurman-232-740x420.jpg","width":2480,"height":1656},{"@type":"BreadcrumbList","@id":"https:\/\/kibrisdakik.com\/?p=46928#breadcrumb","itemListElement":[{"@type":"ListItem","position":1,"name":"Home","item":"https:\/\/kibrisdakik.com\/"},{"@type":"ListItem","position":2,"name":"Erh\u00fcrman, s\u0131n\u0131r kap\u0131s\u0131nda m\u00fclkiyetle ilgili yap\u0131lan tutuklamalar\u0131 de\u011ferlendirdi"}]},{"@type":"WebSite","@id":"https:\/\/kibrisdakik.com\/#website","url":"https:\/\/kibrisdakik.com\/","name":"","description":"Tam vaktinde haber","potentialAction":[{"@type":"SearchAction","target":{"@type":"EntryPoint","urlTemplate":"https:\/\/kibrisdakik.com\/?s={search_term_string}"},"query-input":{"@type":"PropertyValueSpecification","valueRequired":true,"valueName":"search_term_string"}}],"inLanguage":"tr"},{"@type":"Person","@id":"https:\/\/kibrisdakik.com\/#\/schema\/person\/9cd9d437bbb44f72b73ba127e06d8e79","name":"admin","image":{"@type":"ImageObject","inLanguage":"tr","@id":"https:\/\/secure.gravatar.com\/avatar\/ccc17943b9d660506c869530f897617f7cb1c21a4bf30023f252596d83e1f007?s=96&d=mm&r=g","url":"https:\/\/secure.gravatar.com\/avatar\/ccc17943b9d660506c869530f897617f7cb1c21a4bf30023f252596d83e1f007?s=96&d=mm&r=g","contentUrl":"https:\/\/secure.gravatar.com\/avatar\/ccc17943b9d660506c869530f897617f7cb1c21a4bf30023f252596d83e1f007?s=96&d=mm&r=g","caption":"admin"},"sameAs":["https:\/\/kibrisdakik.com"],"url":"https:\/\/kibrisdakik.com\/?author=1"}]}},"_links":{"self":[{"href":"https:\/\/kibrisdakik.com\/index.php?rest_route=\/wp\/v2\/posts\/46928","targetHints":{"allow":["GET"]}}],"collection":[{"href":"https:\/\/kibrisdakik.com\/index.php?rest_route=\/wp\/v2\/posts"}],"about":[{"href":"https:\/\/kibrisdakik.com\/index.php?rest_route=\/wp\/v2\/types\/post"}],"author":[{"embeddable":true,"href":"https:\/\/kibrisdakik.com\/index.php?rest_route=\/wp\/v2\/users\/1"}],"replies":[{"embeddable":true,"href":"https:\/\/kibrisdakik.com\/index.php?rest_route=%2Fwp%2Fv2%2Fcomments&post=46928"}],"version-history":[{"count":0,"href":"https:\/\/kibrisdakik.com\/index.php?rest_route=\/wp\/v2\/posts\/46928\/revisions"}],"wp:featuredmedia":[{"embeddable":true,"href":"https:\/\/kibrisdakik.com\/index.php?rest_route=\/wp\/v2\/media\/46929"}],"wp:attachment":[{"href":"https:\/\/kibrisdakik.com\/index.php?rest_route=%2Fwp%2Fv2%2Fmedia&parent=46928"}],"wp:term":[{"taxonomy":"category","embeddable":true,"href":"https:\/\/kibrisdakik.com\/index.php?rest_route=%2Fwp%2Fv2%2Fcategories&post=46928"},{"taxonomy":"post_tag","embeddable":true,"href":"https:\/\/kibrisdakik.com\/index.php?rest_route=%2Fwp%2Fv2%2Ftags&post=46928"}],"curies":[{"name":"wp","href":"https:\/\/api.w.org\/{rel}","templated":true}]}}