{"id":47118,"date":"2024-06-24T09:55:11","date_gmt":"2024-06-24T09:55:11","guid":{"rendered":"https:\/\/kibrisdakik.com\/index.php\/2024\/06\/24\/tbmm-komisyonu-baskani-ozer-ve-heyeti-yarin-kktcye-geliyor\/"},"modified":"2024-06-24T09:55:11","modified_gmt":"2024-06-24T09:55:11","slug":"tbmm-komisyonu-baskani-ozer-ve-heyeti-yarin-kktcye-geliyor","status":"publish","type":"post","link":"https:\/\/kibrisdakik.com\/?p=47118","title":{"rendered":"TBMM Komisyonu Ba\u015fkan\u0131 \u00d6zer ve heyeti yar\u0131n KKTC\u2019ye geliyor"},"content":{"rendered":"<p><\/p>\n<div>\n<div class=\"mariselle-image-container center\">\n                <img loading=\"lazy\" decoding=\"async\" width=\"864\" height=\"486\" class=\"lazy-image\" alt=\"\" sizes=\"auto, (max-width: 864px) 100vw, 864px\" src=\"https:\/\/brtk.net\/wp-content\/uploads\/2024\/06\/24\/tbmm-ziyaret-.jpg?ver=8b3fa82b4b80f9c69b822d1a9ed54cf0\" srcset=\"https:\/\/brtk.net\/wp-content\/uploads\/2024\/06\/24\/tbmm-ziyaret-.jpg?ver=8b3fa82b4b80f9c69b822d1a9ed54cf0 864w, https:\/\/brtk.net\/wp-content\/uploads\/2024\/06\/24\/tbmm-ziyaret--300x169.jpg?ver=1cb58cf26e7ebfc102d78bba38898a59 300w, https:\/\/brtk.net\/wp-content\/uploads\/2024\/06\/24\/tbmm-ziyaret--768x432.jpg?ver=1cb58cf26e7ebfc102d78bba38898a59 768w\"\/>                            <\/div>\n<p>TBMM Milli E\u011fitim, K\u00fclt\u00fcr, Gen\u00e7lik ve Spor Komisyonu Ba\u015fkan\u0131 Mahmut \u00d6zer ve beraberindeki heyet, resmi temaslarda bulunmak \u00fczere yar\u0131n <a href=\"https:\/\/brtk.net\/\">KKTC<\/a>\u2019ye gelecek.<\/p>\n<p>TBMM Milli E\u011fitim, K\u00fclt\u00fcr, Gen\u00e7lik ve Spor Komisyonu ile <a href=\"https:\/\/brtk.net\/\">KKTC<\/a> Cumhuriyet Meclisi \u0130dari, Kamu ve Sa\u011fl\u0131k \u0130\u015fleri Komitesinin \u00c7al\u0131\u015fma Toplant\u0131s\u0131na kat\u0131lacak olan \u00d6zer, \u00fc\u00e7 g\u00fcn s\u00fcrecek ziyareti \u00e7er\u00e7evesinde \u00e7e\u015fitli g\u00f6r\u00fc\u015fme ve ziyaretlerde de bulunacak.<\/p>\n<p>\u00d6zer ve beraberindeki heyet yar\u0131n Cumhurba\u015fkan\u0131 <a href=\"https:\/\/brtk.net\/\" target=\"_blank\" rel=\"noopener\">Ersin Tatar<\/a>, Meclis Ba\u015fkan\u0131 Zorlu T\u00f6re, Ba\u015fbakan Yard\u0131mc\u0131s\u0131, Turizm, K\u00fclt\u00fcr, Gen\u00e7lik ve \u00c7evre Bakan\u0131 Fikri Atao\u011flu\u2019nu ziyaret edecek, heyet, \u00e7ar\u015famba g\u00fcn\u00fc ise Gazima\u011fusa\u2019da T\u00fcrk Maarif Vakf\u0131 -Samtay Vakf\u0131 Suna Ata Atun \u0130lk\u00f6\u011fretim Okulu, Do\u011fu Akdeniz \u00dcniversitesi ve Kapal\u0131 Mara\u015f olmak \u00fczere ziyaretler yapacak.<\/p>\n<p>Ziyaretinin son g\u00fcn olan per\u015fembe g\u00fcn\u00fc Ba\u015fbakan \u00dcnal \u00dcstel taraf\u0131ndan kabul edilmesi beklenen \u00d6zer ve beraberindeki heyet, Milli E\u011fitim Bakan\u0131 Naz\u0131m \u00c7avu\u015fo\u011flu taraf\u0131ndan kabul edilecek.<\/p>\n<\/p><\/div>\n<p><script async\n                    defer\n                    crossorigin=\"anonymous\"\n                    src=\"https:\/\/connect.facebook.net\/tr_TR\/sdk.js#xfbml=1&#038;version=v3.3\"\n            ><\/script><\/p>\n","protected":false},"excerpt":{"rendered":"<p>TBMM Milli E\u011fitim, K\u00fclt\u00fcr, Gen\u00e7lik ve Spor Komisyonu Ba\u015fkan\u0131 Mahmut \u00d6zer ve beraberindeki heyet, resmi temaslarda bulunmak \u00fczere yar\u0131n KKTC\u2019ye gelecek. TBMM Milli E\u011fitim, K\u00fclt\u00fcr, Gen\u00e7lik ve Spor Komisyonu ile KKTC Cumhuriyet Meclisi \u0130dari, Kamu ve Sa\u011fl\u0131k \u0130\u015fleri Komitesinin \u00c7al\u0131\u015fma Toplant\u0131s\u0131na kat\u0131lacak olan \u00d6zer, \u00fc\u00e7 g\u00fcn s\u00fcrecek ziyareti \u00e7er\u00e7evesinde \u00e7e\u015fitli g\u00f6r\u00fc\u015fme ve ziyaretlerde de bulunacak.<\/p>\n","protected":false},"author":1,"featured_media":47119,"comment_status":"open","ping_status":"open","sticky":false,"template":"","format":"standard","meta":{"footnotes":""},"categories":[1],"tags":[],"class_list":["post-47118","post","type-post","status-publish","format-standard","has-post-thumbnail","hentry","category-gundem"],"yoast_head":"<!-- This site is optimized with the Yoast SEO plugin v27.5 - https:\/\/yoast.com\/product\/yoast-seo-wordpress\/ -->\n<title>TBMM Komisyonu Ba\u015fkan\u0131 \u00d6zer ve heyeti yar\u0131n KKTC\u2019ye geliyor -<\/title>\n<meta name=\"robots\" content=\"index, follow, max-snippet:-1, max-image-preview:large, max-video-preview:-1\" \/>\n<link rel=\"canonical\" href=\"https:\/\/kibrisdakik.com\/?p=47118\" \/>\n<meta property=\"og:locale\" content=\"tr_TR\" \/>\n<meta property=\"og:type\" content=\"article\" \/>\n<meta property=\"og:title\" content=\"TBMM Komisyonu Ba\u015fkan\u0131 \u00d6zer ve heyeti yar\u0131n KKTC\u2019ye geliyor -\" \/>\n<meta property=\"og:description\" content=\"TBMM Milli E\u011fitim, K\u00fclt\u00fcr, Gen\u00e7lik ve Spor Komisyonu Ba\u015fkan\u0131 Mahmut \u00d6zer ve beraberindeki heyet, resmi temaslarda bulunmak \u00fczere yar\u0131n KKTC\u2019ye gelecek. TBMM Milli E\u011fitim, K\u00fclt\u00fcr, Gen\u00e7lik ve Spor Komisyonu ile KKTC Cumhuriyet Meclisi \u0130dari, Kamu ve Sa\u011fl\u0131k \u0130\u015fleri Komitesinin \u00c7al\u0131\u015fma Toplant\u0131s\u0131na kat\u0131lacak olan \u00d6zer, \u00fc\u00e7 g\u00fcn s\u00fcrecek ziyareti \u00e7er\u00e7evesinde \u00e7e\u015fitli g\u00f6r\u00fc\u015fme ve ziyaretlerde de bulunacak.\" \/>\n<meta property=\"og:url\" content=\"https:\/\/kibrisdakik.com\/?p=47118\" \/>\n<meta property=\"article:published_time\" content=\"2024-06-24T09:55:11+00:00\" \/>\n<meta property=\"og:image\" content=\"https:\/\/kibrisdakik.com\/wp-content\/uploads\/2024\/06\/tbmm-ziyaret--740x420.jpg\" \/>\n\t<meta property=\"og:image:width\" content=\"864\" \/>\n\t<meta property=\"og:image:height\" content=\"486\" \/>\n\t<meta property=\"og:image:type\" content=\"image\/jpeg\" \/>\n<meta name=\"author\" content=\"admin\" \/>\n<meta name=\"twitter:card\" content=\"summary_large_image\" \/>\n<meta name=\"twitter:label1\" content=\"Yazan:\" \/>\n\t<meta name=\"twitter:data1\" content=\"admin\" \/>\n\t<meta name=\"twitter:label2\" content=\"Tahmini okuma s\u00fcresi\" \/>\n\t<meta name=\"twitter:data2\" content=\"1 dakika\" \/>\n<script type=\"application\/ld+json\" class=\"yoast-schema-graph\">{\"@context\":\"https:\\\/\\\/schema.org\",\"@graph\":[{\"@type\":\"Article\",\"@id\":\"https:\\\/\\\/kibrisdakik.com\\\/?p=47118#article\",\"isPartOf\":{\"@id\":\"https:\\\/\\\/kibrisdakik.com\\\/?p=47118\"},\"author\":{\"name\":\"admin\",\"@id\":\"https:\\\/\\\/kibrisdakik.com\\\/#\\\/schema\\\/person\\\/9cd9d437bbb44f72b73ba127e06d8e79\"},\"headline\":\"TBMM Komisyonu Ba\u015fkan\u0131 \u00d6zer ve heyeti yar\u0131n KKTC\u2019ye geliyor\",\"datePublished\":\"2024-06-24T09:55:11+00:00\",\"mainEntityOfPage\":{\"@id\":\"https:\\\/\\\/kibrisdakik.com\\\/?p=47118\"},\"wordCount\":192,\"commentCount\":0,\"image\":{\"@id\":\"https:\\\/\\\/kibrisdakik.com\\\/?p=47118#primaryimage\"},\"thumbnailUrl\":\"https:\\\/\\\/kibrisdakik.com\\\/wp-content\\\/uploads\\\/2024\\\/06\\\/tbmm-ziyaret--740x420.jpg\",\"articleSection\":[\"G\u00fcndem\"],\"inLanguage\":\"tr\",\"potentialAction\":[{\"@type\":\"CommentAction\",\"name\":\"Comment\",\"target\":[\"https:\\\/\\\/kibrisdakik.com\\\/?p=47118#respond\"]}]},{\"@type\":\"WebPage\",\"@id\":\"https:\\\/\\\/kibrisdakik.com\\\/?p=47118\",\"url\":\"https:\\\/\\\/kibrisdakik.com\\\/?p=47118\",\"name\":\"TBMM Komisyonu Ba\u015fkan\u0131 \u00d6zer ve heyeti yar\u0131n KKTC\u2019ye geliyor -\",\"isPartOf\":{\"@id\":\"https:\\\/\\\/kibrisdakik.com\\\/#website\"},\"primaryImageOfPage\":{\"@id\":\"https:\\\/\\\/kibrisdakik.com\\\/?p=47118#primaryimage\"},\"image\":{\"@id\":\"https:\\\/\\\/kibrisdakik.com\\\/?p=47118#primaryimage\"},\"thumbnailUrl\":\"https:\\\/\\\/kibrisdakik.com\\\/wp-content\\\/uploads\\\/2024\\\/06\\\/tbmm-ziyaret--740x420.jpg\",\"datePublished\":\"2024-06-24T09:55:11+00:00\",\"author\":{\"@id\":\"https:\\\/\\\/kibrisdakik.com\\\/#\\\/schema\\\/person\\\/9cd9d437bbb44f72b73ba127e06d8e79\"},\"breadcrumb\":{\"@id\":\"https:\\\/\\\/kibrisdakik.com\\\/?p=47118#breadcrumb\"},\"inLanguage\":\"tr\",\"potentialAction\":[{\"@type\":\"ReadAction\",\"target\":[\"https:\\\/\\\/kibrisdakik.com\\\/?p=47118\"]}]},{\"@type\":\"ImageObject\",\"inLanguage\":\"tr\",\"@id\":\"https:\\\/\\\/kibrisdakik.com\\\/?p=47118#primaryimage\",\"url\":\"https:\\\/\\\/kibrisdakik.com\\\/wp-content\\\/uploads\\\/2024\\\/06\\\/tbmm-ziyaret--740x420.jpg\",\"contentUrl\":\"https:\\\/\\\/kibrisdakik.com\\\/wp-content\\\/uploads\\\/2024\\\/06\\\/tbmm-ziyaret--740x420.jpg\",\"width\":864,\"height\":486},{\"@type\":\"BreadcrumbList\",\"@id\":\"https:\\\/\\\/kibrisdakik.com\\\/?p=47118#breadcrumb\",\"itemListElement\":[{\"@type\":\"ListItem\",\"position\":1,\"name\":\"Home\",\"item\":\"https:\\\/\\\/kibrisdakik.com\\\/\"},{\"@type\":\"ListItem\",\"position\":2,\"name\":\"TBMM Komisyonu Ba\u015fkan\u0131 \u00d6zer ve heyeti yar\u0131n KKTC\u2019ye geliyor\"}]},{\"@type\":\"WebSite\",\"@id\":\"https:\\\/\\\/kibrisdakik.com\\\/#website\",\"url\":\"https:\\\/\\\/kibrisdakik.com\\\/\",\"name\":\"\",\"description\":\"Tam vaktinde haber\",\"potentialAction\":[{\"@type\":\"SearchAction\",\"target\":{\"@type\":\"EntryPoint\",\"urlTemplate\":\"https:\\\/\\\/kibrisdakik.com\\\/?s={search_term_string}\"},\"query-input\":{\"@type\":\"PropertyValueSpecification\",\"valueRequired\":true,\"valueName\":\"search_term_string\"}}],\"inLanguage\":\"tr\"},{\"@type\":\"Person\",\"@id\":\"https:\\\/\\\/kibrisdakik.com\\\/#\\\/schema\\\/person\\\/9cd9d437bbb44f72b73ba127e06d8e79\",\"name\":\"admin\",\"image\":{\"@type\":\"ImageObject\",\"inLanguage\":\"tr\",\"@id\":\"https:\\\/\\\/secure.gravatar.com\\\/avatar\\\/ccc17943b9d660506c869530f897617f7cb1c21a4bf30023f252596d83e1f007?s=96&d=mm&r=g\",\"url\":\"https:\\\/\\\/secure.gravatar.com\\\/avatar\\\/ccc17943b9d660506c869530f897617f7cb1c21a4bf30023f252596d83e1f007?s=96&d=mm&r=g\",\"contentUrl\":\"https:\\\/\\\/secure.gravatar.com\\\/avatar\\\/ccc17943b9d660506c869530f897617f7cb1c21a4bf30023f252596d83e1f007?s=96&d=mm&r=g\",\"caption\":\"admin\"},\"sameAs\":[\"https:\\\/\\\/kibrisdakik.com\"],\"url\":\"https:\\\/\\\/kibrisdakik.com\\\/?author=1\"}]}<\/script>\n<!-- \/ Yoast SEO plugin. -->","yoast_head_json":{"title":"TBMM Komisyonu Ba\u015fkan\u0131 \u00d6zer ve heyeti yar\u0131n KKTC\u2019ye geliyor -","robots":{"index":"index","follow":"follow","max-snippet":"max-snippet:-1","max-image-preview":"max-image-preview:large","max-video-preview":"max-video-preview:-1"},"canonical":"https:\/\/kibrisdakik.com\/?p=47118","og_locale":"tr_TR","og_type":"article","og_title":"TBMM Komisyonu Ba\u015fkan\u0131 \u00d6zer ve heyeti yar\u0131n KKTC\u2019ye geliyor -","og_description":"TBMM Milli E\u011fitim, K\u00fclt\u00fcr, Gen\u00e7lik ve Spor Komisyonu Ba\u015fkan\u0131 Mahmut \u00d6zer ve beraberindeki heyet, resmi temaslarda bulunmak \u00fczere yar\u0131n KKTC\u2019ye gelecek. TBMM Milli E\u011fitim, K\u00fclt\u00fcr, Gen\u00e7lik ve Spor Komisyonu ile KKTC Cumhuriyet Meclisi \u0130dari, Kamu ve Sa\u011fl\u0131k \u0130\u015fleri Komitesinin \u00c7al\u0131\u015fma Toplant\u0131s\u0131na kat\u0131lacak olan \u00d6zer, \u00fc\u00e7 g\u00fcn s\u00fcrecek ziyareti \u00e7er\u00e7evesinde \u00e7e\u015fitli g\u00f6r\u00fc\u015fme ve ziyaretlerde de bulunacak.","og_url":"https:\/\/kibrisdakik.com\/?p=47118","article_published_time":"2024-06-24T09:55:11+00:00","og_image":[{"width":864,"height":486,"url":"https:\/\/kibrisdakik.com\/wp-content\/uploads\/2024\/06\/tbmm-ziyaret--740x420.jpg","type":"image\/jpeg"}],"author":"admin","twitter_card":"summary_large_image","twitter_misc":{"Yazan:":"admin","Tahmini okuma s\u00fcresi":"1 dakika"},"schema":{"@context":"https:\/\/schema.org","@graph":[{"@type":"Article","@id":"https:\/\/kibrisdakik.com\/?p=47118#article","isPartOf":{"@id":"https:\/\/kibrisdakik.com\/?p=47118"},"author":{"name":"admin","@id":"https:\/\/kibrisdakik.com\/#\/schema\/person\/9cd9d437bbb44f72b73ba127e06d8e79"},"headline":"TBMM Komisyonu Ba\u015fkan\u0131 \u00d6zer ve heyeti yar\u0131n KKTC\u2019ye geliyor","datePublished":"2024-06-24T09:55:11+00:00","mainEntityOfPage":{"@id":"https:\/\/kibrisdakik.com\/?p=47118"},"wordCount":192,"commentCount":0,"image":{"@id":"https:\/\/kibrisdakik.com\/?p=47118#primaryimage"},"thumbnailUrl":"https:\/\/kibrisdakik.com\/wp-content\/uploads\/2024\/06\/tbmm-ziyaret--740x420.jpg","articleSection":["G\u00fcndem"],"inLanguage":"tr","potentialAction":[{"@type":"CommentAction","name":"Comment","target":["https:\/\/kibrisdakik.com\/?p=47118#respond"]}]},{"@type":"WebPage","@id":"https:\/\/kibrisdakik.com\/?p=47118","url":"https:\/\/kibrisdakik.com\/?p=47118","name":"TBMM Komisyonu Ba\u015fkan\u0131 \u00d6zer ve heyeti yar\u0131n KKTC\u2019ye geliyor -","isPartOf":{"@id":"https:\/\/kibrisdakik.com\/#website"},"primaryImageOfPage":{"@id":"https:\/\/kibrisdakik.com\/?p=47118#primaryimage"},"image":{"@id":"https:\/\/kibrisdakik.com\/?p=47118#primaryimage"},"thumbnailUrl":"https:\/\/kibrisdakik.com\/wp-content\/uploads\/2024\/06\/tbmm-ziyaret--740x420.jpg","datePublished":"2024-06-24T09:55:11+00:00","author":{"@id":"https:\/\/kibrisdakik.com\/#\/schema\/person\/9cd9d437bbb44f72b73ba127e06d8e79"},"breadcrumb":{"@id":"https:\/\/kibrisdakik.com\/?p=47118#breadcrumb"},"inLanguage":"tr","potentialAction":[{"@type":"ReadAction","target":["https:\/\/kibrisdakik.com\/?p=47118"]}]},{"@type":"ImageObject","inLanguage":"tr","@id":"https:\/\/kibrisdakik.com\/?p=47118#primaryimage","url":"https:\/\/kibrisdakik.com\/wp-content\/uploads\/2024\/06\/tbmm-ziyaret--740x420.jpg","contentUrl":"https:\/\/kibrisdakik.com\/wp-content\/uploads\/2024\/06\/tbmm-ziyaret--740x420.jpg","width":864,"height":486},{"@type":"BreadcrumbList","@id":"https:\/\/kibrisdakik.com\/?p=47118#breadcrumb","itemListElement":[{"@type":"ListItem","position":1,"name":"Home","item":"https:\/\/kibrisdakik.com\/"},{"@type":"ListItem","position":2,"name":"TBMM Komisyonu Ba\u015fkan\u0131 \u00d6zer ve heyeti yar\u0131n KKTC\u2019ye geliyor"}]},{"@type":"WebSite","@id":"https:\/\/kibrisdakik.com\/#website","url":"https:\/\/kibrisdakik.com\/","name":"","description":"Tam vaktinde haber","potentialAction":[{"@type":"SearchAction","target":{"@type":"EntryPoint","urlTemplate":"https:\/\/kibrisdakik.com\/?s={search_term_string}"},"query-input":{"@type":"PropertyValueSpecification","valueRequired":true,"valueName":"search_term_string"}}],"inLanguage":"tr"},{"@type":"Person","@id":"https:\/\/kibrisdakik.com\/#\/schema\/person\/9cd9d437bbb44f72b73ba127e06d8e79","name":"admin","image":{"@type":"ImageObject","inLanguage":"tr","@id":"https:\/\/secure.gravatar.com\/avatar\/ccc17943b9d660506c869530f897617f7cb1c21a4bf30023f252596d83e1f007?s=96&d=mm&r=g","url":"https:\/\/secure.gravatar.com\/avatar\/ccc17943b9d660506c869530f897617f7cb1c21a4bf30023f252596d83e1f007?s=96&d=mm&r=g","contentUrl":"https:\/\/secure.gravatar.com\/avatar\/ccc17943b9d660506c869530f897617f7cb1c21a4bf30023f252596d83e1f007?s=96&d=mm&r=g","caption":"admin"},"sameAs":["https:\/\/kibrisdakik.com"],"url":"https:\/\/kibrisdakik.com\/?author=1"}]}},"_links":{"self":[{"href":"https:\/\/kibrisdakik.com\/index.php?rest_route=\/wp\/v2\/posts\/47118","targetHints":{"allow":["GET"]}}],"collection":[{"href":"https:\/\/kibrisdakik.com\/index.php?rest_route=\/wp\/v2\/posts"}],"about":[{"href":"https:\/\/kibrisdakik.com\/index.php?rest_route=\/wp\/v2\/types\/post"}],"author":[{"embeddable":true,"href":"https:\/\/kibrisdakik.com\/index.php?rest_route=\/wp\/v2\/users\/1"}],"replies":[{"embeddable":true,"href":"https:\/\/kibrisdakik.com\/index.php?rest_route=%2Fwp%2Fv2%2Fcomments&post=47118"}],"version-history":[{"count":0,"href":"https:\/\/kibrisdakik.com\/index.php?rest_route=\/wp\/v2\/posts\/47118\/revisions"}],"wp:featuredmedia":[{"embeddable":true,"href":"https:\/\/kibrisdakik.com\/index.php?rest_route=\/wp\/v2\/media\/47119"}],"wp:attachment":[{"href":"https:\/\/kibrisdakik.com\/index.php?rest_route=%2Fwp%2Fv2%2Fmedia&parent=47118"}],"wp:term":[{"taxonomy":"category","embeddable":true,"href":"https:\/\/kibrisdakik.com\/index.php?rest_route=%2Fwp%2Fv2%2Fcategories&post=47118"},{"taxonomy":"post_tag","embeddable":true,"href":"https:\/\/kibrisdakik.com\/index.php?rest_route=%2Fwp%2Fv2%2Ftags&post=47118"}],"curies":[{"name":"wp","href":"https:\/\/api.w.org\/{rel}","templated":true}]}}