{"id":47125,"date":"2024-06-24T11:42:17","date_gmt":"2024-06-24T11:42:17","guid":{"rendered":"https:\/\/kibrisdakik.com\/index.php\/2024\/06\/24\/ingilterede-iktidardaki-muhafazakar-parti-milletvekili-smith-kktcye-dogrudan-ucus-cagrisini-yineledi\/"},"modified":"2024-06-24T11:42:17","modified_gmt":"2024-06-24T11:42:17","slug":"ingilterede-iktidardaki-muhafazakar-parti-milletvekili-smith-kktcye-dogrudan-ucus-cagrisini-yineledi","status":"publish","type":"post","link":"https:\/\/kibrisdakik.com\/?p=47125","title":{"rendered":"\u0130ngiltere\u2019de iktidardaki Muhafazakar Parti Milletvekili Smith, KKTC\u2019ye do\u011frudan u\u00e7u\u015f \u00e7a\u011fr\u0131s\u0131n\u0131 yineledi"},"content":{"rendered":"<p><img decoding=\"async\" src=\"https:\/\/www.kibristurk.com\/images\/haberler\/2024\/06\/ingilterede-iktidardaki-muhafazakar-parti-milletvekili-smith-kktcye-dogrudan-ucus-cagrisini-yineledi-1719228158.webp\" \/><\/p>\n<p style=\"text-align:left\"><span style=\"font-size:16px\"><span style=\"font-family:Merriweather,serif !important\"><span style=\"color:#000000\"><span style=\"background-color:#ffffff\">Muhafazakar Parti Milletvekili Iain Duncan Smith, a\u00e7\u0131klamas\u0131nda, K\u0131br\u0131s&#8217;taki mevcut durumun, Chingford ve Woodford Green b\u00f6lgelerindeki se\u00e7menleri olan bir\u00e7ok K\u0131br\u0131sl\u0131 T\u00fcrk i\u00e7in ciddi zorluklar yaratt\u0131\u011f\u0131na i\u015faret etti.<\/span><\/span><\/span><\/span><\/p>\n<p style=\"text-align:left\"><span style=\"font-size:16px\"><span style=\"font-family:Merriweather,serif !important\"><span style=\"color:#000000\"><span style=\"background-color:#ffffff\">T\u00fcrkiye hari\u00e7 t\u00fcm uluslararas\u0131 toplum ile uyumlu olarak Birle\u015fik Krall\u0131\u011f\u0131n Kuzey K\u0131br\u0131s T\u00fcrk Cumhuriyeti&#8217;ni ba\u011f\u0131ms\u0131z bir devlet olarak tan\u0131mad\u0131\u011f\u0131na i\u015faret eden Smith, \u015f\u00f6yle devam etti:<\/span><\/span><\/span><\/span><\/p>\n<p style=\"text-align:left\"><span style=\"font-size:16px\"><span style=\"font-family:Merriweather,serif !important\"><span style=\"color:#000000\"><span style=\"background-color:#ffffff\">\u201cSonu\u00e7 olarak, Kuzey K\u0131br\u0131s uluslararas\u0131 izolasyonla kar\u015f\u0131 kar\u015f\u0131ya kalmakta ve di\u011fer \u00fclkelerden do\u011frudan u\u00e7u\u015flar \u00fczerinde k\u0131s\u0131tlamalar bulunmaktad\u0131r.<\/span><\/span><\/span><\/span><\/p>\n<p style=\"text-align:left\"><span style=\"font-size:16px\"><span style=\"font-family:Merriweather,serif !important\"><span style=\"color:#000000\"><span style=\"background-color:#ffffff\">Bu nedenle, bir s\u00fcredir Kuzey K\u0131br\u0131s&#8217;a do\u011frudan u\u00e7u\u015flar i\u00e7in kampanya y\u00fcr\u00fct\u00fcyorum. \u015eu anda Ercan Havaliman\u0131 (LCEN), Kuzey K\u0131br\u0131s\u2019\u0131n ana merkezi olarak hizmet vermektedir. G\u00fcney K\u0131br\u0131s do\u011frudan u\u00e7u\u015flar\u0131n avantajlar\u0131ndan faydalan\u0131rken, Kuzey K\u0131br\u0131s sadece bir veya iki duraklamal\u0131 u\u00e7u\u015flar sunabilmekte ve bu da seyahat edenleri rahats\u0131z edici ara duraklara zorlamaktad\u0131r. Do\u011frudan u\u00e7u\u015f \u00e7a\u011fr\u0131m, Kuzey K\u0131br\u0131s&#8217;taki m\u00fclklerini d\u00fczenli olarak ziyaret etmek ve ya\u015fl\u0131 akrabalar\u0131na destek olmak zorunda olan T\u00fcrk-K\u0131br\u0131sl\u0131 k\u00f6kenli se\u00e7menlerim i\u00e7in bir destek niteli\u011findedir.<\/span><\/span><\/span><\/span><\/p>\n<p style=\"text-align:left\"><span style=\"font-size:16px\"><span style=\"font-family:Merriweather,serif !important\"><span style=\"color:#000000\"><span style=\"background-color:#ffffff\">Ben ve bir grup parlamenter taraf\u0131ndan defalarca dile getirilen endi\u015felere ra\u011fmen, Birle\u015fik Krall\u0131k H\u00fck\u00fcmeti\u2019nin do\u011frudan u\u00e7u\u015flar konusundaki tutumu de\u011fi\u015fmemi\u015ftir. Birle\u015fik Krall\u0131k ile Kuzey K\u0131br\u0131s aras\u0131nda do\u011frudan u\u00e7u\u015flar\u0131n yetkilendirilmesi konusunda h\u00e2l\u00e2 bir plan bulunmamaktad\u0131r. Bu konuyu T\u00fcrk-K\u0131br\u0131sl\u0131 se\u00e7menlerim ad\u0131na H\u00fck\u00fcmetle birka\u00e7 kez g\u00fcndeme getirdim. D\u0131\u015fi\u015fleri Bakanl\u0131\u011f\u0131, Ercan Havaliman\u0131&#8217;n\u0131n Uluslararas\u0131 Sivil Havac\u0131l\u0131k \u00d6rg\u00fct\u00fc taraf\u0131ndan uluslararas\u0131 bir havaliman\u0131 olarak tan\u0131nmad\u0131\u011f\u0131n\u0131 ve bu nedenle Birle\u015fik Krall\u0131k H\u00fck\u00fcmeti&#8217;nin Kuzey K\u0131br\u0131s y\u00f6netimiyle bir Hava Hizmetleri Anla\u015fmas\u0131 m\u00fczakere edemedi\u011fini, bu durumun do\u011frudan u\u00e7u\u015flar\u0131n yeniden ba\u015flamas\u0131n\u0131 engelledi\u011fini a\u00e7\u0131klam\u0131\u015ft\u0131r.<\/span><\/span><\/span><\/span><\/p>\n<p style=\"text-align:left\"><span style=\"font-size:16px\"><span style=\"font-family:Merriweather,serif !important\"><span style=\"color:#000000\"><span style=\"background-color:#ffffff\">Anlad\u0131\u011f\u0131m kadar\u0131yla, Ula\u015ft\u0131rma Bakan\u0131&#8217;n\u0131n tavsiyesi \u00fczerine, bir Birle\u015fik Krall\u0131k g\u00fcvenlik \u015firketi Ercan Havaliman\u0131&#8217;n\u0131 incelemi\u015f ve havaliman\u0131n\u0131n Birle\u015fik Krall\u0131k g\u00fcvenlik standartlar\u0131na ula\u015fmas\u0131 i\u00e7in \u00f6nerilerde bulunmu\u015ftur. Ancak, K\u0131br\u0131s Cumhuriyeti&#8217;nin havaliman\u0131n\u0131n gerekli g\u00fcvenlik standard\u0131n\u0131 kar\u015f\u0131lay\u0131p kar\u015f\u0131lamad\u0131\u011f\u0131n\u0131 de\u011ferlendirmek i\u00e7in yap\u0131lan ek denetimlere izin vermemesi hayal k\u0131r\u0131kl\u0131\u011f\u0131 yaratm\u0131\u015ft\u0131r.<\/span><\/span><\/span><\/span><\/p>\n<p style=\"text-align:left\"><span style=\"font-size:16px\"><span style=\"font-family:Merriweather,serif !important\"><span style=\"color:#000000\"><span style=\"background-color:#ffffff\">B\u00f6ylesine adaletsiz ve k\u0131s\u0131tlay\u0131c\u0131 bir seyahat yasa\u011f\u0131n\u0131n sona erdi\u011fini g\u00f6rmek i\u00e7in art\u0131k vakit gelmi\u015ftir. Chingford ve Woodford Green b\u00f6lgesinin bir kez daha Milletvekili olarak se\u00e7ilmem halinde, Birle\u015fik Krall\u0131k ile Kuzey K\u0131br\u0131s aras\u0131nda do\u011frudan u\u00e7u\u015flara izin verilmesi ve K\u0131br\u0131sl\u0131 T\u00fcrklerin uluslararas\u0131 toplumdan daha fazla izole olmalar\u0131n\u0131n \u00f6nlenmesi i\u00e7in H\u00fck\u00fcmete \u00e7a\u011fr\u0131da bulunmaya devam edece\u011fim.\u201d<\/span><\/span><\/span><\/span><\/p>\n<p style=\"text-align:left\"><span style=\"font-size:16px\"><span style=\"font-family:Merriweather,serif !important\"><span style=\"color:#000000\"><span style=\"background-color:#ffffff\">-Ya\u015farata<\/span><\/span><\/span><\/span><\/p>\n<p style=\"text-align:left\"><span style=\"font-size:16px\"><span style=\"font-family:Merriweather,serif !important\"><span style=\"color:#000000\"><span style=\"background-color:#ffffff\">\u00d6te yandan \u0130ngiltere\u2019de 4 Temmuz&#8217;daki genel se\u00e7imler \u00f6ncesi \u0130ngiltere K\u0131br\u0131s T\u00fcrk Ticaret Odas\u0131 Ba\u015fkan\u0131 Dr. Muhammet Ya\u015farata da a\u00e7\u0131klamalarda ve \u00e7a\u011fr\u0131larda bulundu.<\/span><\/span><\/span><\/span><\/p>\n<p style=\"text-align:left\"><span style=\"font-size:16px\"><span style=\"font-family:Merriweather,serif !important\"><span style=\"color:#000000\"><span style=\"background-color:#ffffff\">\u0130ngiltere K\u0131br\u0131s T\u00fcrk Ticaret Odas\u0131 Dr. Ba\u015fkan\u0131 Muhammet Ya\u015farata da, \u201cIain Duncan Smith, K\u0131br\u0131sl\u0131 T\u00fcrk toplumunun sesini duyuran ve ihtiya\u00e7lar\u0131na kar\u015f\u0131 duyarl\u0131 bir milletvekilidir. Kuzey K\u0131br\u0131s\u2019a do\u011frudan u\u00e7u\u015flar i\u00e7in yapt\u0131\u011f\u0131 kampanyay\u0131 y\u00fcrekten destekliyorum. Duncan Smith\u2019in bu konudaki kararl\u0131l\u0131\u011f\u0131, K\u0131br\u0131sl\u0131 T\u00fcrklerin uluslararas\u0131 arenada hak ettikleri konuma ula\u015fmalar\u0131 i\u00e7in \u00e7ok \u00f6nemlidir\u201d ifadelerini kulland\u0131.<\/span><\/span><\/span><\/span><\/p>\n<p style=\"text-align:left\"><span style=\"font-size:16px\"><span style=\"font-family:Merriweather,serif !important\"><span style=\"color:#000000\"><span style=\"background-color:#ffffff\">K\u0131br\u0131sl\u0131 T\u00fcrklerin, uzun y\u0131llard\u0131r izolasyon alt\u0131nda ya\u015fad\u0131\u011f\u0131n\u0131 ve bu durumun ekonomik ve sosyal hayatlar\u0131n\u0131 olumsuz etkiledi\u011fine i\u015faret eden Ya\u015farata, \u015f\u00f6yle devam etti:<\/span><\/span><\/span><\/span><\/p>\n<p style=\"text-align:left\"><span style=\"font-size:16px\"><span style=\"font-family:Merriweather,serif !important\"><span style=\"color:#000000\"><span style=\"background-color:#ffffff\">\u201cDirekt u\u00e7u\u015flar\u0131n sa\u011flanmas\u0131, K\u0131br\u0131sl\u0131 T\u00fcrklerin d\u00fcnya ile daha kolay ve h\u0131zl\u0131 bir \u015fekilde ba\u011flant\u0131 kurmas\u0131n\u0131 sa\u011flayacak, ayn\u0131 zamanda ekonomik geli\u015fime b\u00fcy\u00fck katk\u0131 sunacakt\u0131r.<\/span><\/span><\/span><\/span><\/p>\n<p style=\"text-align:left\"><span style=\"font-size:16px\"><span style=\"font-family:Merriweather,serif !important\"><span style=\"color:#000000\"><span style=\"background-color:#ffffff\">\u0130\u015f d\u00fcnyas\u0131 a\u00e7\u0131s\u0131ndan da do\u011frudan u\u00e7u\u015flar\u0131n sa\u011flanmas\u0131 b\u00fcy\u00fck avantajlar getirecektir. Kuzey K\u0131br\u0131s&#8217;taki i\u015f adamlar\u0131 ve giri\u015fimciler, uluslararas\u0131 pazarlarla daha rahat ili\u015fki kurabilecek, i\u015f hacimlerini art\u0131rabilecek ve yeni f\u0131rsatlar yaratabileceklerdir. Bu nedenle, Iain Duncan Smith\u2019in bu m\u00fccadelesini desteklemek hepimizin g\u00f6revidir.\u201d<\/span><\/span><\/span><\/span><\/p>\n","protected":false},"excerpt":{"rendered":"<p>Muhafazakar Parti Milletvekili Iain Duncan Smith, a\u00e7\u0131klamas\u0131nda, K\u0131br\u0131s&#8217;taki mevcut durumun, Chingford ve Woodford Green b\u00f6lgelerindeki se\u00e7menleri olan bir\u00e7ok K\u0131br\u0131sl\u0131 T\u00fcrk i\u00e7in ciddi zorluklar yaratt\u0131\u011f\u0131na i\u015faret etti. T\u00fcrkiye hari\u00e7 t\u00fcm uluslararas\u0131 toplum ile uyumlu olarak Birle\u015fik Krall\u0131\u011f\u0131n Kuzey K\u0131br\u0131s T\u00fcrk Cumhuriyeti&#8217;ni ba\u011f\u0131ms\u0131z bir devlet olarak tan\u0131mad\u0131\u011f\u0131na i\u015faret eden Smith, \u015f\u00f6yle devam etti: \u201cSonu\u00e7 olarak, Kuzey K\u0131br\u0131s<\/p>\n","protected":false},"author":1,"featured_media":47126,"comment_status":"open","ping_status":"open","sticky":false,"template":"","format":"standard","meta":{"footnotes":""},"categories":[85],"tags":[],"class_list":["post-47125","post","type-post","status-publish","format-standard","has-post-thumbnail","hentry","category-spor"],"yoast_head":"<!-- This site is optimized with the Yoast SEO plugin v27.4 - https:\/\/yoast.com\/product\/yoast-seo-wordpress\/ -->\n<title>\u0130ngiltere\u2019de iktidardaki Muhafazakar Parti Milletvekili Smith, KKTC\u2019ye do\u011frudan u\u00e7u\u015f \u00e7a\u011fr\u0131s\u0131n\u0131 yineledi -<\/title>\n<meta name=\"robots\" content=\"index, follow, max-snippet:-1, max-image-preview:large, max-video-preview:-1\" \/>\n<link rel=\"canonical\" href=\"https:\/\/kibrisdakik.com\/?p=47125\" \/>\n<meta property=\"og:locale\" content=\"tr_TR\" \/>\n<meta property=\"og:type\" content=\"article\" \/>\n<meta property=\"og:title\" content=\"\u0130ngiltere\u2019de iktidardaki Muhafazakar Parti Milletvekili Smith, KKTC\u2019ye do\u011frudan u\u00e7u\u015f \u00e7a\u011fr\u0131s\u0131n\u0131 yineledi -\" \/>\n<meta property=\"og:description\" content=\"Muhafazakar Parti Milletvekili Iain Duncan Smith, a\u00e7\u0131klamas\u0131nda, K\u0131br\u0131s&#8217;taki mevcut durumun, Chingford ve Woodford Green b\u00f6lgelerindeki se\u00e7menleri olan bir\u00e7ok K\u0131br\u0131sl\u0131 T\u00fcrk i\u00e7in ciddi zorluklar yaratt\u0131\u011f\u0131na i\u015faret etti. T\u00fcrkiye hari\u00e7 t\u00fcm uluslararas\u0131 toplum ile uyumlu olarak Birle\u015fik Krall\u0131\u011f\u0131n Kuzey K\u0131br\u0131s T\u00fcrk Cumhuriyeti&#8217;ni ba\u011f\u0131ms\u0131z bir devlet olarak tan\u0131mad\u0131\u011f\u0131na i\u015faret eden Smith, \u015f\u00f6yle devam etti: \u201cSonu\u00e7 olarak, Kuzey K\u0131br\u0131s\" \/>\n<meta property=\"og:url\" content=\"https:\/\/kibrisdakik.com\/?p=47125\" \/>\n<meta property=\"article:published_time\" content=\"2024-06-24T11:42:17+00:00\" \/>\n<meta property=\"og:image\" content=\"https:\/\/kibrisdakik.com\/wp-content\/uploads\/2024\/06\/ingilterede-iktidardaki-muhafazakar-parti-milletvekili-smith-kktcye-dogrudan-ucus-cagrisini-yineledi-1719228158.webp.webp\" \/>\n\t<meta property=\"og:image:width\" content=\"710\" \/>\n\t<meta property=\"og:image:height\" content=\"370\" \/>\n\t<meta property=\"og:image:type\" content=\"image\/webp\" \/>\n<meta name=\"author\" content=\"admin\" \/>\n<meta name=\"twitter:card\" content=\"summary_large_image\" \/>\n<meta name=\"twitter:label1\" content=\"Yazan:\" \/>\n\t<meta name=\"twitter:data1\" content=\"admin\" \/>\n\t<meta name=\"twitter:label2\" content=\"Tahmini okuma s\u00fcresi\" \/>\n\t<meta name=\"twitter:data2\" content=\"4 dakika\" \/>\n<script type=\"application\/ld+json\" class=\"yoast-schema-graph\">{\"@context\":\"https:\\\/\\\/schema.org\",\"@graph\":[{\"@type\":\"Article\",\"@id\":\"https:\\\/\\\/kibrisdakik.com\\\/?p=47125#article\",\"isPartOf\":{\"@id\":\"https:\\\/\\\/kibrisdakik.com\\\/?p=47125\"},\"author\":{\"name\":\"admin\",\"@id\":\"https:\\\/\\\/kibrisdakik.com\\\/#\\\/schema\\\/person\\\/9cd9d437bbb44f72b73ba127e06d8e79\"},\"headline\":\"\u0130ngiltere\u2019de iktidardaki Muhafazakar Parti Milletvekili Smith, KKTC\u2019ye do\u011frudan u\u00e7u\u015f \u00e7a\u011fr\u0131s\u0131n\u0131 yineledi\",\"datePublished\":\"2024-06-24T11:42:17+00:00\",\"mainEntityOfPage\":{\"@id\":\"https:\\\/\\\/kibrisdakik.com\\\/?p=47125\"},\"wordCount\":783,\"commentCount\":0,\"image\":{\"@id\":\"https:\\\/\\\/kibrisdakik.com\\\/?p=47125#primaryimage\"},\"thumbnailUrl\":\"https:\\\/\\\/kibrisdakik.com\\\/wp-content\\\/uploads\\\/2024\\\/06\\\/ingilterede-iktidardaki-muhafazakar-parti-milletvekili-smith-kktcye-dogrudan-ucus-cagrisini-yineledi-1719228158.webp.webp\",\"articleSection\":[\"Spor\"],\"inLanguage\":\"tr\",\"potentialAction\":[{\"@type\":\"CommentAction\",\"name\":\"Comment\",\"target\":[\"https:\\\/\\\/kibrisdakik.com\\\/?p=47125#respond\"]}]},{\"@type\":\"WebPage\",\"@id\":\"https:\\\/\\\/kibrisdakik.com\\\/?p=47125\",\"url\":\"https:\\\/\\\/kibrisdakik.com\\\/?p=47125\",\"name\":\"\u0130ngiltere\u2019de iktidardaki Muhafazakar Parti Milletvekili Smith, KKTC\u2019ye do\u011frudan u\u00e7u\u015f \u00e7a\u011fr\u0131s\u0131n\u0131 yineledi -\",\"isPartOf\":{\"@id\":\"https:\\\/\\\/kibrisdakik.com\\\/#website\"},\"primaryImageOfPage\":{\"@id\":\"https:\\\/\\\/kibrisdakik.com\\\/?p=47125#primaryimage\"},\"image\":{\"@id\":\"https:\\\/\\\/kibrisdakik.com\\\/?p=47125#primaryimage\"},\"thumbnailUrl\":\"https:\\\/\\\/kibrisdakik.com\\\/wp-content\\\/uploads\\\/2024\\\/06\\\/ingilterede-iktidardaki-muhafazakar-parti-milletvekili-smith-kktcye-dogrudan-ucus-cagrisini-yineledi-1719228158.webp.webp\",\"datePublished\":\"2024-06-24T11:42:17+00:00\",\"author\":{\"@id\":\"https:\\\/\\\/kibrisdakik.com\\\/#\\\/schema\\\/person\\\/9cd9d437bbb44f72b73ba127e06d8e79\"},\"breadcrumb\":{\"@id\":\"https:\\\/\\\/kibrisdakik.com\\\/?p=47125#breadcrumb\"},\"inLanguage\":\"tr\",\"potentialAction\":[{\"@type\":\"ReadAction\",\"target\":[\"https:\\\/\\\/kibrisdakik.com\\\/?p=47125\"]}]},{\"@type\":\"ImageObject\",\"inLanguage\":\"tr\",\"@id\":\"https:\\\/\\\/kibrisdakik.com\\\/?p=47125#primaryimage\",\"url\":\"https:\\\/\\\/kibrisdakik.com\\\/wp-content\\\/uploads\\\/2024\\\/06\\\/ingilterede-iktidardaki-muhafazakar-parti-milletvekili-smith-kktcye-dogrudan-ucus-cagrisini-yineledi-1719228158.webp.webp\",\"contentUrl\":\"https:\\\/\\\/kibrisdakik.com\\\/wp-content\\\/uploads\\\/2024\\\/06\\\/ingilterede-iktidardaki-muhafazakar-parti-milletvekili-smith-kktcye-dogrudan-ucus-cagrisini-yineledi-1719228158.webp.webp\",\"width\":710,\"height\":370},{\"@type\":\"BreadcrumbList\",\"@id\":\"https:\\\/\\\/kibrisdakik.com\\\/?p=47125#breadcrumb\",\"itemListElement\":[{\"@type\":\"ListItem\",\"position\":1,\"name\":\"Home\",\"item\":\"https:\\\/\\\/kibrisdakik.com\\\/\"},{\"@type\":\"ListItem\",\"position\":2,\"name\":\"\u0130ngiltere\u2019de iktidardaki Muhafazakar Parti Milletvekili Smith, KKTC\u2019ye do\u011frudan u\u00e7u\u015f \u00e7a\u011fr\u0131s\u0131n\u0131 yineledi\"}]},{\"@type\":\"WebSite\",\"@id\":\"https:\\\/\\\/kibrisdakik.com\\\/#website\",\"url\":\"https:\\\/\\\/kibrisdakik.com\\\/\",\"name\":\"\",\"description\":\"Tam vaktinde haber\",\"potentialAction\":[{\"@type\":\"SearchAction\",\"target\":{\"@type\":\"EntryPoint\",\"urlTemplate\":\"https:\\\/\\\/kibrisdakik.com\\\/?s={search_term_string}\"},\"query-input\":{\"@type\":\"PropertyValueSpecification\",\"valueRequired\":true,\"valueName\":\"search_term_string\"}}],\"inLanguage\":\"tr\"},{\"@type\":\"Person\",\"@id\":\"https:\\\/\\\/kibrisdakik.com\\\/#\\\/schema\\\/person\\\/9cd9d437bbb44f72b73ba127e06d8e79\",\"name\":\"admin\",\"image\":{\"@type\":\"ImageObject\",\"inLanguage\":\"tr\",\"@id\":\"https:\\\/\\\/secure.gravatar.com\\\/avatar\\\/ccc17943b9d660506c869530f897617f7cb1c21a4bf30023f252596d83e1f007?s=96&d=mm&r=g\",\"url\":\"https:\\\/\\\/secure.gravatar.com\\\/avatar\\\/ccc17943b9d660506c869530f897617f7cb1c21a4bf30023f252596d83e1f007?s=96&d=mm&r=g\",\"contentUrl\":\"https:\\\/\\\/secure.gravatar.com\\\/avatar\\\/ccc17943b9d660506c869530f897617f7cb1c21a4bf30023f252596d83e1f007?s=96&d=mm&r=g\",\"caption\":\"admin\"},\"sameAs\":[\"https:\\\/\\\/kibrisdakik.com\"],\"url\":\"https:\\\/\\\/kibrisdakik.com\\\/?author=1\"}]}<\/script>\n<!-- \/ Yoast SEO plugin. -->","yoast_head_json":{"title":"\u0130ngiltere\u2019de iktidardaki Muhafazakar Parti Milletvekili Smith, KKTC\u2019ye do\u011frudan u\u00e7u\u015f \u00e7a\u011fr\u0131s\u0131n\u0131 yineledi -","robots":{"index":"index","follow":"follow","max-snippet":"max-snippet:-1","max-image-preview":"max-image-preview:large","max-video-preview":"max-video-preview:-1"},"canonical":"https:\/\/kibrisdakik.com\/?p=47125","og_locale":"tr_TR","og_type":"article","og_title":"\u0130ngiltere\u2019de iktidardaki Muhafazakar Parti Milletvekili Smith, KKTC\u2019ye do\u011frudan u\u00e7u\u015f \u00e7a\u011fr\u0131s\u0131n\u0131 yineledi -","og_description":"Muhafazakar Parti Milletvekili Iain Duncan Smith, a\u00e7\u0131klamas\u0131nda, K\u0131br\u0131s&#8217;taki mevcut durumun, Chingford ve Woodford Green b\u00f6lgelerindeki se\u00e7menleri olan bir\u00e7ok K\u0131br\u0131sl\u0131 T\u00fcrk i\u00e7in ciddi zorluklar yaratt\u0131\u011f\u0131na i\u015faret etti. T\u00fcrkiye hari\u00e7 t\u00fcm uluslararas\u0131 toplum ile uyumlu olarak Birle\u015fik Krall\u0131\u011f\u0131n Kuzey K\u0131br\u0131s T\u00fcrk Cumhuriyeti&#8217;ni ba\u011f\u0131ms\u0131z bir devlet olarak tan\u0131mad\u0131\u011f\u0131na i\u015faret eden Smith, \u015f\u00f6yle devam etti: \u201cSonu\u00e7 olarak, Kuzey K\u0131br\u0131s","og_url":"https:\/\/kibrisdakik.com\/?p=47125","article_published_time":"2024-06-24T11:42:17+00:00","og_image":[{"width":710,"height":370,"url":"https:\/\/kibrisdakik.com\/wp-content\/uploads\/2024\/06\/ingilterede-iktidardaki-muhafazakar-parti-milletvekili-smith-kktcye-dogrudan-ucus-cagrisini-yineledi-1719228158.webp.webp","type":"image\/webp"}],"author":"admin","twitter_card":"summary_large_image","twitter_misc":{"Yazan:":"admin","Tahmini okuma s\u00fcresi":"4 dakika"},"schema":{"@context":"https:\/\/schema.org","@graph":[{"@type":"Article","@id":"https:\/\/kibrisdakik.com\/?p=47125#article","isPartOf":{"@id":"https:\/\/kibrisdakik.com\/?p=47125"},"author":{"name":"admin","@id":"https:\/\/kibrisdakik.com\/#\/schema\/person\/9cd9d437bbb44f72b73ba127e06d8e79"},"headline":"\u0130ngiltere\u2019de iktidardaki Muhafazakar Parti Milletvekili Smith, KKTC\u2019ye do\u011frudan u\u00e7u\u015f \u00e7a\u011fr\u0131s\u0131n\u0131 yineledi","datePublished":"2024-06-24T11:42:17+00:00","mainEntityOfPage":{"@id":"https:\/\/kibrisdakik.com\/?p=47125"},"wordCount":783,"commentCount":0,"image":{"@id":"https:\/\/kibrisdakik.com\/?p=47125#primaryimage"},"thumbnailUrl":"https:\/\/kibrisdakik.com\/wp-content\/uploads\/2024\/06\/ingilterede-iktidardaki-muhafazakar-parti-milletvekili-smith-kktcye-dogrudan-ucus-cagrisini-yineledi-1719228158.webp.webp","articleSection":["Spor"],"inLanguage":"tr","potentialAction":[{"@type":"CommentAction","name":"Comment","target":["https:\/\/kibrisdakik.com\/?p=47125#respond"]}]},{"@type":"WebPage","@id":"https:\/\/kibrisdakik.com\/?p=47125","url":"https:\/\/kibrisdakik.com\/?p=47125","name":"\u0130ngiltere\u2019de iktidardaki Muhafazakar Parti Milletvekili Smith, KKTC\u2019ye do\u011frudan u\u00e7u\u015f \u00e7a\u011fr\u0131s\u0131n\u0131 yineledi -","isPartOf":{"@id":"https:\/\/kibrisdakik.com\/#website"},"primaryImageOfPage":{"@id":"https:\/\/kibrisdakik.com\/?p=47125#primaryimage"},"image":{"@id":"https:\/\/kibrisdakik.com\/?p=47125#primaryimage"},"thumbnailUrl":"https:\/\/kibrisdakik.com\/wp-content\/uploads\/2024\/06\/ingilterede-iktidardaki-muhafazakar-parti-milletvekili-smith-kktcye-dogrudan-ucus-cagrisini-yineledi-1719228158.webp.webp","datePublished":"2024-06-24T11:42:17+00:00","author":{"@id":"https:\/\/kibrisdakik.com\/#\/schema\/person\/9cd9d437bbb44f72b73ba127e06d8e79"},"breadcrumb":{"@id":"https:\/\/kibrisdakik.com\/?p=47125#breadcrumb"},"inLanguage":"tr","potentialAction":[{"@type":"ReadAction","target":["https:\/\/kibrisdakik.com\/?p=47125"]}]},{"@type":"ImageObject","inLanguage":"tr","@id":"https:\/\/kibrisdakik.com\/?p=47125#primaryimage","url":"https:\/\/kibrisdakik.com\/wp-content\/uploads\/2024\/06\/ingilterede-iktidardaki-muhafazakar-parti-milletvekili-smith-kktcye-dogrudan-ucus-cagrisini-yineledi-1719228158.webp.webp","contentUrl":"https:\/\/kibrisdakik.com\/wp-content\/uploads\/2024\/06\/ingilterede-iktidardaki-muhafazakar-parti-milletvekili-smith-kktcye-dogrudan-ucus-cagrisini-yineledi-1719228158.webp.webp","width":710,"height":370},{"@type":"BreadcrumbList","@id":"https:\/\/kibrisdakik.com\/?p=47125#breadcrumb","itemListElement":[{"@type":"ListItem","position":1,"name":"Home","item":"https:\/\/kibrisdakik.com\/"},{"@type":"ListItem","position":2,"name":"\u0130ngiltere\u2019de iktidardaki Muhafazakar Parti Milletvekili Smith, KKTC\u2019ye do\u011frudan u\u00e7u\u015f \u00e7a\u011fr\u0131s\u0131n\u0131 yineledi"}]},{"@type":"WebSite","@id":"https:\/\/kibrisdakik.com\/#website","url":"https:\/\/kibrisdakik.com\/","name":"","description":"Tam vaktinde haber","potentialAction":[{"@type":"SearchAction","target":{"@type":"EntryPoint","urlTemplate":"https:\/\/kibrisdakik.com\/?s={search_term_string}"},"query-input":{"@type":"PropertyValueSpecification","valueRequired":true,"valueName":"search_term_string"}}],"inLanguage":"tr"},{"@type":"Person","@id":"https:\/\/kibrisdakik.com\/#\/schema\/person\/9cd9d437bbb44f72b73ba127e06d8e79","name":"admin","image":{"@type":"ImageObject","inLanguage":"tr","@id":"https:\/\/secure.gravatar.com\/avatar\/ccc17943b9d660506c869530f897617f7cb1c21a4bf30023f252596d83e1f007?s=96&d=mm&r=g","url":"https:\/\/secure.gravatar.com\/avatar\/ccc17943b9d660506c869530f897617f7cb1c21a4bf30023f252596d83e1f007?s=96&d=mm&r=g","contentUrl":"https:\/\/secure.gravatar.com\/avatar\/ccc17943b9d660506c869530f897617f7cb1c21a4bf30023f252596d83e1f007?s=96&d=mm&r=g","caption":"admin"},"sameAs":["https:\/\/kibrisdakik.com"],"url":"https:\/\/kibrisdakik.com\/?author=1"}]}},"_links":{"self":[{"href":"https:\/\/kibrisdakik.com\/index.php?rest_route=\/wp\/v2\/posts\/47125","targetHints":{"allow":["GET"]}}],"collection":[{"href":"https:\/\/kibrisdakik.com\/index.php?rest_route=\/wp\/v2\/posts"}],"about":[{"href":"https:\/\/kibrisdakik.com\/index.php?rest_route=\/wp\/v2\/types\/post"}],"author":[{"embeddable":true,"href":"https:\/\/kibrisdakik.com\/index.php?rest_route=\/wp\/v2\/users\/1"}],"replies":[{"embeddable":true,"href":"https:\/\/kibrisdakik.com\/index.php?rest_route=%2Fwp%2Fv2%2Fcomments&post=47125"}],"version-history":[{"count":0,"href":"https:\/\/kibrisdakik.com\/index.php?rest_route=\/wp\/v2\/posts\/47125\/revisions"}],"wp:featuredmedia":[{"embeddable":true,"href":"https:\/\/kibrisdakik.com\/index.php?rest_route=\/wp\/v2\/media\/47126"}],"wp:attachment":[{"href":"https:\/\/kibrisdakik.com\/index.php?rest_route=%2Fwp%2Fv2%2Fmedia&parent=47125"}],"wp:term":[{"taxonomy":"category","embeddable":true,"href":"https:\/\/kibrisdakik.com\/index.php?rest_route=%2Fwp%2Fv2%2Fcategories&post=47125"},{"taxonomy":"post_tag","embeddable":true,"href":"https:\/\/kibrisdakik.com\/index.php?rest_route=%2Fwp%2Fv2%2Ftags&post=47125"}],"curies":[{"name":"wp","href":"https:\/\/api.w.org\/{rel}","templated":true}]}}