{"id":4721,"date":"2023-04-07T07:35:53","date_gmt":"2023-04-07T07:35:53","guid":{"rendered":"https:\/\/kibrisdakik.com\/index.php\/2023\/04\/07\/kibris-turk-muzik-sanat-dernegi-korosu-sampiyon-melekleri-yasatma-dernegi-yararina-konser-verecek\/"},"modified":"2023-04-07T07:35:53","modified_gmt":"2023-04-07T07:35:53","slug":"kibris-turk-muzik-sanat-dernegi-korosu-sampiyon-melekleri-yasatma-dernegi-yararina-konser-verecek","status":"publish","type":"post","link":"https:\/\/kibrisdakik.com\/?p=4721","title":{"rendered":"K\u0131br\u0131s T\u00fcrk M\u00fczik Sanat Derne\u011fi Korosu, \u015eampiyon Melekleri Ya\u015fatma Derne\u011fi yarar\u0131na konser verecek"},"content":{"rendered":"<p><\/p>\n<div>\n<div class=\"mariselle-image-container center\">\n                <img width=\"1599\" height=\"1368\" class=\"lazy-image\" alt=\"\" decoding=\"async\" loading=\"lazy\" sizes=\"auto, (max-width: 1599px) 100vw, 1599px\" src=\"https:\/\/brtk.net\/wp-content\/uploads\/2023\/04\/07\/e96d5f0e-a568-47b8-90a1-00191290cea3.jpg?ver=558a3cc195bd2ddbe18b0fe8e6250e0b\" srcset=\"https:\/\/brtk.net\/wp-content\/uploads\/2023\/04\/07\/e96d5f0e-a568-47b8-90a1-00191290cea3.jpg?ver=558a3cc195bd2ddbe18b0fe8e6250e0b 1599w, https:\/\/brtk.net\/wp-content\/uploads\/2023\/04\/07\/e96d5f0e-a568-47b8-90a1-00191290cea3-300x257.jpg?ver=558a3cc195bd2ddbe18b0fe8e6250e0b 300w, https:\/\/brtk.net\/wp-content\/uploads\/2023\/04\/07\/e96d5f0e-a568-47b8-90a1-00191290cea3-1024x876.jpg?ver=ade3b9e3e287c0c03120606c1ee30230 1024w, https:\/\/brtk.net\/wp-content\/uploads\/2023\/04\/07\/e96d5f0e-a568-47b8-90a1-00191290cea3-768x657.jpg?ver=ade3b9e3e287c0c03120606c1ee30230 768w, https:\/\/brtk.net\/wp-content\/uploads\/2023\/04\/07\/e96d5f0e-a568-47b8-90a1-00191290cea3-1536x1314.jpg?ver=967de031f783e4ae61741618736fd332 1536w\"\/>                            <\/div>\n<p>K\u0131br\u0131s T\u00fcrk M\u00fczik Sanat Derne\u011fi Korosu\u2019nun \u015eampiyon Melekleri Ya\u015fatma Derne\u011fi yarar\u0131na verece\u011fi konserde, \u201c\u015eampiyon Melekler\u201d i\u00e7in bestelenen a\u011f\u0131t ilk kez seslendirilecek.<\/p>\n<p>Dernekten yap\u0131lan a\u00e7\u0131klamaya g\u00f6re konser, 26 Nisan \u00c7ar\u015famba g\u00fcn\u00fc saat 20.00\u2019de GA\u00dc Spectrum\u2019da yer alacak. Ulus Ye\u015filada\u2019n\u0131n \u015fefli\u011fini \u00fcstlendi\u011fi \u201cHayat Bazen Tatl\u0131d\u0131r\u201d konserinin giri\u015f \u00fccreti 100 TL olacak.<\/p>\n<p>Konserde, 6 \u015eubat depreminde Ad\u0131yaman\u2019da \u0130sias Otel enkaz\u0131nda hayat\u0131n\u0131 kaybedenler i\u00e7in bestelenen a\u011f\u0131t da ilk kez seslendirilecek.<\/p>\n<\/p><\/div>\n<p><script async\n                    defer\n                    crossorigin=\"anonymous\"\n                    src=\"https:\/\/connect.facebook.net\/tr_TR\/sdk.js#xfbml=1&#038;version=v3.3\"\n            ><\/script><\/p>\n","protected":false},"excerpt":{"rendered":"<p>K\u0131br\u0131s T\u00fcrk M\u00fczik Sanat Derne\u011fi Korosu\u2019nun \u015eampiyon Melekleri Ya\u015fatma Derne\u011fi yarar\u0131na verece\u011fi konserde, \u201c\u015eampiyon Melekler\u201d i\u00e7in bestelenen a\u011f\u0131t ilk kez seslendirilecek. Dernekten yap\u0131lan a\u00e7\u0131klamaya g\u00f6re konser, 26 Nisan \u00c7ar\u015famba g\u00fcn\u00fc saat 20.00\u2019de GA\u00dc Spectrum\u2019da yer alacak. Ulus Ye\u015filada\u2019n\u0131n \u015fefli\u011fini \u00fcstlendi\u011fi \u201cHayat Bazen Tatl\u0131d\u0131r\u201d konserinin giri\u015f \u00fccreti 100 TL olacak. Konserde, 6 \u015eubat depreminde Ad\u0131yaman\u2019da \u0130sias<\/p>\n","protected":false},"author":1,"featured_media":4722,"comment_status":"open","ping_status":"open","sticky":false,"template":"","format":"standard","meta":{"footnotes":""},"categories":[1],"tags":[],"class_list":["post-4721","post","type-post","status-publish","format-standard","has-post-thumbnail","hentry","category-gundem"],"yoast_head":"<!-- This site is optimized with the Yoast SEO plugin v27.5 - https:\/\/yoast.com\/product\/yoast-seo-wordpress\/ -->\n<title>K\u0131br\u0131s T\u00fcrk M\u00fczik Sanat Derne\u011fi Korosu, \u015eampiyon Melekleri Ya\u015fatma Derne\u011fi yarar\u0131na konser verecek -<\/title>\n<meta name=\"robots\" content=\"index, follow, max-snippet:-1, max-image-preview:large, max-video-preview:-1\" \/>\n<link rel=\"canonical\" href=\"https:\/\/kibrisdakik.com\/?p=4721\" \/>\n<meta property=\"og:locale\" content=\"tr_TR\" \/>\n<meta property=\"og:type\" content=\"article\" \/>\n<meta property=\"og:title\" content=\"K\u0131br\u0131s T\u00fcrk M\u00fczik Sanat Derne\u011fi Korosu, \u015eampiyon Melekleri Ya\u015fatma Derne\u011fi yarar\u0131na konser verecek -\" \/>\n<meta property=\"og:description\" content=\"K\u0131br\u0131s T\u00fcrk M\u00fczik Sanat Derne\u011fi Korosu\u2019nun \u015eampiyon Melekleri Ya\u015fatma Derne\u011fi yarar\u0131na verece\u011fi konserde, \u201c\u015eampiyon Melekler\u201d i\u00e7in bestelenen a\u011f\u0131t ilk kez seslendirilecek. Dernekten yap\u0131lan a\u00e7\u0131klamaya g\u00f6re konser, 26 Nisan \u00c7ar\u015famba g\u00fcn\u00fc saat 20.00\u2019de GA\u00dc Spectrum\u2019da yer alacak. Ulus Ye\u015filada\u2019n\u0131n \u015fefli\u011fini \u00fcstlendi\u011fi \u201cHayat Bazen Tatl\u0131d\u0131r\u201d konserinin giri\u015f \u00fccreti 100 TL olacak. Konserde, 6 \u015eubat depreminde Ad\u0131yaman\u2019da \u0130sias\" \/>\n<meta property=\"og:url\" content=\"https:\/\/kibrisdakik.com\/?p=4721\" \/>\n<meta property=\"article:published_time\" content=\"2023-04-07T07:35:53+00:00\" \/>\n<meta property=\"og:image\" content=\"https:\/\/kibrisdakik.com\/wp-content\/uploads\/2023\/04\/e96d5f0e-a568-47b8-90a1-00191290cea3-740x420.jpg\" \/>\n\t<meta property=\"og:image:width\" content=\"1599\" \/>\n\t<meta property=\"og:image:height\" content=\"1368\" \/>\n\t<meta property=\"og:image:type\" content=\"image\/jpeg\" \/>\n<meta name=\"author\" content=\"admin\" \/>\n<meta name=\"twitter:card\" content=\"summary_large_image\" \/>\n<meta name=\"twitter:label1\" content=\"Yazan:\" \/>\n\t<meta name=\"twitter:data1\" content=\"admin\" \/>\n<script type=\"application\/ld+json\" class=\"yoast-schema-graph\">{\"@context\":\"https:\\\/\\\/schema.org\",\"@graph\":[{\"@type\":\"Article\",\"@id\":\"https:\\\/\\\/kibrisdakik.com\\\/?p=4721#article\",\"isPartOf\":{\"@id\":\"https:\\\/\\\/kibrisdakik.com\\\/?p=4721\"},\"author\":{\"name\":\"admin\",\"@id\":\"https:\\\/\\\/kibrisdakik.com\\\/#\\\/schema\\\/person\\\/9cd9d437bbb44f72b73ba127e06d8e79\"},\"headline\":\"K\u0131br\u0131s T\u00fcrk M\u00fczik Sanat Derne\u011fi Korosu, \u015eampiyon Melekleri Ya\u015fatma Derne\u011fi yarar\u0131na konser verecek\",\"datePublished\":\"2023-04-07T07:35:53+00:00\",\"mainEntityOfPage\":{\"@id\":\"https:\\\/\\\/kibrisdakik.com\\\/?p=4721\"},\"wordCount\":115,\"commentCount\":0,\"image\":{\"@id\":\"https:\\\/\\\/kibrisdakik.com\\\/?p=4721#primaryimage\"},\"thumbnailUrl\":\"https:\\\/\\\/kibrisdakik.com\\\/wp-content\\\/uploads\\\/2023\\\/04\\\/e96d5f0e-a568-47b8-90a1-00191290cea3-740x420.jpg\",\"articleSection\":[\"G\u00fcndem\"],\"inLanguage\":\"tr\",\"potentialAction\":[{\"@type\":\"CommentAction\",\"name\":\"Comment\",\"target\":[\"https:\\\/\\\/kibrisdakik.com\\\/?p=4721#respond\"]}]},{\"@type\":\"WebPage\",\"@id\":\"https:\\\/\\\/kibrisdakik.com\\\/?p=4721\",\"url\":\"https:\\\/\\\/kibrisdakik.com\\\/?p=4721\",\"name\":\"K\u0131br\u0131s T\u00fcrk M\u00fczik Sanat Derne\u011fi Korosu, \u015eampiyon Melekleri Ya\u015fatma Derne\u011fi yarar\u0131na konser verecek -\",\"isPartOf\":{\"@id\":\"https:\\\/\\\/kibrisdakik.com\\\/#website\"},\"primaryImageOfPage\":{\"@id\":\"https:\\\/\\\/kibrisdakik.com\\\/?p=4721#primaryimage\"},\"image\":{\"@id\":\"https:\\\/\\\/kibrisdakik.com\\\/?p=4721#primaryimage\"},\"thumbnailUrl\":\"https:\\\/\\\/kibrisdakik.com\\\/wp-content\\\/uploads\\\/2023\\\/04\\\/e96d5f0e-a568-47b8-90a1-00191290cea3-740x420.jpg\",\"datePublished\":\"2023-04-07T07:35:53+00:00\",\"author\":{\"@id\":\"https:\\\/\\\/kibrisdakik.com\\\/#\\\/schema\\\/person\\\/9cd9d437bbb44f72b73ba127e06d8e79\"},\"breadcrumb\":{\"@id\":\"https:\\\/\\\/kibrisdakik.com\\\/?p=4721#breadcrumb\"},\"inLanguage\":\"tr\",\"potentialAction\":[{\"@type\":\"ReadAction\",\"target\":[\"https:\\\/\\\/kibrisdakik.com\\\/?p=4721\"]}]},{\"@type\":\"ImageObject\",\"inLanguage\":\"tr\",\"@id\":\"https:\\\/\\\/kibrisdakik.com\\\/?p=4721#primaryimage\",\"url\":\"https:\\\/\\\/kibrisdakik.com\\\/wp-content\\\/uploads\\\/2023\\\/04\\\/e96d5f0e-a568-47b8-90a1-00191290cea3-740x420.jpg\",\"contentUrl\":\"https:\\\/\\\/kibrisdakik.com\\\/wp-content\\\/uploads\\\/2023\\\/04\\\/e96d5f0e-a568-47b8-90a1-00191290cea3-740x420.jpg\",\"width\":1599,\"height\":1368},{\"@type\":\"BreadcrumbList\",\"@id\":\"https:\\\/\\\/kibrisdakik.com\\\/?p=4721#breadcrumb\",\"itemListElement\":[{\"@type\":\"ListItem\",\"position\":1,\"name\":\"Home\",\"item\":\"https:\\\/\\\/kibrisdakik.com\\\/\"},{\"@type\":\"ListItem\",\"position\":2,\"name\":\"K\u0131br\u0131s T\u00fcrk M\u00fczik Sanat Derne\u011fi Korosu, \u015eampiyon Melekleri Ya\u015fatma Derne\u011fi yarar\u0131na konser verecek\"}]},{\"@type\":\"WebSite\",\"@id\":\"https:\\\/\\\/kibrisdakik.com\\\/#website\",\"url\":\"https:\\\/\\\/kibrisdakik.com\\\/\",\"name\":\"\",\"description\":\"Tam vaktinde haber\",\"potentialAction\":[{\"@type\":\"SearchAction\",\"target\":{\"@type\":\"EntryPoint\",\"urlTemplate\":\"https:\\\/\\\/kibrisdakik.com\\\/?s={search_term_string}\"},\"query-input\":{\"@type\":\"PropertyValueSpecification\",\"valueRequired\":true,\"valueName\":\"search_term_string\"}}],\"inLanguage\":\"tr\"},{\"@type\":\"Person\",\"@id\":\"https:\\\/\\\/kibrisdakik.com\\\/#\\\/schema\\\/person\\\/9cd9d437bbb44f72b73ba127e06d8e79\",\"name\":\"admin\",\"image\":{\"@type\":\"ImageObject\",\"inLanguage\":\"tr\",\"@id\":\"https:\\\/\\\/secure.gravatar.com\\\/avatar\\\/ccc17943b9d660506c869530f897617f7cb1c21a4bf30023f252596d83e1f007?s=96&d=mm&r=g\",\"url\":\"https:\\\/\\\/secure.gravatar.com\\\/avatar\\\/ccc17943b9d660506c869530f897617f7cb1c21a4bf30023f252596d83e1f007?s=96&d=mm&r=g\",\"contentUrl\":\"https:\\\/\\\/secure.gravatar.com\\\/avatar\\\/ccc17943b9d660506c869530f897617f7cb1c21a4bf30023f252596d83e1f007?s=96&d=mm&r=g\",\"caption\":\"admin\"},\"sameAs\":[\"https:\\\/\\\/kibrisdakik.com\"],\"url\":\"https:\\\/\\\/kibrisdakik.com\\\/?author=1\"}]}<\/script>\n<!-- \/ Yoast SEO plugin. -->","yoast_head_json":{"title":"K\u0131br\u0131s T\u00fcrk M\u00fczik Sanat Derne\u011fi Korosu, \u015eampiyon Melekleri Ya\u015fatma Derne\u011fi yarar\u0131na konser verecek -","robots":{"index":"index","follow":"follow","max-snippet":"max-snippet:-1","max-image-preview":"max-image-preview:large","max-video-preview":"max-video-preview:-1"},"canonical":"https:\/\/kibrisdakik.com\/?p=4721","og_locale":"tr_TR","og_type":"article","og_title":"K\u0131br\u0131s T\u00fcrk M\u00fczik Sanat Derne\u011fi Korosu, \u015eampiyon Melekleri Ya\u015fatma Derne\u011fi yarar\u0131na konser verecek -","og_description":"K\u0131br\u0131s T\u00fcrk M\u00fczik Sanat Derne\u011fi Korosu\u2019nun \u015eampiyon Melekleri Ya\u015fatma Derne\u011fi yarar\u0131na verece\u011fi konserde, \u201c\u015eampiyon Melekler\u201d i\u00e7in bestelenen a\u011f\u0131t ilk kez seslendirilecek. Dernekten yap\u0131lan a\u00e7\u0131klamaya g\u00f6re konser, 26 Nisan \u00c7ar\u015famba g\u00fcn\u00fc saat 20.00\u2019de GA\u00dc Spectrum\u2019da yer alacak. Ulus Ye\u015filada\u2019n\u0131n \u015fefli\u011fini \u00fcstlendi\u011fi \u201cHayat Bazen Tatl\u0131d\u0131r\u201d konserinin giri\u015f \u00fccreti 100 TL olacak. Konserde, 6 \u015eubat depreminde Ad\u0131yaman\u2019da \u0130sias","og_url":"https:\/\/kibrisdakik.com\/?p=4721","article_published_time":"2023-04-07T07:35:53+00:00","og_image":[{"width":1599,"height":1368,"url":"https:\/\/kibrisdakik.com\/wp-content\/uploads\/2023\/04\/e96d5f0e-a568-47b8-90a1-00191290cea3-740x420.jpg","type":"image\/jpeg"}],"author":"admin","twitter_card":"summary_large_image","twitter_misc":{"Yazan:":"admin"},"schema":{"@context":"https:\/\/schema.org","@graph":[{"@type":"Article","@id":"https:\/\/kibrisdakik.com\/?p=4721#article","isPartOf":{"@id":"https:\/\/kibrisdakik.com\/?p=4721"},"author":{"name":"admin","@id":"https:\/\/kibrisdakik.com\/#\/schema\/person\/9cd9d437bbb44f72b73ba127e06d8e79"},"headline":"K\u0131br\u0131s T\u00fcrk M\u00fczik Sanat Derne\u011fi Korosu, \u015eampiyon Melekleri Ya\u015fatma Derne\u011fi yarar\u0131na konser verecek","datePublished":"2023-04-07T07:35:53+00:00","mainEntityOfPage":{"@id":"https:\/\/kibrisdakik.com\/?p=4721"},"wordCount":115,"commentCount":0,"image":{"@id":"https:\/\/kibrisdakik.com\/?p=4721#primaryimage"},"thumbnailUrl":"https:\/\/kibrisdakik.com\/wp-content\/uploads\/2023\/04\/e96d5f0e-a568-47b8-90a1-00191290cea3-740x420.jpg","articleSection":["G\u00fcndem"],"inLanguage":"tr","potentialAction":[{"@type":"CommentAction","name":"Comment","target":["https:\/\/kibrisdakik.com\/?p=4721#respond"]}]},{"@type":"WebPage","@id":"https:\/\/kibrisdakik.com\/?p=4721","url":"https:\/\/kibrisdakik.com\/?p=4721","name":"K\u0131br\u0131s T\u00fcrk M\u00fczik Sanat Derne\u011fi Korosu, \u015eampiyon Melekleri Ya\u015fatma Derne\u011fi yarar\u0131na konser verecek -","isPartOf":{"@id":"https:\/\/kibrisdakik.com\/#website"},"primaryImageOfPage":{"@id":"https:\/\/kibrisdakik.com\/?p=4721#primaryimage"},"image":{"@id":"https:\/\/kibrisdakik.com\/?p=4721#primaryimage"},"thumbnailUrl":"https:\/\/kibrisdakik.com\/wp-content\/uploads\/2023\/04\/e96d5f0e-a568-47b8-90a1-00191290cea3-740x420.jpg","datePublished":"2023-04-07T07:35:53+00:00","author":{"@id":"https:\/\/kibrisdakik.com\/#\/schema\/person\/9cd9d437bbb44f72b73ba127e06d8e79"},"breadcrumb":{"@id":"https:\/\/kibrisdakik.com\/?p=4721#breadcrumb"},"inLanguage":"tr","potentialAction":[{"@type":"ReadAction","target":["https:\/\/kibrisdakik.com\/?p=4721"]}]},{"@type":"ImageObject","inLanguage":"tr","@id":"https:\/\/kibrisdakik.com\/?p=4721#primaryimage","url":"https:\/\/kibrisdakik.com\/wp-content\/uploads\/2023\/04\/e96d5f0e-a568-47b8-90a1-00191290cea3-740x420.jpg","contentUrl":"https:\/\/kibrisdakik.com\/wp-content\/uploads\/2023\/04\/e96d5f0e-a568-47b8-90a1-00191290cea3-740x420.jpg","width":1599,"height":1368},{"@type":"BreadcrumbList","@id":"https:\/\/kibrisdakik.com\/?p=4721#breadcrumb","itemListElement":[{"@type":"ListItem","position":1,"name":"Home","item":"https:\/\/kibrisdakik.com\/"},{"@type":"ListItem","position":2,"name":"K\u0131br\u0131s T\u00fcrk M\u00fczik Sanat Derne\u011fi Korosu, \u015eampiyon Melekleri Ya\u015fatma Derne\u011fi yarar\u0131na konser verecek"}]},{"@type":"WebSite","@id":"https:\/\/kibrisdakik.com\/#website","url":"https:\/\/kibrisdakik.com\/","name":"","description":"Tam vaktinde haber","potentialAction":[{"@type":"SearchAction","target":{"@type":"EntryPoint","urlTemplate":"https:\/\/kibrisdakik.com\/?s={search_term_string}"},"query-input":{"@type":"PropertyValueSpecification","valueRequired":true,"valueName":"search_term_string"}}],"inLanguage":"tr"},{"@type":"Person","@id":"https:\/\/kibrisdakik.com\/#\/schema\/person\/9cd9d437bbb44f72b73ba127e06d8e79","name":"admin","image":{"@type":"ImageObject","inLanguage":"tr","@id":"https:\/\/secure.gravatar.com\/avatar\/ccc17943b9d660506c869530f897617f7cb1c21a4bf30023f252596d83e1f007?s=96&d=mm&r=g","url":"https:\/\/secure.gravatar.com\/avatar\/ccc17943b9d660506c869530f897617f7cb1c21a4bf30023f252596d83e1f007?s=96&d=mm&r=g","contentUrl":"https:\/\/secure.gravatar.com\/avatar\/ccc17943b9d660506c869530f897617f7cb1c21a4bf30023f252596d83e1f007?s=96&d=mm&r=g","caption":"admin"},"sameAs":["https:\/\/kibrisdakik.com"],"url":"https:\/\/kibrisdakik.com\/?author=1"}]}},"_links":{"self":[{"href":"https:\/\/kibrisdakik.com\/index.php?rest_route=\/wp\/v2\/posts\/4721","targetHints":{"allow":["GET"]}}],"collection":[{"href":"https:\/\/kibrisdakik.com\/index.php?rest_route=\/wp\/v2\/posts"}],"about":[{"href":"https:\/\/kibrisdakik.com\/index.php?rest_route=\/wp\/v2\/types\/post"}],"author":[{"embeddable":true,"href":"https:\/\/kibrisdakik.com\/index.php?rest_route=\/wp\/v2\/users\/1"}],"replies":[{"embeddable":true,"href":"https:\/\/kibrisdakik.com\/index.php?rest_route=%2Fwp%2Fv2%2Fcomments&post=4721"}],"version-history":[{"count":0,"href":"https:\/\/kibrisdakik.com\/index.php?rest_route=\/wp\/v2\/posts\/4721\/revisions"}],"wp:featuredmedia":[{"embeddable":true,"href":"https:\/\/kibrisdakik.com\/index.php?rest_route=\/wp\/v2\/media\/4722"}],"wp:attachment":[{"href":"https:\/\/kibrisdakik.com\/index.php?rest_route=%2Fwp%2Fv2%2Fmedia&parent=4721"}],"wp:term":[{"taxonomy":"category","embeddable":true,"href":"https:\/\/kibrisdakik.com\/index.php?rest_route=%2Fwp%2Fv2%2Fcategories&post=4721"},{"taxonomy":"post_tag","embeddable":true,"href":"https:\/\/kibrisdakik.com\/index.php?rest_route=%2Fwp%2Fv2%2Ftags&post=4721"}],"curies":[{"name":"wp","href":"https:\/\/api.w.org\/{rel}","templated":true}]}}