{"id":47222,"date":"2024-06-25T04:00:15","date_gmt":"2024-06-25T04:00:15","guid":{"rendered":"https:\/\/kibrisdakik.com\/index.php\/2024\/06\/25\/kib-tek-elektrik-tarifelerinde-fiyat-degisikligi-yapilmayacak\/"},"modified":"2024-06-25T04:00:15","modified_gmt":"2024-06-25T04:00:15","slug":"kib-tek-elektrik-tarifelerinde-fiyat-degisikligi-yapilmayacak","status":"publish","type":"post","link":"https:\/\/kibrisdakik.com\/?p=47222","title":{"rendered":"K\u0131b-Tek \u201cElektrik tarifelerinde fiyat de\u011fi\u015fikli\u011fi yap\u0131lmayacak\u201d"},"content":{"rendered":"<p><img decoding=\"async\" src=\"https:\/\/www.kibristurk.com\/images\/haberler\/2024\/06\/kib-tek-elektrik-tarifelerinde-fiyat-degisikligi-yapilmayacak-1719238062.webp\" \/><\/p>\n<p style=\"text-align:left\"><span style=\"font-size:16px\"><span style=\"font-family:Merriweather,serif !important\"><span style=\"color:#000000\"><span style=\"background-color:#ffffff\">Kurumdan yap\u0131lan yaz\u0131l\u0131 a\u00e7\u0131klamada, baz\u0131 bas\u0131n yay\u0131n organlar\u0131nda yer alan \u201celektrik tarifelerine zam yap\u0131laca\u011f\u0131\u201d iddias\u0131n\u0131n kamuoyunun g\u00fcndemine geldi\u011fini ancak K\u0131br\u0131s T\u00fcrk Elektrik Kurumu\u2019nda elektrik tarifelerine fiyat art\u0131\u015f\u0131yla ilgili bir \u00e7al\u0131\u015fman\u0131n bulunmad\u0131\u011f\u0131 belirtildi.<\/span><\/span><\/span><\/span><\/p>\n<p style=\"text-align:left\"><span style=\"font-size:16px\"><span style=\"font-family:Merriweather,serif !important\"><span style=\"color:#000000\"><span style=\"background-color:#ffffff\">A\u00e7\u0131klamada, ortaya konulan iddialar\u0131n ger\u00e7e\u011fi yans\u0131tmad\u0131\u011f\u0131 ve mevcut elektrik tarifelerinde fiyat de\u011fi\u015fikli\u011fine gidilmesinin g\u00fcndemde olmad\u0131\u011f\u0131 kaydedildi.<\/span><\/span><\/span><\/span><\/p>\n","protected":false},"excerpt":{"rendered":"<p>Kurumdan yap\u0131lan yaz\u0131l\u0131 a\u00e7\u0131klamada, baz\u0131 bas\u0131n yay\u0131n organlar\u0131nda yer alan \u201celektrik tarifelerine zam yap\u0131laca\u011f\u0131\u201d iddias\u0131n\u0131n kamuoyunun g\u00fcndemine geldi\u011fini ancak K\u0131br\u0131s T\u00fcrk Elektrik Kurumu\u2019nda elektrik tarifelerine fiyat art\u0131\u015f\u0131yla ilgili bir \u00e7al\u0131\u015fman\u0131n bulunmad\u0131\u011f\u0131 belirtildi. A\u00e7\u0131klamada, ortaya konulan iddialar\u0131n ger\u00e7e\u011fi yans\u0131tmad\u0131\u011f\u0131 ve mevcut elektrik tarifelerinde fiyat de\u011fi\u015fikli\u011fine gidilmesinin g\u00fcndemde olmad\u0131\u011f\u0131 kaydedildi.<\/p>\n","protected":false},"author":1,"featured_media":47223,"comment_status":"open","ping_status":"open","sticky":false,"template":"","format":"standard","meta":{"footnotes":""},"categories":[85],"tags":[],"class_list":["post-47222","post","type-post","status-publish","format-standard","has-post-thumbnail","hentry","category-spor"],"yoast_head":"<!-- This site is optimized with the Yoast SEO plugin v27.5 - https:\/\/yoast.com\/product\/yoast-seo-wordpress\/ -->\n<title>K\u0131b-Tek \u201cElektrik tarifelerinde fiyat de\u011fi\u015fikli\u011fi yap\u0131lmayacak\u201d -<\/title>\n<meta name=\"robots\" content=\"index, follow, max-snippet:-1, max-image-preview:large, max-video-preview:-1\" \/>\n<link rel=\"canonical\" href=\"https:\/\/kibrisdakik.com\/?p=47222\" \/>\n<meta property=\"og:locale\" content=\"tr_TR\" \/>\n<meta property=\"og:type\" content=\"article\" \/>\n<meta property=\"og:title\" content=\"K\u0131b-Tek \u201cElektrik tarifelerinde fiyat de\u011fi\u015fikli\u011fi yap\u0131lmayacak\u201d -\" \/>\n<meta property=\"og:description\" content=\"Kurumdan yap\u0131lan yaz\u0131l\u0131 a\u00e7\u0131klamada, baz\u0131 bas\u0131n yay\u0131n organlar\u0131nda yer alan \u201celektrik tarifelerine zam yap\u0131laca\u011f\u0131\u201d iddias\u0131n\u0131n kamuoyunun g\u00fcndemine geldi\u011fini ancak K\u0131br\u0131s T\u00fcrk Elektrik Kurumu\u2019nda elektrik tarifelerine fiyat art\u0131\u015f\u0131yla ilgili bir \u00e7al\u0131\u015fman\u0131n bulunmad\u0131\u011f\u0131 belirtildi. A\u00e7\u0131klamada, ortaya konulan iddialar\u0131n ger\u00e7e\u011fi yans\u0131tmad\u0131\u011f\u0131 ve mevcut elektrik tarifelerinde fiyat de\u011fi\u015fikli\u011fine gidilmesinin g\u00fcndemde olmad\u0131\u011f\u0131 kaydedildi.\" \/>\n<meta property=\"og:url\" content=\"https:\/\/kibrisdakik.com\/?p=47222\" \/>\n<meta property=\"article:published_time\" content=\"2024-06-25T04:00:15+00:00\" \/>\n<meta property=\"og:image\" content=\"https:\/\/kibrisdakik.com\/wp-content\/uploads\/2024\/06\/kib-tek-elektrik-tarifelerinde-fiyat-degisikligi-yapilmayacak-1719238062.webp.webp\" \/>\n\t<meta property=\"og:image:width\" content=\"710\" \/>\n\t<meta property=\"og:image:height\" content=\"370\" \/>\n\t<meta property=\"og:image:type\" content=\"image\/webp\" \/>\n<meta name=\"author\" content=\"admin\" \/>\n<meta name=\"twitter:card\" content=\"summary_large_image\" \/>\n<meta name=\"twitter:label1\" content=\"Yazan:\" \/>\n\t<meta name=\"twitter:data1\" content=\"admin\" \/>\n<script type=\"application\/ld+json\" class=\"yoast-schema-graph\">{\"@context\":\"https:\\\/\\\/schema.org\",\"@graph\":[{\"@type\":\"Article\",\"@id\":\"https:\\\/\\\/kibrisdakik.com\\\/?p=47222#article\",\"isPartOf\":{\"@id\":\"https:\\\/\\\/kibrisdakik.com\\\/?p=47222\"},\"author\":{\"name\":\"admin\",\"@id\":\"https:\\\/\\\/kibrisdakik.com\\\/#\\\/schema\\\/person\\\/9cd9d437bbb44f72b73ba127e06d8e79\"},\"headline\":\"K\u0131b-Tek \u201cElektrik tarifelerinde fiyat de\u011fi\u015fikli\u011fi yap\u0131lmayacak\u201d\",\"datePublished\":\"2024-06-25T04:00:15+00:00\",\"mainEntityOfPage\":{\"@id\":\"https:\\\/\\\/kibrisdakik.com\\\/?p=47222\"},\"wordCount\":86,\"commentCount\":0,\"image\":{\"@id\":\"https:\\\/\\\/kibrisdakik.com\\\/?p=47222#primaryimage\"},\"thumbnailUrl\":\"https:\\\/\\\/kibrisdakik.com\\\/wp-content\\\/uploads\\\/2024\\\/06\\\/kib-tek-elektrik-tarifelerinde-fiyat-degisikligi-yapilmayacak-1719238062.webp.webp\",\"articleSection\":[\"Spor\"],\"inLanguage\":\"tr\",\"potentialAction\":[{\"@type\":\"CommentAction\",\"name\":\"Comment\",\"target\":[\"https:\\\/\\\/kibrisdakik.com\\\/?p=47222#respond\"]}]},{\"@type\":\"WebPage\",\"@id\":\"https:\\\/\\\/kibrisdakik.com\\\/?p=47222\",\"url\":\"https:\\\/\\\/kibrisdakik.com\\\/?p=47222\",\"name\":\"K\u0131b-Tek \u201cElektrik tarifelerinde fiyat de\u011fi\u015fikli\u011fi yap\u0131lmayacak\u201d -\",\"isPartOf\":{\"@id\":\"https:\\\/\\\/kibrisdakik.com\\\/#website\"},\"primaryImageOfPage\":{\"@id\":\"https:\\\/\\\/kibrisdakik.com\\\/?p=47222#primaryimage\"},\"image\":{\"@id\":\"https:\\\/\\\/kibrisdakik.com\\\/?p=47222#primaryimage\"},\"thumbnailUrl\":\"https:\\\/\\\/kibrisdakik.com\\\/wp-content\\\/uploads\\\/2024\\\/06\\\/kib-tek-elektrik-tarifelerinde-fiyat-degisikligi-yapilmayacak-1719238062.webp.webp\",\"datePublished\":\"2024-06-25T04:00:15+00:00\",\"author\":{\"@id\":\"https:\\\/\\\/kibrisdakik.com\\\/#\\\/schema\\\/person\\\/9cd9d437bbb44f72b73ba127e06d8e79\"},\"breadcrumb\":{\"@id\":\"https:\\\/\\\/kibrisdakik.com\\\/?p=47222#breadcrumb\"},\"inLanguage\":\"tr\",\"potentialAction\":[{\"@type\":\"ReadAction\",\"target\":[\"https:\\\/\\\/kibrisdakik.com\\\/?p=47222\"]}]},{\"@type\":\"ImageObject\",\"inLanguage\":\"tr\",\"@id\":\"https:\\\/\\\/kibrisdakik.com\\\/?p=47222#primaryimage\",\"url\":\"https:\\\/\\\/kibrisdakik.com\\\/wp-content\\\/uploads\\\/2024\\\/06\\\/kib-tek-elektrik-tarifelerinde-fiyat-degisikligi-yapilmayacak-1719238062.webp.webp\",\"contentUrl\":\"https:\\\/\\\/kibrisdakik.com\\\/wp-content\\\/uploads\\\/2024\\\/06\\\/kib-tek-elektrik-tarifelerinde-fiyat-degisikligi-yapilmayacak-1719238062.webp.webp\",\"width\":710,\"height\":370},{\"@type\":\"BreadcrumbList\",\"@id\":\"https:\\\/\\\/kibrisdakik.com\\\/?p=47222#breadcrumb\",\"itemListElement\":[{\"@type\":\"ListItem\",\"position\":1,\"name\":\"Home\",\"item\":\"https:\\\/\\\/kibrisdakik.com\\\/\"},{\"@type\":\"ListItem\",\"position\":2,\"name\":\"K\u0131b-Tek \u201cElektrik tarifelerinde fiyat de\u011fi\u015fikli\u011fi yap\u0131lmayacak\u201d\"}]},{\"@type\":\"WebSite\",\"@id\":\"https:\\\/\\\/kibrisdakik.com\\\/#website\",\"url\":\"https:\\\/\\\/kibrisdakik.com\\\/\",\"name\":\"\",\"description\":\"Tam vaktinde haber\",\"potentialAction\":[{\"@type\":\"SearchAction\",\"target\":{\"@type\":\"EntryPoint\",\"urlTemplate\":\"https:\\\/\\\/kibrisdakik.com\\\/?s={search_term_string}\"},\"query-input\":{\"@type\":\"PropertyValueSpecification\",\"valueRequired\":true,\"valueName\":\"search_term_string\"}}],\"inLanguage\":\"tr\"},{\"@type\":\"Person\",\"@id\":\"https:\\\/\\\/kibrisdakik.com\\\/#\\\/schema\\\/person\\\/9cd9d437bbb44f72b73ba127e06d8e79\",\"name\":\"admin\",\"image\":{\"@type\":\"ImageObject\",\"inLanguage\":\"tr\",\"@id\":\"https:\\\/\\\/secure.gravatar.com\\\/avatar\\\/ccc17943b9d660506c869530f897617f7cb1c21a4bf30023f252596d83e1f007?s=96&d=mm&r=g\",\"url\":\"https:\\\/\\\/secure.gravatar.com\\\/avatar\\\/ccc17943b9d660506c869530f897617f7cb1c21a4bf30023f252596d83e1f007?s=96&d=mm&r=g\",\"contentUrl\":\"https:\\\/\\\/secure.gravatar.com\\\/avatar\\\/ccc17943b9d660506c869530f897617f7cb1c21a4bf30023f252596d83e1f007?s=96&d=mm&r=g\",\"caption\":\"admin\"},\"sameAs\":[\"https:\\\/\\\/kibrisdakik.com\"],\"url\":\"https:\\\/\\\/kibrisdakik.com\\\/?author=1\"}]}<\/script>\n<!-- \/ Yoast SEO plugin. -->","yoast_head_json":{"title":"K\u0131b-Tek \u201cElektrik tarifelerinde fiyat de\u011fi\u015fikli\u011fi yap\u0131lmayacak\u201d -","robots":{"index":"index","follow":"follow","max-snippet":"max-snippet:-1","max-image-preview":"max-image-preview:large","max-video-preview":"max-video-preview:-1"},"canonical":"https:\/\/kibrisdakik.com\/?p=47222","og_locale":"tr_TR","og_type":"article","og_title":"K\u0131b-Tek \u201cElektrik tarifelerinde fiyat de\u011fi\u015fikli\u011fi yap\u0131lmayacak\u201d -","og_description":"Kurumdan yap\u0131lan yaz\u0131l\u0131 a\u00e7\u0131klamada, baz\u0131 bas\u0131n yay\u0131n organlar\u0131nda yer alan \u201celektrik tarifelerine zam yap\u0131laca\u011f\u0131\u201d iddias\u0131n\u0131n kamuoyunun g\u00fcndemine geldi\u011fini ancak K\u0131br\u0131s T\u00fcrk Elektrik Kurumu\u2019nda elektrik tarifelerine fiyat art\u0131\u015f\u0131yla ilgili bir \u00e7al\u0131\u015fman\u0131n bulunmad\u0131\u011f\u0131 belirtildi. A\u00e7\u0131klamada, ortaya konulan iddialar\u0131n ger\u00e7e\u011fi yans\u0131tmad\u0131\u011f\u0131 ve mevcut elektrik tarifelerinde fiyat de\u011fi\u015fikli\u011fine gidilmesinin g\u00fcndemde olmad\u0131\u011f\u0131 kaydedildi.","og_url":"https:\/\/kibrisdakik.com\/?p=47222","article_published_time":"2024-06-25T04:00:15+00:00","og_image":[{"width":710,"height":370,"url":"https:\/\/kibrisdakik.com\/wp-content\/uploads\/2024\/06\/kib-tek-elektrik-tarifelerinde-fiyat-degisikligi-yapilmayacak-1719238062.webp.webp","type":"image\/webp"}],"author":"admin","twitter_card":"summary_large_image","twitter_misc":{"Yazan:":"admin"},"schema":{"@context":"https:\/\/schema.org","@graph":[{"@type":"Article","@id":"https:\/\/kibrisdakik.com\/?p=47222#article","isPartOf":{"@id":"https:\/\/kibrisdakik.com\/?p=47222"},"author":{"name":"admin","@id":"https:\/\/kibrisdakik.com\/#\/schema\/person\/9cd9d437bbb44f72b73ba127e06d8e79"},"headline":"K\u0131b-Tek \u201cElektrik tarifelerinde fiyat de\u011fi\u015fikli\u011fi yap\u0131lmayacak\u201d","datePublished":"2024-06-25T04:00:15+00:00","mainEntityOfPage":{"@id":"https:\/\/kibrisdakik.com\/?p=47222"},"wordCount":86,"commentCount":0,"image":{"@id":"https:\/\/kibrisdakik.com\/?p=47222#primaryimage"},"thumbnailUrl":"https:\/\/kibrisdakik.com\/wp-content\/uploads\/2024\/06\/kib-tek-elektrik-tarifelerinde-fiyat-degisikligi-yapilmayacak-1719238062.webp.webp","articleSection":["Spor"],"inLanguage":"tr","potentialAction":[{"@type":"CommentAction","name":"Comment","target":["https:\/\/kibrisdakik.com\/?p=47222#respond"]}]},{"@type":"WebPage","@id":"https:\/\/kibrisdakik.com\/?p=47222","url":"https:\/\/kibrisdakik.com\/?p=47222","name":"K\u0131b-Tek \u201cElektrik tarifelerinde fiyat de\u011fi\u015fikli\u011fi yap\u0131lmayacak\u201d -","isPartOf":{"@id":"https:\/\/kibrisdakik.com\/#website"},"primaryImageOfPage":{"@id":"https:\/\/kibrisdakik.com\/?p=47222#primaryimage"},"image":{"@id":"https:\/\/kibrisdakik.com\/?p=47222#primaryimage"},"thumbnailUrl":"https:\/\/kibrisdakik.com\/wp-content\/uploads\/2024\/06\/kib-tek-elektrik-tarifelerinde-fiyat-degisikligi-yapilmayacak-1719238062.webp.webp","datePublished":"2024-06-25T04:00:15+00:00","author":{"@id":"https:\/\/kibrisdakik.com\/#\/schema\/person\/9cd9d437bbb44f72b73ba127e06d8e79"},"breadcrumb":{"@id":"https:\/\/kibrisdakik.com\/?p=47222#breadcrumb"},"inLanguage":"tr","potentialAction":[{"@type":"ReadAction","target":["https:\/\/kibrisdakik.com\/?p=47222"]}]},{"@type":"ImageObject","inLanguage":"tr","@id":"https:\/\/kibrisdakik.com\/?p=47222#primaryimage","url":"https:\/\/kibrisdakik.com\/wp-content\/uploads\/2024\/06\/kib-tek-elektrik-tarifelerinde-fiyat-degisikligi-yapilmayacak-1719238062.webp.webp","contentUrl":"https:\/\/kibrisdakik.com\/wp-content\/uploads\/2024\/06\/kib-tek-elektrik-tarifelerinde-fiyat-degisikligi-yapilmayacak-1719238062.webp.webp","width":710,"height":370},{"@type":"BreadcrumbList","@id":"https:\/\/kibrisdakik.com\/?p=47222#breadcrumb","itemListElement":[{"@type":"ListItem","position":1,"name":"Home","item":"https:\/\/kibrisdakik.com\/"},{"@type":"ListItem","position":2,"name":"K\u0131b-Tek \u201cElektrik tarifelerinde fiyat de\u011fi\u015fikli\u011fi yap\u0131lmayacak\u201d"}]},{"@type":"WebSite","@id":"https:\/\/kibrisdakik.com\/#website","url":"https:\/\/kibrisdakik.com\/","name":"","description":"Tam vaktinde haber","potentialAction":[{"@type":"SearchAction","target":{"@type":"EntryPoint","urlTemplate":"https:\/\/kibrisdakik.com\/?s={search_term_string}"},"query-input":{"@type":"PropertyValueSpecification","valueRequired":true,"valueName":"search_term_string"}}],"inLanguage":"tr"},{"@type":"Person","@id":"https:\/\/kibrisdakik.com\/#\/schema\/person\/9cd9d437bbb44f72b73ba127e06d8e79","name":"admin","image":{"@type":"ImageObject","inLanguage":"tr","@id":"https:\/\/secure.gravatar.com\/avatar\/ccc17943b9d660506c869530f897617f7cb1c21a4bf30023f252596d83e1f007?s=96&d=mm&r=g","url":"https:\/\/secure.gravatar.com\/avatar\/ccc17943b9d660506c869530f897617f7cb1c21a4bf30023f252596d83e1f007?s=96&d=mm&r=g","contentUrl":"https:\/\/secure.gravatar.com\/avatar\/ccc17943b9d660506c869530f897617f7cb1c21a4bf30023f252596d83e1f007?s=96&d=mm&r=g","caption":"admin"},"sameAs":["https:\/\/kibrisdakik.com"],"url":"https:\/\/kibrisdakik.com\/?author=1"}]}},"_links":{"self":[{"href":"https:\/\/kibrisdakik.com\/index.php?rest_route=\/wp\/v2\/posts\/47222","targetHints":{"allow":["GET"]}}],"collection":[{"href":"https:\/\/kibrisdakik.com\/index.php?rest_route=\/wp\/v2\/posts"}],"about":[{"href":"https:\/\/kibrisdakik.com\/index.php?rest_route=\/wp\/v2\/types\/post"}],"author":[{"embeddable":true,"href":"https:\/\/kibrisdakik.com\/index.php?rest_route=\/wp\/v2\/users\/1"}],"replies":[{"embeddable":true,"href":"https:\/\/kibrisdakik.com\/index.php?rest_route=%2Fwp%2Fv2%2Fcomments&post=47222"}],"version-history":[{"count":0,"href":"https:\/\/kibrisdakik.com\/index.php?rest_route=\/wp\/v2\/posts\/47222\/revisions"}],"wp:featuredmedia":[{"embeddable":true,"href":"https:\/\/kibrisdakik.com\/index.php?rest_route=\/wp\/v2\/media\/47223"}],"wp:attachment":[{"href":"https:\/\/kibrisdakik.com\/index.php?rest_route=%2Fwp%2Fv2%2Fmedia&parent=47222"}],"wp:term":[{"taxonomy":"category","embeddable":true,"href":"https:\/\/kibrisdakik.com\/index.php?rest_route=%2Fwp%2Fv2%2Fcategories&post=47222"},{"taxonomy":"post_tag","embeddable":true,"href":"https:\/\/kibrisdakik.com\/index.php?rest_route=%2Fwp%2Fv2%2Ftags&post=47222"}],"curies":[{"name":"wp","href":"https:\/\/api.w.org\/{rel}","templated":true}]}}