{"id":47226,"date":"2024-06-25T05:00:53","date_gmt":"2024-06-25T05:00:53","guid":{"rendered":"https:\/\/kibrisdakik.com\/index.php\/2024\/06\/25\/meclis-genel-kurulunda-kimyasallar-yasa-tasarisi-ele-aliniyor-2\/"},"modified":"2024-06-25T05:00:53","modified_gmt":"2024-06-25T05:00:53","slug":"meclis-genel-kurulunda-kimyasallar-yasa-tasarisi-ele-aliniyor-2","status":"publish","type":"post","link":"https:\/\/kibrisdakik.com\/?p=47226","title":{"rendered":"Meclis Genel Kurulu\u2019nda Kimyasallar Yasa Tasar\u0131s\u0131 ele al\u0131n\u0131yor"},"content":{"rendered":"<p><img decoding=\"async\" src=\"https:\/\/www.kibristurk.com\/images\/haberler\/2024\/06\/meclis-genel-kurulunda-kimyasallar-yasa-tasarisi-ele-aliniyor-1719237672.webp\" \/><\/p>\n<p style=\"text-align:left\"><span style=\"font-size:16px\"><span style=\"font-family:Merriweather,serif !important\"><span style=\"color:#000000\"><span style=\"background-color:#ffffff\">Yasama g\u00fcndemiyle toplanan Genel Kurul\u2019da ana muhalefet Partisi Cumhuriyet\u00e7i T\u00fcrk Partisi (CTP) Genel Ba\u015fkan\u0131 Tufan Erh\u00fcrman\u2019\u0131n konu\u015fmas\u0131n\u0131n ard\u0131ndan komitelerden gelen yasa tasar\u0131lar\u0131 ele al\u0131nmaya ba\u015fland\u0131.<\/span><\/span><\/span><\/span><\/p>\n<p style=\"text-align:left\"><span style=\"font-size:16px\"><span style=\"font-family:Merriweather,serif !important\"><span style=\"color:#000000\"><span style=\"background-color:#ffffff\">\u0130lk olarak ele al\u0131nan Kimyasallar Yasa Tasar\u0131s\u0131\u2019na ili\u015fkin Komite raporu, Avrupa Birli\u011fi Uyum Yasa Tasar\u0131lar\u0131n\u0131 G\u00f6r\u00fc\u015fmek \u00dczere Olu\u015fturulan Ge\u00e7ici ve \u00d6zel Komite Ba\u015fkan\u0131 UBP Milletvekili O\u011fuzhan Hasipo\u011flu taraf\u0131ndan okundu.<\/span><\/span><\/span><\/span><\/p>\n<p style=\"text-align:left\"><span style=\"font-size:16px\"><span style=\"font-family:Merriweather,serif !important\"><span style=\"color:#000000\"><span style=\"background-color:#ffffff\">&#8211; \u00c7olako\u011flu<\/span><\/span><\/span><\/span><\/p>\n<p style=\"text-align:left\"><span style=\"font-size:16px\"><span style=\"font-family:Merriweather,serif !important\"><span style=\"color:#000000\"><span style=\"background-color:#ffffff\">Ard\u0131ndan Rapor ve tasar\u0131 \u00fczerine s\u00f6z alan Komite \u00fcyesi, CTP Milletvekili \u015eifa \u00c7olako\u011flu, uzun y\u0131llard\u0131r Meclis\u2019in alt komitelerinde \u00e7al\u0131\u015fan, sa\u011fl\u0131k ve \u00e7evre \u00fczerinde b\u00fcy\u00fck \u00f6nemi olan s\u00f6z konusu&nbsp; yasaya katk\u0131 koyan herkese te\u015fekk\u00fcrlerini sundu.<\/span><\/span><\/span><\/span><\/p>\n<p style=\"text-align:left\"><span style=\"font-size:16px\"><span style=\"font-family:Merriweather,serif !important\"><span style=\"color:#000000\"><span style=\"background-color:#ffffff\">\u00c7olako\u011flu, Yasa Tasar\u0131s\u0131&#8217;na ili\u015fkin teknik dairelerde \u00e7al\u0131\u015fan personelin b\u00fcy\u00fck \u00f6zveride bulundu\u011funu kaydederek, Tasar\u0131&#8217;n\u0131n b\u00fcy\u00fck oranda uzla\u015f\u0131yla tamamland\u0131\u011f\u0131n\u0131 belirtti.<\/span><\/span><\/span><\/span><\/p>\n<p style=\"text-align:left\"><span style=\"font-size:16px\"><span style=\"font-family:Merriweather,serif !important\"><span style=\"color:#000000\"><span style=\"background-color:#ffffff\">&#8211; Besim<\/span><\/span><\/span><\/span><\/p>\n<p style=\"text-align:left\"><span style=\"font-size:16px\"><span style=\"font-family:Merriweather,serif !important\"><span style=\"color:#000000\"><span style=\"background-color:#ffffff\">CTP Milletvekili Filiz Besim ise, Kimyasallar Yasas\u0131&#8217;n\u0131n uzun y\u0131llard\u0131r g\u00fcndemde oldu\u011funu kaydederek, kimyasallar gibi sa\u011fl\u0131k ve \u00e7evreyi birebir etkileyecek bir konunun bir yasa alt\u0131nda d\u00fczenlenmesinin ve bu konuda kriterler belirtilmesinin \u00f6nemli ve anlaml\u0131 oldu\u011funu belirtti.<\/span><\/span><\/span><\/span><\/p>\n<p style=\"text-align:left\"><span style=\"font-size:16px\"><span style=\"font-family:Merriweather,serif !important\"><span style=\"color:#000000\"><span style=\"background-color:#ffffff\">Besim, yasan\u0131n uygulanabilmesi i\u00e7in kurulmas\u0131 gereken sistemler oldu\u011funu ifade ederek, yasan\u0131n t\u00fcm kimyasallar\u0131 denetleyecek g\u00fc\u00e7te olmad\u0131\u011f\u0131n\u0131, mesela radyoaktif maddelerin bu yasan\u0131n kapsam\u0131nda olmad\u0131\u011f\u0131n\u0131 s\u00f6yledi.<\/span><\/span><\/span><\/span><\/p>\n<p style=\"text-align:left\"><span style=\"font-size:16px\"><span style=\"font-family:Merriweather,serif !important\"><span style=\"color:#000000\"><span style=\"background-color:#ffffff\">Besim, bir\u00e7ok solunum hastal\u0131\u011f\u0131na sebebiyet veren tozlar\u0131n da&nbsp; yasada yer almad\u0131\u011f\u0131n\u0131 ifade ederek, tozlar\u0131n da denetim alt\u0131na al\u0131nabilmesi, \u00f6l\u00e7\u00fcm ve bertaraf\u0131n\u0131n yap\u0131lmas\u0131 gerekti\u011fini belirtti.<\/span><\/span><\/span><\/span><\/p>\n<p style=\"text-align:left\"><span style=\"font-size:16px\"><span style=\"font-family:Merriweather,serif !important\"><span style=\"color:#000000\"><span style=\"background-color:#ffffff\">Besim, s\u00f6z konusu yasan\u0131n uygulanabilmesi temennisinde bulundu, yasan\u0131n uygulay\u0131c\u0131s\u0131 olacak Sa\u011fl\u0131k Bakanl\u0131\u011f\u0131&#8217;na \u00e7a\u011fr\u0131da bulunarak,&nbsp; yasan\u0131n uygulanmas\u0131 i\u00e7in personel art\u0131r\u0131m\u0131na ihtiya\u00e7 oldu\u011funa i\u015faret etti, konuyla ilgili yasa \u00e7al\u0131\u015fmas\u0131 da yap\u0131lmas\u0131 gerekti\u011fini s\u00f6yledi.<\/span><\/span><\/span><\/span><\/p>\n<p style=\"text-align:left\"><span style=\"font-size:16px\"><span style=\"font-family:Merriweather,serif !important\"><span style=\"color:#000000\"><span style=\"background-color:#ffffff\">Bu yasa gibi AB kriterlerine uygun olarak haz\u0131rlanan Hal Yasas\u0131\u2019n\u0131n \u015fu anda uygulanam\u0131yor oldu\u011funu ifade eden Besim, Kimyasallar Yasas\u0131&#8217;n\u0131n&nbsp; Hal Yasas\u0131\u2019na benzememesi \u00e7a\u011fr\u0131s\u0131nda bulundu.<\/span><\/span><\/span><\/span><\/p>\n<p style=\"text-align:left\"><span style=\"font-size:16px\"><span style=\"font-family:Merriweather,serif !important\"><span style=\"color:#000000\"><span style=\"background-color:#ffffff\">Yasa Tasar\u0131s\u0131 \u00e7al\u0131\u015fmalar\u0131na katk\u0131 koyanlara te\u015fekk\u00fcrlerini ileten Besim, Tasar\u0131&#8217;da yer alan \u201cAR-GE \u00e7al\u0131\u015fmalar\u0131 i\u00e7in denetim gerekmedi\u011fi\u201d ibaresine ele\u015ftirilerde bulunarak, bunun riskli bir durum oldu\u011funu savundu.<\/span><\/span><\/span><\/span><\/p>\n<p style=\"text-align:left\"><span style=\"font-size:16px\"><span style=\"font-family:Merriweather,serif !important\"><span style=\"color:#000000\"><span style=\"background-color:#ffffff\">Besim, h\u0131zl\u0131 bir \u015fekilde yasan\u0131n t\u00fcz\u00fcklerinin de ge\u00e7irilmesi gerekti\u011fini kaydederek,<\/span><\/span><\/span><\/span><\/p>\n<p style=\"text-align:left\"><span style=\"font-size:16px\"><span style=\"font-family:Merriweather,serif !important\"><span style=\"color:#000000\"><span style=\"background-color:#ffffff\">&#8211; Amcao\u011flu<\/span><\/span><\/span><\/span><\/p>\n<p style=\"text-align:left\"><span style=\"font-size:16px\"><span style=\"font-family:Merriweather,serif !important\"><span style=\"color:#000000\"><span style=\"background-color:#ffffff\">Milletvekili Besim\u2019in ard\u0131ndan yerinden s\u00f6z alan Ekonomi ve Enerji Bakan\u0131 Olgun Amcao\u011flu, oy birli\u011fiyle ge\u00e7en&nbsp; Yasa Tasar\u0131s\u0131&#8217;na ili\u015fkin Besim\u2019in kayg\u0131lar\u0131 olmas\u0131n\u0131 ele\u015ftirdi, kayg\u0131lara ra\u011fmen neden ge\u00e7irildi\u011fini sordu. Bakan Amcao\u011flu, Hal Yasas\u0131\u2019na y\u00f6nelik Besim\u2019in ifadelerine de kar\u015f\u0131l\u0131k vererek,&nbsp; yasan\u0131n t\u00fcz\u00fcklerinin haz\u0131r oldu\u011funu kaydetti.<\/span><\/span><\/span><\/span><\/p>\n<p style=\"text-align:left\"><span style=\"font-size:16px\"><span style=\"font-family:Merriweather,serif !important\"><span style=\"color:#000000\"><span style=\"background-color:#ffffff\">Besim, bunun \u00fczerine, yasada kurulmas\u0131 ve olu\u015fturulmas\u0131 gereken sistemler oldu\u011funu kaydederek, Sa\u011fl\u0131k Bakanl\u0131\u011f\u0131 personel al\u0131m\u0131na gitmezse yasan\u0131n uygulanmas\u0131n\u0131n m\u00fcmk\u00fcn olmayaca\u011f\u0131 d\u00fc\u015f\u00fcncesini payla\u015ft\u0131.<\/span><\/span><\/span><\/span><\/p>\n<p style=\"text-align:left\"><span style=\"font-size:16px\"><span style=\"font-family:Merriweather,serif !important\"><span style=\"color:#000000\"><span style=\"background-color:#ffffff\">&#8211; Rogers<\/span><\/span><\/span><\/span><\/p>\n<p style=\"text-align:left\"><span style=\"font-size:16px\"><span style=\"font-family:Merriweather,serif !important\"><span style=\"color:#000000\"><span style=\"background-color:#ffffff\">Ba\u011f\u0131ms\u0131z Milletvekili Jale Refik Rogers da s\u00f6z alarak, uzun y\u0131llard\u0131r \u00fczerinde \u00e7al\u0131\u015f\u0131lan bir yasa tasar\u0131s\u0131 oldu\u011funu kaydederek, eme\u011fi ge\u00e7en herkese te\u015fekk\u00fcrlerini iletti.<\/span><\/span><\/span><\/span><\/p>\n<p style=\"text-align:left\"><span style=\"font-size:16px\"><span style=\"font-family:Merriweather,serif !important\"><span style=\"color:#000000\"><span style=\"background-color:#ffffff\">Rogers, bir yasan\u0131n oy birli\u011fiyle ge\u00e7ebilece\u011fini ve buna ra\u011fmen eksikliklerin ifade edilebilece\u011fini belirterek, yasan\u0131n kapsamad\u0131\u011f\u0131 bir\u00e7ok maddenin varl\u0131\u011f\u0131na dikkat \u00e7ekti.<\/span><\/span><\/span><\/span><\/p>\n<p style=\"text-align:left\"><span style=\"font-size:16px\"><span style=\"font-family:Merriweather,serif !important\"><span style=\"color:#000000\"><span style=\"background-color:#ffffff\">Sa\u011fl\u0131k Bakanl\u0131\u011f\u0131&#8217;ndaki kimyagerlerin yasal bo\u015flu\u011fa ra\u011fmen&nbsp; kimyasallarla \u00e7al\u0131\u015fmalar y\u00fcr\u00fctt\u00fcklerini s\u00f6yleyerek, en b\u00fcy\u00fck s\u0131k\u0131nt\u0131n\u0131n personelin yerle\u015ftirilebilece\u011fi bir te\u015fkilat \u015femas\u0131 olmad\u0131\u011f\u0131n\u0131, bunun bir\u00e7ok yasan\u0131n uygulanmas\u0131n\u0131n engellerinden biri oldu\u011funu kaydetti.<\/span><\/span><\/span><\/span><\/p>\n<p style=\"text-align:left\"><span style=\"font-size:16px\"><span style=\"font-family:Merriweather,serif !important\"><span style=\"color:#000000\"><span style=\"background-color:#ffffff\">Yasa uygulanmayacaksa yap\u0131lmas\u0131n\u0131n bir anlam\u0131 olmad\u0131\u011f\u0131n\u0131 belirten Rogers, \u00e7al\u0131\u015fmalar\u0131n takip\u00e7isi olacaklar\u0131n\u0131 belirtti.<\/span><\/span><\/span><\/span><\/p>\n","protected":false},"excerpt":{"rendered":"<p>Yasama g\u00fcndemiyle toplanan Genel Kurul\u2019da ana muhalefet Partisi Cumhuriyet\u00e7i T\u00fcrk Partisi (CTP) Genel Ba\u015fkan\u0131 Tufan Erh\u00fcrman\u2019\u0131n konu\u015fmas\u0131n\u0131n ard\u0131ndan komitelerden gelen yasa tasar\u0131lar\u0131 ele al\u0131nmaya ba\u015fland\u0131. \u0130lk olarak ele al\u0131nan Kimyasallar Yasa Tasar\u0131s\u0131\u2019na ili\u015fkin Komite raporu, Avrupa Birli\u011fi Uyum Yasa Tasar\u0131lar\u0131n\u0131 G\u00f6r\u00fc\u015fmek \u00dczere Olu\u015fturulan Ge\u00e7ici ve \u00d6zel Komite Ba\u015fkan\u0131 UBP Milletvekili O\u011fuzhan Hasipo\u011flu taraf\u0131ndan okundu. &#8211;<\/p>\n","protected":false},"author":1,"featured_media":47227,"comment_status":"open","ping_status":"open","sticky":false,"template":"","format":"standard","meta":{"footnotes":""},"categories":[85],"tags":[],"class_list":["post-47226","post","type-post","status-publish","format-standard","has-post-thumbnail","hentry","category-spor"],"yoast_head":"<!-- This site is optimized with the Yoast SEO plugin v27.4 - https:\/\/yoast.com\/product\/yoast-seo-wordpress\/ -->\n<title>Meclis Genel Kurulu\u2019nda Kimyasallar Yasa Tasar\u0131s\u0131 ele al\u0131n\u0131yor -<\/title>\n<meta name=\"robots\" content=\"index, follow, max-snippet:-1, max-image-preview:large, max-video-preview:-1\" \/>\n<link rel=\"canonical\" href=\"https:\/\/kibrisdakik.com\/?p=47226\" \/>\n<meta property=\"og:locale\" content=\"tr_TR\" \/>\n<meta property=\"og:type\" content=\"article\" \/>\n<meta property=\"og:title\" content=\"Meclis Genel Kurulu\u2019nda Kimyasallar Yasa Tasar\u0131s\u0131 ele al\u0131n\u0131yor -\" \/>\n<meta property=\"og:description\" content=\"Yasama g\u00fcndemiyle toplanan Genel Kurul\u2019da ana muhalefet Partisi Cumhuriyet\u00e7i T\u00fcrk Partisi (CTP) Genel Ba\u015fkan\u0131 Tufan Erh\u00fcrman\u2019\u0131n konu\u015fmas\u0131n\u0131n ard\u0131ndan komitelerden gelen yasa tasar\u0131lar\u0131 ele al\u0131nmaya ba\u015fland\u0131. \u0130lk olarak ele al\u0131nan Kimyasallar Yasa Tasar\u0131s\u0131\u2019na ili\u015fkin Komite raporu, Avrupa Birli\u011fi Uyum Yasa Tasar\u0131lar\u0131n\u0131 G\u00f6r\u00fc\u015fmek \u00dczere Olu\u015fturulan Ge\u00e7ici ve \u00d6zel Komite Ba\u015fkan\u0131 UBP Milletvekili O\u011fuzhan Hasipo\u011flu taraf\u0131ndan okundu. &#8211;\" \/>\n<meta property=\"og:url\" content=\"https:\/\/kibrisdakik.com\/?p=47226\" \/>\n<meta property=\"article:published_time\" content=\"2024-06-25T05:00:53+00:00\" \/>\n<meta property=\"og:image\" content=\"https:\/\/kibrisdakik.com\/wp-content\/uploads\/2024\/06\/meclis-genel-kurulunda-kimyasallar-yasa-tasarisi-ele-aliniyor-1719237672.webp.webp\" \/>\n\t<meta property=\"og:image:width\" content=\"710\" \/>\n\t<meta property=\"og:image:height\" content=\"370\" \/>\n\t<meta property=\"og:image:type\" content=\"image\/webp\" \/>\n<meta name=\"author\" content=\"admin\" \/>\n<meta name=\"twitter:card\" content=\"summary_large_image\" \/>\n<meta name=\"twitter:label1\" content=\"Yazan:\" \/>\n\t<meta name=\"twitter:data1\" content=\"admin\" \/>\n\t<meta name=\"twitter:label2\" content=\"Tahmini okuma s\u00fcresi\" \/>\n\t<meta name=\"twitter:data2\" content=\"3 dakika\" \/>\n<script type=\"application\/ld+json\" class=\"yoast-schema-graph\">{\"@context\":\"https:\\\/\\\/schema.org\",\"@graph\":[{\"@type\":\"Article\",\"@id\":\"https:\\\/\\\/kibrisdakik.com\\\/?p=47226#article\",\"isPartOf\":{\"@id\":\"https:\\\/\\\/kibrisdakik.com\\\/?p=47226\"},\"author\":{\"name\":\"admin\",\"@id\":\"https:\\\/\\\/kibrisdakik.com\\\/#\\\/schema\\\/person\\\/9cd9d437bbb44f72b73ba127e06d8e79\"},\"headline\":\"Meclis Genel Kurulu\u2019nda Kimyasallar Yasa Tasar\u0131s\u0131 ele al\u0131n\u0131yor\",\"datePublished\":\"2024-06-25T05:00:53+00:00\",\"mainEntityOfPage\":{\"@id\":\"https:\\\/\\\/kibrisdakik.com\\\/?p=47226\"},\"wordCount\":689,\"commentCount\":0,\"image\":{\"@id\":\"https:\\\/\\\/kibrisdakik.com\\\/?p=47226#primaryimage\"},\"thumbnailUrl\":\"https:\\\/\\\/kibrisdakik.com\\\/wp-content\\\/uploads\\\/2024\\\/06\\\/meclis-genel-kurulunda-kimyasallar-yasa-tasarisi-ele-aliniyor-1719237672.webp.webp\",\"articleSection\":[\"Spor\"],\"inLanguage\":\"tr\",\"potentialAction\":[{\"@type\":\"CommentAction\",\"name\":\"Comment\",\"target\":[\"https:\\\/\\\/kibrisdakik.com\\\/?p=47226#respond\"]}]},{\"@type\":\"WebPage\",\"@id\":\"https:\\\/\\\/kibrisdakik.com\\\/?p=47226\",\"url\":\"https:\\\/\\\/kibrisdakik.com\\\/?p=47226\",\"name\":\"Meclis Genel Kurulu\u2019nda Kimyasallar Yasa Tasar\u0131s\u0131 ele al\u0131n\u0131yor -\",\"isPartOf\":{\"@id\":\"https:\\\/\\\/kibrisdakik.com\\\/#website\"},\"primaryImageOfPage\":{\"@id\":\"https:\\\/\\\/kibrisdakik.com\\\/?p=47226#primaryimage\"},\"image\":{\"@id\":\"https:\\\/\\\/kibrisdakik.com\\\/?p=47226#primaryimage\"},\"thumbnailUrl\":\"https:\\\/\\\/kibrisdakik.com\\\/wp-content\\\/uploads\\\/2024\\\/06\\\/meclis-genel-kurulunda-kimyasallar-yasa-tasarisi-ele-aliniyor-1719237672.webp.webp\",\"datePublished\":\"2024-06-25T05:00:53+00:00\",\"author\":{\"@id\":\"https:\\\/\\\/kibrisdakik.com\\\/#\\\/schema\\\/person\\\/9cd9d437bbb44f72b73ba127e06d8e79\"},\"breadcrumb\":{\"@id\":\"https:\\\/\\\/kibrisdakik.com\\\/?p=47226#breadcrumb\"},\"inLanguage\":\"tr\",\"potentialAction\":[{\"@type\":\"ReadAction\",\"target\":[\"https:\\\/\\\/kibrisdakik.com\\\/?p=47226\"]}]},{\"@type\":\"ImageObject\",\"inLanguage\":\"tr\",\"@id\":\"https:\\\/\\\/kibrisdakik.com\\\/?p=47226#primaryimage\",\"url\":\"https:\\\/\\\/kibrisdakik.com\\\/wp-content\\\/uploads\\\/2024\\\/06\\\/meclis-genel-kurulunda-kimyasallar-yasa-tasarisi-ele-aliniyor-1719237672.webp.webp\",\"contentUrl\":\"https:\\\/\\\/kibrisdakik.com\\\/wp-content\\\/uploads\\\/2024\\\/06\\\/meclis-genel-kurulunda-kimyasallar-yasa-tasarisi-ele-aliniyor-1719237672.webp.webp\",\"width\":710,\"height\":370},{\"@type\":\"BreadcrumbList\",\"@id\":\"https:\\\/\\\/kibrisdakik.com\\\/?p=47226#breadcrumb\",\"itemListElement\":[{\"@type\":\"ListItem\",\"position\":1,\"name\":\"Home\",\"item\":\"https:\\\/\\\/kibrisdakik.com\\\/\"},{\"@type\":\"ListItem\",\"position\":2,\"name\":\"Meclis Genel Kurulu\u2019nda Kimyasallar Yasa Tasar\u0131s\u0131 ele al\u0131n\u0131yor\"}]},{\"@type\":\"WebSite\",\"@id\":\"https:\\\/\\\/kibrisdakik.com\\\/#website\",\"url\":\"https:\\\/\\\/kibrisdakik.com\\\/\",\"name\":\"\",\"description\":\"Tam vaktinde haber\",\"potentialAction\":[{\"@type\":\"SearchAction\",\"target\":{\"@type\":\"EntryPoint\",\"urlTemplate\":\"https:\\\/\\\/kibrisdakik.com\\\/?s={search_term_string}\"},\"query-input\":{\"@type\":\"PropertyValueSpecification\",\"valueRequired\":true,\"valueName\":\"search_term_string\"}}],\"inLanguage\":\"tr\"},{\"@type\":\"Person\",\"@id\":\"https:\\\/\\\/kibrisdakik.com\\\/#\\\/schema\\\/person\\\/9cd9d437bbb44f72b73ba127e06d8e79\",\"name\":\"admin\",\"image\":{\"@type\":\"ImageObject\",\"inLanguage\":\"tr\",\"@id\":\"https:\\\/\\\/secure.gravatar.com\\\/avatar\\\/ccc17943b9d660506c869530f897617f7cb1c21a4bf30023f252596d83e1f007?s=96&d=mm&r=g\",\"url\":\"https:\\\/\\\/secure.gravatar.com\\\/avatar\\\/ccc17943b9d660506c869530f897617f7cb1c21a4bf30023f252596d83e1f007?s=96&d=mm&r=g\",\"contentUrl\":\"https:\\\/\\\/secure.gravatar.com\\\/avatar\\\/ccc17943b9d660506c869530f897617f7cb1c21a4bf30023f252596d83e1f007?s=96&d=mm&r=g\",\"caption\":\"admin\"},\"sameAs\":[\"https:\\\/\\\/kibrisdakik.com\"],\"url\":\"https:\\\/\\\/kibrisdakik.com\\\/?author=1\"}]}<\/script>\n<!-- \/ Yoast SEO plugin. -->","yoast_head_json":{"title":"Meclis Genel Kurulu\u2019nda Kimyasallar Yasa Tasar\u0131s\u0131 ele al\u0131n\u0131yor -","robots":{"index":"index","follow":"follow","max-snippet":"max-snippet:-1","max-image-preview":"max-image-preview:large","max-video-preview":"max-video-preview:-1"},"canonical":"https:\/\/kibrisdakik.com\/?p=47226","og_locale":"tr_TR","og_type":"article","og_title":"Meclis Genel Kurulu\u2019nda Kimyasallar Yasa Tasar\u0131s\u0131 ele al\u0131n\u0131yor -","og_description":"Yasama g\u00fcndemiyle toplanan Genel Kurul\u2019da ana muhalefet Partisi Cumhuriyet\u00e7i T\u00fcrk Partisi (CTP) Genel Ba\u015fkan\u0131 Tufan Erh\u00fcrman\u2019\u0131n konu\u015fmas\u0131n\u0131n ard\u0131ndan komitelerden gelen yasa tasar\u0131lar\u0131 ele al\u0131nmaya ba\u015fland\u0131. \u0130lk olarak ele al\u0131nan Kimyasallar Yasa Tasar\u0131s\u0131\u2019na ili\u015fkin Komite raporu, Avrupa Birli\u011fi Uyum Yasa Tasar\u0131lar\u0131n\u0131 G\u00f6r\u00fc\u015fmek \u00dczere Olu\u015fturulan Ge\u00e7ici ve \u00d6zel Komite Ba\u015fkan\u0131 UBP Milletvekili O\u011fuzhan Hasipo\u011flu taraf\u0131ndan okundu. &#8211;","og_url":"https:\/\/kibrisdakik.com\/?p=47226","article_published_time":"2024-06-25T05:00:53+00:00","og_image":[{"width":710,"height":370,"url":"https:\/\/kibrisdakik.com\/wp-content\/uploads\/2024\/06\/meclis-genel-kurulunda-kimyasallar-yasa-tasarisi-ele-aliniyor-1719237672.webp.webp","type":"image\/webp"}],"author":"admin","twitter_card":"summary_large_image","twitter_misc":{"Yazan:":"admin","Tahmini okuma s\u00fcresi":"3 dakika"},"schema":{"@context":"https:\/\/schema.org","@graph":[{"@type":"Article","@id":"https:\/\/kibrisdakik.com\/?p=47226#article","isPartOf":{"@id":"https:\/\/kibrisdakik.com\/?p=47226"},"author":{"name":"admin","@id":"https:\/\/kibrisdakik.com\/#\/schema\/person\/9cd9d437bbb44f72b73ba127e06d8e79"},"headline":"Meclis Genel Kurulu\u2019nda Kimyasallar Yasa Tasar\u0131s\u0131 ele al\u0131n\u0131yor","datePublished":"2024-06-25T05:00:53+00:00","mainEntityOfPage":{"@id":"https:\/\/kibrisdakik.com\/?p=47226"},"wordCount":689,"commentCount":0,"image":{"@id":"https:\/\/kibrisdakik.com\/?p=47226#primaryimage"},"thumbnailUrl":"https:\/\/kibrisdakik.com\/wp-content\/uploads\/2024\/06\/meclis-genel-kurulunda-kimyasallar-yasa-tasarisi-ele-aliniyor-1719237672.webp.webp","articleSection":["Spor"],"inLanguage":"tr","potentialAction":[{"@type":"CommentAction","name":"Comment","target":["https:\/\/kibrisdakik.com\/?p=47226#respond"]}]},{"@type":"WebPage","@id":"https:\/\/kibrisdakik.com\/?p=47226","url":"https:\/\/kibrisdakik.com\/?p=47226","name":"Meclis Genel Kurulu\u2019nda Kimyasallar Yasa Tasar\u0131s\u0131 ele al\u0131n\u0131yor -","isPartOf":{"@id":"https:\/\/kibrisdakik.com\/#website"},"primaryImageOfPage":{"@id":"https:\/\/kibrisdakik.com\/?p=47226#primaryimage"},"image":{"@id":"https:\/\/kibrisdakik.com\/?p=47226#primaryimage"},"thumbnailUrl":"https:\/\/kibrisdakik.com\/wp-content\/uploads\/2024\/06\/meclis-genel-kurulunda-kimyasallar-yasa-tasarisi-ele-aliniyor-1719237672.webp.webp","datePublished":"2024-06-25T05:00:53+00:00","author":{"@id":"https:\/\/kibrisdakik.com\/#\/schema\/person\/9cd9d437bbb44f72b73ba127e06d8e79"},"breadcrumb":{"@id":"https:\/\/kibrisdakik.com\/?p=47226#breadcrumb"},"inLanguage":"tr","potentialAction":[{"@type":"ReadAction","target":["https:\/\/kibrisdakik.com\/?p=47226"]}]},{"@type":"ImageObject","inLanguage":"tr","@id":"https:\/\/kibrisdakik.com\/?p=47226#primaryimage","url":"https:\/\/kibrisdakik.com\/wp-content\/uploads\/2024\/06\/meclis-genel-kurulunda-kimyasallar-yasa-tasarisi-ele-aliniyor-1719237672.webp.webp","contentUrl":"https:\/\/kibrisdakik.com\/wp-content\/uploads\/2024\/06\/meclis-genel-kurulunda-kimyasallar-yasa-tasarisi-ele-aliniyor-1719237672.webp.webp","width":710,"height":370},{"@type":"BreadcrumbList","@id":"https:\/\/kibrisdakik.com\/?p=47226#breadcrumb","itemListElement":[{"@type":"ListItem","position":1,"name":"Home","item":"https:\/\/kibrisdakik.com\/"},{"@type":"ListItem","position":2,"name":"Meclis Genel Kurulu\u2019nda Kimyasallar Yasa Tasar\u0131s\u0131 ele al\u0131n\u0131yor"}]},{"@type":"WebSite","@id":"https:\/\/kibrisdakik.com\/#website","url":"https:\/\/kibrisdakik.com\/","name":"","description":"Tam vaktinde haber","potentialAction":[{"@type":"SearchAction","target":{"@type":"EntryPoint","urlTemplate":"https:\/\/kibrisdakik.com\/?s={search_term_string}"},"query-input":{"@type":"PropertyValueSpecification","valueRequired":true,"valueName":"search_term_string"}}],"inLanguage":"tr"},{"@type":"Person","@id":"https:\/\/kibrisdakik.com\/#\/schema\/person\/9cd9d437bbb44f72b73ba127e06d8e79","name":"admin","image":{"@type":"ImageObject","inLanguage":"tr","@id":"https:\/\/secure.gravatar.com\/avatar\/ccc17943b9d660506c869530f897617f7cb1c21a4bf30023f252596d83e1f007?s=96&d=mm&r=g","url":"https:\/\/secure.gravatar.com\/avatar\/ccc17943b9d660506c869530f897617f7cb1c21a4bf30023f252596d83e1f007?s=96&d=mm&r=g","contentUrl":"https:\/\/secure.gravatar.com\/avatar\/ccc17943b9d660506c869530f897617f7cb1c21a4bf30023f252596d83e1f007?s=96&d=mm&r=g","caption":"admin"},"sameAs":["https:\/\/kibrisdakik.com"],"url":"https:\/\/kibrisdakik.com\/?author=1"}]}},"_links":{"self":[{"href":"https:\/\/kibrisdakik.com\/index.php?rest_route=\/wp\/v2\/posts\/47226","targetHints":{"allow":["GET"]}}],"collection":[{"href":"https:\/\/kibrisdakik.com\/index.php?rest_route=\/wp\/v2\/posts"}],"about":[{"href":"https:\/\/kibrisdakik.com\/index.php?rest_route=\/wp\/v2\/types\/post"}],"author":[{"embeddable":true,"href":"https:\/\/kibrisdakik.com\/index.php?rest_route=\/wp\/v2\/users\/1"}],"replies":[{"embeddable":true,"href":"https:\/\/kibrisdakik.com\/index.php?rest_route=%2Fwp%2Fv2%2Fcomments&post=47226"}],"version-history":[{"count":0,"href":"https:\/\/kibrisdakik.com\/index.php?rest_route=\/wp\/v2\/posts\/47226\/revisions"}],"wp:featuredmedia":[{"embeddable":true,"href":"https:\/\/kibrisdakik.com\/index.php?rest_route=\/wp\/v2\/media\/47227"}],"wp:attachment":[{"href":"https:\/\/kibrisdakik.com\/index.php?rest_route=%2Fwp%2Fv2%2Fmedia&parent=47226"}],"wp:term":[{"taxonomy":"category","embeddable":true,"href":"https:\/\/kibrisdakik.com\/index.php?rest_route=%2Fwp%2Fv2%2Fcategories&post=47226"},{"taxonomy":"post_tag","embeddable":true,"href":"https:\/\/kibrisdakik.com\/index.php?rest_route=%2Fwp%2Fv2%2Ftags&post=47226"}],"curies":[{"name":"wp","href":"https:\/\/api.w.org\/{rel}","templated":true}]}}