{"id":47275,"date":"2024-06-25T12:07:52","date_gmt":"2024-06-25T12:07:52","guid":{"rendered":"https:\/\/kibrisdakik.com\/index.php\/2024\/06\/25\/ayvalikta-cop-depolama-alaninda-cikan-yangina-mudahale-ediliyor\/"},"modified":"2024-06-25T12:07:52","modified_gmt":"2024-06-25T12:07:52","slug":"ayvalikta-cop-depolama-alaninda-cikan-yangina-mudahale-ediliyor","status":"publish","type":"post","link":"https:\/\/kibrisdakik.com\/?p=47275","title":{"rendered":"Ayval\u0131k&#039;ta \u00e7\u00f6p depolama alan\u0131nda \u00e7\u0131kan yang\u0131na m\u00fcdahale ediliyor"},"content":{"rendered":"<p><img decoding=\"async\" src=\"https:\/\/www.kibristurk.com\/images\/haberler\/2024\/06\/ayvalikta-cop-depolama-alaninda-cikan-yangina-mudahale-ediliyor-1719316288.webp\" \/><\/p>\n<p>\u00c7aml\u0131k Mahallesi&#8217;nde ormanl\u0131k alana yak\u0131n b\u00f6lgedeki \u00e7\u00f6p depolama alan\u0131nda yang\u0131n \u00e7\u0131kt\u0131.<\/p>\n<p>\u0130hbar \u00fczerine b\u00f6lgeye, Bal\u0131kesir B\u00fcy\u00fck\u015fehir Belediyesi itfaiyesi ve Orman B\u00f6lge M\u00fcd\u00fcrl\u00fc\u011f\u00fcne ba\u011fl\u0131 ekipler sevk edildi.<\/p>\n<p>R\u00fczgar\u0131n kuvvetli oldu\u011fu b\u00f6lgedeki hayvan \u00e7iftlikleri ve a\u011f\u0131llar tedbiren bo\u015falt\u0131ld\u0131.<\/p>\n<p>B\u00f6lgeye y\u00f6nlendirilen 4 u\u00e7ak, 2 helikopter, 5 araz\u00f6z ve 60 personelle m\u00fcdahale edilen yang\u0131n kontrol alt\u0131na al\u0131nmaya \u00e7al\u0131\u015f\u0131l\u0131yor.<\/p>\n","protected":false},"excerpt":{"rendered":"<p>\u00c7aml\u0131k Mahallesi&#8217;nde ormanl\u0131k alana yak\u0131n b\u00f6lgedeki \u00e7\u00f6p depolama alan\u0131nda yang\u0131n \u00e7\u0131kt\u0131. \u0130hbar \u00fczerine b\u00f6lgeye, Bal\u0131kesir B\u00fcy\u00fck\u015fehir Belediyesi itfaiyesi ve Orman B\u00f6lge M\u00fcd\u00fcrl\u00fc\u011f\u00fcne ba\u011fl\u0131 ekipler sevk edildi. R\u00fczgar\u0131n kuvvetli oldu\u011fu b\u00f6lgedeki hayvan \u00e7iftlikleri ve a\u011f\u0131llar tedbiren bo\u015falt\u0131ld\u0131. B\u00f6lgeye y\u00f6nlendirilen 4 u\u00e7ak, 2 helikopter, 5 araz\u00f6z ve 60 personelle m\u00fcdahale edilen yang\u0131n kontrol alt\u0131na al\u0131nmaya \u00e7al\u0131\u015f\u0131l\u0131yor.<\/p>\n","protected":false},"author":1,"featured_media":47276,"comment_status":"open","ping_status":"open","sticky":false,"template":"","format":"standard","meta":{"footnotes":""},"categories":[85],"tags":[],"class_list":["post-47275","post","type-post","status-publish","format-standard","has-post-thumbnail","hentry","category-spor"],"yoast_head":"<!-- This site is optimized with the Yoast SEO plugin v27.4 - https:\/\/yoast.com\/product\/yoast-seo-wordpress\/ -->\n<title>Ayval\u0131k&#039;ta \u00e7\u00f6p depolama alan\u0131nda \u00e7\u0131kan yang\u0131na m\u00fcdahale ediliyor -<\/title>\n<meta name=\"robots\" content=\"index, follow, max-snippet:-1, max-image-preview:large, max-video-preview:-1\" \/>\n<link rel=\"canonical\" href=\"https:\/\/kibrisdakik.com\/?p=47275\" \/>\n<meta property=\"og:locale\" content=\"tr_TR\" \/>\n<meta property=\"og:type\" content=\"article\" \/>\n<meta property=\"og:title\" content=\"Ayval\u0131k&#039;ta \u00e7\u00f6p depolama alan\u0131nda \u00e7\u0131kan yang\u0131na m\u00fcdahale ediliyor -\" \/>\n<meta property=\"og:description\" content=\"\u00c7aml\u0131k Mahallesi&#8217;nde ormanl\u0131k alana yak\u0131n b\u00f6lgedeki \u00e7\u00f6p depolama alan\u0131nda yang\u0131n \u00e7\u0131kt\u0131. \u0130hbar \u00fczerine b\u00f6lgeye, Bal\u0131kesir B\u00fcy\u00fck\u015fehir Belediyesi itfaiyesi ve Orman B\u00f6lge M\u00fcd\u00fcrl\u00fc\u011f\u00fcne ba\u011fl\u0131 ekipler sevk edildi. R\u00fczgar\u0131n kuvvetli oldu\u011fu b\u00f6lgedeki hayvan \u00e7iftlikleri ve a\u011f\u0131llar tedbiren bo\u015falt\u0131ld\u0131. B\u00f6lgeye y\u00f6nlendirilen 4 u\u00e7ak, 2 helikopter, 5 araz\u00f6z ve 60 personelle m\u00fcdahale edilen yang\u0131n kontrol alt\u0131na al\u0131nmaya \u00e7al\u0131\u015f\u0131l\u0131yor.\" \/>\n<meta property=\"og:url\" content=\"https:\/\/kibrisdakik.com\/?p=47275\" \/>\n<meta property=\"article:published_time\" content=\"2024-06-25T12:07:52+00:00\" \/>\n<meta property=\"og:image\" content=\"https:\/\/kibrisdakik.com\/wp-content\/uploads\/2024\/06\/ayvalikta-cop-depolama-alaninda-cikan-yangina-mudahale-ediliyor-1719316288.webp.webp\" \/>\n\t<meta property=\"og:image:width\" content=\"710\" \/>\n\t<meta property=\"og:image:height\" content=\"370\" \/>\n\t<meta property=\"og:image:type\" content=\"image\/webp\" \/>\n<meta name=\"author\" content=\"admin\" \/>\n<meta name=\"twitter:card\" content=\"summary_large_image\" \/>\n<meta name=\"twitter:label1\" content=\"Yazan:\" \/>\n\t<meta name=\"twitter:data1\" content=\"admin\" \/>\n<script type=\"application\/ld+json\" class=\"yoast-schema-graph\">{\"@context\":\"https:\\\/\\\/schema.org\",\"@graph\":[{\"@type\":\"Article\",\"@id\":\"https:\\\/\\\/kibrisdakik.com\\\/?p=47275#article\",\"isPartOf\":{\"@id\":\"https:\\\/\\\/kibrisdakik.com\\\/?p=47275\"},\"author\":{\"name\":\"admin\",\"@id\":\"https:\\\/\\\/kibrisdakik.com\\\/#\\\/schema\\\/person\\\/9cd9d437bbb44f72b73ba127e06d8e79\"},\"headline\":\"Ayval\u0131k&#039;ta \u00e7\u00f6p depolama alan\u0131nda \u00e7\u0131kan yang\u0131na m\u00fcdahale ediliyor\",\"datePublished\":\"2024-06-25T12:07:52+00:00\",\"mainEntityOfPage\":{\"@id\":\"https:\\\/\\\/kibrisdakik.com\\\/?p=47275\"},\"wordCount\":96,\"commentCount\":0,\"image\":{\"@id\":\"https:\\\/\\\/kibrisdakik.com\\\/?p=47275#primaryimage\"},\"thumbnailUrl\":\"https:\\\/\\\/kibrisdakik.com\\\/wp-content\\\/uploads\\\/2024\\\/06\\\/ayvalikta-cop-depolama-alaninda-cikan-yangina-mudahale-ediliyor-1719316288.webp.webp\",\"articleSection\":[\"Spor\"],\"inLanguage\":\"tr\",\"potentialAction\":[{\"@type\":\"CommentAction\",\"name\":\"Comment\",\"target\":[\"https:\\\/\\\/kibrisdakik.com\\\/?p=47275#respond\"]}]},{\"@type\":\"WebPage\",\"@id\":\"https:\\\/\\\/kibrisdakik.com\\\/?p=47275\",\"url\":\"https:\\\/\\\/kibrisdakik.com\\\/?p=47275\",\"name\":\"Ayval\u0131k&#039;ta \u00e7\u00f6p depolama alan\u0131nda \u00e7\u0131kan yang\u0131na m\u00fcdahale ediliyor -\",\"isPartOf\":{\"@id\":\"https:\\\/\\\/kibrisdakik.com\\\/#website\"},\"primaryImageOfPage\":{\"@id\":\"https:\\\/\\\/kibrisdakik.com\\\/?p=47275#primaryimage\"},\"image\":{\"@id\":\"https:\\\/\\\/kibrisdakik.com\\\/?p=47275#primaryimage\"},\"thumbnailUrl\":\"https:\\\/\\\/kibrisdakik.com\\\/wp-content\\\/uploads\\\/2024\\\/06\\\/ayvalikta-cop-depolama-alaninda-cikan-yangina-mudahale-ediliyor-1719316288.webp.webp\",\"datePublished\":\"2024-06-25T12:07:52+00:00\",\"author\":{\"@id\":\"https:\\\/\\\/kibrisdakik.com\\\/#\\\/schema\\\/person\\\/9cd9d437bbb44f72b73ba127e06d8e79\"},\"breadcrumb\":{\"@id\":\"https:\\\/\\\/kibrisdakik.com\\\/?p=47275#breadcrumb\"},\"inLanguage\":\"tr\",\"potentialAction\":[{\"@type\":\"ReadAction\",\"target\":[\"https:\\\/\\\/kibrisdakik.com\\\/?p=47275\"]}]},{\"@type\":\"ImageObject\",\"inLanguage\":\"tr\",\"@id\":\"https:\\\/\\\/kibrisdakik.com\\\/?p=47275#primaryimage\",\"url\":\"https:\\\/\\\/kibrisdakik.com\\\/wp-content\\\/uploads\\\/2024\\\/06\\\/ayvalikta-cop-depolama-alaninda-cikan-yangina-mudahale-ediliyor-1719316288.webp.webp\",\"contentUrl\":\"https:\\\/\\\/kibrisdakik.com\\\/wp-content\\\/uploads\\\/2024\\\/06\\\/ayvalikta-cop-depolama-alaninda-cikan-yangina-mudahale-ediliyor-1719316288.webp.webp\",\"width\":710,\"height\":370},{\"@type\":\"BreadcrumbList\",\"@id\":\"https:\\\/\\\/kibrisdakik.com\\\/?p=47275#breadcrumb\",\"itemListElement\":[{\"@type\":\"ListItem\",\"position\":1,\"name\":\"Home\",\"item\":\"https:\\\/\\\/kibrisdakik.com\\\/\"},{\"@type\":\"ListItem\",\"position\":2,\"name\":\"Ayval\u0131k&#039;ta \u00e7\u00f6p depolama alan\u0131nda \u00e7\u0131kan yang\u0131na m\u00fcdahale ediliyor\"}]},{\"@type\":\"WebSite\",\"@id\":\"https:\\\/\\\/kibrisdakik.com\\\/#website\",\"url\":\"https:\\\/\\\/kibrisdakik.com\\\/\",\"name\":\"\",\"description\":\"Tam vaktinde haber\",\"potentialAction\":[{\"@type\":\"SearchAction\",\"target\":{\"@type\":\"EntryPoint\",\"urlTemplate\":\"https:\\\/\\\/kibrisdakik.com\\\/?s={search_term_string}\"},\"query-input\":{\"@type\":\"PropertyValueSpecification\",\"valueRequired\":true,\"valueName\":\"search_term_string\"}}],\"inLanguage\":\"tr\"},{\"@type\":\"Person\",\"@id\":\"https:\\\/\\\/kibrisdakik.com\\\/#\\\/schema\\\/person\\\/9cd9d437bbb44f72b73ba127e06d8e79\",\"name\":\"admin\",\"image\":{\"@type\":\"ImageObject\",\"inLanguage\":\"tr\",\"@id\":\"https:\\\/\\\/secure.gravatar.com\\\/avatar\\\/ccc17943b9d660506c869530f897617f7cb1c21a4bf30023f252596d83e1f007?s=96&d=mm&r=g\",\"url\":\"https:\\\/\\\/secure.gravatar.com\\\/avatar\\\/ccc17943b9d660506c869530f897617f7cb1c21a4bf30023f252596d83e1f007?s=96&d=mm&r=g\",\"contentUrl\":\"https:\\\/\\\/secure.gravatar.com\\\/avatar\\\/ccc17943b9d660506c869530f897617f7cb1c21a4bf30023f252596d83e1f007?s=96&d=mm&r=g\",\"caption\":\"admin\"},\"sameAs\":[\"https:\\\/\\\/kibrisdakik.com\"],\"url\":\"https:\\\/\\\/kibrisdakik.com\\\/?author=1\"}]}<\/script>\n<!-- \/ Yoast SEO plugin. -->","yoast_head_json":{"title":"Ayval\u0131k&#039;ta \u00e7\u00f6p depolama alan\u0131nda \u00e7\u0131kan yang\u0131na m\u00fcdahale ediliyor -","robots":{"index":"index","follow":"follow","max-snippet":"max-snippet:-1","max-image-preview":"max-image-preview:large","max-video-preview":"max-video-preview:-1"},"canonical":"https:\/\/kibrisdakik.com\/?p=47275","og_locale":"tr_TR","og_type":"article","og_title":"Ayval\u0131k&#039;ta \u00e7\u00f6p depolama alan\u0131nda \u00e7\u0131kan yang\u0131na m\u00fcdahale ediliyor -","og_description":"\u00c7aml\u0131k Mahallesi&#8217;nde ormanl\u0131k alana yak\u0131n b\u00f6lgedeki \u00e7\u00f6p depolama alan\u0131nda yang\u0131n \u00e7\u0131kt\u0131. \u0130hbar \u00fczerine b\u00f6lgeye, Bal\u0131kesir B\u00fcy\u00fck\u015fehir Belediyesi itfaiyesi ve Orman B\u00f6lge M\u00fcd\u00fcrl\u00fc\u011f\u00fcne ba\u011fl\u0131 ekipler sevk edildi. R\u00fczgar\u0131n kuvvetli oldu\u011fu b\u00f6lgedeki hayvan \u00e7iftlikleri ve a\u011f\u0131llar tedbiren bo\u015falt\u0131ld\u0131. B\u00f6lgeye y\u00f6nlendirilen 4 u\u00e7ak, 2 helikopter, 5 araz\u00f6z ve 60 personelle m\u00fcdahale edilen yang\u0131n kontrol alt\u0131na al\u0131nmaya \u00e7al\u0131\u015f\u0131l\u0131yor.","og_url":"https:\/\/kibrisdakik.com\/?p=47275","article_published_time":"2024-06-25T12:07:52+00:00","og_image":[{"width":710,"height":370,"url":"https:\/\/kibrisdakik.com\/wp-content\/uploads\/2024\/06\/ayvalikta-cop-depolama-alaninda-cikan-yangina-mudahale-ediliyor-1719316288.webp.webp","type":"image\/webp"}],"author":"admin","twitter_card":"summary_large_image","twitter_misc":{"Yazan:":"admin"},"schema":{"@context":"https:\/\/schema.org","@graph":[{"@type":"Article","@id":"https:\/\/kibrisdakik.com\/?p=47275#article","isPartOf":{"@id":"https:\/\/kibrisdakik.com\/?p=47275"},"author":{"name":"admin","@id":"https:\/\/kibrisdakik.com\/#\/schema\/person\/9cd9d437bbb44f72b73ba127e06d8e79"},"headline":"Ayval\u0131k&#039;ta \u00e7\u00f6p depolama alan\u0131nda \u00e7\u0131kan yang\u0131na m\u00fcdahale ediliyor","datePublished":"2024-06-25T12:07:52+00:00","mainEntityOfPage":{"@id":"https:\/\/kibrisdakik.com\/?p=47275"},"wordCount":96,"commentCount":0,"image":{"@id":"https:\/\/kibrisdakik.com\/?p=47275#primaryimage"},"thumbnailUrl":"https:\/\/kibrisdakik.com\/wp-content\/uploads\/2024\/06\/ayvalikta-cop-depolama-alaninda-cikan-yangina-mudahale-ediliyor-1719316288.webp.webp","articleSection":["Spor"],"inLanguage":"tr","potentialAction":[{"@type":"CommentAction","name":"Comment","target":["https:\/\/kibrisdakik.com\/?p=47275#respond"]}]},{"@type":"WebPage","@id":"https:\/\/kibrisdakik.com\/?p=47275","url":"https:\/\/kibrisdakik.com\/?p=47275","name":"Ayval\u0131k&#039;ta \u00e7\u00f6p depolama alan\u0131nda \u00e7\u0131kan yang\u0131na m\u00fcdahale ediliyor -","isPartOf":{"@id":"https:\/\/kibrisdakik.com\/#website"},"primaryImageOfPage":{"@id":"https:\/\/kibrisdakik.com\/?p=47275#primaryimage"},"image":{"@id":"https:\/\/kibrisdakik.com\/?p=47275#primaryimage"},"thumbnailUrl":"https:\/\/kibrisdakik.com\/wp-content\/uploads\/2024\/06\/ayvalikta-cop-depolama-alaninda-cikan-yangina-mudahale-ediliyor-1719316288.webp.webp","datePublished":"2024-06-25T12:07:52+00:00","author":{"@id":"https:\/\/kibrisdakik.com\/#\/schema\/person\/9cd9d437bbb44f72b73ba127e06d8e79"},"breadcrumb":{"@id":"https:\/\/kibrisdakik.com\/?p=47275#breadcrumb"},"inLanguage":"tr","potentialAction":[{"@type":"ReadAction","target":["https:\/\/kibrisdakik.com\/?p=47275"]}]},{"@type":"ImageObject","inLanguage":"tr","@id":"https:\/\/kibrisdakik.com\/?p=47275#primaryimage","url":"https:\/\/kibrisdakik.com\/wp-content\/uploads\/2024\/06\/ayvalikta-cop-depolama-alaninda-cikan-yangina-mudahale-ediliyor-1719316288.webp.webp","contentUrl":"https:\/\/kibrisdakik.com\/wp-content\/uploads\/2024\/06\/ayvalikta-cop-depolama-alaninda-cikan-yangina-mudahale-ediliyor-1719316288.webp.webp","width":710,"height":370},{"@type":"BreadcrumbList","@id":"https:\/\/kibrisdakik.com\/?p=47275#breadcrumb","itemListElement":[{"@type":"ListItem","position":1,"name":"Home","item":"https:\/\/kibrisdakik.com\/"},{"@type":"ListItem","position":2,"name":"Ayval\u0131k&#039;ta \u00e7\u00f6p depolama alan\u0131nda \u00e7\u0131kan yang\u0131na m\u00fcdahale ediliyor"}]},{"@type":"WebSite","@id":"https:\/\/kibrisdakik.com\/#website","url":"https:\/\/kibrisdakik.com\/","name":"","description":"Tam vaktinde haber","potentialAction":[{"@type":"SearchAction","target":{"@type":"EntryPoint","urlTemplate":"https:\/\/kibrisdakik.com\/?s={search_term_string}"},"query-input":{"@type":"PropertyValueSpecification","valueRequired":true,"valueName":"search_term_string"}}],"inLanguage":"tr"},{"@type":"Person","@id":"https:\/\/kibrisdakik.com\/#\/schema\/person\/9cd9d437bbb44f72b73ba127e06d8e79","name":"admin","image":{"@type":"ImageObject","inLanguage":"tr","@id":"https:\/\/secure.gravatar.com\/avatar\/ccc17943b9d660506c869530f897617f7cb1c21a4bf30023f252596d83e1f007?s=96&d=mm&r=g","url":"https:\/\/secure.gravatar.com\/avatar\/ccc17943b9d660506c869530f897617f7cb1c21a4bf30023f252596d83e1f007?s=96&d=mm&r=g","contentUrl":"https:\/\/secure.gravatar.com\/avatar\/ccc17943b9d660506c869530f897617f7cb1c21a4bf30023f252596d83e1f007?s=96&d=mm&r=g","caption":"admin"},"sameAs":["https:\/\/kibrisdakik.com"],"url":"https:\/\/kibrisdakik.com\/?author=1"}]}},"_links":{"self":[{"href":"https:\/\/kibrisdakik.com\/index.php?rest_route=\/wp\/v2\/posts\/47275","targetHints":{"allow":["GET"]}}],"collection":[{"href":"https:\/\/kibrisdakik.com\/index.php?rest_route=\/wp\/v2\/posts"}],"about":[{"href":"https:\/\/kibrisdakik.com\/index.php?rest_route=\/wp\/v2\/types\/post"}],"author":[{"embeddable":true,"href":"https:\/\/kibrisdakik.com\/index.php?rest_route=\/wp\/v2\/users\/1"}],"replies":[{"embeddable":true,"href":"https:\/\/kibrisdakik.com\/index.php?rest_route=%2Fwp%2Fv2%2Fcomments&post=47275"}],"version-history":[{"count":0,"href":"https:\/\/kibrisdakik.com\/index.php?rest_route=\/wp\/v2\/posts\/47275\/revisions"}],"wp:featuredmedia":[{"embeddable":true,"href":"https:\/\/kibrisdakik.com\/index.php?rest_route=\/wp\/v2\/media\/47276"}],"wp:attachment":[{"href":"https:\/\/kibrisdakik.com\/index.php?rest_route=%2Fwp%2Fv2%2Fmedia&parent=47275"}],"wp:term":[{"taxonomy":"category","embeddable":true,"href":"https:\/\/kibrisdakik.com\/index.php?rest_route=%2Fwp%2Fv2%2Fcategories&post=47275"},{"taxonomy":"post_tag","embeddable":true,"href":"https:\/\/kibrisdakik.com\/index.php?rest_route=%2Fwp%2Fv2%2Ftags&post=47275"}],"curies":[{"name":"wp","href":"https:\/\/api.w.org\/{rel}","templated":true}]}}