{"id":47294,"date":"2024-06-25T14:26:49","date_gmt":"2024-06-25T14:26:49","guid":{"rendered":"https:\/\/kibrisdakik.com\/index.php\/2024\/06\/25\/uzun-yillar-brtye-hizmetleri-bulunan-kader-hafiz-emekli-oluyor\/"},"modified":"2024-06-25T14:26:49","modified_gmt":"2024-06-25T14:26:49","slug":"uzun-yillar-brtye-hizmetleri-bulunan-kader-hafiz-emekli-oluyor","status":"publish","type":"post","link":"https:\/\/kibrisdakik.com\/?p=47294","title":{"rendered":"Uzun y\u0131llar BRT\u2019ye hizmetleri bulunan Kader Haf\u0131z emekli oluyor"},"content":{"rendered":"<p><\/p>\n<div>\n<div class=\"mariselle-image-container center\">\n                <img loading=\"lazy\" decoding=\"async\" width=\"1428\" height=\"880\" class=\"lazy-image\" alt=\"\" sizes=\"auto, (max-width: 1428px) 100vw, 1428px\" src=\"https:\/\/brtk.net\/wp-content\/uploads\/2024\/06\/25\/9898aa.jpg?ver=7e5cef1326e9faef4e7eac0f2e95724a\" srcset=\"https:\/\/brtk.net\/wp-content\/uploads\/2024\/06\/25\/9898aa.jpg?ver=7e5cef1326e9faef4e7eac0f2e95724a 1428w, https:\/\/brtk.net\/wp-content\/uploads\/2024\/06\/25\/9898aa-300x185.jpg?ver=9ea5193431c56e7daba355531cb6bbca 300w, https:\/\/brtk.net\/wp-content\/uploads\/2024\/06\/25\/9898aa-1024x631.jpg?ver=9ea5193431c56e7daba355531cb6bbca 1024w, https:\/\/brtk.net\/wp-content\/uploads\/2024\/06\/25\/9898aa-768x473.jpg?ver=c69511bdd70f405808553aae7e382783 768w\"\/>                            <\/div>\n<p>Bayrak Radyo Televizyon Kurumu ailesinden bir \u00e7al\u0131\u015fan\u0131m\u0131z daha emeklili\u011fe ad\u0131m at\u0131yor.<br \/>.<\/p>\n<p>1 Mart 1983 y\u0131l\u0131nda Bayrak Radyo Televizyon Kurumu\u2019nda yay\u0131n memuru olarak i\u015fe ba\u015flayan Kader Haf\u0131z, 25 Haziran 2024\u2019te ya\u015f haddini tamamlam\u0131\u015f olmas\u0131 nedeniyle 1 Temmuz 2024 tarihinden itibaren emekliye ayr\u0131l\u0131yor. <\/p>\n<p>Uzun y\u0131llar <a href=\"https:\/\/brtk.net\/\"\/><a href=\"https:\/\/brtk.net\/\"\/><a href=\"https:\/\/brtk.net\/\"\/><a href=\"https:\/\/brtk.net\/\">BRT<\/a>\u2019ye hizmetleri bulunan Kader Haf\u0131z, yay\u0131n memuru olarak ba\u015flad\u0131\u011f\u0131 i\u015f hayat\u0131nda, yay\u0131n yap\u0131m memurlu\u011fu, Yay\u0131n Y\u00f6netim Amirli\u011fi ve son olarak da Koordinat\u00f6r Yard\u0131mc\u0131l\u0131\u011f\u0131 St\u00fcdyolar g\u00f6revlerinde bulundu.<\/p>\n<p>Bug\u00fcn do\u011fum g\u00fcn\u00fcn\u00fc de kutlayan Kader Haf\u0131z i\u00e7in <a href=\"https:\/\/brtk.net\/\"\/><a href=\"https:\/\/brtk.net\/\"\/><a href=\"https:\/\/brtk.net\/\"\/><a href=\"https:\/\/brtk.net\/\">BRT<\/a>\u2019de bir t\u00f6ren d\u00fczenlendi. <\/p>\n<div class=\"mariselle-image-container center\">\n                <img loading=\"lazy\" decoding=\"async\" width=\"946\" height=\"588\" class=\"lazy-image\" alt=\"\" sizes=\"auto, (max-width: 946px) 100vw, 946px\" src=\"https:\/\/brtk.net\/wp-content\/uploads\/2024\/06\/25\/9987.jpg?ver=22e3d0b75d6752b575adee62a56232fa\" srcset=\"https:\/\/brtk.net\/wp-content\/uploads\/2024\/06\/25\/9987.jpg?ver=22e3d0b75d6752b575adee62a56232fa 946w, https:\/\/brtk.net\/wp-content\/uploads\/2024\/06\/25\/9987-300x186.jpg?ver=f1c831acb49f39438e6c999e74071e20 300w, https:\/\/brtk.net\/wp-content\/uploads\/2024\/06\/25\/9987-768x477.jpg?ver=f1c831acb49f39438e6c999e74071e20 768w\"\/>                            <\/div>\n<p>Bayrak Radyo Televizyon Kurumu M\u00fcd\u00fcr\u00fc Meryem \u00d6zkurt, Kader Haf\u0131z\u2019\u0131n meslek hayat\u0131 boyunca \u00f6nemli i\u015flere imza att\u0131\u011f\u0131n\u0131 belirterek, \u201cKader, <a href=\"https:\/\/brtk.net\/\"\/><a href=\"https:\/\/brtk.net\/\"\/><a href=\"https:\/\/brtk.net\/\"\/><a href=\"https:\/\/brtk.net\/\">BRT<\/a>\u2019yi ailesi olarak g\u00f6ren \u00e7al\u0131\u015fkan bir personeldi, <a href=\"https:\/\/brtk.net\/\"\/><a href=\"https:\/\/brtk.net\/\"\/><a href=\"https:\/\/brtk.net\/\"\/><a href=\"https:\/\/brtk.net\/\">BRT<\/a>\u2019den hi\u00e7bir zaman kopmayacak\u201d dedi. <\/p>\n<p>Bayrak Radyo Televizyon Kurumu \u00c7al\u0131\u015fanlar\u0131 Sendikas\u0131 Ba\u015fkan\u0131 \u0130brahim Kanat da Kader Haf\u0131z\u2019a, kurum i\u00e7in verdi\u011fi hizmetlerden dolay\u0131 te\u015fekk\u00fcr etti. <\/p>\n<div class=\"mariselle-image-container center\">\n                <img loading=\"lazy\" decoding=\"async\" width=\"746\" height=\"1097\" class=\"lazy-image\" alt=\"\" sizes=\"auto, (max-width: 746px) 100vw, 746px\" src=\"https:\/\/brtk.net\/wp-content\/uploads\/2024\/06\/25\/1411.jpg?ver=c395db96f6ee7d0165643693f204fb64\" srcset=\"https:\/\/brtk.net\/wp-content\/uploads\/2024\/06\/25\/1411.jpg?ver=c395db96f6ee7d0165643693f204fb64 746w, https:\/\/brtk.net\/wp-content\/uploads\/2024\/06\/25\/1411-204x300.jpg?ver=c395db96f6ee7d0165643693f204fb64 204w, https:\/\/brtk.net\/wp-content\/uploads\/2024\/06\/25\/1411-696x1024.jpg?ver=c395db96f6ee7d0165643693f204fb64 696w\"\/>                            <\/div>\n<p>\nKader Haf\u0131z ise uzun y\u0131llar hizmet verdi\u011fi <a href=\"https:\/\/brtk.net\/\"\/><a href=\"https:\/\/brtk.net\/\"\/><a href=\"https:\/\/brtk.net\/\"\/><a href=\"https:\/\/brtk.net\/\">BRT<\/a>\u2019den kopmayaca\u011f\u0131n\u0131 s\u00f6yledi. <\/p>\n<div class=\"mariselle-image-container center\">\n                <img loading=\"lazy\" decoding=\"async\" width=\"1567\" height=\"896\" class=\"lazy-image\" alt=\"\" sizes=\"auto, (max-width: 1567px) 100vw, 1567px\" src=\"https:\/\/brtk.net\/wp-content\/uploads\/2024\/06\/25\/123pp.jpg?ver=8c699ea22bf5e4dc9e9a0521373269e9\" srcset=\"https:\/\/brtk.net\/wp-content\/uploads\/2024\/06\/25\/123pp.jpg?ver=8c699ea22bf5e4dc9e9a0521373269e9 1567w, https:\/\/brtk.net\/wp-content\/uploads\/2024\/06\/25\/123pp-300x172.jpg?ver=8c699ea22bf5e4dc9e9a0521373269e9 300w, https:\/\/brtk.net\/wp-content\/uploads\/2024\/06\/25\/123pp-1024x586.jpg?ver=9f8a4f854fe96245898a5c496a822133 1024w, https:\/\/brtk.net\/wp-content\/uploads\/2024\/06\/25\/123pp-768x439.jpg?ver=9f8a4f854fe96245898a5c496a822133 768w, https:\/\/brtk.net\/wp-content\/uploads\/2024\/06\/25\/123pp-1536x878.jpg?ver=ed469c204121d1829939f45733d50863 1536w\"\/>                            <\/div>\n<p>T\u00f6rende, Kader Haf\u0131z\u2019a hizmetlerinden dolay\u0131 plaket, mesai arkada\u015flar\u0131 taraf\u0131ndan ise hediye verdi.<\/p>\n<\/p><\/div>\n<p><script async\n                    defer\n                    crossorigin=\"anonymous\"\n                    src=\"https:\/\/connect.facebook.net\/tr_TR\/sdk.js#xfbml=1&#038;version=v3.3\"\n            ><\/script><\/p>\n","protected":false},"excerpt":{"rendered":"<p>Bayrak Radyo Televizyon Kurumu ailesinden bir \u00e7al\u0131\u015fan\u0131m\u0131z daha emeklili\u011fe ad\u0131m at\u0131yor.. 1 Mart 1983 y\u0131l\u0131nda Bayrak Radyo Televizyon Kurumu\u2019nda yay\u0131n memuru olarak i\u015fe ba\u015flayan Kader Haf\u0131z, 25 Haziran 2024\u2019te ya\u015f haddini tamamlam\u0131\u015f olmas\u0131 nedeniyle 1 Temmuz 2024 tarihinden itibaren emekliye ayr\u0131l\u0131yor. Uzun y\u0131llar BRT\u2019ye hizmetleri bulunan Kader Haf\u0131z, yay\u0131n memuru olarak ba\u015flad\u0131\u011f\u0131 i\u015f hayat\u0131nda, yay\u0131n<\/p>\n","protected":false},"author":1,"featured_media":47295,"comment_status":"open","ping_status":"open","sticky":false,"template":"","format":"standard","meta":{"footnotes":""},"categories":[1],"tags":[],"class_list":["post-47294","post","type-post","status-publish","format-standard","has-post-thumbnail","hentry","category-gundem"],"yoast_head":"<!-- This site is optimized with the Yoast SEO plugin v27.4 - https:\/\/yoast.com\/product\/yoast-seo-wordpress\/ -->\n<title>Uzun y\u0131llar BRT\u2019ye hizmetleri bulunan Kader Haf\u0131z emekli oluyor -<\/title>\n<meta name=\"robots\" content=\"index, follow, max-snippet:-1, max-image-preview:large, max-video-preview:-1\" \/>\n<link rel=\"canonical\" href=\"https:\/\/kibrisdakik.com\/?p=47294\" \/>\n<meta property=\"og:locale\" content=\"tr_TR\" \/>\n<meta property=\"og:type\" content=\"article\" \/>\n<meta property=\"og:title\" content=\"Uzun y\u0131llar BRT\u2019ye hizmetleri bulunan Kader Haf\u0131z emekli oluyor -\" \/>\n<meta property=\"og:description\" content=\"Bayrak Radyo Televizyon Kurumu ailesinden bir \u00e7al\u0131\u015fan\u0131m\u0131z daha emeklili\u011fe ad\u0131m at\u0131yor.. 1 Mart 1983 y\u0131l\u0131nda Bayrak Radyo Televizyon Kurumu\u2019nda yay\u0131n memuru olarak i\u015fe ba\u015flayan Kader Haf\u0131z, 25 Haziran 2024\u2019te ya\u015f haddini tamamlam\u0131\u015f olmas\u0131 nedeniyle 1 Temmuz 2024 tarihinden itibaren emekliye ayr\u0131l\u0131yor. Uzun y\u0131llar BRT\u2019ye hizmetleri bulunan Kader Haf\u0131z, yay\u0131n memuru olarak ba\u015flad\u0131\u011f\u0131 i\u015f hayat\u0131nda, yay\u0131n\" \/>\n<meta property=\"og:url\" content=\"https:\/\/kibrisdakik.com\/?p=47294\" \/>\n<meta property=\"article:published_time\" content=\"2024-06-25T14:26:49+00:00\" \/>\n<meta property=\"og:image\" content=\"https:\/\/kibrisdakik.com\/wp-content\/uploads\/2024\/06\/123pp-740x420.jpg\" \/>\n\t<meta property=\"og:image:width\" content=\"1567\" \/>\n\t<meta property=\"og:image:height\" content=\"896\" \/>\n\t<meta property=\"og:image:type\" content=\"image\/jpeg\" \/>\n<meta name=\"author\" content=\"admin\" \/>\n<meta name=\"twitter:card\" content=\"summary_large_image\" \/>\n<meta name=\"twitter:label1\" content=\"Yazan:\" \/>\n\t<meta name=\"twitter:data1\" content=\"admin\" \/>\n\t<meta name=\"twitter:label2\" content=\"Tahmini okuma s\u00fcresi\" \/>\n\t<meta name=\"twitter:data2\" content=\"1 dakika\" \/>\n<script type=\"application\/ld+json\" class=\"yoast-schema-graph\">{\"@context\":\"https:\\\/\\\/schema.org\",\"@graph\":[{\"@type\":\"Article\",\"@id\":\"https:\\\/\\\/kibrisdakik.com\\\/?p=47294#article\",\"isPartOf\":{\"@id\":\"https:\\\/\\\/kibrisdakik.com\\\/?p=47294\"},\"author\":{\"name\":\"admin\",\"@id\":\"https:\\\/\\\/kibrisdakik.com\\\/#\\\/schema\\\/person\\\/9cd9d437bbb44f72b73ba127e06d8e79\"},\"headline\":\"Uzun y\u0131llar BRT\u2019ye hizmetleri bulunan Kader Haf\u0131z emekli oluyor\",\"datePublished\":\"2024-06-25T14:26:49+00:00\",\"mainEntityOfPage\":{\"@id\":\"https:\\\/\\\/kibrisdakik.com\\\/?p=47294\"},\"wordCount\":230,\"commentCount\":0,\"image\":{\"@id\":\"https:\\\/\\\/kibrisdakik.com\\\/?p=47294#primaryimage\"},\"thumbnailUrl\":\"https:\\\/\\\/kibrisdakik.com\\\/wp-content\\\/uploads\\\/2024\\\/06\\\/123pp-740x420.jpg\",\"articleSection\":[\"G\u00fcndem\"],\"inLanguage\":\"tr\",\"potentialAction\":[{\"@type\":\"CommentAction\",\"name\":\"Comment\",\"target\":[\"https:\\\/\\\/kibrisdakik.com\\\/?p=47294#respond\"]}]},{\"@type\":\"WebPage\",\"@id\":\"https:\\\/\\\/kibrisdakik.com\\\/?p=47294\",\"url\":\"https:\\\/\\\/kibrisdakik.com\\\/?p=47294\",\"name\":\"Uzun y\u0131llar BRT\u2019ye hizmetleri bulunan Kader Haf\u0131z emekli oluyor -\",\"isPartOf\":{\"@id\":\"https:\\\/\\\/kibrisdakik.com\\\/#website\"},\"primaryImageOfPage\":{\"@id\":\"https:\\\/\\\/kibrisdakik.com\\\/?p=47294#primaryimage\"},\"image\":{\"@id\":\"https:\\\/\\\/kibrisdakik.com\\\/?p=47294#primaryimage\"},\"thumbnailUrl\":\"https:\\\/\\\/kibrisdakik.com\\\/wp-content\\\/uploads\\\/2024\\\/06\\\/123pp-740x420.jpg\",\"datePublished\":\"2024-06-25T14:26:49+00:00\",\"author\":{\"@id\":\"https:\\\/\\\/kibrisdakik.com\\\/#\\\/schema\\\/person\\\/9cd9d437bbb44f72b73ba127e06d8e79\"},\"breadcrumb\":{\"@id\":\"https:\\\/\\\/kibrisdakik.com\\\/?p=47294#breadcrumb\"},\"inLanguage\":\"tr\",\"potentialAction\":[{\"@type\":\"ReadAction\",\"target\":[\"https:\\\/\\\/kibrisdakik.com\\\/?p=47294\"]}]},{\"@type\":\"ImageObject\",\"inLanguage\":\"tr\",\"@id\":\"https:\\\/\\\/kibrisdakik.com\\\/?p=47294#primaryimage\",\"url\":\"https:\\\/\\\/kibrisdakik.com\\\/wp-content\\\/uploads\\\/2024\\\/06\\\/123pp-740x420.jpg\",\"contentUrl\":\"https:\\\/\\\/kibrisdakik.com\\\/wp-content\\\/uploads\\\/2024\\\/06\\\/123pp-740x420.jpg\",\"width\":1567,\"height\":896},{\"@type\":\"BreadcrumbList\",\"@id\":\"https:\\\/\\\/kibrisdakik.com\\\/?p=47294#breadcrumb\",\"itemListElement\":[{\"@type\":\"ListItem\",\"position\":1,\"name\":\"Home\",\"item\":\"https:\\\/\\\/kibrisdakik.com\\\/\"},{\"@type\":\"ListItem\",\"position\":2,\"name\":\"Uzun y\u0131llar BRT\u2019ye hizmetleri bulunan Kader Haf\u0131z emekli oluyor\"}]},{\"@type\":\"WebSite\",\"@id\":\"https:\\\/\\\/kibrisdakik.com\\\/#website\",\"url\":\"https:\\\/\\\/kibrisdakik.com\\\/\",\"name\":\"\",\"description\":\"Tam vaktinde haber\",\"potentialAction\":[{\"@type\":\"SearchAction\",\"target\":{\"@type\":\"EntryPoint\",\"urlTemplate\":\"https:\\\/\\\/kibrisdakik.com\\\/?s={search_term_string}\"},\"query-input\":{\"@type\":\"PropertyValueSpecification\",\"valueRequired\":true,\"valueName\":\"search_term_string\"}}],\"inLanguage\":\"tr\"},{\"@type\":\"Person\",\"@id\":\"https:\\\/\\\/kibrisdakik.com\\\/#\\\/schema\\\/person\\\/9cd9d437bbb44f72b73ba127e06d8e79\",\"name\":\"admin\",\"image\":{\"@type\":\"ImageObject\",\"inLanguage\":\"tr\",\"@id\":\"https:\\\/\\\/secure.gravatar.com\\\/avatar\\\/ccc17943b9d660506c869530f897617f7cb1c21a4bf30023f252596d83e1f007?s=96&d=mm&r=g\",\"url\":\"https:\\\/\\\/secure.gravatar.com\\\/avatar\\\/ccc17943b9d660506c869530f897617f7cb1c21a4bf30023f252596d83e1f007?s=96&d=mm&r=g\",\"contentUrl\":\"https:\\\/\\\/secure.gravatar.com\\\/avatar\\\/ccc17943b9d660506c869530f897617f7cb1c21a4bf30023f252596d83e1f007?s=96&d=mm&r=g\",\"caption\":\"admin\"},\"sameAs\":[\"https:\\\/\\\/kibrisdakik.com\"],\"url\":\"https:\\\/\\\/kibrisdakik.com\\\/?author=1\"}]}<\/script>\n<!-- \/ Yoast SEO plugin. -->","yoast_head_json":{"title":"Uzun y\u0131llar BRT\u2019ye hizmetleri bulunan Kader Haf\u0131z emekli oluyor -","robots":{"index":"index","follow":"follow","max-snippet":"max-snippet:-1","max-image-preview":"max-image-preview:large","max-video-preview":"max-video-preview:-1"},"canonical":"https:\/\/kibrisdakik.com\/?p=47294","og_locale":"tr_TR","og_type":"article","og_title":"Uzun y\u0131llar BRT\u2019ye hizmetleri bulunan Kader Haf\u0131z emekli oluyor -","og_description":"Bayrak Radyo Televizyon Kurumu ailesinden bir \u00e7al\u0131\u015fan\u0131m\u0131z daha emeklili\u011fe ad\u0131m at\u0131yor.. 1 Mart 1983 y\u0131l\u0131nda Bayrak Radyo Televizyon Kurumu\u2019nda yay\u0131n memuru olarak i\u015fe ba\u015flayan Kader Haf\u0131z, 25 Haziran 2024\u2019te ya\u015f haddini tamamlam\u0131\u015f olmas\u0131 nedeniyle 1 Temmuz 2024 tarihinden itibaren emekliye ayr\u0131l\u0131yor. Uzun y\u0131llar BRT\u2019ye hizmetleri bulunan Kader Haf\u0131z, yay\u0131n memuru olarak ba\u015flad\u0131\u011f\u0131 i\u015f hayat\u0131nda, yay\u0131n","og_url":"https:\/\/kibrisdakik.com\/?p=47294","article_published_time":"2024-06-25T14:26:49+00:00","og_image":[{"width":1567,"height":896,"url":"https:\/\/kibrisdakik.com\/wp-content\/uploads\/2024\/06\/123pp-740x420.jpg","type":"image\/jpeg"}],"author":"admin","twitter_card":"summary_large_image","twitter_misc":{"Yazan:":"admin","Tahmini okuma s\u00fcresi":"1 dakika"},"schema":{"@context":"https:\/\/schema.org","@graph":[{"@type":"Article","@id":"https:\/\/kibrisdakik.com\/?p=47294#article","isPartOf":{"@id":"https:\/\/kibrisdakik.com\/?p=47294"},"author":{"name":"admin","@id":"https:\/\/kibrisdakik.com\/#\/schema\/person\/9cd9d437bbb44f72b73ba127e06d8e79"},"headline":"Uzun y\u0131llar BRT\u2019ye hizmetleri bulunan Kader Haf\u0131z emekli oluyor","datePublished":"2024-06-25T14:26:49+00:00","mainEntityOfPage":{"@id":"https:\/\/kibrisdakik.com\/?p=47294"},"wordCount":230,"commentCount":0,"image":{"@id":"https:\/\/kibrisdakik.com\/?p=47294#primaryimage"},"thumbnailUrl":"https:\/\/kibrisdakik.com\/wp-content\/uploads\/2024\/06\/123pp-740x420.jpg","articleSection":["G\u00fcndem"],"inLanguage":"tr","potentialAction":[{"@type":"CommentAction","name":"Comment","target":["https:\/\/kibrisdakik.com\/?p=47294#respond"]}]},{"@type":"WebPage","@id":"https:\/\/kibrisdakik.com\/?p=47294","url":"https:\/\/kibrisdakik.com\/?p=47294","name":"Uzun y\u0131llar BRT\u2019ye hizmetleri bulunan Kader Haf\u0131z emekli oluyor -","isPartOf":{"@id":"https:\/\/kibrisdakik.com\/#website"},"primaryImageOfPage":{"@id":"https:\/\/kibrisdakik.com\/?p=47294#primaryimage"},"image":{"@id":"https:\/\/kibrisdakik.com\/?p=47294#primaryimage"},"thumbnailUrl":"https:\/\/kibrisdakik.com\/wp-content\/uploads\/2024\/06\/123pp-740x420.jpg","datePublished":"2024-06-25T14:26:49+00:00","author":{"@id":"https:\/\/kibrisdakik.com\/#\/schema\/person\/9cd9d437bbb44f72b73ba127e06d8e79"},"breadcrumb":{"@id":"https:\/\/kibrisdakik.com\/?p=47294#breadcrumb"},"inLanguage":"tr","potentialAction":[{"@type":"ReadAction","target":["https:\/\/kibrisdakik.com\/?p=47294"]}]},{"@type":"ImageObject","inLanguage":"tr","@id":"https:\/\/kibrisdakik.com\/?p=47294#primaryimage","url":"https:\/\/kibrisdakik.com\/wp-content\/uploads\/2024\/06\/123pp-740x420.jpg","contentUrl":"https:\/\/kibrisdakik.com\/wp-content\/uploads\/2024\/06\/123pp-740x420.jpg","width":1567,"height":896},{"@type":"BreadcrumbList","@id":"https:\/\/kibrisdakik.com\/?p=47294#breadcrumb","itemListElement":[{"@type":"ListItem","position":1,"name":"Home","item":"https:\/\/kibrisdakik.com\/"},{"@type":"ListItem","position":2,"name":"Uzun y\u0131llar BRT\u2019ye hizmetleri bulunan Kader Haf\u0131z emekli oluyor"}]},{"@type":"WebSite","@id":"https:\/\/kibrisdakik.com\/#website","url":"https:\/\/kibrisdakik.com\/","name":"","description":"Tam vaktinde haber","potentialAction":[{"@type":"SearchAction","target":{"@type":"EntryPoint","urlTemplate":"https:\/\/kibrisdakik.com\/?s={search_term_string}"},"query-input":{"@type":"PropertyValueSpecification","valueRequired":true,"valueName":"search_term_string"}}],"inLanguage":"tr"},{"@type":"Person","@id":"https:\/\/kibrisdakik.com\/#\/schema\/person\/9cd9d437bbb44f72b73ba127e06d8e79","name":"admin","image":{"@type":"ImageObject","inLanguage":"tr","@id":"https:\/\/secure.gravatar.com\/avatar\/ccc17943b9d660506c869530f897617f7cb1c21a4bf30023f252596d83e1f007?s=96&d=mm&r=g","url":"https:\/\/secure.gravatar.com\/avatar\/ccc17943b9d660506c869530f897617f7cb1c21a4bf30023f252596d83e1f007?s=96&d=mm&r=g","contentUrl":"https:\/\/secure.gravatar.com\/avatar\/ccc17943b9d660506c869530f897617f7cb1c21a4bf30023f252596d83e1f007?s=96&d=mm&r=g","caption":"admin"},"sameAs":["https:\/\/kibrisdakik.com"],"url":"https:\/\/kibrisdakik.com\/?author=1"}]}},"_links":{"self":[{"href":"https:\/\/kibrisdakik.com\/index.php?rest_route=\/wp\/v2\/posts\/47294","targetHints":{"allow":["GET"]}}],"collection":[{"href":"https:\/\/kibrisdakik.com\/index.php?rest_route=\/wp\/v2\/posts"}],"about":[{"href":"https:\/\/kibrisdakik.com\/index.php?rest_route=\/wp\/v2\/types\/post"}],"author":[{"embeddable":true,"href":"https:\/\/kibrisdakik.com\/index.php?rest_route=\/wp\/v2\/users\/1"}],"replies":[{"embeddable":true,"href":"https:\/\/kibrisdakik.com\/index.php?rest_route=%2Fwp%2Fv2%2Fcomments&post=47294"}],"version-history":[{"count":0,"href":"https:\/\/kibrisdakik.com\/index.php?rest_route=\/wp\/v2\/posts\/47294\/revisions"}],"wp:featuredmedia":[{"embeddable":true,"href":"https:\/\/kibrisdakik.com\/index.php?rest_route=\/wp\/v2\/media\/47295"}],"wp:attachment":[{"href":"https:\/\/kibrisdakik.com\/index.php?rest_route=%2Fwp%2Fv2%2Fmedia&parent=47294"}],"wp:term":[{"taxonomy":"category","embeddable":true,"href":"https:\/\/kibrisdakik.com\/index.php?rest_route=%2Fwp%2Fv2%2Fcategories&post=47294"},{"taxonomy":"post_tag","embeddable":true,"href":"https:\/\/kibrisdakik.com\/index.php?rest_route=%2Fwp%2Fv2%2Ftags&post=47294"}],"curies":[{"name":"wp","href":"https:\/\/api.w.org\/{rel}","templated":true}]}}