{"id":47314,"date":"2024-06-25T15:57:00","date_gmt":"2024-06-25T15:57:00","guid":{"rendered":"https:\/\/kibrisdakik.com\/index.php\/2024\/06\/25\/meclis-genel-kurulu-sona-erdi-2\/"},"modified":"2024-06-25T15:57:00","modified_gmt":"2024-06-25T15:57:00","slug":"meclis-genel-kurulu-sona-erdi-2","status":"publish","type":"post","link":"https:\/\/kibrisdakik.com\/?p=47314","title":{"rendered":"Meclis Genel Kurulu sona erdi\u2026"},"content":{"rendered":"<p><img decoding=\"async\" src=\"https:\/\/www.kibristurk.com\/images\/haberler\/2024\/06\/meclis-genel-kurulu-sona-erdi-1719331168.webp\" \/><\/p>\n<p style=\"text-align:left\"><span style=\"font-size:16px\"><span style=\"font-family:Merriweather,serif !important\"><span style=\"color:#000000\"><span style=\"background-color:#ffffff\">G\u00fcncel konu\u015fmalar\u0131n ard\u0131ndan Meclis&#8217;in toplant\u0131s\u0131 18.15&#8217;te sona erdi. Meclis, 1 Temmuz Pazartesi&#8217;den itibaren tatile girecek ve bir sonraki toplant\u0131 1 Ekim Sal\u0131 g\u00fcn\u00fc saat 10.00\u2019da yap\u0131lacak.<\/span><\/span><\/span><\/span><\/p>\n<p style=\"text-align:left\"><span style=\"font-size:16px\"><span style=\"font-family:Merriweather,serif !important\"><span style=\"color:#000000\"><span style=\"background-color:#ffffff\"><span style=\"font-size:16px !important\"><span style=\"font-family:Merriweather,serif !important\"><span style=\"color:#000000 !important\">Meclis tatili boyunca komiteler g\u00f6rev yapmaya devam edecek.<\/span><\/span><\/span><\/span><\/span><\/span><\/span><\/p>\n<p style=\"text-align:left\">&nbsp;<\/p>\n<p style=\"text-align:left\"><span style=\"font-size:16px\"><span style=\"font-family:Merriweather,serif !important\"><span style=\"color:#000000\"><span style=\"background-color:#ffffff\"><span style=\"font-size:16px !important\"><span style=\"font-family:Merriweather,serif !important\"><span style=\"color:#000000 !important\">-Ar\u0131kl\u0131<\/span><\/span><\/span><\/span><\/span><\/span><\/span><\/p>\n<p style=\"text-align:left\"><span style=\"font-size:16px\"><span style=\"font-family:Merriweather,serif !important\"><span style=\"color:#000000\"><span style=\"background-color:#ffffff\"><span style=\"font-size:16px !important\"><span style=\"font-family:Merriweather,serif !important\"><span style=\"color:#000000 !important\">Bay\u0131nd\u0131rl\u0131k ve Ula\u015ft\u0131rma Bakan\u0131 Erhan Ar\u0131kl\u0131, Ta\u015fyap\u0131 ile ilgili konunun mahkemede oldu\u011funu s\u00f6yleyerek, Say\u0131\u015ftay&#8217;\u0131n da konuyu inceledi\u011fini dolay\u0131s\u0131yla bu konunun tekrar tekrar Meclis&#8217;te g\u00fcndeme getirilmesini ele\u015ftirdi.<\/span><\/span><\/span><\/span><\/span><\/span><\/span><\/p>\n<p style=\"text-align:left\"><span style=\"font-size:16px\"><span style=\"font-family:Merriweather,serif !important\"><span style=\"color:#000000\"><span style=\"background-color:#ffffff\"><span style=\"font-size:16px !important\"><span style=\"font-family:Merriweather,serif !important\"><span style=\"color:#000000 !important\">Ar\u0131kl\u0131, KKTC\u2019ye gelerek y\u00fcksek\u00f6\u011frenim g\u00f6ren gen\u00e7lerin hayat\u0131n\u0131 kaybetmesinin herkesi \u00fczd\u00fc\u011f\u00fcn\u00fc belirtti.<\/span><\/span><\/span><\/span><\/span><\/span><\/span><\/p>\n<p style=\"text-align:left\"><span style=\"font-size:16px\"><span style=\"font-family:Merriweather,serif !important\"><span style=\"color:#000000\"><span style=\"background-color:#ffffff\"><span style=\"font-size:16px !important\"><span style=\"font-family:Merriweather,serif !important\"><span style=\"color:#000000 !important\">\u00d6l\u00fcml\u00fc trafik kazas\u0131na yol a\u00e7an ki\u015finin T\u00fcrkiye\u2019ye g\u00f6nderilmesine ili\u015fkin konuyu de\u011ferlendiren Ar\u0131kl\u0131, kendi \u00fclkesi d\u0131\u015f\u0131nda bir \u00fclkede g\u00f6rev yapan askerlerin dokunulmazl\u0131\u011f\u0131 bulundu\u011funu s\u00f6yleyerek, buna ili\u015fkin anla\u015fmalar\u0131 ve \u00f6rnekleri aktard\u0131.<\/span><\/span><\/span><\/span><\/span><\/span><\/span><\/p>\n<p style=\"text-align:left\"><span style=\"font-size:16px\"><span style=\"font-family:Merriweather,serif !important\"><span style=\"color:#000000\"><span style=\"background-color:#ffffff\"><span style=\"font-size:16px !important\"><span style=\"font-family:Merriweather,serif !important\"><span style=\"color:#000000 !important\">Ar\u0131kl\u0131, BM askerlerinin g\u00f6rev yapt\u0131klar\u0131 \u00fclkelerde su\u00e7 i\u015flese bile yarg\u0131lanamayaca\u011f\u0131n\u0131 s\u00f6yleyerek, o askerlerin bulunduklar\u0131 \u00fclke kanunlar\u0131na tabi olmad\u0131\u011f\u0131n\u0131 belirtti.<\/span><\/span><\/span><\/span><\/span><\/span><\/span><\/p>\n<p style=\"text-align:left\"><span style=\"font-size:16px\"><span style=\"font-family:Merriweather,serif !important\"><span style=\"color:#000000\"><span style=\"background-color:#ffffff\"><span style=\"font-size:16px !important\"><span style=\"font-family:Merriweather,serif !important\"><span style=\"color:#000000 !important\">Kolordunun K\u0131br\u0131s\u2019ta bar\u0131\u015f g\u00fcc\u00fc h\u00fcviyetinde ve stat\u00fcs\u00fcne tabi oldu\u011funu kaydeden Ar\u0131kl\u0131, AB\u2019de de ayn\u0131 \u015fekilde uygulamalar bulundu\u011funu s\u00f6yledi.<\/span><\/span><\/span><\/span><\/span><\/span><\/span><\/p>\n<p style=\"text-align:left\"><span style=\"font-size:16px\"><span style=\"font-family:Merriweather,serif !important\"><span style=\"color:#000000\"><span style=\"background-color:#ffffff\"><span style=\"font-size:16px !important\"><span style=\"font-family:Merriweather,serif !important\"><span style=\"color:#000000 !important\">Su\u00e7a kar\u0131\u015fan askerin T\u00fcrkiye\u2019de yarg\u0131lanmaktan oldu\u011funu belirten Ar\u0131kl\u0131, TC-KKTC aras\u0131nda imzalanan askeri mutabakat\u0131 inceleyerek konunun detaylar\u0131na ula\u015f\u0131labilece\u011fini s\u00f6yledi.<\/span><\/span><\/span><\/span><\/span><\/span><\/span><\/p>\n<p style=\"text-align:left\"><span style=\"font-size:16px\"><span style=\"font-family:Merriweather,serif !important\"><span style=\"color:#000000\"><span style=\"background-color:#ffffff\"><span style=\"font-size:16px !important\"><span style=\"font-family:Merriweather,serif !important\"><span style=\"color:#000000 !important\">\u201cBu herkesin vicdan\u0131n\u0131 kanatan bir konudur siyasi mantaliteyle de\u011ferlendirilemez\u201d diyen Ar\u0131kl\u0131, Pakistan B\u00fcy\u00fckel\u00e7ili\u011fi&#8217;nin de bu konuyu Ankara\u2019da takip edece\u011fini ifade etti.<\/span><\/span><\/span><\/span><\/span><\/span><\/span><\/p>\n<p style=\"text-align:left\">&nbsp;<\/p>\n<p style=\"text-align:left\"><span style=\"font-size:16px\"><span style=\"font-family:Merriweather,serif !important\"><span style=\"color:#000000\"><span style=\"background-color:#ffffff\"><span style=\"font-size:16px !important\"><span style=\"font-family:Merriweather,serif !important\"><span style=\"color:#000000 !important\">-Ulu\u00e7ay<\/span><\/span><\/span><\/span><\/span><\/span><\/span><\/p>\n<p style=\"text-align:left\"><span style=\"font-size:16px\"><span style=\"font-family:Merriweather,serif !important\"><span style=\"color:#000000\"><span style=\"background-color:#ffffff\">Meclis&#8217;te son g\u00fcncel konu\u015fmay\u0131 Cumhuriyet\u00e7i T\u00fcrk Partisi Gazima\u011fusa Milletvekili Teberr\u00fcken Ulu\u00e7ay, \u201c\u00c7ar\u015f\u0131, Ekonomi ve Siyaset\u201d konusunda yapt\u0131.<\/span><\/span><\/span><\/span><\/p>\n<p style=\"text-align:left\"><span style=\"font-size:16px\"><span style=\"font-family:Merriweather,serif !important\"><span style=\"color:#000000\"><span style=\"background-color:#ffffff\"><span style=\"font-size:16px !important\"><span style=\"font-family:Merriweather,serif !important\"><span style=\"color:#000000 !important\">Ulu\u00e7ay, K\u0131br\u0131s konusunda g\u00f6r\u00fc\u015fme olmayan bir ortamda ABD\u2019nin G\u00fcney K\u0131br\u0131s\u2019ta stratejik bir ili\u015fki i\u00e7inde oldu\u011funu, \u00fcs sahibi olmas\u0131n\u0131n konu\u015fuldu\u011funu belirtti.<\/span><\/span><\/span><\/span><\/span><\/span><\/span><\/p>\n<p style=\"text-align:left\"><span style=\"font-size:16px\"><span style=\"font-family:Merriweather,serif !important\"><span style=\"color:#000000\"><span style=\"background-color:#ffffff\"><span style=\"font-size:16px !important\"><span style=\"font-family:Merriweather,serif !important\"><span style=\"color:#000000 !important\">Gazze ve Ukrayna\u2019da ya\u015fanan geli\u015fmelere de\u011finen Ulu\u00e7ay,&nbsp; b\u00f6lge \u00fclkelerinin ve uluslararas\u0131 \u00f6rg\u00fctlerin \u00fc\u00e7\u00fcnc\u00fc d\u00fcnya sava\u015f\u0131 tehdidine y\u00f6nelik uyar\u0131larda bulundu\u011funu, \u00fcs konusu ve di\u011fer konularda t\u00fcm bu geli\u015fmelerin dikkatle de\u011ferlendirilmesi gerekti\u011fini kaydetti.<\/span><\/span><\/span><\/span><\/span><\/span><\/span><\/p>\n<p style=\"text-align:left\"><span style=\"font-size:16px\"><span style=\"font-family:Merriweather,serif !important\"><span style=\"color:#000000\"><span style=\"background-color:#ffffff\"><span style=\"font-size:16px !important\"><span style=\"font-family:Merriweather,serif !important\"><span style=\"color:#000000 !important\">T\u00fcrkiye Cumhuriyeti Cumhurba\u015fkan\u0131 ile Yunanistan Ba\u015fbakan\u0131n\u0131n 20 Temmuz\u2019da K\u0131br\u0131s\u2019a geleceklerini a\u00e7\u0131klad\u0131\u011f\u0131n\u0131, \u201cbu tedirgin edici ortamda\u201d verilecek mesajlar\u0131n \u00f6nemli olaca\u011f\u0131n\u0131 dile getiren Ulu\u00e7ay, iki taraf\u0131 cesaretlendirecek mesajlar verilmesinin \u00f6nemine vurgu yapt\u0131.<\/span><\/span><\/span><\/span><\/span><\/span><\/span><\/p>\n<p style=\"text-align:left\"><span style=\"font-size:16px\"><span style=\"font-family:Merriweather,serif !important\"><span style=\"color:#000000\"><span style=\"background-color:#ffffff\"><span style=\"font-size:16px !important\"><span style=\"font-family:Merriweather,serif !important\"><span style=\"color:#000000 !important\">Ekonomik s\u0131k\u0131nt\u0131lara da de\u011finen Ulu\u00e7ay, T\u00fcrkiye ve Avrupa Birli\u011fi&#8217;nin kamu harcamalar\u0131na y\u00f6nelik \u00f6nlemler ald\u0131\u011f\u0131n\u0131, T\u00fcrkiye\u2019nin ve G\u00fcney K\u0131br\u0131s\u2019\u0131n sat\u0131n alma g\u00fcc\u00fc paritesinin AB ortalamas\u0131n\u0131n alt\u0131nda oldu\u011funu s\u00f6yledi.<\/span><\/span><\/span><\/span><\/span><\/span><\/span><\/p>\n<p style=\"text-align:left\"><span style=\"font-size:16px\"><span style=\"font-family:Merriweather,serif !important\"><span style=\"color:#000000\"><span style=\"background-color:#ffffff\"><span style=\"font-size:16px !important\"><span style=\"font-family:Merriweather,serif !important\"><span style=\"color:#000000 !important\">G\u00fcney K\u0131br\u0131s\u2019\u0131n bu y\u00f6nde ald\u0131\u011f\u0131 \u00f6nlemlere de\u011finen Ulu\u00e7ay, kara ge\u00e7i\u015f kap\u0131lar\u0131ndan \u00fclkeye girenlerin yaratt\u0131\u011f\u0131 canlanmada d\u00fc\u015f\u00fc\u015f ya\u015fanmaya ba\u015flad\u0131\u011f\u0131n\u0131 bunun da KKTC\u2019de enflasyonun getirdi\u011fi pahal\u0131l\u0131\u011f\u0131n al\u0131\u015fveri\u015fin azalmas\u0131na yol a\u00e7t\u0131\u011f\u0131n\u0131n g\u00f6stergesi oldu\u011funu belirtti.<\/span><\/span><\/span><\/span><\/span><\/span><\/span><\/p>\n<p style=\"text-align:left\"><span style=\"font-size:16px\"><span style=\"font-family:Merriweather,serif !important\"><span style=\"color:#000000\"><span style=\"background-color:#ffffff\"><span style=\"font-size:16px !important\"><span style=\"font-family:Merriweather,serif !important\"><span style=\"color:#000000 !important\">Ulu\u00e7ay, yeni ge\u00e7i\u015f kap\u0131lar\u0131 ve ge\u00e7i\u015flerde kolayl\u0131k sa\u011flanmas\u0131 i\u00e7in ad\u0131m at\u0131lmas\u0131 gerekti\u011fini ancak herhangi bir ad\u0131m at\u0131lmad\u0131\u011f\u0131n\u0131 s\u00f6yleyerek, Tatar\u2019a diyalog kurma konusunda geri durmama \u00e7a\u011fr\u0131s\u0131nda bulundu.<\/span><\/span><\/span><\/span><\/span><\/span><\/span><\/p>\n<p style=\"text-align:left\"><span style=\"font-size:16px\"><span style=\"font-family:Merriweather,serif !important\"><span style=\"color:#000000\"><span style=\"background-color:#ffffff\"><span style=\"font-size:16px !important\"><span style=\"font-family:Merriweather,serif !important\"><span style=\"color:#000000 !important\">2024 \u0130ktisadi Ve Mali \u0130\u015fbirli\u011fi Anla\u015fmas\u0131\u2019nda Gazima\u011fusa y\u00fck liman\u0131n\u0131n i\u015fletme hakk\u0131n\u0131n devrine ili\u015fkin ve yeni bir limanla ilgili maddeler bulundu\u011funu s\u00f6yleyen Ulu\u00e7ay, limanla ilgili s\u00f6zle\u015fme yapmak yerine idareye g\u00fcvenme \u00e7a\u011fr\u0131s\u0131nda bulundu.<\/span><\/span><\/span><\/span><\/span><\/span><\/span><\/p>\n<p style=\"text-align:left\"><span style=\"font-size:16px\"><span style=\"font-family:Merriweather,serif !important\"><span style=\"color:#000000\"><span style=\"background-color:#ffffff\"><span style=\"font-size:16px !important\"><span style=\"font-family:Merriweather,serif !important\"><span style=\"color:#000000 !important\">G\u00fcncel konu\u015fmalar\u0131n ard\u0131ndan Meclis&#8217;in bug\u00fcnk\u00fc oturumu sona erdi.<\/span><\/span><\/span><\/span><\/span><\/span><\/span><\/p>\n<p style=\"text-align:left\"><span style=\"font-size:16px\"><span style=\"font-family:Merriweather,serif !important\"><span style=\"color:#000000\"><span style=\"background-color:#ffffff\"><span style=\"font-size:16px !important\"><span style=\"font-family:Merriweather,serif !important\"><span style=\"color:#000000 !important\">Cumhuriyet Meclisi Ba\u015fkan\u0131 Zorlu T\u00f6re, bu toplant\u0131yla yasama y\u0131l\u0131n\u0131n ola\u011fan toplant\u0131lar\u0131n\u0131n tamamland\u0131\u011f\u0131n\u0131,&nbsp;<\/span><\/span><\/span>Meclis tatilinin 1 Temmuz Pazartesi ba\u015flayaca\u011f\u0131n\u0131, al\u0131nan karar uyar\u0131nca komitelerin tatilde de \u00e7al\u0131\u015fmalar\u0131na devam edece\u011fini s\u00f6yleyerek, bir sonraki ola\u011fan birle\u015fimin 1 Ekim Sal\u0131 g\u00fcn\u00fc saat 10.00\u2019da yap\u0131laca\u011f\u0131n\u0131 belirtti.<\/span><\/span><\/span><\/span><\/p>\n","protected":false},"excerpt":{"rendered":"<p>G\u00fcncel konu\u015fmalar\u0131n ard\u0131ndan Meclis&#8217;in toplant\u0131s\u0131 18.15&#8217;te sona erdi. Meclis, 1 Temmuz Pazartesi&#8217;den itibaren tatile girecek ve bir sonraki toplant\u0131 1 Ekim Sal\u0131 g\u00fcn\u00fc saat 10.00\u2019da yap\u0131lacak. Meclis tatili boyunca komiteler g\u00f6rev yapmaya devam edecek. &nbsp; -Ar\u0131kl\u0131 Bay\u0131nd\u0131rl\u0131k ve Ula\u015ft\u0131rma Bakan\u0131 Erhan Ar\u0131kl\u0131, Ta\u015fyap\u0131 ile ilgili konunun mahkemede oldu\u011funu s\u00f6yleyerek, Say\u0131\u015ftay&#8217;\u0131n da konuyu inceledi\u011fini dolay\u0131s\u0131yla bu<\/p>\n","protected":false},"author":1,"featured_media":47315,"comment_status":"open","ping_status":"open","sticky":false,"template":"","format":"standard","meta":{"footnotes":""},"categories":[1],"tags":[],"class_list":["post-47314","post","type-post","status-publish","format-standard","has-post-thumbnail","hentry","category-gundem"],"yoast_head":"<!-- This site is optimized with the Yoast SEO plugin v27.4 - https:\/\/yoast.com\/product\/yoast-seo-wordpress\/ -->\n<title>Meclis Genel Kurulu sona erdi\u2026 -<\/title>\n<meta name=\"robots\" content=\"index, follow, max-snippet:-1, max-image-preview:large, max-video-preview:-1\" \/>\n<link rel=\"canonical\" href=\"https:\/\/kibrisdakik.com\/?p=47314\" \/>\n<meta property=\"og:locale\" content=\"tr_TR\" \/>\n<meta property=\"og:type\" content=\"article\" \/>\n<meta property=\"og:title\" content=\"Meclis Genel Kurulu sona erdi\u2026 -\" \/>\n<meta property=\"og:description\" content=\"G\u00fcncel konu\u015fmalar\u0131n ard\u0131ndan Meclis&#8217;in toplant\u0131s\u0131 18.15&#8217;te sona erdi. Meclis, 1 Temmuz Pazartesi&#8217;den itibaren tatile girecek ve bir sonraki toplant\u0131 1 Ekim Sal\u0131 g\u00fcn\u00fc saat 10.00\u2019da yap\u0131lacak. Meclis tatili boyunca komiteler g\u00f6rev yapmaya devam edecek. &nbsp; -Ar\u0131kl\u0131 Bay\u0131nd\u0131rl\u0131k ve Ula\u015ft\u0131rma Bakan\u0131 Erhan Ar\u0131kl\u0131, Ta\u015fyap\u0131 ile ilgili konunun mahkemede oldu\u011funu s\u00f6yleyerek, Say\u0131\u015ftay&#8217;\u0131n da konuyu inceledi\u011fini dolay\u0131s\u0131yla bu\" \/>\n<meta property=\"og:url\" content=\"https:\/\/kibrisdakik.com\/?p=47314\" \/>\n<meta property=\"article:published_time\" content=\"2024-06-25T15:57:00+00:00\" \/>\n<meta property=\"og:image\" content=\"https:\/\/kibrisdakik.com\/wp-content\/uploads\/2024\/06\/meclis-genel-kurulu-sona-erdi-1719331168.webp.webp\" \/>\n\t<meta property=\"og:image:width\" content=\"710\" \/>\n\t<meta property=\"og:image:height\" content=\"370\" \/>\n\t<meta property=\"og:image:type\" content=\"image\/webp\" \/>\n<meta name=\"author\" content=\"admin\" \/>\n<meta name=\"twitter:card\" content=\"summary_large_image\" \/>\n<meta name=\"twitter:label1\" content=\"Yazan:\" \/>\n\t<meta name=\"twitter:data1\" content=\"admin\" \/>\n\t<meta name=\"twitter:label2\" content=\"Tahmini okuma s\u00fcresi\" \/>\n\t<meta name=\"twitter:data2\" content=\"3 dakika\" \/>\n<script type=\"application\/ld+json\" class=\"yoast-schema-graph\">{\"@context\":\"https:\\\/\\\/schema.org\",\"@graph\":[{\"@type\":\"Article\",\"@id\":\"https:\\\/\\\/kibrisdakik.com\\\/?p=47314#article\",\"isPartOf\":{\"@id\":\"https:\\\/\\\/kibrisdakik.com\\\/?p=47314\"},\"author\":{\"name\":\"admin\",\"@id\":\"https:\\\/\\\/kibrisdakik.com\\\/#\\\/schema\\\/person\\\/9cd9d437bbb44f72b73ba127e06d8e79\"},\"headline\":\"Meclis Genel Kurulu sona erdi\u2026\",\"datePublished\":\"2024-06-25T15:57:00+00:00\",\"mainEntityOfPage\":{\"@id\":\"https:\\\/\\\/kibrisdakik.com\\\/?p=47314\"},\"wordCount\":704,\"commentCount\":0,\"image\":{\"@id\":\"https:\\\/\\\/kibrisdakik.com\\\/?p=47314#primaryimage\"},\"thumbnailUrl\":\"https:\\\/\\\/kibrisdakik.com\\\/wp-content\\\/uploads\\\/2024\\\/06\\\/meclis-genel-kurulu-sona-erdi-1719331168.webp.webp\",\"articleSection\":[\"G\u00fcndem\"],\"inLanguage\":\"tr\",\"potentialAction\":[{\"@type\":\"CommentAction\",\"name\":\"Comment\",\"target\":[\"https:\\\/\\\/kibrisdakik.com\\\/?p=47314#respond\"]}]},{\"@type\":\"WebPage\",\"@id\":\"https:\\\/\\\/kibrisdakik.com\\\/?p=47314\",\"url\":\"https:\\\/\\\/kibrisdakik.com\\\/?p=47314\",\"name\":\"Meclis Genel Kurulu sona erdi\u2026 -\",\"isPartOf\":{\"@id\":\"https:\\\/\\\/kibrisdakik.com\\\/#website\"},\"primaryImageOfPage\":{\"@id\":\"https:\\\/\\\/kibrisdakik.com\\\/?p=47314#primaryimage\"},\"image\":{\"@id\":\"https:\\\/\\\/kibrisdakik.com\\\/?p=47314#primaryimage\"},\"thumbnailUrl\":\"https:\\\/\\\/kibrisdakik.com\\\/wp-content\\\/uploads\\\/2024\\\/06\\\/meclis-genel-kurulu-sona-erdi-1719331168.webp.webp\",\"datePublished\":\"2024-06-25T15:57:00+00:00\",\"author\":{\"@id\":\"https:\\\/\\\/kibrisdakik.com\\\/#\\\/schema\\\/person\\\/9cd9d437bbb44f72b73ba127e06d8e79\"},\"breadcrumb\":{\"@id\":\"https:\\\/\\\/kibrisdakik.com\\\/?p=47314#breadcrumb\"},\"inLanguage\":\"tr\",\"potentialAction\":[{\"@type\":\"ReadAction\",\"target\":[\"https:\\\/\\\/kibrisdakik.com\\\/?p=47314\"]}]},{\"@type\":\"ImageObject\",\"inLanguage\":\"tr\",\"@id\":\"https:\\\/\\\/kibrisdakik.com\\\/?p=47314#primaryimage\",\"url\":\"https:\\\/\\\/kibrisdakik.com\\\/wp-content\\\/uploads\\\/2024\\\/06\\\/meclis-genel-kurulu-sona-erdi-1719331168.webp.webp\",\"contentUrl\":\"https:\\\/\\\/kibrisdakik.com\\\/wp-content\\\/uploads\\\/2024\\\/06\\\/meclis-genel-kurulu-sona-erdi-1719331168.webp.webp\",\"width\":710,\"height\":370},{\"@type\":\"BreadcrumbList\",\"@id\":\"https:\\\/\\\/kibrisdakik.com\\\/?p=47314#breadcrumb\",\"itemListElement\":[{\"@type\":\"ListItem\",\"position\":1,\"name\":\"Home\",\"item\":\"https:\\\/\\\/kibrisdakik.com\\\/\"},{\"@type\":\"ListItem\",\"position\":2,\"name\":\"Meclis Genel Kurulu sona erdi\u2026\"}]},{\"@type\":\"WebSite\",\"@id\":\"https:\\\/\\\/kibrisdakik.com\\\/#website\",\"url\":\"https:\\\/\\\/kibrisdakik.com\\\/\",\"name\":\"\",\"description\":\"Tam vaktinde haber\",\"potentialAction\":[{\"@type\":\"SearchAction\",\"target\":{\"@type\":\"EntryPoint\",\"urlTemplate\":\"https:\\\/\\\/kibrisdakik.com\\\/?s={search_term_string}\"},\"query-input\":{\"@type\":\"PropertyValueSpecification\",\"valueRequired\":true,\"valueName\":\"search_term_string\"}}],\"inLanguage\":\"tr\"},{\"@type\":\"Person\",\"@id\":\"https:\\\/\\\/kibrisdakik.com\\\/#\\\/schema\\\/person\\\/9cd9d437bbb44f72b73ba127e06d8e79\",\"name\":\"admin\",\"image\":{\"@type\":\"ImageObject\",\"inLanguage\":\"tr\",\"@id\":\"https:\\\/\\\/secure.gravatar.com\\\/avatar\\\/ccc17943b9d660506c869530f897617f7cb1c21a4bf30023f252596d83e1f007?s=96&d=mm&r=g\",\"url\":\"https:\\\/\\\/secure.gravatar.com\\\/avatar\\\/ccc17943b9d660506c869530f897617f7cb1c21a4bf30023f252596d83e1f007?s=96&d=mm&r=g\",\"contentUrl\":\"https:\\\/\\\/secure.gravatar.com\\\/avatar\\\/ccc17943b9d660506c869530f897617f7cb1c21a4bf30023f252596d83e1f007?s=96&d=mm&r=g\",\"caption\":\"admin\"},\"sameAs\":[\"https:\\\/\\\/kibrisdakik.com\"],\"url\":\"https:\\\/\\\/kibrisdakik.com\\\/?author=1\"}]}<\/script>\n<!-- \/ Yoast SEO plugin. -->","yoast_head_json":{"title":"Meclis Genel Kurulu sona erdi\u2026 -","robots":{"index":"index","follow":"follow","max-snippet":"max-snippet:-1","max-image-preview":"max-image-preview:large","max-video-preview":"max-video-preview:-1"},"canonical":"https:\/\/kibrisdakik.com\/?p=47314","og_locale":"tr_TR","og_type":"article","og_title":"Meclis Genel Kurulu sona erdi\u2026 -","og_description":"G\u00fcncel konu\u015fmalar\u0131n ard\u0131ndan Meclis&#8217;in toplant\u0131s\u0131 18.15&#8217;te sona erdi. Meclis, 1 Temmuz Pazartesi&#8217;den itibaren tatile girecek ve bir sonraki toplant\u0131 1 Ekim Sal\u0131 g\u00fcn\u00fc saat 10.00\u2019da yap\u0131lacak. Meclis tatili boyunca komiteler g\u00f6rev yapmaya devam edecek. &nbsp; -Ar\u0131kl\u0131 Bay\u0131nd\u0131rl\u0131k ve Ula\u015ft\u0131rma Bakan\u0131 Erhan Ar\u0131kl\u0131, Ta\u015fyap\u0131 ile ilgili konunun mahkemede oldu\u011funu s\u00f6yleyerek, Say\u0131\u015ftay&#8217;\u0131n da konuyu inceledi\u011fini dolay\u0131s\u0131yla bu","og_url":"https:\/\/kibrisdakik.com\/?p=47314","article_published_time":"2024-06-25T15:57:00+00:00","og_image":[{"width":710,"height":370,"url":"https:\/\/kibrisdakik.com\/wp-content\/uploads\/2024\/06\/meclis-genel-kurulu-sona-erdi-1719331168.webp.webp","type":"image\/webp"}],"author":"admin","twitter_card":"summary_large_image","twitter_misc":{"Yazan:":"admin","Tahmini okuma s\u00fcresi":"3 dakika"},"schema":{"@context":"https:\/\/schema.org","@graph":[{"@type":"Article","@id":"https:\/\/kibrisdakik.com\/?p=47314#article","isPartOf":{"@id":"https:\/\/kibrisdakik.com\/?p=47314"},"author":{"name":"admin","@id":"https:\/\/kibrisdakik.com\/#\/schema\/person\/9cd9d437bbb44f72b73ba127e06d8e79"},"headline":"Meclis Genel Kurulu sona erdi\u2026","datePublished":"2024-06-25T15:57:00+00:00","mainEntityOfPage":{"@id":"https:\/\/kibrisdakik.com\/?p=47314"},"wordCount":704,"commentCount":0,"image":{"@id":"https:\/\/kibrisdakik.com\/?p=47314#primaryimage"},"thumbnailUrl":"https:\/\/kibrisdakik.com\/wp-content\/uploads\/2024\/06\/meclis-genel-kurulu-sona-erdi-1719331168.webp.webp","articleSection":["G\u00fcndem"],"inLanguage":"tr","potentialAction":[{"@type":"CommentAction","name":"Comment","target":["https:\/\/kibrisdakik.com\/?p=47314#respond"]}]},{"@type":"WebPage","@id":"https:\/\/kibrisdakik.com\/?p=47314","url":"https:\/\/kibrisdakik.com\/?p=47314","name":"Meclis Genel Kurulu sona erdi\u2026 -","isPartOf":{"@id":"https:\/\/kibrisdakik.com\/#website"},"primaryImageOfPage":{"@id":"https:\/\/kibrisdakik.com\/?p=47314#primaryimage"},"image":{"@id":"https:\/\/kibrisdakik.com\/?p=47314#primaryimage"},"thumbnailUrl":"https:\/\/kibrisdakik.com\/wp-content\/uploads\/2024\/06\/meclis-genel-kurulu-sona-erdi-1719331168.webp.webp","datePublished":"2024-06-25T15:57:00+00:00","author":{"@id":"https:\/\/kibrisdakik.com\/#\/schema\/person\/9cd9d437bbb44f72b73ba127e06d8e79"},"breadcrumb":{"@id":"https:\/\/kibrisdakik.com\/?p=47314#breadcrumb"},"inLanguage":"tr","potentialAction":[{"@type":"ReadAction","target":["https:\/\/kibrisdakik.com\/?p=47314"]}]},{"@type":"ImageObject","inLanguage":"tr","@id":"https:\/\/kibrisdakik.com\/?p=47314#primaryimage","url":"https:\/\/kibrisdakik.com\/wp-content\/uploads\/2024\/06\/meclis-genel-kurulu-sona-erdi-1719331168.webp.webp","contentUrl":"https:\/\/kibrisdakik.com\/wp-content\/uploads\/2024\/06\/meclis-genel-kurulu-sona-erdi-1719331168.webp.webp","width":710,"height":370},{"@type":"BreadcrumbList","@id":"https:\/\/kibrisdakik.com\/?p=47314#breadcrumb","itemListElement":[{"@type":"ListItem","position":1,"name":"Home","item":"https:\/\/kibrisdakik.com\/"},{"@type":"ListItem","position":2,"name":"Meclis Genel Kurulu sona erdi\u2026"}]},{"@type":"WebSite","@id":"https:\/\/kibrisdakik.com\/#website","url":"https:\/\/kibrisdakik.com\/","name":"","description":"Tam vaktinde haber","potentialAction":[{"@type":"SearchAction","target":{"@type":"EntryPoint","urlTemplate":"https:\/\/kibrisdakik.com\/?s={search_term_string}"},"query-input":{"@type":"PropertyValueSpecification","valueRequired":true,"valueName":"search_term_string"}}],"inLanguage":"tr"},{"@type":"Person","@id":"https:\/\/kibrisdakik.com\/#\/schema\/person\/9cd9d437bbb44f72b73ba127e06d8e79","name":"admin","image":{"@type":"ImageObject","inLanguage":"tr","@id":"https:\/\/secure.gravatar.com\/avatar\/ccc17943b9d660506c869530f897617f7cb1c21a4bf30023f252596d83e1f007?s=96&d=mm&r=g","url":"https:\/\/secure.gravatar.com\/avatar\/ccc17943b9d660506c869530f897617f7cb1c21a4bf30023f252596d83e1f007?s=96&d=mm&r=g","contentUrl":"https:\/\/secure.gravatar.com\/avatar\/ccc17943b9d660506c869530f897617f7cb1c21a4bf30023f252596d83e1f007?s=96&d=mm&r=g","caption":"admin"},"sameAs":["https:\/\/kibrisdakik.com"],"url":"https:\/\/kibrisdakik.com\/?author=1"}]}},"_links":{"self":[{"href":"https:\/\/kibrisdakik.com\/index.php?rest_route=\/wp\/v2\/posts\/47314","targetHints":{"allow":["GET"]}}],"collection":[{"href":"https:\/\/kibrisdakik.com\/index.php?rest_route=\/wp\/v2\/posts"}],"about":[{"href":"https:\/\/kibrisdakik.com\/index.php?rest_route=\/wp\/v2\/types\/post"}],"author":[{"embeddable":true,"href":"https:\/\/kibrisdakik.com\/index.php?rest_route=\/wp\/v2\/users\/1"}],"replies":[{"embeddable":true,"href":"https:\/\/kibrisdakik.com\/index.php?rest_route=%2Fwp%2Fv2%2Fcomments&post=47314"}],"version-history":[{"count":0,"href":"https:\/\/kibrisdakik.com\/index.php?rest_route=\/wp\/v2\/posts\/47314\/revisions"}],"wp:featuredmedia":[{"embeddable":true,"href":"https:\/\/kibrisdakik.com\/index.php?rest_route=\/wp\/v2\/media\/47315"}],"wp:attachment":[{"href":"https:\/\/kibrisdakik.com\/index.php?rest_route=%2Fwp%2Fv2%2Fmedia&parent=47314"}],"wp:term":[{"taxonomy":"category","embeddable":true,"href":"https:\/\/kibrisdakik.com\/index.php?rest_route=%2Fwp%2Fv2%2Fcategories&post=47314"},{"taxonomy":"post_tag","embeddable":true,"href":"https:\/\/kibrisdakik.com\/index.php?rest_route=%2Fwp%2Fv2%2Ftags&post=47314"}],"curies":[{"name":"wp","href":"https:\/\/api.w.org\/{rel}","templated":true}]}}