{"id":47327,"date":"2024-06-25T18:26:55","date_gmt":"2024-06-25T18:26:55","guid":{"rendered":"https:\/\/kibrisdakik.com\/index.php\/2024\/06\/25\/volkan-demirelin-babasi-ali-haci-demirel-vefat-etti\/"},"modified":"2024-06-25T18:26:55","modified_gmt":"2024-06-25T18:26:55","slug":"volkan-demirelin-babasi-ali-haci-demirel-vefat-etti","status":"publish","type":"post","link":"https:\/\/kibrisdakik.com\/?p=47327","title":{"rendered":"Volkan Demirel&#039;in babas\u0131 Ali Hac\u0131 Demirel vefat etti!"},"content":{"rendered":"<p><img decoding=\"async\" src=\"https:\/\/www.kibristurk.com\/images\/haberler\/2024\/06\/volkan-demirelin-babasi-ali-haci-demirel-vefat-etti-1719337713.webp\" \/><\/p>\n<p>Akyarlar Mahallesi\u2019nde ya\u015fayan eski milli kaleci ve teknik direkt\u00f6r Volkan Demirel\u2019in babas\u0131 Ali Hac\u0131 Demirel, saat 16.00 s\u0131ralar\u0131nda g\u00f6\u011f\u00fcs a\u011fr\u0131s\u0131 sebebiyle evinde fenala\u015ft\u0131. \u0130hbar \u00fczerine b\u00f6lgeye sa\u011fl\u0131k ekipleri sevk edildi.<\/p>\n<p>&nbsp;<\/p>\n<h3>HASTANEDE YA\u015eAMINI Y\u0130T\u0130RD\u0130<\/h3>\n<p>Sa\u011fl\u0131k ekiplerince ilk m\u00fcdahalesi olay yerinde yap\u0131ld\u0131ktan sonra b\u00f6lgedeki \u00f6zel bir hastaneye sevk edildi. Burada yap\u0131lan t\u00fcm m\u00fcdahalelere ra\u011fmen Ali Hac\u0131 Demirel ya\u015fam\u0131n\u0131 yitirdi.<\/p>\n<p>&nbsp;<\/p>\n<p>Hastaneye gelen Volkan Demirel ve e\u015fi Zeynep Demirel, ald\u0131\u011f\u0131 ac\u0131 haber kar\u015f\u0131s\u0131nda b\u00fcy\u00fck \u00fcz\u00fcnt\u00fc ya\u015fad\u0131.<\/p>\n<p>Ali Hac\u0131 Demirel\u2019in cenazesi defin i\u00e7in havayoluyla \u0130stanbul\u2019a g\u00f6nderilece\u011fi belirtildi.<\/p>\n<h3>\nFENERBAH\u00c7E&#8217;DEN BA\u015eSA\u011eLI\u011eI MESAJI<\/h3>\n<p>Efsanesi oldu\u011fu Fenerbah\u00e7e, Volkan Demirel&#8217;i ac\u0131 g\u00fcn\u00fcn sosyal medya hesab\u0131ndan ba\u015fsa\u011fl\u0131\u011f\u0131 mesaj\u0131 yay\u0131nlad\u0131.&nbsp;<br \/>\nG\u00f6nderide, &#8220;Ba\u015f\u0131n sa\u011f olsun Volkan Demirel Uzun y\u0131llar Fenerbah\u00e7emizin kalesini ba\u015far\u0131yla koruyan efsane kaptanlar\u0131m\u0131zdan ve eski yard\u0131mc\u0131 antren\u00f6rlerimizden Volkan Demirel\u2019in de\u011ferli babas\u0131 Ali Naci Demirel\u2019in vefat etti\u011fi haberini b\u00fcy\u00fck bir \u00fcz\u00fcnt\u00fc ile \u00f6\u011frenmi\u015f bulunmaktay\u0131z. Merhum Ali Naci Demirel\u2019e Allah\u2019tan rahmet; Volkan Demirel ba\u015fta olmak \u00fczere Demirel Ailesi\u2019ne, yak\u0131nlar\u0131na ve sevenlerine ba\u015fsa\u011fl\u0131\u011f\u0131 dileriz.&#8221; ifadelerine yer verildi.<\/p>\n","protected":false},"excerpt":{"rendered":"<p>Akyarlar Mahallesi\u2019nde ya\u015fayan eski milli kaleci ve teknik direkt\u00f6r Volkan Demirel\u2019in babas\u0131 Ali Hac\u0131 Demirel, saat 16.00 s\u0131ralar\u0131nda g\u00f6\u011f\u00fcs a\u011fr\u0131s\u0131 sebebiyle evinde fenala\u015ft\u0131. \u0130hbar \u00fczerine b\u00f6lgeye sa\u011fl\u0131k ekipleri sevk edildi. &nbsp; HASTANEDE YA\u015eAMINI Y\u0130T\u0130RD\u0130 Sa\u011fl\u0131k ekiplerince ilk m\u00fcdahalesi olay yerinde yap\u0131ld\u0131ktan sonra b\u00f6lgedeki \u00f6zel bir hastaneye sevk edildi. Burada yap\u0131lan t\u00fcm m\u00fcdahalelere ra\u011fmen Ali Hac\u0131<\/p>\n","protected":false},"author":1,"featured_media":47328,"comment_status":"open","ping_status":"open","sticky":false,"template":"","format":"standard","meta":{"footnotes":""},"categories":[79],"tags":[],"class_list":["post-47327","post","type-post","status-publish","format-standard","has-post-thumbnail","hentry","category-ekonomi"],"yoast_head":"<!-- This site is optimized with the Yoast SEO plugin v27.5 - https:\/\/yoast.com\/product\/yoast-seo-wordpress\/ -->\n<title>Volkan Demirel&#039;in babas\u0131 Ali Hac\u0131 Demirel vefat etti! -<\/title>\n<meta name=\"robots\" content=\"index, follow, max-snippet:-1, max-image-preview:large, max-video-preview:-1\" \/>\n<link rel=\"canonical\" href=\"https:\/\/kibrisdakik.com\/?p=47327\" \/>\n<meta property=\"og:locale\" content=\"tr_TR\" \/>\n<meta property=\"og:type\" content=\"article\" \/>\n<meta property=\"og:title\" content=\"Volkan Demirel&#039;in babas\u0131 Ali Hac\u0131 Demirel vefat etti! -\" \/>\n<meta property=\"og:description\" content=\"Akyarlar Mahallesi\u2019nde ya\u015fayan eski milli kaleci ve teknik direkt\u00f6r Volkan Demirel\u2019in babas\u0131 Ali Hac\u0131 Demirel, saat 16.00 s\u0131ralar\u0131nda g\u00f6\u011f\u00fcs a\u011fr\u0131s\u0131 sebebiyle evinde fenala\u015ft\u0131. \u0130hbar \u00fczerine b\u00f6lgeye sa\u011fl\u0131k ekipleri sevk edildi. &nbsp; HASTANEDE YA\u015eAMINI Y\u0130T\u0130RD\u0130 Sa\u011fl\u0131k ekiplerince ilk m\u00fcdahalesi olay yerinde yap\u0131ld\u0131ktan sonra b\u00f6lgedeki \u00f6zel bir hastaneye sevk edildi. Burada yap\u0131lan t\u00fcm m\u00fcdahalelere ra\u011fmen Ali Hac\u0131\" \/>\n<meta property=\"og:url\" content=\"https:\/\/kibrisdakik.com\/?p=47327\" \/>\n<meta property=\"article:published_time\" content=\"2024-06-25T18:26:55+00:00\" \/>\n<meta property=\"og:image\" content=\"https:\/\/kibrisdakik.com\/wp-content\/uploads\/2024\/06\/volkan-demirelin-babasi-ali-haci-demirel-vefat-etti-1719337713.webp.webp\" \/>\n\t<meta property=\"og:image:width\" content=\"710\" \/>\n\t<meta property=\"og:image:height\" content=\"370\" \/>\n\t<meta property=\"og:image:type\" content=\"image\/webp\" \/>\n<meta name=\"author\" content=\"admin\" \/>\n<meta name=\"twitter:card\" content=\"summary_large_image\" \/>\n<meta name=\"twitter:label1\" content=\"Yazan:\" \/>\n\t<meta name=\"twitter:data1\" content=\"admin\" \/>\n\t<meta name=\"twitter:label2\" content=\"Tahmini okuma s\u00fcresi\" \/>\n\t<meta name=\"twitter:data2\" content=\"1 dakika\" \/>\n<script type=\"application\/ld+json\" class=\"yoast-schema-graph\">{\"@context\":\"https:\\\/\\\/schema.org\",\"@graph\":[{\"@type\":\"Article\",\"@id\":\"https:\\\/\\\/kibrisdakik.com\\\/?p=47327#article\",\"isPartOf\":{\"@id\":\"https:\\\/\\\/kibrisdakik.com\\\/?p=47327\"},\"author\":{\"name\":\"admin\",\"@id\":\"https:\\\/\\\/kibrisdakik.com\\\/#\\\/schema\\\/person\\\/9cd9d437bbb44f72b73ba127e06d8e79\"},\"headline\":\"Volkan Demirel&#039;in babas\u0131 Ali Hac\u0131 Demirel vefat etti!\",\"datePublished\":\"2024-06-25T18:26:55+00:00\",\"mainEntityOfPage\":{\"@id\":\"https:\\\/\\\/kibrisdakik.com\\\/?p=47327\"},\"wordCount\":242,\"commentCount\":0,\"image\":{\"@id\":\"https:\\\/\\\/kibrisdakik.com\\\/?p=47327#primaryimage\"},\"thumbnailUrl\":\"https:\\\/\\\/kibrisdakik.com\\\/wp-content\\\/uploads\\\/2024\\\/06\\\/volkan-demirelin-babasi-ali-haci-demirel-vefat-etti-1719337713.webp.webp\",\"articleSection\":[\"Ekonomi\"],\"inLanguage\":\"tr\",\"potentialAction\":[{\"@type\":\"CommentAction\",\"name\":\"Comment\",\"target\":[\"https:\\\/\\\/kibrisdakik.com\\\/?p=47327#respond\"]}]},{\"@type\":\"WebPage\",\"@id\":\"https:\\\/\\\/kibrisdakik.com\\\/?p=47327\",\"url\":\"https:\\\/\\\/kibrisdakik.com\\\/?p=47327\",\"name\":\"Volkan Demirel&#039;in babas\u0131 Ali Hac\u0131 Demirel vefat etti! -\",\"isPartOf\":{\"@id\":\"https:\\\/\\\/kibrisdakik.com\\\/#website\"},\"primaryImageOfPage\":{\"@id\":\"https:\\\/\\\/kibrisdakik.com\\\/?p=47327#primaryimage\"},\"image\":{\"@id\":\"https:\\\/\\\/kibrisdakik.com\\\/?p=47327#primaryimage\"},\"thumbnailUrl\":\"https:\\\/\\\/kibrisdakik.com\\\/wp-content\\\/uploads\\\/2024\\\/06\\\/volkan-demirelin-babasi-ali-haci-demirel-vefat-etti-1719337713.webp.webp\",\"datePublished\":\"2024-06-25T18:26:55+00:00\",\"author\":{\"@id\":\"https:\\\/\\\/kibrisdakik.com\\\/#\\\/schema\\\/person\\\/9cd9d437bbb44f72b73ba127e06d8e79\"},\"breadcrumb\":{\"@id\":\"https:\\\/\\\/kibrisdakik.com\\\/?p=47327#breadcrumb\"},\"inLanguage\":\"tr\",\"potentialAction\":[{\"@type\":\"ReadAction\",\"target\":[\"https:\\\/\\\/kibrisdakik.com\\\/?p=47327\"]}]},{\"@type\":\"ImageObject\",\"inLanguage\":\"tr\",\"@id\":\"https:\\\/\\\/kibrisdakik.com\\\/?p=47327#primaryimage\",\"url\":\"https:\\\/\\\/kibrisdakik.com\\\/wp-content\\\/uploads\\\/2024\\\/06\\\/volkan-demirelin-babasi-ali-haci-demirel-vefat-etti-1719337713.webp.webp\",\"contentUrl\":\"https:\\\/\\\/kibrisdakik.com\\\/wp-content\\\/uploads\\\/2024\\\/06\\\/volkan-demirelin-babasi-ali-haci-demirel-vefat-etti-1719337713.webp.webp\",\"width\":710,\"height\":370},{\"@type\":\"BreadcrumbList\",\"@id\":\"https:\\\/\\\/kibrisdakik.com\\\/?p=47327#breadcrumb\",\"itemListElement\":[{\"@type\":\"ListItem\",\"position\":1,\"name\":\"Home\",\"item\":\"https:\\\/\\\/kibrisdakik.com\\\/\"},{\"@type\":\"ListItem\",\"position\":2,\"name\":\"Volkan Demirel&#039;in babas\u0131 Ali Hac\u0131 Demirel vefat etti!\"}]},{\"@type\":\"WebSite\",\"@id\":\"https:\\\/\\\/kibrisdakik.com\\\/#website\",\"url\":\"https:\\\/\\\/kibrisdakik.com\\\/\",\"name\":\"\",\"description\":\"Tam vaktinde haber\",\"potentialAction\":[{\"@type\":\"SearchAction\",\"target\":{\"@type\":\"EntryPoint\",\"urlTemplate\":\"https:\\\/\\\/kibrisdakik.com\\\/?s={search_term_string}\"},\"query-input\":{\"@type\":\"PropertyValueSpecification\",\"valueRequired\":true,\"valueName\":\"search_term_string\"}}],\"inLanguage\":\"tr\"},{\"@type\":\"Person\",\"@id\":\"https:\\\/\\\/kibrisdakik.com\\\/#\\\/schema\\\/person\\\/9cd9d437bbb44f72b73ba127e06d8e79\",\"name\":\"admin\",\"image\":{\"@type\":\"ImageObject\",\"inLanguage\":\"tr\",\"@id\":\"https:\\\/\\\/secure.gravatar.com\\\/avatar\\\/ccc17943b9d660506c869530f897617f7cb1c21a4bf30023f252596d83e1f007?s=96&d=mm&r=g\",\"url\":\"https:\\\/\\\/secure.gravatar.com\\\/avatar\\\/ccc17943b9d660506c869530f897617f7cb1c21a4bf30023f252596d83e1f007?s=96&d=mm&r=g\",\"contentUrl\":\"https:\\\/\\\/secure.gravatar.com\\\/avatar\\\/ccc17943b9d660506c869530f897617f7cb1c21a4bf30023f252596d83e1f007?s=96&d=mm&r=g\",\"caption\":\"admin\"},\"sameAs\":[\"https:\\\/\\\/kibrisdakik.com\"],\"url\":\"https:\\\/\\\/kibrisdakik.com\\\/?author=1\"}]}<\/script>\n<!-- \/ Yoast SEO plugin. -->","yoast_head_json":{"title":"Volkan Demirel&#039;in babas\u0131 Ali Hac\u0131 Demirel vefat etti! -","robots":{"index":"index","follow":"follow","max-snippet":"max-snippet:-1","max-image-preview":"max-image-preview:large","max-video-preview":"max-video-preview:-1"},"canonical":"https:\/\/kibrisdakik.com\/?p=47327","og_locale":"tr_TR","og_type":"article","og_title":"Volkan Demirel&#039;in babas\u0131 Ali Hac\u0131 Demirel vefat etti! -","og_description":"Akyarlar Mahallesi\u2019nde ya\u015fayan eski milli kaleci ve teknik direkt\u00f6r Volkan Demirel\u2019in babas\u0131 Ali Hac\u0131 Demirel, saat 16.00 s\u0131ralar\u0131nda g\u00f6\u011f\u00fcs a\u011fr\u0131s\u0131 sebebiyle evinde fenala\u015ft\u0131. \u0130hbar \u00fczerine b\u00f6lgeye sa\u011fl\u0131k ekipleri sevk edildi. &nbsp; HASTANEDE YA\u015eAMINI Y\u0130T\u0130RD\u0130 Sa\u011fl\u0131k ekiplerince ilk m\u00fcdahalesi olay yerinde yap\u0131ld\u0131ktan sonra b\u00f6lgedeki \u00f6zel bir hastaneye sevk edildi. Burada yap\u0131lan t\u00fcm m\u00fcdahalelere ra\u011fmen Ali Hac\u0131","og_url":"https:\/\/kibrisdakik.com\/?p=47327","article_published_time":"2024-06-25T18:26:55+00:00","og_image":[{"width":710,"height":370,"url":"https:\/\/kibrisdakik.com\/wp-content\/uploads\/2024\/06\/volkan-demirelin-babasi-ali-haci-demirel-vefat-etti-1719337713.webp.webp","type":"image\/webp"}],"author":"admin","twitter_card":"summary_large_image","twitter_misc":{"Yazan:":"admin","Tahmini okuma s\u00fcresi":"1 dakika"},"schema":{"@context":"https:\/\/schema.org","@graph":[{"@type":"Article","@id":"https:\/\/kibrisdakik.com\/?p=47327#article","isPartOf":{"@id":"https:\/\/kibrisdakik.com\/?p=47327"},"author":{"name":"admin","@id":"https:\/\/kibrisdakik.com\/#\/schema\/person\/9cd9d437bbb44f72b73ba127e06d8e79"},"headline":"Volkan Demirel&#039;in babas\u0131 Ali Hac\u0131 Demirel vefat etti!","datePublished":"2024-06-25T18:26:55+00:00","mainEntityOfPage":{"@id":"https:\/\/kibrisdakik.com\/?p=47327"},"wordCount":242,"commentCount":0,"image":{"@id":"https:\/\/kibrisdakik.com\/?p=47327#primaryimage"},"thumbnailUrl":"https:\/\/kibrisdakik.com\/wp-content\/uploads\/2024\/06\/volkan-demirelin-babasi-ali-haci-demirel-vefat-etti-1719337713.webp.webp","articleSection":["Ekonomi"],"inLanguage":"tr","potentialAction":[{"@type":"CommentAction","name":"Comment","target":["https:\/\/kibrisdakik.com\/?p=47327#respond"]}]},{"@type":"WebPage","@id":"https:\/\/kibrisdakik.com\/?p=47327","url":"https:\/\/kibrisdakik.com\/?p=47327","name":"Volkan Demirel&#039;in babas\u0131 Ali Hac\u0131 Demirel vefat etti! -","isPartOf":{"@id":"https:\/\/kibrisdakik.com\/#website"},"primaryImageOfPage":{"@id":"https:\/\/kibrisdakik.com\/?p=47327#primaryimage"},"image":{"@id":"https:\/\/kibrisdakik.com\/?p=47327#primaryimage"},"thumbnailUrl":"https:\/\/kibrisdakik.com\/wp-content\/uploads\/2024\/06\/volkan-demirelin-babasi-ali-haci-demirel-vefat-etti-1719337713.webp.webp","datePublished":"2024-06-25T18:26:55+00:00","author":{"@id":"https:\/\/kibrisdakik.com\/#\/schema\/person\/9cd9d437bbb44f72b73ba127e06d8e79"},"breadcrumb":{"@id":"https:\/\/kibrisdakik.com\/?p=47327#breadcrumb"},"inLanguage":"tr","potentialAction":[{"@type":"ReadAction","target":["https:\/\/kibrisdakik.com\/?p=47327"]}]},{"@type":"ImageObject","inLanguage":"tr","@id":"https:\/\/kibrisdakik.com\/?p=47327#primaryimage","url":"https:\/\/kibrisdakik.com\/wp-content\/uploads\/2024\/06\/volkan-demirelin-babasi-ali-haci-demirel-vefat-etti-1719337713.webp.webp","contentUrl":"https:\/\/kibrisdakik.com\/wp-content\/uploads\/2024\/06\/volkan-demirelin-babasi-ali-haci-demirel-vefat-etti-1719337713.webp.webp","width":710,"height":370},{"@type":"BreadcrumbList","@id":"https:\/\/kibrisdakik.com\/?p=47327#breadcrumb","itemListElement":[{"@type":"ListItem","position":1,"name":"Home","item":"https:\/\/kibrisdakik.com\/"},{"@type":"ListItem","position":2,"name":"Volkan Demirel&#039;in babas\u0131 Ali Hac\u0131 Demirel vefat etti!"}]},{"@type":"WebSite","@id":"https:\/\/kibrisdakik.com\/#website","url":"https:\/\/kibrisdakik.com\/","name":"","description":"Tam vaktinde haber","potentialAction":[{"@type":"SearchAction","target":{"@type":"EntryPoint","urlTemplate":"https:\/\/kibrisdakik.com\/?s={search_term_string}"},"query-input":{"@type":"PropertyValueSpecification","valueRequired":true,"valueName":"search_term_string"}}],"inLanguage":"tr"},{"@type":"Person","@id":"https:\/\/kibrisdakik.com\/#\/schema\/person\/9cd9d437bbb44f72b73ba127e06d8e79","name":"admin","image":{"@type":"ImageObject","inLanguage":"tr","@id":"https:\/\/secure.gravatar.com\/avatar\/ccc17943b9d660506c869530f897617f7cb1c21a4bf30023f252596d83e1f007?s=96&d=mm&r=g","url":"https:\/\/secure.gravatar.com\/avatar\/ccc17943b9d660506c869530f897617f7cb1c21a4bf30023f252596d83e1f007?s=96&d=mm&r=g","contentUrl":"https:\/\/secure.gravatar.com\/avatar\/ccc17943b9d660506c869530f897617f7cb1c21a4bf30023f252596d83e1f007?s=96&d=mm&r=g","caption":"admin"},"sameAs":["https:\/\/kibrisdakik.com"],"url":"https:\/\/kibrisdakik.com\/?author=1"}]}},"_links":{"self":[{"href":"https:\/\/kibrisdakik.com\/index.php?rest_route=\/wp\/v2\/posts\/47327","targetHints":{"allow":["GET"]}}],"collection":[{"href":"https:\/\/kibrisdakik.com\/index.php?rest_route=\/wp\/v2\/posts"}],"about":[{"href":"https:\/\/kibrisdakik.com\/index.php?rest_route=\/wp\/v2\/types\/post"}],"author":[{"embeddable":true,"href":"https:\/\/kibrisdakik.com\/index.php?rest_route=\/wp\/v2\/users\/1"}],"replies":[{"embeddable":true,"href":"https:\/\/kibrisdakik.com\/index.php?rest_route=%2Fwp%2Fv2%2Fcomments&post=47327"}],"version-history":[{"count":0,"href":"https:\/\/kibrisdakik.com\/index.php?rest_route=\/wp\/v2\/posts\/47327\/revisions"}],"wp:featuredmedia":[{"embeddable":true,"href":"https:\/\/kibrisdakik.com\/index.php?rest_route=\/wp\/v2\/media\/47328"}],"wp:attachment":[{"href":"https:\/\/kibrisdakik.com\/index.php?rest_route=%2Fwp%2Fv2%2Fmedia&parent=47327"}],"wp:term":[{"taxonomy":"category","embeddable":true,"href":"https:\/\/kibrisdakik.com\/index.php?rest_route=%2Fwp%2Fv2%2Fcategories&post=47327"},{"taxonomy":"post_tag","embeddable":true,"href":"https:\/\/kibrisdakik.com\/index.php?rest_route=%2Fwp%2Fv2%2Ftags&post=47327"}],"curies":[{"name":"wp","href":"https:\/\/api.w.org\/{rel}","templated":true}]}}