{"id":47341,"date":"2024-06-25T20:32:50","date_gmt":"2024-06-25T20:32:50","guid":{"rendered":"https:\/\/kibrisdakik.com\/index.php\/2024\/06\/25\/uyusturucuyla-mucadele-komisyonu-cocuk-ergen-ve-genclerin-karsi-karsiya-oldugu-risklere-dikkat-cekti-2\/"},"modified":"2024-06-25T20:32:50","modified_gmt":"2024-06-25T20:32:50","slug":"uyusturucuyla-mucadele-komisyonu-cocuk-ergen-ve-genclerin-karsi-karsiya-oldugu-risklere-dikkat-cekti-2","status":"publish","type":"post","link":"https:\/\/kibrisdakik.com\/?p=47341","title":{"rendered":"Uyu\u015fturucuyla M\u00fccadele Komisyonu, \u00e7ocuk, ergen ve gen\u00e7lerin kar\u015f\u0131 kar\u015f\u0131ya oldu\u011fu risklere dikkat \u00e7ekti"},"content":{"rendered":"<p><\/p>\n<div>\n<div class=\"mariselle-image-container center\">\n                <img loading=\"lazy\" decoding=\"async\" width=\"1054\" height=\"681\" class=\"lazy-image\" alt=\"\" sizes=\"auto, (max-width: 1054px) 100vw, 1054px\" src=\"https:\/\/brtk.net\/wp-content\/uploads\/2024\/06\/25\/uyusturucu-ile-mucadele.png?ver=008bd1d2ab4ce18ac04dbd9f5660980c\" srcset=\"https:\/\/brtk.net\/wp-content\/uploads\/2024\/06\/25\/uyusturucu-ile-mucadele.png?ver=008bd1d2ab4ce18ac04dbd9f5660980c 1054w, https:\/\/brtk.net\/wp-content\/uploads\/2024\/06\/25\/uyusturucu-ile-mucadele-300x194.png?ver=786865cb73e279f2a67a95e3d9af38e9 300w, https:\/\/brtk.net\/wp-content\/uploads\/2024\/06\/25\/uyusturucu-ile-mucadele-1024x662.png?ver=daf22df5b0e248b5fff3df1d75e5fa65 1024w, https:\/\/brtk.net\/wp-content\/uploads\/2024\/06\/25\/uyusturucu-ile-mucadele-768x496.png?ver=700e2d1dfa3fd32a37e9cdd881340d12 768w\"\/>                            <\/div>\n<p>\nBa\u015fbakanl\u0131k Uyu\u015fturucuyla M\u00fccadele Komisyonu, uyu\u015fturucu madde kullan\u0131m\u0131 konusunda \u00f6zellikle \u00e7ocuk, ergen ve gen\u00e7lerin kar\u015f\u0131 kar\u015f\u0131ya oldu\u011fu risklere dikkat \u00e7ekerek, komisyonun bir\u00e7ok \u00f6nleyici projeyi y\u00fcr\u00fctt\u00fc\u011f\u00fcn\u00fc ve bu projelerle ellerinden gelen gayreti g\u00f6sterdi\u011fini vurgulad\u0131.<\/p>\n<p>Komisyon, 763 lise \u00f6\u011frencisiyle yap\u0131lan Avrupa Okul Anketi Projesi, Alkol ve Di\u011fer Uyu\u015fturucular (ESPAD) ara\u015ft\u0131rmas\u0131na g\u00f6re, sigara ve e-sigara kullan\u0131m\u0131n\u0131n \u00f6\u011frenciler aras\u0131nda yayg\u0131n oldu\u011funu da bildirdi.<\/p>\n<p>Ba\u015fbakanl\u0131k Uyu\u015fturucuyla M\u00fccadele Komisyonu Ba\u015fkan\u0131 Teyfide Tecel Hatipo\u011flu, 26 Haziran D\u00fcnya Uyu\u015fturucu Kullan\u0131m\u0131 M\u00fccadele G\u00fcn\u00fc mesaj\u0131nda, madde kullan\u0131m al\u0131\u015fkanl\u0131\u011f\u0131ndaki art\u0131\u015f ve bunun insanl\u0131k i\u00e7in b\u00fcy\u00fck bir tehdit olu\u015fturmas\u0131 sebebiyle Birle\u015fmi\u015f Milletler Genel Kurulu\u2019nun 1987\u2019de ald\u0131\u011f\u0131 kararla 26 Haziran\u2019\u0131n \u201cUluslararas\u0131 Uyu\u015fturucu Kullan\u0131m\u0131 ve Ka\u00e7ak\u00e7\u0131l\u0131\u011f\u0131 ile M\u00fccadele G\u00fcn\u00fc\u201d olarak belirledi\u011fini kaydetti.<\/p>\n<p>Hatipo\u011flu, bu g\u00fcn\u00fcn amac\u0131n\u0131n uyu\u015fturucusuz temiz bir toplum hedefine ula\u015fmak ve uluslararas\u0131 i\u015f birli\u011fini g\u00fc\u00e7lendirmek oldu\u011funu vurgulad\u0131.<\/p>\n<p>Ba\u015fbakanl\u0131k Uyu\u015fturucuyla M\u00fccadele Komisyonu Ba\u015fkan\u0131 Teyfide Tecel Hatipo\u011flu, 26 Haziran D\u00fcnya Uyu\u015fturucu Kullan\u0131m\u0131 M\u00fccadele G\u00fcn\u00fc mesaj\u0131nda, hedeflerinin \u00fclkedeki ba\u011f\u0131ml\u0131l\u0131k sorununu \u00f6nlemek, bilimsel verilere dayal\u0131 ara\u015ft\u0131rmalar yapmak, raporlamak, yay\u0131n yapmak ve <a href=\"https:\/\/brtk.net\/\">KKTC<\/a>\u2018de ya\u015fayan ba\u011f\u0131ml\u0131l\u0131ktan mustarip bireylere ve ailelerine e\u011fitim ve psikososyal destek sa\u011flayarak yeniden hayata kazand\u0131rmak oldu\u011funu belirtti.<\/p>\n<p>Hatipo\u011flu, uyu\u015fturucu madde kullan\u0131m\u0131 konusunda \u00f6zellikle \u00e7ocuk, ergen ve gen\u00e7lerin kar\u015f\u0131 kar\u015f\u0131ya oldu\u011fu risklere dikkat \u00e7ekti; Komisyon\u2019un bir\u00e7ok \u00f6nleyici projeyi y\u00fcr\u00fctt\u00fc\u011f\u00fcn\u00fc ve bu projelerle ellerinden gelen gayreti g\u00f6sterdiklerini ifade etti.<\/p>\n<p>Psikologlar, iyile\u015fme dan\u0131\u015fmanlar\u0131, \u00e7al\u0131\u015fanlar ve bir\u00e7ok g\u00f6n\u00fcll\u00fc birey ile Bakanl\u0131klar ve Sivil Toplum \u00d6rg\u00fctlerinden olu\u015fan geni\u015f bir aile ile m\u00fccadele verdiklerini ve katk\u0131 koyan herkese minnettar olduklar\u0131n\u0131 anlatan Hatipo\u011flu, g\u00f6n\u00fcll\u00fclerle i\u015f birli\u011fi i\u00e7inde \u00f6nleme \u00e7al\u0131\u015fmalar\u0131, psikososyal destek programlar\u0131 ve bilimsel \u00e7al\u0131\u015fmalar y\u00fcr\u00fctt\u00fcklerini kaydetti. Hatipo\u011flu, uyu\u015fturucu madde, internet kullan\u0131m\u0131, bilgisayar oyunlar\u0131, kumar ve alkol ba\u011f\u0131ml\u0131l\u0131klar\u0131yla m\u00fccadele \u00e7er\u00e7evesinde seminerler ve bilin\u00e7lendirme organizasyonlar\u0131 d\u00fczenlediklerini belirtti.<\/p>\n<p>Denetimli Serbestlik Yasas\u0131\u2019ndan faydalanan bireylere ba\u011f\u0131ml\u0131l\u0131k e\u011fitimleri, aile ba\u011f\u0131ml\u0131l\u0131k fark\u0131ndal\u0131k e\u011fitimleri, gen\u00e7lere y\u00f6nelik ba\u011f\u0131ml\u0131l\u0131k fark\u0131ndal\u0131k e\u011fitimleri ve ayr\u0131ca Alo 1191 Ba\u011f\u0131ml\u0131l\u0131k Dan\u0131\u015fma ve Destek hatt\u0131yla 7\/24 psikolojik destek sa\u011fland\u0131\u011f\u0131n\u0131 vurgulayan Hatipo\u011flu, komisyonun kap\u0131lar\u0131n\u0131n din, dil ve \u0131rk fark etmeksizin herkese a\u00e7\u0131k oldu\u011funu ifade etti.<\/p>\n<p>Ba\u015fbakanl\u0131k Uyu\u015fturucuyla M\u00fccadele Komisyonu b\u00fcnyesinde olu\u015fturulan Sosyal Uyum Merkezi\u2019ndeki psikososyal destek programlar\u0131 ve alternatif faaliyetlerle yeniden hayata tutunabilmeleri ad\u0131na destek sa\u011fland\u0131\u011f\u0131n\u0131 hat\u0131rlatan Hatipo\u011flu, Komisyon\u2019a ba\u015fvuran ve ba\u011f\u0131ml\u0131l\u0131\u011f\u0131ndan kurtulmak isteyen bireylere ve ailelerine destek kapsam\u0131nda her b\u00f6lgede Mahalle Anneleri (MANNE Projesi) \u00f6nleme \u00e7al\u0131\u015fmalar\u0131na katk\u0131 sa\u011flad\u0131\u011f\u0131n\u0131 anlatt\u0131.<\/p>\n<p>\u2013 \u201cALO 1191 Dan\u0131\u015fma ve destek hatt\u0131yla 7\/24 hizmet veriyoruz\u201d<\/p>\n<p>Ba\u011f\u0131ml\u0131l\u0131\u011f\u0131n olu\u015fmas\u0131 durumunda da rehabilitasyon a\u015famas\u0131nda m\u00fccadelelerini s\u00fcrd\u00fcrd\u00fcklerini belirten Hatipo\u011flu, \u201cBa\u011f\u0131ml\u0131l\u0131\u011f\u0131n olu\u015ftu\u011fu durumlarda da Uyu\u015fturucuyla M\u00fccadele Komisyonu olarak \u00e7ocuklar\u0131m\u0131z\u0131n, gen\u00e7lerimizin ve ailelerimizin 7\u2019den 77\u2019ye ihtiya\u00e7 duyan herkesin \u2018ALO 1191\u2019 Dan\u0131\u015fma ve destek hatt\u0131yla 7\/24 hizmet veriyoruz\u201d dedi.<\/p>\n<p>Hatipo\u011flu, uyu\u015fturucuyla m\u00fccadelede ba\u011f\u0131ml\u0131l\u0131k sorunu olu\u015fmadan \u00f6nce aileleri ve bireyleri e\u011fitmenin \u00f6nemini vurgulad\u0131. Ba\u011f\u0131ml\u0131l\u0131\u011f\u0131n ba\u015flamas\u0131 durumunda ise bu bireylere ve ailelerine psikolojik ve sosyal destek sa\u011flayarak yeniden hayata kazand\u0131r\u0131lmalar\u0131n\u0131 sa\u011flamaya \u00e7al\u0131\u015ft\u0131klar\u0131n\u0131 belirten Komisyon Ba\u015fkan\u0131, \u00e7al\u0131\u015fmalar\u0131yla ba\u011f\u0131ml\u0131l\u0131klar\u0131ndan kurtulan ve hayata yeniden ba\u015flayan bireyleri g\u00f6rmenin b\u00fcy\u00fck mutluluk verdi\u011fini s\u00f6yledi.<\/p>\n<p>-Kitap haz\u0131rlan\u0131yor<\/p>\n<p>Uyu\u015fturucuyla M\u00fccadele Komisyonu ayr\u0131ca, \u201cKuzey K\u0131br\u0131s\u2019ta Madde Ba\u011f\u0131ml\u0131l\u0131\u011f\u0131n\u0131n G\u00f6r\u00fcn\u00fcm\u00fc: E\u011filimler, Riskler ve Yan\u0131tlar\u201d kitab\u0131n\u0131n haz\u0131rland\u0131\u011f\u0131n\u0131 ve Emanate Publishing Ltd. taraf\u0131ndan temmuz ay\u0131nda Komisyon ad\u0131na yay\u0131mlanaca\u011f\u0131n\u0131 duyurdu.<\/p>\n<p>Kitab\u0131n yazarlar\u0131 aras\u0131nda <a href=\"https:\/\/brtk.net\/\">KKTC<\/a> Ba\u015fbakanl\u0131k Uyu\u015fturucu ile M\u00fccadele Komisyonu Ba\u015fkan\u0131 Teyfide Tecel Hatipo\u011flu\u2019nun oldu\u011fu belirtildi.<\/p>\n<p>Komisyon a\u00e7\u0131klamas\u0131na g\u00f6re bu y\u0131l ayr\u0131ca, Avrupa Okul Anketi Projesi, Alkol ve Di\u011fer Uyu\u015fturucular (ESPAD) sonu\u00e7lar\u0131 da a\u00e7\u0131kland\u0131. Bu sonu\u00e7lar, 2024 y\u0131l\u0131nda T\u00fcrkiye\u2019den bir\u00e7ok \u00fcniversiteden akademisyenlerin kat\u0131l\u0131m\u0131yla d\u00fczenlenen bir panelde tart\u0131\u015f\u0131ld\u0131.<\/p>\n<p>-763 lise \u00f6\u011frencisinin kat\u0131l\u0131m\u0131yla yap\u0131lan anketin sonu\u00e7lar\u0131\u2026<\/p>\n<p>Kuzey K\u0131br\u0131s\u2019ta alkol, sigara, esrar ve di\u011fer ba\u011f\u0131ml\u0131l\u0131k yap\u0131c\u0131 maddelerin kullan\u0131m yayg\u0131nl\u0131\u011f\u0131 hakk\u0131nda \u00f6nemli veriler sundu\u011fu kaydedilen ESPAD raporuyla ilgili \u00f6zet bilgiler \u015f\u00f6yle payla\u015f\u0131ld\u0131:<\/p>\n<p>\u201cESPAD ara\u015ft\u0131rmas\u0131 kapsam\u0131nda, Kuzey K\u0131br\u0131s\u2019ta 763 lise \u00f6\u011frencisi \u00fczerinde yap\u0131lan anket sonu\u00e7lar\u0131na g\u00f6re, sigara, e-sigara ve nargile kullan\u0131m\u0131n\u0131n yan\u0131 s\u0131ra esrar ve bonsai gibi maddelerin kullan\u0131m oranlar\u0131 incelenmi\u015ftir. Ara\u015ft\u0131rman\u0131n bulgular\u0131, sigara ve e-sigara kullan\u0131m\u0131n\u0131n \u00f6\u011frenciler aras\u0131nda yayg\u0131n oldu\u011funu ve bu maddelere erken ya\u015fta ba\u015flaman\u0131n, ilerleyen d\u00f6nemlerde madde kullan\u0131m\u0131n\u0131 artt\u0131rd\u0131\u011f\u0131n\u0131 ortaya koymu\u015ftur.<\/p>\n<p>Ara\u015ft\u0131rma, \u00f6zellikle esrar kullan\u0131m\u0131n\u0131n bonsai gibi sentetik kannabinoidlerin kullan\u0131m\u0131n\u0131 \u00f6ng\u00f6rd\u00fc\u011f\u00fcn\u00fc ve \u00f6\u011frenciler aras\u0131nda bu maddelerin kullan\u0131m oranlar\u0131n\u0131n artt\u0131\u011f\u0131n\u0131 g\u00f6stermi\u015ftir. Bunun yan\u0131 s\u0131ra, sigara ve e-sigara kullan\u0131m ya\u015f\u0131n\u0131n d\u00fc\u015fmesi ile bu maddelere ba\u011f\u0131ml\u0131l\u0131k oranlar\u0131n\u0131n artt\u0131\u011f\u0131 tespit edilmi\u015ftir.\u201d<\/p>\n<p>Ba\u015fbakanl\u0131k Uyu\u015fturucuyla M\u00fccadele Komisyonu, bu veriler \u0131\u015f\u0131\u011f\u0131nda \u00f6nleme \u00e7al\u0131\u015fmalar\u0131na h\u0131z vererek, gen\u00e7leri ve aileleri bilin\u00e7lendirme \u00e7al\u0131\u015fmalar\u0131n\u0131 s\u00fcrd\u00fcrece\u011fini belirtti.<\/p>\n<\/p><\/div>\n<p><script async\n                    defer\n                    crossorigin=\"anonymous\"\n                    src=\"https:\/\/connect.facebook.net\/tr_TR\/sdk.js#xfbml=1&#038;version=v3.3\"\n            ><\/script><\/p>\n","protected":false},"excerpt":{"rendered":"<p>Ba\u015fbakanl\u0131k Uyu\u015fturucuyla M\u00fccadele Komisyonu, uyu\u015fturucu madde kullan\u0131m\u0131 konusunda \u00f6zellikle \u00e7ocuk, ergen ve gen\u00e7lerin kar\u015f\u0131 kar\u015f\u0131ya oldu\u011fu risklere dikkat \u00e7ekerek, komisyonun bir\u00e7ok \u00f6nleyici projeyi y\u00fcr\u00fctt\u00fc\u011f\u00fcn\u00fc ve bu projelerle ellerinden gelen gayreti g\u00f6sterdi\u011fini vurgulad\u0131. Komisyon, 763 lise \u00f6\u011frencisiyle yap\u0131lan Avrupa Okul Anketi Projesi, Alkol ve Di\u011fer Uyu\u015fturucular (ESPAD) ara\u015ft\u0131rmas\u0131na g\u00f6re, sigara ve e-sigara kullan\u0131m\u0131n\u0131n \u00f6\u011frenciler aras\u0131nda yayg\u0131n<\/p>\n","protected":false},"author":1,"featured_media":47342,"comment_status":"open","ping_status":"open","sticky":false,"template":"","format":"standard","meta":{"footnotes":""},"categories":[1],"tags":[],"class_list":["post-47341","post","type-post","status-publish","format-standard","has-post-thumbnail","hentry","category-gundem"],"yoast_head":"<!-- This site is optimized with the Yoast SEO plugin v27.5 - https:\/\/yoast.com\/product\/yoast-seo-wordpress\/ -->\n<title>Uyu\u015fturucuyla M\u00fccadele Komisyonu, \u00e7ocuk, ergen ve gen\u00e7lerin kar\u015f\u0131 kar\u015f\u0131ya oldu\u011fu risklere dikkat \u00e7ekti -<\/title>\n<meta name=\"robots\" content=\"index, follow, max-snippet:-1, max-image-preview:large, max-video-preview:-1\" \/>\n<link rel=\"canonical\" href=\"https:\/\/kibrisdakik.com\/?p=47341\" \/>\n<meta property=\"og:locale\" content=\"tr_TR\" \/>\n<meta property=\"og:type\" content=\"article\" \/>\n<meta property=\"og:title\" content=\"Uyu\u015fturucuyla M\u00fccadele Komisyonu, \u00e7ocuk, ergen ve gen\u00e7lerin kar\u015f\u0131 kar\u015f\u0131ya oldu\u011fu risklere dikkat \u00e7ekti -\" \/>\n<meta property=\"og:description\" content=\"Ba\u015fbakanl\u0131k Uyu\u015fturucuyla M\u00fccadele Komisyonu, uyu\u015fturucu madde kullan\u0131m\u0131 konusunda \u00f6zellikle \u00e7ocuk, ergen ve gen\u00e7lerin kar\u015f\u0131 kar\u015f\u0131ya oldu\u011fu risklere dikkat \u00e7ekerek, komisyonun bir\u00e7ok \u00f6nleyici projeyi y\u00fcr\u00fctt\u00fc\u011f\u00fcn\u00fc ve bu projelerle ellerinden gelen gayreti g\u00f6sterdi\u011fini vurgulad\u0131. Komisyon, 763 lise \u00f6\u011frencisiyle yap\u0131lan Avrupa Okul Anketi Projesi, Alkol ve Di\u011fer Uyu\u015fturucular (ESPAD) ara\u015ft\u0131rmas\u0131na g\u00f6re, sigara ve e-sigara kullan\u0131m\u0131n\u0131n \u00f6\u011frenciler aras\u0131nda yayg\u0131n\" \/>\n<meta property=\"og:url\" content=\"https:\/\/kibrisdakik.com\/?p=47341\" \/>\n<meta property=\"article:published_time\" content=\"2024-06-25T20:32:50+00:00\" \/>\n<meta property=\"og:image\" content=\"https:\/\/kibrisdakik.com\/wp-content\/uploads\/2024\/06\/uyusturucu-ile-mucadele-740x420.png\" \/>\n\t<meta property=\"og:image:width\" content=\"1054\" \/>\n\t<meta property=\"og:image:height\" content=\"681\" \/>\n\t<meta property=\"og:image:type\" content=\"image\/png\" \/>\n<meta name=\"author\" content=\"admin\" \/>\n<meta name=\"twitter:card\" content=\"summary_large_image\" \/>\n<meta name=\"twitter:label1\" content=\"Yazan:\" \/>\n\t<meta name=\"twitter:data1\" content=\"admin\" \/>\n\t<meta name=\"twitter:label2\" content=\"Tahmini okuma s\u00fcresi\" \/>\n\t<meta name=\"twitter:data2\" content=\"5 dakika\" \/>\n<script type=\"application\/ld+json\" class=\"yoast-schema-graph\">{\"@context\":\"https:\\\/\\\/schema.org\",\"@graph\":[{\"@type\":\"Article\",\"@id\":\"https:\\\/\\\/kibrisdakik.com\\\/?p=47341#article\",\"isPartOf\":{\"@id\":\"https:\\\/\\\/kibrisdakik.com\\\/?p=47341\"},\"author\":{\"name\":\"admin\",\"@id\":\"https:\\\/\\\/kibrisdakik.com\\\/#\\\/schema\\\/person\\\/9cd9d437bbb44f72b73ba127e06d8e79\"},\"headline\":\"Uyu\u015fturucuyla M\u00fccadele Komisyonu, \u00e7ocuk, ergen ve gen\u00e7lerin kar\u015f\u0131 kar\u015f\u0131ya oldu\u011fu risklere dikkat \u00e7ekti\",\"datePublished\":\"2024-06-25T20:32:50+00:00\",\"mainEntityOfPage\":{\"@id\":\"https:\\\/\\\/kibrisdakik.com\\\/?p=47341\"},\"wordCount\":1065,\"commentCount\":0,\"image\":{\"@id\":\"https:\\\/\\\/kibrisdakik.com\\\/?p=47341#primaryimage\"},\"thumbnailUrl\":\"https:\\\/\\\/kibrisdakik.com\\\/wp-content\\\/uploads\\\/2024\\\/06\\\/uyusturucu-ile-mucadele-740x420.png\",\"articleSection\":[\"G\u00fcndem\"],\"inLanguage\":\"tr\",\"potentialAction\":[{\"@type\":\"CommentAction\",\"name\":\"Comment\",\"target\":[\"https:\\\/\\\/kibrisdakik.com\\\/?p=47341#respond\"]}]},{\"@type\":\"WebPage\",\"@id\":\"https:\\\/\\\/kibrisdakik.com\\\/?p=47341\",\"url\":\"https:\\\/\\\/kibrisdakik.com\\\/?p=47341\",\"name\":\"Uyu\u015fturucuyla M\u00fccadele Komisyonu, \u00e7ocuk, ergen ve gen\u00e7lerin kar\u015f\u0131 kar\u015f\u0131ya oldu\u011fu risklere dikkat \u00e7ekti -\",\"isPartOf\":{\"@id\":\"https:\\\/\\\/kibrisdakik.com\\\/#website\"},\"primaryImageOfPage\":{\"@id\":\"https:\\\/\\\/kibrisdakik.com\\\/?p=47341#primaryimage\"},\"image\":{\"@id\":\"https:\\\/\\\/kibrisdakik.com\\\/?p=47341#primaryimage\"},\"thumbnailUrl\":\"https:\\\/\\\/kibrisdakik.com\\\/wp-content\\\/uploads\\\/2024\\\/06\\\/uyusturucu-ile-mucadele-740x420.png\",\"datePublished\":\"2024-06-25T20:32:50+00:00\",\"author\":{\"@id\":\"https:\\\/\\\/kibrisdakik.com\\\/#\\\/schema\\\/person\\\/9cd9d437bbb44f72b73ba127e06d8e79\"},\"breadcrumb\":{\"@id\":\"https:\\\/\\\/kibrisdakik.com\\\/?p=47341#breadcrumb\"},\"inLanguage\":\"tr\",\"potentialAction\":[{\"@type\":\"ReadAction\",\"target\":[\"https:\\\/\\\/kibrisdakik.com\\\/?p=47341\"]}]},{\"@type\":\"ImageObject\",\"inLanguage\":\"tr\",\"@id\":\"https:\\\/\\\/kibrisdakik.com\\\/?p=47341#primaryimage\",\"url\":\"https:\\\/\\\/kibrisdakik.com\\\/wp-content\\\/uploads\\\/2024\\\/06\\\/uyusturucu-ile-mucadele-740x420.png\",\"contentUrl\":\"https:\\\/\\\/kibrisdakik.com\\\/wp-content\\\/uploads\\\/2024\\\/06\\\/uyusturucu-ile-mucadele-740x420.png\",\"width\":1054,\"height\":681},{\"@type\":\"BreadcrumbList\",\"@id\":\"https:\\\/\\\/kibrisdakik.com\\\/?p=47341#breadcrumb\",\"itemListElement\":[{\"@type\":\"ListItem\",\"position\":1,\"name\":\"Home\",\"item\":\"https:\\\/\\\/kibrisdakik.com\\\/\"},{\"@type\":\"ListItem\",\"position\":2,\"name\":\"Uyu\u015fturucuyla M\u00fccadele Komisyonu, \u00e7ocuk, ergen ve gen\u00e7lerin kar\u015f\u0131 kar\u015f\u0131ya oldu\u011fu risklere dikkat \u00e7ekti\"}]},{\"@type\":\"WebSite\",\"@id\":\"https:\\\/\\\/kibrisdakik.com\\\/#website\",\"url\":\"https:\\\/\\\/kibrisdakik.com\\\/\",\"name\":\"\",\"description\":\"Tam vaktinde haber\",\"potentialAction\":[{\"@type\":\"SearchAction\",\"target\":{\"@type\":\"EntryPoint\",\"urlTemplate\":\"https:\\\/\\\/kibrisdakik.com\\\/?s={search_term_string}\"},\"query-input\":{\"@type\":\"PropertyValueSpecification\",\"valueRequired\":true,\"valueName\":\"search_term_string\"}}],\"inLanguage\":\"tr\"},{\"@type\":\"Person\",\"@id\":\"https:\\\/\\\/kibrisdakik.com\\\/#\\\/schema\\\/person\\\/9cd9d437bbb44f72b73ba127e06d8e79\",\"name\":\"admin\",\"image\":{\"@type\":\"ImageObject\",\"inLanguage\":\"tr\",\"@id\":\"https:\\\/\\\/secure.gravatar.com\\\/avatar\\\/ccc17943b9d660506c869530f897617f7cb1c21a4bf30023f252596d83e1f007?s=96&d=mm&r=g\",\"url\":\"https:\\\/\\\/secure.gravatar.com\\\/avatar\\\/ccc17943b9d660506c869530f897617f7cb1c21a4bf30023f252596d83e1f007?s=96&d=mm&r=g\",\"contentUrl\":\"https:\\\/\\\/secure.gravatar.com\\\/avatar\\\/ccc17943b9d660506c869530f897617f7cb1c21a4bf30023f252596d83e1f007?s=96&d=mm&r=g\",\"caption\":\"admin\"},\"sameAs\":[\"https:\\\/\\\/kibrisdakik.com\"],\"url\":\"https:\\\/\\\/kibrisdakik.com\\\/?author=1\"}]}<\/script>\n<!-- \/ Yoast SEO plugin. -->","yoast_head_json":{"title":"Uyu\u015fturucuyla M\u00fccadele Komisyonu, \u00e7ocuk, ergen ve gen\u00e7lerin kar\u015f\u0131 kar\u015f\u0131ya oldu\u011fu risklere dikkat \u00e7ekti -","robots":{"index":"index","follow":"follow","max-snippet":"max-snippet:-1","max-image-preview":"max-image-preview:large","max-video-preview":"max-video-preview:-1"},"canonical":"https:\/\/kibrisdakik.com\/?p=47341","og_locale":"tr_TR","og_type":"article","og_title":"Uyu\u015fturucuyla M\u00fccadele Komisyonu, \u00e7ocuk, ergen ve gen\u00e7lerin kar\u015f\u0131 kar\u015f\u0131ya oldu\u011fu risklere dikkat \u00e7ekti -","og_description":"Ba\u015fbakanl\u0131k Uyu\u015fturucuyla M\u00fccadele Komisyonu, uyu\u015fturucu madde kullan\u0131m\u0131 konusunda \u00f6zellikle \u00e7ocuk, ergen ve gen\u00e7lerin kar\u015f\u0131 kar\u015f\u0131ya oldu\u011fu risklere dikkat \u00e7ekerek, komisyonun bir\u00e7ok \u00f6nleyici projeyi y\u00fcr\u00fctt\u00fc\u011f\u00fcn\u00fc ve bu projelerle ellerinden gelen gayreti g\u00f6sterdi\u011fini vurgulad\u0131. Komisyon, 763 lise \u00f6\u011frencisiyle yap\u0131lan Avrupa Okul Anketi Projesi, Alkol ve Di\u011fer Uyu\u015fturucular (ESPAD) ara\u015ft\u0131rmas\u0131na g\u00f6re, sigara ve e-sigara kullan\u0131m\u0131n\u0131n \u00f6\u011frenciler aras\u0131nda yayg\u0131n","og_url":"https:\/\/kibrisdakik.com\/?p=47341","article_published_time":"2024-06-25T20:32:50+00:00","og_image":[{"width":1054,"height":681,"url":"https:\/\/kibrisdakik.com\/wp-content\/uploads\/2024\/06\/uyusturucu-ile-mucadele-740x420.png","type":"image\/png"}],"author":"admin","twitter_card":"summary_large_image","twitter_misc":{"Yazan:":"admin","Tahmini okuma s\u00fcresi":"5 dakika"},"schema":{"@context":"https:\/\/schema.org","@graph":[{"@type":"Article","@id":"https:\/\/kibrisdakik.com\/?p=47341#article","isPartOf":{"@id":"https:\/\/kibrisdakik.com\/?p=47341"},"author":{"name":"admin","@id":"https:\/\/kibrisdakik.com\/#\/schema\/person\/9cd9d437bbb44f72b73ba127e06d8e79"},"headline":"Uyu\u015fturucuyla M\u00fccadele Komisyonu, \u00e7ocuk, ergen ve gen\u00e7lerin kar\u015f\u0131 kar\u015f\u0131ya oldu\u011fu risklere dikkat \u00e7ekti","datePublished":"2024-06-25T20:32:50+00:00","mainEntityOfPage":{"@id":"https:\/\/kibrisdakik.com\/?p=47341"},"wordCount":1065,"commentCount":0,"image":{"@id":"https:\/\/kibrisdakik.com\/?p=47341#primaryimage"},"thumbnailUrl":"https:\/\/kibrisdakik.com\/wp-content\/uploads\/2024\/06\/uyusturucu-ile-mucadele-740x420.png","articleSection":["G\u00fcndem"],"inLanguage":"tr","potentialAction":[{"@type":"CommentAction","name":"Comment","target":["https:\/\/kibrisdakik.com\/?p=47341#respond"]}]},{"@type":"WebPage","@id":"https:\/\/kibrisdakik.com\/?p=47341","url":"https:\/\/kibrisdakik.com\/?p=47341","name":"Uyu\u015fturucuyla M\u00fccadele Komisyonu, \u00e7ocuk, ergen ve gen\u00e7lerin kar\u015f\u0131 kar\u015f\u0131ya oldu\u011fu risklere dikkat \u00e7ekti -","isPartOf":{"@id":"https:\/\/kibrisdakik.com\/#website"},"primaryImageOfPage":{"@id":"https:\/\/kibrisdakik.com\/?p=47341#primaryimage"},"image":{"@id":"https:\/\/kibrisdakik.com\/?p=47341#primaryimage"},"thumbnailUrl":"https:\/\/kibrisdakik.com\/wp-content\/uploads\/2024\/06\/uyusturucu-ile-mucadele-740x420.png","datePublished":"2024-06-25T20:32:50+00:00","author":{"@id":"https:\/\/kibrisdakik.com\/#\/schema\/person\/9cd9d437bbb44f72b73ba127e06d8e79"},"breadcrumb":{"@id":"https:\/\/kibrisdakik.com\/?p=47341#breadcrumb"},"inLanguage":"tr","potentialAction":[{"@type":"ReadAction","target":["https:\/\/kibrisdakik.com\/?p=47341"]}]},{"@type":"ImageObject","inLanguage":"tr","@id":"https:\/\/kibrisdakik.com\/?p=47341#primaryimage","url":"https:\/\/kibrisdakik.com\/wp-content\/uploads\/2024\/06\/uyusturucu-ile-mucadele-740x420.png","contentUrl":"https:\/\/kibrisdakik.com\/wp-content\/uploads\/2024\/06\/uyusturucu-ile-mucadele-740x420.png","width":1054,"height":681},{"@type":"BreadcrumbList","@id":"https:\/\/kibrisdakik.com\/?p=47341#breadcrumb","itemListElement":[{"@type":"ListItem","position":1,"name":"Home","item":"https:\/\/kibrisdakik.com\/"},{"@type":"ListItem","position":2,"name":"Uyu\u015fturucuyla M\u00fccadele Komisyonu, \u00e7ocuk, ergen ve gen\u00e7lerin kar\u015f\u0131 kar\u015f\u0131ya oldu\u011fu risklere dikkat \u00e7ekti"}]},{"@type":"WebSite","@id":"https:\/\/kibrisdakik.com\/#website","url":"https:\/\/kibrisdakik.com\/","name":"","description":"Tam vaktinde haber","potentialAction":[{"@type":"SearchAction","target":{"@type":"EntryPoint","urlTemplate":"https:\/\/kibrisdakik.com\/?s={search_term_string}"},"query-input":{"@type":"PropertyValueSpecification","valueRequired":true,"valueName":"search_term_string"}}],"inLanguage":"tr"},{"@type":"Person","@id":"https:\/\/kibrisdakik.com\/#\/schema\/person\/9cd9d437bbb44f72b73ba127e06d8e79","name":"admin","image":{"@type":"ImageObject","inLanguage":"tr","@id":"https:\/\/secure.gravatar.com\/avatar\/ccc17943b9d660506c869530f897617f7cb1c21a4bf30023f252596d83e1f007?s=96&d=mm&r=g","url":"https:\/\/secure.gravatar.com\/avatar\/ccc17943b9d660506c869530f897617f7cb1c21a4bf30023f252596d83e1f007?s=96&d=mm&r=g","contentUrl":"https:\/\/secure.gravatar.com\/avatar\/ccc17943b9d660506c869530f897617f7cb1c21a4bf30023f252596d83e1f007?s=96&d=mm&r=g","caption":"admin"},"sameAs":["https:\/\/kibrisdakik.com"],"url":"https:\/\/kibrisdakik.com\/?author=1"}]}},"_links":{"self":[{"href":"https:\/\/kibrisdakik.com\/index.php?rest_route=\/wp\/v2\/posts\/47341","targetHints":{"allow":["GET"]}}],"collection":[{"href":"https:\/\/kibrisdakik.com\/index.php?rest_route=\/wp\/v2\/posts"}],"about":[{"href":"https:\/\/kibrisdakik.com\/index.php?rest_route=\/wp\/v2\/types\/post"}],"author":[{"embeddable":true,"href":"https:\/\/kibrisdakik.com\/index.php?rest_route=\/wp\/v2\/users\/1"}],"replies":[{"embeddable":true,"href":"https:\/\/kibrisdakik.com\/index.php?rest_route=%2Fwp%2Fv2%2Fcomments&post=47341"}],"version-history":[{"count":0,"href":"https:\/\/kibrisdakik.com\/index.php?rest_route=\/wp\/v2\/posts\/47341\/revisions"}],"wp:featuredmedia":[{"embeddable":true,"href":"https:\/\/kibrisdakik.com\/index.php?rest_route=\/wp\/v2\/media\/47342"}],"wp:attachment":[{"href":"https:\/\/kibrisdakik.com\/index.php?rest_route=%2Fwp%2Fv2%2Fmedia&parent=47341"}],"wp:term":[{"taxonomy":"category","embeddable":true,"href":"https:\/\/kibrisdakik.com\/index.php?rest_route=%2Fwp%2Fv2%2Fcategories&post=47341"},{"taxonomy":"post_tag","embeddable":true,"href":"https:\/\/kibrisdakik.com\/index.php?rest_route=%2Fwp%2Fv2%2Ftags&post=47341"}],"curies":[{"name":"wp","href":"https:\/\/api.w.org\/{rel}","templated":true}]}}