{"id":47343,"date":"2024-06-25T21:16:58","date_gmt":"2024-06-25T21:16:58","guid":{"rendered":"https:\/\/kibrisdakik.com\/index.php\/2024\/06\/25\/icli-kofte-ile-yarisan-emine-ugur-seflerden-uc-evet-alarak-masterchef-2-tura-gecti\/"},"modified":"2024-06-25T21:16:58","modified_gmt":"2024-06-25T21:16:58","slug":"icli-kofte-ile-yarisan-emine-ugur-seflerden-uc-evet-alarak-masterchef-2-tura-gecti","status":"publish","type":"post","link":"https:\/\/kibrisdakik.com\/?p=47343","title":{"rendered":"\u0130\u00e7li k\u00f6fte ile yar\u0131\u015fan Emine U\u011fur, \u015feflerden \u00fc\u00e7 evet alarak Masterchef 2. tura ge\u00e7ti"},"content":{"rendered":"<p><\/p>\n<p>Emine U\u011fur, Masterchef T\u00fcrkiye yar\u0131\u015fmas\u0131nda i\u00e7li k\u00f6fteyle dikkatleri \u00fczerine \u00e7ekti.<\/p>\n<p>Masterchef&#8217;te y\u00f6resel bir yemek ile 5 dakika i\u00e7erisinde h\u00fcnerlerini g\u00f6stermeye \u00e7al\u0131\u015fan yar\u0131\u015fmac\u0131, yar\u0131\u015fmaya &#8220;Ba\u015farmak i\u00e7in geldim, ba\u015faraca\u011f\u0131ma inan\u0131yorum. \u015eefler i\u00e7li k\u00f6fteme bay\u0131lacak.&#8221; s\u00f6zleriyle ba\u015flad\u0131.<\/p>\n<p>Ard\u0131ndan i\u00e7li k\u00f6fteyi haz\u0131rlad\u0131.<\/p>\n<h3>MASTERCHEF EM\u0130NE U\u011eUR K\u0130MD\u0130R?<\/h3>\n<p>\u0130ki \u00e7ocuk annesidir.<\/p>\n<p>Ad\u0131yamanl\u0131 olan Emine U\u011fur, \u0130stanbul&#8217;da ya\u015famaktad\u0131r.&nbsp;<\/p>\n<h3><img decoding=\"async\" alt=\"\u0130\u00e7li k\u00f6fte ile yar\u0131\u015fan Emine U\u011fur, \u015feflerden \u00fc\u00e7 evet alarak Masterchef 2. tura ge\u00e7ti - 1. Resim\" src=\"https:\/\/i.tgrthaber.com\/images\/haberler\/24-06\/25\/icli-kofte-ile-yarisan-emine-ugur-seflerden-uc-evet-alarak-masterchef-2-tura-gecti-17193447671104_1.jpg\" title=\"\u0130\u00e7li k\u00f6fte ile yar\u0131\u015fan Emine U\u011fur, \u015feflerden \u00fc\u00e7 evet alarak Masterchef 2. tura ge\u00e7ti\" \/><\/h3>\n<h3>ST\u00dcDYODA NELER YA\u015eANDI?<\/h3>\n<p>\u0130\u00e7li k\u00f6ftelerden birine zeytin koyan U\u011fur, hangi k\u00f6fteye koydu\u011funu unutunca \u015fefler aras\u0131nda komik anlar ya\u015fand\u0131.<\/p>\n<p>Kime denk gelece\u011fini bilmeyen U\u011fur, bu k\u00f6fteyi S\u00f6mer \u015eef&#8217;e denk getirdi\u011finde bunun k\u0131smet getirdi\u011fine inand\u0131.<\/p>\n<p>Yar\u0131\u015fman\u0131n sonunda \u00fc\u00e7 \u015feften de &#8220;evet&#8221; alarak 2. tura ge\u00e7meyi ba\u015fard\u0131.<\/p>\n<p>Emine U\u011fur&#8217;un i\u00e7li k\u00f6fte performans\u0131 ve ya\u015fad\u0131\u011f\u0131 anlar, yar\u0131\u015fman\u0131n ne\u015feli anlar\u0131ndan biri olarak izleyicilerin dikkatini \u00e7ekti.<\/p>\n<p>\u0130lerleyen b\u00f6l\u00fcmlerde performans\u0131n\u0131 nas\u0131l s\u00fcrd\u00fcrece\u011fi merak konusu olacak.<\/p>\n","protected":false},"excerpt":{"rendered":"<p>Emine U\u011fur, Masterchef T\u00fcrkiye yar\u0131\u015fmas\u0131nda i\u00e7li k\u00f6fteyle dikkatleri \u00fczerine \u00e7ekti. Masterchef&#8217;te y\u00f6resel bir yemek ile 5 dakika i\u00e7erisinde h\u00fcnerlerini g\u00f6stermeye \u00e7al\u0131\u015fan yar\u0131\u015fmac\u0131, yar\u0131\u015fmaya &#8220;Ba\u015farmak i\u00e7in geldim, ba\u015faraca\u011f\u0131ma inan\u0131yorum. \u015eefler i\u00e7li k\u00f6fteme bay\u0131lacak.&#8221; s\u00f6zleriyle ba\u015flad\u0131. Ard\u0131ndan i\u00e7li k\u00f6fteyi haz\u0131rlad\u0131. MASTERCHEF EM\u0130NE U\u011eUR K\u0130MD\u0130R? \u0130ki \u00e7ocuk annesidir. Ad\u0131yamanl\u0131 olan Emine U\u011fur, \u0130stanbul&#8217;da ya\u015famaktad\u0131r.&nbsp; ST\u00dcDYODA NELER YA\u015eANDI? \u0130\u00e7li<\/p>\n","protected":false},"author":1,"featured_media":47344,"comment_status":"open","ping_status":"open","sticky":false,"template":"","format":"standard","meta":{"footnotes":""},"categories":[85],"tags":[],"class_list":["post-47343","post","type-post","status-publish","format-standard","has-post-thumbnail","hentry","category-spor"],"yoast_head":"<!-- This site is optimized with the Yoast SEO plugin v27.4 - https:\/\/yoast.com\/product\/yoast-seo-wordpress\/ -->\n<title>\u0130\u00e7li k\u00f6fte ile yar\u0131\u015fan Emine U\u011fur, \u015feflerden \u00fc\u00e7 evet alarak Masterchef 2. tura ge\u00e7ti -<\/title>\n<meta name=\"robots\" content=\"index, follow, max-snippet:-1, max-image-preview:large, max-video-preview:-1\" \/>\n<link rel=\"canonical\" href=\"https:\/\/kibrisdakik.com\/?p=47343\" \/>\n<meta property=\"og:locale\" content=\"tr_TR\" \/>\n<meta property=\"og:type\" content=\"article\" \/>\n<meta property=\"og:title\" content=\"\u0130\u00e7li k\u00f6fte ile yar\u0131\u015fan Emine U\u011fur, \u015feflerden \u00fc\u00e7 evet alarak Masterchef 2. tura ge\u00e7ti -\" \/>\n<meta property=\"og:description\" content=\"Emine U\u011fur, Masterchef T\u00fcrkiye yar\u0131\u015fmas\u0131nda i\u00e7li k\u00f6fteyle dikkatleri \u00fczerine \u00e7ekti. Masterchef&#8217;te y\u00f6resel bir yemek ile 5 dakika i\u00e7erisinde h\u00fcnerlerini g\u00f6stermeye \u00e7al\u0131\u015fan yar\u0131\u015fmac\u0131, yar\u0131\u015fmaya &#8220;Ba\u015farmak i\u00e7in geldim, ba\u015faraca\u011f\u0131ma inan\u0131yorum. \u015eefler i\u00e7li k\u00f6fteme bay\u0131lacak.&#8221; s\u00f6zleriyle ba\u015flad\u0131. Ard\u0131ndan i\u00e7li k\u00f6fteyi haz\u0131rlad\u0131. MASTERCHEF EM\u0130NE U\u011eUR K\u0130MD\u0130R? \u0130ki \u00e7ocuk annesidir. Ad\u0131yamanl\u0131 olan Emine U\u011fur, \u0130stanbul&#8217;da ya\u015famaktad\u0131r.&nbsp; ST\u00dcDYODA NELER YA\u015eANDI? \u0130\u00e7li\" \/>\n<meta property=\"og:url\" content=\"https:\/\/kibrisdakik.com\/?p=47343\" \/>\n<meta property=\"article:published_time\" content=\"2024-06-25T21:16:58+00:00\" \/>\n<meta property=\"og:image\" content=\"https:\/\/kibrisdakik.com\/wp-content\/uploads\/2024\/06\/icli-kofte-ile-yarisan-emine-ugur-seflerden-uc-evet-alarak-masterchef-2-tura-gecti-17193447671104_1-740x420.jpg\" \/>\n\t<meta property=\"og:image:width\" content=\"1280\" \/>\n\t<meta property=\"og:image:height\" content=\"677\" \/>\n\t<meta property=\"og:image:type\" content=\"image\/jpeg\" \/>\n<meta name=\"author\" content=\"admin\" \/>\n<meta name=\"twitter:card\" content=\"summary_large_image\" \/>\n<meta name=\"twitter:label1\" content=\"Yazan:\" \/>\n\t<meta name=\"twitter:data1\" content=\"admin\" \/>\n\t<meta name=\"twitter:label2\" content=\"Tahmini okuma s\u00fcresi\" \/>\n\t<meta name=\"twitter:data2\" content=\"1 dakika\" \/>\n<script type=\"application\/ld+json\" class=\"yoast-schema-graph\">{\"@context\":\"https:\\\/\\\/schema.org\",\"@graph\":[{\"@type\":\"Article\",\"@id\":\"https:\\\/\\\/kibrisdakik.com\\\/?p=47343#article\",\"isPartOf\":{\"@id\":\"https:\\\/\\\/kibrisdakik.com\\\/?p=47343\"},\"author\":{\"name\":\"admin\",\"@id\":\"https:\\\/\\\/kibrisdakik.com\\\/#\\\/schema\\\/person\\\/9cd9d437bbb44f72b73ba127e06d8e79\"},\"headline\":\"\u0130\u00e7li k\u00f6fte ile yar\u0131\u015fan Emine U\u011fur, \u015feflerden \u00fc\u00e7 evet alarak Masterchef 2. tura ge\u00e7ti\",\"datePublished\":\"2024-06-25T21:16:58+00:00\",\"mainEntityOfPage\":{\"@id\":\"https:\\\/\\\/kibrisdakik.com\\\/?p=47343\"},\"wordCount\":202,\"commentCount\":0,\"image\":{\"@id\":\"https:\\\/\\\/kibrisdakik.com\\\/?p=47343#primaryimage\"},\"thumbnailUrl\":\"https:\\\/\\\/kibrisdakik.com\\\/wp-content\\\/uploads\\\/2024\\\/06\\\/icli-kofte-ile-yarisan-emine-ugur-seflerden-uc-evet-alarak-masterchef-2-tura-gecti-17193447671104_1-740x420.jpg\",\"articleSection\":[\"Spor\"],\"inLanguage\":\"tr\",\"potentialAction\":[{\"@type\":\"CommentAction\",\"name\":\"Comment\",\"target\":[\"https:\\\/\\\/kibrisdakik.com\\\/?p=47343#respond\"]}]},{\"@type\":\"WebPage\",\"@id\":\"https:\\\/\\\/kibrisdakik.com\\\/?p=47343\",\"url\":\"https:\\\/\\\/kibrisdakik.com\\\/?p=47343\",\"name\":\"\u0130\u00e7li k\u00f6fte ile yar\u0131\u015fan Emine U\u011fur, \u015feflerden \u00fc\u00e7 evet alarak Masterchef 2. tura ge\u00e7ti -\",\"isPartOf\":{\"@id\":\"https:\\\/\\\/kibrisdakik.com\\\/#website\"},\"primaryImageOfPage\":{\"@id\":\"https:\\\/\\\/kibrisdakik.com\\\/?p=47343#primaryimage\"},\"image\":{\"@id\":\"https:\\\/\\\/kibrisdakik.com\\\/?p=47343#primaryimage\"},\"thumbnailUrl\":\"https:\\\/\\\/kibrisdakik.com\\\/wp-content\\\/uploads\\\/2024\\\/06\\\/icli-kofte-ile-yarisan-emine-ugur-seflerden-uc-evet-alarak-masterchef-2-tura-gecti-17193447671104_1-740x420.jpg\",\"datePublished\":\"2024-06-25T21:16:58+00:00\",\"author\":{\"@id\":\"https:\\\/\\\/kibrisdakik.com\\\/#\\\/schema\\\/person\\\/9cd9d437bbb44f72b73ba127e06d8e79\"},\"breadcrumb\":{\"@id\":\"https:\\\/\\\/kibrisdakik.com\\\/?p=47343#breadcrumb\"},\"inLanguage\":\"tr\",\"potentialAction\":[{\"@type\":\"ReadAction\",\"target\":[\"https:\\\/\\\/kibrisdakik.com\\\/?p=47343\"]}]},{\"@type\":\"ImageObject\",\"inLanguage\":\"tr\",\"@id\":\"https:\\\/\\\/kibrisdakik.com\\\/?p=47343#primaryimage\",\"url\":\"https:\\\/\\\/kibrisdakik.com\\\/wp-content\\\/uploads\\\/2024\\\/06\\\/icli-kofte-ile-yarisan-emine-ugur-seflerden-uc-evet-alarak-masterchef-2-tura-gecti-17193447671104_1-740x420.jpg\",\"contentUrl\":\"https:\\\/\\\/kibrisdakik.com\\\/wp-content\\\/uploads\\\/2024\\\/06\\\/icli-kofte-ile-yarisan-emine-ugur-seflerden-uc-evet-alarak-masterchef-2-tura-gecti-17193447671104_1-740x420.jpg\",\"width\":1280,\"height\":677},{\"@type\":\"BreadcrumbList\",\"@id\":\"https:\\\/\\\/kibrisdakik.com\\\/?p=47343#breadcrumb\",\"itemListElement\":[{\"@type\":\"ListItem\",\"position\":1,\"name\":\"Home\",\"item\":\"https:\\\/\\\/kibrisdakik.com\\\/\"},{\"@type\":\"ListItem\",\"position\":2,\"name\":\"\u0130\u00e7li k\u00f6fte ile yar\u0131\u015fan Emine U\u011fur, \u015feflerden \u00fc\u00e7 evet alarak Masterchef 2. tura ge\u00e7ti\"}]},{\"@type\":\"WebSite\",\"@id\":\"https:\\\/\\\/kibrisdakik.com\\\/#website\",\"url\":\"https:\\\/\\\/kibrisdakik.com\\\/\",\"name\":\"\",\"description\":\"Tam vaktinde haber\",\"potentialAction\":[{\"@type\":\"SearchAction\",\"target\":{\"@type\":\"EntryPoint\",\"urlTemplate\":\"https:\\\/\\\/kibrisdakik.com\\\/?s={search_term_string}\"},\"query-input\":{\"@type\":\"PropertyValueSpecification\",\"valueRequired\":true,\"valueName\":\"search_term_string\"}}],\"inLanguage\":\"tr\"},{\"@type\":\"Person\",\"@id\":\"https:\\\/\\\/kibrisdakik.com\\\/#\\\/schema\\\/person\\\/9cd9d437bbb44f72b73ba127e06d8e79\",\"name\":\"admin\",\"image\":{\"@type\":\"ImageObject\",\"inLanguage\":\"tr\",\"@id\":\"https:\\\/\\\/secure.gravatar.com\\\/avatar\\\/ccc17943b9d660506c869530f897617f7cb1c21a4bf30023f252596d83e1f007?s=96&d=mm&r=g\",\"url\":\"https:\\\/\\\/secure.gravatar.com\\\/avatar\\\/ccc17943b9d660506c869530f897617f7cb1c21a4bf30023f252596d83e1f007?s=96&d=mm&r=g\",\"contentUrl\":\"https:\\\/\\\/secure.gravatar.com\\\/avatar\\\/ccc17943b9d660506c869530f897617f7cb1c21a4bf30023f252596d83e1f007?s=96&d=mm&r=g\",\"caption\":\"admin\"},\"sameAs\":[\"https:\\\/\\\/kibrisdakik.com\"],\"url\":\"https:\\\/\\\/kibrisdakik.com\\\/?author=1\"}]}<\/script>\n<!-- \/ Yoast SEO plugin. -->","yoast_head_json":{"title":"\u0130\u00e7li k\u00f6fte ile yar\u0131\u015fan Emine U\u011fur, \u015feflerden \u00fc\u00e7 evet alarak Masterchef 2. tura ge\u00e7ti -","robots":{"index":"index","follow":"follow","max-snippet":"max-snippet:-1","max-image-preview":"max-image-preview:large","max-video-preview":"max-video-preview:-1"},"canonical":"https:\/\/kibrisdakik.com\/?p=47343","og_locale":"tr_TR","og_type":"article","og_title":"\u0130\u00e7li k\u00f6fte ile yar\u0131\u015fan Emine U\u011fur, \u015feflerden \u00fc\u00e7 evet alarak Masterchef 2. tura ge\u00e7ti -","og_description":"Emine U\u011fur, Masterchef T\u00fcrkiye yar\u0131\u015fmas\u0131nda i\u00e7li k\u00f6fteyle dikkatleri \u00fczerine \u00e7ekti. Masterchef&#8217;te y\u00f6resel bir yemek ile 5 dakika i\u00e7erisinde h\u00fcnerlerini g\u00f6stermeye \u00e7al\u0131\u015fan yar\u0131\u015fmac\u0131, yar\u0131\u015fmaya &#8220;Ba\u015farmak i\u00e7in geldim, ba\u015faraca\u011f\u0131ma inan\u0131yorum. \u015eefler i\u00e7li k\u00f6fteme bay\u0131lacak.&#8221; s\u00f6zleriyle ba\u015flad\u0131. Ard\u0131ndan i\u00e7li k\u00f6fteyi haz\u0131rlad\u0131. MASTERCHEF EM\u0130NE U\u011eUR K\u0130MD\u0130R? \u0130ki \u00e7ocuk annesidir. Ad\u0131yamanl\u0131 olan Emine U\u011fur, \u0130stanbul&#8217;da ya\u015famaktad\u0131r.&nbsp; ST\u00dcDYODA NELER YA\u015eANDI? \u0130\u00e7li","og_url":"https:\/\/kibrisdakik.com\/?p=47343","article_published_time":"2024-06-25T21:16:58+00:00","og_image":[{"width":1280,"height":677,"url":"https:\/\/kibrisdakik.com\/wp-content\/uploads\/2024\/06\/icli-kofte-ile-yarisan-emine-ugur-seflerden-uc-evet-alarak-masterchef-2-tura-gecti-17193447671104_1-740x420.jpg","type":"image\/jpeg"}],"author":"admin","twitter_card":"summary_large_image","twitter_misc":{"Yazan:":"admin","Tahmini okuma s\u00fcresi":"1 dakika"},"schema":{"@context":"https:\/\/schema.org","@graph":[{"@type":"Article","@id":"https:\/\/kibrisdakik.com\/?p=47343#article","isPartOf":{"@id":"https:\/\/kibrisdakik.com\/?p=47343"},"author":{"name":"admin","@id":"https:\/\/kibrisdakik.com\/#\/schema\/person\/9cd9d437bbb44f72b73ba127e06d8e79"},"headline":"\u0130\u00e7li k\u00f6fte ile yar\u0131\u015fan Emine U\u011fur, \u015feflerden \u00fc\u00e7 evet alarak Masterchef 2. tura ge\u00e7ti","datePublished":"2024-06-25T21:16:58+00:00","mainEntityOfPage":{"@id":"https:\/\/kibrisdakik.com\/?p=47343"},"wordCount":202,"commentCount":0,"image":{"@id":"https:\/\/kibrisdakik.com\/?p=47343#primaryimage"},"thumbnailUrl":"https:\/\/kibrisdakik.com\/wp-content\/uploads\/2024\/06\/icli-kofte-ile-yarisan-emine-ugur-seflerden-uc-evet-alarak-masterchef-2-tura-gecti-17193447671104_1-740x420.jpg","articleSection":["Spor"],"inLanguage":"tr","potentialAction":[{"@type":"CommentAction","name":"Comment","target":["https:\/\/kibrisdakik.com\/?p=47343#respond"]}]},{"@type":"WebPage","@id":"https:\/\/kibrisdakik.com\/?p=47343","url":"https:\/\/kibrisdakik.com\/?p=47343","name":"\u0130\u00e7li k\u00f6fte ile yar\u0131\u015fan Emine U\u011fur, \u015feflerden \u00fc\u00e7 evet alarak Masterchef 2. tura ge\u00e7ti -","isPartOf":{"@id":"https:\/\/kibrisdakik.com\/#website"},"primaryImageOfPage":{"@id":"https:\/\/kibrisdakik.com\/?p=47343#primaryimage"},"image":{"@id":"https:\/\/kibrisdakik.com\/?p=47343#primaryimage"},"thumbnailUrl":"https:\/\/kibrisdakik.com\/wp-content\/uploads\/2024\/06\/icli-kofte-ile-yarisan-emine-ugur-seflerden-uc-evet-alarak-masterchef-2-tura-gecti-17193447671104_1-740x420.jpg","datePublished":"2024-06-25T21:16:58+00:00","author":{"@id":"https:\/\/kibrisdakik.com\/#\/schema\/person\/9cd9d437bbb44f72b73ba127e06d8e79"},"breadcrumb":{"@id":"https:\/\/kibrisdakik.com\/?p=47343#breadcrumb"},"inLanguage":"tr","potentialAction":[{"@type":"ReadAction","target":["https:\/\/kibrisdakik.com\/?p=47343"]}]},{"@type":"ImageObject","inLanguage":"tr","@id":"https:\/\/kibrisdakik.com\/?p=47343#primaryimage","url":"https:\/\/kibrisdakik.com\/wp-content\/uploads\/2024\/06\/icli-kofte-ile-yarisan-emine-ugur-seflerden-uc-evet-alarak-masterchef-2-tura-gecti-17193447671104_1-740x420.jpg","contentUrl":"https:\/\/kibrisdakik.com\/wp-content\/uploads\/2024\/06\/icli-kofte-ile-yarisan-emine-ugur-seflerden-uc-evet-alarak-masterchef-2-tura-gecti-17193447671104_1-740x420.jpg","width":1280,"height":677},{"@type":"BreadcrumbList","@id":"https:\/\/kibrisdakik.com\/?p=47343#breadcrumb","itemListElement":[{"@type":"ListItem","position":1,"name":"Home","item":"https:\/\/kibrisdakik.com\/"},{"@type":"ListItem","position":2,"name":"\u0130\u00e7li k\u00f6fte ile yar\u0131\u015fan Emine U\u011fur, \u015feflerden \u00fc\u00e7 evet alarak Masterchef 2. tura ge\u00e7ti"}]},{"@type":"WebSite","@id":"https:\/\/kibrisdakik.com\/#website","url":"https:\/\/kibrisdakik.com\/","name":"","description":"Tam vaktinde haber","potentialAction":[{"@type":"SearchAction","target":{"@type":"EntryPoint","urlTemplate":"https:\/\/kibrisdakik.com\/?s={search_term_string}"},"query-input":{"@type":"PropertyValueSpecification","valueRequired":true,"valueName":"search_term_string"}}],"inLanguage":"tr"},{"@type":"Person","@id":"https:\/\/kibrisdakik.com\/#\/schema\/person\/9cd9d437bbb44f72b73ba127e06d8e79","name":"admin","image":{"@type":"ImageObject","inLanguage":"tr","@id":"https:\/\/secure.gravatar.com\/avatar\/ccc17943b9d660506c869530f897617f7cb1c21a4bf30023f252596d83e1f007?s=96&d=mm&r=g","url":"https:\/\/secure.gravatar.com\/avatar\/ccc17943b9d660506c869530f897617f7cb1c21a4bf30023f252596d83e1f007?s=96&d=mm&r=g","contentUrl":"https:\/\/secure.gravatar.com\/avatar\/ccc17943b9d660506c869530f897617f7cb1c21a4bf30023f252596d83e1f007?s=96&d=mm&r=g","caption":"admin"},"sameAs":["https:\/\/kibrisdakik.com"],"url":"https:\/\/kibrisdakik.com\/?author=1"}]}},"_links":{"self":[{"href":"https:\/\/kibrisdakik.com\/index.php?rest_route=\/wp\/v2\/posts\/47343","targetHints":{"allow":["GET"]}}],"collection":[{"href":"https:\/\/kibrisdakik.com\/index.php?rest_route=\/wp\/v2\/posts"}],"about":[{"href":"https:\/\/kibrisdakik.com\/index.php?rest_route=\/wp\/v2\/types\/post"}],"author":[{"embeddable":true,"href":"https:\/\/kibrisdakik.com\/index.php?rest_route=\/wp\/v2\/users\/1"}],"replies":[{"embeddable":true,"href":"https:\/\/kibrisdakik.com\/index.php?rest_route=%2Fwp%2Fv2%2Fcomments&post=47343"}],"version-history":[{"count":0,"href":"https:\/\/kibrisdakik.com\/index.php?rest_route=\/wp\/v2\/posts\/47343\/revisions"}],"wp:featuredmedia":[{"embeddable":true,"href":"https:\/\/kibrisdakik.com\/index.php?rest_route=\/wp\/v2\/media\/47344"}],"wp:attachment":[{"href":"https:\/\/kibrisdakik.com\/index.php?rest_route=%2Fwp%2Fv2%2Fmedia&parent=47343"}],"wp:term":[{"taxonomy":"category","embeddable":true,"href":"https:\/\/kibrisdakik.com\/index.php?rest_route=%2Fwp%2Fv2%2Fcategories&post=47343"},{"taxonomy":"post_tag","embeddable":true,"href":"https:\/\/kibrisdakik.com\/index.php?rest_route=%2Fwp%2Fv2%2Ftags&post=47343"}],"curies":[{"name":"wp","href":"https:\/\/api.w.org\/{rel}","templated":true}]}}