{"id":47361,"date":"2024-06-25T23:35:48","date_gmt":"2024-06-25T23:35:48","guid":{"rendered":"https:\/\/kibrisdakik.com\/index.php\/2024\/06\/25\/meclis-genel-kurulu-guncel-konusmalarla-devam-ediyor-4\/"},"modified":"2024-06-25T23:35:48","modified_gmt":"2024-06-25T23:35:48","slug":"meclis-genel-kurulu-guncel-konusmalarla-devam-ediyor-4","status":"publish","type":"post","link":"https:\/\/kibrisdakik.com\/?p=47361","title":{"rendered":"Meclis Genel Kurulu, g\u00fcncel konu\u015fmalarla devam ediyor"},"content":{"rendered":"<p><\/p>\n<div>\n<div class=\"mariselle-image-container center\">\n                <img loading=\"lazy\" decoding=\"async\" width=\"1600\" height=\"1066\" class=\"lazy-image\" alt=\"\" sizes=\"auto, (max-width: 1600px) 100vw, 1600px\" src=\"https:\/\/brtk.net\/wp-content\/uploads\/2024\/06\/25\/meclis-genel-kurulu-26-subat-24-7-1.jpeg?ver=4d3706a40f4a37ea494bb168371dd2f2\" srcset=\"https:\/\/brtk.net\/wp-content\/uploads\/2024\/06\/25\/meclis-genel-kurulu-26-subat-24-7-1.jpeg?ver=4d3706a40f4a37ea494bb168371dd2f2 1600w, https:\/\/brtk.net\/wp-content\/uploads\/2024\/06\/25\/meclis-genel-kurulu-26-subat-24-7-1-300x200.jpeg?ver=4d3706a40f4a37ea494bb168371dd2f2 300w, https:\/\/brtk.net\/wp-content\/uploads\/2024\/06\/25\/meclis-genel-kurulu-26-subat-24-7-1-1024x682.jpeg?ver=861606512cc66c2e44efda1d1e08a5c3 1024w, https:\/\/brtk.net\/wp-content\/uploads\/2024\/06\/25\/meclis-genel-kurulu-26-subat-24-7-1-768x512.jpeg?ver=861606512cc66c2e44efda1d1e08a5c3 768w, https:\/\/brtk.net\/wp-content\/uploads\/2024\/06\/25\/meclis-genel-kurulu-26-subat-24-7-1-1536x1023.jpeg?ver=ead203d267997ab7c0feefc5b0446a9b 1536w\"\/>                            <\/div>\n<p>Cumhuriyet Meclisi Genel Kurulu, g\u00fcncel konu\u015fmalarla devam ediyor.<\/p>\n<p>Bug\u00fcn yasama y\u0131l\u0131n\u0131n son toplant\u0131s\u0131n\u0131 yapan Genel Kurul\u2019da milletvekilleri \u00fclkedeki son geli\u015fmelere ili\u015fkin s\u00f6z al\u0131yor. <\/p>\n<p>\u2013 Akp\u0131nar <\/p>\n<p>Demokrat Parti (DP) Girne Milletvekili Serhat Akp\u0131nar, y\u00fcksek\u00f6\u011fretim, ekonomi ve g\u00fcncel geli\u015fmeler konusunda yapt\u0131\u011f\u0131 konu\u015fmas\u0131nda, Bar\u0131\u015f Harekat\u0131\u2019n\u0131n 50\u2019nci y\u0131l\u0131n\u0131n kutlanaca\u011f\u0131 bu d\u00f6nemde G\u00fcney K\u0131br\u0131s Rum Y\u00f6netimi taraf\u0131ndan yap\u0131lan son giri\u015fimlerin de\u011ferlendirilmesi gerekti\u011fini kaydetti. <\/p>\n<p>Bar\u0131\u015f Harekat\u0131\u2019yla birlikte Mehmet\u00e7i\u011fin adaya ayak basmas\u0131yla bar\u0131\u015f\u0131n geldi\u011fini belirten ve K\u0131br\u0131s T\u00fcrk halk\u0131n\u0131n o g\u00fcne kadar ya\u015fad\u0131\u011f\u0131 ac\u0131lara dikkat \u00e7eken Akp\u0131nar, \u201c20 Temmuz\u2019u ve K\u0131br\u0131s T\u00fcrk direni\u015fini hat\u0131rlamal\u0131 ve hat\u0131rlatmal\u0131y\u0131z.\u201d dedi.<\/p>\n<p>Akp\u0131nar, ocak ay\u0131nda Rum y\u00f6netimi taraf\u0131ndan \u00e7\u0131kar\u0131lan Avrupa tutuklama emriyle \u0130talya\u2019da Avukat Akan K\u00fcr\u015fat\u2019\u0131n tutukland\u0131\u011f\u0131n\u0131 ve yarg\u0131land\u0131\u011f\u0131n\u0131 hat\u0131rlatt\u0131. Bu s\u00fcrece ili\u015fkin bir\u00e7ok bilginin kamuoyuyla payla\u015f\u0131lmad\u0131\u011f\u0131n\u0131 ancak izole ve istisnai bir tutuklama oldu\u011funun ifade edildi\u011fini s\u00f6yleyen Akp\u0131nar, ard\u0131ndan ya\u015fanan benzer tutuklama ve geli\u015fmelerin bunun ifade edildi\u011fi \u015fekilde ba\u011f\u0131ms\u0131z bir durum olmad\u0131\u011f\u0131n\u0131 d\u00fc\u015f\u00fcnmeye y\u00f6neltti\u011fini belirtti. <\/p>\n<p>Benzer bir operasyonun <a href=\"https:\/\/brtk.net\/\">KKTC<\/a>\u2019deki \u00fcniversitelere y\u00f6nelik de s\u00fcrd\u00fcr\u00fcld\u00fc\u011f\u00fc s\u00f6yleyen Akp\u0131nar, Rum y\u00f6netiminin yak\u0131n zamanda Avrupa\u2019da y\u00fcksek\u00f6\u011fretim alan\u0131nda yetkili kurulu\u015f olan ENQA\u2019ya, \u00fclkedeki \u00fcniversiteler ve insan ka\u00e7ak\u00e7\u0131l\u0131\u011f\u0131 konusunu ili\u015ftiren bir ba\u015fvuruda bulundu\u011funu an\u0131msatt\u0131, bu konuda bir soru\u015fturma ve yapt\u0131r\u0131m yap\u0131l\u0131p yap\u0131lmayaca\u011f\u0131n\u0131n me\u00e7hul oldu\u011funu s\u00f6yledi.<\/p>\n<p>\u201c\u0130nsan ka\u00e7ak\u00e7\u0131l\u0131\u011f\u0131 sorununun k\u00f6keni \u00fcniversiteler de\u011fildir. D\u00fcnyan\u0131n hi\u00e7bir yerinde bu sorunun k\u00f6keni \u00fcniversiteler olmam\u0131\u015ft\u0131r. M\u00fclteci sorunu, f\u0131rsat e\u015fitsizli\u011fin do\u011furdu\u011fu k\u00fcresel bir sorundur.\u201d diyen Akp\u0131nar, bu konunun \u00fcniversitelerle ba\u011flant\u0131l\u0131 g\u00fcndeme getirilmesinin Rum y\u00f6netiminin rekabeti azaltmak ad\u0131na att\u0131\u011f\u0131 bir ad\u0131m oldu\u011funu savundu. <\/p>\n<p>Bunun yan\u0131nda, G\u00fcney K\u0131br\u0131s\u2019ta di\u011fer \u00fclke \u00fcniversitelerinin uydu kamp\u00fcslerin a\u00e7\u0131lmas\u0131n\u0131n \u00f6n\u00fcn\u00fc a\u00e7acak ad\u0131m at\u0131ld\u0131\u011f\u0131na i\u015faret eden Akp\u0131nar, kuzeyde de ayn\u0131 \u015fekilde k\u00fcreselle\u015fmenin yolunu a\u00e7acak ad\u0131mlar\u0131n at\u0131lmas\u0131, \u00fcniversitelerin d\u0131\u015f d\u00fcnyaya a\u00e7\u0131lmas\u0131n\u0131 sa\u011flayacak \u015fekilde g\u00fc\u00e7lendirilmesi gerekti\u011fini ifade etti. <\/p>\n<p>\u2013 Baybars<\/p>\n<p>Gazima\u011fusa Ba\u011f\u0131ms\u0131z Milletvekili Ay\u015feg\u00fcl Baybars da s\u00f6z alarak, haftaya yap\u0131lmas\u0131 planlanan Meclis Genel Kurulu Ola\u011fan\u00fcst\u00fc Oturumu\u2019na de\u011findi, bu oturumun sa\u011fl\u0131k, e\u011fitim s\u0131k\u0131nt\u0131lar\u0131 gibi \u00fclkenin \u00f6nemli ihtiya\u00e7lar\u0131n\u0131n ele al\u0131naca\u011f\u0131 bir oturum olmad\u0131\u011f\u0131n\u0131, \u201cka\u00e7ak ya\u015famla m\u00fccadeledeki t\u00fcm \u00e7al\u0131\u015fmalar\u0131 bertaraf edecek af yasas\u0131n\u0131n ge\u00e7irilmesi\u201d amac\u0131yla olaca\u011f\u0131n\u0131 s\u00f6yledi. <\/p>\n<p>Baybars, 3 Kas\u0131m 2021 tarihinde \u00e7\u0131kar\u0131lan genel aff\u0131n ard\u0131ndan, bu aff\u0131n \u00e7\u0131kar\u0131lan son af oldu\u011fu ve sonras\u0131nda b\u00fcy\u00fck tedbirler al\u0131naca\u011f\u0131 s\u00f6z\u00fc verildi\u011fini savunarak, bir y\u0131l ard\u0131ndan yeni bir genel af \u00e7\u0131kar\u0131ld\u0131\u011f\u0131 ve benzer vaatlerde bulunuldu\u011funu ifade etti. <\/p>\n<p>Milletvekili Baybars, yap\u0131lmas\u0131 planlanan aff\u0131n yat\u0131r\u0131m\u0131n\u0131 yapan, vergilerini \u00f6deyen i\u015fverene verilen bir ceza oldu\u011funu, h\u00fck\u00fcmetin i\u015fverenlere \u201cKay\u0131t d\u0131\u015f\u0131 tutmaya devam edin. \u00c7\u00fcnk\u00fc ben her y\u0131l af \u00e7\u0131kar\u0131yorum\u201d mesaj\u0131n\u0131 verdi\u011fini ileri s\u00fcrd\u00fc.<\/p>\n<p>K\u0131br\u0131s T\u00fcrk Ticaret Odas\u0131 ve Sanayi Odas\u0131 gibi temsilcilerin de bu af hakk\u0131nda olumsuz g\u00f6r\u00fc\u015fleri oldu\u011funu kaydeden Baybars, \u201ch\u00fck\u00fcmetin hangi sekt\u00f6rlerle, hangi ihtiya\u00e7tan dolay\u0131 bu karar\u0131 ald\u0131\u011f\u0131n\u0131\u201d sordu.<\/p>\n<p>Baybars, Milletvekili Akp\u0131nar\u2019\u0131n konu\u015fmas\u0131ndaki insan ka\u00e7ak\u00e7\u0131l\u0131\u011f\u0131na ili\u015fkin ifadelerini de an\u0131msatarak, bu aff\u0131n \u00fcniversitelerin akreditasyonlar\u0131n\u0131 kaybetme riskine de neden olabilece\u011fini vurgulad\u0131.<\/p>\n<p>H\u00fck\u00fcmet program\u0131nda yer alan baz\u0131 vaatleri okuyan, bu vaatlerin aras\u0131nda yerli i\u015fg\u00fcc\u00fcn\u00fcn art\u0131r\u0131lmas\u0131, kay\u0131t d\u0131\u015f\u0131l\u0131\u011f\u0131n\u0131n \u00f6nlenmesi oldu\u011funu an\u0131msatan Baybars, \u00c7al\u0131\u015fma Bakanl\u0131\u011f\u0131\u2019n\u0131n bu konularda ne yapt\u0131\u011f\u0131n\u0131 sordu, yap\u0131lanlar\u0131n bu \u00fclke insan\u0131na ve \u00e7al\u0131\u015fma hayat\u0131n\u0131 olumsuz etkileyen ad\u0131mlar oldu\u011funu iddia etti. <\/p>\n<p>\u0130\u00e7i\u015fleri Bakan\u0131 Dursun O\u011fuz\u2019un \u00e7\u0131kar\u0131lmas\u0131 planlanan afla \u00e7eli\u015fen, ge\u00e7mi\u015fte yapt\u0131\u011f\u0131 baz\u0131 a\u00e7\u0131klamalar\u0131 oldu\u011funu da s\u00f6yleyen Baybars, \u201cBu yap\u0131lanlar sizin bu \u00fclkeyi zerre sevmedi\u011finizi, \u00fclke insanlar\u0131na zerre sorumluluk duymad\u0131\u011f\u0131n\u0131z\u0131 g\u00f6steriyor.\u201d dedi. <\/p>\n<p>\u2013 Rogers<\/p>\n<p>Girne Ba\u011f\u0131ms\u0131z Milletvekili Jale Refik Rogers ise \u201cG\u00fcn\u00fc Kurtarma H\u00fck\u00fcmeti ve S\u00fcrd\u00fcr\u00fclebilirlik Sorunsal\u0131\u201d konulu bir konu\u015fma yapt\u0131.<\/p>\n<p>Rogers, \u00fclkede s\u00fcrd\u00fcr\u00fclebilirli\u011fin sa\u011flamas\u0131 gereklili\u011fini vurgulad\u0131\u011f\u0131 konu\u015fmas\u0131nda, bu \u00e7er\u00e7evede \u00e7evre, ekonomik geli\u015fme ve sosyal e\u015fitlik boyutlar\u0131na de\u011findi. S\u00f6z konusu \u00fc\u00e7 unsur aras\u0131nda en \u00f6nemlisi olarak kabul edilebilecek unsurun \u00e7evre oldu\u011funu kaydeden Rogers, \u00f6zellikle enerji verimlili\u011fi konusunda \u00fclkede gelinebilecek en k\u00f6t\u00fc noktada olundu\u011funu savunarak, halk\u0131n art\u0131k bu konular\u0131 sorgulamay\u0131 b\u0131rakt\u0131\u011f\u0131n\u0131 s\u00f6yledi.<\/p>\n<p>Kabloyla elektrik gibi enerji alternatiflerinin de\u011ferlendirilebilece\u011fini, buna kimsenin kar\u015f\u0131 olmad\u0131\u011f\u0131n\u0131 s\u00f6yleyen ancak bir \u00fclkenin kurulu g\u00fcc\u00fcn\u00fcn muhakkak olmas\u0131 gerekti\u011fini belirten Rogers, bu noktada h\u00fck\u00fcmetin yat\u0131r\u0131m eksikli\u011fini ele\u015ftirdi, \u201cBilerek, isteyerek halk sa\u011fl\u0131\u011f\u0131 tehlikeye at\u0131l\u0131yor. Halk zehirleniyor.\u201d dedi. <\/p>\n<p>G\u00fcne\u015f enerjisinden daha fazla yararlanabilmek i\u00e7in trib\u00fcn ve altyap\u0131 yat\u0131r\u0131m\u0131 yap\u0131lmas\u0131 gerekti\u011fini ifade eden Rogers, ge\u00e7en g\u00fcnlerde ya\u015fanan ve \u00f6\u011frencilerin s\u0131navlar\u0131ndan bir g\u00fcn \u00f6nceye denk gelen elektrik kesintilerini hat\u0131rlatt\u0131.<\/p>\n<p>Milletvekili Rogers, at\u0131klar ve \u00e7\u00f6pl\u00fcklere ili\u015fkin s\u0131k\u0131nt\u0131lara da de\u011finerek, G\u00fcng\u00f6r \u00c7\u00f6pl\u00fc\u011f\u00fc\u2019nde iyile\u015ftirmelere gidilmemesinden dolay\u0131 \u00e7\u00f6pl\u00fc\u011f\u00fcn kapasitesini beklenenden \u00e7ok daha k\u0131sa s\u00fcrede doluyor oldu\u011funu savundu. Rogers, h\u00fck\u00fcmetin bu konuda da bir plan veya projesinin olmad\u0131\u011f\u0131n\u0131 dile getirdi; G\u00fcng\u00f6r\u2019de yap\u0131lmas\u0131 gerekenlerin yap\u0131lmad\u0131\u011f\u0131 takdirde, yeni bir \u00e7\u00f6pl\u00fc\u011fe ihtiya\u00e7 duyulaca\u011f\u0131 konusunda uyard\u0131.<\/p>\n<p>Bakanl\u0131\u011f\u0131n plastik yasa\u011f\u0131na kar\u015f\u0131n plastik kullan\u0131m\u0131na devam edildi\u011fini s\u00f6yleyen Rogers, toplumda \u00e7evre bilinci konusundaki eksikli\u011fe dikkat \u00e7ekti. <\/p>\n<p>Su konusunda da yat\u0131r\u0131m ve plan konusunda b\u00fcy\u00fck eksiklikler oldu\u011funu \u00f6ne s\u00fcren Rogers, motor bozuldu\u011fundan dolay\u0131 ge\u00e7en g\u00fcnlerde adan\u0131n susuz kald\u0131\u011f\u0131 g\u00fcnler ya\u015fand\u0131\u011f\u0131n\u0131 kaydetti. <\/p>\n<p>\u201cOrmanlarla ilgili ne yap\u0131yoruz? Koca bir hi\u00e7.\u201d diye konu\u015fan Rogers, bir yang\u0131n durumunda T\u00fcrkiye\u2019den gelecek yard\u0131ma dayan\u0131ld\u0131\u011f\u0131n\u0131 belirterek, mevcut ekipman\u0131n ve yap\u0131n\u0131n yetersiz oldu\u011funu s\u00f6yledi. Ormanlarda itfaiyenin yan\u0131nda Sivil Savunma\u2019n\u0131n da sorumlu oldu\u011funu hat\u0131rlatan Rogers, Sivil Savunma\u2019n\u0131n b\u00fct\u00e7esi olmas\u0131na ra\u011fmen m\u00fcnhal i\u00e7in h\u00fck\u00fcmetten yetki alamad\u0131\u011f\u0131n\u0131 s\u00f6yledi. <\/p>\n<p>Rogers, ekonomik b\u00fcy\u00fcmenin do\u011fal kaynaklar\u0131 t\u00fcketmeden ve e\u015fitsizli\u011fi art\u0131rmadan yap\u0131lmas\u0131 gerekti\u011fini ifade ederek, \u00fclkede ekonomik kazan\u0131m\u0131n sadece bug\u00fcn\u00fc d\u00fc\u015f\u00fcnerek yap\u0131ld\u0131\u011f\u0131 d\u00fc\u015f\u00fcncesini payla\u015ft\u0131. <\/p>\n<p>\u00dclkedeki \u00e7arp\u0131k yap\u0131la\u015fma ve imar planlar\u0131 hakk\u0131nda da konu\u015fan Rogers, \u00fcstyap\u0131n\u0131n geli\u015firken, altyap\u0131n\u0131n s\u0131f\u0131rda kald\u0131\u011f\u0131n\u0131 iddia ederek, h\u00fck\u00fcmetin b\u00fct\u00fcn bunlara g\u00f6z yumdu\u011funu buna ra\u011fmen h\u0131zl\u0131 ve plans\u0131z \u015fekilde ta\u015f\u0131nmaz mallar\u0131n yabanc\u0131lar taraf\u0131ndan al\u0131nmas\u0131na kar\u015f\u0131n bir yasa ge\u00e7irdi\u011fini ve bu yasan\u0131n i\u015fleri daha da belirsiz hale getirdi\u011fi, yat\u0131r\u0131mc\u0131lar\u0131 korkuttu\u011funu savundu. <\/p>\n<p>Milletvekili Rogers, ekonomide s\u00fcrd\u00fcrebilirli\u011fin uzun soluklu bir planlamaya ihtiya\u00e7 duydu\u011funu belirterek, planlama yap\u0131l\u0131rken gelecek nesillerin d\u00fc\u015f\u00fcn\u00fclmesi gerekti\u011fini s\u00f6yledi. <\/p>\n<p>Bina yap\u0131mlar\u0131yla birlikte yol yap\u0131m\u0131n\u0131n da geli\u015ftirilmesinin \u00f6nemine dikkat \u00e7eken Rogers, yollarda gerekli iyile\u015ftirmelerin yap\u0131lmamas\u0131n\u0131n trafik kazalar\u0131nda art\u0131\u015fa neden oldu\u011funu s\u00f6yledi, bu noktada toplu ta\u015f\u0131ma ihtiyac\u0131n\u0131n da alt\u0131n\u0131 \u00e7izdi. <\/p>\n<p>\u2013 Ar\u0131kl\u0131 <\/p>\n<p>Milletvekillerinin ard\u0131ndan s\u00f6z alan Bay\u0131nd\u0131rl\u0131k ve Ula\u015ft\u0131rma Bakan\u0131 Erhan Ar\u0131kl\u0131, Rogers\u2019\u0131n K\u0131b-Tek ve elektrik konusundaki ele\u015ftirilerine yan\u0131t vererek, 425 MW \u00e7al\u0131\u015fabilir kapasite oldu\u011funu, bunun 280\u2019i K\u0131b-Tek\u2019ten, 145\u2019inin AKSA\u2019dan geldi\u011fini kaydetti. <\/p>\n<p>Teknecik\u2019teki \u00fcretimin tam ger\u00e7ekle\u015femedi\u011fini, zaman zaman ciddi aksilikler ya\u015fand\u0131\u011f\u0131n\u0131 belirten Ar\u0131kl\u0131, jenerat\u00f6rlerin ciddi bir bak\u0131ma ihtiyac\u0131 oldu\u011funu, bir k\u0131sm\u0131n\u0131n \u00e7al\u0131\u015famaz hale geldi\u011fini s\u00f6yledi; bu konudaki \u00e7al\u0131\u015fmalara de\u011findi. <\/p>\n<p>Ar\u0131kl\u0131, k\u0131sa zamanda jenerat\u00f6rlerin bak\u0131m\u0131n\u0131n yap\u0131lmas\u0131 i\u00e7in \u00e7al\u0131\u015f\u0131ld\u0131\u011f\u0131n\u0131 kaydederek, iletim hatlar\u0131ndaki problem dolay\u0131s\u0131yla AKSA\u2019n\u0131n da s\u0131k\u0131nt\u0131 ya\u015fad\u0131\u011f\u0131n\u0131 ve iletim hatlar\u0131n\u0131n yenilece\u011fini s\u00f6yledi. <\/p>\n<p>Yat\u0131r\u0131m\u0131n gereklili\u011fine vurgu yapan Ar\u0131kl\u0131, \u201c\u0130letim hatlar\u0131nda yap\u0131lmas\u0131 gerekeni yapmazsak, trafolar\u0131 yenilemezsek, Teknecik\u2019e yapaca\u011f\u0131m\u0131z yat\u0131r\u0131m\u0131n anlam\u0131 kalm\u0131yor.\u201d dedi. <\/p>\n<p>Elektrikte kilovat ba\u015f\u0131na ortalama 1 lira zarar edildi\u011fine dikkat \u00e7eken Ar\u0131kl\u0131, AKSA olmazsa K\u0131b-Tek\u2019in enerjiyi \u00e7ok daha pahal\u0131ya satmak zorunda kalaca\u011f\u0131n\u0131 kaydetti.<\/p>\n<p>Ar\u0131kl\u0131, 2008\u2019de K\u0131b-Tek AKSA\u2019ya s\u00f6zle\u015fmeye uymad\u0131\u011f\u0131 i\u00e7in para cezas\u0131 kesti\u011fini ve d\u00f6nemin Maliye Bakan\u0131 Ahmet Uzun\u2019un ceza kesilmesini engelledi\u011fini s\u00f6yleyerek, \u201cOradaki bu yap\u0131 devam etti\u011fi s\u00fcrece elektrik konusunu konu\u015fmaya devam edece\u011fiz.\u201d ifadelerini kulland\u0131. Ar\u0131kl\u0131, iktidar ile muhalefetin konuyu birlikte masaya yat\u0131rmas\u0131 gerekti\u011fini, konunun siyaset \u00fcst\u00fc ele al\u0131nmas\u0131 gerekti\u011fini vurgulad\u0131.<\/p>\n<p>Toplu ta\u015f\u0131mac\u0131l\u0131k konusunda ise belli bir noktaya geldiklerini belirten Ar\u0131kl\u0131, yasal prosed\u00fcrleri tamamland\u0131ktan sonra toplu ta\u015f\u0131ma konusunda ciddi ad\u0131mlar at\u0131laca\u011f\u0131n\u0131 kaydetti.<\/p>\n<p>Kuzey \u00c7evre Yolu\u2019nun ayd\u0131nlat\u0131lmas\u0131 i\u00e7in yakla\u015f\u0131k 2,2 milyon <a href=\"https:\/\/brtk.net\/\">dolar<\/a>l\u0131k bir kaynak gerekti\u011fini s\u00f6yleyen Ar\u0131kl\u0131, bu kayna\u011f\u0131 bulmaya haz\u0131r oldu\u011funu Maliye Bakan\u0131\u2019na iletti\u011fini bildirdi. Bakan Ar\u0131kl\u0131, bu y\u0131lki trafik kazalar\u0131n\u0131n tamam\u0131n\u0131n alkol, dikkatsiz s\u00fcr\u00fc\u015f ve h\u0131zdan kaynakl\u0131 oldu\u011funu belirtti. <\/p>\n<p>Ar\u0131kl\u0131, T&amp;T\u2019nin temmuz ay\u0131n\u0131n ilk haftas\u0131 gerekli \u00f6demelerin yap\u0131lmas\u0131yla, Ercan\u2019\u0131n elektri\u011finde normal tarifeye ge\u00e7ece\u011fini de ekledi.<\/p>\n<\/p><\/div>\n<p><script async\n                    defer\n                    crossorigin=\"anonymous\"\n                    src=\"https:\/\/connect.facebook.net\/tr_TR\/sdk.js#xfbml=1&#038;version=v3.3\"\n            ><\/script><\/p>\n","protected":false},"excerpt":{"rendered":"<p>Cumhuriyet Meclisi Genel Kurulu, g\u00fcncel konu\u015fmalarla devam ediyor. Bug\u00fcn yasama y\u0131l\u0131n\u0131n son toplant\u0131s\u0131n\u0131 yapan Genel Kurul\u2019da milletvekilleri \u00fclkedeki son geli\u015fmelere ili\u015fkin s\u00f6z al\u0131yor. \u2013 Akp\u0131nar Demokrat Parti (DP) Girne Milletvekili Serhat Akp\u0131nar, y\u00fcksek\u00f6\u011fretim, ekonomi ve g\u00fcncel geli\u015fmeler konusunda yapt\u0131\u011f\u0131 konu\u015fmas\u0131nda, Bar\u0131\u015f Harekat\u0131\u2019n\u0131n 50\u2019nci y\u0131l\u0131n\u0131n kutlanaca\u011f\u0131 bu d\u00f6nemde G\u00fcney K\u0131br\u0131s Rum Y\u00f6netimi taraf\u0131ndan yap\u0131lan son giri\u015fimlerin<\/p>\n","protected":false},"author":1,"featured_media":47362,"comment_status":"open","ping_status":"open","sticky":false,"template":"","format":"standard","meta":{"footnotes":""},"categories":[1],"tags":[],"class_list":["post-47361","post","type-post","status-publish","format-standard","has-post-thumbnail","hentry","category-gundem"],"yoast_head":"<!-- This site is optimized with the Yoast SEO plugin v27.4 - https:\/\/yoast.com\/product\/yoast-seo-wordpress\/ -->\n<title>Meclis Genel Kurulu, g\u00fcncel konu\u015fmalarla devam ediyor -<\/title>\n<meta name=\"robots\" content=\"index, follow, max-snippet:-1, max-image-preview:large, max-video-preview:-1\" \/>\n<link rel=\"canonical\" href=\"https:\/\/kibrisdakik.com\/?p=47361\" \/>\n<meta property=\"og:locale\" content=\"tr_TR\" \/>\n<meta property=\"og:type\" content=\"article\" \/>\n<meta property=\"og:title\" content=\"Meclis Genel Kurulu, g\u00fcncel konu\u015fmalarla devam ediyor -\" \/>\n<meta property=\"og:description\" content=\"Cumhuriyet Meclisi Genel Kurulu, g\u00fcncel konu\u015fmalarla devam ediyor. Bug\u00fcn yasama y\u0131l\u0131n\u0131n son toplant\u0131s\u0131n\u0131 yapan Genel Kurul\u2019da milletvekilleri \u00fclkedeki son geli\u015fmelere ili\u015fkin s\u00f6z al\u0131yor. \u2013 Akp\u0131nar Demokrat Parti (DP) Girne Milletvekili Serhat Akp\u0131nar, y\u00fcksek\u00f6\u011fretim, ekonomi ve g\u00fcncel geli\u015fmeler konusunda yapt\u0131\u011f\u0131 konu\u015fmas\u0131nda, Bar\u0131\u015f Harekat\u0131\u2019n\u0131n 50\u2019nci y\u0131l\u0131n\u0131n kutlanaca\u011f\u0131 bu d\u00f6nemde G\u00fcney K\u0131br\u0131s Rum Y\u00f6netimi taraf\u0131ndan yap\u0131lan son giri\u015fimlerin\" \/>\n<meta property=\"og:url\" content=\"https:\/\/kibrisdakik.com\/?p=47361\" \/>\n<meta property=\"article:published_time\" content=\"2024-06-25T23:35:48+00:00\" \/>\n<meta property=\"og:image\" content=\"https:\/\/kibrisdakik.com\/wp-content\/uploads\/2024\/06\/meclis-genel-kurulu-26-subat-24-7-1-740x420.jpeg\" \/>\n\t<meta property=\"og:image:width\" content=\"1600\" \/>\n\t<meta property=\"og:image:height\" content=\"1066\" \/>\n\t<meta property=\"og:image:type\" content=\"image\/jpeg\" \/>\n<meta name=\"author\" content=\"admin\" \/>\n<meta name=\"twitter:card\" content=\"summary_large_image\" \/>\n<meta name=\"twitter:label1\" content=\"Yazan:\" \/>\n\t<meta name=\"twitter:data1\" content=\"admin\" \/>\n\t<meta name=\"twitter:label2\" content=\"Tahmini okuma s\u00fcresi\" \/>\n\t<meta name=\"twitter:data2\" content=\"9 dakika\" \/>\n<script type=\"application\/ld+json\" class=\"yoast-schema-graph\">{\"@context\":\"https:\\\/\\\/schema.org\",\"@graph\":[{\"@type\":\"Article\",\"@id\":\"https:\\\/\\\/kibrisdakik.com\\\/?p=47361#article\",\"isPartOf\":{\"@id\":\"https:\\\/\\\/kibrisdakik.com\\\/?p=47361\"},\"author\":{\"name\":\"admin\",\"@id\":\"https:\\\/\\\/kibrisdakik.com\\\/#\\\/schema\\\/person\\\/9cd9d437bbb44f72b73ba127e06d8e79\"},\"headline\":\"Meclis Genel Kurulu, g\u00fcncel konu\u015fmalarla devam ediyor\",\"datePublished\":\"2024-06-25T23:35:48+00:00\",\"mainEntityOfPage\":{\"@id\":\"https:\\\/\\\/kibrisdakik.com\\\/?p=47361\"},\"wordCount\":1799,\"commentCount\":0,\"image\":{\"@id\":\"https:\\\/\\\/kibrisdakik.com\\\/?p=47361#primaryimage\"},\"thumbnailUrl\":\"https:\\\/\\\/kibrisdakik.com\\\/wp-content\\\/uploads\\\/2024\\\/06\\\/meclis-genel-kurulu-26-subat-24-7-1-740x420.jpeg\",\"articleSection\":[\"G\u00fcndem\"],\"inLanguage\":\"tr\",\"potentialAction\":[{\"@type\":\"CommentAction\",\"name\":\"Comment\",\"target\":[\"https:\\\/\\\/kibrisdakik.com\\\/?p=47361#respond\"]}]},{\"@type\":\"WebPage\",\"@id\":\"https:\\\/\\\/kibrisdakik.com\\\/?p=47361\",\"url\":\"https:\\\/\\\/kibrisdakik.com\\\/?p=47361\",\"name\":\"Meclis Genel Kurulu, g\u00fcncel konu\u015fmalarla devam ediyor -\",\"isPartOf\":{\"@id\":\"https:\\\/\\\/kibrisdakik.com\\\/#website\"},\"primaryImageOfPage\":{\"@id\":\"https:\\\/\\\/kibrisdakik.com\\\/?p=47361#primaryimage\"},\"image\":{\"@id\":\"https:\\\/\\\/kibrisdakik.com\\\/?p=47361#primaryimage\"},\"thumbnailUrl\":\"https:\\\/\\\/kibrisdakik.com\\\/wp-content\\\/uploads\\\/2024\\\/06\\\/meclis-genel-kurulu-26-subat-24-7-1-740x420.jpeg\",\"datePublished\":\"2024-06-25T23:35:48+00:00\",\"author\":{\"@id\":\"https:\\\/\\\/kibrisdakik.com\\\/#\\\/schema\\\/person\\\/9cd9d437bbb44f72b73ba127e06d8e79\"},\"breadcrumb\":{\"@id\":\"https:\\\/\\\/kibrisdakik.com\\\/?p=47361#breadcrumb\"},\"inLanguage\":\"tr\",\"potentialAction\":[{\"@type\":\"ReadAction\",\"target\":[\"https:\\\/\\\/kibrisdakik.com\\\/?p=47361\"]}]},{\"@type\":\"ImageObject\",\"inLanguage\":\"tr\",\"@id\":\"https:\\\/\\\/kibrisdakik.com\\\/?p=47361#primaryimage\",\"url\":\"https:\\\/\\\/kibrisdakik.com\\\/wp-content\\\/uploads\\\/2024\\\/06\\\/meclis-genel-kurulu-26-subat-24-7-1-740x420.jpeg\",\"contentUrl\":\"https:\\\/\\\/kibrisdakik.com\\\/wp-content\\\/uploads\\\/2024\\\/06\\\/meclis-genel-kurulu-26-subat-24-7-1-740x420.jpeg\",\"width\":1600,\"height\":1066},{\"@type\":\"BreadcrumbList\",\"@id\":\"https:\\\/\\\/kibrisdakik.com\\\/?p=47361#breadcrumb\",\"itemListElement\":[{\"@type\":\"ListItem\",\"position\":1,\"name\":\"Home\",\"item\":\"https:\\\/\\\/kibrisdakik.com\\\/\"},{\"@type\":\"ListItem\",\"position\":2,\"name\":\"Meclis Genel Kurulu, g\u00fcncel konu\u015fmalarla devam ediyor\"}]},{\"@type\":\"WebSite\",\"@id\":\"https:\\\/\\\/kibrisdakik.com\\\/#website\",\"url\":\"https:\\\/\\\/kibrisdakik.com\\\/\",\"name\":\"\",\"description\":\"Tam vaktinde haber\",\"potentialAction\":[{\"@type\":\"SearchAction\",\"target\":{\"@type\":\"EntryPoint\",\"urlTemplate\":\"https:\\\/\\\/kibrisdakik.com\\\/?s={search_term_string}\"},\"query-input\":{\"@type\":\"PropertyValueSpecification\",\"valueRequired\":true,\"valueName\":\"search_term_string\"}}],\"inLanguage\":\"tr\"},{\"@type\":\"Person\",\"@id\":\"https:\\\/\\\/kibrisdakik.com\\\/#\\\/schema\\\/person\\\/9cd9d437bbb44f72b73ba127e06d8e79\",\"name\":\"admin\",\"image\":{\"@type\":\"ImageObject\",\"inLanguage\":\"tr\",\"@id\":\"https:\\\/\\\/secure.gravatar.com\\\/avatar\\\/ccc17943b9d660506c869530f897617f7cb1c21a4bf30023f252596d83e1f007?s=96&d=mm&r=g\",\"url\":\"https:\\\/\\\/secure.gravatar.com\\\/avatar\\\/ccc17943b9d660506c869530f897617f7cb1c21a4bf30023f252596d83e1f007?s=96&d=mm&r=g\",\"contentUrl\":\"https:\\\/\\\/secure.gravatar.com\\\/avatar\\\/ccc17943b9d660506c869530f897617f7cb1c21a4bf30023f252596d83e1f007?s=96&d=mm&r=g\",\"caption\":\"admin\"},\"sameAs\":[\"https:\\\/\\\/kibrisdakik.com\"],\"url\":\"https:\\\/\\\/kibrisdakik.com\\\/?author=1\"}]}<\/script>\n<!-- \/ Yoast SEO plugin. -->","yoast_head_json":{"title":"Meclis Genel Kurulu, g\u00fcncel konu\u015fmalarla devam ediyor -","robots":{"index":"index","follow":"follow","max-snippet":"max-snippet:-1","max-image-preview":"max-image-preview:large","max-video-preview":"max-video-preview:-1"},"canonical":"https:\/\/kibrisdakik.com\/?p=47361","og_locale":"tr_TR","og_type":"article","og_title":"Meclis Genel Kurulu, g\u00fcncel konu\u015fmalarla devam ediyor -","og_description":"Cumhuriyet Meclisi Genel Kurulu, g\u00fcncel konu\u015fmalarla devam ediyor. Bug\u00fcn yasama y\u0131l\u0131n\u0131n son toplant\u0131s\u0131n\u0131 yapan Genel Kurul\u2019da milletvekilleri \u00fclkedeki son geli\u015fmelere ili\u015fkin s\u00f6z al\u0131yor. \u2013 Akp\u0131nar Demokrat Parti (DP) Girne Milletvekili Serhat Akp\u0131nar, y\u00fcksek\u00f6\u011fretim, ekonomi ve g\u00fcncel geli\u015fmeler konusunda yapt\u0131\u011f\u0131 konu\u015fmas\u0131nda, Bar\u0131\u015f Harekat\u0131\u2019n\u0131n 50\u2019nci y\u0131l\u0131n\u0131n kutlanaca\u011f\u0131 bu d\u00f6nemde G\u00fcney K\u0131br\u0131s Rum Y\u00f6netimi taraf\u0131ndan yap\u0131lan son giri\u015fimlerin","og_url":"https:\/\/kibrisdakik.com\/?p=47361","article_published_time":"2024-06-25T23:35:48+00:00","og_image":[{"width":1600,"height":1066,"url":"https:\/\/kibrisdakik.com\/wp-content\/uploads\/2024\/06\/meclis-genel-kurulu-26-subat-24-7-1-740x420.jpeg","type":"image\/jpeg"}],"author":"admin","twitter_card":"summary_large_image","twitter_misc":{"Yazan:":"admin","Tahmini okuma s\u00fcresi":"9 dakika"},"schema":{"@context":"https:\/\/schema.org","@graph":[{"@type":"Article","@id":"https:\/\/kibrisdakik.com\/?p=47361#article","isPartOf":{"@id":"https:\/\/kibrisdakik.com\/?p=47361"},"author":{"name":"admin","@id":"https:\/\/kibrisdakik.com\/#\/schema\/person\/9cd9d437bbb44f72b73ba127e06d8e79"},"headline":"Meclis Genel Kurulu, g\u00fcncel konu\u015fmalarla devam ediyor","datePublished":"2024-06-25T23:35:48+00:00","mainEntityOfPage":{"@id":"https:\/\/kibrisdakik.com\/?p=47361"},"wordCount":1799,"commentCount":0,"image":{"@id":"https:\/\/kibrisdakik.com\/?p=47361#primaryimage"},"thumbnailUrl":"https:\/\/kibrisdakik.com\/wp-content\/uploads\/2024\/06\/meclis-genel-kurulu-26-subat-24-7-1-740x420.jpeg","articleSection":["G\u00fcndem"],"inLanguage":"tr","potentialAction":[{"@type":"CommentAction","name":"Comment","target":["https:\/\/kibrisdakik.com\/?p=47361#respond"]}]},{"@type":"WebPage","@id":"https:\/\/kibrisdakik.com\/?p=47361","url":"https:\/\/kibrisdakik.com\/?p=47361","name":"Meclis Genel Kurulu, g\u00fcncel konu\u015fmalarla devam ediyor -","isPartOf":{"@id":"https:\/\/kibrisdakik.com\/#website"},"primaryImageOfPage":{"@id":"https:\/\/kibrisdakik.com\/?p=47361#primaryimage"},"image":{"@id":"https:\/\/kibrisdakik.com\/?p=47361#primaryimage"},"thumbnailUrl":"https:\/\/kibrisdakik.com\/wp-content\/uploads\/2024\/06\/meclis-genel-kurulu-26-subat-24-7-1-740x420.jpeg","datePublished":"2024-06-25T23:35:48+00:00","author":{"@id":"https:\/\/kibrisdakik.com\/#\/schema\/person\/9cd9d437bbb44f72b73ba127e06d8e79"},"breadcrumb":{"@id":"https:\/\/kibrisdakik.com\/?p=47361#breadcrumb"},"inLanguage":"tr","potentialAction":[{"@type":"ReadAction","target":["https:\/\/kibrisdakik.com\/?p=47361"]}]},{"@type":"ImageObject","inLanguage":"tr","@id":"https:\/\/kibrisdakik.com\/?p=47361#primaryimage","url":"https:\/\/kibrisdakik.com\/wp-content\/uploads\/2024\/06\/meclis-genel-kurulu-26-subat-24-7-1-740x420.jpeg","contentUrl":"https:\/\/kibrisdakik.com\/wp-content\/uploads\/2024\/06\/meclis-genel-kurulu-26-subat-24-7-1-740x420.jpeg","width":1600,"height":1066},{"@type":"BreadcrumbList","@id":"https:\/\/kibrisdakik.com\/?p=47361#breadcrumb","itemListElement":[{"@type":"ListItem","position":1,"name":"Home","item":"https:\/\/kibrisdakik.com\/"},{"@type":"ListItem","position":2,"name":"Meclis Genel Kurulu, g\u00fcncel konu\u015fmalarla devam ediyor"}]},{"@type":"WebSite","@id":"https:\/\/kibrisdakik.com\/#website","url":"https:\/\/kibrisdakik.com\/","name":"","description":"Tam vaktinde haber","potentialAction":[{"@type":"SearchAction","target":{"@type":"EntryPoint","urlTemplate":"https:\/\/kibrisdakik.com\/?s={search_term_string}"},"query-input":{"@type":"PropertyValueSpecification","valueRequired":true,"valueName":"search_term_string"}}],"inLanguage":"tr"},{"@type":"Person","@id":"https:\/\/kibrisdakik.com\/#\/schema\/person\/9cd9d437bbb44f72b73ba127e06d8e79","name":"admin","image":{"@type":"ImageObject","inLanguage":"tr","@id":"https:\/\/secure.gravatar.com\/avatar\/ccc17943b9d660506c869530f897617f7cb1c21a4bf30023f252596d83e1f007?s=96&d=mm&r=g","url":"https:\/\/secure.gravatar.com\/avatar\/ccc17943b9d660506c869530f897617f7cb1c21a4bf30023f252596d83e1f007?s=96&d=mm&r=g","contentUrl":"https:\/\/secure.gravatar.com\/avatar\/ccc17943b9d660506c869530f897617f7cb1c21a4bf30023f252596d83e1f007?s=96&d=mm&r=g","caption":"admin"},"sameAs":["https:\/\/kibrisdakik.com"],"url":"https:\/\/kibrisdakik.com\/?author=1"}]}},"_links":{"self":[{"href":"https:\/\/kibrisdakik.com\/index.php?rest_route=\/wp\/v2\/posts\/47361","targetHints":{"allow":["GET"]}}],"collection":[{"href":"https:\/\/kibrisdakik.com\/index.php?rest_route=\/wp\/v2\/posts"}],"about":[{"href":"https:\/\/kibrisdakik.com\/index.php?rest_route=\/wp\/v2\/types\/post"}],"author":[{"embeddable":true,"href":"https:\/\/kibrisdakik.com\/index.php?rest_route=\/wp\/v2\/users\/1"}],"replies":[{"embeddable":true,"href":"https:\/\/kibrisdakik.com\/index.php?rest_route=%2Fwp%2Fv2%2Fcomments&post=47361"}],"version-history":[{"count":0,"href":"https:\/\/kibrisdakik.com\/index.php?rest_route=\/wp\/v2\/posts\/47361\/revisions"}],"wp:featuredmedia":[{"embeddable":true,"href":"https:\/\/kibrisdakik.com\/index.php?rest_route=\/wp\/v2\/media\/47362"}],"wp:attachment":[{"href":"https:\/\/kibrisdakik.com\/index.php?rest_route=%2Fwp%2Fv2%2Fmedia&parent=47361"}],"wp:term":[{"taxonomy":"category","embeddable":true,"href":"https:\/\/kibrisdakik.com\/index.php?rest_route=%2Fwp%2Fv2%2Fcategories&post=47361"},{"taxonomy":"post_tag","embeddable":true,"href":"https:\/\/kibrisdakik.com\/index.php?rest_route=%2Fwp%2Fv2%2Ftags&post=47361"}],"curies":[{"name":"wp","href":"https:\/\/api.w.org\/{rel}","templated":true}]}}