{"id":47441,"date":"2024-06-26T13:45:51","date_gmt":"2024-06-26T13:45:51","guid":{"rendered":"https:\/\/kibrisdakik.com\/index.php\/2024\/06\/26\/inek-basina-vergi-alinacak\/"},"modified":"2024-06-26T13:45:51","modified_gmt":"2024-06-26T13:45:51","slug":"inek-basina-vergi-alinacak","status":"publish","type":"post","link":"https:\/\/kibrisdakik.com\/?p=47441","title":{"rendered":"\u0130nek ba\u015f\u0131na vergi al\u0131nacak"},"content":{"rendered":"<p><img decoding=\"async\" src=\"https:\/\/www.kibristurk.com\/images\/haberler\/2024\/06\/inek-basina-vergi-alinacak-1719408677.webp\" \/><\/p>\n<p>D\u00fcnya genelindeki \u00fclkeler, bir yandan g\u0131da g\u00fcvenli\u011fini korurken, bir yandan da k\u00fcresel emisyonlar\u0131n yakla\u015f\u0131k d\u00f6rtte birini olu\u015fturan g\u0131da \u00fcretiminden kaynaklanan emisyonlar\u0131 azaltmak i\u00e7in m\u00fccadele ediyor. Hayvanc\u0131l\u0131k ise k\u00fcresel emisyonlar\u0131n y\u00fczde 11&#8217;ini olu\u015fturuyor ve bunun neredeyse \u00fc\u00e7te ikisi ineklerden kaynaklan\u0131yor.<\/p>\n<p><strong>HAYVAN BA\u015eINA 100 EURO \u00d6DENECEK<\/strong><\/p>\n<p>Bu nedenle harekete ge\u00e7en Danimarka, b\u00fcy\u00fckba\u015f hayvan \u00e7ift\u00e7ilerinden, ineklerinin yaratt\u0131\u011f\u0131 sera gaz\u0131 emisyonlar\u0131 i\u00e7in hayvan ba\u015f\u0131na y\u0131lda yakla\u015f\u0131k 100 Euro \u00fccret almay\u0131 planl\u0131yor.<br \/>\nVerginin 2030&#8217;da uygulamaya konmas\u0131 i\u00e7in zemin haz\u0131rlayan Danimarka&#8217;n\u0131n karar\u0131, \u00e7ift\u00e7ilerin Avrupa \u00e7ap\u0131nda AB&#8217;nin \u00e7evre tedbirlerine kar\u015f\u0131 protestolar\u0131ndan k\u0131sa s\u00fcre sonra geldi. Danimarka Ba\u015fbakan\u0131 Mette Frederiksen, verginin benzer giri\u015fimler i\u00e7in &#8216;b\u00f6lgesel ve k\u00fcresel olarak ileriye do\u011fru bir yol a\u00e7mas\u0131n\u0131&#8217; umdu\u011funu s\u00f6yledi.<br \/>\n&nbsp;<\/p>\n<p><strong>\u00c7\u0130FT\u00c7\u0130LER KARARDAN RAHATSIZ<\/strong><\/p>\n<p>G\u00f6r\u00fc\u015fmelerde yer almayan \u00e7ift\u00e7i \u00f6rg\u00fct\u00fc B\u00e6redygtigt Landbrug Ba\u015fkan\u0131 Peter Kiaer &#8220;Bunun \u00e7\u0131lg\u0131nca oldu\u011funu d\u00fc\u015f\u00fcn\u00fcyorum. H\u00fck\u00fcmet \u00e7ift\u00e7ileri dinlemiyor&#8221; derken bunun halihaz\u0131rda d\u00fcnyan\u0131n en ye\u015fil tar\u0131m \u00fcreticilerinden biri olan bir \u00fclkede \u00e7ok ihtiya\u00e7 duyulan teknoloji yat\u0131r\u0131m\u0131n\u0131 engelleyece\u011fini belirtti.<br \/>\nDanimarka merkezli s\u00fct \u00fcr\u00fcnleri kooperatifi Arla Foods&#8217;un Genel M\u00fcd\u00fcr\u00fc Peder Tuborgh da verginin, emisyonlar\u0131n\u0131 azaltmak i\u00e7in ellerinden geleni yapan organik \u00fcreticiler de dahil olmak \u00fczere baz\u0131 \u00e7ift\u00e7ileri adil olmayan bir \u015fekilde etkileyebilece\u011fini s\u00f6yledi ve yetkililere daha fazla inceleme yapmalar\u0131 \u00e7a\u011fr\u0131s\u0131nda bulundu. \u00dclkenin \u0130klim Bakan\u0131 Lars Aagaard ise tar\u0131m\u0131n Danimarka&#8217;n\u0131n en b\u00fcy\u00fck sera gaz\u0131 yay\u0131c\u0131s\u0131 oldu\u011funu s\u00f6yleyerek &#8220;Bu b\u00f6yle devam edemez. Tar\u0131m, ye\u015fil gelece\u011fe katk\u0131da bulunmal\u0131 ve onun bir par\u00e7as\u0131 olmal\u0131&#8221; diye konu\u015ftu.<br \/>\n&nbsp;<\/p>\n<p><strong>A\u015eAMALI OLARAK UYGULANACAK<\/strong><br \/>\nDanimarka parlamentosunun, vergiyi bu y\u0131l\u0131n sonlar\u0131nda onaylamak i\u00e7in oylamas\u0131 bekleniyor. \u00c7ift\u00e7ilerin emisyonlar\u0131 azaltmalar\u0131 i\u00e7in yerle\u015fik te\u015fvikler mevcutken vergi, en az ilk iki y\u0131l boyunca y\u00fczde 60&#8217;l\u0131k temel vergi kesintisi ile a\u015famal\u0131 olarak uygulamaya konulacak.<\/p>\n","protected":false},"excerpt":{"rendered":"<p>D\u00fcnya genelindeki \u00fclkeler, bir yandan g\u0131da g\u00fcvenli\u011fini korurken, bir yandan da k\u00fcresel emisyonlar\u0131n yakla\u015f\u0131k d\u00f6rtte birini olu\u015fturan g\u0131da \u00fcretiminden kaynaklanan emisyonlar\u0131 azaltmak i\u00e7in m\u00fccadele ediyor. Hayvanc\u0131l\u0131k ise k\u00fcresel emisyonlar\u0131n y\u00fczde 11&#8217;ini olu\u015fturuyor ve bunun neredeyse \u00fc\u00e7te ikisi ineklerden kaynaklan\u0131yor. HAYVAN BA\u015eINA 100 EURO \u00d6DENECEK Bu nedenle harekete ge\u00e7en Danimarka, b\u00fcy\u00fckba\u015f hayvan \u00e7ift\u00e7ilerinden, ineklerinin yaratt\u0131\u011f\u0131 sera<\/p>\n","protected":false},"author":1,"featured_media":47442,"comment_status":"open","ping_status":"open","sticky":false,"template":"","format":"standard","meta":{"footnotes":""},"categories":[79],"tags":[],"class_list":["post-47441","post","type-post","status-publish","format-standard","has-post-thumbnail","hentry","category-ekonomi"],"yoast_head":"<!-- This site is optimized with the Yoast SEO plugin v27.5 - https:\/\/yoast.com\/product\/yoast-seo-wordpress\/ -->\n<title>\u0130nek ba\u015f\u0131na vergi al\u0131nacak -<\/title>\n<meta name=\"robots\" content=\"index, follow, max-snippet:-1, max-image-preview:large, max-video-preview:-1\" \/>\n<link rel=\"canonical\" href=\"https:\/\/kibrisdakik.com\/?p=47441\" \/>\n<meta property=\"og:locale\" content=\"tr_TR\" \/>\n<meta property=\"og:type\" content=\"article\" \/>\n<meta property=\"og:title\" content=\"\u0130nek ba\u015f\u0131na vergi al\u0131nacak -\" \/>\n<meta property=\"og:description\" content=\"D\u00fcnya genelindeki \u00fclkeler, bir yandan g\u0131da g\u00fcvenli\u011fini korurken, bir yandan da k\u00fcresel emisyonlar\u0131n yakla\u015f\u0131k d\u00f6rtte birini olu\u015fturan g\u0131da \u00fcretiminden kaynaklanan emisyonlar\u0131 azaltmak i\u00e7in m\u00fccadele ediyor. Hayvanc\u0131l\u0131k ise k\u00fcresel emisyonlar\u0131n y\u00fczde 11&#8217;ini olu\u015fturuyor ve bunun neredeyse \u00fc\u00e7te ikisi ineklerden kaynaklan\u0131yor. HAYVAN BA\u015eINA 100 EURO \u00d6DENECEK Bu nedenle harekete ge\u00e7en Danimarka, b\u00fcy\u00fckba\u015f hayvan \u00e7ift\u00e7ilerinden, ineklerinin yaratt\u0131\u011f\u0131 sera\" \/>\n<meta property=\"og:url\" content=\"https:\/\/kibrisdakik.com\/?p=47441\" \/>\n<meta property=\"article:published_time\" content=\"2024-06-26T13:45:51+00:00\" \/>\n<meta property=\"og:image\" content=\"https:\/\/kibrisdakik.com\/wp-content\/uploads\/2024\/06\/inek-basina-vergi-alinacak-1719408677.webp.webp\" \/>\n\t<meta property=\"og:image:width\" content=\"710\" \/>\n\t<meta property=\"og:image:height\" content=\"370\" \/>\n\t<meta property=\"og:image:type\" content=\"image\/webp\" \/>\n<meta name=\"author\" content=\"admin\" \/>\n<meta name=\"twitter:card\" content=\"summary_large_image\" \/>\n<meta name=\"twitter:label1\" content=\"Yazan:\" \/>\n\t<meta name=\"twitter:data1\" content=\"admin\" \/>\n\t<meta name=\"twitter:label2\" content=\"Tahmini okuma s\u00fcresi\" \/>\n\t<meta name=\"twitter:data2\" content=\"2 dakika\" \/>\n<script type=\"application\/ld+json\" class=\"yoast-schema-graph\">{\"@context\":\"https:\\\/\\\/schema.org\",\"@graph\":[{\"@type\":\"Article\",\"@id\":\"https:\\\/\\\/kibrisdakik.com\\\/?p=47441#article\",\"isPartOf\":{\"@id\":\"https:\\\/\\\/kibrisdakik.com\\\/?p=47441\"},\"author\":{\"name\":\"admin\",\"@id\":\"https:\\\/\\\/kibrisdakik.com\\\/#\\\/schema\\\/person\\\/9cd9d437bbb44f72b73ba127e06d8e79\"},\"headline\":\"\u0130nek ba\u015f\u0131na vergi al\u0131nacak\",\"datePublished\":\"2024-06-26T13:45:51+00:00\",\"mainEntityOfPage\":{\"@id\":\"https:\\\/\\\/kibrisdakik.com\\\/?p=47441\"},\"wordCount\":373,\"commentCount\":0,\"image\":{\"@id\":\"https:\\\/\\\/kibrisdakik.com\\\/?p=47441#primaryimage\"},\"thumbnailUrl\":\"https:\\\/\\\/kibrisdakik.com\\\/wp-content\\\/uploads\\\/2024\\\/06\\\/inek-basina-vergi-alinacak-1719408677.webp.webp\",\"articleSection\":[\"Ekonomi\"],\"inLanguage\":\"tr\",\"potentialAction\":[{\"@type\":\"CommentAction\",\"name\":\"Comment\",\"target\":[\"https:\\\/\\\/kibrisdakik.com\\\/?p=47441#respond\"]}]},{\"@type\":\"WebPage\",\"@id\":\"https:\\\/\\\/kibrisdakik.com\\\/?p=47441\",\"url\":\"https:\\\/\\\/kibrisdakik.com\\\/?p=47441\",\"name\":\"\u0130nek ba\u015f\u0131na vergi al\u0131nacak -\",\"isPartOf\":{\"@id\":\"https:\\\/\\\/kibrisdakik.com\\\/#website\"},\"primaryImageOfPage\":{\"@id\":\"https:\\\/\\\/kibrisdakik.com\\\/?p=47441#primaryimage\"},\"image\":{\"@id\":\"https:\\\/\\\/kibrisdakik.com\\\/?p=47441#primaryimage\"},\"thumbnailUrl\":\"https:\\\/\\\/kibrisdakik.com\\\/wp-content\\\/uploads\\\/2024\\\/06\\\/inek-basina-vergi-alinacak-1719408677.webp.webp\",\"datePublished\":\"2024-06-26T13:45:51+00:00\",\"author\":{\"@id\":\"https:\\\/\\\/kibrisdakik.com\\\/#\\\/schema\\\/person\\\/9cd9d437bbb44f72b73ba127e06d8e79\"},\"breadcrumb\":{\"@id\":\"https:\\\/\\\/kibrisdakik.com\\\/?p=47441#breadcrumb\"},\"inLanguage\":\"tr\",\"potentialAction\":[{\"@type\":\"ReadAction\",\"target\":[\"https:\\\/\\\/kibrisdakik.com\\\/?p=47441\"]}]},{\"@type\":\"ImageObject\",\"inLanguage\":\"tr\",\"@id\":\"https:\\\/\\\/kibrisdakik.com\\\/?p=47441#primaryimage\",\"url\":\"https:\\\/\\\/kibrisdakik.com\\\/wp-content\\\/uploads\\\/2024\\\/06\\\/inek-basina-vergi-alinacak-1719408677.webp.webp\",\"contentUrl\":\"https:\\\/\\\/kibrisdakik.com\\\/wp-content\\\/uploads\\\/2024\\\/06\\\/inek-basina-vergi-alinacak-1719408677.webp.webp\",\"width\":710,\"height\":370},{\"@type\":\"BreadcrumbList\",\"@id\":\"https:\\\/\\\/kibrisdakik.com\\\/?p=47441#breadcrumb\",\"itemListElement\":[{\"@type\":\"ListItem\",\"position\":1,\"name\":\"Home\",\"item\":\"https:\\\/\\\/kibrisdakik.com\\\/\"},{\"@type\":\"ListItem\",\"position\":2,\"name\":\"\u0130nek ba\u015f\u0131na vergi al\u0131nacak\"}]},{\"@type\":\"WebSite\",\"@id\":\"https:\\\/\\\/kibrisdakik.com\\\/#website\",\"url\":\"https:\\\/\\\/kibrisdakik.com\\\/\",\"name\":\"\",\"description\":\"Tam vaktinde haber\",\"potentialAction\":[{\"@type\":\"SearchAction\",\"target\":{\"@type\":\"EntryPoint\",\"urlTemplate\":\"https:\\\/\\\/kibrisdakik.com\\\/?s={search_term_string}\"},\"query-input\":{\"@type\":\"PropertyValueSpecification\",\"valueRequired\":true,\"valueName\":\"search_term_string\"}}],\"inLanguage\":\"tr\"},{\"@type\":\"Person\",\"@id\":\"https:\\\/\\\/kibrisdakik.com\\\/#\\\/schema\\\/person\\\/9cd9d437bbb44f72b73ba127e06d8e79\",\"name\":\"admin\",\"image\":{\"@type\":\"ImageObject\",\"inLanguage\":\"tr\",\"@id\":\"https:\\\/\\\/secure.gravatar.com\\\/avatar\\\/ccc17943b9d660506c869530f897617f7cb1c21a4bf30023f252596d83e1f007?s=96&d=mm&r=g\",\"url\":\"https:\\\/\\\/secure.gravatar.com\\\/avatar\\\/ccc17943b9d660506c869530f897617f7cb1c21a4bf30023f252596d83e1f007?s=96&d=mm&r=g\",\"contentUrl\":\"https:\\\/\\\/secure.gravatar.com\\\/avatar\\\/ccc17943b9d660506c869530f897617f7cb1c21a4bf30023f252596d83e1f007?s=96&d=mm&r=g\",\"caption\":\"admin\"},\"sameAs\":[\"https:\\\/\\\/kibrisdakik.com\"],\"url\":\"https:\\\/\\\/kibrisdakik.com\\\/?author=1\"}]}<\/script>\n<!-- \/ Yoast SEO plugin. -->","yoast_head_json":{"title":"\u0130nek ba\u015f\u0131na vergi al\u0131nacak -","robots":{"index":"index","follow":"follow","max-snippet":"max-snippet:-1","max-image-preview":"max-image-preview:large","max-video-preview":"max-video-preview:-1"},"canonical":"https:\/\/kibrisdakik.com\/?p=47441","og_locale":"tr_TR","og_type":"article","og_title":"\u0130nek ba\u015f\u0131na vergi al\u0131nacak -","og_description":"D\u00fcnya genelindeki \u00fclkeler, bir yandan g\u0131da g\u00fcvenli\u011fini korurken, bir yandan da k\u00fcresel emisyonlar\u0131n yakla\u015f\u0131k d\u00f6rtte birini olu\u015fturan g\u0131da \u00fcretiminden kaynaklanan emisyonlar\u0131 azaltmak i\u00e7in m\u00fccadele ediyor. Hayvanc\u0131l\u0131k ise k\u00fcresel emisyonlar\u0131n y\u00fczde 11&#8217;ini olu\u015fturuyor ve bunun neredeyse \u00fc\u00e7te ikisi ineklerden kaynaklan\u0131yor. HAYVAN BA\u015eINA 100 EURO \u00d6DENECEK Bu nedenle harekete ge\u00e7en Danimarka, b\u00fcy\u00fckba\u015f hayvan \u00e7ift\u00e7ilerinden, ineklerinin yaratt\u0131\u011f\u0131 sera","og_url":"https:\/\/kibrisdakik.com\/?p=47441","article_published_time":"2024-06-26T13:45:51+00:00","og_image":[{"width":710,"height":370,"url":"https:\/\/kibrisdakik.com\/wp-content\/uploads\/2024\/06\/inek-basina-vergi-alinacak-1719408677.webp.webp","type":"image\/webp"}],"author":"admin","twitter_card":"summary_large_image","twitter_misc":{"Yazan:":"admin","Tahmini okuma s\u00fcresi":"2 dakika"},"schema":{"@context":"https:\/\/schema.org","@graph":[{"@type":"Article","@id":"https:\/\/kibrisdakik.com\/?p=47441#article","isPartOf":{"@id":"https:\/\/kibrisdakik.com\/?p=47441"},"author":{"name":"admin","@id":"https:\/\/kibrisdakik.com\/#\/schema\/person\/9cd9d437bbb44f72b73ba127e06d8e79"},"headline":"\u0130nek ba\u015f\u0131na vergi al\u0131nacak","datePublished":"2024-06-26T13:45:51+00:00","mainEntityOfPage":{"@id":"https:\/\/kibrisdakik.com\/?p=47441"},"wordCount":373,"commentCount":0,"image":{"@id":"https:\/\/kibrisdakik.com\/?p=47441#primaryimage"},"thumbnailUrl":"https:\/\/kibrisdakik.com\/wp-content\/uploads\/2024\/06\/inek-basina-vergi-alinacak-1719408677.webp.webp","articleSection":["Ekonomi"],"inLanguage":"tr","potentialAction":[{"@type":"CommentAction","name":"Comment","target":["https:\/\/kibrisdakik.com\/?p=47441#respond"]}]},{"@type":"WebPage","@id":"https:\/\/kibrisdakik.com\/?p=47441","url":"https:\/\/kibrisdakik.com\/?p=47441","name":"\u0130nek ba\u015f\u0131na vergi al\u0131nacak -","isPartOf":{"@id":"https:\/\/kibrisdakik.com\/#website"},"primaryImageOfPage":{"@id":"https:\/\/kibrisdakik.com\/?p=47441#primaryimage"},"image":{"@id":"https:\/\/kibrisdakik.com\/?p=47441#primaryimage"},"thumbnailUrl":"https:\/\/kibrisdakik.com\/wp-content\/uploads\/2024\/06\/inek-basina-vergi-alinacak-1719408677.webp.webp","datePublished":"2024-06-26T13:45:51+00:00","author":{"@id":"https:\/\/kibrisdakik.com\/#\/schema\/person\/9cd9d437bbb44f72b73ba127e06d8e79"},"breadcrumb":{"@id":"https:\/\/kibrisdakik.com\/?p=47441#breadcrumb"},"inLanguage":"tr","potentialAction":[{"@type":"ReadAction","target":["https:\/\/kibrisdakik.com\/?p=47441"]}]},{"@type":"ImageObject","inLanguage":"tr","@id":"https:\/\/kibrisdakik.com\/?p=47441#primaryimage","url":"https:\/\/kibrisdakik.com\/wp-content\/uploads\/2024\/06\/inek-basina-vergi-alinacak-1719408677.webp.webp","contentUrl":"https:\/\/kibrisdakik.com\/wp-content\/uploads\/2024\/06\/inek-basina-vergi-alinacak-1719408677.webp.webp","width":710,"height":370},{"@type":"BreadcrumbList","@id":"https:\/\/kibrisdakik.com\/?p=47441#breadcrumb","itemListElement":[{"@type":"ListItem","position":1,"name":"Home","item":"https:\/\/kibrisdakik.com\/"},{"@type":"ListItem","position":2,"name":"\u0130nek ba\u015f\u0131na vergi al\u0131nacak"}]},{"@type":"WebSite","@id":"https:\/\/kibrisdakik.com\/#website","url":"https:\/\/kibrisdakik.com\/","name":"","description":"Tam vaktinde haber","potentialAction":[{"@type":"SearchAction","target":{"@type":"EntryPoint","urlTemplate":"https:\/\/kibrisdakik.com\/?s={search_term_string}"},"query-input":{"@type":"PropertyValueSpecification","valueRequired":true,"valueName":"search_term_string"}}],"inLanguage":"tr"},{"@type":"Person","@id":"https:\/\/kibrisdakik.com\/#\/schema\/person\/9cd9d437bbb44f72b73ba127e06d8e79","name":"admin","image":{"@type":"ImageObject","inLanguage":"tr","@id":"https:\/\/secure.gravatar.com\/avatar\/ccc17943b9d660506c869530f897617f7cb1c21a4bf30023f252596d83e1f007?s=96&d=mm&r=g","url":"https:\/\/secure.gravatar.com\/avatar\/ccc17943b9d660506c869530f897617f7cb1c21a4bf30023f252596d83e1f007?s=96&d=mm&r=g","contentUrl":"https:\/\/secure.gravatar.com\/avatar\/ccc17943b9d660506c869530f897617f7cb1c21a4bf30023f252596d83e1f007?s=96&d=mm&r=g","caption":"admin"},"sameAs":["https:\/\/kibrisdakik.com"],"url":"https:\/\/kibrisdakik.com\/?author=1"}]}},"_links":{"self":[{"href":"https:\/\/kibrisdakik.com\/index.php?rest_route=\/wp\/v2\/posts\/47441","targetHints":{"allow":["GET"]}}],"collection":[{"href":"https:\/\/kibrisdakik.com\/index.php?rest_route=\/wp\/v2\/posts"}],"about":[{"href":"https:\/\/kibrisdakik.com\/index.php?rest_route=\/wp\/v2\/types\/post"}],"author":[{"embeddable":true,"href":"https:\/\/kibrisdakik.com\/index.php?rest_route=\/wp\/v2\/users\/1"}],"replies":[{"embeddable":true,"href":"https:\/\/kibrisdakik.com\/index.php?rest_route=%2Fwp%2Fv2%2Fcomments&post=47441"}],"version-history":[{"count":0,"href":"https:\/\/kibrisdakik.com\/index.php?rest_route=\/wp\/v2\/posts\/47441\/revisions"}],"wp:featuredmedia":[{"embeddable":true,"href":"https:\/\/kibrisdakik.com\/index.php?rest_route=\/wp\/v2\/media\/47442"}],"wp:attachment":[{"href":"https:\/\/kibrisdakik.com\/index.php?rest_route=%2Fwp%2Fv2%2Fmedia&parent=47441"}],"wp:term":[{"taxonomy":"category","embeddable":true,"href":"https:\/\/kibrisdakik.com\/index.php?rest_route=%2Fwp%2Fv2%2Fcategories&post=47441"},{"taxonomy":"post_tag","embeddable":true,"href":"https:\/\/kibrisdakik.com\/index.php?rest_route=%2Fwp%2Fv2%2Ftags&post=47441"}],"curies":[{"name":"wp","href":"https:\/\/api.w.org\/{rel}","templated":true}]}}