{"id":47540,"date":"2024-06-27T06:04:52","date_gmt":"2024-06-27T06:04:52","guid":{"rendered":"https:\/\/kibrisdakik.com\/index.php\/2024\/06\/27\/maliye-bakani-berova-kktc-tekvando-milli-takimi-heyetini-kabul-etti\/"},"modified":"2024-06-27T06:04:52","modified_gmt":"2024-06-27T06:04:52","slug":"maliye-bakani-berova-kktc-tekvando-milli-takimi-heyetini-kabul-etti","status":"publish","type":"post","link":"https:\/\/kibrisdakik.com\/?p=47540","title":{"rendered":"Maliye Bakan\u0131 Berova, KKTC Tekvando Milli Tak\u0131m\u0131 heyetini kabul etti"},"content":{"rendered":"<p><img decoding=\"async\" src=\"https:\/\/www.kibristurk.com\/images\/haberler\/2024\/06\/maliye-bakani-berova-kktc-tekvando-milli-takimi-heyetini-kabul-etti-1719399046.webp\" \/><\/p>\n<p style=\"text-align:left\"><span style=\"font-size:16px\"><span style=\"font-family:Merriweather,serif !important\"><span style=\"color:#000000\"><span style=\"background-color:#ffffff\"><span style=\"font-size:16px !important\"><span style=\"font-family:Merriweather,serif !important\"><span style=\"color:#000000 !important\">Maliye Bakanl\u0131\u011f\u0131ndan yap\u0131lan a\u00e7\u0131klamaya g\u00f6re, KKTC Taekwondo Judo Karate Akido Hapkido Kungfu Kurash Wushu Federasyonu Ba\u015fkan\u0131 Ey\u00fcp Zafer G\u00f6kbilen, KKTC Tekvando Milli Tak\u0131m\u0131\u2019n\u0131n \u00d6zbekistan\u2019da yap\u0131lan ve 13 \u00fclkenin kat\u0131ld\u0131\u011f\u0131 Avrasya Tekvando \u015eampiyonas\u0131\u2019nda genel klasmanda ikinci oldu\u011funu belirtti.<\/span><\/span><\/span><\/span><\/span><\/span><\/span><\/p>\n<p style=\"text-align:left\"><span style=\"font-size:16px\"><span style=\"font-family:Merriweather,serif !important\"><span style=\"color:#000000\"><span style=\"background-color:#ffffff\"><span style=\"font-size:16px !important\"><span style=\"font-family:Merriweather,serif !important\"><span style=\"color:#000000 !important\">Tak\u0131m\u0131n, m\u00fcsabakalar\u0131n en iyi tak\u0131m\u0131 se\u00e7ilerek ferdi bran\u015flarda 8 alt\u0131n, 7 g\u00fcm\u00fc\u015f ve 6 bronz madalya kazanarak \u015fampiyonay\u0131 tamamlad\u0131\u011f\u0131n\u0131 s\u00f6yleyen G\u00f6kbilen, \u201cSporcular\u0131m\u0131z bu yar\u0131\u015fmalarda ba\u015far\u0131lar\u0131yla Rusya, \u00c7in ve Malezya\u2019y\u0131 geride b\u0131rakarak, KKTC bayra\u011f\u0131n\u0131 g\u00f6ndere \u00e7ekerek, mar\u015f\u0131m\u0131z\u0131 okudu\u201d dedi.<\/span><\/span><\/span><\/span><\/span><\/span><\/span><\/p>\n<p style=\"text-align:left\"><span style=\"font-size:16px\"><span style=\"font-family:Merriweather,serif !important\"><span style=\"color:#000000\"><span style=\"background-color:#ffffff\"><span style=\"font-size:16px !important\"><span style=\"font-family:Merriweather,serif !important\"><span style=\"color:#000000 !important\">-Berova<\/span><\/span><\/span><\/span><\/span><\/span><\/span><\/p>\n<p style=\"text-align:left\"><span style=\"font-size:16px\"><span style=\"font-family:Merriweather,serif !important\"><span style=\"color:#000000\"><span style=\"background-color:#ffffff\"><span style=\"font-size:16px !important\"><span style=\"font-family:Merriweather,serif !important\"><span style=\"color:#000000 !important\">Maliye Bakan\u0131 \u00d6zdemir Berova da, \u00d6zbekistan\u2019da ger\u00e7ekle\u015fen Avrasya Tekvando \u015eampiyonas\u0131\u2019nda \u00fclkeyi ba\u015far\u0131yla temsil eden sporcular\u0131 ve y\u00f6neticilerini tebrik etti. KKTC\u2019yi sportif alanlarda temsil eden sporcular\u0131n azmi ve ortaya koydu\u011fu gayreti kutlayan Berova, \u201cBa\u015far\u0131lar\u0131n\u0131z\u0131n d\u00fcn ba\u015flayan bir ba\u015far\u0131 olmad\u0131\u011f\u0131n\u0131 yakinen takip eden biri olarak, federasyonunuzun bu alanda \u00fclkemizin bir marka de\u011feri oldu\u011funu s\u00f6yleyebilirim\u201d dedi.<\/span><\/span><\/span><\/span><\/span><\/span><\/span><\/p>\n<p style=\"text-align:left\"><span style=\"font-size:16px\"><span style=\"font-family:Merriweather,serif !important\"><span style=\"color:#000000\"><span style=\"background-color:#ffffff\"><span style=\"font-size:16px !important\"><span style=\"font-family:Merriweather,serif !important\"><span style=\"color:#000000 !important\">Berova, Rum y\u00f6netimin bask\u0131lar\u0131 ve uluslararas\u0131 ambargolara ra\u011fmen gen\u00e7lerin uluslararas\u0131 organizasyonlarda yer almas\u0131 ve elde ettikleri ba\u015far\u0131lar\u0131n gurur ve memnuniyet kayna\u011f\u0131 oldu\u011funu kaydetti.<\/span><\/span><\/span><\/span><\/span><\/span><\/span><\/p>\n","protected":false},"excerpt":{"rendered":"<p>Maliye Bakanl\u0131\u011f\u0131ndan yap\u0131lan a\u00e7\u0131klamaya g\u00f6re, KKTC Taekwondo Judo Karate Akido Hapkido Kungfu Kurash Wushu Federasyonu Ba\u015fkan\u0131 Ey\u00fcp Zafer G\u00f6kbilen, KKTC Tekvando Milli Tak\u0131m\u0131\u2019n\u0131n \u00d6zbekistan\u2019da yap\u0131lan ve 13 \u00fclkenin kat\u0131ld\u0131\u011f\u0131 Avrasya Tekvando \u015eampiyonas\u0131\u2019nda genel klasmanda ikinci oldu\u011funu belirtti. Tak\u0131m\u0131n, m\u00fcsabakalar\u0131n en iyi tak\u0131m\u0131 se\u00e7ilerek ferdi bran\u015flarda 8 alt\u0131n, 7 g\u00fcm\u00fc\u015f ve 6 bronz madalya kazanarak \u015fampiyonay\u0131<\/p>\n","protected":false},"author":1,"featured_media":47541,"comment_status":"open","ping_status":"open","sticky":false,"template":"","format":"standard","meta":{"footnotes":""},"categories":[79],"tags":[],"class_list":["post-47540","post","type-post","status-publish","format-standard","has-post-thumbnail","hentry","category-ekonomi"],"yoast_head":"<!-- This site is optimized with the Yoast SEO plugin v27.4 - https:\/\/yoast.com\/product\/yoast-seo-wordpress\/ -->\n<title>Maliye Bakan\u0131 Berova, KKTC Tekvando Milli Tak\u0131m\u0131 heyetini kabul etti -<\/title>\n<meta name=\"robots\" content=\"index, follow, max-snippet:-1, max-image-preview:large, max-video-preview:-1\" \/>\n<link rel=\"canonical\" href=\"https:\/\/kibrisdakik.com\/?p=47540\" \/>\n<meta property=\"og:locale\" content=\"tr_TR\" \/>\n<meta property=\"og:type\" content=\"article\" \/>\n<meta property=\"og:title\" content=\"Maliye Bakan\u0131 Berova, KKTC Tekvando Milli Tak\u0131m\u0131 heyetini kabul etti -\" \/>\n<meta property=\"og:description\" content=\"Maliye Bakanl\u0131\u011f\u0131ndan yap\u0131lan a\u00e7\u0131klamaya g\u00f6re, KKTC Taekwondo Judo Karate Akido Hapkido Kungfu Kurash Wushu Federasyonu Ba\u015fkan\u0131 Ey\u00fcp Zafer G\u00f6kbilen, KKTC Tekvando Milli Tak\u0131m\u0131\u2019n\u0131n \u00d6zbekistan\u2019da yap\u0131lan ve 13 \u00fclkenin kat\u0131ld\u0131\u011f\u0131 Avrasya Tekvando \u015eampiyonas\u0131\u2019nda genel klasmanda ikinci oldu\u011funu belirtti. Tak\u0131m\u0131n, m\u00fcsabakalar\u0131n en iyi tak\u0131m\u0131 se\u00e7ilerek ferdi bran\u015flarda 8 alt\u0131n, 7 g\u00fcm\u00fc\u015f ve 6 bronz madalya kazanarak \u015fampiyonay\u0131\" \/>\n<meta property=\"og:url\" content=\"https:\/\/kibrisdakik.com\/?p=47540\" \/>\n<meta property=\"article:published_time\" content=\"2024-06-27T06:04:52+00:00\" \/>\n<meta property=\"og:image\" content=\"https:\/\/kibrisdakik.com\/wp-content\/uploads\/2024\/06\/maliye-bakani-berova-kktc-tekvando-milli-takimi-heyetini-kabul-etti-1719399046.webp.webp\" \/>\n\t<meta property=\"og:image:width\" content=\"710\" \/>\n\t<meta property=\"og:image:height\" content=\"370\" \/>\n\t<meta property=\"og:image:type\" content=\"image\/webp\" \/>\n<meta name=\"author\" content=\"admin\" \/>\n<meta name=\"twitter:card\" content=\"summary_large_image\" \/>\n<meta name=\"twitter:label1\" content=\"Yazan:\" \/>\n\t<meta name=\"twitter:data1\" content=\"admin\" \/>\n\t<meta name=\"twitter:label2\" content=\"Tahmini okuma s\u00fcresi\" \/>\n\t<meta name=\"twitter:data2\" content=\"1 dakika\" \/>\n<script type=\"application\/ld+json\" class=\"yoast-schema-graph\">{\"@context\":\"https:\\\/\\\/schema.org\",\"@graph\":[{\"@type\":\"Article\",\"@id\":\"https:\\\/\\\/kibrisdakik.com\\\/?p=47540#article\",\"isPartOf\":{\"@id\":\"https:\\\/\\\/kibrisdakik.com\\\/?p=47540\"},\"author\":{\"name\":\"admin\",\"@id\":\"https:\\\/\\\/kibrisdakik.com\\\/#\\\/schema\\\/person\\\/9cd9d437bbb44f72b73ba127e06d8e79\"},\"headline\":\"Maliye Bakan\u0131 Berova, KKTC Tekvando Milli Tak\u0131m\u0131 heyetini kabul etti\",\"datePublished\":\"2024-06-27T06:04:52+00:00\",\"mainEntityOfPage\":{\"@id\":\"https:\\\/\\\/kibrisdakik.com\\\/?p=47540\"},\"wordCount\":228,\"commentCount\":0,\"image\":{\"@id\":\"https:\\\/\\\/kibrisdakik.com\\\/?p=47540#primaryimage\"},\"thumbnailUrl\":\"https:\\\/\\\/kibrisdakik.com\\\/wp-content\\\/uploads\\\/2024\\\/06\\\/maliye-bakani-berova-kktc-tekvando-milli-takimi-heyetini-kabul-etti-1719399046.webp.webp\",\"articleSection\":[\"Ekonomi\"],\"inLanguage\":\"tr\",\"potentialAction\":[{\"@type\":\"CommentAction\",\"name\":\"Comment\",\"target\":[\"https:\\\/\\\/kibrisdakik.com\\\/?p=47540#respond\"]}]},{\"@type\":\"WebPage\",\"@id\":\"https:\\\/\\\/kibrisdakik.com\\\/?p=47540\",\"url\":\"https:\\\/\\\/kibrisdakik.com\\\/?p=47540\",\"name\":\"Maliye Bakan\u0131 Berova, KKTC Tekvando Milli Tak\u0131m\u0131 heyetini kabul etti -\",\"isPartOf\":{\"@id\":\"https:\\\/\\\/kibrisdakik.com\\\/#website\"},\"primaryImageOfPage\":{\"@id\":\"https:\\\/\\\/kibrisdakik.com\\\/?p=47540#primaryimage\"},\"image\":{\"@id\":\"https:\\\/\\\/kibrisdakik.com\\\/?p=47540#primaryimage\"},\"thumbnailUrl\":\"https:\\\/\\\/kibrisdakik.com\\\/wp-content\\\/uploads\\\/2024\\\/06\\\/maliye-bakani-berova-kktc-tekvando-milli-takimi-heyetini-kabul-etti-1719399046.webp.webp\",\"datePublished\":\"2024-06-27T06:04:52+00:00\",\"author\":{\"@id\":\"https:\\\/\\\/kibrisdakik.com\\\/#\\\/schema\\\/person\\\/9cd9d437bbb44f72b73ba127e06d8e79\"},\"breadcrumb\":{\"@id\":\"https:\\\/\\\/kibrisdakik.com\\\/?p=47540#breadcrumb\"},\"inLanguage\":\"tr\",\"potentialAction\":[{\"@type\":\"ReadAction\",\"target\":[\"https:\\\/\\\/kibrisdakik.com\\\/?p=47540\"]}]},{\"@type\":\"ImageObject\",\"inLanguage\":\"tr\",\"@id\":\"https:\\\/\\\/kibrisdakik.com\\\/?p=47540#primaryimage\",\"url\":\"https:\\\/\\\/kibrisdakik.com\\\/wp-content\\\/uploads\\\/2024\\\/06\\\/maliye-bakani-berova-kktc-tekvando-milli-takimi-heyetini-kabul-etti-1719399046.webp.webp\",\"contentUrl\":\"https:\\\/\\\/kibrisdakik.com\\\/wp-content\\\/uploads\\\/2024\\\/06\\\/maliye-bakani-berova-kktc-tekvando-milli-takimi-heyetini-kabul-etti-1719399046.webp.webp\",\"width\":710,\"height\":370},{\"@type\":\"BreadcrumbList\",\"@id\":\"https:\\\/\\\/kibrisdakik.com\\\/?p=47540#breadcrumb\",\"itemListElement\":[{\"@type\":\"ListItem\",\"position\":1,\"name\":\"Home\",\"item\":\"https:\\\/\\\/kibrisdakik.com\\\/\"},{\"@type\":\"ListItem\",\"position\":2,\"name\":\"Maliye Bakan\u0131 Berova, KKTC Tekvando Milli Tak\u0131m\u0131 heyetini kabul etti\"}]},{\"@type\":\"WebSite\",\"@id\":\"https:\\\/\\\/kibrisdakik.com\\\/#website\",\"url\":\"https:\\\/\\\/kibrisdakik.com\\\/\",\"name\":\"\",\"description\":\"Tam vaktinde haber\",\"potentialAction\":[{\"@type\":\"SearchAction\",\"target\":{\"@type\":\"EntryPoint\",\"urlTemplate\":\"https:\\\/\\\/kibrisdakik.com\\\/?s={search_term_string}\"},\"query-input\":{\"@type\":\"PropertyValueSpecification\",\"valueRequired\":true,\"valueName\":\"search_term_string\"}}],\"inLanguage\":\"tr\"},{\"@type\":\"Person\",\"@id\":\"https:\\\/\\\/kibrisdakik.com\\\/#\\\/schema\\\/person\\\/9cd9d437bbb44f72b73ba127e06d8e79\",\"name\":\"admin\",\"image\":{\"@type\":\"ImageObject\",\"inLanguage\":\"tr\",\"@id\":\"https:\\\/\\\/secure.gravatar.com\\\/avatar\\\/ccc17943b9d660506c869530f897617f7cb1c21a4bf30023f252596d83e1f007?s=96&d=mm&r=g\",\"url\":\"https:\\\/\\\/secure.gravatar.com\\\/avatar\\\/ccc17943b9d660506c869530f897617f7cb1c21a4bf30023f252596d83e1f007?s=96&d=mm&r=g\",\"contentUrl\":\"https:\\\/\\\/secure.gravatar.com\\\/avatar\\\/ccc17943b9d660506c869530f897617f7cb1c21a4bf30023f252596d83e1f007?s=96&d=mm&r=g\",\"caption\":\"admin\"},\"sameAs\":[\"https:\\\/\\\/kibrisdakik.com\"],\"url\":\"https:\\\/\\\/kibrisdakik.com\\\/?author=1\"}]}<\/script>\n<!-- \/ Yoast SEO plugin. -->","yoast_head_json":{"title":"Maliye Bakan\u0131 Berova, KKTC Tekvando Milli Tak\u0131m\u0131 heyetini kabul etti -","robots":{"index":"index","follow":"follow","max-snippet":"max-snippet:-1","max-image-preview":"max-image-preview:large","max-video-preview":"max-video-preview:-1"},"canonical":"https:\/\/kibrisdakik.com\/?p=47540","og_locale":"tr_TR","og_type":"article","og_title":"Maliye Bakan\u0131 Berova, KKTC Tekvando Milli Tak\u0131m\u0131 heyetini kabul etti -","og_description":"Maliye Bakanl\u0131\u011f\u0131ndan yap\u0131lan a\u00e7\u0131klamaya g\u00f6re, KKTC Taekwondo Judo Karate Akido Hapkido Kungfu Kurash Wushu Federasyonu Ba\u015fkan\u0131 Ey\u00fcp Zafer G\u00f6kbilen, KKTC Tekvando Milli Tak\u0131m\u0131\u2019n\u0131n \u00d6zbekistan\u2019da yap\u0131lan ve 13 \u00fclkenin kat\u0131ld\u0131\u011f\u0131 Avrasya Tekvando \u015eampiyonas\u0131\u2019nda genel klasmanda ikinci oldu\u011funu belirtti. Tak\u0131m\u0131n, m\u00fcsabakalar\u0131n en iyi tak\u0131m\u0131 se\u00e7ilerek ferdi bran\u015flarda 8 alt\u0131n, 7 g\u00fcm\u00fc\u015f ve 6 bronz madalya kazanarak \u015fampiyonay\u0131","og_url":"https:\/\/kibrisdakik.com\/?p=47540","article_published_time":"2024-06-27T06:04:52+00:00","og_image":[{"width":710,"height":370,"url":"https:\/\/kibrisdakik.com\/wp-content\/uploads\/2024\/06\/maliye-bakani-berova-kktc-tekvando-milli-takimi-heyetini-kabul-etti-1719399046.webp.webp","type":"image\/webp"}],"author":"admin","twitter_card":"summary_large_image","twitter_misc":{"Yazan:":"admin","Tahmini okuma s\u00fcresi":"1 dakika"},"schema":{"@context":"https:\/\/schema.org","@graph":[{"@type":"Article","@id":"https:\/\/kibrisdakik.com\/?p=47540#article","isPartOf":{"@id":"https:\/\/kibrisdakik.com\/?p=47540"},"author":{"name":"admin","@id":"https:\/\/kibrisdakik.com\/#\/schema\/person\/9cd9d437bbb44f72b73ba127e06d8e79"},"headline":"Maliye Bakan\u0131 Berova, KKTC Tekvando Milli Tak\u0131m\u0131 heyetini kabul etti","datePublished":"2024-06-27T06:04:52+00:00","mainEntityOfPage":{"@id":"https:\/\/kibrisdakik.com\/?p=47540"},"wordCount":228,"commentCount":0,"image":{"@id":"https:\/\/kibrisdakik.com\/?p=47540#primaryimage"},"thumbnailUrl":"https:\/\/kibrisdakik.com\/wp-content\/uploads\/2024\/06\/maliye-bakani-berova-kktc-tekvando-milli-takimi-heyetini-kabul-etti-1719399046.webp.webp","articleSection":["Ekonomi"],"inLanguage":"tr","potentialAction":[{"@type":"CommentAction","name":"Comment","target":["https:\/\/kibrisdakik.com\/?p=47540#respond"]}]},{"@type":"WebPage","@id":"https:\/\/kibrisdakik.com\/?p=47540","url":"https:\/\/kibrisdakik.com\/?p=47540","name":"Maliye Bakan\u0131 Berova, KKTC Tekvando Milli Tak\u0131m\u0131 heyetini kabul etti -","isPartOf":{"@id":"https:\/\/kibrisdakik.com\/#website"},"primaryImageOfPage":{"@id":"https:\/\/kibrisdakik.com\/?p=47540#primaryimage"},"image":{"@id":"https:\/\/kibrisdakik.com\/?p=47540#primaryimage"},"thumbnailUrl":"https:\/\/kibrisdakik.com\/wp-content\/uploads\/2024\/06\/maliye-bakani-berova-kktc-tekvando-milli-takimi-heyetini-kabul-etti-1719399046.webp.webp","datePublished":"2024-06-27T06:04:52+00:00","author":{"@id":"https:\/\/kibrisdakik.com\/#\/schema\/person\/9cd9d437bbb44f72b73ba127e06d8e79"},"breadcrumb":{"@id":"https:\/\/kibrisdakik.com\/?p=47540#breadcrumb"},"inLanguage":"tr","potentialAction":[{"@type":"ReadAction","target":["https:\/\/kibrisdakik.com\/?p=47540"]}]},{"@type":"ImageObject","inLanguage":"tr","@id":"https:\/\/kibrisdakik.com\/?p=47540#primaryimage","url":"https:\/\/kibrisdakik.com\/wp-content\/uploads\/2024\/06\/maliye-bakani-berova-kktc-tekvando-milli-takimi-heyetini-kabul-etti-1719399046.webp.webp","contentUrl":"https:\/\/kibrisdakik.com\/wp-content\/uploads\/2024\/06\/maliye-bakani-berova-kktc-tekvando-milli-takimi-heyetini-kabul-etti-1719399046.webp.webp","width":710,"height":370},{"@type":"BreadcrumbList","@id":"https:\/\/kibrisdakik.com\/?p=47540#breadcrumb","itemListElement":[{"@type":"ListItem","position":1,"name":"Home","item":"https:\/\/kibrisdakik.com\/"},{"@type":"ListItem","position":2,"name":"Maliye Bakan\u0131 Berova, KKTC Tekvando Milli Tak\u0131m\u0131 heyetini kabul etti"}]},{"@type":"WebSite","@id":"https:\/\/kibrisdakik.com\/#website","url":"https:\/\/kibrisdakik.com\/","name":"","description":"Tam vaktinde haber","potentialAction":[{"@type":"SearchAction","target":{"@type":"EntryPoint","urlTemplate":"https:\/\/kibrisdakik.com\/?s={search_term_string}"},"query-input":{"@type":"PropertyValueSpecification","valueRequired":true,"valueName":"search_term_string"}}],"inLanguage":"tr"},{"@type":"Person","@id":"https:\/\/kibrisdakik.com\/#\/schema\/person\/9cd9d437bbb44f72b73ba127e06d8e79","name":"admin","image":{"@type":"ImageObject","inLanguage":"tr","@id":"https:\/\/secure.gravatar.com\/avatar\/ccc17943b9d660506c869530f897617f7cb1c21a4bf30023f252596d83e1f007?s=96&d=mm&r=g","url":"https:\/\/secure.gravatar.com\/avatar\/ccc17943b9d660506c869530f897617f7cb1c21a4bf30023f252596d83e1f007?s=96&d=mm&r=g","contentUrl":"https:\/\/secure.gravatar.com\/avatar\/ccc17943b9d660506c869530f897617f7cb1c21a4bf30023f252596d83e1f007?s=96&d=mm&r=g","caption":"admin"},"sameAs":["https:\/\/kibrisdakik.com"],"url":"https:\/\/kibrisdakik.com\/?author=1"}]}},"_links":{"self":[{"href":"https:\/\/kibrisdakik.com\/index.php?rest_route=\/wp\/v2\/posts\/47540","targetHints":{"allow":["GET"]}}],"collection":[{"href":"https:\/\/kibrisdakik.com\/index.php?rest_route=\/wp\/v2\/posts"}],"about":[{"href":"https:\/\/kibrisdakik.com\/index.php?rest_route=\/wp\/v2\/types\/post"}],"author":[{"embeddable":true,"href":"https:\/\/kibrisdakik.com\/index.php?rest_route=\/wp\/v2\/users\/1"}],"replies":[{"embeddable":true,"href":"https:\/\/kibrisdakik.com\/index.php?rest_route=%2Fwp%2Fv2%2Fcomments&post=47540"}],"version-history":[{"count":0,"href":"https:\/\/kibrisdakik.com\/index.php?rest_route=\/wp\/v2\/posts\/47540\/revisions"}],"wp:featuredmedia":[{"embeddable":true,"href":"https:\/\/kibrisdakik.com\/index.php?rest_route=\/wp\/v2\/media\/47541"}],"wp:attachment":[{"href":"https:\/\/kibrisdakik.com\/index.php?rest_route=%2Fwp%2Fv2%2Fmedia&parent=47540"}],"wp:term":[{"taxonomy":"category","embeddable":true,"href":"https:\/\/kibrisdakik.com\/index.php?rest_route=%2Fwp%2Fv2%2Fcategories&post=47540"},{"taxonomy":"post_tag","embeddable":true,"href":"https:\/\/kibrisdakik.com\/index.php?rest_route=%2Fwp%2Fv2%2Ftags&post=47540"}],"curies":[{"name":"wp","href":"https:\/\/api.w.org\/{rel}","templated":true}]}}