{"id":47560,"date":"2024-06-27T10:08:58","date_gmt":"2024-06-27T10:08:58","guid":{"rendered":"https:\/\/kibrisdakik.com\/index.php\/2024\/06\/27\/uzmanindan-cocuklariyla-vakit-gecirecek-ebeveynlere-yaz-tatili-onerileri\/"},"modified":"2024-06-27T10:08:58","modified_gmt":"2024-06-27T10:08:58","slug":"uzmanindan-cocuklariyla-vakit-gecirecek-ebeveynlere-yaz-tatili-onerileri","status":"publish","type":"post","link":"https:\/\/kibrisdakik.com\/?p=47560","title":{"rendered":"Uzman\u0131ndan \u00e7ocuklar\u0131yla vakit ge\u00e7irecek ebeveynlere yaz tatili \u00f6nerileri&#8230;"},"content":{"rendered":"<p><img decoding=\"async\" src=\"https:\/\/www.kibristurk.com\/images\/haberler\/2024\/06\/uzmanindan-cocuklariyla-vakit-gecirecek-ebeveynlere-yaz-tatili-onerileri-1719481994.webp\" \/><\/p>\n<p>\u00dcniversiteden yap\u0131lan a\u00e7\u0131klamaya g\u00f6re, uzun bir e\u011fitim d\u00f6neminden sonra yaz tatili, \u00e7ocuklar i\u00e7in uzun bir dinlenme ve e\u011flenme d\u00f6neminin yan\u0131 s\u0131ra yeni bilgiler \u00f6\u011frenmek ve becerilerini geli\u015ftirmek i\u00e7in \u00f6nemli f\u0131rsat da sunuyor.<\/p>\n<p>A\u00e7\u0131klamada g\u00f6r\u00fc\u015flerine yer verilen Dr. Ay\u015feg\u00fcl G\u00fcner Algan, \u00e7ocuklar\u0131n yaz tatilini en iyi \u015fekilde nas\u0131l de\u011ferlendirebilece\u011fine ili\u015fkin ebeveynlere \u00e7e\u015fitli \u00f6neri ve uyar\u0131larda bulundu.<\/p>\n<p>As\u0131l amac\u0131n, \u00e7ocuklar\u0131n tatili en iyi \u015fekilde de\u011ferlendirerek hem e\u011flenmesi hem de yeni bilgi \u00f6\u011frenmesi oldu\u011funu kaydeden Algan, onlar\u0131n ilgi alanlar\u0131n\u0131 ve isteklerini g\u00f6z \u00f6n\u00fcnde bulundurarak plan yapman\u0131n \u00f6nemli oldu\u011funa i\u015faret etti.<\/p>\n<p>Kimi ailelerin bu d\u00f6nemde kayg\u0131 ya\u015fad\u0131\u011f\u0131n\u0131 belirten Algan, &#8220;Yaz tatili g\u00fczel, e\u011flenceli ve gelecek sene i\u00e7in motive edici olmas\u0131 gerekirken, baz\u0131 ailelerde stres ve kayg\u0131ya sebep oluyor. Bu da t\u00fcm aile ili\u015fkilerini olumsuz etkiliyor. \u00c7ocu\u011funuza ba\u011f\u0131rarak ders \u00e7al\u0131\u015fmaya zorlad\u0131\u011f\u0131n\u0131z ya da ekran kar\u015f\u0131s\u0131nda b\u0131rakt\u0131\u011f\u0131n\u0131z bir tatil ya\u015fatmay\u0131n.&#8221; uyar\u0131s\u0131nda bulundu.<\/p>\n<p>&#8211; &#8220;Tamirat ya da el i\u015fi etkinliklerinize ortak edebilirsiniz&#8221;<\/p>\n<p>Algan, \u00f6\u011frenme s\u00fcre\u00e7leri i\u00e7inde tatil zamanlar\u0131n\u0131n olumlu etkilerinin unutulmamas\u0131 gerekti\u011fini, yaz tatilinde \u00e7ocuklarla ge\u00e7irilen kaliteli zaman\u0131n, onlar\u0131n yeni d\u00f6nem derslerine olumlu etkisi oldu\u011funu vurgulad\u0131.<\/p>\n<p>Do\u011fa i\u00e7inde yap\u0131lan ve bedensel aktiviteleri i\u00e7eren programlar\u0131n, hem bili\u015fsel hem duygusal geli\u015fime b\u00fcy\u00fck faydas\u0131 olaca\u011f\u0131na de\u011finen Algan, \u00e7ocu\u011fuyla vakit ge\u00e7irmek isteyen ailelerin sosyal ve ekonomik durumuna g\u00f6re deniz tatili yapabilece\u011fini, sahilde y\u00fcr\u00fcy\u00fcp ta\u015f toplayabilece\u011fini veya k\u00f6ye gidip tavuklarla ilgilenmeye kadar farkl\u0131 etkinlikler yapabilece\u011fini hat\u0131rlatt\u0131.<\/p>\n<p>Zihinsel rahatlamay\u0131 i\u00e7eren ve konsantrasyonu art\u0131ran aktivitelerin \u00f6neminden bahseden Algan, &#8220;Ailecek hafif bir m\u00fczik e\u015fli\u011finde kitap okuyabilir, yapboz yapabilir, tamirat ya da el i\u015fi etkinliklerinize ortak edebilirsiniz. Hatta g\u00fczel bir manzara kar\u015f\u0131s\u0131nda derin nefes al\u0131p verme egzersizleri bile yapabilirsiniz. Masa oyunu, iskambil ya da sessiz sinema gibi sosyal oyunlar da hem \u00e7ocu\u011funuzu e\u011flendirip hem de ili\u015fkinizi g\u00fc\u00e7lendirecektir. Yeter ki siz \u00e7ocu\u011funuzla vakit ge\u00e7irmek isteyin.&#8221; ifadelerini kulland\u0131.<\/p>\n<p>\u00c7ocuklar\u0131n ya\u015f\u0131 ilerledik\u00e7e aileden ziyade ya\u015f\u0131tlar\u0131yla vakit ge\u00e7irmek isteyeceklerine de dikkati \u00e7eken Algan, ailelere tatilin bir k\u0131sm\u0131nda \u00e7ocuklar\u0131n\u0131n arkada\u015flar\u0131yla sosyalle\u015fmesini sa\u011flamalar\u0131 gerekti\u011fini de belirtti.<\/p>\n<p>&#8211; &#8220;Ceza ve tehdit, ili\u015fkilerinizi olumsuz etkiler&#8221;<\/p>\n<p>Algan, d\u00fc\u015f\u00fck notlar kar\u015f\u0131s\u0131nda verilen ceza ve tehdit y\u00f6ntemlerinin sak\u0131ncalar\u0131na de\u011finerek, &#8220;\u00c7ocuklar\u0131n karnelerindeki notlara ba\u011fl\u0131 olarak tatilde verilen cezalar, \u00e7ocu\u011fu \u00e7al\u0131\u015fmaya motive etmekten ziyade onlarla olan ili\u015fkileri olumsuz etkiler. Bunun yan\u0131nda, yeni d\u00f6nem ba\u015f\u0131nda g\u00fczel bir karne i\u00e7in koyulacak bir hediye ya da bir \u00f6d\u00fcl, ceza ve tehditten \u00e7ok daha ge\u00e7erli bir y\u00f6ntemdir.&#8221; de\u011ferlendirmesini yapt\u0131.<\/p>\n<p>\u00c7ocu\u011fa hedef belirlerken kapasitesinin g\u00f6z \u00f6n\u00fcne al\u0131nmas\u0131 gerekti\u011finin alt\u0131n\u0131 \u00e7izen Algan, \u015funlar\u0131 kaydetti:<\/p>\n<p>&#8220;Burada unutulmamas\u0131 gereken nokta, \u00e7ocu\u011fun koyulan hedefe ula\u015famamas\u0131 halinde \u00f6d\u00fcl\u00fcn verilmemesi gerekti\u011fidir. Bunun i\u00e7in de hedefi koyarken \u00e7ocu\u011fun kapasitesinin g\u00f6z \u00f6n\u00fcnde bulundurulmas\u0131 \u015fart. Ebeveynlerimiz, \u00e7ocuklar\u0131n\u0131n derslerinde ba\u015far\u0131l\u0131 olmalar\u0131n\u0131 beklerken onlar\u0131n ihtiya\u00e7 duydu\u011fu deste\u011fi vermeyi de unutmamal\u0131. Bu destek, g\u00fczel bir \u00e7al\u0131\u015fma ortam\u0131 yaratmakla beraber, ebeveynin duygusal ve fiziksel olarak da \u00e7ocuk ihtiya\u00e7 duydu\u011funda yan\u0131nda olmas\u0131d\u0131r. Bu noktada siz \u00e7ocu\u011funuza d\u0131\u015far\u0131dan ne kadar \u00e7ok ek ders ald\u0131r\u0131rsan\u0131z ald\u0131r\u0131n, sizi yan\u0131nda hissetmezse gerekli deste\u011fi vermi\u015f olmazs\u0131n\u0131z.&#8221;<\/p>\n","protected":false},"excerpt":{"rendered":"<p>\u00dcniversiteden yap\u0131lan a\u00e7\u0131klamaya g\u00f6re, uzun bir e\u011fitim d\u00f6neminden sonra yaz tatili, \u00e7ocuklar i\u00e7in uzun bir dinlenme ve e\u011flenme d\u00f6neminin yan\u0131 s\u0131ra yeni bilgiler \u00f6\u011frenmek ve becerilerini geli\u015ftirmek i\u00e7in \u00f6nemli f\u0131rsat da sunuyor. A\u00e7\u0131klamada g\u00f6r\u00fc\u015flerine yer verilen Dr. Ay\u015feg\u00fcl G\u00fcner Algan, \u00e7ocuklar\u0131n yaz tatilini en iyi \u015fekilde nas\u0131l de\u011ferlendirebilece\u011fine ili\u015fkin ebeveynlere \u00e7e\u015fitli \u00f6neri ve uyar\u0131larda bulundu.<\/p>\n","protected":false},"author":1,"featured_media":47561,"comment_status":"open","ping_status":"open","sticky":false,"template":"","format":"standard","meta":{"footnotes":""},"categories":[79],"tags":[],"class_list":["post-47560","post","type-post","status-publish","format-standard","has-post-thumbnail","hentry","category-ekonomi"],"yoast_head":"<!-- This site is optimized with the Yoast SEO plugin v27.4 - https:\/\/yoast.com\/product\/yoast-seo-wordpress\/ -->\n<title>Uzman\u0131ndan \u00e7ocuklar\u0131yla vakit ge\u00e7irecek ebeveynlere yaz tatili \u00f6nerileri... -<\/title>\n<meta name=\"robots\" content=\"index, follow, max-snippet:-1, max-image-preview:large, max-video-preview:-1\" \/>\n<link rel=\"canonical\" href=\"https:\/\/kibrisdakik.com\/?p=47560\" \/>\n<meta property=\"og:locale\" content=\"tr_TR\" \/>\n<meta property=\"og:type\" content=\"article\" \/>\n<meta property=\"og:title\" content=\"Uzman\u0131ndan \u00e7ocuklar\u0131yla vakit ge\u00e7irecek ebeveynlere yaz tatili \u00f6nerileri... -\" \/>\n<meta property=\"og:description\" content=\"\u00dcniversiteden yap\u0131lan a\u00e7\u0131klamaya g\u00f6re, uzun bir e\u011fitim d\u00f6neminden sonra yaz tatili, \u00e7ocuklar i\u00e7in uzun bir dinlenme ve e\u011flenme d\u00f6neminin yan\u0131 s\u0131ra yeni bilgiler \u00f6\u011frenmek ve becerilerini geli\u015ftirmek i\u00e7in \u00f6nemli f\u0131rsat da sunuyor. A\u00e7\u0131klamada g\u00f6r\u00fc\u015flerine yer verilen Dr. Ay\u015feg\u00fcl G\u00fcner Algan, \u00e7ocuklar\u0131n yaz tatilini en iyi \u015fekilde nas\u0131l de\u011ferlendirebilece\u011fine ili\u015fkin ebeveynlere \u00e7e\u015fitli \u00f6neri ve uyar\u0131larda bulundu.\" \/>\n<meta property=\"og:url\" content=\"https:\/\/kibrisdakik.com\/?p=47560\" \/>\n<meta property=\"article:published_time\" content=\"2024-06-27T10:08:58+00:00\" \/>\n<meta property=\"og:image\" content=\"https:\/\/kibrisdakik.com\/wp-content\/uploads\/2024\/06\/uzmanindan-cocuklariyla-vakit-gecirecek-ebeveynlere-yaz-tatili-onerileri-1719481994.webp.webp\" \/>\n\t<meta property=\"og:image:width\" content=\"710\" \/>\n\t<meta property=\"og:image:height\" content=\"370\" \/>\n\t<meta property=\"og:image:type\" content=\"image\/webp\" \/>\n<meta name=\"author\" content=\"admin\" \/>\n<meta name=\"twitter:card\" content=\"summary_large_image\" \/>\n<meta name=\"twitter:label1\" content=\"Yazan:\" \/>\n\t<meta name=\"twitter:data1\" content=\"admin\" \/>\n\t<meta name=\"twitter:label2\" content=\"Tahmini okuma s\u00fcresi\" \/>\n\t<meta name=\"twitter:data2\" content=\"3 dakika\" \/>\n<script type=\"application\/ld+json\" class=\"yoast-schema-graph\">{\"@context\":\"https:\\\/\\\/schema.org\",\"@graph\":[{\"@type\":\"Article\",\"@id\":\"https:\\\/\\\/kibrisdakik.com\\\/?p=47560#article\",\"isPartOf\":{\"@id\":\"https:\\\/\\\/kibrisdakik.com\\\/?p=47560\"},\"author\":{\"name\":\"admin\",\"@id\":\"https:\\\/\\\/kibrisdakik.com\\\/#\\\/schema\\\/person\\\/9cd9d437bbb44f72b73ba127e06d8e79\"},\"headline\":\"Uzman\u0131ndan \u00e7ocuklar\u0131yla vakit ge\u00e7irecek ebeveynlere yaz tatili \u00f6nerileri&#8230;\",\"datePublished\":\"2024-06-27T10:08:58+00:00\",\"mainEntityOfPage\":{\"@id\":\"https:\\\/\\\/kibrisdakik.com\\\/?p=47560\"},\"wordCount\":652,\"commentCount\":0,\"image\":{\"@id\":\"https:\\\/\\\/kibrisdakik.com\\\/?p=47560#primaryimage\"},\"thumbnailUrl\":\"https:\\\/\\\/kibrisdakik.com\\\/wp-content\\\/uploads\\\/2024\\\/06\\\/uzmanindan-cocuklariyla-vakit-gecirecek-ebeveynlere-yaz-tatili-onerileri-1719481994.webp.webp\",\"articleSection\":[\"Ekonomi\"],\"inLanguage\":\"tr\",\"potentialAction\":[{\"@type\":\"CommentAction\",\"name\":\"Comment\",\"target\":[\"https:\\\/\\\/kibrisdakik.com\\\/?p=47560#respond\"]}]},{\"@type\":\"WebPage\",\"@id\":\"https:\\\/\\\/kibrisdakik.com\\\/?p=47560\",\"url\":\"https:\\\/\\\/kibrisdakik.com\\\/?p=47560\",\"name\":\"Uzman\u0131ndan \u00e7ocuklar\u0131yla vakit ge\u00e7irecek ebeveynlere yaz tatili \u00f6nerileri... -\",\"isPartOf\":{\"@id\":\"https:\\\/\\\/kibrisdakik.com\\\/#website\"},\"primaryImageOfPage\":{\"@id\":\"https:\\\/\\\/kibrisdakik.com\\\/?p=47560#primaryimage\"},\"image\":{\"@id\":\"https:\\\/\\\/kibrisdakik.com\\\/?p=47560#primaryimage\"},\"thumbnailUrl\":\"https:\\\/\\\/kibrisdakik.com\\\/wp-content\\\/uploads\\\/2024\\\/06\\\/uzmanindan-cocuklariyla-vakit-gecirecek-ebeveynlere-yaz-tatili-onerileri-1719481994.webp.webp\",\"datePublished\":\"2024-06-27T10:08:58+00:00\",\"author\":{\"@id\":\"https:\\\/\\\/kibrisdakik.com\\\/#\\\/schema\\\/person\\\/9cd9d437bbb44f72b73ba127e06d8e79\"},\"breadcrumb\":{\"@id\":\"https:\\\/\\\/kibrisdakik.com\\\/?p=47560#breadcrumb\"},\"inLanguage\":\"tr\",\"potentialAction\":[{\"@type\":\"ReadAction\",\"target\":[\"https:\\\/\\\/kibrisdakik.com\\\/?p=47560\"]}]},{\"@type\":\"ImageObject\",\"inLanguage\":\"tr\",\"@id\":\"https:\\\/\\\/kibrisdakik.com\\\/?p=47560#primaryimage\",\"url\":\"https:\\\/\\\/kibrisdakik.com\\\/wp-content\\\/uploads\\\/2024\\\/06\\\/uzmanindan-cocuklariyla-vakit-gecirecek-ebeveynlere-yaz-tatili-onerileri-1719481994.webp.webp\",\"contentUrl\":\"https:\\\/\\\/kibrisdakik.com\\\/wp-content\\\/uploads\\\/2024\\\/06\\\/uzmanindan-cocuklariyla-vakit-gecirecek-ebeveynlere-yaz-tatili-onerileri-1719481994.webp.webp\",\"width\":710,\"height\":370},{\"@type\":\"BreadcrumbList\",\"@id\":\"https:\\\/\\\/kibrisdakik.com\\\/?p=47560#breadcrumb\",\"itemListElement\":[{\"@type\":\"ListItem\",\"position\":1,\"name\":\"Home\",\"item\":\"https:\\\/\\\/kibrisdakik.com\\\/\"},{\"@type\":\"ListItem\",\"position\":2,\"name\":\"Uzman\u0131ndan \u00e7ocuklar\u0131yla vakit ge\u00e7irecek ebeveynlere yaz tatili \u00f6nerileri&#8230;\"}]},{\"@type\":\"WebSite\",\"@id\":\"https:\\\/\\\/kibrisdakik.com\\\/#website\",\"url\":\"https:\\\/\\\/kibrisdakik.com\\\/\",\"name\":\"\",\"description\":\"Tam vaktinde haber\",\"potentialAction\":[{\"@type\":\"SearchAction\",\"target\":{\"@type\":\"EntryPoint\",\"urlTemplate\":\"https:\\\/\\\/kibrisdakik.com\\\/?s={search_term_string}\"},\"query-input\":{\"@type\":\"PropertyValueSpecification\",\"valueRequired\":true,\"valueName\":\"search_term_string\"}}],\"inLanguage\":\"tr\"},{\"@type\":\"Person\",\"@id\":\"https:\\\/\\\/kibrisdakik.com\\\/#\\\/schema\\\/person\\\/9cd9d437bbb44f72b73ba127e06d8e79\",\"name\":\"admin\",\"image\":{\"@type\":\"ImageObject\",\"inLanguage\":\"tr\",\"@id\":\"https:\\\/\\\/secure.gravatar.com\\\/avatar\\\/ccc17943b9d660506c869530f897617f7cb1c21a4bf30023f252596d83e1f007?s=96&d=mm&r=g\",\"url\":\"https:\\\/\\\/secure.gravatar.com\\\/avatar\\\/ccc17943b9d660506c869530f897617f7cb1c21a4bf30023f252596d83e1f007?s=96&d=mm&r=g\",\"contentUrl\":\"https:\\\/\\\/secure.gravatar.com\\\/avatar\\\/ccc17943b9d660506c869530f897617f7cb1c21a4bf30023f252596d83e1f007?s=96&d=mm&r=g\",\"caption\":\"admin\"},\"sameAs\":[\"https:\\\/\\\/kibrisdakik.com\"],\"url\":\"https:\\\/\\\/kibrisdakik.com\\\/?author=1\"}]}<\/script>\n<!-- \/ Yoast SEO plugin. -->","yoast_head_json":{"title":"Uzman\u0131ndan \u00e7ocuklar\u0131yla vakit ge\u00e7irecek ebeveynlere yaz tatili \u00f6nerileri... -","robots":{"index":"index","follow":"follow","max-snippet":"max-snippet:-1","max-image-preview":"max-image-preview:large","max-video-preview":"max-video-preview:-1"},"canonical":"https:\/\/kibrisdakik.com\/?p=47560","og_locale":"tr_TR","og_type":"article","og_title":"Uzman\u0131ndan \u00e7ocuklar\u0131yla vakit ge\u00e7irecek ebeveynlere yaz tatili \u00f6nerileri... -","og_description":"\u00dcniversiteden yap\u0131lan a\u00e7\u0131klamaya g\u00f6re, uzun bir e\u011fitim d\u00f6neminden sonra yaz tatili, \u00e7ocuklar i\u00e7in uzun bir dinlenme ve e\u011flenme d\u00f6neminin yan\u0131 s\u0131ra yeni bilgiler \u00f6\u011frenmek ve becerilerini geli\u015ftirmek i\u00e7in \u00f6nemli f\u0131rsat da sunuyor. A\u00e7\u0131klamada g\u00f6r\u00fc\u015flerine yer verilen Dr. Ay\u015feg\u00fcl G\u00fcner Algan, \u00e7ocuklar\u0131n yaz tatilini en iyi \u015fekilde nas\u0131l de\u011ferlendirebilece\u011fine ili\u015fkin ebeveynlere \u00e7e\u015fitli \u00f6neri ve uyar\u0131larda bulundu.","og_url":"https:\/\/kibrisdakik.com\/?p=47560","article_published_time":"2024-06-27T10:08:58+00:00","og_image":[{"width":710,"height":370,"url":"https:\/\/kibrisdakik.com\/wp-content\/uploads\/2024\/06\/uzmanindan-cocuklariyla-vakit-gecirecek-ebeveynlere-yaz-tatili-onerileri-1719481994.webp.webp","type":"image\/webp"}],"author":"admin","twitter_card":"summary_large_image","twitter_misc":{"Yazan:":"admin","Tahmini okuma s\u00fcresi":"3 dakika"},"schema":{"@context":"https:\/\/schema.org","@graph":[{"@type":"Article","@id":"https:\/\/kibrisdakik.com\/?p=47560#article","isPartOf":{"@id":"https:\/\/kibrisdakik.com\/?p=47560"},"author":{"name":"admin","@id":"https:\/\/kibrisdakik.com\/#\/schema\/person\/9cd9d437bbb44f72b73ba127e06d8e79"},"headline":"Uzman\u0131ndan \u00e7ocuklar\u0131yla vakit ge\u00e7irecek ebeveynlere yaz tatili \u00f6nerileri&#8230;","datePublished":"2024-06-27T10:08:58+00:00","mainEntityOfPage":{"@id":"https:\/\/kibrisdakik.com\/?p=47560"},"wordCount":652,"commentCount":0,"image":{"@id":"https:\/\/kibrisdakik.com\/?p=47560#primaryimage"},"thumbnailUrl":"https:\/\/kibrisdakik.com\/wp-content\/uploads\/2024\/06\/uzmanindan-cocuklariyla-vakit-gecirecek-ebeveynlere-yaz-tatili-onerileri-1719481994.webp.webp","articleSection":["Ekonomi"],"inLanguage":"tr","potentialAction":[{"@type":"CommentAction","name":"Comment","target":["https:\/\/kibrisdakik.com\/?p=47560#respond"]}]},{"@type":"WebPage","@id":"https:\/\/kibrisdakik.com\/?p=47560","url":"https:\/\/kibrisdakik.com\/?p=47560","name":"Uzman\u0131ndan \u00e7ocuklar\u0131yla vakit ge\u00e7irecek ebeveynlere yaz tatili \u00f6nerileri... -","isPartOf":{"@id":"https:\/\/kibrisdakik.com\/#website"},"primaryImageOfPage":{"@id":"https:\/\/kibrisdakik.com\/?p=47560#primaryimage"},"image":{"@id":"https:\/\/kibrisdakik.com\/?p=47560#primaryimage"},"thumbnailUrl":"https:\/\/kibrisdakik.com\/wp-content\/uploads\/2024\/06\/uzmanindan-cocuklariyla-vakit-gecirecek-ebeveynlere-yaz-tatili-onerileri-1719481994.webp.webp","datePublished":"2024-06-27T10:08:58+00:00","author":{"@id":"https:\/\/kibrisdakik.com\/#\/schema\/person\/9cd9d437bbb44f72b73ba127e06d8e79"},"breadcrumb":{"@id":"https:\/\/kibrisdakik.com\/?p=47560#breadcrumb"},"inLanguage":"tr","potentialAction":[{"@type":"ReadAction","target":["https:\/\/kibrisdakik.com\/?p=47560"]}]},{"@type":"ImageObject","inLanguage":"tr","@id":"https:\/\/kibrisdakik.com\/?p=47560#primaryimage","url":"https:\/\/kibrisdakik.com\/wp-content\/uploads\/2024\/06\/uzmanindan-cocuklariyla-vakit-gecirecek-ebeveynlere-yaz-tatili-onerileri-1719481994.webp.webp","contentUrl":"https:\/\/kibrisdakik.com\/wp-content\/uploads\/2024\/06\/uzmanindan-cocuklariyla-vakit-gecirecek-ebeveynlere-yaz-tatili-onerileri-1719481994.webp.webp","width":710,"height":370},{"@type":"BreadcrumbList","@id":"https:\/\/kibrisdakik.com\/?p=47560#breadcrumb","itemListElement":[{"@type":"ListItem","position":1,"name":"Home","item":"https:\/\/kibrisdakik.com\/"},{"@type":"ListItem","position":2,"name":"Uzman\u0131ndan \u00e7ocuklar\u0131yla vakit ge\u00e7irecek ebeveynlere yaz tatili \u00f6nerileri&#8230;"}]},{"@type":"WebSite","@id":"https:\/\/kibrisdakik.com\/#website","url":"https:\/\/kibrisdakik.com\/","name":"","description":"Tam vaktinde haber","potentialAction":[{"@type":"SearchAction","target":{"@type":"EntryPoint","urlTemplate":"https:\/\/kibrisdakik.com\/?s={search_term_string}"},"query-input":{"@type":"PropertyValueSpecification","valueRequired":true,"valueName":"search_term_string"}}],"inLanguage":"tr"},{"@type":"Person","@id":"https:\/\/kibrisdakik.com\/#\/schema\/person\/9cd9d437bbb44f72b73ba127e06d8e79","name":"admin","image":{"@type":"ImageObject","inLanguage":"tr","@id":"https:\/\/secure.gravatar.com\/avatar\/ccc17943b9d660506c869530f897617f7cb1c21a4bf30023f252596d83e1f007?s=96&d=mm&r=g","url":"https:\/\/secure.gravatar.com\/avatar\/ccc17943b9d660506c869530f897617f7cb1c21a4bf30023f252596d83e1f007?s=96&d=mm&r=g","contentUrl":"https:\/\/secure.gravatar.com\/avatar\/ccc17943b9d660506c869530f897617f7cb1c21a4bf30023f252596d83e1f007?s=96&d=mm&r=g","caption":"admin"},"sameAs":["https:\/\/kibrisdakik.com"],"url":"https:\/\/kibrisdakik.com\/?author=1"}]}},"_links":{"self":[{"href":"https:\/\/kibrisdakik.com\/index.php?rest_route=\/wp\/v2\/posts\/47560","targetHints":{"allow":["GET"]}}],"collection":[{"href":"https:\/\/kibrisdakik.com\/index.php?rest_route=\/wp\/v2\/posts"}],"about":[{"href":"https:\/\/kibrisdakik.com\/index.php?rest_route=\/wp\/v2\/types\/post"}],"author":[{"embeddable":true,"href":"https:\/\/kibrisdakik.com\/index.php?rest_route=\/wp\/v2\/users\/1"}],"replies":[{"embeddable":true,"href":"https:\/\/kibrisdakik.com\/index.php?rest_route=%2Fwp%2Fv2%2Fcomments&post=47560"}],"version-history":[{"count":0,"href":"https:\/\/kibrisdakik.com\/index.php?rest_route=\/wp\/v2\/posts\/47560\/revisions"}],"wp:featuredmedia":[{"embeddable":true,"href":"https:\/\/kibrisdakik.com\/index.php?rest_route=\/wp\/v2\/media\/47561"}],"wp:attachment":[{"href":"https:\/\/kibrisdakik.com\/index.php?rest_route=%2Fwp%2Fv2%2Fmedia&parent=47560"}],"wp:term":[{"taxonomy":"category","embeddable":true,"href":"https:\/\/kibrisdakik.com\/index.php?rest_route=%2Fwp%2Fv2%2Fcategories&post=47560"},{"taxonomy":"post_tag","embeddable":true,"href":"https:\/\/kibrisdakik.com\/index.php?rest_route=%2Fwp%2Fv2%2Ftags&post=47560"}],"curies":[{"name":"wp","href":"https:\/\/api.w.org\/{rel}","templated":true}]}}