{"id":47571,"date":"2024-06-27T11:22:50","date_gmt":"2024-06-27T11:22:50","guid":{"rendered":"https:\/\/kibrisdakik.com\/index.php\/2024\/06\/27\/kstu-sorusturmasis-g-ile-b-onun-davasi-agir-cezaya-havale-edildi\/"},"modified":"2024-06-27T11:22:50","modified_gmt":"2024-06-27T11:22:50","slug":"kstu-sorusturmasis-g-ile-b-onun-davasi-agir-cezaya-havale-edildi","status":"publish","type":"post","link":"https:\/\/kibrisdakik.com\/?p=47571","title":{"rendered":"KSTU soru\u015fturmas\u0131:S.G. ile B.\u00d6\u2019n\u00fcn davas\u0131 a\u011f\u0131r cezaya havale edildi"},"content":{"rendered":"<p><\/p>\n<div>\n<div class=\"mariselle-image-container center\">\n                <img loading=\"lazy\" decoding=\"async\" width=\"2560\" height=\"1707\" class=\"lazy-image\" alt=\"\" sizes=\"auto, (max-width: 2560px) 100vw, 2560px\" src=\"https:\/\/brtk.net\/wp-content\/uploads\/2024\/06\/27\/guzelyurt-mahkeme-foto-genel5-scaled.jpg?ver=ef98efc03075c826344c1ba487587185\" srcset=\"https:\/\/brtk.net\/wp-content\/uploads\/2024\/06\/27\/guzelyurt-mahkeme-foto-genel5-scaled.jpg?ver=ef98efc03075c826344c1ba487587185 2560w, https:\/\/brtk.net\/wp-content\/uploads\/2024\/06\/27\/guzelyurt-mahkeme-foto-genel5-300x200.jpg?ver=cc572760acf3509951a222eda07f212a 300w, https:\/\/brtk.net\/wp-content\/uploads\/2024\/06\/27\/guzelyurt-mahkeme-foto-genel5-1024x683.jpg?ver=83e63cc3edfce553f730fcaf4f757a1b 1024w, https:\/\/brtk.net\/wp-content\/uploads\/2024\/06\/27\/guzelyurt-mahkeme-foto-genel5-768x512.jpg?ver=512558840dddab4dfb40e06b8ab671e3 768w, https:\/\/brtk.net\/wp-content\/uploads\/2024\/06\/27\/guzelyurt-mahkeme-foto-genel5-1536x1024.jpg?ver=fe2c1e0d6a0d81ef3a5d188095b22b1c 1536w, https:\/\/brtk.net\/wp-content\/uploads\/2024\/06\/27\/guzelyurt-mahkeme-foto-genel5-2048x1365.jpg?ver=c4db4a7e6a366ef4434a1ee0b1955b00 2048w\"\/>                            <\/div>\n<p>K\u0131br\u0131s Sa\u011fl\u0131k ve Toplum Bilimleri \u00dcniversitesi (KSTU) soru\u015fturmas\u0131 kapsam\u0131nda tutuklanarak yarg\u0131lanan okulun genel sekreteri ve hissedarlar\u0131ndan S.G ile asistan\u0131 B.\u00d6\u2019n\u00fcn ilk tahkikat duru\u015fmas\u0131nda ara karar a\u00e7\u0131kland\u0131.<\/p>\n<p>Mahkeme, davan\u0131n 12 A\u011fustos\u2019ta oturum yapacak Lefko\u015fa A\u011f\u0131r Ceza Mahkemesi\u2019ne havale edilmesine emir verdi.<\/p>\n<p>Toplam sekiz tan\u0131\u011f\u0131n dinlendi\u011fi ilk tahkikat duru\u015fmas\u0131nda sekizinci tan\u0131k olan Tahkikat Memuru Ortun\u00e7 \u00d6zbayl\u0131, mahkemeye toplam 50 emare sunmu\u015ftu.<\/p>\n<p>Yarg\u0131\u00e7 G\u00fclay S\u00fcleymano\u011flu U\u011fur huzurunda g\u00f6r\u00fc\u015f\u00fclen duru\u015fmada Ba\u015fsavc\u0131l\u0131k ad\u0131na Savc\u0131 Damla G\u00fc\u00e7l\u00fc ve san\u0131k avukatlar\u0131 haz\u0131r bulundu.<\/p>\n<p>Yarg\u0131\u00e7 U\u011fur, ilk tahkikat duru\u015fmalar\u0131n\u0131n yarg\u0131lama olmad\u0131\u011f\u0131n\u0131, cezai kovu\u015fturma oldu\u011funu ve sapt\u0131r\u0131lm\u0131\u015f bir ama\u00e7la san\u0131\u011f\u0131n yarg\u0131lanmas\u0131n\u0131 \u00f6nlemek oldu\u011funu ifade etti.<\/p>\n<p>Yarg\u0131\u00e7 U\u011fur, san\u0131klar\u0131n a\u011f\u0131r ceza mahkemesinde yarg\u0131lanmas\u0131 i\u00e7in yeterli \u015fahadetin bulundu\u011funu belirterek, san\u0131klar\u0131n davas\u0131n\u0131n 12 A\u011fustos 2024 tarihinde oturum yapacak olan  Lefko\u015fa A\u011f\u0131r Ceza Mahkemesi\u2019ne havale edilmesine emir verdi.<\/p>\n<p>San\u0131klar aleyhinde \u201csahtekarl\u0131kla para temini\u201d, \u201cdoland\u0131r\u0131c\u0131l\u0131k\u201d, \u201csahte belge d\u00fczenleme ve tedav\u00fcle s\u00fcrme\u201d, \u201chesaplarda hile ve sahtekarl\u0131k yapma\u201d, \u201csu\u00e7 geliri aklama\u201d, \u201c\u00f6deme emrini tahrik\u201d, \u201cm\u00fcstahdem taraf\u0131ndan sirkat\u201d su\u00e7lamalar\u0131 bulunuyor.<\/p>\n<p>San\u0131klar toplam 98 davadan itham edilmi\u015fti.<\/p>\n<\/p><\/div>\n<p><script async\n                    defer\n                    crossorigin=\"anonymous\"\n                    src=\"https:\/\/connect.facebook.net\/tr_TR\/sdk.js#xfbml=1&#038;version=v3.3\"\n            ><\/script><\/p>\n","protected":false},"excerpt":{"rendered":"<p>K\u0131br\u0131s Sa\u011fl\u0131k ve Toplum Bilimleri \u00dcniversitesi (KSTU) soru\u015fturmas\u0131 kapsam\u0131nda tutuklanarak yarg\u0131lanan okulun genel sekreteri ve hissedarlar\u0131ndan S.G ile asistan\u0131 B.\u00d6\u2019n\u00fcn ilk tahkikat duru\u015fmas\u0131nda ara karar a\u00e7\u0131kland\u0131. Mahkeme, davan\u0131n 12 A\u011fustos\u2019ta oturum yapacak Lefko\u015fa A\u011f\u0131r Ceza Mahkemesi\u2019ne havale edilmesine emir verdi. Toplam sekiz tan\u0131\u011f\u0131n dinlendi\u011fi ilk tahkikat duru\u015fmas\u0131nda sekizinci tan\u0131k olan Tahkikat Memuru Ortun\u00e7 \u00d6zbayl\u0131, mahkemeye<\/p>\n","protected":false},"author":1,"featured_media":47572,"comment_status":"open","ping_status":"open","sticky":false,"template":"","format":"standard","meta":{"footnotes":""},"categories":[1],"tags":[],"class_list":["post-47571","post","type-post","status-publish","format-standard","has-post-thumbnail","hentry","category-gundem"],"yoast_head":"<!-- This site is optimized with the Yoast SEO plugin v27.4 - https:\/\/yoast.com\/product\/yoast-seo-wordpress\/ -->\n<title>KSTU soru\u015fturmas\u0131:S.G. ile B.\u00d6\u2019n\u00fcn davas\u0131 a\u011f\u0131r cezaya havale edildi -<\/title>\n<meta name=\"robots\" content=\"index, follow, max-snippet:-1, max-image-preview:large, max-video-preview:-1\" \/>\n<link rel=\"canonical\" href=\"https:\/\/kibrisdakik.com\/?p=47571\" \/>\n<meta property=\"og:locale\" content=\"tr_TR\" \/>\n<meta property=\"og:type\" content=\"article\" \/>\n<meta property=\"og:title\" content=\"KSTU soru\u015fturmas\u0131:S.G. ile B.\u00d6\u2019n\u00fcn davas\u0131 a\u011f\u0131r cezaya havale edildi -\" \/>\n<meta property=\"og:description\" content=\"K\u0131br\u0131s Sa\u011fl\u0131k ve Toplum Bilimleri \u00dcniversitesi (KSTU) soru\u015fturmas\u0131 kapsam\u0131nda tutuklanarak yarg\u0131lanan okulun genel sekreteri ve hissedarlar\u0131ndan S.G ile asistan\u0131 B.\u00d6\u2019n\u00fcn ilk tahkikat duru\u015fmas\u0131nda ara karar a\u00e7\u0131kland\u0131. Mahkeme, davan\u0131n 12 A\u011fustos\u2019ta oturum yapacak Lefko\u015fa A\u011f\u0131r Ceza Mahkemesi\u2019ne havale edilmesine emir verdi. Toplam sekiz tan\u0131\u011f\u0131n dinlendi\u011fi ilk tahkikat duru\u015fmas\u0131nda sekizinci tan\u0131k olan Tahkikat Memuru Ortun\u00e7 \u00d6zbayl\u0131, mahkemeye\" \/>\n<meta property=\"og:url\" content=\"https:\/\/kibrisdakik.com\/?p=47571\" \/>\n<meta property=\"article:published_time\" content=\"2024-06-27T11:22:50+00:00\" \/>\n<meta property=\"og:image\" content=\"https:\/\/kibrisdakik.com\/wp-content\/uploads\/2024\/06\/guzelyurt-mahkeme-foto-genel5-scaled-740x420.jpg\" \/>\n\t<meta property=\"og:image:width\" content=\"2560\" \/>\n\t<meta property=\"og:image:height\" content=\"1707\" \/>\n\t<meta property=\"og:image:type\" content=\"image\/jpeg\" \/>\n<meta name=\"author\" content=\"admin\" \/>\n<meta name=\"twitter:card\" content=\"summary_large_image\" \/>\n<meta name=\"twitter:label1\" content=\"Yazan:\" \/>\n\t<meta name=\"twitter:data1\" content=\"admin\" \/>\n\t<meta name=\"twitter:label2\" content=\"Tahmini okuma s\u00fcresi\" \/>\n\t<meta name=\"twitter:data2\" content=\"1 dakika\" \/>\n<script type=\"application\/ld+json\" class=\"yoast-schema-graph\">{\"@context\":\"https:\\\/\\\/schema.org\",\"@graph\":[{\"@type\":\"Article\",\"@id\":\"https:\\\/\\\/kibrisdakik.com\\\/?p=47571#article\",\"isPartOf\":{\"@id\":\"https:\\\/\\\/kibrisdakik.com\\\/?p=47571\"},\"author\":{\"name\":\"admin\",\"@id\":\"https:\\\/\\\/kibrisdakik.com\\\/#\\\/schema\\\/person\\\/9cd9d437bbb44f72b73ba127e06d8e79\"},\"headline\":\"KSTU soru\u015fturmas\u0131:S.G. ile B.\u00d6\u2019n\u00fcn davas\u0131 a\u011f\u0131r cezaya havale edildi\",\"datePublished\":\"2024-06-27T11:22:50+00:00\",\"mainEntityOfPage\":{\"@id\":\"https:\\\/\\\/kibrisdakik.com\\\/?p=47571\"},\"wordCount\":254,\"commentCount\":0,\"image\":{\"@id\":\"https:\\\/\\\/kibrisdakik.com\\\/?p=47571#primaryimage\"},\"thumbnailUrl\":\"https:\\\/\\\/kibrisdakik.com\\\/wp-content\\\/uploads\\\/2024\\\/06\\\/guzelyurt-mahkeme-foto-genel5-scaled-740x420.jpg\",\"articleSection\":[\"G\u00fcndem\"],\"inLanguage\":\"tr\",\"potentialAction\":[{\"@type\":\"CommentAction\",\"name\":\"Comment\",\"target\":[\"https:\\\/\\\/kibrisdakik.com\\\/?p=47571#respond\"]}]},{\"@type\":\"WebPage\",\"@id\":\"https:\\\/\\\/kibrisdakik.com\\\/?p=47571\",\"url\":\"https:\\\/\\\/kibrisdakik.com\\\/?p=47571\",\"name\":\"KSTU soru\u015fturmas\u0131:S.G. ile B.\u00d6\u2019n\u00fcn davas\u0131 a\u011f\u0131r cezaya havale edildi -\",\"isPartOf\":{\"@id\":\"https:\\\/\\\/kibrisdakik.com\\\/#website\"},\"primaryImageOfPage\":{\"@id\":\"https:\\\/\\\/kibrisdakik.com\\\/?p=47571#primaryimage\"},\"image\":{\"@id\":\"https:\\\/\\\/kibrisdakik.com\\\/?p=47571#primaryimage\"},\"thumbnailUrl\":\"https:\\\/\\\/kibrisdakik.com\\\/wp-content\\\/uploads\\\/2024\\\/06\\\/guzelyurt-mahkeme-foto-genel5-scaled-740x420.jpg\",\"datePublished\":\"2024-06-27T11:22:50+00:00\",\"author\":{\"@id\":\"https:\\\/\\\/kibrisdakik.com\\\/#\\\/schema\\\/person\\\/9cd9d437bbb44f72b73ba127e06d8e79\"},\"breadcrumb\":{\"@id\":\"https:\\\/\\\/kibrisdakik.com\\\/?p=47571#breadcrumb\"},\"inLanguage\":\"tr\",\"potentialAction\":[{\"@type\":\"ReadAction\",\"target\":[\"https:\\\/\\\/kibrisdakik.com\\\/?p=47571\"]}]},{\"@type\":\"ImageObject\",\"inLanguage\":\"tr\",\"@id\":\"https:\\\/\\\/kibrisdakik.com\\\/?p=47571#primaryimage\",\"url\":\"https:\\\/\\\/kibrisdakik.com\\\/wp-content\\\/uploads\\\/2024\\\/06\\\/guzelyurt-mahkeme-foto-genel5-scaled-740x420.jpg\",\"contentUrl\":\"https:\\\/\\\/kibrisdakik.com\\\/wp-content\\\/uploads\\\/2024\\\/06\\\/guzelyurt-mahkeme-foto-genel5-scaled-740x420.jpg\",\"width\":2560,\"height\":1707},{\"@type\":\"BreadcrumbList\",\"@id\":\"https:\\\/\\\/kibrisdakik.com\\\/?p=47571#breadcrumb\",\"itemListElement\":[{\"@type\":\"ListItem\",\"position\":1,\"name\":\"Home\",\"item\":\"https:\\\/\\\/kibrisdakik.com\\\/\"},{\"@type\":\"ListItem\",\"position\":2,\"name\":\"KSTU soru\u015fturmas\u0131:S.G. ile B.\u00d6\u2019n\u00fcn davas\u0131 a\u011f\u0131r cezaya havale edildi\"}]},{\"@type\":\"WebSite\",\"@id\":\"https:\\\/\\\/kibrisdakik.com\\\/#website\",\"url\":\"https:\\\/\\\/kibrisdakik.com\\\/\",\"name\":\"\",\"description\":\"Tam vaktinde haber\",\"potentialAction\":[{\"@type\":\"SearchAction\",\"target\":{\"@type\":\"EntryPoint\",\"urlTemplate\":\"https:\\\/\\\/kibrisdakik.com\\\/?s={search_term_string}\"},\"query-input\":{\"@type\":\"PropertyValueSpecification\",\"valueRequired\":true,\"valueName\":\"search_term_string\"}}],\"inLanguage\":\"tr\"},{\"@type\":\"Person\",\"@id\":\"https:\\\/\\\/kibrisdakik.com\\\/#\\\/schema\\\/person\\\/9cd9d437bbb44f72b73ba127e06d8e79\",\"name\":\"admin\",\"image\":{\"@type\":\"ImageObject\",\"inLanguage\":\"tr\",\"@id\":\"https:\\\/\\\/secure.gravatar.com\\\/avatar\\\/ccc17943b9d660506c869530f897617f7cb1c21a4bf30023f252596d83e1f007?s=96&d=mm&r=g\",\"url\":\"https:\\\/\\\/secure.gravatar.com\\\/avatar\\\/ccc17943b9d660506c869530f897617f7cb1c21a4bf30023f252596d83e1f007?s=96&d=mm&r=g\",\"contentUrl\":\"https:\\\/\\\/secure.gravatar.com\\\/avatar\\\/ccc17943b9d660506c869530f897617f7cb1c21a4bf30023f252596d83e1f007?s=96&d=mm&r=g\",\"caption\":\"admin\"},\"sameAs\":[\"https:\\\/\\\/kibrisdakik.com\"],\"url\":\"https:\\\/\\\/kibrisdakik.com\\\/?author=1\"}]}<\/script>\n<!-- \/ Yoast SEO plugin. -->","yoast_head_json":{"title":"KSTU soru\u015fturmas\u0131:S.G. ile B.\u00d6\u2019n\u00fcn davas\u0131 a\u011f\u0131r cezaya havale edildi -","robots":{"index":"index","follow":"follow","max-snippet":"max-snippet:-1","max-image-preview":"max-image-preview:large","max-video-preview":"max-video-preview:-1"},"canonical":"https:\/\/kibrisdakik.com\/?p=47571","og_locale":"tr_TR","og_type":"article","og_title":"KSTU soru\u015fturmas\u0131:S.G. ile B.\u00d6\u2019n\u00fcn davas\u0131 a\u011f\u0131r cezaya havale edildi -","og_description":"K\u0131br\u0131s Sa\u011fl\u0131k ve Toplum Bilimleri \u00dcniversitesi (KSTU) soru\u015fturmas\u0131 kapsam\u0131nda tutuklanarak yarg\u0131lanan okulun genel sekreteri ve hissedarlar\u0131ndan S.G ile asistan\u0131 B.\u00d6\u2019n\u00fcn ilk tahkikat duru\u015fmas\u0131nda ara karar a\u00e7\u0131kland\u0131. Mahkeme, davan\u0131n 12 A\u011fustos\u2019ta oturum yapacak Lefko\u015fa A\u011f\u0131r Ceza Mahkemesi\u2019ne havale edilmesine emir verdi. Toplam sekiz tan\u0131\u011f\u0131n dinlendi\u011fi ilk tahkikat duru\u015fmas\u0131nda sekizinci tan\u0131k olan Tahkikat Memuru Ortun\u00e7 \u00d6zbayl\u0131, mahkemeye","og_url":"https:\/\/kibrisdakik.com\/?p=47571","article_published_time":"2024-06-27T11:22:50+00:00","og_image":[{"width":2560,"height":1707,"url":"https:\/\/kibrisdakik.com\/wp-content\/uploads\/2024\/06\/guzelyurt-mahkeme-foto-genel5-scaled-740x420.jpg","type":"image\/jpeg"}],"author":"admin","twitter_card":"summary_large_image","twitter_misc":{"Yazan:":"admin","Tahmini okuma s\u00fcresi":"1 dakika"},"schema":{"@context":"https:\/\/schema.org","@graph":[{"@type":"Article","@id":"https:\/\/kibrisdakik.com\/?p=47571#article","isPartOf":{"@id":"https:\/\/kibrisdakik.com\/?p=47571"},"author":{"name":"admin","@id":"https:\/\/kibrisdakik.com\/#\/schema\/person\/9cd9d437bbb44f72b73ba127e06d8e79"},"headline":"KSTU soru\u015fturmas\u0131:S.G. ile B.\u00d6\u2019n\u00fcn davas\u0131 a\u011f\u0131r cezaya havale edildi","datePublished":"2024-06-27T11:22:50+00:00","mainEntityOfPage":{"@id":"https:\/\/kibrisdakik.com\/?p=47571"},"wordCount":254,"commentCount":0,"image":{"@id":"https:\/\/kibrisdakik.com\/?p=47571#primaryimage"},"thumbnailUrl":"https:\/\/kibrisdakik.com\/wp-content\/uploads\/2024\/06\/guzelyurt-mahkeme-foto-genel5-scaled-740x420.jpg","articleSection":["G\u00fcndem"],"inLanguage":"tr","potentialAction":[{"@type":"CommentAction","name":"Comment","target":["https:\/\/kibrisdakik.com\/?p=47571#respond"]}]},{"@type":"WebPage","@id":"https:\/\/kibrisdakik.com\/?p=47571","url":"https:\/\/kibrisdakik.com\/?p=47571","name":"KSTU soru\u015fturmas\u0131:S.G. ile B.\u00d6\u2019n\u00fcn davas\u0131 a\u011f\u0131r cezaya havale edildi -","isPartOf":{"@id":"https:\/\/kibrisdakik.com\/#website"},"primaryImageOfPage":{"@id":"https:\/\/kibrisdakik.com\/?p=47571#primaryimage"},"image":{"@id":"https:\/\/kibrisdakik.com\/?p=47571#primaryimage"},"thumbnailUrl":"https:\/\/kibrisdakik.com\/wp-content\/uploads\/2024\/06\/guzelyurt-mahkeme-foto-genel5-scaled-740x420.jpg","datePublished":"2024-06-27T11:22:50+00:00","author":{"@id":"https:\/\/kibrisdakik.com\/#\/schema\/person\/9cd9d437bbb44f72b73ba127e06d8e79"},"breadcrumb":{"@id":"https:\/\/kibrisdakik.com\/?p=47571#breadcrumb"},"inLanguage":"tr","potentialAction":[{"@type":"ReadAction","target":["https:\/\/kibrisdakik.com\/?p=47571"]}]},{"@type":"ImageObject","inLanguage":"tr","@id":"https:\/\/kibrisdakik.com\/?p=47571#primaryimage","url":"https:\/\/kibrisdakik.com\/wp-content\/uploads\/2024\/06\/guzelyurt-mahkeme-foto-genel5-scaled-740x420.jpg","contentUrl":"https:\/\/kibrisdakik.com\/wp-content\/uploads\/2024\/06\/guzelyurt-mahkeme-foto-genel5-scaled-740x420.jpg","width":2560,"height":1707},{"@type":"BreadcrumbList","@id":"https:\/\/kibrisdakik.com\/?p=47571#breadcrumb","itemListElement":[{"@type":"ListItem","position":1,"name":"Home","item":"https:\/\/kibrisdakik.com\/"},{"@type":"ListItem","position":2,"name":"KSTU soru\u015fturmas\u0131:S.G. ile B.\u00d6\u2019n\u00fcn davas\u0131 a\u011f\u0131r cezaya havale edildi"}]},{"@type":"WebSite","@id":"https:\/\/kibrisdakik.com\/#website","url":"https:\/\/kibrisdakik.com\/","name":"","description":"Tam vaktinde haber","potentialAction":[{"@type":"SearchAction","target":{"@type":"EntryPoint","urlTemplate":"https:\/\/kibrisdakik.com\/?s={search_term_string}"},"query-input":{"@type":"PropertyValueSpecification","valueRequired":true,"valueName":"search_term_string"}}],"inLanguage":"tr"},{"@type":"Person","@id":"https:\/\/kibrisdakik.com\/#\/schema\/person\/9cd9d437bbb44f72b73ba127e06d8e79","name":"admin","image":{"@type":"ImageObject","inLanguage":"tr","@id":"https:\/\/secure.gravatar.com\/avatar\/ccc17943b9d660506c869530f897617f7cb1c21a4bf30023f252596d83e1f007?s=96&d=mm&r=g","url":"https:\/\/secure.gravatar.com\/avatar\/ccc17943b9d660506c869530f897617f7cb1c21a4bf30023f252596d83e1f007?s=96&d=mm&r=g","contentUrl":"https:\/\/secure.gravatar.com\/avatar\/ccc17943b9d660506c869530f897617f7cb1c21a4bf30023f252596d83e1f007?s=96&d=mm&r=g","caption":"admin"},"sameAs":["https:\/\/kibrisdakik.com"],"url":"https:\/\/kibrisdakik.com\/?author=1"}]}},"_links":{"self":[{"href":"https:\/\/kibrisdakik.com\/index.php?rest_route=\/wp\/v2\/posts\/47571","targetHints":{"allow":["GET"]}}],"collection":[{"href":"https:\/\/kibrisdakik.com\/index.php?rest_route=\/wp\/v2\/posts"}],"about":[{"href":"https:\/\/kibrisdakik.com\/index.php?rest_route=\/wp\/v2\/types\/post"}],"author":[{"embeddable":true,"href":"https:\/\/kibrisdakik.com\/index.php?rest_route=\/wp\/v2\/users\/1"}],"replies":[{"embeddable":true,"href":"https:\/\/kibrisdakik.com\/index.php?rest_route=%2Fwp%2Fv2%2Fcomments&post=47571"}],"version-history":[{"count":0,"href":"https:\/\/kibrisdakik.com\/index.php?rest_route=\/wp\/v2\/posts\/47571\/revisions"}],"wp:featuredmedia":[{"embeddable":true,"href":"https:\/\/kibrisdakik.com\/index.php?rest_route=\/wp\/v2\/media\/47572"}],"wp:attachment":[{"href":"https:\/\/kibrisdakik.com\/index.php?rest_route=%2Fwp%2Fv2%2Fmedia&parent=47571"}],"wp:term":[{"taxonomy":"category","embeddable":true,"href":"https:\/\/kibrisdakik.com\/index.php?rest_route=%2Fwp%2Fv2%2Fcategories&post=47571"},{"taxonomy":"post_tag","embeddable":true,"href":"https:\/\/kibrisdakik.com\/index.php?rest_route=%2Fwp%2Fv2%2Ftags&post=47571"}],"curies":[{"name":"wp","href":"https:\/\/api.w.org\/{rel}","templated":true}]}}