{"id":4761,"date":"2023-04-07T17:50:02","date_gmt":"2023-04-07T17:50:02","guid":{"rendered":"https:\/\/kibrisdakik.com\/index.php\/2023\/04\/07\/is-insani-ramiz-manyera-son-yolculuguna-ugurlandi\/"},"modified":"2023-04-07T17:50:02","modified_gmt":"2023-04-07T17:50:02","slug":"is-insani-ramiz-manyera-son-yolculuguna-ugurlandi","status":"publish","type":"post","link":"https:\/\/kibrisdakik.com\/?p=4761","title":{"rendered":"\u0130\u015f insan\u0131 Ramiz Manyera son yolculu\u011funa u\u011furland\u0131"},"content":{"rendered":"<p><\/p>\n<div>\n<div class=\"mariselle-image-container center\">\n                <img width=\"930\" height=\"410\" class=\"lazy-image\" alt=\"\" decoding=\"async\" loading=\"lazy\" sizes=\"auto, (max-width: 930px) 100vw, 930px\" src=\"https:\/\/brtk.net\/wp-content\/uploads\/2023\/04\/07\/cenaze.jpg?ver=2b15d398d47a0114f7b33e49e0d4935d\" srcset=\"https:\/\/brtk.net\/wp-content\/uploads\/2023\/04\/07\/cenaze.jpg?ver=2b15d398d47a0114f7b33e49e0d4935d 930w, https:\/\/brtk.net\/wp-content\/uploads\/2023\/04\/07\/cenaze-300x132.jpg?ver=2b15d398d47a0114f7b33e49e0d4935d 300w, https:\/\/brtk.net\/wp-content\/uploads\/2023\/04\/07\/cenaze-768x339.jpg?ver=2b15d398d47a0114f7b33e49e0d4935d 768w\"\/>                            <\/div>\n<p>4 Nisan Sal\u0131 g\u00fcn\u00fc vefat eden K\u0131br\u0131s\u2019\u0131n enfsanesi Bixi Cola\u2019n\u0131n yarat\u0131c\u0131s\u0131, K\u0131br\u0131s T\u00fcrk Ticaret Odas\u0131 eski ba\u015fkan\u0131, eski siyaset\u00e7i ve i\u015f insan\u0131 Ramiz Manyera defnedildi.<\/p>\n<p>Askeri t\u00f6renle topra\u011fa verilen Manyera\u2019n\u0131n cenaze t\u00f6renine Cumhurba\u015fkan\u0131 <a href=\"https:\/\/brtk.net\/\" target=\"_blank\" rel=\"noopener\">Ersin Tatar<\/a>\u2019\u0131n yan\u0131 s\u0131ra devlet ve h\u00fck\u00fcmet yetkilileri i\u015f insanlar\u0131, ailesi ve sevenleri kat\u0131ld\u0131.<\/p>\n<p>Manyera\u2019n\u0131n naa\u015f\u0131 \u00f6\u011fle namaz\u0131na m\u00fctakip Lefko\u015fa Kapristanl\u0131\u011fu\u2019nda topra\u011fa verildi.<\/p>\n<p>brt<\/p>\n<\/p><\/div>\n<p><script async\n                    defer\n                    crossorigin=\"anonymous\"\n                    src=\"https:\/\/connect.facebook.net\/tr_TR\/sdk.js#xfbml=1&#038;version=v3.3\"\n            ><\/script><\/p>\n","protected":false},"excerpt":{"rendered":"<p>4 Nisan Sal\u0131 g\u00fcn\u00fc vefat eden K\u0131br\u0131s\u2019\u0131n enfsanesi Bixi Cola\u2019n\u0131n yarat\u0131c\u0131s\u0131, K\u0131br\u0131s T\u00fcrk Ticaret Odas\u0131 eski ba\u015fkan\u0131, eski siyaset\u00e7i ve i\u015f insan\u0131 Ramiz Manyera defnedildi. Askeri t\u00f6renle topra\u011fa verilen Manyera\u2019n\u0131n cenaze t\u00f6renine Cumhurba\u015fkan\u0131 Ersin Tatar\u2019\u0131n yan\u0131 s\u0131ra devlet ve h\u00fck\u00fcmet yetkilileri i\u015f insanlar\u0131, ailesi ve sevenleri kat\u0131ld\u0131. Manyera\u2019n\u0131n naa\u015f\u0131 \u00f6\u011fle namaz\u0131na m\u00fctakip Lefko\u015fa Kapristanl\u0131\u011fu\u2019nda topra\u011fa<\/p>\n","protected":false},"author":1,"featured_media":4762,"comment_status":"open","ping_status":"open","sticky":false,"template":"","format":"standard","meta":{"footnotes":""},"categories":[1],"tags":[],"class_list":["post-4761","post","type-post","status-publish","format-standard","has-post-thumbnail","hentry","category-gundem"],"yoast_head":"<!-- This site is optimized with the Yoast SEO plugin v27.4 - https:\/\/yoast.com\/product\/yoast-seo-wordpress\/ -->\n<title>\u0130\u015f insan\u0131 Ramiz Manyera son yolculu\u011funa u\u011furland\u0131 -<\/title>\n<meta name=\"robots\" content=\"index, follow, max-snippet:-1, max-image-preview:large, max-video-preview:-1\" \/>\n<link rel=\"canonical\" href=\"https:\/\/kibrisdakik.com\/?p=4761\" \/>\n<meta property=\"og:locale\" content=\"tr_TR\" \/>\n<meta property=\"og:type\" content=\"article\" \/>\n<meta property=\"og:title\" content=\"\u0130\u015f insan\u0131 Ramiz Manyera son yolculu\u011funa u\u011furland\u0131 -\" \/>\n<meta property=\"og:description\" content=\"4 Nisan Sal\u0131 g\u00fcn\u00fc vefat eden K\u0131br\u0131s\u2019\u0131n enfsanesi Bixi Cola\u2019n\u0131n yarat\u0131c\u0131s\u0131, K\u0131br\u0131s T\u00fcrk Ticaret Odas\u0131 eski ba\u015fkan\u0131, eski siyaset\u00e7i ve i\u015f insan\u0131 Ramiz Manyera defnedildi. Askeri t\u00f6renle topra\u011fa verilen Manyera\u2019n\u0131n cenaze t\u00f6renine Cumhurba\u015fkan\u0131 Ersin Tatar\u2019\u0131n yan\u0131 s\u0131ra devlet ve h\u00fck\u00fcmet yetkilileri i\u015f insanlar\u0131, ailesi ve sevenleri kat\u0131ld\u0131. Manyera\u2019n\u0131n naa\u015f\u0131 \u00f6\u011fle namaz\u0131na m\u00fctakip Lefko\u015fa Kapristanl\u0131\u011fu\u2019nda topra\u011fa\" \/>\n<meta property=\"og:url\" content=\"https:\/\/kibrisdakik.com\/?p=4761\" \/>\n<meta property=\"article:published_time\" content=\"2023-04-07T17:50:02+00:00\" \/>\n<meta property=\"og:image\" content=\"https:\/\/kibrisdakik.com\/wp-content\/uploads\/2023\/04\/cenaze-740x410.jpg\" \/>\n\t<meta property=\"og:image:width\" content=\"930\" \/>\n\t<meta property=\"og:image:height\" content=\"410\" \/>\n\t<meta property=\"og:image:type\" content=\"image\/jpeg\" \/>\n<meta name=\"author\" content=\"admin\" \/>\n<meta name=\"twitter:card\" content=\"summary_large_image\" \/>\n<meta name=\"twitter:label1\" content=\"Yazan:\" \/>\n\t<meta name=\"twitter:data1\" content=\"admin\" \/>\n<script type=\"application\/ld+json\" class=\"yoast-schema-graph\">{\"@context\":\"https:\\\/\\\/schema.org\",\"@graph\":[{\"@type\":\"Article\",\"@id\":\"https:\\\/\\\/kibrisdakik.com\\\/?p=4761#article\",\"isPartOf\":{\"@id\":\"https:\\\/\\\/kibrisdakik.com\\\/?p=4761\"},\"author\":{\"name\":\"admin\",\"@id\":\"https:\\\/\\\/kibrisdakik.com\\\/#\\\/schema\\\/person\\\/9cd9d437bbb44f72b73ba127e06d8e79\"},\"headline\":\"\u0130\u015f insan\u0131 Ramiz Manyera son yolculu\u011funa u\u011furland\u0131\",\"datePublished\":\"2023-04-07T17:50:02+00:00\",\"mainEntityOfPage\":{\"@id\":\"https:\\\/\\\/kibrisdakik.com\\\/?p=4761\"},\"wordCount\":96,\"commentCount\":0,\"image\":{\"@id\":\"https:\\\/\\\/kibrisdakik.com\\\/?p=4761#primaryimage\"},\"thumbnailUrl\":\"https:\\\/\\\/kibrisdakik.com\\\/wp-content\\\/uploads\\\/2023\\\/04\\\/cenaze-740x410.jpg\",\"articleSection\":[\"G\u00fcndem\"],\"inLanguage\":\"tr\",\"potentialAction\":[{\"@type\":\"CommentAction\",\"name\":\"Comment\",\"target\":[\"https:\\\/\\\/kibrisdakik.com\\\/?p=4761#respond\"]}]},{\"@type\":\"WebPage\",\"@id\":\"https:\\\/\\\/kibrisdakik.com\\\/?p=4761\",\"url\":\"https:\\\/\\\/kibrisdakik.com\\\/?p=4761\",\"name\":\"\u0130\u015f insan\u0131 Ramiz Manyera son yolculu\u011funa u\u011furland\u0131 -\",\"isPartOf\":{\"@id\":\"https:\\\/\\\/kibrisdakik.com\\\/#website\"},\"primaryImageOfPage\":{\"@id\":\"https:\\\/\\\/kibrisdakik.com\\\/?p=4761#primaryimage\"},\"image\":{\"@id\":\"https:\\\/\\\/kibrisdakik.com\\\/?p=4761#primaryimage\"},\"thumbnailUrl\":\"https:\\\/\\\/kibrisdakik.com\\\/wp-content\\\/uploads\\\/2023\\\/04\\\/cenaze-740x410.jpg\",\"datePublished\":\"2023-04-07T17:50:02+00:00\",\"author\":{\"@id\":\"https:\\\/\\\/kibrisdakik.com\\\/#\\\/schema\\\/person\\\/9cd9d437bbb44f72b73ba127e06d8e79\"},\"breadcrumb\":{\"@id\":\"https:\\\/\\\/kibrisdakik.com\\\/?p=4761#breadcrumb\"},\"inLanguage\":\"tr\",\"potentialAction\":[{\"@type\":\"ReadAction\",\"target\":[\"https:\\\/\\\/kibrisdakik.com\\\/?p=4761\"]}]},{\"@type\":\"ImageObject\",\"inLanguage\":\"tr\",\"@id\":\"https:\\\/\\\/kibrisdakik.com\\\/?p=4761#primaryimage\",\"url\":\"https:\\\/\\\/kibrisdakik.com\\\/wp-content\\\/uploads\\\/2023\\\/04\\\/cenaze-740x410.jpg\",\"contentUrl\":\"https:\\\/\\\/kibrisdakik.com\\\/wp-content\\\/uploads\\\/2023\\\/04\\\/cenaze-740x410.jpg\",\"width\":930,\"height\":410},{\"@type\":\"BreadcrumbList\",\"@id\":\"https:\\\/\\\/kibrisdakik.com\\\/?p=4761#breadcrumb\",\"itemListElement\":[{\"@type\":\"ListItem\",\"position\":1,\"name\":\"Home\",\"item\":\"https:\\\/\\\/kibrisdakik.com\\\/\"},{\"@type\":\"ListItem\",\"position\":2,\"name\":\"\u0130\u015f insan\u0131 Ramiz Manyera son yolculu\u011funa u\u011furland\u0131\"}]},{\"@type\":\"WebSite\",\"@id\":\"https:\\\/\\\/kibrisdakik.com\\\/#website\",\"url\":\"https:\\\/\\\/kibrisdakik.com\\\/\",\"name\":\"\",\"description\":\"Tam vaktinde haber\",\"potentialAction\":[{\"@type\":\"SearchAction\",\"target\":{\"@type\":\"EntryPoint\",\"urlTemplate\":\"https:\\\/\\\/kibrisdakik.com\\\/?s={search_term_string}\"},\"query-input\":{\"@type\":\"PropertyValueSpecification\",\"valueRequired\":true,\"valueName\":\"search_term_string\"}}],\"inLanguage\":\"tr\"},{\"@type\":\"Person\",\"@id\":\"https:\\\/\\\/kibrisdakik.com\\\/#\\\/schema\\\/person\\\/9cd9d437bbb44f72b73ba127e06d8e79\",\"name\":\"admin\",\"image\":{\"@type\":\"ImageObject\",\"inLanguage\":\"tr\",\"@id\":\"https:\\\/\\\/secure.gravatar.com\\\/avatar\\\/ccc17943b9d660506c869530f897617f7cb1c21a4bf30023f252596d83e1f007?s=96&d=mm&r=g\",\"url\":\"https:\\\/\\\/secure.gravatar.com\\\/avatar\\\/ccc17943b9d660506c869530f897617f7cb1c21a4bf30023f252596d83e1f007?s=96&d=mm&r=g\",\"contentUrl\":\"https:\\\/\\\/secure.gravatar.com\\\/avatar\\\/ccc17943b9d660506c869530f897617f7cb1c21a4bf30023f252596d83e1f007?s=96&d=mm&r=g\",\"caption\":\"admin\"},\"sameAs\":[\"https:\\\/\\\/kibrisdakik.com\"],\"url\":\"https:\\\/\\\/kibrisdakik.com\\\/?author=1\"}]}<\/script>\n<!-- \/ Yoast SEO plugin. -->","yoast_head_json":{"title":"\u0130\u015f insan\u0131 Ramiz Manyera son yolculu\u011funa u\u011furland\u0131 -","robots":{"index":"index","follow":"follow","max-snippet":"max-snippet:-1","max-image-preview":"max-image-preview:large","max-video-preview":"max-video-preview:-1"},"canonical":"https:\/\/kibrisdakik.com\/?p=4761","og_locale":"tr_TR","og_type":"article","og_title":"\u0130\u015f insan\u0131 Ramiz Manyera son yolculu\u011funa u\u011furland\u0131 -","og_description":"4 Nisan Sal\u0131 g\u00fcn\u00fc vefat eden K\u0131br\u0131s\u2019\u0131n enfsanesi Bixi Cola\u2019n\u0131n yarat\u0131c\u0131s\u0131, K\u0131br\u0131s T\u00fcrk Ticaret Odas\u0131 eski ba\u015fkan\u0131, eski siyaset\u00e7i ve i\u015f insan\u0131 Ramiz Manyera defnedildi. Askeri t\u00f6renle topra\u011fa verilen Manyera\u2019n\u0131n cenaze t\u00f6renine Cumhurba\u015fkan\u0131 Ersin Tatar\u2019\u0131n yan\u0131 s\u0131ra devlet ve h\u00fck\u00fcmet yetkilileri i\u015f insanlar\u0131, ailesi ve sevenleri kat\u0131ld\u0131. Manyera\u2019n\u0131n naa\u015f\u0131 \u00f6\u011fle namaz\u0131na m\u00fctakip Lefko\u015fa Kapristanl\u0131\u011fu\u2019nda topra\u011fa","og_url":"https:\/\/kibrisdakik.com\/?p=4761","article_published_time":"2023-04-07T17:50:02+00:00","og_image":[{"width":930,"height":410,"url":"https:\/\/kibrisdakik.com\/wp-content\/uploads\/2023\/04\/cenaze-740x410.jpg","type":"image\/jpeg"}],"author":"admin","twitter_card":"summary_large_image","twitter_misc":{"Yazan:":"admin"},"schema":{"@context":"https:\/\/schema.org","@graph":[{"@type":"Article","@id":"https:\/\/kibrisdakik.com\/?p=4761#article","isPartOf":{"@id":"https:\/\/kibrisdakik.com\/?p=4761"},"author":{"name":"admin","@id":"https:\/\/kibrisdakik.com\/#\/schema\/person\/9cd9d437bbb44f72b73ba127e06d8e79"},"headline":"\u0130\u015f insan\u0131 Ramiz Manyera son yolculu\u011funa u\u011furland\u0131","datePublished":"2023-04-07T17:50:02+00:00","mainEntityOfPage":{"@id":"https:\/\/kibrisdakik.com\/?p=4761"},"wordCount":96,"commentCount":0,"image":{"@id":"https:\/\/kibrisdakik.com\/?p=4761#primaryimage"},"thumbnailUrl":"https:\/\/kibrisdakik.com\/wp-content\/uploads\/2023\/04\/cenaze-740x410.jpg","articleSection":["G\u00fcndem"],"inLanguage":"tr","potentialAction":[{"@type":"CommentAction","name":"Comment","target":["https:\/\/kibrisdakik.com\/?p=4761#respond"]}]},{"@type":"WebPage","@id":"https:\/\/kibrisdakik.com\/?p=4761","url":"https:\/\/kibrisdakik.com\/?p=4761","name":"\u0130\u015f insan\u0131 Ramiz Manyera son yolculu\u011funa u\u011furland\u0131 -","isPartOf":{"@id":"https:\/\/kibrisdakik.com\/#website"},"primaryImageOfPage":{"@id":"https:\/\/kibrisdakik.com\/?p=4761#primaryimage"},"image":{"@id":"https:\/\/kibrisdakik.com\/?p=4761#primaryimage"},"thumbnailUrl":"https:\/\/kibrisdakik.com\/wp-content\/uploads\/2023\/04\/cenaze-740x410.jpg","datePublished":"2023-04-07T17:50:02+00:00","author":{"@id":"https:\/\/kibrisdakik.com\/#\/schema\/person\/9cd9d437bbb44f72b73ba127e06d8e79"},"breadcrumb":{"@id":"https:\/\/kibrisdakik.com\/?p=4761#breadcrumb"},"inLanguage":"tr","potentialAction":[{"@type":"ReadAction","target":["https:\/\/kibrisdakik.com\/?p=4761"]}]},{"@type":"ImageObject","inLanguage":"tr","@id":"https:\/\/kibrisdakik.com\/?p=4761#primaryimage","url":"https:\/\/kibrisdakik.com\/wp-content\/uploads\/2023\/04\/cenaze-740x410.jpg","contentUrl":"https:\/\/kibrisdakik.com\/wp-content\/uploads\/2023\/04\/cenaze-740x410.jpg","width":930,"height":410},{"@type":"BreadcrumbList","@id":"https:\/\/kibrisdakik.com\/?p=4761#breadcrumb","itemListElement":[{"@type":"ListItem","position":1,"name":"Home","item":"https:\/\/kibrisdakik.com\/"},{"@type":"ListItem","position":2,"name":"\u0130\u015f insan\u0131 Ramiz Manyera son yolculu\u011funa u\u011furland\u0131"}]},{"@type":"WebSite","@id":"https:\/\/kibrisdakik.com\/#website","url":"https:\/\/kibrisdakik.com\/","name":"","description":"Tam vaktinde haber","potentialAction":[{"@type":"SearchAction","target":{"@type":"EntryPoint","urlTemplate":"https:\/\/kibrisdakik.com\/?s={search_term_string}"},"query-input":{"@type":"PropertyValueSpecification","valueRequired":true,"valueName":"search_term_string"}}],"inLanguage":"tr"},{"@type":"Person","@id":"https:\/\/kibrisdakik.com\/#\/schema\/person\/9cd9d437bbb44f72b73ba127e06d8e79","name":"admin","image":{"@type":"ImageObject","inLanguage":"tr","@id":"https:\/\/secure.gravatar.com\/avatar\/ccc17943b9d660506c869530f897617f7cb1c21a4bf30023f252596d83e1f007?s=96&d=mm&r=g","url":"https:\/\/secure.gravatar.com\/avatar\/ccc17943b9d660506c869530f897617f7cb1c21a4bf30023f252596d83e1f007?s=96&d=mm&r=g","contentUrl":"https:\/\/secure.gravatar.com\/avatar\/ccc17943b9d660506c869530f897617f7cb1c21a4bf30023f252596d83e1f007?s=96&d=mm&r=g","caption":"admin"},"sameAs":["https:\/\/kibrisdakik.com"],"url":"https:\/\/kibrisdakik.com\/?author=1"}]}},"_links":{"self":[{"href":"https:\/\/kibrisdakik.com\/index.php?rest_route=\/wp\/v2\/posts\/4761","targetHints":{"allow":["GET"]}}],"collection":[{"href":"https:\/\/kibrisdakik.com\/index.php?rest_route=\/wp\/v2\/posts"}],"about":[{"href":"https:\/\/kibrisdakik.com\/index.php?rest_route=\/wp\/v2\/types\/post"}],"author":[{"embeddable":true,"href":"https:\/\/kibrisdakik.com\/index.php?rest_route=\/wp\/v2\/users\/1"}],"replies":[{"embeddable":true,"href":"https:\/\/kibrisdakik.com\/index.php?rest_route=%2Fwp%2Fv2%2Fcomments&post=4761"}],"version-history":[{"count":0,"href":"https:\/\/kibrisdakik.com\/index.php?rest_route=\/wp\/v2\/posts\/4761\/revisions"}],"wp:featuredmedia":[{"embeddable":true,"href":"https:\/\/kibrisdakik.com\/index.php?rest_route=\/wp\/v2\/media\/4762"}],"wp:attachment":[{"href":"https:\/\/kibrisdakik.com\/index.php?rest_route=%2Fwp%2Fv2%2Fmedia&parent=4761"}],"wp:term":[{"taxonomy":"category","embeddable":true,"href":"https:\/\/kibrisdakik.com\/index.php?rest_route=%2Fwp%2Fv2%2Fcategories&post=4761"},{"taxonomy":"post_tag","embeddable":true,"href":"https:\/\/kibrisdakik.com\/index.php?rest_route=%2Fwp%2Fv2%2Ftags&post=4761"}],"curies":[{"name":"wp","href":"https:\/\/api.w.org\/{rel}","templated":true}]}}