{"id":47672,"date":"2024-06-28T04:13:52","date_gmt":"2024-06-28T04:13:52","guid":{"rendered":"https:\/\/kibrisdakik.com\/index.php\/2024\/06\/28\/ctp-lefkosa-ilcesi-genclik-orgutu-baskani-sonay-demirpence-oldu-2\/"},"modified":"2024-06-28T04:13:52","modified_gmt":"2024-06-28T04:13:52","slug":"ctp-lefkosa-ilcesi-genclik-orgutu-baskani-sonay-demirpence-oldu-2","status":"publish","type":"post","link":"https:\/\/kibrisdakik.com\/?p=47672","title":{"rendered":"CTP Lefko\u015fa \u0130l\u00e7esi Gen\u00e7lik \u00d6rg\u00fct\u00fc Ba\u015fkan\u0131 Sonay Demirpen\u00e7e oldu"},"content":{"rendered":"<p><img decoding=\"async\" src=\"https:\/\/www.kibristurk.com\/images\/haberler\/2024\/06\/ctp-lefkosa-ilcesi-genclik-orgutu-baskani-sonay-demirpence-oldu-1719497265.webp\" \/><\/p>\n<p style=\"text-align:left\"><span style=\"font-size:16px\"><span style=\"color:#000000\"><span style=\"font-family:Merriweather,serif !important\">CTP Bas\u0131n B\u00fcrosu\u2019ndan yap\u0131lan a\u00e7\u0131klamaya g\u00f6re, CTP Gen\u00e7lik \u00d6rg\u00fct\u00fc Lefko\u015fa \u0130l\u00e7e Kongresi d\u00fcn ak\u015fam Dereboyu&#8217;ndaki Lefko\u015fa \u0130l\u00e7esi Merkez Binas\u0131&#8217;nda yap\u0131ld\u0131. Kongrede, Sonay Demirpen\u00e7e ba\u015fkanl\u0131k g\u00f6revini \u0130smail Barbaros\u2019tan devrald\u0131. CTP Gen\u00e7lik \u00d6rg\u00fct\u00fc Lefko\u015fa \u0130l\u00e7esi Y\u00f6netim Kurulu\u2019nda ise Mehmet Hoca, Efe Aka, Salih Haf\u0131z, Ronahi Bul\u011fan, Berke Sarcan ve Ahmet K\u00fcrt yer ald\u0131. Kongreye, Genel Sekreter As\u0131m Akansoy, Lefko\u015fa \u0130l\u00e7e Ba\u015fkan\u0131 ve Milletvekili Devrim Bar\u00e7\u0131n ile baz\u0131 milletvekilleri de kat\u0131ld\u0131.<\/span><\/span><\/span><\/p>\n<p style=\"text-align:left\"><span style=\"font-size:16px\"><span style=\"color:#000000\"><span style=\"font-family:Merriweather,serif !important\">-Barbaros: \u201cBu bir veda de\u011fil, bayrak de\u011fi\u015fimidir\u201d<\/span><\/span><\/span><\/p>\n<p style=\"text-align:left\"><span style=\"font-size:16px\"><span style=\"color:#000000\"><span style=\"font-family:Merriweather,serif !important\">G\u00f6revi, Sonay Demirpen\u00e7e\u2019ye devreden eski Ba\u015fkan \u0130smail Barbaros, \u201c\u0130ki d\u00f6nem boyunca beni her zaman destekleyen Lefko\u015fa Gen\u00e7lik \u00d6rg\u00fct\u00fc \u00fcyeleri ba\u015fta olmak \u00fczere, t\u00fcm gen\u00e7lik \u00f6rg\u00fct\u00fc \u00fcyeleri, y\u00f6neticileri ve ba\u015fkanlar\u0131, birlikte \u00e7al\u0131\u015fma imkan\u0131 buldu\u011fum eski Lefko\u015fa \u0130l\u00e7e Ba\u015fkan\u0131 R\u0131fat Ar\u015fehit, Lefko\u015fa \u0130l\u00e7e Ba\u015fkan\u0131 Devrim Bar\u00e7\u0131n ve y\u00f6netim kurullar\u0131na, t\u00fcm \u00f6rg\u00fct ba\u015fkanlar\u0131na ve isimlerini \u015fimdi sayamayaca\u011f\u0131m t\u00fcm partili yolda\u015flar\u0131ma te\u015fekk\u00fcr\u00fc bir bor\u00e7 bilirim.\u201d diye konu\u015ftu. \u201cBu ak\u015fam asl\u0131nda bir veda de\u011fil, bir bayrak de\u011fi\u015fimidir\u201d diyen Barbaros, yeni d\u00f6nemde g\u00f6rev alan arkada\u015flar\u0131na ba\u015far\u0131lar diledi. Barbaros, \u201cCTP Gen\u00e7lik \u00d6rg\u00fct\u00fc Lefko\u015fa \u0130l\u00e7esini bug\u00fcn bulundu\u011fundan daha iyi bir noktaya ta\u015f\u0131yacaklar\u0131na dair \u015f\u00fcphem yoktur.\u201d dedi. <\/span><\/span><\/span><\/p>\n<p style=\"text-align:left\"><span style=\"font-size:16px\"><span style=\"color:#000000\"><span style=\"font-family:Merriweather,serif !important\">-Demirpen\u00e7e: \u201cM\u00fccadeleyi s\u00fcrd\u00fcrmek boynumuzun borcudur\u201d<\/span><\/span><\/span><\/p>\n<p style=\"text-align:left\"><span style=\"font-size:16px\"><span style=\"color:#000000\"><span style=\"font-family:Merriweather,serif !important\">CTP Gen\u00e7lik \u00d6rg\u00fct\u00fc Lefko\u015fa \u0130l\u00e7e Ba\u015fkanl\u0131\u011f\u0131\u2019na se\u00e7ilen Sonay Demirpen\u00e7e konu\u015fmas\u0131nda, \u201cCTP&#8217;nin tarihi, adalet, e\u015fitlik ve \u00f6zg\u00fcrl\u00fck m\u00fccadelesiyle dolu. Ve bu m\u00fccadeleyi hakk\u0131yla s\u00fcrd\u00fcrmek bizim boynumuzun borcudur.\u201d ifadelerini kulland\u0131. \u201cBu \u00e7\u00fcr\u00fcm\u00fc\u015f d\u00fczenin ve stat\u00fckonun i\u00e7ine do\u011fmu\u015f gen\u00e7ler olarak bizler, gelece\u011fimizi karartmak ve memleketimizi parsel parsel satmak isteyenlerin aksine daha ayd\u0131nl\u0131k k\u0131lmak i\u00e7in gen\u00e7li\u011fimizin enerjisi, heyecan\u0131m\u0131z ve yenilik\u00e7i bak\u0131\u015f a\u00e7\u0131m\u0131zla b\u00fcy\u00fck bir azimle \u00e7al\u0131\u015faca\u011f\u0131z\u201d diyen Demirpen\u00e7e, Lefko\u015fa\u2019n\u0131n ve K\u0131br\u0131s\u2019\u0131n daha g\u00fczel ve ya\u015fanabilir bir yer olmas\u0131 i\u00e7in m\u00fccadeleye devam edeceklerinin alt\u0131n\u0131 \u00e7izdi. <\/span><\/span><\/span><\/p>\n<p style=\"text-align:left\"><span style=\"font-size:16px\"><span style=\"color:#000000\"><span style=\"font-family:Merriweather,serif !important\">-Mevlit: \u201cBu \u00fclkeyi hep birlikte g\u00fczel g\u00fcnlere ta\u015f\u0131yaca\u011f\u0131z\u201d<\/span><\/span><\/span><\/p>\n<p style=\"text-align:left\"><span style=\"font-size:16px\"><span style=\"color:#000000\"><span style=\"font-family:Merriweather,serif !important\">Konu\u015fmas\u0131nda trafik kazalar\u0131na parmak basan CTP Gen\u00e7lik \u00d6rg\u00fct\u00fc Ba\u015fkan\u0131 \u00c7ise Mevlit, ba\u015fta trafik kazalar\u0131nda olmak \u00fczere bug\u00fcne kadar hayat\u0131n\u0131 kaybeden \u00fcyeleri anarak s\u00f6zlerine ba\u015flad\u0131. Trafikte ciddi bir kaos oldu\u011funu ifade eden Mevlit, \u201cBu kaos, aram\u0131zdan bir g\u00fcn \u00c7a\u011fr\u0131\u2019y\u0131, Ali\u2019yi, bir g\u00fcn Kenan\u2019\u0131 al\u0131yor. Yar\u0131n kimi alaca\u011f\u0131n\u0131 bilmiyoruz.\u201d diye konu\u015ftu. K\u0131br\u0131s\u2019ta gen\u00e7lerin g\u00f6\u00e7 yollar\u0131na d\u00fc\u015ft\u00fc\u011f\u00fcn\u00fc dile getiren Mevlit, \u201cBir yandan valizini toplay\u0131p b\u00fcy\u00fck bir umutsuzluk i\u00e7erisinde, bir bilinmezli\u011fe do\u011fru yelken a\u00e7arak bu aday\u0131 terk eden gen\u00e7 dostlar\u0131m\u0131z, di\u011fer yanda yarat\u0131lan kaosun aram\u0131zdan ald\u0131\u011f\u0131 arkada\u015flar\u0131m\u0131z. T\u00fcm\u00fcn\u00fcn hesab\u0131n\u0131 soraca\u011f\u0131z!\u201d dedi. Kararl\u0131l\u0131kla, cesaretle ve inan\u00e7la \u00e7al\u0131\u015facaklar\u0131n\u0131n alt\u0131n\u0131 \u00e7izen Mevlit, \u201cBu \u00fclkeyi hep birlikte g\u00fczel g\u00fcnlere ta\u015f\u0131yaca\u011f\u0131z\u201d dedi ve g\u00f6revi devreden \u0130smail Barbaros\u2019a te\u015fekk\u00fcr etti, yeni g\u00f6rev alanlara ba\u015far\u0131lar diledi. <\/span><\/span><\/span><\/p>\n<p style=\"text-align:left\"><span style=\"font-size:16px\"><span style=\"color:#000000\"><span style=\"font-family:Merriweather,serif !important\">-Bar\u00e7\u0131n: \u201cBu yolu birlikte y\u00fcr\u00fcyece\u011fiz\u201d<\/span><\/span><\/span><\/p>\n<p style=\"text-align:left\"><span style=\"font-size:16px\"><span style=\"color:#000000\"><span style=\"font-family:Merriweather,serif !important\">Kongrede konu\u015fma yapan CTP Lefko\u015fa \u0130l\u00e7e Ba\u015fkan\u0131 ve Milletvekili Devrim Bar\u00e7\u0131n, kendi d\u00f6nemlerindeki gen\u00e7lik \u00f6rg\u00fctlenmelerinden an\u0131lar\u0131n\u0131 payla\u015ft\u0131. Bar\u00e7\u0131n, \u201cGen\u00e7li\u011fin CTP\u2019deki fark\u0131, kol de\u011fil, \u00f6rg\u00fct olmas\u0131d\u0131r. Kendi karar mekanizmas\u0131 olan bir yap\u0131d\u0131r.\u201d dedi ve gen\u00e7lerin politika \u00fcretecek bir noktada olmas\u0131n\u0131n \u00f6nemine vurgu yapt\u0131. Gen\u00e7lerin ya\u015fad\u0131\u011f\u0131 sorunlara i\u015faret eden Bar\u00e7\u0131n, CTP Gen\u00e7lik \u00d6rg\u00fct\u00fc\u2019n\u00fcn m\u00fccadelesinin \u00f6nemine dikkat \u00e7ekti. \u201cBirlikte bu yolu y\u00fcr\u00fcyece\u011fiz. Gen\u00e7lerin sorunlar\u0131n\u0131 g\u00f6r\u00fcn\u00fcr hale getirelim.\u201d diyen Bar\u00e7\u0131n, g\u00f6rev alan herkese ba\u015far\u0131lar diledi. <\/span><\/span><\/span><\/p>\n<p style=\"text-align:left\"><span style=\"font-size:16px\"><span style=\"color:#000000\"><span style=\"font-family:Merriweather,serif !important\">-Akansoy: \u201cSorunlar\u0131 hep birlikte \u00e7\u00f6zece\u011fiz\u201d <\/span><\/span><\/span><\/p>\n<p style=\"text-align:left\"><span style=\"font-size:16px\"><span style=\"color:#000000\"><span style=\"font-family:Merriweather,serif !important\">CTP Eski Genel Sekreteri Naci Talat\u2019\u0131 33\u2019\u00fcnc\u00fc \u00f6l\u00fcm y\u0131ld\u00f6n\u00fcm\u00fcnde anarak s\u00f6zlerine ba\u015flayan CTP Genel Sekreteri As\u0131m Akansoy, \u201cNaci Talat\u2019\u0131n \u00f6rg\u00fctsel ve siyasi yakla\u015f\u0131mlar\u0131n\u0131 anlamak, tart\u0131\u015fmak ve yol haritam\u0131z\u0131 belirlerken g\u00f6z \u00f6n\u00fcnde tutmak, olduk\u00e7a \u00f6nemlidir.&nbsp; \u00d6zellikle Gen\u00e7lik \u00d6rg\u00fct\u00fcm\u00fcz\u00fcn \u00f6rg\u00fctlenme ve siyasi \u00e7al\u0131\u015fmalar\u0131 i\u00e7in \u0131\u015f\u0131k tutacak nice \u00f6rnek mevcuttur.\u201d ifadelerini kulland\u0131. <\/span><\/span><\/span><\/p>\n<p style=\"text-align:left\"><span style=\"font-size:16px\"><span style=\"color:#000000\"><span style=\"font-family:Merriweather,serif !important\">K\u0131br\u0131sl\u0131 T\u00fcrklerin kendi b\u00f6lgelerini \u00f6zg\u00fcrce y\u00f6netecekleri demokratik bir d\u00fczen kurman\u0131n \u00f6nemine i\u015faret eden Akansoy, \u201cEkonomik ve sosyal geli\u015fmeyi sa\u011flamak d\u00fcnden bug\u00fcne \u00e7ok de\u011ferli bir siyasi \u00e7er\u00e7evedir\u2026 Ancak bu bizzat Naci Talat abimizin de ifade etti\u011fi gibi, K\u0131br\u0131s sorununun federal bir \u00e7er\u00e7evede \u00e7\u00f6z\u00fcmlenmesi m\u00fccadelesi ile do\u011frudan ba\u011flant\u0131l\u0131d\u0131r. Bu iki \u00e7izgi birbirini tamamlayan, b\u00fct\u00fcnleyen siyaset perspektifidir. Ve biz CTP olarak bu perspektifin d\u00fcnden bug\u00fcne ta\u015f\u0131y\u0131c\u0131s\u0131 savunucusuyuz.\u201d diye konu\u015ftu. CTP Gen\u00e7lik \u00d6rg\u00fct\u00fc\u2019n\u00fc bir \u201cokul\u201d olarak niteleyen Akansoy, her gen\u00e7lik kongresinin kendisi i\u00e7in ayr\u0131 bir heyecan oldu\u011funu ifade etti. Gen\u00e7lerin \u00e7ok b\u00fcy\u00fck sorunlar\u0131n\u0131n oldu\u011funu dile getiren Akansoy, \u201cEkonomik sorunlar\u0131 ba\u015fta olmak \u00fczere, i\u015fsizlik konular\u0131, burs sorunlar\u0131, bar\u0131nma sorunlar\u0131 \u00f6nceliklidir. Bizim g\u00f6revimiz gen\u00e7 karde\u015flerimizle birlikte oldu\u011fumuzu, sorunlar\u0131n\u0131n sorunumuz oldu\u011funu ve birlikte \u00e7\u00f6zece\u011fimizi, hep birlikte elimizi ta\u015f\u0131n alt\u0131na sokaca\u011f\u0131m\u0131z\u0131 anlatmakt\u0131r.\u201d dedi ve g\u00f6rev alan gen\u00e7lere ba\u015far\u0131lar diledi.<\/span><\/span><\/span><\/p>\n","protected":false},"excerpt":{"rendered":"<p>CTP Bas\u0131n B\u00fcrosu\u2019ndan yap\u0131lan a\u00e7\u0131klamaya g\u00f6re, CTP Gen\u00e7lik \u00d6rg\u00fct\u00fc Lefko\u015fa \u0130l\u00e7e Kongresi d\u00fcn ak\u015fam Dereboyu&#8217;ndaki Lefko\u015fa \u0130l\u00e7esi Merkez Binas\u0131&#8217;nda yap\u0131ld\u0131. Kongrede, Sonay Demirpen\u00e7e ba\u015fkanl\u0131k g\u00f6revini \u0130smail Barbaros\u2019tan devrald\u0131. CTP Gen\u00e7lik \u00d6rg\u00fct\u00fc Lefko\u015fa \u0130l\u00e7esi Y\u00f6netim Kurulu\u2019nda ise Mehmet Hoca, Efe Aka, Salih Haf\u0131z, Ronahi Bul\u011fan, Berke Sarcan ve Ahmet K\u00fcrt yer ald\u0131. Kongreye, Genel Sekreter As\u0131m<\/p>\n","protected":false},"author":1,"featured_media":47673,"comment_status":"open","ping_status":"open","sticky":false,"template":"","format":"standard","meta":{"footnotes":""},"categories":[85],"tags":[],"class_list":["post-47672","post","type-post","status-publish","format-standard","has-post-thumbnail","hentry","category-spor"],"yoast_head":"<!-- This site is optimized with the Yoast SEO plugin v27.5 - https:\/\/yoast.com\/product\/yoast-seo-wordpress\/ -->\n<title>CTP Lefko\u015fa \u0130l\u00e7esi Gen\u00e7lik \u00d6rg\u00fct\u00fc Ba\u015fkan\u0131 Sonay Demirpen\u00e7e oldu -<\/title>\n<meta name=\"robots\" content=\"index, follow, max-snippet:-1, max-image-preview:large, max-video-preview:-1\" \/>\n<link rel=\"canonical\" href=\"https:\/\/kibrisdakik.com\/?p=47672\" \/>\n<meta property=\"og:locale\" content=\"tr_TR\" \/>\n<meta property=\"og:type\" content=\"article\" \/>\n<meta property=\"og:title\" content=\"CTP Lefko\u015fa \u0130l\u00e7esi Gen\u00e7lik \u00d6rg\u00fct\u00fc Ba\u015fkan\u0131 Sonay Demirpen\u00e7e oldu -\" \/>\n<meta property=\"og:description\" content=\"CTP Bas\u0131n B\u00fcrosu\u2019ndan yap\u0131lan a\u00e7\u0131klamaya g\u00f6re, CTP Gen\u00e7lik \u00d6rg\u00fct\u00fc Lefko\u015fa \u0130l\u00e7e Kongresi d\u00fcn ak\u015fam Dereboyu&#8217;ndaki Lefko\u015fa \u0130l\u00e7esi Merkez Binas\u0131&#8217;nda yap\u0131ld\u0131. Kongrede, Sonay Demirpen\u00e7e ba\u015fkanl\u0131k g\u00f6revini \u0130smail Barbaros\u2019tan devrald\u0131. CTP Gen\u00e7lik \u00d6rg\u00fct\u00fc Lefko\u015fa \u0130l\u00e7esi Y\u00f6netim Kurulu\u2019nda ise Mehmet Hoca, Efe Aka, Salih Haf\u0131z, Ronahi Bul\u011fan, Berke Sarcan ve Ahmet K\u00fcrt yer ald\u0131. Kongreye, Genel Sekreter As\u0131m\" \/>\n<meta property=\"og:url\" content=\"https:\/\/kibrisdakik.com\/?p=47672\" \/>\n<meta property=\"article:published_time\" content=\"2024-06-28T04:13:52+00:00\" \/>\n<meta property=\"og:image\" content=\"https:\/\/kibrisdakik.com\/wp-content\/uploads\/2024\/06\/ctp-lefkosa-ilcesi-genclik-orgutu-baskani-sonay-demirpence-oldu-1719497265.webp.webp\" \/>\n\t<meta property=\"og:image:width\" content=\"710\" \/>\n\t<meta property=\"og:image:height\" content=\"370\" \/>\n\t<meta property=\"og:image:type\" content=\"image\/webp\" \/>\n<meta name=\"author\" content=\"admin\" \/>\n<meta name=\"twitter:card\" content=\"summary_large_image\" \/>\n<meta name=\"twitter:label1\" content=\"Yazan:\" \/>\n\t<meta name=\"twitter:data1\" content=\"admin\" \/>\n\t<meta name=\"twitter:label2\" content=\"Tahmini okuma s\u00fcresi\" \/>\n\t<meta name=\"twitter:data2\" content=\"5 dakika\" \/>\n<script type=\"application\/ld+json\" class=\"yoast-schema-graph\">{\"@context\":\"https:\\\/\\\/schema.org\",\"@graph\":[{\"@type\":\"Article\",\"@id\":\"https:\\\/\\\/kibrisdakik.com\\\/?p=47672#article\",\"isPartOf\":{\"@id\":\"https:\\\/\\\/kibrisdakik.com\\\/?p=47672\"},\"author\":{\"name\":\"admin\",\"@id\":\"https:\\\/\\\/kibrisdakik.com\\\/#\\\/schema\\\/person\\\/9cd9d437bbb44f72b73ba127e06d8e79\"},\"headline\":\"CTP Lefko\u015fa \u0130l\u00e7esi Gen\u00e7lik \u00d6rg\u00fct\u00fc Ba\u015fkan\u0131 Sonay Demirpen\u00e7e oldu\",\"datePublished\":\"2024-06-28T04:13:52+00:00\",\"mainEntityOfPage\":{\"@id\":\"https:\\\/\\\/kibrisdakik.com\\\/?p=47672\"},\"wordCount\":1022,\"commentCount\":0,\"image\":{\"@id\":\"https:\\\/\\\/kibrisdakik.com\\\/?p=47672#primaryimage\"},\"thumbnailUrl\":\"https:\\\/\\\/kibrisdakik.com\\\/wp-content\\\/uploads\\\/2024\\\/06\\\/ctp-lefkosa-ilcesi-genclik-orgutu-baskani-sonay-demirpence-oldu-1719497265.webp.webp\",\"articleSection\":[\"Spor\"],\"inLanguage\":\"tr\",\"potentialAction\":[{\"@type\":\"CommentAction\",\"name\":\"Comment\",\"target\":[\"https:\\\/\\\/kibrisdakik.com\\\/?p=47672#respond\"]}]},{\"@type\":\"WebPage\",\"@id\":\"https:\\\/\\\/kibrisdakik.com\\\/?p=47672\",\"url\":\"https:\\\/\\\/kibrisdakik.com\\\/?p=47672\",\"name\":\"CTP Lefko\u015fa \u0130l\u00e7esi Gen\u00e7lik \u00d6rg\u00fct\u00fc Ba\u015fkan\u0131 Sonay Demirpen\u00e7e oldu -\",\"isPartOf\":{\"@id\":\"https:\\\/\\\/kibrisdakik.com\\\/#website\"},\"primaryImageOfPage\":{\"@id\":\"https:\\\/\\\/kibrisdakik.com\\\/?p=47672#primaryimage\"},\"image\":{\"@id\":\"https:\\\/\\\/kibrisdakik.com\\\/?p=47672#primaryimage\"},\"thumbnailUrl\":\"https:\\\/\\\/kibrisdakik.com\\\/wp-content\\\/uploads\\\/2024\\\/06\\\/ctp-lefkosa-ilcesi-genclik-orgutu-baskani-sonay-demirpence-oldu-1719497265.webp.webp\",\"datePublished\":\"2024-06-28T04:13:52+00:00\",\"author\":{\"@id\":\"https:\\\/\\\/kibrisdakik.com\\\/#\\\/schema\\\/person\\\/9cd9d437bbb44f72b73ba127e06d8e79\"},\"breadcrumb\":{\"@id\":\"https:\\\/\\\/kibrisdakik.com\\\/?p=47672#breadcrumb\"},\"inLanguage\":\"tr\",\"potentialAction\":[{\"@type\":\"ReadAction\",\"target\":[\"https:\\\/\\\/kibrisdakik.com\\\/?p=47672\"]}]},{\"@type\":\"ImageObject\",\"inLanguage\":\"tr\",\"@id\":\"https:\\\/\\\/kibrisdakik.com\\\/?p=47672#primaryimage\",\"url\":\"https:\\\/\\\/kibrisdakik.com\\\/wp-content\\\/uploads\\\/2024\\\/06\\\/ctp-lefkosa-ilcesi-genclik-orgutu-baskani-sonay-demirpence-oldu-1719497265.webp.webp\",\"contentUrl\":\"https:\\\/\\\/kibrisdakik.com\\\/wp-content\\\/uploads\\\/2024\\\/06\\\/ctp-lefkosa-ilcesi-genclik-orgutu-baskani-sonay-demirpence-oldu-1719497265.webp.webp\",\"width\":710,\"height\":370},{\"@type\":\"BreadcrumbList\",\"@id\":\"https:\\\/\\\/kibrisdakik.com\\\/?p=47672#breadcrumb\",\"itemListElement\":[{\"@type\":\"ListItem\",\"position\":1,\"name\":\"Home\",\"item\":\"https:\\\/\\\/kibrisdakik.com\\\/\"},{\"@type\":\"ListItem\",\"position\":2,\"name\":\"CTP Lefko\u015fa \u0130l\u00e7esi Gen\u00e7lik \u00d6rg\u00fct\u00fc Ba\u015fkan\u0131 Sonay Demirpen\u00e7e oldu\"}]},{\"@type\":\"WebSite\",\"@id\":\"https:\\\/\\\/kibrisdakik.com\\\/#website\",\"url\":\"https:\\\/\\\/kibrisdakik.com\\\/\",\"name\":\"\",\"description\":\"Tam vaktinde haber\",\"potentialAction\":[{\"@type\":\"SearchAction\",\"target\":{\"@type\":\"EntryPoint\",\"urlTemplate\":\"https:\\\/\\\/kibrisdakik.com\\\/?s={search_term_string}\"},\"query-input\":{\"@type\":\"PropertyValueSpecification\",\"valueRequired\":true,\"valueName\":\"search_term_string\"}}],\"inLanguage\":\"tr\"},{\"@type\":\"Person\",\"@id\":\"https:\\\/\\\/kibrisdakik.com\\\/#\\\/schema\\\/person\\\/9cd9d437bbb44f72b73ba127e06d8e79\",\"name\":\"admin\",\"image\":{\"@type\":\"ImageObject\",\"inLanguage\":\"tr\",\"@id\":\"https:\\\/\\\/secure.gravatar.com\\\/avatar\\\/ccc17943b9d660506c869530f897617f7cb1c21a4bf30023f252596d83e1f007?s=96&d=mm&r=g\",\"url\":\"https:\\\/\\\/secure.gravatar.com\\\/avatar\\\/ccc17943b9d660506c869530f897617f7cb1c21a4bf30023f252596d83e1f007?s=96&d=mm&r=g\",\"contentUrl\":\"https:\\\/\\\/secure.gravatar.com\\\/avatar\\\/ccc17943b9d660506c869530f897617f7cb1c21a4bf30023f252596d83e1f007?s=96&d=mm&r=g\",\"caption\":\"admin\"},\"sameAs\":[\"https:\\\/\\\/kibrisdakik.com\"],\"url\":\"https:\\\/\\\/kibrisdakik.com\\\/?author=1\"}]}<\/script>\n<!-- \/ Yoast SEO plugin. -->","yoast_head_json":{"title":"CTP Lefko\u015fa \u0130l\u00e7esi Gen\u00e7lik \u00d6rg\u00fct\u00fc Ba\u015fkan\u0131 Sonay Demirpen\u00e7e oldu -","robots":{"index":"index","follow":"follow","max-snippet":"max-snippet:-1","max-image-preview":"max-image-preview:large","max-video-preview":"max-video-preview:-1"},"canonical":"https:\/\/kibrisdakik.com\/?p=47672","og_locale":"tr_TR","og_type":"article","og_title":"CTP Lefko\u015fa \u0130l\u00e7esi Gen\u00e7lik \u00d6rg\u00fct\u00fc Ba\u015fkan\u0131 Sonay Demirpen\u00e7e oldu -","og_description":"CTP Bas\u0131n B\u00fcrosu\u2019ndan yap\u0131lan a\u00e7\u0131klamaya g\u00f6re, CTP Gen\u00e7lik \u00d6rg\u00fct\u00fc Lefko\u015fa \u0130l\u00e7e Kongresi d\u00fcn ak\u015fam Dereboyu&#8217;ndaki Lefko\u015fa \u0130l\u00e7esi Merkez Binas\u0131&#8217;nda yap\u0131ld\u0131. Kongrede, Sonay Demirpen\u00e7e ba\u015fkanl\u0131k g\u00f6revini \u0130smail Barbaros\u2019tan devrald\u0131. CTP Gen\u00e7lik \u00d6rg\u00fct\u00fc Lefko\u015fa \u0130l\u00e7esi Y\u00f6netim Kurulu\u2019nda ise Mehmet Hoca, Efe Aka, Salih Haf\u0131z, Ronahi Bul\u011fan, Berke Sarcan ve Ahmet K\u00fcrt yer ald\u0131. Kongreye, Genel Sekreter As\u0131m","og_url":"https:\/\/kibrisdakik.com\/?p=47672","article_published_time":"2024-06-28T04:13:52+00:00","og_image":[{"width":710,"height":370,"url":"https:\/\/kibrisdakik.com\/wp-content\/uploads\/2024\/06\/ctp-lefkosa-ilcesi-genclik-orgutu-baskani-sonay-demirpence-oldu-1719497265.webp.webp","type":"image\/webp"}],"author":"admin","twitter_card":"summary_large_image","twitter_misc":{"Yazan:":"admin","Tahmini okuma s\u00fcresi":"5 dakika"},"schema":{"@context":"https:\/\/schema.org","@graph":[{"@type":"Article","@id":"https:\/\/kibrisdakik.com\/?p=47672#article","isPartOf":{"@id":"https:\/\/kibrisdakik.com\/?p=47672"},"author":{"name":"admin","@id":"https:\/\/kibrisdakik.com\/#\/schema\/person\/9cd9d437bbb44f72b73ba127e06d8e79"},"headline":"CTP Lefko\u015fa \u0130l\u00e7esi Gen\u00e7lik \u00d6rg\u00fct\u00fc Ba\u015fkan\u0131 Sonay Demirpen\u00e7e oldu","datePublished":"2024-06-28T04:13:52+00:00","mainEntityOfPage":{"@id":"https:\/\/kibrisdakik.com\/?p=47672"},"wordCount":1022,"commentCount":0,"image":{"@id":"https:\/\/kibrisdakik.com\/?p=47672#primaryimage"},"thumbnailUrl":"https:\/\/kibrisdakik.com\/wp-content\/uploads\/2024\/06\/ctp-lefkosa-ilcesi-genclik-orgutu-baskani-sonay-demirpence-oldu-1719497265.webp.webp","articleSection":["Spor"],"inLanguage":"tr","potentialAction":[{"@type":"CommentAction","name":"Comment","target":["https:\/\/kibrisdakik.com\/?p=47672#respond"]}]},{"@type":"WebPage","@id":"https:\/\/kibrisdakik.com\/?p=47672","url":"https:\/\/kibrisdakik.com\/?p=47672","name":"CTP Lefko\u015fa \u0130l\u00e7esi Gen\u00e7lik \u00d6rg\u00fct\u00fc Ba\u015fkan\u0131 Sonay Demirpen\u00e7e oldu -","isPartOf":{"@id":"https:\/\/kibrisdakik.com\/#website"},"primaryImageOfPage":{"@id":"https:\/\/kibrisdakik.com\/?p=47672#primaryimage"},"image":{"@id":"https:\/\/kibrisdakik.com\/?p=47672#primaryimage"},"thumbnailUrl":"https:\/\/kibrisdakik.com\/wp-content\/uploads\/2024\/06\/ctp-lefkosa-ilcesi-genclik-orgutu-baskani-sonay-demirpence-oldu-1719497265.webp.webp","datePublished":"2024-06-28T04:13:52+00:00","author":{"@id":"https:\/\/kibrisdakik.com\/#\/schema\/person\/9cd9d437bbb44f72b73ba127e06d8e79"},"breadcrumb":{"@id":"https:\/\/kibrisdakik.com\/?p=47672#breadcrumb"},"inLanguage":"tr","potentialAction":[{"@type":"ReadAction","target":["https:\/\/kibrisdakik.com\/?p=47672"]}]},{"@type":"ImageObject","inLanguage":"tr","@id":"https:\/\/kibrisdakik.com\/?p=47672#primaryimage","url":"https:\/\/kibrisdakik.com\/wp-content\/uploads\/2024\/06\/ctp-lefkosa-ilcesi-genclik-orgutu-baskani-sonay-demirpence-oldu-1719497265.webp.webp","contentUrl":"https:\/\/kibrisdakik.com\/wp-content\/uploads\/2024\/06\/ctp-lefkosa-ilcesi-genclik-orgutu-baskani-sonay-demirpence-oldu-1719497265.webp.webp","width":710,"height":370},{"@type":"BreadcrumbList","@id":"https:\/\/kibrisdakik.com\/?p=47672#breadcrumb","itemListElement":[{"@type":"ListItem","position":1,"name":"Home","item":"https:\/\/kibrisdakik.com\/"},{"@type":"ListItem","position":2,"name":"CTP Lefko\u015fa \u0130l\u00e7esi Gen\u00e7lik \u00d6rg\u00fct\u00fc Ba\u015fkan\u0131 Sonay Demirpen\u00e7e oldu"}]},{"@type":"WebSite","@id":"https:\/\/kibrisdakik.com\/#website","url":"https:\/\/kibrisdakik.com\/","name":"","description":"Tam vaktinde haber","potentialAction":[{"@type":"SearchAction","target":{"@type":"EntryPoint","urlTemplate":"https:\/\/kibrisdakik.com\/?s={search_term_string}"},"query-input":{"@type":"PropertyValueSpecification","valueRequired":true,"valueName":"search_term_string"}}],"inLanguage":"tr"},{"@type":"Person","@id":"https:\/\/kibrisdakik.com\/#\/schema\/person\/9cd9d437bbb44f72b73ba127e06d8e79","name":"admin","image":{"@type":"ImageObject","inLanguage":"tr","@id":"https:\/\/secure.gravatar.com\/avatar\/ccc17943b9d660506c869530f897617f7cb1c21a4bf30023f252596d83e1f007?s=96&d=mm&r=g","url":"https:\/\/secure.gravatar.com\/avatar\/ccc17943b9d660506c869530f897617f7cb1c21a4bf30023f252596d83e1f007?s=96&d=mm&r=g","contentUrl":"https:\/\/secure.gravatar.com\/avatar\/ccc17943b9d660506c869530f897617f7cb1c21a4bf30023f252596d83e1f007?s=96&d=mm&r=g","caption":"admin"},"sameAs":["https:\/\/kibrisdakik.com"],"url":"https:\/\/kibrisdakik.com\/?author=1"}]}},"_links":{"self":[{"href":"https:\/\/kibrisdakik.com\/index.php?rest_route=\/wp\/v2\/posts\/47672","targetHints":{"allow":["GET"]}}],"collection":[{"href":"https:\/\/kibrisdakik.com\/index.php?rest_route=\/wp\/v2\/posts"}],"about":[{"href":"https:\/\/kibrisdakik.com\/index.php?rest_route=\/wp\/v2\/types\/post"}],"author":[{"embeddable":true,"href":"https:\/\/kibrisdakik.com\/index.php?rest_route=\/wp\/v2\/users\/1"}],"replies":[{"embeddable":true,"href":"https:\/\/kibrisdakik.com\/index.php?rest_route=%2Fwp%2Fv2%2Fcomments&post=47672"}],"version-history":[{"count":0,"href":"https:\/\/kibrisdakik.com\/index.php?rest_route=\/wp\/v2\/posts\/47672\/revisions"}],"wp:featuredmedia":[{"embeddable":true,"href":"https:\/\/kibrisdakik.com\/index.php?rest_route=\/wp\/v2\/media\/47673"}],"wp:attachment":[{"href":"https:\/\/kibrisdakik.com\/index.php?rest_route=%2Fwp%2Fv2%2Fmedia&parent=47672"}],"wp:term":[{"taxonomy":"category","embeddable":true,"href":"https:\/\/kibrisdakik.com\/index.php?rest_route=%2Fwp%2Fv2%2Fcategories&post=47672"},{"taxonomy":"post_tag","embeddable":true,"href":"https:\/\/kibrisdakik.com\/index.php?rest_route=%2Fwp%2Fv2%2Ftags&post=47672"}],"curies":[{"name":"wp","href":"https:\/\/api.w.org\/{rel}","templated":true}]}}