{"id":47678,"date":"2024-06-28T05:14:49","date_gmt":"2024-06-28T05:14:49","guid":{"rendered":"https:\/\/kibrisdakik.com\/index.php\/2024\/06\/28\/camlibel-gecitkoy-karsiyaka-yol-guzergahinda-temizlik-calismalari\/"},"modified":"2024-06-28T05:14:49","modified_gmt":"2024-06-28T05:14:49","slug":"camlibel-gecitkoy-karsiyaka-yol-guzergahinda-temizlik-calismalari","status":"publish","type":"post","link":"https:\/\/kibrisdakik.com\/?p=47678","title":{"rendered":"\u00c7aml\u0131bel- Ge\u00e7itk\u00f6y- Kar\u015f\u0131yaka yol g\u00fczergah\u0131nda temizlik \u00e7al\u0131\u015fmalar\u0131&#8230;"},"content":{"rendered":"<p><\/p>\n<p><span style=\"font-size:11pt\"><span style=\"font-family:Arial,sans-serif\"><strong><span style=\"font-size:12.0pt\"><span style=\",serif\">Yaz mevsiminin gelmesiyle, yang\u0131n riski alt\u0131nda bulunan b\u00f6lgemizde, \u00c7aml\u0131bel-Kar\u015f\u0131yaka g\u00fczergah\u0131 aras\u0131ndaki 10 km\u2019lik alan Lapta, \u00c7aml\u0131bel ve Alsancak&#8217;\u0131n t\u00fcm temizlik ekipleri, i\u015f makineleri ile temizlenmeye ba\u015fland\u0131. Bu yolu kullanan s\u00fcr\u00fcc\u00fclerin trafik i\u015faret ve i\u015faret\u00e7ilerine uyarak, dikkatli ve yava\u015f s\u00fcr\u00fc\u015f yapmalar\u0131n\u0131 \u00f6nem arz etmektedir.<\/span><\/span><\/strong><\/span><\/span><\/p>\n<p><img decoding=\"async\" alt=\"\" src=\"https:\/\/www.kibristurk.com\/images\/detay\/WhatsApp%20Image%202024-06-27%20at%2016_28_03.jpeg\" style=\"height:800px;width:600px\" \/><\/p>\n<p><span style=\"font-size:11pt\"><span style=\"font-family:Arial,sans-serif\"><strong><span style=\"font-size:12.0pt\"><span style=\",serif\">Ba\u015fkan F\u0131rat Ataser ise yapt\u0131\u011f\u0131 a\u00e7\u0131klamada; yang\u0131n riskine kar\u015f\u0131 yol kenarlar\u0131na her y\u0131l oldu\u011fu gibi bu y\u0131l da ba\u015flam\u0131\u015f olup, bu yolu kullanan t\u00fcm s\u00fcr\u00fcc\u00fclerin duyarl\u0131 olmalar\u0131n\u0131, arabalardan d\u0131\u015far\u0131 \u00e7\u00f6p ve sigara izmariti atmamalar\u0131n\u0131 dileyerek, b\u00f6ylesi s\u0131cak g\u00fcnde katk\u0131 koyan t\u00fcm personele te\u015fekk\u00fcr ederim\u2019 dedi<\/span><\/span><\/strong><\/span><\/span><\/p>\n<p><span style=\"font-size:11pt\"><span style=\"font-family:Arial,sans-serif\"><strong><span style=\"font-size:12.0pt\"><span style=\",serif\"><img decoding=\"async\" alt=\"\" src=\"https:\/\/www.kibristurk.com\/images\/detay\/WhatsApp%20Image%202024-06-27%20at%2016_28_03%20(1).jpeg\" style=\"height:800px;width:600px\" \/><\/span><\/span><\/strong><\/span><\/span><\/p>\n","protected":false},"excerpt":{"rendered":"<p>Yaz mevsiminin gelmesiyle, yang\u0131n riski alt\u0131nda bulunan b\u00f6lgemizde, \u00c7aml\u0131bel-Kar\u015f\u0131yaka g\u00fczergah\u0131 aras\u0131ndaki 10 km\u2019lik alan Lapta, \u00c7aml\u0131bel ve Alsancak&#8217;\u0131n t\u00fcm temizlik ekipleri, i\u015f makineleri ile temizlenmeye ba\u015fland\u0131. Bu yolu kullanan s\u00fcr\u00fcc\u00fclerin trafik i\u015faret ve i\u015faret\u00e7ilerine uyarak, dikkatli ve yava\u015f s\u00fcr\u00fc\u015f yapmalar\u0131n\u0131 \u00f6nem arz etmektedir. Ba\u015fkan F\u0131rat Ataser ise yapt\u0131\u011f\u0131 a\u00e7\u0131klamada; yang\u0131n riskine kar\u015f\u0131 yol kenarlar\u0131na her<\/p>\n","protected":false},"author":1,"featured_media":47679,"comment_status":"open","ping_status":"open","sticky":false,"template":"","format":"standard","meta":{"footnotes":""},"categories":[85],"tags":[],"class_list":["post-47678","post","type-post","status-publish","format-standard","has-post-thumbnail","hentry","category-spor"],"yoast_head":"<!-- This site is optimized with the Yoast SEO plugin v27.4 - https:\/\/yoast.com\/product\/yoast-seo-wordpress\/ -->\n<title>\u00c7aml\u0131bel- Ge\u00e7itk\u00f6y- Kar\u015f\u0131yaka yol g\u00fczergah\u0131nda temizlik \u00e7al\u0131\u015fmalar\u0131... -<\/title>\n<meta name=\"robots\" content=\"index, follow, max-snippet:-1, max-image-preview:large, max-video-preview:-1\" \/>\n<link rel=\"canonical\" href=\"https:\/\/kibrisdakik.com\/?p=47678\" \/>\n<meta property=\"og:locale\" content=\"tr_TR\" \/>\n<meta property=\"og:type\" content=\"article\" \/>\n<meta property=\"og:title\" content=\"\u00c7aml\u0131bel- Ge\u00e7itk\u00f6y- Kar\u015f\u0131yaka yol g\u00fczergah\u0131nda temizlik \u00e7al\u0131\u015fmalar\u0131... -\" \/>\n<meta property=\"og:description\" content=\"Yaz mevsiminin gelmesiyle, yang\u0131n riski alt\u0131nda bulunan b\u00f6lgemizde, \u00c7aml\u0131bel-Kar\u015f\u0131yaka g\u00fczergah\u0131 aras\u0131ndaki 10 km\u2019lik alan Lapta, \u00c7aml\u0131bel ve Alsancak&#8217;\u0131n t\u00fcm temizlik ekipleri, i\u015f makineleri ile temizlenmeye ba\u015fland\u0131. Bu yolu kullanan s\u00fcr\u00fcc\u00fclerin trafik i\u015faret ve i\u015faret\u00e7ilerine uyarak, dikkatli ve yava\u015f s\u00fcr\u00fc\u015f yapmalar\u0131n\u0131 \u00f6nem arz etmektedir. Ba\u015fkan F\u0131rat Ataser ise yapt\u0131\u011f\u0131 a\u00e7\u0131klamada; yang\u0131n riskine kar\u015f\u0131 yol kenarlar\u0131na her\" \/>\n<meta property=\"og:url\" content=\"https:\/\/kibrisdakik.com\/?p=47678\" \/>\n<meta property=\"article:published_time\" content=\"2024-06-28T05:14:49+00:00\" \/>\n<meta property=\"og:image\" content=\"https:\/\/kibrisdakik.com\/wp-content\/uploads\/2024\/06\/WhatsApp20Image202024-06-2720at2016_28_03-600x420.jpeg\" \/>\n\t<meta property=\"og:image:width\" content=\"600\" \/>\n\t<meta property=\"og:image:height\" content=\"800\" \/>\n\t<meta property=\"og:image:type\" content=\"image\/jpeg\" \/>\n<meta name=\"author\" content=\"admin\" \/>\n<meta name=\"twitter:card\" content=\"summary_large_image\" \/>\n<meta name=\"twitter:label1\" content=\"Yazan:\" \/>\n\t<meta name=\"twitter:data1\" content=\"admin\" \/>\n\t<meta name=\"twitter:label2\" content=\"Tahmini okuma s\u00fcresi\" \/>\n\t<meta name=\"twitter:data2\" content=\"1 dakika\" \/>\n<script type=\"application\/ld+json\" class=\"yoast-schema-graph\">{\"@context\":\"https:\\\/\\\/schema.org\",\"@graph\":[{\"@type\":\"Article\",\"@id\":\"https:\\\/\\\/kibrisdakik.com\\\/?p=47678#article\",\"isPartOf\":{\"@id\":\"https:\\\/\\\/kibrisdakik.com\\\/?p=47678\"},\"author\":{\"name\":\"admin\",\"@id\":\"https:\\\/\\\/kibrisdakik.com\\\/#\\\/schema\\\/person\\\/9cd9d437bbb44f72b73ba127e06d8e79\"},\"headline\":\"\u00c7aml\u0131bel- Ge\u00e7itk\u00f6y- Kar\u015f\u0131yaka yol g\u00fczergah\u0131nda temizlik \u00e7al\u0131\u015fmalar\u0131&#8230;\",\"datePublished\":\"2024-06-28T05:14:49+00:00\",\"mainEntityOfPage\":{\"@id\":\"https:\\\/\\\/kibrisdakik.com\\\/?p=47678\"},\"wordCount\":143,\"commentCount\":0,\"image\":{\"@id\":\"https:\\\/\\\/kibrisdakik.com\\\/?p=47678#primaryimage\"},\"thumbnailUrl\":\"https:\\\/\\\/kibrisdakik.com\\\/wp-content\\\/uploads\\\/2024\\\/06\\\/WhatsApp20Image202024-06-2720at2016_28_03-600x420.jpeg\",\"articleSection\":[\"Spor\"],\"inLanguage\":\"tr\",\"potentialAction\":[{\"@type\":\"CommentAction\",\"name\":\"Comment\",\"target\":[\"https:\\\/\\\/kibrisdakik.com\\\/?p=47678#respond\"]}]},{\"@type\":\"WebPage\",\"@id\":\"https:\\\/\\\/kibrisdakik.com\\\/?p=47678\",\"url\":\"https:\\\/\\\/kibrisdakik.com\\\/?p=47678\",\"name\":\"\u00c7aml\u0131bel- Ge\u00e7itk\u00f6y- Kar\u015f\u0131yaka yol g\u00fczergah\u0131nda temizlik \u00e7al\u0131\u015fmalar\u0131... -\",\"isPartOf\":{\"@id\":\"https:\\\/\\\/kibrisdakik.com\\\/#website\"},\"primaryImageOfPage\":{\"@id\":\"https:\\\/\\\/kibrisdakik.com\\\/?p=47678#primaryimage\"},\"image\":{\"@id\":\"https:\\\/\\\/kibrisdakik.com\\\/?p=47678#primaryimage\"},\"thumbnailUrl\":\"https:\\\/\\\/kibrisdakik.com\\\/wp-content\\\/uploads\\\/2024\\\/06\\\/WhatsApp20Image202024-06-2720at2016_28_03-600x420.jpeg\",\"datePublished\":\"2024-06-28T05:14:49+00:00\",\"author\":{\"@id\":\"https:\\\/\\\/kibrisdakik.com\\\/#\\\/schema\\\/person\\\/9cd9d437bbb44f72b73ba127e06d8e79\"},\"breadcrumb\":{\"@id\":\"https:\\\/\\\/kibrisdakik.com\\\/?p=47678#breadcrumb\"},\"inLanguage\":\"tr\",\"potentialAction\":[{\"@type\":\"ReadAction\",\"target\":[\"https:\\\/\\\/kibrisdakik.com\\\/?p=47678\"]}]},{\"@type\":\"ImageObject\",\"inLanguage\":\"tr\",\"@id\":\"https:\\\/\\\/kibrisdakik.com\\\/?p=47678#primaryimage\",\"url\":\"https:\\\/\\\/kibrisdakik.com\\\/wp-content\\\/uploads\\\/2024\\\/06\\\/WhatsApp20Image202024-06-2720at2016_28_03-600x420.jpeg\",\"contentUrl\":\"https:\\\/\\\/kibrisdakik.com\\\/wp-content\\\/uploads\\\/2024\\\/06\\\/WhatsApp20Image202024-06-2720at2016_28_03-600x420.jpeg\",\"width\":600,\"height\":800},{\"@type\":\"BreadcrumbList\",\"@id\":\"https:\\\/\\\/kibrisdakik.com\\\/?p=47678#breadcrumb\",\"itemListElement\":[{\"@type\":\"ListItem\",\"position\":1,\"name\":\"Home\",\"item\":\"https:\\\/\\\/kibrisdakik.com\\\/\"},{\"@type\":\"ListItem\",\"position\":2,\"name\":\"\u00c7aml\u0131bel- Ge\u00e7itk\u00f6y- Kar\u015f\u0131yaka yol g\u00fczergah\u0131nda temizlik \u00e7al\u0131\u015fmalar\u0131&#8230;\"}]},{\"@type\":\"WebSite\",\"@id\":\"https:\\\/\\\/kibrisdakik.com\\\/#website\",\"url\":\"https:\\\/\\\/kibrisdakik.com\\\/\",\"name\":\"\",\"description\":\"Tam vaktinde haber\",\"potentialAction\":[{\"@type\":\"SearchAction\",\"target\":{\"@type\":\"EntryPoint\",\"urlTemplate\":\"https:\\\/\\\/kibrisdakik.com\\\/?s={search_term_string}\"},\"query-input\":{\"@type\":\"PropertyValueSpecification\",\"valueRequired\":true,\"valueName\":\"search_term_string\"}}],\"inLanguage\":\"tr\"},{\"@type\":\"Person\",\"@id\":\"https:\\\/\\\/kibrisdakik.com\\\/#\\\/schema\\\/person\\\/9cd9d437bbb44f72b73ba127e06d8e79\",\"name\":\"admin\",\"image\":{\"@type\":\"ImageObject\",\"inLanguage\":\"tr\",\"@id\":\"https:\\\/\\\/secure.gravatar.com\\\/avatar\\\/ccc17943b9d660506c869530f897617f7cb1c21a4bf30023f252596d83e1f007?s=96&d=mm&r=g\",\"url\":\"https:\\\/\\\/secure.gravatar.com\\\/avatar\\\/ccc17943b9d660506c869530f897617f7cb1c21a4bf30023f252596d83e1f007?s=96&d=mm&r=g\",\"contentUrl\":\"https:\\\/\\\/secure.gravatar.com\\\/avatar\\\/ccc17943b9d660506c869530f897617f7cb1c21a4bf30023f252596d83e1f007?s=96&d=mm&r=g\",\"caption\":\"admin\"},\"sameAs\":[\"https:\\\/\\\/kibrisdakik.com\"],\"url\":\"https:\\\/\\\/kibrisdakik.com\\\/?author=1\"}]}<\/script>\n<!-- \/ Yoast SEO plugin. -->","yoast_head_json":{"title":"\u00c7aml\u0131bel- Ge\u00e7itk\u00f6y- Kar\u015f\u0131yaka yol g\u00fczergah\u0131nda temizlik \u00e7al\u0131\u015fmalar\u0131... -","robots":{"index":"index","follow":"follow","max-snippet":"max-snippet:-1","max-image-preview":"max-image-preview:large","max-video-preview":"max-video-preview:-1"},"canonical":"https:\/\/kibrisdakik.com\/?p=47678","og_locale":"tr_TR","og_type":"article","og_title":"\u00c7aml\u0131bel- Ge\u00e7itk\u00f6y- Kar\u015f\u0131yaka yol g\u00fczergah\u0131nda temizlik \u00e7al\u0131\u015fmalar\u0131... -","og_description":"Yaz mevsiminin gelmesiyle, yang\u0131n riski alt\u0131nda bulunan b\u00f6lgemizde, \u00c7aml\u0131bel-Kar\u015f\u0131yaka g\u00fczergah\u0131 aras\u0131ndaki 10 km\u2019lik alan Lapta, \u00c7aml\u0131bel ve Alsancak&#8217;\u0131n t\u00fcm temizlik ekipleri, i\u015f makineleri ile temizlenmeye ba\u015fland\u0131. Bu yolu kullanan s\u00fcr\u00fcc\u00fclerin trafik i\u015faret ve i\u015faret\u00e7ilerine uyarak, dikkatli ve yava\u015f s\u00fcr\u00fc\u015f yapmalar\u0131n\u0131 \u00f6nem arz etmektedir. Ba\u015fkan F\u0131rat Ataser ise yapt\u0131\u011f\u0131 a\u00e7\u0131klamada; yang\u0131n riskine kar\u015f\u0131 yol kenarlar\u0131na her","og_url":"https:\/\/kibrisdakik.com\/?p=47678","article_published_time":"2024-06-28T05:14:49+00:00","og_image":[{"width":600,"height":800,"url":"https:\/\/kibrisdakik.com\/wp-content\/uploads\/2024\/06\/WhatsApp20Image202024-06-2720at2016_28_03-600x420.jpeg","type":"image\/jpeg"}],"author":"admin","twitter_card":"summary_large_image","twitter_misc":{"Yazan:":"admin","Tahmini okuma s\u00fcresi":"1 dakika"},"schema":{"@context":"https:\/\/schema.org","@graph":[{"@type":"Article","@id":"https:\/\/kibrisdakik.com\/?p=47678#article","isPartOf":{"@id":"https:\/\/kibrisdakik.com\/?p=47678"},"author":{"name":"admin","@id":"https:\/\/kibrisdakik.com\/#\/schema\/person\/9cd9d437bbb44f72b73ba127e06d8e79"},"headline":"\u00c7aml\u0131bel- Ge\u00e7itk\u00f6y- Kar\u015f\u0131yaka yol g\u00fczergah\u0131nda temizlik \u00e7al\u0131\u015fmalar\u0131&#8230;","datePublished":"2024-06-28T05:14:49+00:00","mainEntityOfPage":{"@id":"https:\/\/kibrisdakik.com\/?p=47678"},"wordCount":143,"commentCount":0,"image":{"@id":"https:\/\/kibrisdakik.com\/?p=47678#primaryimage"},"thumbnailUrl":"https:\/\/kibrisdakik.com\/wp-content\/uploads\/2024\/06\/WhatsApp20Image202024-06-2720at2016_28_03-600x420.jpeg","articleSection":["Spor"],"inLanguage":"tr","potentialAction":[{"@type":"CommentAction","name":"Comment","target":["https:\/\/kibrisdakik.com\/?p=47678#respond"]}]},{"@type":"WebPage","@id":"https:\/\/kibrisdakik.com\/?p=47678","url":"https:\/\/kibrisdakik.com\/?p=47678","name":"\u00c7aml\u0131bel- Ge\u00e7itk\u00f6y- Kar\u015f\u0131yaka yol g\u00fczergah\u0131nda temizlik \u00e7al\u0131\u015fmalar\u0131... -","isPartOf":{"@id":"https:\/\/kibrisdakik.com\/#website"},"primaryImageOfPage":{"@id":"https:\/\/kibrisdakik.com\/?p=47678#primaryimage"},"image":{"@id":"https:\/\/kibrisdakik.com\/?p=47678#primaryimage"},"thumbnailUrl":"https:\/\/kibrisdakik.com\/wp-content\/uploads\/2024\/06\/WhatsApp20Image202024-06-2720at2016_28_03-600x420.jpeg","datePublished":"2024-06-28T05:14:49+00:00","author":{"@id":"https:\/\/kibrisdakik.com\/#\/schema\/person\/9cd9d437bbb44f72b73ba127e06d8e79"},"breadcrumb":{"@id":"https:\/\/kibrisdakik.com\/?p=47678#breadcrumb"},"inLanguage":"tr","potentialAction":[{"@type":"ReadAction","target":["https:\/\/kibrisdakik.com\/?p=47678"]}]},{"@type":"ImageObject","inLanguage":"tr","@id":"https:\/\/kibrisdakik.com\/?p=47678#primaryimage","url":"https:\/\/kibrisdakik.com\/wp-content\/uploads\/2024\/06\/WhatsApp20Image202024-06-2720at2016_28_03-600x420.jpeg","contentUrl":"https:\/\/kibrisdakik.com\/wp-content\/uploads\/2024\/06\/WhatsApp20Image202024-06-2720at2016_28_03-600x420.jpeg","width":600,"height":800},{"@type":"BreadcrumbList","@id":"https:\/\/kibrisdakik.com\/?p=47678#breadcrumb","itemListElement":[{"@type":"ListItem","position":1,"name":"Home","item":"https:\/\/kibrisdakik.com\/"},{"@type":"ListItem","position":2,"name":"\u00c7aml\u0131bel- Ge\u00e7itk\u00f6y- Kar\u015f\u0131yaka yol g\u00fczergah\u0131nda temizlik \u00e7al\u0131\u015fmalar\u0131&#8230;"}]},{"@type":"WebSite","@id":"https:\/\/kibrisdakik.com\/#website","url":"https:\/\/kibrisdakik.com\/","name":"","description":"Tam vaktinde haber","potentialAction":[{"@type":"SearchAction","target":{"@type":"EntryPoint","urlTemplate":"https:\/\/kibrisdakik.com\/?s={search_term_string}"},"query-input":{"@type":"PropertyValueSpecification","valueRequired":true,"valueName":"search_term_string"}}],"inLanguage":"tr"},{"@type":"Person","@id":"https:\/\/kibrisdakik.com\/#\/schema\/person\/9cd9d437bbb44f72b73ba127e06d8e79","name":"admin","image":{"@type":"ImageObject","inLanguage":"tr","@id":"https:\/\/secure.gravatar.com\/avatar\/ccc17943b9d660506c869530f897617f7cb1c21a4bf30023f252596d83e1f007?s=96&d=mm&r=g","url":"https:\/\/secure.gravatar.com\/avatar\/ccc17943b9d660506c869530f897617f7cb1c21a4bf30023f252596d83e1f007?s=96&d=mm&r=g","contentUrl":"https:\/\/secure.gravatar.com\/avatar\/ccc17943b9d660506c869530f897617f7cb1c21a4bf30023f252596d83e1f007?s=96&d=mm&r=g","caption":"admin"},"sameAs":["https:\/\/kibrisdakik.com"],"url":"https:\/\/kibrisdakik.com\/?author=1"}]}},"_links":{"self":[{"href":"https:\/\/kibrisdakik.com\/index.php?rest_route=\/wp\/v2\/posts\/47678","targetHints":{"allow":["GET"]}}],"collection":[{"href":"https:\/\/kibrisdakik.com\/index.php?rest_route=\/wp\/v2\/posts"}],"about":[{"href":"https:\/\/kibrisdakik.com\/index.php?rest_route=\/wp\/v2\/types\/post"}],"author":[{"embeddable":true,"href":"https:\/\/kibrisdakik.com\/index.php?rest_route=\/wp\/v2\/users\/1"}],"replies":[{"embeddable":true,"href":"https:\/\/kibrisdakik.com\/index.php?rest_route=%2Fwp%2Fv2%2Fcomments&post=47678"}],"version-history":[{"count":0,"href":"https:\/\/kibrisdakik.com\/index.php?rest_route=\/wp\/v2\/posts\/47678\/revisions"}],"wp:featuredmedia":[{"embeddable":true,"href":"https:\/\/kibrisdakik.com\/index.php?rest_route=\/wp\/v2\/media\/47679"}],"wp:attachment":[{"href":"https:\/\/kibrisdakik.com\/index.php?rest_route=%2Fwp%2Fv2%2Fmedia&parent=47678"}],"wp:term":[{"taxonomy":"category","embeddable":true,"href":"https:\/\/kibrisdakik.com\/index.php?rest_route=%2Fwp%2Fv2%2Fcategories&post=47678"},{"taxonomy":"post_tag","embeddable":true,"href":"https:\/\/kibrisdakik.com\/index.php?rest_route=%2Fwp%2Fv2%2Ftags&post=47678"}],"curies":[{"name":"wp","href":"https:\/\/api.w.org\/{rel}","templated":true}]}}